{"id":206836,"date":"2023-06-24T08:45:00","date_gmt":"2023-06-24T08:45:00","guid":{"rendered":"https:\/\/www.webdo.tn\/fr\/blog\/ooredoo-et-l-etoile-du-sahel-nouent-un-partenariat-strategique\/206836\/"},"modified":"2025-05-20T22:09:26","modified_gmt":"2025-05-20T22:09:26","slug":"ooredoo-et-l-etoile-du-sahel-nouent-un-partenariat-strategique","status":"publish","type":"post","link":"https:\/\/www.webdo.tn\/fr\/actualite\/sport\/ooredoo-et-l-etoile-du-sahel-nouent-un-partenariat-strategique\/206836\/","title":{"rendered":"Ooredoo et l\u2019Etoile du Sahel nouent un partenariat strat\u00e9gique"},"content":{"rendered":"<p>Ooredoo Tunisie poursuit son soutien ind\u00e9fectible au sport en Tunisie en annon\u00e7ant un nouveau partenariat avec l&rsquo;un des piliers du sport en Tunisie et en Afrique, l\u2019Etoile Sportive du Sahel.<\/p>\n<p>\t\t\t\t\t\t\t\t\tAvec de nouvelles id\u00e9es et un nouveau regard, Ooredoo Tunisie a sign\u00e9, ce vendredi 23 juin 2023, lors d&rsquo;une conf\u00e9rence de presse, tenue en son si\u00e8ge, un nouveau contrat de partenariat avec l&rsquo;un des plus prestigieux clubs tunisiens, l&rsquo;Etoile Sportive du\u00a0 Sahel.<\/p>\n<p>Le partenariat a \u00e9t\u00e9 officialis\u00e9 en pr\u00e9sence de M. Mansoor Rashid Al- Khater, Directeur G\u00e9n\u00e9ral de Ooredoo Tunisie, et de M. Othman Jenayah, pr\u00e9sident de l\u2019Etoile Sportive du Sahel, ainsi qu\u2019en pr\u00e9sence de plusieurs hauts responsables de l\u2019ESS et un grand nombre de journalistes.<\/p>\n<p>Ce partenariat sonne comme le premier pas d\u2019un parcours strat\u00e9gique commun entre Ooredoo et l&rsquo;Etoile du Sahel, qui comporte de nombreux volets pour accompagner ce club sur plusieurs niveaux, en ad\u00e9quation avec les objectifs et les aspirations du club \u00e9toil\u00e9.<\/p>\n<p>Dans ce contexte, M. Mansoor Rashid Al-Khater, Directeur G\u00e9n\u00e9ral de Ooredoo Tunisie, a d\u00e9clar\u00e9: \u00ab\u00a0Nous sommes tr\u00e8s fiers et heureux de ce partenariat qui s&rsquo;inscrit dans le cadre d&rsquo;un projet sportif, \u00e9conomique et technologique global, en accord avec notre strat\u00e9gie sportive et qui repr\u00e9sente une continuation des pr\u00e9c\u00e9dents partenariats entre Ooredoo et divers autres clubs sportifs multidisciplinaires et le Comit\u00e9 national olympique tunisien, ainsi que notre organisation d&rsquo;\u00e9v\u00e9nements sportifs vari\u00e9s. Nous serons toujours pr\u00e9sents avec d&rsquo;autres initiatives qui apporterons bonheur et joie dans les c\u0153urs de tous les Tunisiens et Tunisiennes\u00a0\u00bb.<\/p>\n<p>Lors de cette occasion, Ooredoo a tenu \u00e0 rendre hommage \u00e0 Othman Jenayah, pr\u00e9sident de l&rsquo;ES Sahel, en reconnaissance de sa grande carri\u00e8re et des efforts d\u00e9ploy\u00e9s en sa qualit\u00e9 de pr\u00e9sident de l&rsquo;ESS, mais aussi pour son abondante contribution au soutien du sport en Tunisie.<\/p>\n<p>De son c\u00f4t\u00e9, M. Othman Jenayah a d\u00e9clar\u00e9 : \u00ab\u00a0Je tiens \u00e0 remercier Ooredoo, notre partenaire, pour sa confiance et son plein soutien au sport tunisien, je tiens aussi \u00e0 souligner l&rsquo;importance de cet accord, qui va permettre d\u2019assurer la p\u00e9rennit\u00e9 financi\u00e8re et morale du club\u00a0\u00bb.<\/p>\n","protected":false},"excerpt":{"rendered":"<p>Ooredoo Tunisie poursuit son soutien ind\u00e9fectible au sport en Tunisie en annon\u00e7ant un nouveau partenariat avec l&rsquo;un des piliers du sport en Tunisie et en Afriqu&#8230;<\/p>\n","protected":false},"author":3162,"featured_media":278380,"comment_status":"open","ping_status":"closed","sticky":false,"template":"","format":"standard","meta":{"footnotes":""},"categories":[2593],"tags":[6914,4258,3300],"class_list":["post-206836","post","type-post","status-publish","format-standard","has-post-thumbnail","hentry","category-sport","tag-etoile-du-sahel","tag-ooredoo","tag-partenariat"],"yoast_head":"<!-- This site is optimized with the Yoast SEO Premium plugin v27.5 (Yoast SEO v27.5) - https:\/\/yoast.com\/product\/yoast-seo-premium-wordpress\/ -->\n<title>Ooredoo et l\u2019Etoile du Sahel nouent un partenariat strat\u00e9gique<\/title>\n<meta name=\"description\" content=\"Ooredoo Tunisie poursuit son soutien ind\u00e9fectible au sport en Tunisie en annon\u00e7ant un nouveau partenariat avec l&#039;un des piliers du sport en Tunisie et en Afriqu...\" \/>\n<link rel=\"canonical\" href=\"https:\/\/www.webdo.tn\/fr\/actualite\/sport\/ooredoo-et-l-etoile-du-sahel-nouent-un-partenariat-strategique\/206836\/\" \/>\n<meta property=\"og:locale\" content=\"fr_FR\" \/>\n<meta property=\"og:type\" content=\"article\" \/>\n<meta property=\"og:title\" content=\"Ooredoo et l\u2019Etoile du Sahel nouent un partenariat strat\u00e9gique\" \/>\n<meta property=\"og:description\" content=\"Ooredoo Tunisie poursuit son soutien ind\u00e9fectible au sport en Tunisie en annon\u00e7ant un nouveau partenariat avec l&#039;un des piliers du sport en Tunisie et en Afriqu...\" \/>\n<meta property=\"og:url\" content=\"https:\/\/www.webdo.tn\/fr\/actualite\/sport\/ooredoo-et-l-etoile-du-sahel-nouent-un-partenariat-strategique\/206836\/\" \/>\n<meta property=\"og:site_name\" content=\"webdo\" \/>\n<meta property=\"article:publisher\" content=\"https:\/\/www.facebook.com\/webdotn\" \/>\n<meta property=\"article:published_time\" content=\"2023-06-24T08:45:00+00:00\" \/>\n<meta property=\"article:modified_time\" content=\"2025-05-20T22:09:26+00:00\" \/>\n<meta property=\"og:image\" content=\"https:\/\/www.webdo.tn\/fr\/wp-content\/uploads\/2023\/06\/f38ab122fa25dc3d5d833ea7a3af5071.jpg\" \/>\n\t<meta property=\"og:image:width\" content=\"750\" \/>\n\t<meta property=\"og:image:height\" content=\"400\" \/>\n\t<meta property=\"og:image:type\" content=\"image\/jpeg\" \/>\n<meta name=\"author\" content=\"MC\" \/>\n<meta name=\"twitter:card\" content=\"summary_large_image\" \/>\n<meta name=\"twitter:creator\" content=\"@webdo_tn\" \/>\n<meta name=\"twitter:site\" content=\"@webdo_tn\" \/>\n<meta name=\"twitter:label1\" content=\"\u00c9crit par\" \/>\n\t<meta name=\"twitter:data1\" content=\"MC\" \/>\n\t<meta name=\"twitter:label2\" content=\"Dur\u00e9e de lecture estim\u00e9e\" \/>\n\t<meta name=\"twitter:data2\" content=\"2 minutes\" \/>\n<script type=\"application\/ld+json\" class=\"yoast-schema-graph\">{\"@context\":\"https:\\\/\\\/schema.org\",\"@graph\":[{\"@type\":\"NewsArticle\",\"@id\":\"https:\\\/\\\/www.webdo.tn\\\/fr\\\/actualite\\\/sport\\\/ooredoo-et-l-etoile-du-sahel-nouent-un-partenariat-strategique\\\/206836\\\/#article\",\"isPartOf\":{\"@id\":\"https:\\\/\\\/www.webdo.tn\\\/fr\\\/actualite\\\/sport\\\/ooredoo-et-l-etoile-du-sahel-nouent-un-partenariat-strategique\\\/206836\\\/\"},\"author\":{\"name\":\"MC\",\"@id\":\"https:\\\/\\\/www.webdo.tn\\\/fr\\\/#\\\/schema\\\/person\\\/2c4929cbf5a809e3bd38617c6ce150f6\"},\"headline\":\"Ooredoo et l\u2019Etoile du Sahel nouent un partenariat strat\u00e9gique\",\"datePublished\":\"2023-06-24T08:45:00+00:00\",\"dateModified\":\"2025-05-20T22:09:26+00:00\",\"mainEntityOfPage\":{\"@id\":\"https:\\\/\\\/www.webdo.tn\\\/fr\\\/actualite\\\/sport\\\/ooredoo-et-l-etoile-du-sahel-nouent-un-partenariat-strategique\\\/206836\\\/\"},\"wordCount\":394,\"commentCount\":0,\"publisher\":{\"@id\":\"https:\\\/\\\/www.webdo.tn\\\/fr\\\/#organization\"},\"image\":{\"@id\":\"https:\\\/\\\/www.webdo.tn\\\/fr\\\/actualite\\\/sport\\\/ooredoo-et-l-etoile-du-sahel-nouent-un-partenariat-strategique\\\/206836\\\/#primaryimage\"},\"thumbnailUrl\":\"https:\\\/\\\/www.webdo.tn\\\/fr\\\/wp-content\\\/uploads\\\/2023\\\/06\\\/f38ab122fa25dc3d5d833ea7a3af5071.jpg\",\"keywords\":[\"\u00e9toile du sahel\",\"ooredoo\",\"partenariat\"],\"articleSection\":[\"Sport\"],\"inLanguage\":\"fr-FR\"},{\"@type\":\"WebPage\",\"@id\":\"https:\\\/\\\/www.webdo.tn\\\/fr\\\/actualite\\\/sport\\\/ooredoo-et-l-etoile-du-sahel-nouent-un-partenariat-strategique\\\/206836\\\/\",\"url\":\"https:\\\/\\\/www.webdo.tn\\\/fr\\\/actualite\\\/sport\\\/ooredoo-et-l-etoile-du-sahel-nouent-un-partenariat-strategique\\\/206836\\\/\",\"name\":\"Ooredoo et l\u2019Etoile du Sahel nouent un partenariat strat\u00e9gique\",\"isPartOf\":{\"@id\":\"https:\\\/\\\/www.webdo.tn\\\/fr\\\/#website\"},\"primaryImageOfPage\":{\"@id\":\"https:\\\/\\\/www.webdo.tn\\\/fr\\\/actualite\\\/sport\\\/ooredoo-et-l-etoile-du-sahel-nouent-un-partenariat-strategique\\\/206836\\\/#primaryimage\"},\"image\":{\"@id\":\"https:\\\/\\\/www.webdo.tn\\\/fr\\\/actualite\\\/sport\\\/ooredoo-et-l-etoile-du-sahel-nouent-un-partenariat-strategique\\\/206836\\\/#primaryimage\"},\"thumbnailUrl\":\"https:\\\/\\\/www.webdo.tn\\\/fr\\\/wp-content\\\/uploads\\\/2023\\\/06\\\/f38ab122fa25dc3d5d833ea7a3af5071.jpg\",\"datePublished\":\"2023-06-24T08:45:00+00:00\",\"dateModified\":\"2025-05-20T22:09:26+00:00\",\"description\":\"Ooredoo Tunisie poursuit son soutien ind\u00e9fectible au sport en Tunisie en annon\u00e7ant un nouveau partenariat avec l'un des piliers du sport en Tunisie et en Afriqu...\",\"breadcrumb\":{\"@id\":\"https:\\\/\\\/www.webdo.tn\\\/fr\\\/actualite\\\/sport\\\/ooredoo-et-l-etoile-du-sahel-nouent-un-partenariat-strategique\\\/206836\\\/#breadcrumb\"},\"inLanguage\":\"fr-FR\",\"potentialAction\":[{\"@type\":\"ReadAction\",\"target\":[\"https:\\\/\\\/www.webdo.tn\\\/fr\\\/actualite\\\/sport\\\/ooredoo-et-l-etoile-du-sahel-nouent-un-partenariat-strategique\\\/206836\\\/\"]}]},{\"@type\":\"ImageObject\",\"inLanguage\":\"fr-FR\",\"@id\":\"https:\\\/\\\/www.webdo.tn\\\/fr\\\/actualite\\\/sport\\\/ooredoo-et-l-etoile-du-sahel-nouent-un-partenariat-strategique\\\/206836\\\/#primaryimage\",\"url\":\"https:\\\/\\\/www.webdo.tn\\\/fr\\\/wp-content\\\/uploads\\\/2023\\\/06\\\/f38ab122fa25dc3d5d833ea7a3af5071.jpg\",\"contentUrl\":\"https:\\\/\\\/www.webdo.tn\\\/fr\\\/wp-content\\\/uploads\\\/2023\\\/06\\\/f38ab122fa25dc3d5d833ea7a3af5071.jpg\",\"width\":750,\"height\":400,\"caption\":\"Ooredoo et l\u2019Etoile du Sahel nouent un partenariat strat\u00e9gique\"},{\"@type\":\"BreadcrumbList\",\"@id\":\"https:\\\/\\\/www.webdo.tn\\\/fr\\\/actualite\\\/sport\\\/ooredoo-et-l-etoile-du-sahel-nouent-un-partenariat-strategique\\\/206836\\\/#breadcrumb\",\"itemListElement\":[{\"@type\":\"ListItem\",\"position\":1,\"name\":\"Accueil\",\"item\":\"https:\\\/\\\/www.webdo.tn\\\/fr\\\/\"},{\"@type\":\"ListItem\",\"position\":2,\"name\":\"Ooredoo et l\u2019Etoile du Sahel nouent un partenariat strat\u00e9gique\"}]},{\"@type\":\"WebSite\",\"@id\":\"https:\\\/\\\/www.webdo.tn\\\/fr\\\/#website\",\"url\":\"https:\\\/\\\/www.webdo.tn\\\/fr\\\/\",\"name\":\"webdo\",\"description\":\"Tunisie - News en Tunisie et \u00e0 l&#039;international sur Webdo.tn\",\"publisher\":{\"@id\":\"https:\\\/\\\/www.webdo.tn\\\/fr\\\/#organization\"},\"potentialAction\":[{\"@type\":\"SearchAction\",\"target\":{\"@type\":\"EntryPoint\",\"urlTemplate\":\"https:\\\/\\\/www.webdo.tn\\\/fr\\\/?s={search_term_string}\"},\"query-input\":{\"@type\":\"PropertyValueSpecification\",\"valueRequired\":true,\"valueName\":\"search_term_string\"}}],\"inLanguage\":\"fr-FR\"},{\"@type\":\"Organization\",\"@id\":\"https:\\\/\\\/www.webdo.tn\\\/fr\\\/#organization\",\"name\":\"Webdo\",\"alternateName\":\"Webdo.tn\",\"url\":\"https:\\\/\\\/www.webdo.tn\\\/fr\\\/\",\"logo\":{\"@type\":\"ImageObject\",\"inLanguage\":\"fr-FR\",\"@id\":\"https:\\\/\\\/www.webdo.tn\\\/fr\\\/#\\\/schema\\\/logo\\\/image\\\/\",\"url\":\"https:\\\/\\\/www.webdo.tn\\\/fr\\\/wp-content\\\/uploads\\\/2025\\\/06\\\/Webdo-Tunisie_168377.jpg\",\"contentUrl\":\"https:\\\/\\\/www.webdo.tn\\\/fr\\\/wp-content\\\/uploads\\\/2025\\\/06\\\/Webdo-Tunisie_168377.jpg\",\"width\":301,\"height\":301,\"caption\":\"Webdo\"},\"image\":{\"@id\":\"https:\\\/\\\/www.webdo.tn\\\/fr\\\/#\\\/schema\\\/logo\\\/image\\\/\"},\"sameAs\":[\"https:\\\/\\\/www.facebook.com\\\/webdotn\",\"https:\\\/\\\/x.com\\\/webdo_tn\"],\"description\":\"Webdo est un m\u00e9dia num\u00e9rique tunisien fond\u00e9 en 2010, sp\u00e9cialis\u00e9 dans l\u2019actualit\u00e9 nationale et internationale, l\u2019\u00e9conomie, la soci\u00e9t\u00e9 et les analyses politiques. Le site s\u2019adresse \u00e0 un large public francophone et couvre l\u2019information tunisienne en temps r\u00e9el.\",\"email\":\"redac@webdo.tn\",\"legalName\":\"YNJ SARL\",\"foundingDate\":\"2010-09-06\",\"numberOfEmployees\":{\"@type\":\"QuantitativeValue\",\"minValue\":\"11\",\"maxValue\":\"50\"}},{\"@type\":\"Person\",\"@id\":\"https:\\\/\\\/www.webdo.tn\\\/fr\\\/#\\\/schema\\\/person\\\/2c4929cbf5a809e3bd38617c6ce150f6\",\"name\":\"MC\",\"image\":{\"@type\":\"ImageObject\",\"inLanguage\":\"fr-FR\",\"@id\":\"https:\\\/\\\/secure.gravatar.com\\\/avatar\\\/a545bbb6f84efdd5553dbbc2895e3ca8f1d12c5215e00a041c9670b54aa9b18a?s=96&d=mm&r=g\",\"url\":\"https:\\\/\\\/secure.gravatar.com\\\/avatar\\\/a545bbb6f84efdd5553dbbc2895e3ca8f1d12c5215e00a041c9670b54aa9b18a?s=96&d=mm&r=g\",\"contentUrl\":\"https:\\\/\\\/secure.gravatar.com\\\/avatar\\\/a545bbb6f84efdd5553dbbc2895e3ca8f1d12c5215e00a041c9670b54aa9b18a?s=96&d=mm&r=g\",\"caption\":\"MC\"},\"url\":\"https:\\\/\\\/www.webdo.tn\\\/fr\\\/actualite\\\/author\\\/mc\\\/\"}]}<\/script>\n<!-- \/ Yoast SEO Premium plugin. -->","yoast_head_json":{"title":"Ooredoo et l\u2019Etoile du Sahel nouent un partenariat strat\u00e9gique","description":"Ooredoo Tunisie poursuit son soutien ind\u00e9fectible au sport en Tunisie en annon\u00e7ant un nouveau partenariat avec l'un des piliers du sport en Tunisie et en Afriqu...","canonical":"https:\/\/www.webdo.tn\/fr\/actualite\/sport\/ooredoo-et-l-etoile-du-sahel-nouent-un-partenariat-strategique\/206836\/","og_locale":"fr_FR","og_type":"article","og_title":"Ooredoo et l\u2019Etoile du Sahel nouent un partenariat strat\u00e9gique","og_description":"Ooredoo Tunisie poursuit son soutien ind\u00e9fectible au sport en Tunisie en annon\u00e7ant un nouveau partenariat avec l'un des piliers du sport en Tunisie et en Afriqu...","og_url":"https:\/\/www.webdo.tn\/fr\/actualite\/sport\/ooredoo-et-l-etoile-du-sahel-nouent-un-partenariat-strategique\/206836\/","og_site_name":"webdo","article_publisher":"https:\/\/www.facebook.com\/webdotn","article_published_time":"2023-06-24T08:45:00+00:00","article_modified_time":"2025-05-20T22:09:26+00:00","og_image":[{"width":750,"height":400,"url":"https:\/\/www.webdo.tn\/fr\/wp-content\/uploads\/2023\/06\/f38ab122fa25dc3d5d833ea7a3af5071.jpg","type":"image\/jpeg"}],"author":"MC","twitter_card":"summary_large_image","twitter_creator":"@webdo_tn","twitter_site":"@webdo_tn","twitter_misc":{"\u00c9crit par":"MC","Dur\u00e9e de lecture estim\u00e9e":"2 minutes"},"schema":{"@context":"https:\/\/schema.org","@graph":[{"@type":"NewsArticle","@id":"https:\/\/www.webdo.tn\/fr\/actualite\/sport\/ooredoo-et-l-etoile-du-sahel-nouent-un-partenariat-strategique\/206836\/#article","isPartOf":{"@id":"https:\/\/www.webdo.tn\/fr\/actualite\/sport\/ooredoo-et-l-etoile-du-sahel-nouent-un-partenariat-strategique\/206836\/"},"author":{"name":"MC","@id":"https:\/\/www.webdo.tn\/fr\/#\/schema\/person\/2c4929cbf5a809e3bd38617c6ce150f6"},"headline":"Ooredoo et l\u2019Etoile du Sahel nouent un partenariat strat\u00e9gique","datePublished":"2023-06-24T08:45:00+00:00","dateModified":"2025-05-20T22:09:26+00:00","mainEntityOfPage":{"@id":"https:\/\/www.webdo.tn\/fr\/actualite\/sport\/ooredoo-et-l-etoile-du-sahel-nouent-un-partenariat-strategique\/206836\/"},"wordCount":394,"commentCount":0,"publisher":{"@id":"https:\/\/www.webdo.tn\/fr\/#organization"},"image":{"@id":"https:\/\/www.webdo.tn\/fr\/actualite\/sport\/ooredoo-et-l-etoile-du-sahel-nouent-un-partenariat-strategique\/206836\/#primaryimage"},"thumbnailUrl":"https:\/\/www.webdo.tn\/fr\/wp-content\/uploads\/2023\/06\/f38ab122fa25dc3d5d833ea7a3af5071.jpg","keywords":["\u00e9toile du sahel","ooredoo","partenariat"],"articleSection":["Sport"],"inLanguage":"fr-FR"},{"@type":"WebPage","@id":"https:\/\/www.webdo.tn\/fr\/actualite\/sport\/ooredoo-et-l-etoile-du-sahel-nouent-un-partenariat-strategique\/206836\/","url":"https:\/\/www.webdo.tn\/fr\/actualite\/sport\/ooredoo-et-l-etoile-du-sahel-nouent-un-partenariat-strategique\/206836\/","name":"Ooredoo et l\u2019Etoile du Sahel nouent un partenariat strat\u00e9gique","isPartOf":{"@id":"https:\/\/www.webdo.tn\/fr\/#website"},"primaryImageOfPage":{"@id":"https:\/\/www.webdo.tn\/fr\/actualite\/sport\/ooredoo-et-l-etoile-du-sahel-nouent-un-partenariat-strategique\/206836\/#primaryimage"},"image":{"@id":"https:\/\/www.webdo.tn\/fr\/actualite\/sport\/ooredoo-et-l-etoile-du-sahel-nouent-un-partenariat-strategique\/206836\/#primaryimage"},"thumbnailUrl":"https:\/\/www.webdo.tn\/fr\/wp-content\/uploads\/2023\/06\/f38ab122fa25dc3d5d833ea7a3af5071.jpg","datePublished":"2023-06-24T08:45:00+00:00","dateModified":"2025-05-20T22:09:26+00:00","description":"Ooredoo Tunisie poursuit son soutien ind\u00e9fectible au sport en Tunisie en annon\u00e7ant un nouveau partenariat avec l'un des piliers du sport en Tunisie et en Afriqu...","breadcrumb":{"@id":"https:\/\/www.webdo.tn\/fr\/actualite\/sport\/ooredoo-et-l-etoile-du-sahel-nouent-un-partenariat-strategique\/206836\/#breadcrumb"},"inLanguage":"fr-FR","potentialAction":[{"@type":"ReadAction","target":["https:\/\/www.webdo.tn\/fr\/actualite\/sport\/ooredoo-et-l-etoile-du-sahel-nouent-un-partenariat-strategique\/206836\/"]}]},{"@type":"ImageObject","inLanguage":"fr-FR","@id":"https:\/\/www.webdo.tn\/fr\/actualite\/sport\/ooredoo-et-l-etoile-du-sahel-nouent-un-partenariat-strategique\/206836\/#primaryimage","url":"https:\/\/www.webdo.tn\/fr\/wp-content\/uploads\/2023\/06\/f38ab122fa25dc3d5d833ea7a3af5071.jpg","contentUrl":"https:\/\/www.webdo.tn\/fr\/wp-content\/uploads\/2023\/06\/f38ab122fa25dc3d5d833ea7a3af5071.jpg","width":750,"height":400,"caption":"Ooredoo et l\u2019Etoile du Sahel nouent un partenariat strat\u00e9gique"},{"@type":"BreadcrumbList","@id":"https:\/\/www.webdo.tn\/fr\/actualite\/sport\/ooredoo-et-l-etoile-du-sahel-nouent-un-partenariat-strategique\/206836\/#breadcrumb","itemListElement":[{"@type":"ListItem","position":1,"name":"Accueil","item":"https:\/\/www.webdo.tn\/fr\/"},{"@type":"ListItem","position":2,"name":"Ooredoo et l\u2019Etoile du Sahel nouent un partenariat strat\u00e9gique"}]},{"@type":"WebSite","@id":"https:\/\/www.webdo.tn\/fr\/#website","url":"https:\/\/www.webdo.tn\/fr\/","name":"webdo","description":"Tunisie - News en Tunisie et \u00e0 l&#039;international sur Webdo.tn","publisher":{"@id":"https:\/\/www.webdo.tn\/fr\/#organization"},"potentialAction":[{"@type":"SearchAction","target":{"@type":"EntryPoint","urlTemplate":"https:\/\/www.webdo.tn\/fr\/?s={search_term_string}"},"query-input":{"@type":"PropertyValueSpecification","valueRequired":true,"valueName":"search_term_string"}}],"inLanguage":"fr-FR"},{"@type":"Organization","@id":"https:\/\/www.webdo.tn\/fr\/#organization","name":"Webdo","alternateName":"Webdo.tn","url":"https:\/\/www.webdo.tn\/fr\/","logo":{"@type":"ImageObject","inLanguage":"fr-FR","@id":"https:\/\/www.webdo.tn\/fr\/#\/schema\/logo\/image\/","url":"https:\/\/www.webdo.tn\/fr\/wp-content\/uploads\/2025\/06\/Webdo-Tunisie_168377.jpg","contentUrl":"https:\/\/www.webdo.tn\/fr\/wp-content\/uploads\/2025\/06\/Webdo-Tunisie_168377.jpg","width":301,"height":301,"caption":"Webdo"},"image":{"@id":"https:\/\/www.webdo.tn\/fr\/#\/schema\/logo\/image\/"},"sameAs":["https:\/\/www.facebook.com\/webdotn","https:\/\/x.com\/webdo_tn"],"description":"Webdo est un m\u00e9dia num\u00e9rique tunisien fond\u00e9 en 2010, sp\u00e9cialis\u00e9 dans l\u2019actualit\u00e9 nationale et internationale, l\u2019\u00e9conomie, la soci\u00e9t\u00e9 et les analyses politiques. Le site s\u2019adresse \u00e0 un large public francophone et couvre l\u2019information tunisienne en temps r\u00e9el.","email":"redac@webdo.tn","legalName":"YNJ SARL","foundingDate":"2010-09-06","numberOfEmployees":{"@type":"QuantitativeValue","minValue":"11","maxValue":"50"}},{"@type":"Person","@id":"https:\/\/www.webdo.tn\/fr\/#\/schema\/person\/2c4929cbf5a809e3bd38617c6ce150f6","name":"MC","image":{"@type":"ImageObject","inLanguage":"fr-FR","@id":"https:\/\/secure.gravatar.com\/avatar\/a545bbb6f84efdd5553dbbc2895e3ca8f1d12c5215e00a041c9670b54aa9b18a?s=96&d=mm&r=g","url":"https:\/\/secure.gravatar.com\/avatar\/a545bbb6f84efdd5553dbbc2895e3ca8f1d12c5215e00a041c9670b54aa9b18a?s=96&d=mm&r=g","contentUrl":"https:\/\/secure.gravatar.com\/avatar\/a545bbb6f84efdd5553dbbc2895e3ca8f1d12c5215e00a041c9670b54aa9b18a?s=96&d=mm&r=g","caption":"MC"},"url":"https:\/\/www.webdo.tn\/fr\/actualite\/author\/mc\/"}]}},"_links":{"self":[{"href":"https:\/\/www.webdo.tn\/fr\/wp-json\/wp\/v2\/posts\/206836","targetHints":{"allow":["GET"]}}],"collection":[{"href":"https:\/\/www.webdo.tn\/fr\/wp-json\/wp\/v2\/posts"}],"about":[{"href":"https:\/\/www.webdo.tn\/fr\/wp-json\/wp\/v2\/types\/post"}],"author":[{"embeddable":true,"href":"https:\/\/www.webdo.tn\/fr\/wp-json\/wp\/v2\/users\/3162"}],"replies":[{"embeddable":true,"href":"https:\/\/www.webdo.tn\/fr\/wp-json\/wp\/v2\/comments?post=206836"}],"version-history":[{"count":0,"href":"https:\/\/www.webdo.tn\/fr\/wp-json\/wp\/v2\/posts\/206836\/revisions"}],"wp:featuredmedia":[{"embeddable":true,"href":"https:\/\/www.webdo.tn\/fr\/wp-json\/wp\/v2\/media\/278380"}],"wp:attachment":[{"href":"https:\/\/www.webdo.tn\/fr\/wp-json\/wp\/v2\/media?parent=206836"}],"wp:term":[{"taxonomy":"category","embeddable":true,"href":"https:\/\/www.webdo.tn\/fr\/wp-json\/wp\/v2\/categories?post=206836"},{"taxonomy":"post_tag","embeddable":true,"href":"https:\/\/www.webdo.tn\/fr\/wp-json\/wp\/v2\/tags?post=206836"}],"curies":[{"name":"wp","href":"https:\/\/api.w.org\/{rel}","templated":true}]}}