{"id":206810,"date":"2023-06-23T09:07:00","date_gmt":"2023-06-23T09:07:00","guid":{"rendered":"https:\/\/www.webdo.tn\/fr\/blog\/amelie-de-bourbon-parme-a-la-librairie-mille-feuilles\/206810\/"},"modified":"2023-06-23T09:07:00","modified_gmt":"2023-06-23T09:07:00","slug":"amelie-de-bourbon-parme-a-la-librairie-mille-feuilles","status":"publish","type":"post","link":"https:\/\/www.webdo.tn\/fr\/actualite\/culture\/amelie-de-bourbon-parme-a-la-librairie-mille-feuilles\/206810\/","title":{"rendered":"Am\u00e9lie de Bourbon Parme \u00e0 la librairie Mille Feuilles"},"content":{"rendered":"<p>L&rsquo;\u00e9crivaine fran\u00e7aise Am\u00e9lie de Bourbon Parme sera aujourd&rsquo;hui, vendredi 23 juin \u00e0 18h, l&rsquo;invit\u00e9e de la librairie Mille Feuilles \u00e0 la Marsa.<\/p>\n<p>\t\t\t\t\t\t\t\t\tElle pr\u00e9sentera et d\u00e9dicacera son dernier roman, le premier d&rsquo;une trilogie \u00e0 para\u00eetre, aux \u00e9ditions Gallimard. Am\u00e9lie de Bourbon Parme a \u00e9crit ce roman en Tunisie o\u00f9 elle r\u00e9side actuellement.<\/p>\n<p>Auteure r\u00e9put\u00e9e de romans historiques, Am\u00e9lie de Bourbon Parme vit en effet en Tunisie o\u00f9 elle a \u00e9crit sa derni\u00e8re \u0153uvre, parue aux \u00e9ditions Gallimard, le 8 juin.<\/p>\n<p>Intitul\u00e9 \u00ab\u00a0L&rsquo;ambition\u00a0\u00bb, ce roman est le premier volet de la trilogie \u00ab\u00a0Les trafiquants d&rsquo;\u00e9ternit\u00e9\u00a0\u00bb.<\/p>\n<p>Ce livre de cinq cents pages se lit d&rsquo;une traite, projetant le lecteur dans la Rome du quinzi\u00e8me si\u00e8cle, au c\u0153ur de la Renaissance. Le roman suit les traces d&rsquo;Alessandro Farnese, un jeune aristocrate provincial promis \u00e0 une carri\u00e8re eccl\u00e9siastique.<\/p>\n<p>Entre Florence et Rome, au milieu des intrigues et des conciliabules, le jeune Alessandro parvient \u00e0 s&rsquo;imposer sur fond d&rsquo;une formidable effervescence humaniste, artistique et politique. Parvenu au sommet de l&rsquo;\u00c9glise et de l&rsquo;Europe, il ira vers son destin duquel Am\u00e9lie de Bourbon Parme retrace les m\u00e9andres.<\/p>\n<p>L&rsquo;auteure brosse dans ce premier tome de sa trilogie \u00e0 venir, le portrait romanesque et intime du seul homme d&rsquo;\u00c9glise, fondateur d&rsquo;une dynastie dont elle descend.<\/p>\n<p>Historienne, Am\u00e9lie de Bourbon Parme, dans le respect de la tradition historique, dresse un portrait profond\u00e9ment inspir\u00e9 et restitue le destin \u00e9blouissant de son anc\u00eatre, dans le sillage du fameux roman stendhalien \u00ab\u00a0La Chartreuse de Parme\u00a0\u00bb.<\/p>\n<p>Elle est \u00e9galement l&rsquo;auteure de plusieurs ouvrages dont le premier, paru en 2001 chez Gallimard, est intitul\u00e9 \u00ab\u00a0Le Sacre de Louis XVII\u00a0\u00bb. Avec son roman \u00ab\u00a0Le Secret de l&rsquo;Empereur\u00a0\u00bb, elle a obtenu en 2015, le prix du roman historique de la ville de Blois et \u00e9galement le prix Marguerite Puhl-Demange.<\/p>\n<p>Am\u00e9lie de Bourbon Parme a aussi publi\u00e9 en 2019 aux \u00e9ditions de l&rsquo;Archipel, un ouvrage intitul\u00e9 \u00ab\u00a0\u00c9tonnantes histoires de l&rsquo;histoire de France\u00a0\u00bb.<\/p>\n<p>La rencontre pr\u00e9vue aujourd&rsquo;hui \u00e0 la librairie Mille Feuilles sera l&rsquo;occasion pour Am\u00e9lie de Bourbon Parme de pr\u00e9senter sa d\u00e9marche de romanci\u00e8re tourn\u00e9e vers l&rsquo;histoire, ses relations avec la Tunisie o\u00f9 elle a choisi d&rsquo;\u00e9crire ce dernier roman et ses propres g\u00e9n\u00e9alogies litt\u00e9raires.<\/p>\n","protected":false},"excerpt":{"rendered":"<p>L&rsquo;\u00e9crivaine fran\u00e7aise Am\u00e9lie de Bourbon Parme sera aujourd&rsquo;hui, vendredi 23 juin \u00e0 18h, l&rsquo;invit\u00e9e de la librairie Mille Feuilles \u00e0 la Marsa.<\/p>\n","protected":false},"author":3229,"featured_media":249896,"comment_status":"open","ping_status":"closed","sticky":false,"template":"","format":"standard","meta":{"footnotes":""},"categories":[2594],"tags":[8268,4025],"class_list":["post-206810","post","type-post","status-publish","format-standard","has-post-thumbnail","hentry","category-culture","tag-amelie-de-bourbon-parme","tag-litterature"],"yoast_head":"<!-- This site is optimized with the Yoast SEO Premium plugin v27.5 (Yoast SEO v27.5) - https:\/\/yoast.com\/product\/yoast-seo-premium-wordpress\/ -->\n<title>Am\u00e9lie de Bourbon Parme \u00e0 la librairie Mille Feuilles<\/title>\n<meta name=\"description\" content=\"L&#039;\u00e9crivaine fran\u00e7aise Am\u00e9lie de Bourbon Parme sera aujourd&#039;hui, vendredi 23 juin \u00e0 18h, l&#039;invit\u00e9e de la librairie Mille Feuilles \u00e0 la Marsa.\" \/>\n<link rel=\"canonical\" href=\"https:\/\/www.webdo.tn\/fr\/actualite\/culture\/amelie-de-bourbon-parme-a-la-librairie-mille-feuilles\/206810\/\" \/>\n<meta property=\"og:locale\" content=\"fr_FR\" \/>\n<meta property=\"og:type\" content=\"article\" \/>\n<meta property=\"og:title\" content=\"Am\u00e9lie de Bourbon Parme \u00e0 la librairie Mille Feuilles\" \/>\n<meta property=\"og:description\" content=\"L&#039;\u00e9crivaine fran\u00e7aise Am\u00e9lie de Bourbon Parme sera aujourd&#039;hui, vendredi 23 juin \u00e0 18h, l&#039;invit\u00e9e de la librairie Mille Feuilles \u00e0 la Marsa.\" \/>\n<meta property=\"og:url\" content=\"https:\/\/www.webdo.tn\/fr\/actualite\/culture\/amelie-de-bourbon-parme-a-la-librairie-mille-feuilles\/206810\/\" \/>\n<meta property=\"og:site_name\" content=\"webdo\" \/>\n<meta property=\"article:publisher\" content=\"https:\/\/www.facebook.com\/webdotn\" \/>\n<meta property=\"article:author\" content=\"https:\/\/www.facebook.com\/hatem.bourial.2025\" \/>\n<meta property=\"article:published_time\" content=\"2023-06-23T09:07:00+00:00\" \/>\n<meta property=\"og:image\" content=\"https:\/\/www.webdo.tn\/fr\/wp-content\/uploads\/2023\/06\/63a5a1d6093f5defc2a1cb6665793f70.jpg\" \/>\n\t<meta property=\"og:image:width\" content=\"750\" \/>\n\t<meta property=\"og:image:height\" content=\"400\" \/>\n\t<meta property=\"og:image:type\" content=\"image\/jpeg\" \/>\n<meta name=\"author\" content=\"Hatem Bourial\" \/>\n<meta name=\"twitter:card\" content=\"summary_large_image\" \/>\n<meta name=\"twitter:creator\" content=\"@webdo_tn\" \/>\n<meta name=\"twitter:site\" content=\"@webdo_tn\" \/>\n<meta name=\"twitter:label1\" content=\"\u00c9crit par\" \/>\n\t<meta name=\"twitter:data1\" content=\"Hatem Bourial\" \/>\n\t<meta name=\"twitter:label2\" content=\"Dur\u00e9e de lecture estim\u00e9e\" \/>\n\t<meta name=\"twitter:data2\" content=\"2 minutes\" \/>\n<script type=\"application\/ld+json\" class=\"yoast-schema-graph\">{\"@context\":\"https:\\\/\\\/schema.org\",\"@graph\":[{\"@type\":\"NewsArticle\",\"@id\":\"https:\\\/\\\/www.webdo.tn\\\/fr\\\/actualite\\\/culture\\\/amelie-de-bourbon-parme-a-la-librairie-mille-feuilles\\\/206810\\\/#article\",\"isPartOf\":{\"@id\":\"https:\\\/\\\/www.webdo.tn\\\/fr\\\/actualite\\\/culture\\\/amelie-de-bourbon-parme-a-la-librairie-mille-feuilles\\\/206810\\\/\"},\"author\":{\"name\":\"Hatem Bourial\",\"@id\":\"https:\\\/\\\/www.webdo.tn\\\/fr\\\/#\\\/schema\\\/person\\\/6bc0beba2cd23aec27cb5df85ca2554f\"},\"headline\":\"Am\u00e9lie de Bourbon Parme \u00e0 la librairie Mille Feuilles\",\"datePublished\":\"2023-06-23T09:07:00+00:00\",\"mainEntityOfPage\":{\"@id\":\"https:\\\/\\\/www.webdo.tn\\\/fr\\\/actualite\\\/culture\\\/amelie-de-bourbon-parme-a-la-librairie-mille-feuilles\\\/206810\\\/\"},\"wordCount\":410,\"commentCount\":0,\"publisher\":{\"@id\":\"https:\\\/\\\/www.webdo.tn\\\/fr\\\/#organization\"},\"image\":{\"@id\":\"https:\\\/\\\/www.webdo.tn\\\/fr\\\/actualite\\\/culture\\\/amelie-de-bourbon-parme-a-la-librairie-mille-feuilles\\\/206810\\\/#primaryimage\"},\"thumbnailUrl\":\"https:\\\/\\\/www.webdo.tn\\\/fr\\\/wp-content\\\/uploads\\\/2023\\\/06\\\/63a5a1d6093f5defc2a1cb6665793f70.jpg\",\"keywords\":[\"Am\u00e9lie de Bourbon Parme\",\"litt\u00e9rature\"],\"articleSection\":[\"Culture\"],\"inLanguage\":\"fr-FR\"},{\"@type\":\"WebPage\",\"@id\":\"https:\\\/\\\/www.webdo.tn\\\/fr\\\/actualite\\\/culture\\\/amelie-de-bourbon-parme-a-la-librairie-mille-feuilles\\\/206810\\\/\",\"url\":\"https:\\\/\\\/www.webdo.tn\\\/fr\\\/actualite\\\/culture\\\/amelie-de-bourbon-parme-a-la-librairie-mille-feuilles\\\/206810\\\/\",\"name\":\"Am\u00e9lie de Bourbon Parme \u00e0 la librairie Mille Feuilles\",\"isPartOf\":{\"@id\":\"https:\\\/\\\/www.webdo.tn\\\/fr\\\/#website\"},\"primaryImageOfPage\":{\"@id\":\"https:\\\/\\\/www.webdo.tn\\\/fr\\\/actualite\\\/culture\\\/amelie-de-bourbon-parme-a-la-librairie-mille-feuilles\\\/206810\\\/#primaryimage\"},\"image\":{\"@id\":\"https:\\\/\\\/www.webdo.tn\\\/fr\\\/actualite\\\/culture\\\/amelie-de-bourbon-parme-a-la-librairie-mille-feuilles\\\/206810\\\/#primaryimage\"},\"thumbnailUrl\":\"https:\\\/\\\/www.webdo.tn\\\/fr\\\/wp-content\\\/uploads\\\/2023\\\/06\\\/63a5a1d6093f5defc2a1cb6665793f70.jpg\",\"datePublished\":\"2023-06-23T09:07:00+00:00\",\"description\":\"L'\u00e9crivaine fran\u00e7aise Am\u00e9lie de Bourbon Parme sera aujourd'hui, vendredi 23 juin \u00e0 18h, l'invit\u00e9e de la librairie Mille Feuilles \u00e0 la Marsa.\",\"breadcrumb\":{\"@id\":\"https:\\\/\\\/www.webdo.tn\\\/fr\\\/actualite\\\/culture\\\/amelie-de-bourbon-parme-a-la-librairie-mille-feuilles\\\/206810\\\/#breadcrumb\"},\"inLanguage\":\"fr-FR\",\"potentialAction\":[{\"@type\":\"ReadAction\",\"target\":[\"https:\\\/\\\/www.webdo.tn\\\/fr\\\/actualite\\\/culture\\\/amelie-de-bourbon-parme-a-la-librairie-mille-feuilles\\\/206810\\\/\"]}]},{\"@type\":\"ImageObject\",\"inLanguage\":\"fr-FR\",\"@id\":\"https:\\\/\\\/www.webdo.tn\\\/fr\\\/actualite\\\/culture\\\/amelie-de-bourbon-parme-a-la-librairie-mille-feuilles\\\/206810\\\/#primaryimage\",\"url\":\"https:\\\/\\\/www.webdo.tn\\\/fr\\\/wp-content\\\/uploads\\\/2023\\\/06\\\/63a5a1d6093f5defc2a1cb6665793f70.jpg\",\"contentUrl\":\"https:\\\/\\\/www.webdo.tn\\\/fr\\\/wp-content\\\/uploads\\\/2023\\\/06\\\/63a5a1d6093f5defc2a1cb6665793f70.jpg\",\"width\":750,\"height\":400,\"caption\":\"Am\u00e9lie de Bourbon Parme \u00e0 la librairie Mille Feuilles\"},{\"@type\":\"BreadcrumbList\",\"@id\":\"https:\\\/\\\/www.webdo.tn\\\/fr\\\/actualite\\\/culture\\\/amelie-de-bourbon-parme-a-la-librairie-mille-feuilles\\\/206810\\\/#breadcrumb\",\"itemListElement\":[{\"@type\":\"ListItem\",\"position\":1,\"name\":\"Accueil\",\"item\":\"https:\\\/\\\/www.webdo.tn\\\/fr\\\/\"},{\"@type\":\"ListItem\",\"position\":2,\"name\":\"Am\u00e9lie de Bourbon Parme \u00e0 la librairie Mille Feuilles\"}]},{\"@type\":\"WebSite\",\"@id\":\"https:\\\/\\\/www.webdo.tn\\\/fr\\\/#website\",\"url\":\"https:\\\/\\\/www.webdo.tn\\\/fr\\\/\",\"name\":\"webdo\",\"description\":\"Tunisie - News en Tunisie et \u00e0 l&#039;international sur Webdo.tn\",\"publisher\":{\"@id\":\"https:\\\/\\\/www.webdo.tn\\\/fr\\\/#organization\"},\"potentialAction\":[{\"@type\":\"SearchAction\",\"target\":{\"@type\":\"EntryPoint\",\"urlTemplate\":\"https:\\\/\\\/www.webdo.tn\\\/fr\\\/?s={search_term_string}\"},\"query-input\":{\"@type\":\"PropertyValueSpecification\",\"valueRequired\":true,\"valueName\":\"search_term_string\"}}],\"inLanguage\":\"fr-FR\"},{\"@type\":\"Organization\",\"@id\":\"https:\\\/\\\/www.webdo.tn\\\/fr\\\/#organization\",\"name\":\"Webdo\",\"alternateName\":\"Webdo.tn\",\"url\":\"https:\\\/\\\/www.webdo.tn\\\/fr\\\/\",\"logo\":{\"@type\":\"ImageObject\",\"inLanguage\":\"fr-FR\",\"@id\":\"https:\\\/\\\/www.webdo.tn\\\/fr\\\/#\\\/schema\\\/logo\\\/image\\\/\",\"url\":\"https:\\\/\\\/www.webdo.tn\\\/fr\\\/wp-content\\\/uploads\\\/2025\\\/06\\\/Webdo-Tunisie_168377.jpg\",\"contentUrl\":\"https:\\\/\\\/www.webdo.tn\\\/fr\\\/wp-content\\\/uploads\\\/2025\\\/06\\\/Webdo-Tunisie_168377.jpg\",\"width\":301,\"height\":301,\"caption\":\"Webdo\"},\"image\":{\"@id\":\"https:\\\/\\\/www.webdo.tn\\\/fr\\\/#\\\/schema\\\/logo\\\/image\\\/\"},\"sameAs\":[\"https:\\\/\\\/www.facebook.com\\\/webdotn\",\"https:\\\/\\\/x.com\\\/webdo_tn\"],\"description\":\"Webdo est un m\u00e9dia num\u00e9rique tunisien fond\u00e9 en 2010, sp\u00e9cialis\u00e9 dans l\u2019actualit\u00e9 nationale et internationale, l\u2019\u00e9conomie, la soci\u00e9t\u00e9 et les analyses politiques. Le site s\u2019adresse \u00e0 un large public francophone et couvre l\u2019information tunisienne en temps r\u00e9el.\",\"email\":\"redac@webdo.tn\",\"legalName\":\"YNJ SARL\",\"foundingDate\":\"2010-09-06\",\"numberOfEmployees\":{\"@type\":\"QuantitativeValue\",\"minValue\":\"11\",\"maxValue\":\"50\"}},{\"@type\":\"Person\",\"@id\":\"https:\\\/\\\/www.webdo.tn\\\/fr\\\/#\\\/schema\\\/person\\\/6bc0beba2cd23aec27cb5df85ca2554f\",\"name\":\"Hatem Bourial\",\"image\":{\"@type\":\"ImageObject\",\"inLanguage\":\"fr-FR\",\"@id\":\"https:\\\/\\\/www.webdo.tn\\\/fr\\\/wp-content\\\/uploads\\\/2026\\\/04\\\/hatem-bourial_avatar-96x96.jpg\",\"url\":\"https:\\\/\\\/www.webdo.tn\\\/fr\\\/wp-content\\\/uploads\\\/2026\\\/04\\\/hatem-bourial_avatar-96x96.jpg\",\"contentUrl\":\"https:\\\/\\\/www.webdo.tn\\\/fr\\\/wp-content\\\/uploads\\\/2026\\\/04\\\/hatem-bourial_avatar-96x96.jpg\",\"caption\":\"Hatem Bourial\"},\"description\":\"Hatem Bourial est journaliste, \u00e9crivain et chroniqueur tunisien. Actif depuis plusieurs d\u00e9cennies, il s\u2019est impos\u00e9 comme un observateur attentif de la soci\u00e9t\u00e9 tunisienne, m\u00ealant dans ses \u00e9crits m\u00e9moire, culture et analyse du quotidien. Auteur de nombreux ouvrages, il d\u00e9veloppe une \u0153uvre \u00e0 la crois\u00e9e du r\u00e9cit, de la po\u00e9sie et de l\u2019observation sociologique. Parall\u00e8lement \u00e0 ses contributions dans la presse, il intervient r\u00e9guli\u00e8rement \u00e0 la radio et dans des espaces culturels, o\u00f9 il explore les enjeux li\u00e9s au patrimoine, \u00e0 l\u2019identit\u00e9 et aux transformations du monde contemporain. \u00c0 travers ses chroniques, Hatem Bourial propose une lecture sensible et approfondie de l\u2019actualit\u00e9, nourrie par une exp\u00e9rience journalistique et litt\u00e9raire reconnue. \ud83d\udd17 Facebook : https:\\\/\\\/www.facebook.com\\\/hatem.bourial.2025\",\"sameAs\":[\"https:\\\/\\\/www.facebook.com\\\/hatem.bourial.2025\",\"https:\\\/\\\/fr.wikipedia.org\\\/wiki\\\/Fichier:Hatem_Bourial.jpg\"],\"knowsAbout\":[\"Culture & patrimoine tunisien\",\"Chronique soci\u00e9tale\",\"Litt\u00e9rature & m\u00e9moire\",\"Cin\u00e9ma & critique culturelle\",\"Identit\u00e9 & mutations sociales\"],\"knowsLanguage\":[\"Arabe\",\"Fran\u00e7ais\",\"Anglais\",\"Italien\",\"Polonais\"],\"jobTitle\":\"Journaliste, \u00e9crivain et chroniqueur culturel\",\"worksFor\":\"Webdo\",\"url\":\"https:\\\/\\\/www.webdo.tn\\\/fr\\\/actualite\\\/author\\\/hatem-bourial-2\\\/\"}]}<\/script>\n<!-- \/ Yoast SEO Premium plugin. -->","yoast_head_json":{"title":"Am\u00e9lie de Bourbon Parme \u00e0 la librairie Mille Feuilles","description":"L'\u00e9crivaine fran\u00e7aise Am\u00e9lie de Bourbon Parme sera aujourd'hui, vendredi 23 juin \u00e0 18h, l'invit\u00e9e de la librairie Mille Feuilles \u00e0 la Marsa.","canonical":"https:\/\/www.webdo.tn\/fr\/actualite\/culture\/amelie-de-bourbon-parme-a-la-librairie-mille-feuilles\/206810\/","og_locale":"fr_FR","og_type":"article","og_title":"Am\u00e9lie de Bourbon Parme \u00e0 la librairie Mille Feuilles","og_description":"L'\u00e9crivaine fran\u00e7aise Am\u00e9lie de Bourbon Parme sera aujourd'hui, vendredi 23 juin \u00e0 18h, l'invit\u00e9e de la librairie Mille Feuilles \u00e0 la Marsa.","og_url":"https:\/\/www.webdo.tn\/fr\/actualite\/culture\/amelie-de-bourbon-parme-a-la-librairie-mille-feuilles\/206810\/","og_site_name":"webdo","article_publisher":"https:\/\/www.facebook.com\/webdotn","article_author":"https:\/\/www.facebook.com\/hatem.bourial.2025","article_published_time":"2023-06-23T09:07:00+00:00","og_image":[{"width":750,"height":400,"url":"https:\/\/www.webdo.tn\/fr\/wp-content\/uploads\/2023\/06\/63a5a1d6093f5defc2a1cb6665793f70.jpg","type":"image\/jpeg"}],"author":"Hatem Bourial","twitter_card":"summary_large_image","twitter_creator":"@webdo_tn","twitter_site":"@webdo_tn","twitter_misc":{"\u00c9crit par":"Hatem Bourial","Dur\u00e9e de lecture estim\u00e9e":"2 minutes"},"schema":{"@context":"https:\/\/schema.org","@graph":[{"@type":"NewsArticle","@id":"https:\/\/www.webdo.tn\/fr\/actualite\/culture\/amelie-de-bourbon-parme-a-la-librairie-mille-feuilles\/206810\/#article","isPartOf":{"@id":"https:\/\/www.webdo.tn\/fr\/actualite\/culture\/amelie-de-bourbon-parme-a-la-librairie-mille-feuilles\/206810\/"},"author":{"name":"Hatem Bourial","@id":"https:\/\/www.webdo.tn\/fr\/#\/schema\/person\/6bc0beba2cd23aec27cb5df85ca2554f"},"headline":"Am\u00e9lie de Bourbon Parme \u00e0 la librairie Mille Feuilles","datePublished":"2023-06-23T09:07:00+00:00","mainEntityOfPage":{"@id":"https:\/\/www.webdo.tn\/fr\/actualite\/culture\/amelie-de-bourbon-parme-a-la-librairie-mille-feuilles\/206810\/"},"wordCount":410,"commentCount":0,"publisher":{"@id":"https:\/\/www.webdo.tn\/fr\/#organization"},"image":{"@id":"https:\/\/www.webdo.tn\/fr\/actualite\/culture\/amelie-de-bourbon-parme-a-la-librairie-mille-feuilles\/206810\/#primaryimage"},"thumbnailUrl":"https:\/\/www.webdo.tn\/fr\/wp-content\/uploads\/2023\/06\/63a5a1d6093f5defc2a1cb6665793f70.jpg","keywords":["Am\u00e9lie de Bourbon Parme","litt\u00e9rature"],"articleSection":["Culture"],"inLanguage":"fr-FR"},{"@type":"WebPage","@id":"https:\/\/www.webdo.tn\/fr\/actualite\/culture\/amelie-de-bourbon-parme-a-la-librairie-mille-feuilles\/206810\/","url":"https:\/\/www.webdo.tn\/fr\/actualite\/culture\/amelie-de-bourbon-parme-a-la-librairie-mille-feuilles\/206810\/","name":"Am\u00e9lie de Bourbon Parme \u00e0 la librairie Mille Feuilles","isPartOf":{"@id":"https:\/\/www.webdo.tn\/fr\/#website"},"primaryImageOfPage":{"@id":"https:\/\/www.webdo.tn\/fr\/actualite\/culture\/amelie-de-bourbon-parme-a-la-librairie-mille-feuilles\/206810\/#primaryimage"},"image":{"@id":"https:\/\/www.webdo.tn\/fr\/actualite\/culture\/amelie-de-bourbon-parme-a-la-librairie-mille-feuilles\/206810\/#primaryimage"},"thumbnailUrl":"https:\/\/www.webdo.tn\/fr\/wp-content\/uploads\/2023\/06\/63a5a1d6093f5defc2a1cb6665793f70.jpg","datePublished":"2023-06-23T09:07:00+00:00","description":"L'\u00e9crivaine fran\u00e7aise Am\u00e9lie de Bourbon Parme sera aujourd'hui, vendredi 23 juin \u00e0 18h, l'invit\u00e9e de la librairie Mille Feuilles \u00e0 la Marsa.","breadcrumb":{"@id":"https:\/\/www.webdo.tn\/fr\/actualite\/culture\/amelie-de-bourbon-parme-a-la-librairie-mille-feuilles\/206810\/#breadcrumb"},"inLanguage":"fr-FR","potentialAction":[{"@type":"ReadAction","target":["https:\/\/www.webdo.tn\/fr\/actualite\/culture\/amelie-de-bourbon-parme-a-la-librairie-mille-feuilles\/206810\/"]}]},{"@type":"ImageObject","inLanguage":"fr-FR","@id":"https:\/\/www.webdo.tn\/fr\/actualite\/culture\/amelie-de-bourbon-parme-a-la-librairie-mille-feuilles\/206810\/#primaryimage","url":"https:\/\/www.webdo.tn\/fr\/wp-content\/uploads\/2023\/06\/63a5a1d6093f5defc2a1cb6665793f70.jpg","contentUrl":"https:\/\/www.webdo.tn\/fr\/wp-content\/uploads\/2023\/06\/63a5a1d6093f5defc2a1cb6665793f70.jpg","width":750,"height":400,"caption":"Am\u00e9lie de Bourbon Parme \u00e0 la librairie Mille Feuilles"},{"@type":"BreadcrumbList","@id":"https:\/\/www.webdo.tn\/fr\/actualite\/culture\/amelie-de-bourbon-parme-a-la-librairie-mille-feuilles\/206810\/#breadcrumb","itemListElement":[{"@type":"ListItem","position":1,"name":"Accueil","item":"https:\/\/www.webdo.tn\/fr\/"},{"@type":"ListItem","position":2,"name":"Am\u00e9lie de Bourbon Parme \u00e0 la librairie Mille Feuilles"}]},{"@type":"WebSite","@id":"https:\/\/www.webdo.tn\/fr\/#website","url":"https:\/\/www.webdo.tn\/fr\/","name":"webdo","description":"Tunisie - News en Tunisie et \u00e0 l&#039;international sur Webdo.tn","publisher":{"@id":"https:\/\/www.webdo.tn\/fr\/#organization"},"potentialAction":[{"@type":"SearchAction","target":{"@type":"EntryPoint","urlTemplate":"https:\/\/www.webdo.tn\/fr\/?s={search_term_string}"},"query-input":{"@type":"PropertyValueSpecification","valueRequired":true,"valueName":"search_term_string"}}],"inLanguage":"fr-FR"},{"@type":"Organization","@id":"https:\/\/www.webdo.tn\/fr\/#organization","name":"Webdo","alternateName":"Webdo.tn","url":"https:\/\/www.webdo.tn\/fr\/","logo":{"@type":"ImageObject","inLanguage":"fr-FR","@id":"https:\/\/www.webdo.tn\/fr\/#\/schema\/logo\/image\/","url":"https:\/\/www.webdo.tn\/fr\/wp-content\/uploads\/2025\/06\/Webdo-Tunisie_168377.jpg","contentUrl":"https:\/\/www.webdo.tn\/fr\/wp-content\/uploads\/2025\/06\/Webdo-Tunisie_168377.jpg","width":301,"height":301,"caption":"Webdo"},"image":{"@id":"https:\/\/www.webdo.tn\/fr\/#\/schema\/logo\/image\/"},"sameAs":["https:\/\/www.facebook.com\/webdotn","https:\/\/x.com\/webdo_tn"],"description":"Webdo est un m\u00e9dia num\u00e9rique tunisien fond\u00e9 en 2010, sp\u00e9cialis\u00e9 dans l\u2019actualit\u00e9 nationale et internationale, l\u2019\u00e9conomie, la soci\u00e9t\u00e9 et les analyses politiques. Le site s\u2019adresse \u00e0 un large public francophone et couvre l\u2019information tunisienne en temps r\u00e9el.","email":"redac@webdo.tn","legalName":"YNJ SARL","foundingDate":"2010-09-06","numberOfEmployees":{"@type":"QuantitativeValue","minValue":"11","maxValue":"50"}},{"@type":"Person","@id":"https:\/\/www.webdo.tn\/fr\/#\/schema\/person\/6bc0beba2cd23aec27cb5df85ca2554f","name":"Hatem Bourial","image":{"@type":"ImageObject","inLanguage":"fr-FR","@id":"https:\/\/www.webdo.tn\/fr\/wp-content\/uploads\/2026\/04\/hatem-bourial_avatar-96x96.jpg","url":"https:\/\/www.webdo.tn\/fr\/wp-content\/uploads\/2026\/04\/hatem-bourial_avatar-96x96.jpg","contentUrl":"https:\/\/www.webdo.tn\/fr\/wp-content\/uploads\/2026\/04\/hatem-bourial_avatar-96x96.jpg","caption":"Hatem Bourial"},"description":"Hatem Bourial est journaliste, \u00e9crivain et chroniqueur tunisien. Actif depuis plusieurs d\u00e9cennies, il s\u2019est impos\u00e9 comme un observateur attentif de la soci\u00e9t\u00e9 tunisienne, m\u00ealant dans ses \u00e9crits m\u00e9moire, culture et analyse du quotidien. Auteur de nombreux ouvrages, il d\u00e9veloppe une \u0153uvre \u00e0 la crois\u00e9e du r\u00e9cit, de la po\u00e9sie et de l\u2019observation sociologique. Parall\u00e8lement \u00e0 ses contributions dans la presse, il intervient r\u00e9guli\u00e8rement \u00e0 la radio et dans des espaces culturels, o\u00f9 il explore les enjeux li\u00e9s au patrimoine, \u00e0 l\u2019identit\u00e9 et aux transformations du monde contemporain. \u00c0 travers ses chroniques, Hatem Bourial propose une lecture sensible et approfondie de l\u2019actualit\u00e9, nourrie par une exp\u00e9rience journalistique et litt\u00e9raire reconnue. \ud83d\udd17 Facebook : https:\/\/www.facebook.com\/hatem.bourial.2025","sameAs":["https:\/\/www.facebook.com\/hatem.bourial.2025","https:\/\/fr.wikipedia.org\/wiki\/Fichier:Hatem_Bourial.jpg"],"knowsAbout":["Culture & patrimoine tunisien","Chronique soci\u00e9tale","Litt\u00e9rature & m\u00e9moire","Cin\u00e9ma & critique culturelle","Identit\u00e9 & mutations sociales"],"knowsLanguage":["Arabe","Fran\u00e7ais","Anglais","Italien","Polonais"],"jobTitle":"Journaliste, \u00e9crivain et chroniqueur culturel","worksFor":"Webdo","url":"https:\/\/www.webdo.tn\/fr\/actualite\/author\/hatem-bourial-2\/"}]}},"_links":{"self":[{"href":"https:\/\/www.webdo.tn\/fr\/wp-json\/wp\/v2\/posts\/206810","targetHints":{"allow":["GET"]}}],"collection":[{"href":"https:\/\/www.webdo.tn\/fr\/wp-json\/wp\/v2\/posts"}],"about":[{"href":"https:\/\/www.webdo.tn\/fr\/wp-json\/wp\/v2\/types\/post"}],"author":[{"embeddable":true,"href":"https:\/\/www.webdo.tn\/fr\/wp-json\/wp\/v2\/users\/3229"}],"replies":[{"embeddable":true,"href":"https:\/\/www.webdo.tn\/fr\/wp-json\/wp\/v2\/comments?post=206810"}],"version-history":[{"count":0,"href":"https:\/\/www.webdo.tn\/fr\/wp-json\/wp\/v2\/posts\/206810\/revisions"}],"wp:featuredmedia":[{"embeddable":true,"href":"https:\/\/www.webdo.tn\/fr\/wp-json\/wp\/v2\/media\/249896"}],"wp:attachment":[{"href":"https:\/\/www.webdo.tn\/fr\/wp-json\/wp\/v2\/media?parent=206810"}],"wp:term":[{"taxonomy":"category","embeddable":true,"href":"https:\/\/www.webdo.tn\/fr\/wp-json\/wp\/v2\/categories?post=206810"},{"taxonomy":"post_tag","embeddable":true,"href":"https:\/\/www.webdo.tn\/fr\/wp-json\/wp\/v2\/tags?post=206810"}],"curies":[{"name":"wp","href":"https:\/\/api.w.org\/{rel}","templated":true}]}}