{"id":206792,"date":"2023-06-22T15:56:00","date_gmt":"2023-06-22T15:56:00","guid":{"rendered":"https:\/\/www.webdo.tn\/fr\/blog\/tunisie-bm-pret-de-268-4-millions-de-dollars\/206792\/"},"modified":"2025-05-20T22:57:13","modified_gmt":"2025-05-20T22:57:13","slug":"tunisie-bm-pret-de-268-4-millions-de-dollars","status":"publish","type":"post","link":"https:\/\/www.webdo.tn\/fr\/actualite\/national\/tunisie-bm-pret-de-268-4-millions-de-dollars\/206792\/","title":{"rendered":"Un accord de pr\u00eat de 268,4 millions de dollars sign\u00e9 entre la Tunisie et la BM"},"content":{"rendered":"<p>La Tunisie et le groupe de la Banque mondiale ont sign\u00e9, aujourd\u2019hui jeudi 22 juin 2023, un accord de pr\u00eat de 268.4 millions de dollars, soit plus de 907 millions de dinars, pour le financement d\u2019un projet de raccordement \u00e9lectrique avec l\u2019Italie.<\/p>\n<p>\t\t\t\t\t\t\t\t\tLa Tunisie et le groupe de la Banque mondiale ont sign\u00e9, aujourd\u2019hui jeudi 22 juin 2023, un accord de pr\u00eat de 268.4 millions de dollars, soit plus de 907 millions de dinars, pour le financement d\u2019un projet de raccordement \u00e9lectrique avec l\u2019Italie, rapporte l\u2019agence TAP.<\/p>\n<p>Ce projet, connu sous le nom d\u2019\u00ab ElMed \u00bb, devra relier les r\u00e9seaux \u00e9nerg\u00e9tiques entre la Tunisie et l\u2019Europe.<\/p>\n<p>C\u2019est le ministre de l\u2019Economie et de la Planification, Samir Sa\u00efed, qui a conclu cet accord financier pour la Tunisie, lors d\u2019une conf\u00e9rence de haut niveau, \u00e0 laquelle \u00e9taient pr\u00e9sents des responsables du gouvernement tunisien et des repr\u00e9sentants de la Banque mondiale.<\/p>\n<p>Le projet en question permettra \u00e0 la Tunisie de devenir un centre r\u00e9gional de l\u2019\u00e9nergie renouvelable, \u00e0 travers la liaison du r\u00e9seau de l\u2019\u00e9nergie tunisien au r\u00e9seau europ\u00e9en, via un c\u00e2ble marin d\u2019une capacit\u00e9 de 600 m\u00e9gawatts.<\/p>\n<p>Le projet Elmed vise \u00e0 consolider l\u2019\u00e9change des \u00e9nergies renouvelables n\u00e9cessaires au d\u00e9veloppement durable en Tunisie, ainsi que la strat\u00e9gie de lutte contre les changements climatiques.<\/p>\n<p>Cette conf\u00e9rence a \u00e9t\u00e9 une occasion pour l\u2019annonce du lancement d\u2019un nouveau partenariat avec la Tunisie pour la p\u00e9riode 2023 \u2013 2027, laquelle \u00e9tait approuv\u00e9e par la Banque mondiale \u00e0 la mi-juin.<\/p>\n<p>Le Groupe de la Banque mondiale avait annonc\u00e9 le 15 juin en cours, le lancement d\u2019un nouveau cadre de partenariat-pays avec la Tunisie, d\u2019une dur\u00e9e de cinq ans, apr\u00e8s sa suspension en mars dernier suite aux d\u00e9clarations de la partie tunisienne sur la migration subsaharienne.<\/p>\n<p>Le CPF vient appuyer le plan de d\u00e9veloppement du gouvernement en faveur d\u2019une expansion \u00e9conomique, de cr\u00e9ation d\u2019emplois, et de renforcement de la r\u00e9silience aux changements climatiques.<\/p>\n<p>Ce nouveau cadre de partenariat sera mis en \u0153uvre conjointement par la Banque mondiale, la Soci\u00e9t\u00e9 financi\u00e8re internationale (IFC) et l\u2019Agence multilat\u00e9rale de garantie des investissements (MIGA), moyennant une enveloppe annuelle sur cinq ans d\u2019environ 400 \u00e0 500\u202fmillions de dollars\u2026<\/p>\n","protected":false},"excerpt":{"rendered":"<p>La Tunisie et le groupe de la Banque mondiale ont sign\u00e9, aujourd\u2019hui jeudi 22 juin 2023, un accord de pr\u00eat de 268.4 millions de dollars, soit plus de 907 millio&#8230;<\/p>\n","protected":false},"author":3185,"featured_media":278377,"comment_status":"open","ping_status":"closed","sticky":false,"template":"","format":"standard","meta":{"footnotes":""},"categories":[44],"tags":[2941,2685,2608],"class_list":["post-206792","post","type-post","status-publish","format-standard","has-post-thumbnail","hentry","category-national","tag-bm","tag-pret","tag-tunisie"],"yoast_head":"<!-- This site is optimized with the Yoast SEO Premium plugin v27.5 (Yoast SEO v27.5) - https:\/\/yoast.com\/product\/yoast-seo-premium-wordpress\/ -->\n<title>Un accord de pr\u00eat de 268,4 millions de dollars sign\u00e9 entre la Tunisie et la BM<\/title>\n<meta name=\"description\" content=\"La Tunisie et le groupe de la Banque mondiale ont sign\u00e9, aujourd\u2019hui jeudi 22 juin 2023, un accord de pr\u00eat de 268.4 millions de dollars, soit plus de 907 millio...\" \/>\n<link rel=\"canonical\" href=\"https:\/\/www.webdo.tn\/fr\/actualite\/national\/tunisie-bm-pret-de-268-4-millions-de-dollars\/206792\/\" \/>\n<meta property=\"og:locale\" content=\"fr_FR\" \/>\n<meta property=\"og:type\" content=\"article\" \/>\n<meta property=\"og:title\" content=\"Un accord de pr\u00eat de 268,4 millions de dollars sign\u00e9 entre la Tunisie et la BM\" \/>\n<meta property=\"og:description\" content=\"La Tunisie et le groupe de la Banque mondiale ont sign\u00e9, aujourd\u2019hui jeudi 22 juin 2023, un accord de pr\u00eat de 268.4 millions de dollars, soit plus de 907 millio...\" \/>\n<meta property=\"og:url\" content=\"https:\/\/www.webdo.tn\/fr\/actualite\/national\/tunisie-bm-pret-de-268-4-millions-de-dollars\/206792\/\" \/>\n<meta property=\"og:site_name\" content=\"webdo\" \/>\n<meta property=\"article:publisher\" content=\"https:\/\/www.facebook.com\/webdotn\" \/>\n<meta property=\"article:published_time\" content=\"2023-06-22T15:56:00+00:00\" \/>\n<meta property=\"article:modified_time\" content=\"2025-05-20T22:57:13+00:00\" \/>\n<meta property=\"og:image\" content=\"https:\/\/www.webdo.tn\/fr\/wp-content\/uploads\/2023\/06\/14d35193de523e4e8d14cc89b7e5a3b1.jpg\" \/>\n\t<meta property=\"og:image:width\" content=\"750\" \/>\n\t<meta property=\"og:image:height\" content=\"400\" \/>\n\t<meta property=\"og:image:type\" content=\"image\/jpeg\" \/>\n<meta name=\"author\" content=\"WDA\" \/>\n<meta name=\"twitter:card\" content=\"summary_large_image\" \/>\n<meta name=\"twitter:creator\" content=\"@webdo_tn\" \/>\n<meta name=\"twitter:site\" content=\"@webdo_tn\" \/>\n<meta name=\"twitter:label1\" content=\"\u00c9crit par\" \/>\n\t<meta name=\"twitter:data1\" content=\"WDA\" \/>\n\t<meta name=\"twitter:label2\" content=\"Dur\u00e9e de lecture estim\u00e9e\" \/>\n\t<meta name=\"twitter:data2\" content=\"2 minutes\" \/>\n<script type=\"application\/ld+json\" class=\"yoast-schema-graph\">{\"@context\":\"https:\\\/\\\/schema.org\",\"@graph\":[{\"@type\":\"NewsArticle\",\"@id\":\"https:\\\/\\\/www.webdo.tn\\\/fr\\\/actualite\\\/national\\\/tunisie-bm-pret-de-268-4-millions-de-dollars\\\/206792\\\/#article\",\"isPartOf\":{\"@id\":\"https:\\\/\\\/www.webdo.tn\\\/fr\\\/actualite\\\/national\\\/tunisie-bm-pret-de-268-4-millions-de-dollars\\\/206792\\\/\"},\"author\":{\"name\":\"WDA\",\"@id\":\"https:\\\/\\\/www.webdo.tn\\\/fr\\\/#\\\/schema\\\/person\\\/ae999f6cc68c323955dd7bb23b41f2dd\"},\"headline\":\"Un accord de pr\u00eat de 268,4 millions de dollars sign\u00e9 entre la Tunisie et la BM\",\"datePublished\":\"2023-06-22T15:56:00+00:00\",\"dateModified\":\"2025-05-20T22:57:13+00:00\",\"mainEntityOfPage\":{\"@id\":\"https:\\\/\\\/www.webdo.tn\\\/fr\\\/actualite\\\/national\\\/tunisie-bm-pret-de-268-4-millions-de-dollars\\\/206792\\\/\"},\"wordCount\":402,\"commentCount\":0,\"publisher\":{\"@id\":\"https:\\\/\\\/www.webdo.tn\\\/fr\\\/#organization\"},\"image\":{\"@id\":\"https:\\\/\\\/www.webdo.tn\\\/fr\\\/actualite\\\/national\\\/tunisie-bm-pret-de-268-4-millions-de-dollars\\\/206792\\\/#primaryimage\"},\"thumbnailUrl\":\"https:\\\/\\\/www.webdo.tn\\\/fr\\\/wp-content\\\/uploads\\\/2023\\\/06\\\/14d35193de523e4e8d14cc89b7e5a3b1.jpg\",\"keywords\":[\"BM\",\"pr\u00eat\",\"Tunisie\"],\"articleSection\":[\"National\"],\"inLanguage\":\"fr-FR\"},{\"@type\":\"WebPage\",\"@id\":\"https:\\\/\\\/www.webdo.tn\\\/fr\\\/actualite\\\/national\\\/tunisie-bm-pret-de-268-4-millions-de-dollars\\\/206792\\\/\",\"url\":\"https:\\\/\\\/www.webdo.tn\\\/fr\\\/actualite\\\/national\\\/tunisie-bm-pret-de-268-4-millions-de-dollars\\\/206792\\\/\",\"name\":\"Un accord de pr\u00eat de 268,4 millions de dollars sign\u00e9 entre la Tunisie et la BM\",\"isPartOf\":{\"@id\":\"https:\\\/\\\/www.webdo.tn\\\/fr\\\/#website\"},\"primaryImageOfPage\":{\"@id\":\"https:\\\/\\\/www.webdo.tn\\\/fr\\\/actualite\\\/national\\\/tunisie-bm-pret-de-268-4-millions-de-dollars\\\/206792\\\/#primaryimage\"},\"image\":{\"@id\":\"https:\\\/\\\/www.webdo.tn\\\/fr\\\/actualite\\\/national\\\/tunisie-bm-pret-de-268-4-millions-de-dollars\\\/206792\\\/#primaryimage\"},\"thumbnailUrl\":\"https:\\\/\\\/www.webdo.tn\\\/fr\\\/wp-content\\\/uploads\\\/2023\\\/06\\\/14d35193de523e4e8d14cc89b7e5a3b1.jpg\",\"datePublished\":\"2023-06-22T15:56:00+00:00\",\"dateModified\":\"2025-05-20T22:57:13+00:00\",\"description\":\"La Tunisie et le groupe de la Banque mondiale ont sign\u00e9, aujourd\u2019hui jeudi 22 juin 2023, un accord de pr\u00eat de 268.4 millions de dollars, soit plus de 907 millio...\",\"breadcrumb\":{\"@id\":\"https:\\\/\\\/www.webdo.tn\\\/fr\\\/actualite\\\/national\\\/tunisie-bm-pret-de-268-4-millions-de-dollars\\\/206792\\\/#breadcrumb\"},\"inLanguage\":\"fr-FR\",\"potentialAction\":[{\"@type\":\"ReadAction\",\"target\":[\"https:\\\/\\\/www.webdo.tn\\\/fr\\\/actualite\\\/national\\\/tunisie-bm-pret-de-268-4-millions-de-dollars\\\/206792\\\/\"]}]},{\"@type\":\"ImageObject\",\"inLanguage\":\"fr-FR\",\"@id\":\"https:\\\/\\\/www.webdo.tn\\\/fr\\\/actualite\\\/national\\\/tunisie-bm-pret-de-268-4-millions-de-dollars\\\/206792\\\/#primaryimage\",\"url\":\"https:\\\/\\\/www.webdo.tn\\\/fr\\\/wp-content\\\/uploads\\\/2023\\\/06\\\/14d35193de523e4e8d14cc89b7e5a3b1.jpg\",\"contentUrl\":\"https:\\\/\\\/www.webdo.tn\\\/fr\\\/wp-content\\\/uploads\\\/2023\\\/06\\\/14d35193de523e4e8d14cc89b7e5a3b1.jpg\",\"width\":750,\"height\":400,\"caption\":\"Un accord de pr\u00eat de 268,4 millions de dollars sign\u00e9 entre la Tunisie et la BM\"},{\"@type\":\"BreadcrumbList\",\"@id\":\"https:\\\/\\\/www.webdo.tn\\\/fr\\\/actualite\\\/national\\\/tunisie-bm-pret-de-268-4-millions-de-dollars\\\/206792\\\/#breadcrumb\",\"itemListElement\":[{\"@type\":\"ListItem\",\"position\":1,\"name\":\"Accueil\",\"item\":\"https:\\\/\\\/www.webdo.tn\\\/fr\\\/\"},{\"@type\":\"ListItem\",\"position\":2,\"name\":\"Un accord de pr\u00eat de 268,4 millions de dollars sign\u00e9 entre la Tunisie et la BM\"}]},{\"@type\":\"WebSite\",\"@id\":\"https:\\\/\\\/www.webdo.tn\\\/fr\\\/#website\",\"url\":\"https:\\\/\\\/www.webdo.tn\\\/fr\\\/\",\"name\":\"webdo\",\"description\":\"Tunisie - News en Tunisie et \u00e0 l&#039;international sur Webdo.tn\",\"publisher\":{\"@id\":\"https:\\\/\\\/www.webdo.tn\\\/fr\\\/#organization\"},\"potentialAction\":[{\"@type\":\"SearchAction\",\"target\":{\"@type\":\"EntryPoint\",\"urlTemplate\":\"https:\\\/\\\/www.webdo.tn\\\/fr\\\/?s={search_term_string}\"},\"query-input\":{\"@type\":\"PropertyValueSpecification\",\"valueRequired\":true,\"valueName\":\"search_term_string\"}}],\"inLanguage\":\"fr-FR\"},{\"@type\":\"Organization\",\"@id\":\"https:\\\/\\\/www.webdo.tn\\\/fr\\\/#organization\",\"name\":\"Webdo\",\"alternateName\":\"Webdo.tn\",\"url\":\"https:\\\/\\\/www.webdo.tn\\\/fr\\\/\",\"logo\":{\"@type\":\"ImageObject\",\"inLanguage\":\"fr-FR\",\"@id\":\"https:\\\/\\\/www.webdo.tn\\\/fr\\\/#\\\/schema\\\/logo\\\/image\\\/\",\"url\":\"https:\\\/\\\/www.webdo.tn\\\/fr\\\/wp-content\\\/uploads\\\/2025\\\/06\\\/Webdo-Tunisie_168377.jpg\",\"contentUrl\":\"https:\\\/\\\/www.webdo.tn\\\/fr\\\/wp-content\\\/uploads\\\/2025\\\/06\\\/Webdo-Tunisie_168377.jpg\",\"width\":301,\"height\":301,\"caption\":\"Webdo\"},\"image\":{\"@id\":\"https:\\\/\\\/www.webdo.tn\\\/fr\\\/#\\\/schema\\\/logo\\\/image\\\/\"},\"sameAs\":[\"https:\\\/\\\/www.facebook.com\\\/webdotn\",\"https:\\\/\\\/x.com\\\/webdo_tn\"],\"description\":\"Webdo est un m\u00e9dia num\u00e9rique tunisien fond\u00e9 en 2010, sp\u00e9cialis\u00e9 dans l\u2019actualit\u00e9 nationale et internationale, l\u2019\u00e9conomie, la soci\u00e9t\u00e9 et les analyses politiques. Le site s\u2019adresse \u00e0 un large public francophone et couvre l\u2019information tunisienne en temps r\u00e9el.\",\"email\":\"redac@webdo.tn\",\"legalName\":\"YNJ SARL\",\"foundingDate\":\"2010-09-06\",\"numberOfEmployees\":{\"@type\":\"QuantitativeValue\",\"minValue\":\"11\",\"maxValue\":\"50\"}},{\"@type\":\"Person\",\"@id\":\"https:\\\/\\\/www.webdo.tn\\\/fr\\\/#\\\/schema\\\/person\\\/ae999f6cc68c323955dd7bb23b41f2dd\",\"name\":\"WDA\",\"image\":{\"@type\":\"ImageObject\",\"inLanguage\":\"fr-FR\",\"@id\":\"https:\\\/\\\/secure.gravatar.com\\\/avatar\\\/008e9c4da3bbf467e76fbd05ea8a140d6f047be3ff32b495e3a42ecd99d95622?s=96&d=mm&r=g\",\"url\":\"https:\\\/\\\/secure.gravatar.com\\\/avatar\\\/008e9c4da3bbf467e76fbd05ea8a140d6f047be3ff32b495e3a42ecd99d95622?s=96&d=mm&r=g\",\"contentUrl\":\"https:\\\/\\\/secure.gravatar.com\\\/avatar\\\/008e9c4da3bbf467e76fbd05ea8a140d6f047be3ff32b495e3a42ecd99d95622?s=96&d=mm&r=g\",\"caption\":\"WDA\"},\"url\":\"https:\\\/\\\/www.webdo.tn\\\/fr\\\/actualite\\\/author\\\/wda\\\/\"}]}<\/script>\n<!-- \/ Yoast SEO Premium plugin. -->","yoast_head_json":{"title":"Un accord de pr\u00eat de 268,4 millions de dollars sign\u00e9 entre la Tunisie et la BM","description":"La Tunisie et le groupe de la Banque mondiale ont sign\u00e9, aujourd\u2019hui jeudi 22 juin 2023, un accord de pr\u00eat de 268.4 millions de dollars, soit plus de 907 millio...","canonical":"https:\/\/www.webdo.tn\/fr\/actualite\/national\/tunisie-bm-pret-de-268-4-millions-de-dollars\/206792\/","og_locale":"fr_FR","og_type":"article","og_title":"Un accord de pr\u00eat de 268,4 millions de dollars sign\u00e9 entre la Tunisie et la BM","og_description":"La Tunisie et le groupe de la Banque mondiale ont sign\u00e9, aujourd\u2019hui jeudi 22 juin 2023, un accord de pr\u00eat de 268.4 millions de dollars, soit plus de 907 millio...","og_url":"https:\/\/www.webdo.tn\/fr\/actualite\/national\/tunisie-bm-pret-de-268-4-millions-de-dollars\/206792\/","og_site_name":"webdo","article_publisher":"https:\/\/www.facebook.com\/webdotn","article_published_time":"2023-06-22T15:56:00+00:00","article_modified_time":"2025-05-20T22:57:13+00:00","og_image":[{"width":750,"height":400,"url":"https:\/\/www.webdo.tn\/fr\/wp-content\/uploads\/2023\/06\/14d35193de523e4e8d14cc89b7e5a3b1.jpg","type":"image\/jpeg"}],"author":"WDA","twitter_card":"summary_large_image","twitter_creator":"@webdo_tn","twitter_site":"@webdo_tn","twitter_misc":{"\u00c9crit par":"WDA","Dur\u00e9e de lecture estim\u00e9e":"2 minutes"},"schema":{"@context":"https:\/\/schema.org","@graph":[{"@type":"NewsArticle","@id":"https:\/\/www.webdo.tn\/fr\/actualite\/national\/tunisie-bm-pret-de-268-4-millions-de-dollars\/206792\/#article","isPartOf":{"@id":"https:\/\/www.webdo.tn\/fr\/actualite\/national\/tunisie-bm-pret-de-268-4-millions-de-dollars\/206792\/"},"author":{"name":"WDA","@id":"https:\/\/www.webdo.tn\/fr\/#\/schema\/person\/ae999f6cc68c323955dd7bb23b41f2dd"},"headline":"Un accord de pr\u00eat de 268,4 millions de dollars sign\u00e9 entre la Tunisie et la BM","datePublished":"2023-06-22T15:56:00+00:00","dateModified":"2025-05-20T22:57:13+00:00","mainEntityOfPage":{"@id":"https:\/\/www.webdo.tn\/fr\/actualite\/national\/tunisie-bm-pret-de-268-4-millions-de-dollars\/206792\/"},"wordCount":402,"commentCount":0,"publisher":{"@id":"https:\/\/www.webdo.tn\/fr\/#organization"},"image":{"@id":"https:\/\/www.webdo.tn\/fr\/actualite\/national\/tunisie-bm-pret-de-268-4-millions-de-dollars\/206792\/#primaryimage"},"thumbnailUrl":"https:\/\/www.webdo.tn\/fr\/wp-content\/uploads\/2023\/06\/14d35193de523e4e8d14cc89b7e5a3b1.jpg","keywords":["BM","pr\u00eat","Tunisie"],"articleSection":["National"],"inLanguage":"fr-FR"},{"@type":"WebPage","@id":"https:\/\/www.webdo.tn\/fr\/actualite\/national\/tunisie-bm-pret-de-268-4-millions-de-dollars\/206792\/","url":"https:\/\/www.webdo.tn\/fr\/actualite\/national\/tunisie-bm-pret-de-268-4-millions-de-dollars\/206792\/","name":"Un accord de pr\u00eat de 268,4 millions de dollars sign\u00e9 entre la Tunisie et la BM","isPartOf":{"@id":"https:\/\/www.webdo.tn\/fr\/#website"},"primaryImageOfPage":{"@id":"https:\/\/www.webdo.tn\/fr\/actualite\/national\/tunisie-bm-pret-de-268-4-millions-de-dollars\/206792\/#primaryimage"},"image":{"@id":"https:\/\/www.webdo.tn\/fr\/actualite\/national\/tunisie-bm-pret-de-268-4-millions-de-dollars\/206792\/#primaryimage"},"thumbnailUrl":"https:\/\/www.webdo.tn\/fr\/wp-content\/uploads\/2023\/06\/14d35193de523e4e8d14cc89b7e5a3b1.jpg","datePublished":"2023-06-22T15:56:00+00:00","dateModified":"2025-05-20T22:57:13+00:00","description":"La Tunisie et le groupe de la Banque mondiale ont sign\u00e9, aujourd\u2019hui jeudi 22 juin 2023, un accord de pr\u00eat de 268.4 millions de dollars, soit plus de 907 millio...","breadcrumb":{"@id":"https:\/\/www.webdo.tn\/fr\/actualite\/national\/tunisie-bm-pret-de-268-4-millions-de-dollars\/206792\/#breadcrumb"},"inLanguage":"fr-FR","potentialAction":[{"@type":"ReadAction","target":["https:\/\/www.webdo.tn\/fr\/actualite\/national\/tunisie-bm-pret-de-268-4-millions-de-dollars\/206792\/"]}]},{"@type":"ImageObject","inLanguage":"fr-FR","@id":"https:\/\/www.webdo.tn\/fr\/actualite\/national\/tunisie-bm-pret-de-268-4-millions-de-dollars\/206792\/#primaryimage","url":"https:\/\/www.webdo.tn\/fr\/wp-content\/uploads\/2023\/06\/14d35193de523e4e8d14cc89b7e5a3b1.jpg","contentUrl":"https:\/\/www.webdo.tn\/fr\/wp-content\/uploads\/2023\/06\/14d35193de523e4e8d14cc89b7e5a3b1.jpg","width":750,"height":400,"caption":"Un accord de pr\u00eat de 268,4 millions de dollars sign\u00e9 entre la Tunisie et la BM"},{"@type":"BreadcrumbList","@id":"https:\/\/www.webdo.tn\/fr\/actualite\/national\/tunisie-bm-pret-de-268-4-millions-de-dollars\/206792\/#breadcrumb","itemListElement":[{"@type":"ListItem","position":1,"name":"Accueil","item":"https:\/\/www.webdo.tn\/fr\/"},{"@type":"ListItem","position":2,"name":"Un accord de pr\u00eat de 268,4 millions de dollars sign\u00e9 entre la Tunisie et la BM"}]},{"@type":"WebSite","@id":"https:\/\/www.webdo.tn\/fr\/#website","url":"https:\/\/www.webdo.tn\/fr\/","name":"webdo","description":"Tunisie - News en Tunisie et \u00e0 l&#039;international sur Webdo.tn","publisher":{"@id":"https:\/\/www.webdo.tn\/fr\/#organization"},"potentialAction":[{"@type":"SearchAction","target":{"@type":"EntryPoint","urlTemplate":"https:\/\/www.webdo.tn\/fr\/?s={search_term_string}"},"query-input":{"@type":"PropertyValueSpecification","valueRequired":true,"valueName":"search_term_string"}}],"inLanguage":"fr-FR"},{"@type":"Organization","@id":"https:\/\/www.webdo.tn\/fr\/#organization","name":"Webdo","alternateName":"Webdo.tn","url":"https:\/\/www.webdo.tn\/fr\/","logo":{"@type":"ImageObject","inLanguage":"fr-FR","@id":"https:\/\/www.webdo.tn\/fr\/#\/schema\/logo\/image\/","url":"https:\/\/www.webdo.tn\/fr\/wp-content\/uploads\/2025\/06\/Webdo-Tunisie_168377.jpg","contentUrl":"https:\/\/www.webdo.tn\/fr\/wp-content\/uploads\/2025\/06\/Webdo-Tunisie_168377.jpg","width":301,"height":301,"caption":"Webdo"},"image":{"@id":"https:\/\/www.webdo.tn\/fr\/#\/schema\/logo\/image\/"},"sameAs":["https:\/\/www.facebook.com\/webdotn","https:\/\/x.com\/webdo_tn"],"description":"Webdo est un m\u00e9dia num\u00e9rique tunisien fond\u00e9 en 2010, sp\u00e9cialis\u00e9 dans l\u2019actualit\u00e9 nationale et internationale, l\u2019\u00e9conomie, la soci\u00e9t\u00e9 et les analyses politiques. Le site s\u2019adresse \u00e0 un large public francophone et couvre l\u2019information tunisienne en temps r\u00e9el.","email":"redac@webdo.tn","legalName":"YNJ SARL","foundingDate":"2010-09-06","numberOfEmployees":{"@type":"QuantitativeValue","minValue":"11","maxValue":"50"}},{"@type":"Person","@id":"https:\/\/www.webdo.tn\/fr\/#\/schema\/person\/ae999f6cc68c323955dd7bb23b41f2dd","name":"WDA","image":{"@type":"ImageObject","inLanguage":"fr-FR","@id":"https:\/\/secure.gravatar.com\/avatar\/008e9c4da3bbf467e76fbd05ea8a140d6f047be3ff32b495e3a42ecd99d95622?s=96&d=mm&r=g","url":"https:\/\/secure.gravatar.com\/avatar\/008e9c4da3bbf467e76fbd05ea8a140d6f047be3ff32b495e3a42ecd99d95622?s=96&d=mm&r=g","contentUrl":"https:\/\/secure.gravatar.com\/avatar\/008e9c4da3bbf467e76fbd05ea8a140d6f047be3ff32b495e3a42ecd99d95622?s=96&d=mm&r=g","caption":"WDA"},"url":"https:\/\/www.webdo.tn\/fr\/actualite\/author\/wda\/"}]}},"_links":{"self":[{"href":"https:\/\/www.webdo.tn\/fr\/wp-json\/wp\/v2\/posts\/206792","targetHints":{"allow":["GET"]}}],"collection":[{"href":"https:\/\/www.webdo.tn\/fr\/wp-json\/wp\/v2\/posts"}],"about":[{"href":"https:\/\/www.webdo.tn\/fr\/wp-json\/wp\/v2\/types\/post"}],"author":[{"embeddable":true,"href":"https:\/\/www.webdo.tn\/fr\/wp-json\/wp\/v2\/users\/3185"}],"replies":[{"embeddable":true,"href":"https:\/\/www.webdo.tn\/fr\/wp-json\/wp\/v2\/comments?post=206792"}],"version-history":[{"count":0,"href":"https:\/\/www.webdo.tn\/fr\/wp-json\/wp\/v2\/posts\/206792\/revisions"}],"wp:featuredmedia":[{"embeddable":true,"href":"https:\/\/www.webdo.tn\/fr\/wp-json\/wp\/v2\/media\/278377"}],"wp:attachment":[{"href":"https:\/\/www.webdo.tn\/fr\/wp-json\/wp\/v2\/media?parent=206792"}],"wp:term":[{"taxonomy":"category","embeddable":true,"href":"https:\/\/www.webdo.tn\/fr\/wp-json\/wp\/v2\/categories?post=206792"},{"taxonomy":"post_tag","embeddable":true,"href":"https:\/\/www.webdo.tn\/fr\/wp-json\/wp\/v2\/tags?post=206792"}],"curies":[{"name":"wp","href":"https:\/\/api.w.org\/{rel}","templated":true}]}}