{"id":206789,"date":"2023-06-22T14:46:00","date_gmt":"2023-06-22T14:46:00","guid":{"rendered":"https:\/\/www.webdo.tn\/fr\/blog\/echec-des-negociations-entre-le-ministere-de-l-education-et-le-syndicat-de-l-enseignement-de-base\/206789\/"},"modified":"2025-05-20T22:57:12","modified_gmt":"2025-05-20T22:57:12","slug":"echec-des-negociations-entre-le-ministere-de-l-education-et-le-syndicat-de-l-enseignement-de-base","status":"publish","type":"post","link":"https:\/\/www.webdo.tn\/fr\/actualite\/national\/echec-des-negociations-entre-le-ministere-de-l-education-et-le-syndicat-de-l-enseignement-de-base\/206789\/","title":{"rendered":"Echec des n\u00e9gociations entre l\u2019Education et le syndicat de l&rsquo;enseignement de base"},"content":{"rendered":"<p>Dans une vid\u00e9o publi\u00e9e sur la page officielle de la F\u00e9d\u00e9ration g\u00e9n\u00e9rale de l&rsquo;Enseignement de base, son secr\u00e9taire g\u00e9n\u00e9ral, Nabil Houachi, a annonc\u00e9 l\u2019\u00e9chec de la s\u00e9ance de n\u00e9gociation, tenue ce jeudi 22 juin 2023, entre la partie syndicale et le minist\u00e8re de l\u2019\u00c9ducation.<\/p>\n<p>\t\t\t\t\t\t\t\t\tDans une vid\u00e9o publi\u00e9e sur la page officielle de la F\u00e9d\u00e9ration g\u00e9n\u00e9rale de l&rsquo;Enseignement de base, son secr\u00e9taire g\u00e9n\u00e9ral, Nabil Houachi, a annonc\u00e9 l\u2019\u00e9chec de la s\u00e9ance de n\u00e9gociation, tenue ce jeudi 22 juin 2023, entre la partie syndicale et le minist\u00e8re de l\u2019\u00c9ducation.\u00a0<\/p>\n<p>Il a expliqu\u00e9 cet \u00e9chec par des propositions du minist\u00e8re, jug\u00e9es en de\u00e7\u00e0 des attentes des enseignants protestataires.<\/p>\n<p>C\u2019est parce que le minist\u00e8re de l&rsquo;Education a maintenu, au volet financier, \u00a0la m\u00eame proposition d&rsquo;une augmentation de 100d sur trois tranches \u00e0 partir de 2026, alors que la partie syndicale est rest\u00e9e attach\u00e9e au versement de la prime p\u00e9dagogique en 2024 ou en 2024\/2025, au plus tard.<\/p>\n<p>Le repr\u00e9sentant syndical a ajout\u00e9 que le minist\u00e8re n&rsquo;a pas pr\u00e9sent\u00e9 de propositions convaincantes au syndicat, qualifiant les solutions du minist\u00e8re de partielles, ne r\u00e9pondant pas aux attentes des enseignants du primaire.<\/p>\n<p>Sur ce, le syndicat et ses adh\u00e9rents ont d\u00e9cid\u00e9 la poursuite de leur lutte jusqu&rsquo;\u00e0 obtenir gain de cause.<\/p>\n","protected":false},"excerpt":{"rendered":"<p>Le secr\u00e9taire g\u00e9n\u00e9ral du syndicat de la F\u00e9d\u00e9ration g\u00e9n\u00e9rale de l&rsquo;Enseignement de base, Nabil Houachi, a annonc\u00e9 l\u2019\u00e9chec de la s\u00e9ance de n\u00e9gociation, tenue ce je&#8230;<\/p>\n","protected":false},"author":3185,"featured_media":278372,"comment_status":"open","ping_status":"closed","sticky":false,"template":"","format":"standard","meta":{"footnotes":""},"categories":[44],"tags":[9560,2634,7178,3093],"class_list":["post-206789","post","type-post","status-publish","format-standard","has-post-thumbnail","hentry","category-national","tag-echec","tag-education","tag-negociations","tag-syndicat"],"yoast_head":"<!-- This site is optimized with the Yoast SEO Premium plugin v27.4 (Yoast SEO v27.4) - https:\/\/yoast.com\/product\/yoast-seo-premium-wordpress\/ -->\n<title>Echec des n\u00e9gociations entre l\u2019Education et le syndicat de l&#039;enseignement de base<\/title>\n<meta name=\"description\" content=\"Le secr\u00e9taire g\u00e9n\u00e9ral du syndicat de la F\u00e9d\u00e9ration g\u00e9n\u00e9rale de l&#039;Enseignement de base, Nabil Houachi, a annonc\u00e9 l\u2019\u00e9chec de la s\u00e9ance de n\u00e9gociation, tenue ce je...\" \/>\n<link rel=\"canonical\" href=\"https:\/\/www.webdo.tn\/fr\/actualite\/national\/echec-des-negociations-entre-le-ministere-de-l-education-et-le-syndicat-de-l-enseignement-de-base\/206789\/\" \/>\n<meta property=\"og:locale\" content=\"fr_FR\" \/>\n<meta property=\"og:type\" content=\"article\" \/>\n<meta property=\"og:title\" content=\"Echec des n\u00e9gociations entre l\u2019Education et le syndicat de l&#039;enseignement de base\" \/>\n<meta property=\"og:description\" content=\"Le secr\u00e9taire g\u00e9n\u00e9ral du syndicat de la F\u00e9d\u00e9ration g\u00e9n\u00e9rale de l&#039;Enseignement de base, Nabil Houachi, a annonc\u00e9 l\u2019\u00e9chec de la s\u00e9ance de n\u00e9gociation, tenue ce je...\" \/>\n<meta property=\"og:url\" content=\"https:\/\/www.webdo.tn\/fr\/actualite\/national\/echec-des-negociations-entre-le-ministere-de-l-education-et-le-syndicat-de-l-enseignement-de-base\/206789\/\" \/>\n<meta property=\"og:site_name\" content=\"webdo\" \/>\n<meta property=\"article:publisher\" content=\"https:\/\/www.facebook.com\/webdotn\" \/>\n<meta property=\"article:published_time\" content=\"2023-06-22T14:46:00+00:00\" \/>\n<meta property=\"article:modified_time\" content=\"2025-05-20T22:57:12+00:00\" \/>\n<meta property=\"og:image\" content=\"https:\/\/www.webdo.tn\/fr\/wp-content\/uploads\/2023\/06\/7b70282bfbf7430f6fdc697f021e9424.jpg\" \/>\n\t<meta property=\"og:image:width\" content=\"675\" \/>\n\t<meta property=\"og:image:height\" content=\"360\" \/>\n\t<meta property=\"og:image:type\" content=\"image\/jpeg\" \/>\n<meta name=\"author\" content=\"WDA\" \/>\n<meta name=\"twitter:card\" content=\"summary_large_image\" \/>\n<meta name=\"twitter:creator\" content=\"@webdo_tn\" \/>\n<meta name=\"twitter:site\" content=\"@webdo_tn\" \/>\n<meta name=\"twitter:label1\" content=\"\u00c9crit par\" \/>\n\t<meta name=\"twitter:data1\" content=\"WDA\" \/>\n\t<meta name=\"twitter:label2\" content=\"Dur\u00e9e de lecture estim\u00e9e\" \/>\n\t<meta name=\"twitter:data2\" content=\"1 minute\" \/>\n<script type=\"application\/ld+json\" class=\"yoast-schema-graph\">{\"@context\":\"https:\\\/\\\/schema.org\",\"@graph\":[{\"@type\":\"NewsArticle\",\"@id\":\"https:\\\/\\\/www.webdo.tn\\\/fr\\\/actualite\\\/national\\\/echec-des-negociations-entre-le-ministere-de-l-education-et-le-syndicat-de-l-enseignement-de-base\\\/206789\\\/#article\",\"isPartOf\":{\"@id\":\"https:\\\/\\\/www.webdo.tn\\\/fr\\\/actualite\\\/national\\\/echec-des-negociations-entre-le-ministere-de-l-education-et-le-syndicat-de-l-enseignement-de-base\\\/206789\\\/\"},\"author\":{\"name\":\"WDA\",\"@id\":\"https:\\\/\\\/www.webdo.tn\\\/fr\\\/#\\\/schema\\\/person\\\/ae999f6cc68c323955dd7bb23b41f2dd\"},\"headline\":\"Echec des n\u00e9gociations entre l\u2019Education et le syndicat de l&rsquo;enseignement de base\",\"datePublished\":\"2023-06-22T14:46:00+00:00\",\"dateModified\":\"2025-05-20T22:57:12+00:00\",\"mainEntityOfPage\":{\"@id\":\"https:\\\/\\\/www.webdo.tn\\\/fr\\\/actualite\\\/national\\\/echec-des-negociations-entre-le-ministere-de-l-education-et-le-syndicat-de-l-enseignement-de-base\\\/206789\\\/\"},\"wordCount\":260,\"commentCount\":0,\"publisher\":{\"@id\":\"https:\\\/\\\/www.webdo.tn\\\/fr\\\/#organization\"},\"image\":{\"@id\":\"https:\\\/\\\/www.webdo.tn\\\/fr\\\/actualite\\\/national\\\/echec-des-negociations-entre-le-ministere-de-l-education-et-le-syndicat-de-l-enseignement-de-base\\\/206789\\\/#primaryimage\"},\"thumbnailUrl\":\"https:\\\/\\\/www.webdo.tn\\\/fr\\\/wp-content\\\/uploads\\\/2023\\\/06\\\/7b70282bfbf7430f6fdc697f021e9424.jpg\",\"keywords\":[\"Echec\",\"\u00e9ducation\",\"N\u00e9gociations\",\"syndicat\"],\"articleSection\":[\"National\"],\"inLanguage\":\"fr-FR\"},{\"@type\":\"WebPage\",\"@id\":\"https:\\\/\\\/www.webdo.tn\\\/fr\\\/actualite\\\/national\\\/echec-des-negociations-entre-le-ministere-de-l-education-et-le-syndicat-de-l-enseignement-de-base\\\/206789\\\/\",\"url\":\"https:\\\/\\\/www.webdo.tn\\\/fr\\\/actualite\\\/national\\\/echec-des-negociations-entre-le-ministere-de-l-education-et-le-syndicat-de-l-enseignement-de-base\\\/206789\\\/\",\"name\":\"Echec des n\u00e9gociations entre l\u2019Education et le syndicat de l'enseignement de base\",\"isPartOf\":{\"@id\":\"https:\\\/\\\/www.webdo.tn\\\/fr\\\/#website\"},\"primaryImageOfPage\":{\"@id\":\"https:\\\/\\\/www.webdo.tn\\\/fr\\\/actualite\\\/national\\\/echec-des-negociations-entre-le-ministere-de-l-education-et-le-syndicat-de-l-enseignement-de-base\\\/206789\\\/#primaryimage\"},\"image\":{\"@id\":\"https:\\\/\\\/www.webdo.tn\\\/fr\\\/actualite\\\/national\\\/echec-des-negociations-entre-le-ministere-de-l-education-et-le-syndicat-de-l-enseignement-de-base\\\/206789\\\/#primaryimage\"},\"thumbnailUrl\":\"https:\\\/\\\/www.webdo.tn\\\/fr\\\/wp-content\\\/uploads\\\/2023\\\/06\\\/7b70282bfbf7430f6fdc697f021e9424.jpg\",\"datePublished\":\"2023-06-22T14:46:00+00:00\",\"dateModified\":\"2025-05-20T22:57:12+00:00\",\"description\":\"Le secr\u00e9taire g\u00e9n\u00e9ral du syndicat de la F\u00e9d\u00e9ration g\u00e9n\u00e9rale de l'Enseignement de base, Nabil Houachi, a annonc\u00e9 l\u2019\u00e9chec de la s\u00e9ance de n\u00e9gociation, tenue ce je...\",\"breadcrumb\":{\"@id\":\"https:\\\/\\\/www.webdo.tn\\\/fr\\\/actualite\\\/national\\\/echec-des-negociations-entre-le-ministere-de-l-education-et-le-syndicat-de-l-enseignement-de-base\\\/206789\\\/#breadcrumb\"},\"inLanguage\":\"fr-FR\",\"potentialAction\":[{\"@type\":\"ReadAction\",\"target\":[\"https:\\\/\\\/www.webdo.tn\\\/fr\\\/actualite\\\/national\\\/echec-des-negociations-entre-le-ministere-de-l-education-et-le-syndicat-de-l-enseignement-de-base\\\/206789\\\/\"]}]},{\"@type\":\"ImageObject\",\"inLanguage\":\"fr-FR\",\"@id\":\"https:\\\/\\\/www.webdo.tn\\\/fr\\\/actualite\\\/national\\\/echec-des-negociations-entre-le-ministere-de-l-education-et-le-syndicat-de-l-enseignement-de-base\\\/206789\\\/#primaryimage\",\"url\":\"https:\\\/\\\/www.webdo.tn\\\/fr\\\/wp-content\\\/uploads\\\/2023\\\/06\\\/7b70282bfbf7430f6fdc697f021e9424.jpg\",\"contentUrl\":\"https:\\\/\\\/www.webdo.tn\\\/fr\\\/wp-content\\\/uploads\\\/2023\\\/06\\\/7b70282bfbf7430f6fdc697f021e9424.jpg\",\"width\":675,\"height\":360,\"caption\":\"Echec des n\u00e9gociations entre l\u2019Education et le syndicat de l'enseignement de base\"},{\"@type\":\"BreadcrumbList\",\"@id\":\"https:\\\/\\\/www.webdo.tn\\\/fr\\\/actualite\\\/national\\\/echec-des-negociations-entre-le-ministere-de-l-education-et-le-syndicat-de-l-enseignement-de-base\\\/206789\\\/#breadcrumb\",\"itemListElement\":[{\"@type\":\"ListItem\",\"position\":1,\"name\":\"Accueil\",\"item\":\"https:\\\/\\\/www.webdo.tn\\\/fr\\\/\"},{\"@type\":\"ListItem\",\"position\":2,\"name\":\"Echec des n\u00e9gociations entre l\u2019Education et le syndicat de l&rsquo;enseignement de base\"}]},{\"@type\":\"WebSite\",\"@id\":\"https:\\\/\\\/www.webdo.tn\\\/fr\\\/#website\",\"url\":\"https:\\\/\\\/www.webdo.tn\\\/fr\\\/\",\"name\":\"webdo\",\"description\":\"Tunisie - News en Tunisie et \u00e0 l&#039;international sur Webdo.tn\",\"publisher\":{\"@id\":\"https:\\\/\\\/www.webdo.tn\\\/fr\\\/#organization\"},\"potentialAction\":[{\"@type\":\"SearchAction\",\"target\":{\"@type\":\"EntryPoint\",\"urlTemplate\":\"https:\\\/\\\/www.webdo.tn\\\/fr\\\/?s={search_term_string}\"},\"query-input\":{\"@type\":\"PropertyValueSpecification\",\"valueRequired\":true,\"valueName\":\"search_term_string\"}}],\"inLanguage\":\"fr-FR\"},{\"@type\":\"Organization\",\"@id\":\"https:\\\/\\\/www.webdo.tn\\\/fr\\\/#organization\",\"name\":\"Webdo\",\"alternateName\":\"Webdo.tn\",\"url\":\"https:\\\/\\\/www.webdo.tn\\\/fr\\\/\",\"logo\":{\"@type\":\"ImageObject\",\"inLanguage\":\"fr-FR\",\"@id\":\"https:\\\/\\\/www.webdo.tn\\\/fr\\\/#\\\/schema\\\/logo\\\/image\\\/\",\"url\":\"https:\\\/\\\/www.webdo.tn\\\/fr\\\/wp-content\\\/uploads\\\/2025\\\/06\\\/Webdo-Tunisie_168377.jpg\",\"contentUrl\":\"https:\\\/\\\/www.webdo.tn\\\/fr\\\/wp-content\\\/uploads\\\/2025\\\/06\\\/Webdo-Tunisie_168377.jpg\",\"width\":301,\"height\":301,\"caption\":\"Webdo\"},\"image\":{\"@id\":\"https:\\\/\\\/www.webdo.tn\\\/fr\\\/#\\\/schema\\\/logo\\\/image\\\/\"},\"sameAs\":[\"https:\\\/\\\/www.facebook.com\\\/webdotn\",\"https:\\\/\\\/x.com\\\/webdo_tn\"],\"description\":\"Webdo est un m\u00e9dia num\u00e9rique tunisien fond\u00e9 en 2010, sp\u00e9cialis\u00e9 dans l\u2019actualit\u00e9 nationale et internationale, l\u2019\u00e9conomie, la soci\u00e9t\u00e9 et les analyses politiques. Le site s\u2019adresse \u00e0 un large public francophone et couvre l\u2019information tunisienne en temps r\u00e9el.\",\"email\":\"redac@webdo.tn\",\"legalName\":\"YNJ SARL\",\"foundingDate\":\"2010-09-06\",\"numberOfEmployees\":{\"@type\":\"QuantitativeValue\",\"minValue\":\"11\",\"maxValue\":\"50\"}},{\"@type\":\"Person\",\"@id\":\"https:\\\/\\\/www.webdo.tn\\\/fr\\\/#\\\/schema\\\/person\\\/ae999f6cc68c323955dd7bb23b41f2dd\",\"name\":\"WDA\",\"image\":{\"@type\":\"ImageObject\",\"inLanguage\":\"fr-FR\",\"@id\":\"https:\\\/\\\/secure.gravatar.com\\\/avatar\\\/008e9c4da3bbf467e76fbd05ea8a140d6f047be3ff32b495e3a42ecd99d95622?s=96&d=mm&r=g\",\"url\":\"https:\\\/\\\/secure.gravatar.com\\\/avatar\\\/008e9c4da3bbf467e76fbd05ea8a140d6f047be3ff32b495e3a42ecd99d95622?s=96&d=mm&r=g\",\"contentUrl\":\"https:\\\/\\\/secure.gravatar.com\\\/avatar\\\/008e9c4da3bbf467e76fbd05ea8a140d6f047be3ff32b495e3a42ecd99d95622?s=96&d=mm&r=g\",\"caption\":\"WDA\"},\"url\":\"https:\\\/\\\/www.webdo.tn\\\/fr\\\/actualite\\\/author\\\/wda\\\/\"}]}<\/script>\n<!-- \/ Yoast SEO Premium plugin. -->","yoast_head_json":{"title":"Echec des n\u00e9gociations entre l\u2019Education et le syndicat de l'enseignement de base","description":"Le secr\u00e9taire g\u00e9n\u00e9ral du syndicat de la F\u00e9d\u00e9ration g\u00e9n\u00e9rale de l'Enseignement de base, Nabil Houachi, a annonc\u00e9 l\u2019\u00e9chec de la s\u00e9ance de n\u00e9gociation, tenue ce je...","canonical":"https:\/\/www.webdo.tn\/fr\/actualite\/national\/echec-des-negociations-entre-le-ministere-de-l-education-et-le-syndicat-de-l-enseignement-de-base\/206789\/","og_locale":"fr_FR","og_type":"article","og_title":"Echec des n\u00e9gociations entre l\u2019Education et le syndicat de l'enseignement de base","og_description":"Le secr\u00e9taire g\u00e9n\u00e9ral du syndicat de la F\u00e9d\u00e9ration g\u00e9n\u00e9rale de l'Enseignement de base, Nabil Houachi, a annonc\u00e9 l\u2019\u00e9chec de la s\u00e9ance de n\u00e9gociation, tenue ce je...","og_url":"https:\/\/www.webdo.tn\/fr\/actualite\/national\/echec-des-negociations-entre-le-ministere-de-l-education-et-le-syndicat-de-l-enseignement-de-base\/206789\/","og_site_name":"webdo","article_publisher":"https:\/\/www.facebook.com\/webdotn","article_published_time":"2023-06-22T14:46:00+00:00","article_modified_time":"2025-05-20T22:57:12+00:00","og_image":[{"width":675,"height":360,"url":"https:\/\/www.webdo.tn\/fr\/wp-content\/uploads\/2023\/06\/7b70282bfbf7430f6fdc697f021e9424.jpg","type":"image\/jpeg"}],"author":"WDA","twitter_card":"summary_large_image","twitter_creator":"@webdo_tn","twitter_site":"@webdo_tn","twitter_misc":{"\u00c9crit par":"WDA","Dur\u00e9e de lecture estim\u00e9e":"1 minute"},"schema":{"@context":"https:\/\/schema.org","@graph":[{"@type":"NewsArticle","@id":"https:\/\/www.webdo.tn\/fr\/actualite\/national\/echec-des-negociations-entre-le-ministere-de-l-education-et-le-syndicat-de-l-enseignement-de-base\/206789\/#article","isPartOf":{"@id":"https:\/\/www.webdo.tn\/fr\/actualite\/national\/echec-des-negociations-entre-le-ministere-de-l-education-et-le-syndicat-de-l-enseignement-de-base\/206789\/"},"author":{"name":"WDA","@id":"https:\/\/www.webdo.tn\/fr\/#\/schema\/person\/ae999f6cc68c323955dd7bb23b41f2dd"},"headline":"Echec des n\u00e9gociations entre l\u2019Education et le syndicat de l&rsquo;enseignement de base","datePublished":"2023-06-22T14:46:00+00:00","dateModified":"2025-05-20T22:57:12+00:00","mainEntityOfPage":{"@id":"https:\/\/www.webdo.tn\/fr\/actualite\/national\/echec-des-negociations-entre-le-ministere-de-l-education-et-le-syndicat-de-l-enseignement-de-base\/206789\/"},"wordCount":260,"commentCount":0,"publisher":{"@id":"https:\/\/www.webdo.tn\/fr\/#organization"},"image":{"@id":"https:\/\/www.webdo.tn\/fr\/actualite\/national\/echec-des-negociations-entre-le-ministere-de-l-education-et-le-syndicat-de-l-enseignement-de-base\/206789\/#primaryimage"},"thumbnailUrl":"https:\/\/www.webdo.tn\/fr\/wp-content\/uploads\/2023\/06\/7b70282bfbf7430f6fdc697f021e9424.jpg","keywords":["Echec","\u00e9ducation","N\u00e9gociations","syndicat"],"articleSection":["National"],"inLanguage":"fr-FR"},{"@type":"WebPage","@id":"https:\/\/www.webdo.tn\/fr\/actualite\/national\/echec-des-negociations-entre-le-ministere-de-l-education-et-le-syndicat-de-l-enseignement-de-base\/206789\/","url":"https:\/\/www.webdo.tn\/fr\/actualite\/national\/echec-des-negociations-entre-le-ministere-de-l-education-et-le-syndicat-de-l-enseignement-de-base\/206789\/","name":"Echec des n\u00e9gociations entre l\u2019Education et le syndicat de l'enseignement de base","isPartOf":{"@id":"https:\/\/www.webdo.tn\/fr\/#website"},"primaryImageOfPage":{"@id":"https:\/\/www.webdo.tn\/fr\/actualite\/national\/echec-des-negociations-entre-le-ministere-de-l-education-et-le-syndicat-de-l-enseignement-de-base\/206789\/#primaryimage"},"image":{"@id":"https:\/\/www.webdo.tn\/fr\/actualite\/national\/echec-des-negociations-entre-le-ministere-de-l-education-et-le-syndicat-de-l-enseignement-de-base\/206789\/#primaryimage"},"thumbnailUrl":"https:\/\/www.webdo.tn\/fr\/wp-content\/uploads\/2023\/06\/7b70282bfbf7430f6fdc697f021e9424.jpg","datePublished":"2023-06-22T14:46:00+00:00","dateModified":"2025-05-20T22:57:12+00:00","description":"Le secr\u00e9taire g\u00e9n\u00e9ral du syndicat de la F\u00e9d\u00e9ration g\u00e9n\u00e9rale de l'Enseignement de base, Nabil Houachi, a annonc\u00e9 l\u2019\u00e9chec de la s\u00e9ance de n\u00e9gociation, tenue ce je...","breadcrumb":{"@id":"https:\/\/www.webdo.tn\/fr\/actualite\/national\/echec-des-negociations-entre-le-ministere-de-l-education-et-le-syndicat-de-l-enseignement-de-base\/206789\/#breadcrumb"},"inLanguage":"fr-FR","potentialAction":[{"@type":"ReadAction","target":["https:\/\/www.webdo.tn\/fr\/actualite\/national\/echec-des-negociations-entre-le-ministere-de-l-education-et-le-syndicat-de-l-enseignement-de-base\/206789\/"]}]},{"@type":"ImageObject","inLanguage":"fr-FR","@id":"https:\/\/www.webdo.tn\/fr\/actualite\/national\/echec-des-negociations-entre-le-ministere-de-l-education-et-le-syndicat-de-l-enseignement-de-base\/206789\/#primaryimage","url":"https:\/\/www.webdo.tn\/fr\/wp-content\/uploads\/2023\/06\/7b70282bfbf7430f6fdc697f021e9424.jpg","contentUrl":"https:\/\/www.webdo.tn\/fr\/wp-content\/uploads\/2023\/06\/7b70282bfbf7430f6fdc697f021e9424.jpg","width":675,"height":360,"caption":"Echec des n\u00e9gociations entre l\u2019Education et le syndicat de l'enseignement de base"},{"@type":"BreadcrumbList","@id":"https:\/\/www.webdo.tn\/fr\/actualite\/national\/echec-des-negociations-entre-le-ministere-de-l-education-et-le-syndicat-de-l-enseignement-de-base\/206789\/#breadcrumb","itemListElement":[{"@type":"ListItem","position":1,"name":"Accueil","item":"https:\/\/www.webdo.tn\/fr\/"},{"@type":"ListItem","position":2,"name":"Echec des n\u00e9gociations entre l\u2019Education et le syndicat de l&rsquo;enseignement de base"}]},{"@type":"WebSite","@id":"https:\/\/www.webdo.tn\/fr\/#website","url":"https:\/\/www.webdo.tn\/fr\/","name":"webdo","description":"Tunisie - News en Tunisie et \u00e0 l&#039;international sur Webdo.tn","publisher":{"@id":"https:\/\/www.webdo.tn\/fr\/#organization"},"potentialAction":[{"@type":"SearchAction","target":{"@type":"EntryPoint","urlTemplate":"https:\/\/www.webdo.tn\/fr\/?s={search_term_string}"},"query-input":{"@type":"PropertyValueSpecification","valueRequired":true,"valueName":"search_term_string"}}],"inLanguage":"fr-FR"},{"@type":"Organization","@id":"https:\/\/www.webdo.tn\/fr\/#organization","name":"Webdo","alternateName":"Webdo.tn","url":"https:\/\/www.webdo.tn\/fr\/","logo":{"@type":"ImageObject","inLanguage":"fr-FR","@id":"https:\/\/www.webdo.tn\/fr\/#\/schema\/logo\/image\/","url":"https:\/\/www.webdo.tn\/fr\/wp-content\/uploads\/2025\/06\/Webdo-Tunisie_168377.jpg","contentUrl":"https:\/\/www.webdo.tn\/fr\/wp-content\/uploads\/2025\/06\/Webdo-Tunisie_168377.jpg","width":301,"height":301,"caption":"Webdo"},"image":{"@id":"https:\/\/www.webdo.tn\/fr\/#\/schema\/logo\/image\/"},"sameAs":["https:\/\/www.facebook.com\/webdotn","https:\/\/x.com\/webdo_tn"],"description":"Webdo est un m\u00e9dia num\u00e9rique tunisien fond\u00e9 en 2010, sp\u00e9cialis\u00e9 dans l\u2019actualit\u00e9 nationale et internationale, l\u2019\u00e9conomie, la soci\u00e9t\u00e9 et les analyses politiques. Le site s\u2019adresse \u00e0 un large public francophone et couvre l\u2019information tunisienne en temps r\u00e9el.","email":"redac@webdo.tn","legalName":"YNJ SARL","foundingDate":"2010-09-06","numberOfEmployees":{"@type":"QuantitativeValue","minValue":"11","maxValue":"50"}},{"@type":"Person","@id":"https:\/\/www.webdo.tn\/fr\/#\/schema\/person\/ae999f6cc68c323955dd7bb23b41f2dd","name":"WDA","image":{"@type":"ImageObject","inLanguage":"fr-FR","@id":"https:\/\/secure.gravatar.com\/avatar\/008e9c4da3bbf467e76fbd05ea8a140d6f047be3ff32b495e3a42ecd99d95622?s=96&d=mm&r=g","url":"https:\/\/secure.gravatar.com\/avatar\/008e9c4da3bbf467e76fbd05ea8a140d6f047be3ff32b495e3a42ecd99d95622?s=96&d=mm&r=g","contentUrl":"https:\/\/secure.gravatar.com\/avatar\/008e9c4da3bbf467e76fbd05ea8a140d6f047be3ff32b495e3a42ecd99d95622?s=96&d=mm&r=g","caption":"WDA"},"url":"https:\/\/www.webdo.tn\/fr\/actualite\/author\/wda\/"}]}},"_links":{"self":[{"href":"https:\/\/www.webdo.tn\/fr\/wp-json\/wp\/v2\/posts\/206789","targetHints":{"allow":["GET"]}}],"collection":[{"href":"https:\/\/www.webdo.tn\/fr\/wp-json\/wp\/v2\/posts"}],"about":[{"href":"https:\/\/www.webdo.tn\/fr\/wp-json\/wp\/v2\/types\/post"}],"author":[{"embeddable":true,"href":"https:\/\/www.webdo.tn\/fr\/wp-json\/wp\/v2\/users\/3185"}],"replies":[{"embeddable":true,"href":"https:\/\/www.webdo.tn\/fr\/wp-json\/wp\/v2\/comments?post=206789"}],"version-history":[{"count":0,"href":"https:\/\/www.webdo.tn\/fr\/wp-json\/wp\/v2\/posts\/206789\/revisions"}],"wp:featuredmedia":[{"embeddable":true,"href":"https:\/\/www.webdo.tn\/fr\/wp-json\/wp\/v2\/media\/278372"}],"wp:attachment":[{"href":"https:\/\/www.webdo.tn\/fr\/wp-json\/wp\/v2\/media?parent=206789"}],"wp:term":[{"taxonomy":"category","embeddable":true,"href":"https:\/\/www.webdo.tn\/fr\/wp-json\/wp\/v2\/categories?post=206789"},{"taxonomy":"post_tag","embeddable":true,"href":"https:\/\/www.webdo.tn\/fr\/wp-json\/wp\/v2\/tags?post=206789"}],"curies":[{"name":"wp","href":"https:\/\/api.w.org\/{rel}","templated":true}]}}