{"id":206788,"date":"2023-06-22T14:18:00","date_gmt":"2023-06-22T14:18:00","guid":{"rendered":"https:\/\/www.webdo.tn\/fr\/blog\/entre-2011-et-2022-devaluation-de-52-du-dinar\/206788\/"},"modified":"2025-05-20T22:57:11","modified_gmt":"2025-05-20T22:57:11","slug":"entre-2011-et-2022-devaluation-de-52-du-dinar","status":"publish","type":"post","link":"https:\/\/www.webdo.tn\/fr\/actualite\/national\/entre-2011-et-2022-devaluation-de-52-du-dinar\/206788\/","title":{"rendered":"Entre 2011 et 2022, d\u00e9valuation de 52% du dinar"},"content":{"rendered":"<p>Amani Ben Sik, analyste des politiques publiques de l&rsquo;Observatoire tunisien de l&rsquo;\u00e9conomie, a d\u00e9clar\u00e9, aujourd\u2019hui jeudi 22 juin 2023 lors d\u2019un entretien sur Mosa\u00efque FM, qu\u2019entre 2011 et 2022, le dinar tunisien a perdu environ 52% de sa  valeur.<\/p>\n<p>\t\t\t\t\t\t\t\t\tAmani Ben Sik, analyste des politiques publiques de l&rsquo;Observatoire tunisien de l&rsquo;\u00e9conomie, a d\u00e9clar\u00e9, aujourd\u2019hui jeudi 22 juin 2023 lors d\u2019un entretien sur Mosa\u00efque FM, qu\u2019entre 2011 et 2022, le dinar tunisien a perdu environ 52% de sa \u00a0valeur.<\/p>\n<p>Cette d\u00e9pr\u00e9ciation du dinar tunisien, explique Amani Ben Sik, est due au changement dans les politiques mon\u00e9taires et la politique du change en rapport avec les instructions du FMI pour octroyer des cr\u00e9dits \u00e0 la Tunisie, notamment en 2013 et 2016.<\/p>\n<p>La \u00ab politique d\u2019endettement \u00bb, a ajout\u00e9 Ben Sik, aura des r\u00e9percussions sur les droits \u00e9conomiques et sociaux des citoyens, ainsi que sur le co\u00fbt de la vie et sur le pouvoir d&rsquo;achat du citoyen.<\/p>\n","protected":false},"excerpt":{"rendered":"<p>Amani Ben Sik, analyste des politiques publiques de l&rsquo;Observatoire tunisien de l&rsquo;\u00e9conomie, a d\u00e9clar\u00e9 qu\u2019entre 2011 et 2022, le dinar tunisien a perdu environ 52&#8230;<\/p>\n","protected":false},"author":3185,"featured_media":278368,"comment_status":"open","ping_status":"closed","sticky":false,"template":"","format":"standard","meta":{"footnotes":""},"categories":[44],"tags":[9558,9207,3280],"class_list":["post-206788","post","type-post","status-publish","format-standard","has-post-thumbnail","hentry","category-national","tag-2011-2022","tag-depreciation","tag-dinar"],"yoast_head":"<!-- This site is optimized with the Yoast SEO Premium plugin v27.4 (Yoast SEO v27.4) - https:\/\/yoast.com\/product\/yoast-seo-premium-wordpress\/ -->\n<title>Entre 2011 et 2022, d\u00e9valuation de 52% du dinar<\/title>\n<meta name=\"description\" content=\"Amani Ben Sik, analyste des politiques publiques de l&#039;Observatoire tunisien de l&#039;\u00e9conomie, a d\u00e9clar\u00e9 qu\u2019entre 2011 et 2022, le dinar tunisien a perdu environ 52...\" \/>\n<link rel=\"canonical\" href=\"https:\/\/www.webdo.tn\/fr\/actualite\/national\/entre-2011-et-2022-devaluation-de-52-du-dinar\/206788\/\" \/>\n<meta property=\"og:locale\" content=\"fr_FR\" \/>\n<meta property=\"og:type\" content=\"article\" \/>\n<meta property=\"og:title\" content=\"Entre 2011 et 2022, d\u00e9valuation de 52% du dinar\" \/>\n<meta property=\"og:description\" content=\"Amani Ben Sik, analyste des politiques publiques de l&#039;Observatoire tunisien de l&#039;\u00e9conomie, a d\u00e9clar\u00e9 qu\u2019entre 2011 et 2022, le dinar tunisien a perdu environ 52...\" \/>\n<meta property=\"og:url\" content=\"https:\/\/www.webdo.tn\/fr\/actualite\/national\/entre-2011-et-2022-devaluation-de-52-du-dinar\/206788\/\" \/>\n<meta property=\"og:site_name\" content=\"webdo\" \/>\n<meta property=\"article:publisher\" content=\"https:\/\/www.facebook.com\/webdotn\" \/>\n<meta property=\"article:published_time\" content=\"2023-06-22T14:18:00+00:00\" \/>\n<meta property=\"article:modified_time\" content=\"2025-05-20T22:57:11+00:00\" \/>\n<meta property=\"og:image\" content=\"https:\/\/www.webdo.tn\/fr\/wp-content\/uploads\/2023\/06\/271832aa217ae2887cb6112e56d9e09d.jpg\" \/>\n\t<meta property=\"og:image:width\" content=\"703\" \/>\n\t<meta property=\"og:image:height\" content=\"375\" \/>\n\t<meta property=\"og:image:type\" content=\"image\/jpeg\" \/>\n<meta name=\"author\" content=\"WDA\" \/>\n<meta name=\"twitter:card\" content=\"summary_large_image\" \/>\n<meta name=\"twitter:creator\" content=\"@webdo_tn\" \/>\n<meta name=\"twitter:site\" content=\"@webdo_tn\" \/>\n<meta name=\"twitter:label1\" content=\"\u00c9crit par\" \/>\n\t<meta name=\"twitter:data1\" content=\"WDA\" \/>\n\t<meta name=\"twitter:label2\" content=\"Dur\u00e9e de lecture estim\u00e9e\" \/>\n\t<meta name=\"twitter:data2\" content=\"1 minute\" \/>\n<script type=\"application\/ld+json\" class=\"yoast-schema-graph\">{\"@context\":\"https:\\\/\\\/schema.org\",\"@graph\":[{\"@type\":\"NewsArticle\",\"@id\":\"https:\\\/\\\/www.webdo.tn\\\/fr\\\/actualite\\\/national\\\/entre-2011-et-2022-devaluation-de-52-du-dinar\\\/206788\\\/#article\",\"isPartOf\":{\"@id\":\"https:\\\/\\\/www.webdo.tn\\\/fr\\\/actualite\\\/national\\\/entre-2011-et-2022-devaluation-de-52-du-dinar\\\/206788\\\/\"},\"author\":{\"name\":\"WDA\",\"@id\":\"https:\\\/\\\/www.webdo.tn\\\/fr\\\/#\\\/schema\\\/person\\\/ae999f6cc68c323955dd7bb23b41f2dd\"},\"headline\":\"Entre 2011 et 2022, d\u00e9valuation de 52% du dinar\",\"datePublished\":\"2023-06-22T14:18:00+00:00\",\"dateModified\":\"2025-05-20T22:57:11+00:00\",\"mainEntityOfPage\":{\"@id\":\"https:\\\/\\\/www.webdo.tn\\\/fr\\\/actualite\\\/national\\\/entre-2011-et-2022-devaluation-de-52-du-dinar\\\/206788\\\/\"},\"wordCount\":168,\"commentCount\":0,\"publisher\":{\"@id\":\"https:\\\/\\\/www.webdo.tn\\\/fr\\\/#organization\"},\"image\":{\"@id\":\"https:\\\/\\\/www.webdo.tn\\\/fr\\\/actualite\\\/national\\\/entre-2011-et-2022-devaluation-de-52-du-dinar\\\/206788\\\/#primaryimage\"},\"thumbnailUrl\":\"https:\\\/\\\/www.webdo.tn\\\/fr\\\/wp-content\\\/uploads\\\/2023\\\/06\\\/271832aa217ae2887cb6112e56d9e09d.jpg\",\"keywords\":[\"2011 - 2022\",\"d\u00e9pr\u00e9ciation\",\"Dinar\"],\"articleSection\":[\"National\"],\"inLanguage\":\"fr-FR\"},{\"@type\":\"WebPage\",\"@id\":\"https:\\\/\\\/www.webdo.tn\\\/fr\\\/actualite\\\/national\\\/entre-2011-et-2022-devaluation-de-52-du-dinar\\\/206788\\\/\",\"url\":\"https:\\\/\\\/www.webdo.tn\\\/fr\\\/actualite\\\/national\\\/entre-2011-et-2022-devaluation-de-52-du-dinar\\\/206788\\\/\",\"name\":\"Entre 2011 et 2022, d\u00e9valuation de 52% du dinar\",\"isPartOf\":{\"@id\":\"https:\\\/\\\/www.webdo.tn\\\/fr\\\/#website\"},\"primaryImageOfPage\":{\"@id\":\"https:\\\/\\\/www.webdo.tn\\\/fr\\\/actualite\\\/national\\\/entre-2011-et-2022-devaluation-de-52-du-dinar\\\/206788\\\/#primaryimage\"},\"image\":{\"@id\":\"https:\\\/\\\/www.webdo.tn\\\/fr\\\/actualite\\\/national\\\/entre-2011-et-2022-devaluation-de-52-du-dinar\\\/206788\\\/#primaryimage\"},\"thumbnailUrl\":\"https:\\\/\\\/www.webdo.tn\\\/fr\\\/wp-content\\\/uploads\\\/2023\\\/06\\\/271832aa217ae2887cb6112e56d9e09d.jpg\",\"datePublished\":\"2023-06-22T14:18:00+00:00\",\"dateModified\":\"2025-05-20T22:57:11+00:00\",\"description\":\"Amani Ben Sik, analyste des politiques publiques de l'Observatoire tunisien de l'\u00e9conomie, a d\u00e9clar\u00e9 qu\u2019entre 2011 et 2022, le dinar tunisien a perdu environ 52...\",\"breadcrumb\":{\"@id\":\"https:\\\/\\\/www.webdo.tn\\\/fr\\\/actualite\\\/national\\\/entre-2011-et-2022-devaluation-de-52-du-dinar\\\/206788\\\/#breadcrumb\"},\"inLanguage\":\"fr-FR\",\"potentialAction\":[{\"@type\":\"ReadAction\",\"target\":[\"https:\\\/\\\/www.webdo.tn\\\/fr\\\/actualite\\\/national\\\/entre-2011-et-2022-devaluation-de-52-du-dinar\\\/206788\\\/\"]}]},{\"@type\":\"ImageObject\",\"inLanguage\":\"fr-FR\",\"@id\":\"https:\\\/\\\/www.webdo.tn\\\/fr\\\/actualite\\\/national\\\/entre-2011-et-2022-devaluation-de-52-du-dinar\\\/206788\\\/#primaryimage\",\"url\":\"https:\\\/\\\/www.webdo.tn\\\/fr\\\/wp-content\\\/uploads\\\/2023\\\/06\\\/271832aa217ae2887cb6112e56d9e09d.jpg\",\"contentUrl\":\"https:\\\/\\\/www.webdo.tn\\\/fr\\\/wp-content\\\/uploads\\\/2023\\\/06\\\/271832aa217ae2887cb6112e56d9e09d.jpg\",\"width\":703,\"height\":375,\"caption\":\"Entre 2011 et 2022, d\u00e9valuation de 52% du dinar\"},{\"@type\":\"BreadcrumbList\",\"@id\":\"https:\\\/\\\/www.webdo.tn\\\/fr\\\/actualite\\\/national\\\/entre-2011-et-2022-devaluation-de-52-du-dinar\\\/206788\\\/#breadcrumb\",\"itemListElement\":[{\"@type\":\"ListItem\",\"position\":1,\"name\":\"Accueil\",\"item\":\"https:\\\/\\\/www.webdo.tn\\\/fr\\\/\"},{\"@type\":\"ListItem\",\"position\":2,\"name\":\"Entre 2011 et 2022, d\u00e9valuation de 52% du dinar\"}]},{\"@type\":\"WebSite\",\"@id\":\"https:\\\/\\\/www.webdo.tn\\\/fr\\\/#website\",\"url\":\"https:\\\/\\\/www.webdo.tn\\\/fr\\\/\",\"name\":\"webdo\",\"description\":\"Tunisie - News en Tunisie et \u00e0 l&#039;international sur Webdo.tn\",\"publisher\":{\"@id\":\"https:\\\/\\\/www.webdo.tn\\\/fr\\\/#organization\"},\"potentialAction\":[{\"@type\":\"SearchAction\",\"target\":{\"@type\":\"EntryPoint\",\"urlTemplate\":\"https:\\\/\\\/www.webdo.tn\\\/fr\\\/?s={search_term_string}\"},\"query-input\":{\"@type\":\"PropertyValueSpecification\",\"valueRequired\":true,\"valueName\":\"search_term_string\"}}],\"inLanguage\":\"fr-FR\"},{\"@type\":\"Organization\",\"@id\":\"https:\\\/\\\/www.webdo.tn\\\/fr\\\/#organization\",\"name\":\"Webdo\",\"alternateName\":\"Webdo.tn\",\"url\":\"https:\\\/\\\/www.webdo.tn\\\/fr\\\/\",\"logo\":{\"@type\":\"ImageObject\",\"inLanguage\":\"fr-FR\",\"@id\":\"https:\\\/\\\/www.webdo.tn\\\/fr\\\/#\\\/schema\\\/logo\\\/image\\\/\",\"url\":\"https:\\\/\\\/www.webdo.tn\\\/fr\\\/wp-content\\\/uploads\\\/2025\\\/06\\\/Webdo-Tunisie_168377.jpg\",\"contentUrl\":\"https:\\\/\\\/www.webdo.tn\\\/fr\\\/wp-content\\\/uploads\\\/2025\\\/06\\\/Webdo-Tunisie_168377.jpg\",\"width\":301,\"height\":301,\"caption\":\"Webdo\"},\"image\":{\"@id\":\"https:\\\/\\\/www.webdo.tn\\\/fr\\\/#\\\/schema\\\/logo\\\/image\\\/\"},\"sameAs\":[\"https:\\\/\\\/www.facebook.com\\\/webdotn\",\"https:\\\/\\\/x.com\\\/webdo_tn\"],\"description\":\"Webdo est un m\u00e9dia num\u00e9rique tunisien fond\u00e9 en 2010, sp\u00e9cialis\u00e9 dans l\u2019actualit\u00e9 nationale et internationale, l\u2019\u00e9conomie, la soci\u00e9t\u00e9 et les analyses politiques. Le site s\u2019adresse \u00e0 un large public francophone et couvre l\u2019information tunisienne en temps r\u00e9el.\",\"email\":\"redac@webdo.tn\",\"legalName\":\"YNJ SARL\",\"foundingDate\":\"2010-09-06\",\"numberOfEmployees\":{\"@type\":\"QuantitativeValue\",\"minValue\":\"11\",\"maxValue\":\"50\"}},{\"@type\":\"Person\",\"@id\":\"https:\\\/\\\/www.webdo.tn\\\/fr\\\/#\\\/schema\\\/person\\\/ae999f6cc68c323955dd7bb23b41f2dd\",\"name\":\"WDA\",\"image\":{\"@type\":\"ImageObject\",\"inLanguage\":\"fr-FR\",\"@id\":\"https:\\\/\\\/secure.gravatar.com\\\/avatar\\\/008e9c4da3bbf467e76fbd05ea8a140d6f047be3ff32b495e3a42ecd99d95622?s=96&d=mm&r=g\",\"url\":\"https:\\\/\\\/secure.gravatar.com\\\/avatar\\\/008e9c4da3bbf467e76fbd05ea8a140d6f047be3ff32b495e3a42ecd99d95622?s=96&d=mm&r=g\",\"contentUrl\":\"https:\\\/\\\/secure.gravatar.com\\\/avatar\\\/008e9c4da3bbf467e76fbd05ea8a140d6f047be3ff32b495e3a42ecd99d95622?s=96&d=mm&r=g\",\"caption\":\"WDA\"},\"url\":\"https:\\\/\\\/www.webdo.tn\\\/fr\\\/actualite\\\/author\\\/wda\\\/\"}]}<\/script>\n<!-- \/ Yoast SEO Premium plugin. -->","yoast_head_json":{"title":"Entre 2011 et 2022, d\u00e9valuation de 52% du dinar","description":"Amani Ben Sik, analyste des politiques publiques de l'Observatoire tunisien de l'\u00e9conomie, a d\u00e9clar\u00e9 qu\u2019entre 2011 et 2022, le dinar tunisien a perdu environ 52...","canonical":"https:\/\/www.webdo.tn\/fr\/actualite\/national\/entre-2011-et-2022-devaluation-de-52-du-dinar\/206788\/","og_locale":"fr_FR","og_type":"article","og_title":"Entre 2011 et 2022, d\u00e9valuation de 52% du dinar","og_description":"Amani Ben Sik, analyste des politiques publiques de l'Observatoire tunisien de l'\u00e9conomie, a d\u00e9clar\u00e9 qu\u2019entre 2011 et 2022, le dinar tunisien a perdu environ 52...","og_url":"https:\/\/www.webdo.tn\/fr\/actualite\/national\/entre-2011-et-2022-devaluation-de-52-du-dinar\/206788\/","og_site_name":"webdo","article_publisher":"https:\/\/www.facebook.com\/webdotn","article_published_time":"2023-06-22T14:18:00+00:00","article_modified_time":"2025-05-20T22:57:11+00:00","og_image":[{"width":703,"height":375,"url":"https:\/\/www.webdo.tn\/fr\/wp-content\/uploads\/2023\/06\/271832aa217ae2887cb6112e56d9e09d.jpg","type":"image\/jpeg"}],"author":"WDA","twitter_card":"summary_large_image","twitter_creator":"@webdo_tn","twitter_site":"@webdo_tn","twitter_misc":{"\u00c9crit par":"WDA","Dur\u00e9e de lecture estim\u00e9e":"1 minute"},"schema":{"@context":"https:\/\/schema.org","@graph":[{"@type":"NewsArticle","@id":"https:\/\/www.webdo.tn\/fr\/actualite\/national\/entre-2011-et-2022-devaluation-de-52-du-dinar\/206788\/#article","isPartOf":{"@id":"https:\/\/www.webdo.tn\/fr\/actualite\/national\/entre-2011-et-2022-devaluation-de-52-du-dinar\/206788\/"},"author":{"name":"WDA","@id":"https:\/\/www.webdo.tn\/fr\/#\/schema\/person\/ae999f6cc68c323955dd7bb23b41f2dd"},"headline":"Entre 2011 et 2022, d\u00e9valuation de 52% du dinar","datePublished":"2023-06-22T14:18:00+00:00","dateModified":"2025-05-20T22:57:11+00:00","mainEntityOfPage":{"@id":"https:\/\/www.webdo.tn\/fr\/actualite\/national\/entre-2011-et-2022-devaluation-de-52-du-dinar\/206788\/"},"wordCount":168,"commentCount":0,"publisher":{"@id":"https:\/\/www.webdo.tn\/fr\/#organization"},"image":{"@id":"https:\/\/www.webdo.tn\/fr\/actualite\/national\/entre-2011-et-2022-devaluation-de-52-du-dinar\/206788\/#primaryimage"},"thumbnailUrl":"https:\/\/www.webdo.tn\/fr\/wp-content\/uploads\/2023\/06\/271832aa217ae2887cb6112e56d9e09d.jpg","keywords":["2011 - 2022","d\u00e9pr\u00e9ciation","Dinar"],"articleSection":["National"],"inLanguage":"fr-FR"},{"@type":"WebPage","@id":"https:\/\/www.webdo.tn\/fr\/actualite\/national\/entre-2011-et-2022-devaluation-de-52-du-dinar\/206788\/","url":"https:\/\/www.webdo.tn\/fr\/actualite\/national\/entre-2011-et-2022-devaluation-de-52-du-dinar\/206788\/","name":"Entre 2011 et 2022, d\u00e9valuation de 52% du dinar","isPartOf":{"@id":"https:\/\/www.webdo.tn\/fr\/#website"},"primaryImageOfPage":{"@id":"https:\/\/www.webdo.tn\/fr\/actualite\/national\/entre-2011-et-2022-devaluation-de-52-du-dinar\/206788\/#primaryimage"},"image":{"@id":"https:\/\/www.webdo.tn\/fr\/actualite\/national\/entre-2011-et-2022-devaluation-de-52-du-dinar\/206788\/#primaryimage"},"thumbnailUrl":"https:\/\/www.webdo.tn\/fr\/wp-content\/uploads\/2023\/06\/271832aa217ae2887cb6112e56d9e09d.jpg","datePublished":"2023-06-22T14:18:00+00:00","dateModified":"2025-05-20T22:57:11+00:00","description":"Amani Ben Sik, analyste des politiques publiques de l'Observatoire tunisien de l'\u00e9conomie, a d\u00e9clar\u00e9 qu\u2019entre 2011 et 2022, le dinar tunisien a perdu environ 52...","breadcrumb":{"@id":"https:\/\/www.webdo.tn\/fr\/actualite\/national\/entre-2011-et-2022-devaluation-de-52-du-dinar\/206788\/#breadcrumb"},"inLanguage":"fr-FR","potentialAction":[{"@type":"ReadAction","target":["https:\/\/www.webdo.tn\/fr\/actualite\/national\/entre-2011-et-2022-devaluation-de-52-du-dinar\/206788\/"]}]},{"@type":"ImageObject","inLanguage":"fr-FR","@id":"https:\/\/www.webdo.tn\/fr\/actualite\/national\/entre-2011-et-2022-devaluation-de-52-du-dinar\/206788\/#primaryimage","url":"https:\/\/www.webdo.tn\/fr\/wp-content\/uploads\/2023\/06\/271832aa217ae2887cb6112e56d9e09d.jpg","contentUrl":"https:\/\/www.webdo.tn\/fr\/wp-content\/uploads\/2023\/06\/271832aa217ae2887cb6112e56d9e09d.jpg","width":703,"height":375,"caption":"Entre 2011 et 2022, d\u00e9valuation de 52% du dinar"},{"@type":"BreadcrumbList","@id":"https:\/\/www.webdo.tn\/fr\/actualite\/national\/entre-2011-et-2022-devaluation-de-52-du-dinar\/206788\/#breadcrumb","itemListElement":[{"@type":"ListItem","position":1,"name":"Accueil","item":"https:\/\/www.webdo.tn\/fr\/"},{"@type":"ListItem","position":2,"name":"Entre 2011 et 2022, d\u00e9valuation de 52% du dinar"}]},{"@type":"WebSite","@id":"https:\/\/www.webdo.tn\/fr\/#website","url":"https:\/\/www.webdo.tn\/fr\/","name":"webdo","description":"Tunisie - News en Tunisie et \u00e0 l&#039;international sur Webdo.tn","publisher":{"@id":"https:\/\/www.webdo.tn\/fr\/#organization"},"potentialAction":[{"@type":"SearchAction","target":{"@type":"EntryPoint","urlTemplate":"https:\/\/www.webdo.tn\/fr\/?s={search_term_string}"},"query-input":{"@type":"PropertyValueSpecification","valueRequired":true,"valueName":"search_term_string"}}],"inLanguage":"fr-FR"},{"@type":"Organization","@id":"https:\/\/www.webdo.tn\/fr\/#organization","name":"Webdo","alternateName":"Webdo.tn","url":"https:\/\/www.webdo.tn\/fr\/","logo":{"@type":"ImageObject","inLanguage":"fr-FR","@id":"https:\/\/www.webdo.tn\/fr\/#\/schema\/logo\/image\/","url":"https:\/\/www.webdo.tn\/fr\/wp-content\/uploads\/2025\/06\/Webdo-Tunisie_168377.jpg","contentUrl":"https:\/\/www.webdo.tn\/fr\/wp-content\/uploads\/2025\/06\/Webdo-Tunisie_168377.jpg","width":301,"height":301,"caption":"Webdo"},"image":{"@id":"https:\/\/www.webdo.tn\/fr\/#\/schema\/logo\/image\/"},"sameAs":["https:\/\/www.facebook.com\/webdotn","https:\/\/x.com\/webdo_tn"],"description":"Webdo est un m\u00e9dia num\u00e9rique tunisien fond\u00e9 en 2010, sp\u00e9cialis\u00e9 dans l\u2019actualit\u00e9 nationale et internationale, l\u2019\u00e9conomie, la soci\u00e9t\u00e9 et les analyses politiques. Le site s\u2019adresse \u00e0 un large public francophone et couvre l\u2019information tunisienne en temps r\u00e9el.","email":"redac@webdo.tn","legalName":"YNJ SARL","foundingDate":"2010-09-06","numberOfEmployees":{"@type":"QuantitativeValue","minValue":"11","maxValue":"50"}},{"@type":"Person","@id":"https:\/\/www.webdo.tn\/fr\/#\/schema\/person\/ae999f6cc68c323955dd7bb23b41f2dd","name":"WDA","image":{"@type":"ImageObject","inLanguage":"fr-FR","@id":"https:\/\/secure.gravatar.com\/avatar\/008e9c4da3bbf467e76fbd05ea8a140d6f047be3ff32b495e3a42ecd99d95622?s=96&d=mm&r=g","url":"https:\/\/secure.gravatar.com\/avatar\/008e9c4da3bbf467e76fbd05ea8a140d6f047be3ff32b495e3a42ecd99d95622?s=96&d=mm&r=g","contentUrl":"https:\/\/secure.gravatar.com\/avatar\/008e9c4da3bbf467e76fbd05ea8a140d6f047be3ff32b495e3a42ecd99d95622?s=96&d=mm&r=g","caption":"WDA"},"url":"https:\/\/www.webdo.tn\/fr\/actualite\/author\/wda\/"}]}},"_links":{"self":[{"href":"https:\/\/www.webdo.tn\/fr\/wp-json\/wp\/v2\/posts\/206788","targetHints":{"allow":["GET"]}}],"collection":[{"href":"https:\/\/www.webdo.tn\/fr\/wp-json\/wp\/v2\/posts"}],"about":[{"href":"https:\/\/www.webdo.tn\/fr\/wp-json\/wp\/v2\/types\/post"}],"author":[{"embeddable":true,"href":"https:\/\/www.webdo.tn\/fr\/wp-json\/wp\/v2\/users\/3185"}],"replies":[{"embeddable":true,"href":"https:\/\/www.webdo.tn\/fr\/wp-json\/wp\/v2\/comments?post=206788"}],"version-history":[{"count":0,"href":"https:\/\/www.webdo.tn\/fr\/wp-json\/wp\/v2\/posts\/206788\/revisions"}],"wp:featuredmedia":[{"embeddable":true,"href":"https:\/\/www.webdo.tn\/fr\/wp-json\/wp\/v2\/media\/278368"}],"wp:attachment":[{"href":"https:\/\/www.webdo.tn\/fr\/wp-json\/wp\/v2\/media?parent=206788"}],"wp:term":[{"taxonomy":"category","embeddable":true,"href":"https:\/\/www.webdo.tn\/fr\/wp-json\/wp\/v2\/categories?post=206788"},{"taxonomy":"post_tag","embeddable":true,"href":"https:\/\/www.webdo.tn\/fr\/wp-json\/wp\/v2\/tags?post=206788"}],"curies":[{"name":"wp","href":"https:\/\/api.w.org\/{rel}","templated":true}]}}