{"id":206784,"date":"2023-06-22T13:15:00","date_gmt":"2023-06-22T13:15:00","guid":{"rendered":"https:\/\/www.webdo.tn\/fr\/blog\/rencontre-kais-saied-abdelfattah-sissi\/206784\/"},"modified":"2025-05-20T22:57:12","modified_gmt":"2025-05-20T22:57:12","slug":"rencontre-kais-saied-abdelfattah-sissi","status":"publish","type":"post","link":"https:\/\/www.webdo.tn\/fr\/actualite\/national\/rencontre-kais-saied-abdelfattah-sissi\/206784\/","title":{"rendered":"Ka\u00efs Sa\u00efed rencontre Abdelfattah Sissi \u00e0 Paris"},"content":{"rendered":"<p>En marge de la tenue du Sommet pour un nouveau pacte financier qui vient de se tenir \u00e0 Paris les 22 et 23 juin 2023, le Pr\u00e9sident Ka\u00efs Sa\u00efed qui y a \u00e9t\u00e9 invit\u00e9 par le pr\u00e9sident fran\u00e7ais Emanuel Macron, a eu un entretien avec son homologue \u00e9gyptien, le pr\u00e9sident Abdelfattah Sissi<\/p>\n<p>\t\t\t\t\t\t\t\t\tEn marge de la tenue du Sommet pour un nouveau pacte financier qui vient de se tenir \u00e0 Paris les 22 et 23 juin 2023, le Pr\u00e9sident Ka\u00efs Sa\u00efed qui y a \u00e9t\u00e9 invit\u00e9 par le pr\u00e9sident fran\u00e7ais Emanuel Macron, a eu un entretien avec son homologue \u00e9gyptien, le pr\u00e9sident Abdelfattah Sissi.<\/p>\n<p>Lors de cette rencontre, les deux pr\u00e9sidents ont \u00e9voqu\u00e9 les solides relations de fraternit\u00e9 et de coop\u00e9ration qui unissent les deux pays, tout en insistant sur la n\u00e9cessit\u00e9 de les consolider dans divers domaines entre autres celui \u00e9conomique et du d\u00e9veloppement, au service des int\u00e9r\u00eats des deux peuples.<\/p>\n<p>Les deux pr\u00e9sidents ont, par ailleurs, \u00e9voqu\u00e9 un ensemble de questions r\u00e9gionales d\u2019int\u00e9r\u00eat commun, tout en passant en revue les points \u00e0 l\u2019ordre du jour de ce sommet de Paris.<\/p>\n<p>Le Pr\u00e9sident Ka\u00efs Sa\u00efed a insist\u00e9 \u00e0 ce sujet sur la n\u00e9cessit\u00e9 d\u2019une nouvelle approche, non traditionnelle, dans l\u2019\u00e9laboration de nouveaux rapports \u00e9conomiques et financiers internationaux prenant en compte les exigences pr\u00e9sentes et les d\u00e9fis \u00e9mergents dans le monde en g\u00e9n\u00e9ral et dans les pays en d\u00e9veloppement particuli\u00e8rement.<\/p>\n<p>De nouvelles relations internationales qui exaucent les aspirations des peuples de ces pays \u00e0 vivre dans la dignit\u00e9 et dans le respect total de la souverainet\u00e9 nationale.<\/p>\n","protected":false},"excerpt":{"rendered":"<p>En marge de la tenue du Sommet pour un nouveau pacte financier qui vient de se tenir \u00e0 Paris les 22 et 23 juin 2023, le Pr\u00e9sident Ka\u00efs Sa\u00efed a eu un entretien a&#8230;<\/p>\n","protected":false},"author":3185,"featured_media":278370,"comment_status":"open","ping_status":"closed","sticky":false,"template":"","format":"standard","meta":{"footnotes":""},"categories":[44],"tags":[2614,5270,7287,9559],"class_list":["post-206784","post","type-post","status-publish","format-standard","has-post-thumbnail","hentry","category-national","tag-kais-saied","tag-paris","tag-rencontre","tag-sissi"],"yoast_head":"<!-- This site is optimized with the Yoast SEO Premium plugin v27.5 (Yoast SEO v27.5) - https:\/\/yoast.com\/product\/yoast-seo-premium-wordpress\/ -->\n<title>Ka\u00efs Sa\u00efed rencontre Abdelfattah Sissi \u00e0 Paris<\/title>\n<meta name=\"description\" content=\"En marge de la tenue du Sommet pour un nouveau pacte financier qui vient de se tenir \u00e0 Paris les 22 et 23 juin 2023, le Pr\u00e9sident Ka\u00efs Sa\u00efed a eu un entretien a...\" \/>\n<link rel=\"canonical\" href=\"https:\/\/www.webdo.tn\/fr\/actualite\/national\/rencontre-kais-saied-abdelfattah-sissi\/206784\/\" \/>\n<meta property=\"og:locale\" content=\"fr_FR\" \/>\n<meta property=\"og:type\" content=\"article\" \/>\n<meta property=\"og:title\" content=\"Ka\u00efs Sa\u00efed rencontre Abdelfattah Sissi \u00e0 Paris\" \/>\n<meta property=\"og:description\" content=\"En marge de la tenue du Sommet pour un nouveau pacte financier qui vient de se tenir \u00e0 Paris les 22 et 23 juin 2023, le Pr\u00e9sident Ka\u00efs Sa\u00efed a eu un entretien a...\" \/>\n<meta property=\"og:url\" content=\"https:\/\/www.webdo.tn\/fr\/actualite\/national\/rencontre-kais-saied-abdelfattah-sissi\/206784\/\" \/>\n<meta property=\"og:site_name\" content=\"webdo\" \/>\n<meta property=\"article:publisher\" content=\"https:\/\/www.facebook.com\/webdotn\" \/>\n<meta property=\"article:published_time\" content=\"2023-06-22T13:15:00+00:00\" \/>\n<meta property=\"article:modified_time\" content=\"2025-05-20T22:57:12+00:00\" \/>\n<meta property=\"og:image\" content=\"https:\/\/www.webdo.tn\/fr\/wp-content\/uploads\/2023\/06\/d7a46293b6e7b2404fcde9d98de97c7c.jpg\" \/>\n\t<meta property=\"og:image:width\" content=\"594\" \/>\n\t<meta property=\"og:image:height\" content=\"317\" \/>\n\t<meta property=\"og:image:type\" content=\"image\/jpeg\" \/>\n<meta name=\"author\" content=\"WDA\" \/>\n<meta name=\"twitter:card\" content=\"summary_large_image\" \/>\n<meta name=\"twitter:creator\" content=\"@webdo_tn\" \/>\n<meta name=\"twitter:site\" content=\"@webdo_tn\" \/>\n<meta name=\"twitter:label1\" content=\"\u00c9crit par\" \/>\n\t<meta name=\"twitter:data1\" content=\"WDA\" \/>\n\t<meta name=\"twitter:label2\" content=\"Dur\u00e9e de lecture estim\u00e9e\" \/>\n\t<meta name=\"twitter:data2\" content=\"1 minute\" \/>\n<script type=\"application\/ld+json\" class=\"yoast-schema-graph\">{\"@context\":\"https:\\\/\\\/schema.org\",\"@graph\":[{\"@type\":\"NewsArticle\",\"@id\":\"https:\\\/\\\/www.webdo.tn\\\/fr\\\/actualite\\\/national\\\/rencontre-kais-saied-abdelfattah-sissi\\\/206784\\\/#article\",\"isPartOf\":{\"@id\":\"https:\\\/\\\/www.webdo.tn\\\/fr\\\/actualite\\\/national\\\/rencontre-kais-saied-abdelfattah-sissi\\\/206784\\\/\"},\"author\":{\"name\":\"WDA\",\"@id\":\"https:\\\/\\\/www.webdo.tn\\\/fr\\\/#\\\/schema\\\/person\\\/ae999f6cc68c323955dd7bb23b41f2dd\"},\"headline\":\"Ka\u00efs Sa\u00efed rencontre Abdelfattah Sissi \u00e0 Paris\",\"datePublished\":\"2023-06-22T13:15:00+00:00\",\"dateModified\":\"2025-05-20T22:57:12+00:00\",\"mainEntityOfPage\":{\"@id\":\"https:\\\/\\\/www.webdo.tn\\\/fr\\\/actualite\\\/national\\\/rencontre-kais-saied-abdelfattah-sissi\\\/206784\\\/\"},\"wordCount\":290,\"commentCount\":0,\"publisher\":{\"@id\":\"https:\\\/\\\/www.webdo.tn\\\/fr\\\/#organization\"},\"image\":{\"@id\":\"https:\\\/\\\/www.webdo.tn\\\/fr\\\/actualite\\\/national\\\/rencontre-kais-saied-abdelfattah-sissi\\\/206784\\\/#primaryimage\"},\"thumbnailUrl\":\"https:\\\/\\\/www.webdo.tn\\\/fr\\\/wp-content\\\/uploads\\\/2023\\\/06\\\/d7a46293b6e7b2404fcde9d98de97c7c.jpg\",\"keywords\":[\"Kais Saied\",\"Paris\",\"Rencontre\",\"Sissi\"],\"articleSection\":[\"National\"],\"inLanguage\":\"fr-FR\"},{\"@type\":\"WebPage\",\"@id\":\"https:\\\/\\\/www.webdo.tn\\\/fr\\\/actualite\\\/national\\\/rencontre-kais-saied-abdelfattah-sissi\\\/206784\\\/\",\"url\":\"https:\\\/\\\/www.webdo.tn\\\/fr\\\/actualite\\\/national\\\/rencontre-kais-saied-abdelfattah-sissi\\\/206784\\\/\",\"name\":\"Ka\u00efs Sa\u00efed rencontre Abdelfattah Sissi \u00e0 Paris\",\"isPartOf\":{\"@id\":\"https:\\\/\\\/www.webdo.tn\\\/fr\\\/#website\"},\"primaryImageOfPage\":{\"@id\":\"https:\\\/\\\/www.webdo.tn\\\/fr\\\/actualite\\\/national\\\/rencontre-kais-saied-abdelfattah-sissi\\\/206784\\\/#primaryimage\"},\"image\":{\"@id\":\"https:\\\/\\\/www.webdo.tn\\\/fr\\\/actualite\\\/national\\\/rencontre-kais-saied-abdelfattah-sissi\\\/206784\\\/#primaryimage\"},\"thumbnailUrl\":\"https:\\\/\\\/www.webdo.tn\\\/fr\\\/wp-content\\\/uploads\\\/2023\\\/06\\\/d7a46293b6e7b2404fcde9d98de97c7c.jpg\",\"datePublished\":\"2023-06-22T13:15:00+00:00\",\"dateModified\":\"2025-05-20T22:57:12+00:00\",\"description\":\"En marge de la tenue du Sommet pour un nouveau pacte financier qui vient de se tenir \u00e0 Paris les 22 et 23 juin 2023, le Pr\u00e9sident Ka\u00efs Sa\u00efed a eu un entretien a...\",\"breadcrumb\":{\"@id\":\"https:\\\/\\\/www.webdo.tn\\\/fr\\\/actualite\\\/national\\\/rencontre-kais-saied-abdelfattah-sissi\\\/206784\\\/#breadcrumb\"},\"inLanguage\":\"fr-FR\",\"potentialAction\":[{\"@type\":\"ReadAction\",\"target\":[\"https:\\\/\\\/www.webdo.tn\\\/fr\\\/actualite\\\/national\\\/rencontre-kais-saied-abdelfattah-sissi\\\/206784\\\/\"]}]},{\"@type\":\"ImageObject\",\"inLanguage\":\"fr-FR\",\"@id\":\"https:\\\/\\\/www.webdo.tn\\\/fr\\\/actualite\\\/national\\\/rencontre-kais-saied-abdelfattah-sissi\\\/206784\\\/#primaryimage\",\"url\":\"https:\\\/\\\/www.webdo.tn\\\/fr\\\/wp-content\\\/uploads\\\/2023\\\/06\\\/d7a46293b6e7b2404fcde9d98de97c7c.jpg\",\"contentUrl\":\"https:\\\/\\\/www.webdo.tn\\\/fr\\\/wp-content\\\/uploads\\\/2023\\\/06\\\/d7a46293b6e7b2404fcde9d98de97c7c.jpg\",\"width\":594,\"height\":317,\"caption\":\"Ka\u00efs Sa\u00efed rencontre Abdelfattah Sissi \u00e0 Paris\"},{\"@type\":\"BreadcrumbList\",\"@id\":\"https:\\\/\\\/www.webdo.tn\\\/fr\\\/actualite\\\/national\\\/rencontre-kais-saied-abdelfattah-sissi\\\/206784\\\/#breadcrumb\",\"itemListElement\":[{\"@type\":\"ListItem\",\"position\":1,\"name\":\"Accueil\",\"item\":\"https:\\\/\\\/www.webdo.tn\\\/fr\\\/\"},{\"@type\":\"ListItem\",\"position\":2,\"name\":\"Ka\u00efs Sa\u00efed rencontre Abdelfattah Sissi \u00e0 Paris\"}]},{\"@type\":\"WebSite\",\"@id\":\"https:\\\/\\\/www.webdo.tn\\\/fr\\\/#website\",\"url\":\"https:\\\/\\\/www.webdo.tn\\\/fr\\\/\",\"name\":\"webdo\",\"description\":\"Tunisie - News en Tunisie et \u00e0 l&#039;international sur Webdo.tn\",\"publisher\":{\"@id\":\"https:\\\/\\\/www.webdo.tn\\\/fr\\\/#organization\"},\"potentialAction\":[{\"@type\":\"SearchAction\",\"target\":{\"@type\":\"EntryPoint\",\"urlTemplate\":\"https:\\\/\\\/www.webdo.tn\\\/fr\\\/?s={search_term_string}\"},\"query-input\":{\"@type\":\"PropertyValueSpecification\",\"valueRequired\":true,\"valueName\":\"search_term_string\"}}],\"inLanguage\":\"fr-FR\"},{\"@type\":\"Organization\",\"@id\":\"https:\\\/\\\/www.webdo.tn\\\/fr\\\/#organization\",\"name\":\"Webdo\",\"alternateName\":\"Webdo.tn\",\"url\":\"https:\\\/\\\/www.webdo.tn\\\/fr\\\/\",\"logo\":{\"@type\":\"ImageObject\",\"inLanguage\":\"fr-FR\",\"@id\":\"https:\\\/\\\/www.webdo.tn\\\/fr\\\/#\\\/schema\\\/logo\\\/image\\\/\",\"url\":\"https:\\\/\\\/www.webdo.tn\\\/fr\\\/wp-content\\\/uploads\\\/2025\\\/06\\\/Webdo-Tunisie_168377.jpg\",\"contentUrl\":\"https:\\\/\\\/www.webdo.tn\\\/fr\\\/wp-content\\\/uploads\\\/2025\\\/06\\\/Webdo-Tunisie_168377.jpg\",\"width\":301,\"height\":301,\"caption\":\"Webdo\"},\"image\":{\"@id\":\"https:\\\/\\\/www.webdo.tn\\\/fr\\\/#\\\/schema\\\/logo\\\/image\\\/\"},\"sameAs\":[\"https:\\\/\\\/www.facebook.com\\\/webdotn\",\"https:\\\/\\\/x.com\\\/webdo_tn\"],\"description\":\"Webdo est un m\u00e9dia num\u00e9rique tunisien fond\u00e9 en 2010, sp\u00e9cialis\u00e9 dans l\u2019actualit\u00e9 nationale et internationale, l\u2019\u00e9conomie, la soci\u00e9t\u00e9 et les analyses politiques. Le site s\u2019adresse \u00e0 un large public francophone et couvre l\u2019information tunisienne en temps r\u00e9el.\",\"email\":\"redac@webdo.tn\",\"legalName\":\"YNJ SARL\",\"foundingDate\":\"2010-09-06\",\"numberOfEmployees\":{\"@type\":\"QuantitativeValue\",\"minValue\":\"11\",\"maxValue\":\"50\"}},{\"@type\":\"Person\",\"@id\":\"https:\\\/\\\/www.webdo.tn\\\/fr\\\/#\\\/schema\\\/person\\\/ae999f6cc68c323955dd7bb23b41f2dd\",\"name\":\"WDA\",\"image\":{\"@type\":\"ImageObject\",\"inLanguage\":\"fr-FR\",\"@id\":\"https:\\\/\\\/secure.gravatar.com\\\/avatar\\\/008e9c4da3bbf467e76fbd05ea8a140d6f047be3ff32b495e3a42ecd99d95622?s=96&d=mm&r=g\",\"url\":\"https:\\\/\\\/secure.gravatar.com\\\/avatar\\\/008e9c4da3bbf467e76fbd05ea8a140d6f047be3ff32b495e3a42ecd99d95622?s=96&d=mm&r=g\",\"contentUrl\":\"https:\\\/\\\/secure.gravatar.com\\\/avatar\\\/008e9c4da3bbf467e76fbd05ea8a140d6f047be3ff32b495e3a42ecd99d95622?s=96&d=mm&r=g\",\"caption\":\"WDA\"},\"url\":\"https:\\\/\\\/www.webdo.tn\\\/fr\\\/actualite\\\/author\\\/wda\\\/\"}]}<\/script>\n<!-- \/ Yoast SEO Premium plugin. -->","yoast_head_json":{"title":"Ka\u00efs Sa\u00efed rencontre Abdelfattah Sissi \u00e0 Paris","description":"En marge de la tenue du Sommet pour un nouveau pacte financier qui vient de se tenir \u00e0 Paris les 22 et 23 juin 2023, le Pr\u00e9sident Ka\u00efs Sa\u00efed a eu un entretien a...","canonical":"https:\/\/www.webdo.tn\/fr\/actualite\/national\/rencontre-kais-saied-abdelfattah-sissi\/206784\/","og_locale":"fr_FR","og_type":"article","og_title":"Ka\u00efs Sa\u00efed rencontre Abdelfattah Sissi \u00e0 Paris","og_description":"En marge de la tenue du Sommet pour un nouveau pacte financier qui vient de se tenir \u00e0 Paris les 22 et 23 juin 2023, le Pr\u00e9sident Ka\u00efs Sa\u00efed a eu un entretien a...","og_url":"https:\/\/www.webdo.tn\/fr\/actualite\/national\/rencontre-kais-saied-abdelfattah-sissi\/206784\/","og_site_name":"webdo","article_publisher":"https:\/\/www.facebook.com\/webdotn","article_published_time":"2023-06-22T13:15:00+00:00","article_modified_time":"2025-05-20T22:57:12+00:00","og_image":[{"width":594,"height":317,"url":"https:\/\/www.webdo.tn\/fr\/wp-content\/uploads\/2023\/06\/d7a46293b6e7b2404fcde9d98de97c7c.jpg","type":"image\/jpeg"}],"author":"WDA","twitter_card":"summary_large_image","twitter_creator":"@webdo_tn","twitter_site":"@webdo_tn","twitter_misc":{"\u00c9crit par":"WDA","Dur\u00e9e de lecture estim\u00e9e":"1 minute"},"schema":{"@context":"https:\/\/schema.org","@graph":[{"@type":"NewsArticle","@id":"https:\/\/www.webdo.tn\/fr\/actualite\/national\/rencontre-kais-saied-abdelfattah-sissi\/206784\/#article","isPartOf":{"@id":"https:\/\/www.webdo.tn\/fr\/actualite\/national\/rencontre-kais-saied-abdelfattah-sissi\/206784\/"},"author":{"name":"WDA","@id":"https:\/\/www.webdo.tn\/fr\/#\/schema\/person\/ae999f6cc68c323955dd7bb23b41f2dd"},"headline":"Ka\u00efs Sa\u00efed rencontre Abdelfattah Sissi \u00e0 Paris","datePublished":"2023-06-22T13:15:00+00:00","dateModified":"2025-05-20T22:57:12+00:00","mainEntityOfPage":{"@id":"https:\/\/www.webdo.tn\/fr\/actualite\/national\/rencontre-kais-saied-abdelfattah-sissi\/206784\/"},"wordCount":290,"commentCount":0,"publisher":{"@id":"https:\/\/www.webdo.tn\/fr\/#organization"},"image":{"@id":"https:\/\/www.webdo.tn\/fr\/actualite\/national\/rencontre-kais-saied-abdelfattah-sissi\/206784\/#primaryimage"},"thumbnailUrl":"https:\/\/www.webdo.tn\/fr\/wp-content\/uploads\/2023\/06\/d7a46293b6e7b2404fcde9d98de97c7c.jpg","keywords":["Kais Saied","Paris","Rencontre","Sissi"],"articleSection":["National"],"inLanguage":"fr-FR"},{"@type":"WebPage","@id":"https:\/\/www.webdo.tn\/fr\/actualite\/national\/rencontre-kais-saied-abdelfattah-sissi\/206784\/","url":"https:\/\/www.webdo.tn\/fr\/actualite\/national\/rencontre-kais-saied-abdelfattah-sissi\/206784\/","name":"Ka\u00efs Sa\u00efed rencontre Abdelfattah Sissi \u00e0 Paris","isPartOf":{"@id":"https:\/\/www.webdo.tn\/fr\/#website"},"primaryImageOfPage":{"@id":"https:\/\/www.webdo.tn\/fr\/actualite\/national\/rencontre-kais-saied-abdelfattah-sissi\/206784\/#primaryimage"},"image":{"@id":"https:\/\/www.webdo.tn\/fr\/actualite\/national\/rencontre-kais-saied-abdelfattah-sissi\/206784\/#primaryimage"},"thumbnailUrl":"https:\/\/www.webdo.tn\/fr\/wp-content\/uploads\/2023\/06\/d7a46293b6e7b2404fcde9d98de97c7c.jpg","datePublished":"2023-06-22T13:15:00+00:00","dateModified":"2025-05-20T22:57:12+00:00","description":"En marge de la tenue du Sommet pour un nouveau pacte financier qui vient de se tenir \u00e0 Paris les 22 et 23 juin 2023, le Pr\u00e9sident Ka\u00efs Sa\u00efed a eu un entretien a...","breadcrumb":{"@id":"https:\/\/www.webdo.tn\/fr\/actualite\/national\/rencontre-kais-saied-abdelfattah-sissi\/206784\/#breadcrumb"},"inLanguage":"fr-FR","potentialAction":[{"@type":"ReadAction","target":["https:\/\/www.webdo.tn\/fr\/actualite\/national\/rencontre-kais-saied-abdelfattah-sissi\/206784\/"]}]},{"@type":"ImageObject","inLanguage":"fr-FR","@id":"https:\/\/www.webdo.tn\/fr\/actualite\/national\/rencontre-kais-saied-abdelfattah-sissi\/206784\/#primaryimage","url":"https:\/\/www.webdo.tn\/fr\/wp-content\/uploads\/2023\/06\/d7a46293b6e7b2404fcde9d98de97c7c.jpg","contentUrl":"https:\/\/www.webdo.tn\/fr\/wp-content\/uploads\/2023\/06\/d7a46293b6e7b2404fcde9d98de97c7c.jpg","width":594,"height":317,"caption":"Ka\u00efs Sa\u00efed rencontre Abdelfattah Sissi \u00e0 Paris"},{"@type":"BreadcrumbList","@id":"https:\/\/www.webdo.tn\/fr\/actualite\/national\/rencontre-kais-saied-abdelfattah-sissi\/206784\/#breadcrumb","itemListElement":[{"@type":"ListItem","position":1,"name":"Accueil","item":"https:\/\/www.webdo.tn\/fr\/"},{"@type":"ListItem","position":2,"name":"Ka\u00efs Sa\u00efed rencontre Abdelfattah Sissi \u00e0 Paris"}]},{"@type":"WebSite","@id":"https:\/\/www.webdo.tn\/fr\/#website","url":"https:\/\/www.webdo.tn\/fr\/","name":"webdo","description":"Tunisie - News en Tunisie et \u00e0 l&#039;international sur Webdo.tn","publisher":{"@id":"https:\/\/www.webdo.tn\/fr\/#organization"},"potentialAction":[{"@type":"SearchAction","target":{"@type":"EntryPoint","urlTemplate":"https:\/\/www.webdo.tn\/fr\/?s={search_term_string}"},"query-input":{"@type":"PropertyValueSpecification","valueRequired":true,"valueName":"search_term_string"}}],"inLanguage":"fr-FR"},{"@type":"Organization","@id":"https:\/\/www.webdo.tn\/fr\/#organization","name":"Webdo","alternateName":"Webdo.tn","url":"https:\/\/www.webdo.tn\/fr\/","logo":{"@type":"ImageObject","inLanguage":"fr-FR","@id":"https:\/\/www.webdo.tn\/fr\/#\/schema\/logo\/image\/","url":"https:\/\/www.webdo.tn\/fr\/wp-content\/uploads\/2025\/06\/Webdo-Tunisie_168377.jpg","contentUrl":"https:\/\/www.webdo.tn\/fr\/wp-content\/uploads\/2025\/06\/Webdo-Tunisie_168377.jpg","width":301,"height":301,"caption":"Webdo"},"image":{"@id":"https:\/\/www.webdo.tn\/fr\/#\/schema\/logo\/image\/"},"sameAs":["https:\/\/www.facebook.com\/webdotn","https:\/\/x.com\/webdo_tn"],"description":"Webdo est un m\u00e9dia num\u00e9rique tunisien fond\u00e9 en 2010, sp\u00e9cialis\u00e9 dans l\u2019actualit\u00e9 nationale et internationale, l\u2019\u00e9conomie, la soci\u00e9t\u00e9 et les analyses politiques. Le site s\u2019adresse \u00e0 un large public francophone et couvre l\u2019information tunisienne en temps r\u00e9el.","email":"redac@webdo.tn","legalName":"YNJ SARL","foundingDate":"2010-09-06","numberOfEmployees":{"@type":"QuantitativeValue","minValue":"11","maxValue":"50"}},{"@type":"Person","@id":"https:\/\/www.webdo.tn\/fr\/#\/schema\/person\/ae999f6cc68c323955dd7bb23b41f2dd","name":"WDA","image":{"@type":"ImageObject","inLanguage":"fr-FR","@id":"https:\/\/secure.gravatar.com\/avatar\/008e9c4da3bbf467e76fbd05ea8a140d6f047be3ff32b495e3a42ecd99d95622?s=96&d=mm&r=g","url":"https:\/\/secure.gravatar.com\/avatar\/008e9c4da3bbf467e76fbd05ea8a140d6f047be3ff32b495e3a42ecd99d95622?s=96&d=mm&r=g","contentUrl":"https:\/\/secure.gravatar.com\/avatar\/008e9c4da3bbf467e76fbd05ea8a140d6f047be3ff32b495e3a42ecd99d95622?s=96&d=mm&r=g","caption":"WDA"},"url":"https:\/\/www.webdo.tn\/fr\/actualite\/author\/wda\/"}]}},"_links":{"self":[{"href":"https:\/\/www.webdo.tn\/fr\/wp-json\/wp\/v2\/posts\/206784","targetHints":{"allow":["GET"]}}],"collection":[{"href":"https:\/\/www.webdo.tn\/fr\/wp-json\/wp\/v2\/posts"}],"about":[{"href":"https:\/\/www.webdo.tn\/fr\/wp-json\/wp\/v2\/types\/post"}],"author":[{"embeddable":true,"href":"https:\/\/www.webdo.tn\/fr\/wp-json\/wp\/v2\/users\/3185"}],"replies":[{"embeddable":true,"href":"https:\/\/www.webdo.tn\/fr\/wp-json\/wp\/v2\/comments?post=206784"}],"version-history":[{"count":0,"href":"https:\/\/www.webdo.tn\/fr\/wp-json\/wp\/v2\/posts\/206784\/revisions"}],"wp:featuredmedia":[{"embeddable":true,"href":"https:\/\/www.webdo.tn\/fr\/wp-json\/wp\/v2\/media\/278370"}],"wp:attachment":[{"href":"https:\/\/www.webdo.tn\/fr\/wp-json\/wp\/v2\/media?parent=206784"}],"wp:term":[{"taxonomy":"category","embeddable":true,"href":"https:\/\/www.webdo.tn\/fr\/wp-json\/wp\/v2\/categories?post=206784"},{"taxonomy":"post_tag","embeddable":true,"href":"https:\/\/www.webdo.tn\/fr\/wp-json\/wp\/v2\/tags?post=206784"}],"curies":[{"name":"wp","href":"https:\/\/api.w.org\/{rel}","templated":true}]}}