{"id":206766,"date":"2023-06-21T19:41:00","date_gmt":"2023-06-21T19:41:00","guid":{"rendered":"https:\/\/www.webdo.tn\/fr\/blog\/la-tunisie-et-la-hongrie-visent-a-developper-leur-cooperation-economique\/206766\/"},"modified":"2023-06-21T19:41:00","modified_gmt":"2023-06-21T19:41:00","slug":"la-tunisie-et-la-hongrie-visent-a-developper-leur-cooperation-economique","status":"publish","type":"post","link":"https:\/\/www.webdo.tn\/fr\/actualite\/national\/la-tunisie-et-la-hongrie-visent-a-developper-leur-cooperation-economique\/206766\/","title":{"rendered":"La Tunisie et la Hongrie visent \u00e0 d\u00e9velopper leur coop\u00e9ration \u00e9conomique"},"content":{"rendered":"<p>Un m\u00e9morandum d&rsquo;entente visant \u00e0 d\u00e9velopper les relations commerciales et \u00e9conomiques a \u00e9t\u00e9 sign\u00e9e, ce mercredi 21 juin 2023, entre l&rsquo;Union Tunisienne de l&rsquo;Industrie, du Commerce et de l&rsquo;Artisanat (UTICA) et la Chambre hongroise de Commerce et d&rsquo;Industrie, selon un communiqu\u00e9 publi\u00e9 par l&rsquo;UTICA.<\/p>\n<p>\t\t\t\t\t\t\t\t\tSign\u00e9 par le pr\u00e9sident de l&rsquo;UTICA, Samir Majoul et le pr\u00e9sident de la chambre hongroise, L\u00e1szl\u00f3 Parragh, \u00a0cet accord vise donc\u00a0\u00e0 renforcer davantage le volume des \u00e9changes commerciaux bilat\u00e9raux qui reste en de\u00e7\u00e0 des attentes, malgr\u00e9 son \u00e9nrome potentiel.\u00a0<\/p>\n<p>Il est \u00e0 rappeler que le ministre des Affaires Etrang\u00e8res, de la Migration et des Tunisiens \u00e0 l\u2019Etranger, Nabil Ammar effectue du 20 et 21 juin courant, une visite de travail en Hongrie, et est accompagn\u00e9 d&rsquo;une importante d\u00e9l\u00e9gation d&rsquo;hommes d&rsquo;affaires conduite par le pr\u00e9sident de l&rsquo;UTICA.<\/p>\n","protected":false},"excerpt":{"rendered":"<p>Un m\u00e9morandum d&rsquo;entente visant \u00e0 d\u00e9velopper les relations commerciales et \u00e9conomiques a \u00e9t\u00e9 sign\u00e9e, ce mercredi 21 juin 2023, entre l&rsquo;Union Tunisienne de l&rsquo;Indu&#8230;<\/p>\n","protected":false},"author":3169,"featured_media":249907,"comment_status":"open","ping_status":"closed","sticky":false,"template":"","format":"standard","meta":{"footnotes":""},"categories":[44],"tags":[2732,3154,7386,2608],"class_list":["post-206766","post","type-post","status-publish","format-standard","has-post-thumbnail","hentry","category-national","tag-cooperation","tag-economie","tag-hongrie","tag-tunisie"],"yoast_head":"<!-- This site is optimized with the Yoast SEO Premium plugin v27.5 (Yoast SEO v27.5) - https:\/\/yoast.com\/product\/yoast-seo-premium-wordpress\/ -->\n<title>La Tunisie et la Hongrie visent \u00e0 d\u00e9velopper leur coop\u00e9ration \u00e9conomique<\/title>\n<meta name=\"description\" content=\"Un m\u00e9morandum d&#039;entente visant \u00e0 d\u00e9velopper les relations commerciales et \u00e9conomiques a \u00e9t\u00e9 sign\u00e9e, ce mercredi 21 juin 2023, entre l&#039;Union Tunisienne de l&#039;Indu...\" \/>\n<link rel=\"canonical\" href=\"https:\/\/www.webdo.tn\/fr\/actualite\/national\/la-tunisie-et-la-hongrie-visent-a-developper-leur-cooperation-economique\/206766\/\" \/>\n<meta property=\"og:locale\" content=\"fr_FR\" \/>\n<meta property=\"og:type\" content=\"article\" \/>\n<meta property=\"og:title\" content=\"La Tunisie et la Hongrie visent \u00e0 d\u00e9velopper leur coop\u00e9ration \u00e9conomique\" \/>\n<meta property=\"og:description\" content=\"Un m\u00e9morandum d&#039;entente visant \u00e0 d\u00e9velopper les relations commerciales et \u00e9conomiques a \u00e9t\u00e9 sign\u00e9e, ce mercredi 21 juin 2023, entre l&#039;Union Tunisienne de l&#039;Indu...\" \/>\n<meta property=\"og:url\" content=\"https:\/\/www.webdo.tn\/fr\/actualite\/national\/la-tunisie-et-la-hongrie-visent-a-developper-leur-cooperation-economique\/206766\/\" \/>\n<meta property=\"og:site_name\" content=\"webdo\" \/>\n<meta property=\"article:publisher\" content=\"https:\/\/www.facebook.com\/webdotn\" \/>\n<meta property=\"article:published_time\" content=\"2023-06-21T19:41:00+00:00\" \/>\n<meta property=\"og:image\" content=\"https:\/\/www.webdo.tn\/fr\/wp-content\/uploads\/2023\/06\/5257edc2c71947347a2ab6dfa8b89842.jpg\" \/>\n\t<meta property=\"og:image:width\" content=\"647\" \/>\n\t<meta property=\"og:image:height\" content=\"345\" \/>\n\t<meta property=\"og:image:type\" content=\"image\/jpeg\" \/>\n<meta name=\"author\" content=\"Webdo\" \/>\n<meta name=\"twitter:card\" content=\"summary_large_image\" \/>\n<meta name=\"twitter:creator\" content=\"@webdo_tn\" \/>\n<meta name=\"twitter:site\" content=\"@webdo_tn\" \/>\n<meta name=\"twitter:label1\" content=\"\u00c9crit par\" \/>\n\t<meta name=\"twitter:data1\" content=\"Webdo\" \/>\n\t<meta name=\"twitter:label2\" content=\"Dur\u00e9e de lecture estim\u00e9e\" \/>\n\t<meta name=\"twitter:data2\" content=\"1 minute\" \/>\n<script type=\"application\/ld+json\" class=\"yoast-schema-graph\">{\"@context\":\"https:\\\/\\\/schema.org\",\"@graph\":[{\"@type\":\"NewsArticle\",\"@id\":\"https:\\\/\\\/www.webdo.tn\\\/fr\\\/actualite\\\/national\\\/la-tunisie-et-la-hongrie-visent-a-developper-leur-cooperation-economique\\\/206766\\\/#article\",\"isPartOf\":{\"@id\":\"https:\\\/\\\/www.webdo.tn\\\/fr\\\/actualite\\\/national\\\/la-tunisie-et-la-hongrie-visent-a-developper-leur-cooperation-economique\\\/206766\\\/\"},\"author\":{\"name\":\"Webdo\",\"@id\":\"https:\\\/\\\/www.webdo.tn\\\/fr\\\/#\\\/schema\\\/person\\\/1f4e491e0907b413d61089e8eb573acc\"},\"headline\":\"La Tunisie et la Hongrie visent \u00e0 d\u00e9velopper leur coop\u00e9ration \u00e9conomique\",\"datePublished\":\"2023-06-21T19:41:00+00:00\",\"mainEntityOfPage\":{\"@id\":\"https:\\\/\\\/www.webdo.tn\\\/fr\\\/actualite\\\/national\\\/la-tunisie-et-la-hongrie-visent-a-developper-leur-cooperation-economique\\\/206766\\\/\"},\"wordCount\":158,\"commentCount\":0,\"publisher\":{\"@id\":\"https:\\\/\\\/www.webdo.tn\\\/fr\\\/#organization\"},\"image\":{\"@id\":\"https:\\\/\\\/www.webdo.tn\\\/fr\\\/actualite\\\/national\\\/la-tunisie-et-la-hongrie-visent-a-developper-leur-cooperation-economique\\\/206766\\\/#primaryimage\"},\"thumbnailUrl\":\"https:\\\/\\\/www.webdo.tn\\\/fr\\\/wp-content\\\/uploads\\\/2023\\\/06\\\/5257edc2c71947347a2ab6dfa8b89842.jpg\",\"keywords\":[\"coop\u00e9ration\",\"\u00e9conomie\",\"hongrie\",\"Tunisie\"],\"articleSection\":[\"National\"],\"inLanguage\":\"fr-FR\"},{\"@type\":\"WebPage\",\"@id\":\"https:\\\/\\\/www.webdo.tn\\\/fr\\\/actualite\\\/national\\\/la-tunisie-et-la-hongrie-visent-a-developper-leur-cooperation-economique\\\/206766\\\/\",\"url\":\"https:\\\/\\\/www.webdo.tn\\\/fr\\\/actualite\\\/national\\\/la-tunisie-et-la-hongrie-visent-a-developper-leur-cooperation-economique\\\/206766\\\/\",\"name\":\"La Tunisie et la Hongrie visent \u00e0 d\u00e9velopper leur coop\u00e9ration \u00e9conomique\",\"isPartOf\":{\"@id\":\"https:\\\/\\\/www.webdo.tn\\\/fr\\\/#website\"},\"primaryImageOfPage\":{\"@id\":\"https:\\\/\\\/www.webdo.tn\\\/fr\\\/actualite\\\/national\\\/la-tunisie-et-la-hongrie-visent-a-developper-leur-cooperation-economique\\\/206766\\\/#primaryimage\"},\"image\":{\"@id\":\"https:\\\/\\\/www.webdo.tn\\\/fr\\\/actualite\\\/national\\\/la-tunisie-et-la-hongrie-visent-a-developper-leur-cooperation-economique\\\/206766\\\/#primaryimage\"},\"thumbnailUrl\":\"https:\\\/\\\/www.webdo.tn\\\/fr\\\/wp-content\\\/uploads\\\/2023\\\/06\\\/5257edc2c71947347a2ab6dfa8b89842.jpg\",\"datePublished\":\"2023-06-21T19:41:00+00:00\",\"description\":\"Un m\u00e9morandum d'entente visant \u00e0 d\u00e9velopper les relations commerciales et \u00e9conomiques a \u00e9t\u00e9 sign\u00e9e, ce mercredi 21 juin 2023, entre l'Union Tunisienne de l'Indu...\",\"breadcrumb\":{\"@id\":\"https:\\\/\\\/www.webdo.tn\\\/fr\\\/actualite\\\/national\\\/la-tunisie-et-la-hongrie-visent-a-developper-leur-cooperation-economique\\\/206766\\\/#breadcrumb\"},\"inLanguage\":\"fr-FR\",\"potentialAction\":[{\"@type\":\"ReadAction\",\"target\":[\"https:\\\/\\\/www.webdo.tn\\\/fr\\\/actualite\\\/national\\\/la-tunisie-et-la-hongrie-visent-a-developper-leur-cooperation-economique\\\/206766\\\/\"]}]},{\"@type\":\"ImageObject\",\"inLanguage\":\"fr-FR\",\"@id\":\"https:\\\/\\\/www.webdo.tn\\\/fr\\\/actualite\\\/national\\\/la-tunisie-et-la-hongrie-visent-a-developper-leur-cooperation-economique\\\/206766\\\/#primaryimage\",\"url\":\"https:\\\/\\\/www.webdo.tn\\\/fr\\\/wp-content\\\/uploads\\\/2023\\\/06\\\/5257edc2c71947347a2ab6dfa8b89842.jpg\",\"contentUrl\":\"https:\\\/\\\/www.webdo.tn\\\/fr\\\/wp-content\\\/uploads\\\/2023\\\/06\\\/5257edc2c71947347a2ab6dfa8b89842.jpg\",\"width\":647,\"height\":345,\"caption\":\"La Tunisie et la Hongrie visent \u00e0 d\u00e9velopper leur coop\u00e9ration \u00e9conomique\"},{\"@type\":\"BreadcrumbList\",\"@id\":\"https:\\\/\\\/www.webdo.tn\\\/fr\\\/actualite\\\/national\\\/la-tunisie-et-la-hongrie-visent-a-developper-leur-cooperation-economique\\\/206766\\\/#breadcrumb\",\"itemListElement\":[{\"@type\":\"ListItem\",\"position\":1,\"name\":\"Accueil\",\"item\":\"https:\\\/\\\/www.webdo.tn\\\/fr\\\/\"},{\"@type\":\"ListItem\",\"position\":2,\"name\":\"La Tunisie et la Hongrie visent \u00e0 d\u00e9velopper leur coop\u00e9ration \u00e9conomique\"}]},{\"@type\":\"WebSite\",\"@id\":\"https:\\\/\\\/www.webdo.tn\\\/fr\\\/#website\",\"url\":\"https:\\\/\\\/www.webdo.tn\\\/fr\\\/\",\"name\":\"webdo\",\"description\":\"Tunisie - News en Tunisie et \u00e0 l&#039;international sur Webdo.tn\",\"publisher\":{\"@id\":\"https:\\\/\\\/www.webdo.tn\\\/fr\\\/#organization\"},\"potentialAction\":[{\"@type\":\"SearchAction\",\"target\":{\"@type\":\"EntryPoint\",\"urlTemplate\":\"https:\\\/\\\/www.webdo.tn\\\/fr\\\/?s={search_term_string}\"},\"query-input\":{\"@type\":\"PropertyValueSpecification\",\"valueRequired\":true,\"valueName\":\"search_term_string\"}}],\"inLanguage\":\"fr-FR\"},{\"@type\":\"Organization\",\"@id\":\"https:\\\/\\\/www.webdo.tn\\\/fr\\\/#organization\",\"name\":\"Webdo\",\"alternateName\":\"Webdo.tn\",\"url\":\"https:\\\/\\\/www.webdo.tn\\\/fr\\\/\",\"logo\":{\"@type\":\"ImageObject\",\"inLanguage\":\"fr-FR\",\"@id\":\"https:\\\/\\\/www.webdo.tn\\\/fr\\\/#\\\/schema\\\/logo\\\/image\\\/\",\"url\":\"https:\\\/\\\/www.webdo.tn\\\/fr\\\/wp-content\\\/uploads\\\/2025\\\/06\\\/Webdo-Tunisie_168377.jpg\",\"contentUrl\":\"https:\\\/\\\/www.webdo.tn\\\/fr\\\/wp-content\\\/uploads\\\/2025\\\/06\\\/Webdo-Tunisie_168377.jpg\",\"width\":301,\"height\":301,\"caption\":\"Webdo\"},\"image\":{\"@id\":\"https:\\\/\\\/www.webdo.tn\\\/fr\\\/#\\\/schema\\\/logo\\\/image\\\/\"},\"sameAs\":[\"https:\\\/\\\/www.facebook.com\\\/webdotn\",\"https:\\\/\\\/x.com\\\/webdo_tn\"],\"description\":\"Webdo est un m\u00e9dia num\u00e9rique tunisien fond\u00e9 en 2010, sp\u00e9cialis\u00e9 dans l\u2019actualit\u00e9 nationale et internationale, l\u2019\u00e9conomie, la soci\u00e9t\u00e9 et les analyses politiques. Le site s\u2019adresse \u00e0 un large public francophone et couvre l\u2019information tunisienne en temps r\u00e9el.\",\"email\":\"redac@webdo.tn\",\"legalName\":\"YNJ SARL\",\"foundingDate\":\"2010-09-06\",\"numberOfEmployees\":{\"@type\":\"QuantitativeValue\",\"minValue\":\"11\",\"maxValue\":\"50\"}},{\"@type\":\"Person\",\"@id\":\"https:\\\/\\\/www.webdo.tn\\\/fr\\\/#\\\/schema\\\/person\\\/1f4e491e0907b413d61089e8eb573acc\",\"name\":\"Webdo\",\"image\":{\"@type\":\"ImageObject\",\"inLanguage\":\"fr-FR\",\"@id\":\"https:\\\/\\\/secure.gravatar.com\\\/avatar\\\/de97aeec1bb80978a9dbb127e47dfc88aaacb2f3c29aac907d8d3222e3495d49?s=96&d=mm&r=g\",\"url\":\"https:\\\/\\\/secure.gravatar.com\\\/avatar\\\/de97aeec1bb80978a9dbb127e47dfc88aaacb2f3c29aac907d8d3222e3495d49?s=96&d=mm&r=g\",\"contentUrl\":\"https:\\\/\\\/secure.gravatar.com\\\/avatar\\\/de97aeec1bb80978a9dbb127e47dfc88aaacb2f3c29aac907d8d3222e3495d49?s=96&d=mm&r=g\",\"caption\":\"Webdo\"},\"url\":\"https:\\\/\\\/www.webdo.tn\\\/fr\\\/actualite\\\/author\\\/webdo\\\/\"}]}<\/script>\n<!-- \/ Yoast SEO Premium plugin. -->","yoast_head_json":{"title":"La Tunisie et la Hongrie visent \u00e0 d\u00e9velopper leur coop\u00e9ration \u00e9conomique","description":"Un m\u00e9morandum d'entente visant \u00e0 d\u00e9velopper les relations commerciales et \u00e9conomiques a \u00e9t\u00e9 sign\u00e9e, ce mercredi 21 juin 2023, entre l'Union Tunisienne de l'Indu...","canonical":"https:\/\/www.webdo.tn\/fr\/actualite\/national\/la-tunisie-et-la-hongrie-visent-a-developper-leur-cooperation-economique\/206766\/","og_locale":"fr_FR","og_type":"article","og_title":"La Tunisie et la Hongrie visent \u00e0 d\u00e9velopper leur coop\u00e9ration \u00e9conomique","og_description":"Un m\u00e9morandum d'entente visant \u00e0 d\u00e9velopper les relations commerciales et \u00e9conomiques a \u00e9t\u00e9 sign\u00e9e, ce mercredi 21 juin 2023, entre l'Union Tunisienne de l'Indu...","og_url":"https:\/\/www.webdo.tn\/fr\/actualite\/national\/la-tunisie-et-la-hongrie-visent-a-developper-leur-cooperation-economique\/206766\/","og_site_name":"webdo","article_publisher":"https:\/\/www.facebook.com\/webdotn","article_published_time":"2023-06-21T19:41:00+00:00","og_image":[{"width":647,"height":345,"url":"https:\/\/www.webdo.tn\/fr\/wp-content\/uploads\/2023\/06\/5257edc2c71947347a2ab6dfa8b89842.jpg","type":"image\/jpeg"}],"author":"Webdo","twitter_card":"summary_large_image","twitter_creator":"@webdo_tn","twitter_site":"@webdo_tn","twitter_misc":{"\u00c9crit par":"Webdo","Dur\u00e9e de lecture estim\u00e9e":"1 minute"},"schema":{"@context":"https:\/\/schema.org","@graph":[{"@type":"NewsArticle","@id":"https:\/\/www.webdo.tn\/fr\/actualite\/national\/la-tunisie-et-la-hongrie-visent-a-developper-leur-cooperation-economique\/206766\/#article","isPartOf":{"@id":"https:\/\/www.webdo.tn\/fr\/actualite\/national\/la-tunisie-et-la-hongrie-visent-a-developper-leur-cooperation-economique\/206766\/"},"author":{"name":"Webdo","@id":"https:\/\/www.webdo.tn\/fr\/#\/schema\/person\/1f4e491e0907b413d61089e8eb573acc"},"headline":"La Tunisie et la Hongrie visent \u00e0 d\u00e9velopper leur coop\u00e9ration \u00e9conomique","datePublished":"2023-06-21T19:41:00+00:00","mainEntityOfPage":{"@id":"https:\/\/www.webdo.tn\/fr\/actualite\/national\/la-tunisie-et-la-hongrie-visent-a-developper-leur-cooperation-economique\/206766\/"},"wordCount":158,"commentCount":0,"publisher":{"@id":"https:\/\/www.webdo.tn\/fr\/#organization"},"image":{"@id":"https:\/\/www.webdo.tn\/fr\/actualite\/national\/la-tunisie-et-la-hongrie-visent-a-developper-leur-cooperation-economique\/206766\/#primaryimage"},"thumbnailUrl":"https:\/\/www.webdo.tn\/fr\/wp-content\/uploads\/2023\/06\/5257edc2c71947347a2ab6dfa8b89842.jpg","keywords":["coop\u00e9ration","\u00e9conomie","hongrie","Tunisie"],"articleSection":["National"],"inLanguage":"fr-FR"},{"@type":"WebPage","@id":"https:\/\/www.webdo.tn\/fr\/actualite\/national\/la-tunisie-et-la-hongrie-visent-a-developper-leur-cooperation-economique\/206766\/","url":"https:\/\/www.webdo.tn\/fr\/actualite\/national\/la-tunisie-et-la-hongrie-visent-a-developper-leur-cooperation-economique\/206766\/","name":"La Tunisie et la Hongrie visent \u00e0 d\u00e9velopper leur coop\u00e9ration \u00e9conomique","isPartOf":{"@id":"https:\/\/www.webdo.tn\/fr\/#website"},"primaryImageOfPage":{"@id":"https:\/\/www.webdo.tn\/fr\/actualite\/national\/la-tunisie-et-la-hongrie-visent-a-developper-leur-cooperation-economique\/206766\/#primaryimage"},"image":{"@id":"https:\/\/www.webdo.tn\/fr\/actualite\/national\/la-tunisie-et-la-hongrie-visent-a-developper-leur-cooperation-economique\/206766\/#primaryimage"},"thumbnailUrl":"https:\/\/www.webdo.tn\/fr\/wp-content\/uploads\/2023\/06\/5257edc2c71947347a2ab6dfa8b89842.jpg","datePublished":"2023-06-21T19:41:00+00:00","description":"Un m\u00e9morandum d'entente visant \u00e0 d\u00e9velopper les relations commerciales et \u00e9conomiques a \u00e9t\u00e9 sign\u00e9e, ce mercredi 21 juin 2023, entre l'Union Tunisienne de l'Indu...","breadcrumb":{"@id":"https:\/\/www.webdo.tn\/fr\/actualite\/national\/la-tunisie-et-la-hongrie-visent-a-developper-leur-cooperation-economique\/206766\/#breadcrumb"},"inLanguage":"fr-FR","potentialAction":[{"@type":"ReadAction","target":["https:\/\/www.webdo.tn\/fr\/actualite\/national\/la-tunisie-et-la-hongrie-visent-a-developper-leur-cooperation-economique\/206766\/"]}]},{"@type":"ImageObject","inLanguage":"fr-FR","@id":"https:\/\/www.webdo.tn\/fr\/actualite\/national\/la-tunisie-et-la-hongrie-visent-a-developper-leur-cooperation-economique\/206766\/#primaryimage","url":"https:\/\/www.webdo.tn\/fr\/wp-content\/uploads\/2023\/06\/5257edc2c71947347a2ab6dfa8b89842.jpg","contentUrl":"https:\/\/www.webdo.tn\/fr\/wp-content\/uploads\/2023\/06\/5257edc2c71947347a2ab6dfa8b89842.jpg","width":647,"height":345,"caption":"La Tunisie et la Hongrie visent \u00e0 d\u00e9velopper leur coop\u00e9ration \u00e9conomique"},{"@type":"BreadcrumbList","@id":"https:\/\/www.webdo.tn\/fr\/actualite\/national\/la-tunisie-et-la-hongrie-visent-a-developper-leur-cooperation-economique\/206766\/#breadcrumb","itemListElement":[{"@type":"ListItem","position":1,"name":"Accueil","item":"https:\/\/www.webdo.tn\/fr\/"},{"@type":"ListItem","position":2,"name":"La Tunisie et la Hongrie visent \u00e0 d\u00e9velopper leur coop\u00e9ration \u00e9conomique"}]},{"@type":"WebSite","@id":"https:\/\/www.webdo.tn\/fr\/#website","url":"https:\/\/www.webdo.tn\/fr\/","name":"webdo","description":"Tunisie - News en Tunisie et \u00e0 l&#039;international sur Webdo.tn","publisher":{"@id":"https:\/\/www.webdo.tn\/fr\/#organization"},"potentialAction":[{"@type":"SearchAction","target":{"@type":"EntryPoint","urlTemplate":"https:\/\/www.webdo.tn\/fr\/?s={search_term_string}"},"query-input":{"@type":"PropertyValueSpecification","valueRequired":true,"valueName":"search_term_string"}}],"inLanguage":"fr-FR"},{"@type":"Organization","@id":"https:\/\/www.webdo.tn\/fr\/#organization","name":"Webdo","alternateName":"Webdo.tn","url":"https:\/\/www.webdo.tn\/fr\/","logo":{"@type":"ImageObject","inLanguage":"fr-FR","@id":"https:\/\/www.webdo.tn\/fr\/#\/schema\/logo\/image\/","url":"https:\/\/www.webdo.tn\/fr\/wp-content\/uploads\/2025\/06\/Webdo-Tunisie_168377.jpg","contentUrl":"https:\/\/www.webdo.tn\/fr\/wp-content\/uploads\/2025\/06\/Webdo-Tunisie_168377.jpg","width":301,"height":301,"caption":"Webdo"},"image":{"@id":"https:\/\/www.webdo.tn\/fr\/#\/schema\/logo\/image\/"},"sameAs":["https:\/\/www.facebook.com\/webdotn","https:\/\/x.com\/webdo_tn"],"description":"Webdo est un m\u00e9dia num\u00e9rique tunisien fond\u00e9 en 2010, sp\u00e9cialis\u00e9 dans l\u2019actualit\u00e9 nationale et internationale, l\u2019\u00e9conomie, la soci\u00e9t\u00e9 et les analyses politiques. Le site s\u2019adresse \u00e0 un large public francophone et couvre l\u2019information tunisienne en temps r\u00e9el.","email":"redac@webdo.tn","legalName":"YNJ SARL","foundingDate":"2010-09-06","numberOfEmployees":{"@type":"QuantitativeValue","minValue":"11","maxValue":"50"}},{"@type":"Person","@id":"https:\/\/www.webdo.tn\/fr\/#\/schema\/person\/1f4e491e0907b413d61089e8eb573acc","name":"Webdo","image":{"@type":"ImageObject","inLanguage":"fr-FR","@id":"https:\/\/secure.gravatar.com\/avatar\/de97aeec1bb80978a9dbb127e47dfc88aaacb2f3c29aac907d8d3222e3495d49?s=96&d=mm&r=g","url":"https:\/\/secure.gravatar.com\/avatar\/de97aeec1bb80978a9dbb127e47dfc88aaacb2f3c29aac907d8d3222e3495d49?s=96&d=mm&r=g","contentUrl":"https:\/\/secure.gravatar.com\/avatar\/de97aeec1bb80978a9dbb127e47dfc88aaacb2f3c29aac907d8d3222e3495d49?s=96&d=mm&r=g","caption":"Webdo"},"url":"https:\/\/www.webdo.tn\/fr\/actualite\/author\/webdo\/"}]}},"_links":{"self":[{"href":"https:\/\/www.webdo.tn\/fr\/wp-json\/wp\/v2\/posts\/206766","targetHints":{"allow":["GET"]}}],"collection":[{"href":"https:\/\/www.webdo.tn\/fr\/wp-json\/wp\/v2\/posts"}],"about":[{"href":"https:\/\/www.webdo.tn\/fr\/wp-json\/wp\/v2\/types\/post"}],"author":[{"embeddable":true,"href":"https:\/\/www.webdo.tn\/fr\/wp-json\/wp\/v2\/users\/3169"}],"replies":[{"embeddable":true,"href":"https:\/\/www.webdo.tn\/fr\/wp-json\/wp\/v2\/comments?post=206766"}],"version-history":[{"count":0,"href":"https:\/\/www.webdo.tn\/fr\/wp-json\/wp\/v2\/posts\/206766\/revisions"}],"wp:featuredmedia":[{"embeddable":true,"href":"https:\/\/www.webdo.tn\/fr\/wp-json\/wp\/v2\/media\/249907"}],"wp:attachment":[{"href":"https:\/\/www.webdo.tn\/fr\/wp-json\/wp\/v2\/media?parent=206766"}],"wp:term":[{"taxonomy":"category","embeddable":true,"href":"https:\/\/www.webdo.tn\/fr\/wp-json\/wp\/v2\/categories?post=206766"},{"taxonomy":"post_tag","embeddable":true,"href":"https:\/\/www.webdo.tn\/fr\/wp-json\/wp\/v2\/tags?post=206766"}],"curies":[{"name":"wp","href":"https:\/\/api.w.org\/{rel}","templated":true}]}}