{"id":206754,"date":"2023-06-21T12:17:00","date_gmt":"2023-06-21T12:17:00","guid":{"rendered":"https:\/\/www.webdo.tn\/fr\/blog\/deraillement-d-un-train-a-msaken-une-enquete-ouverte\/206754\/"},"modified":"2025-05-20T22:09:24","modified_gmt":"2025-05-20T22:09:24","slug":"deraillement-d-un-train-a-msaken-une-enquete-ouverte","status":"publish","type":"post","link":"https:\/\/www.webdo.tn\/fr\/actualite\/national\/deraillement-d-un-train-a-msaken-une-enquete-ouverte\/206754\/","title":{"rendered":"D\u00e9raillement d\u2019un train \u00e0 Msaken, une enqu\u00eate ouverte"},"content":{"rendered":"<p>Suite au d\u00e9raillement d\u2019un train dans la nuit de mardi 20 \u00e0 mercredi 21 juin au niveau de la gare de Msaken et au cours duquel deux personnes ont perdu la vie, une enqu\u00eate a \u00e9t\u00e9 ouverte.<\/p>\n<p>\t\t\t\t\t\t\t\t\tLa Soci\u00e9t\u00e9 nationale des chemins de fer tunisiens (SNCFT) a annonc\u00e9 dans un communiqu\u00e9 l&rsquo;ouverture d&rsquo;une enqu\u00eate pour d\u00e9terminer les circonstances et les causes de ce d\u00e9raillement.<\/p>\n<p>Par ailleurs, le ministre du Transport, Rabii Mejidi et le gouverneur de Sousse se sont rendus sur les lieux du d\u00e9raillement \u00e0 Msaken.<\/p>\n<p>Un train \u00e0 destination de Gab\u00e8s a d\u00e9raill\u00e9 au niveau de la gare de Msaken (gouvernorat de Sousse) \u00e0 00h20, ce mercredi 21 juin 2023. Deux personnes ont perdu la vie, le conducteur et un passager.<\/p>\n<p>Les autres passagers ont \u00e9t\u00e9 transport\u00e9s vers les h\u00f4pitaux de la r\u00e9gion. Au total, 34 autres voyageurs ont \u00e9t\u00e9 transport\u00e9s vers les h\u00f4pitaux de Msaken, Sahloul et Farhat Hached. Parmi eux, 28 ont quitt\u00e9 les h\u00f4pitaux, alors que \u2013 ont \u00e9t\u00e9 gard\u00e9s en observation.<\/p>\n","protected":false},"excerpt":{"rendered":"<p>Suite au d\u00e9raillement d\u2019un train dans la nuit de mardi 20 \u00e0 mercredi 21 juin au niveau de la gare de Msaken et au cours duquel deux personnes ont perdu la vie,&#8230;<\/p>\n","protected":false},"author":3162,"featured_media":278430,"comment_status":"open","ping_status":"closed","sticky":false,"template":"","format":"standard","meta":{"footnotes":""},"categories":[44],"tags":[4162,3202,3208,5193,4161],"class_list":["post-206754","post","type-post","status-publish","format-standard","has-post-thumbnail","hentry","category-national","tag-deraillement","tag-enquete","tag-morts","tag-msaken","tag-train"],"yoast_head":"<!-- This site is optimized with the Yoast SEO Premium plugin v27.5 (Yoast SEO v27.5) - https:\/\/yoast.com\/product\/yoast-seo-premium-wordpress\/ -->\n<title>D\u00e9raillement d\u2019un train \u00e0 Msaken, une enqu\u00eate ouverte<\/title>\n<meta name=\"description\" content=\"Suite au d\u00e9raillement d\u2019un train dans la nuit de mardi 20 \u00e0 mercredi 21 juin au niveau de la gare de Msaken et au cours duquel deux personnes ont perdu la vie,...\" \/>\n<link rel=\"canonical\" href=\"https:\/\/www.webdo.tn\/fr\/actualite\/national\/deraillement-d-un-train-a-msaken-une-enquete-ouverte\/206754\/\" \/>\n<meta property=\"og:locale\" content=\"fr_FR\" \/>\n<meta property=\"og:type\" content=\"article\" \/>\n<meta property=\"og:title\" content=\"D\u00e9raillement d\u2019un train \u00e0 Msaken, une enqu\u00eate ouverte\" \/>\n<meta property=\"og:description\" content=\"Suite au d\u00e9raillement d\u2019un train dans la nuit de mardi 20 \u00e0 mercredi 21 juin au niveau de la gare de Msaken et au cours duquel deux personnes ont perdu la vie,...\" \/>\n<meta property=\"og:url\" content=\"https:\/\/www.webdo.tn\/fr\/actualite\/national\/deraillement-d-un-train-a-msaken-une-enquete-ouverte\/206754\/\" \/>\n<meta property=\"og:site_name\" content=\"webdo\" \/>\n<meta property=\"article:publisher\" content=\"https:\/\/www.facebook.com\/webdotn\" \/>\n<meta property=\"article:published_time\" content=\"2023-06-21T12:17:00+00:00\" \/>\n<meta property=\"article:modified_time\" content=\"2025-05-20T22:09:24+00:00\" \/>\n<meta property=\"og:image\" content=\"https:\/\/www.webdo.tn\/fr\/wp-content\/uploads\/2023\/06\/923c440d7284437ba8955715b1720f9a.jpeg\" \/>\n\t<meta property=\"og:image:width\" content=\"650\" \/>\n\t<meta property=\"og:image:height\" content=\"347\" \/>\n\t<meta property=\"og:image:type\" content=\"image\/jpeg\" \/>\n<meta name=\"author\" content=\"MC\" \/>\n<meta name=\"twitter:card\" content=\"summary_large_image\" \/>\n<meta name=\"twitter:creator\" content=\"@webdo_tn\" \/>\n<meta name=\"twitter:site\" content=\"@webdo_tn\" \/>\n<meta name=\"twitter:label1\" content=\"\u00c9crit par\" \/>\n\t<meta name=\"twitter:data1\" content=\"MC\" \/>\n\t<meta name=\"twitter:label2\" content=\"Dur\u00e9e de lecture estim\u00e9e\" \/>\n\t<meta name=\"twitter:data2\" content=\"1 minute\" \/>\n<script type=\"application\/ld+json\" class=\"yoast-schema-graph\">{\"@context\":\"https:\\\/\\\/schema.org\",\"@graph\":[{\"@type\":\"NewsArticle\",\"@id\":\"https:\\\/\\\/www.webdo.tn\\\/fr\\\/actualite\\\/national\\\/deraillement-d-un-train-a-msaken-une-enquete-ouverte\\\/206754\\\/#article\",\"isPartOf\":{\"@id\":\"https:\\\/\\\/www.webdo.tn\\\/fr\\\/actualite\\\/national\\\/deraillement-d-un-train-a-msaken-une-enquete-ouverte\\\/206754\\\/\"},\"author\":{\"name\":\"MC\",\"@id\":\"https:\\\/\\\/www.webdo.tn\\\/fr\\\/#\\\/schema\\\/person\\\/2c4929cbf5a809e3bd38617c6ce150f6\"},\"headline\":\"D\u00e9raillement d\u2019un train \u00e0 Msaken, une enqu\u00eate ouverte\",\"datePublished\":\"2023-06-21T12:17:00+00:00\",\"dateModified\":\"2025-05-20T22:09:24+00:00\",\"mainEntityOfPage\":{\"@id\":\"https:\\\/\\\/www.webdo.tn\\\/fr\\\/actualite\\\/national\\\/deraillement-d-un-train-a-msaken-une-enquete-ouverte\\\/206754\\\/\"},\"wordCount\":185,\"commentCount\":0,\"publisher\":{\"@id\":\"https:\\\/\\\/www.webdo.tn\\\/fr\\\/#organization\"},\"image\":{\"@id\":\"https:\\\/\\\/www.webdo.tn\\\/fr\\\/actualite\\\/national\\\/deraillement-d-un-train-a-msaken-une-enquete-ouverte\\\/206754\\\/#primaryimage\"},\"thumbnailUrl\":\"https:\\\/\\\/www.webdo.tn\\\/fr\\\/wp-content\\\/uploads\\\/2023\\\/06\\\/923c440d7284437ba8955715b1720f9a.jpeg\",\"keywords\":[\"d\u00e9raillement\",\"Enqu\u00eate\",\"morts\",\"msaken\",\"Train\"],\"articleSection\":[\"National\"],\"inLanguage\":\"fr-FR\"},{\"@type\":\"WebPage\",\"@id\":\"https:\\\/\\\/www.webdo.tn\\\/fr\\\/actualite\\\/national\\\/deraillement-d-un-train-a-msaken-une-enquete-ouverte\\\/206754\\\/\",\"url\":\"https:\\\/\\\/www.webdo.tn\\\/fr\\\/actualite\\\/national\\\/deraillement-d-un-train-a-msaken-une-enquete-ouverte\\\/206754\\\/\",\"name\":\"D\u00e9raillement d\u2019un train \u00e0 Msaken, une enqu\u00eate ouverte\",\"isPartOf\":{\"@id\":\"https:\\\/\\\/www.webdo.tn\\\/fr\\\/#website\"},\"primaryImageOfPage\":{\"@id\":\"https:\\\/\\\/www.webdo.tn\\\/fr\\\/actualite\\\/national\\\/deraillement-d-un-train-a-msaken-une-enquete-ouverte\\\/206754\\\/#primaryimage\"},\"image\":{\"@id\":\"https:\\\/\\\/www.webdo.tn\\\/fr\\\/actualite\\\/national\\\/deraillement-d-un-train-a-msaken-une-enquete-ouverte\\\/206754\\\/#primaryimage\"},\"thumbnailUrl\":\"https:\\\/\\\/www.webdo.tn\\\/fr\\\/wp-content\\\/uploads\\\/2023\\\/06\\\/923c440d7284437ba8955715b1720f9a.jpeg\",\"datePublished\":\"2023-06-21T12:17:00+00:00\",\"dateModified\":\"2025-05-20T22:09:24+00:00\",\"description\":\"Suite au d\u00e9raillement d\u2019un train dans la nuit de mardi 20 \u00e0 mercredi 21 juin au niveau de la gare de Msaken et au cours duquel deux personnes ont perdu la vie,...\",\"breadcrumb\":{\"@id\":\"https:\\\/\\\/www.webdo.tn\\\/fr\\\/actualite\\\/national\\\/deraillement-d-un-train-a-msaken-une-enquete-ouverte\\\/206754\\\/#breadcrumb\"},\"inLanguage\":\"fr-FR\",\"potentialAction\":[{\"@type\":\"ReadAction\",\"target\":[\"https:\\\/\\\/www.webdo.tn\\\/fr\\\/actualite\\\/national\\\/deraillement-d-un-train-a-msaken-une-enquete-ouverte\\\/206754\\\/\"]}]},{\"@type\":\"ImageObject\",\"inLanguage\":\"fr-FR\",\"@id\":\"https:\\\/\\\/www.webdo.tn\\\/fr\\\/actualite\\\/national\\\/deraillement-d-un-train-a-msaken-une-enquete-ouverte\\\/206754\\\/#primaryimage\",\"url\":\"https:\\\/\\\/www.webdo.tn\\\/fr\\\/wp-content\\\/uploads\\\/2023\\\/06\\\/923c440d7284437ba8955715b1720f9a.jpeg\",\"contentUrl\":\"https:\\\/\\\/www.webdo.tn\\\/fr\\\/wp-content\\\/uploads\\\/2023\\\/06\\\/923c440d7284437ba8955715b1720f9a.jpeg\",\"width\":650,\"height\":347,\"caption\":\"D\u00e9raillement d\u2019un train \u00e0 Msaken, une enqu\u00eate ouverte\"},{\"@type\":\"BreadcrumbList\",\"@id\":\"https:\\\/\\\/www.webdo.tn\\\/fr\\\/actualite\\\/national\\\/deraillement-d-un-train-a-msaken-une-enquete-ouverte\\\/206754\\\/#breadcrumb\",\"itemListElement\":[{\"@type\":\"ListItem\",\"position\":1,\"name\":\"Accueil\",\"item\":\"https:\\\/\\\/www.webdo.tn\\\/fr\\\/\"},{\"@type\":\"ListItem\",\"position\":2,\"name\":\"D\u00e9raillement d\u2019un train \u00e0 Msaken, une enqu\u00eate ouverte\"}]},{\"@type\":\"WebSite\",\"@id\":\"https:\\\/\\\/www.webdo.tn\\\/fr\\\/#website\",\"url\":\"https:\\\/\\\/www.webdo.tn\\\/fr\\\/\",\"name\":\"webdo\",\"description\":\"Tunisie - News en Tunisie et \u00e0 l&#039;international sur Webdo.tn\",\"publisher\":{\"@id\":\"https:\\\/\\\/www.webdo.tn\\\/fr\\\/#organization\"},\"potentialAction\":[{\"@type\":\"SearchAction\",\"target\":{\"@type\":\"EntryPoint\",\"urlTemplate\":\"https:\\\/\\\/www.webdo.tn\\\/fr\\\/?s={search_term_string}\"},\"query-input\":{\"@type\":\"PropertyValueSpecification\",\"valueRequired\":true,\"valueName\":\"search_term_string\"}}],\"inLanguage\":\"fr-FR\"},{\"@type\":\"Organization\",\"@id\":\"https:\\\/\\\/www.webdo.tn\\\/fr\\\/#organization\",\"name\":\"Webdo\",\"alternateName\":\"Webdo.tn\",\"url\":\"https:\\\/\\\/www.webdo.tn\\\/fr\\\/\",\"logo\":{\"@type\":\"ImageObject\",\"inLanguage\":\"fr-FR\",\"@id\":\"https:\\\/\\\/www.webdo.tn\\\/fr\\\/#\\\/schema\\\/logo\\\/image\\\/\",\"url\":\"https:\\\/\\\/www.webdo.tn\\\/fr\\\/wp-content\\\/uploads\\\/2025\\\/06\\\/Webdo-Tunisie_168377.jpg\",\"contentUrl\":\"https:\\\/\\\/www.webdo.tn\\\/fr\\\/wp-content\\\/uploads\\\/2025\\\/06\\\/Webdo-Tunisie_168377.jpg\",\"width\":301,\"height\":301,\"caption\":\"Webdo\"},\"image\":{\"@id\":\"https:\\\/\\\/www.webdo.tn\\\/fr\\\/#\\\/schema\\\/logo\\\/image\\\/\"},\"sameAs\":[\"https:\\\/\\\/www.facebook.com\\\/webdotn\",\"https:\\\/\\\/x.com\\\/webdo_tn\"],\"description\":\"Webdo est un m\u00e9dia num\u00e9rique tunisien fond\u00e9 en 2010, sp\u00e9cialis\u00e9 dans l\u2019actualit\u00e9 nationale et internationale, l\u2019\u00e9conomie, la soci\u00e9t\u00e9 et les analyses politiques. Le site s\u2019adresse \u00e0 un large public francophone et couvre l\u2019information tunisienne en temps r\u00e9el.\",\"email\":\"redac@webdo.tn\",\"legalName\":\"YNJ SARL\",\"foundingDate\":\"2010-09-06\",\"numberOfEmployees\":{\"@type\":\"QuantitativeValue\",\"minValue\":\"11\",\"maxValue\":\"50\"}},{\"@type\":\"Person\",\"@id\":\"https:\\\/\\\/www.webdo.tn\\\/fr\\\/#\\\/schema\\\/person\\\/2c4929cbf5a809e3bd38617c6ce150f6\",\"name\":\"MC\",\"image\":{\"@type\":\"ImageObject\",\"inLanguage\":\"fr-FR\",\"@id\":\"https:\\\/\\\/secure.gravatar.com\\\/avatar\\\/a545bbb6f84efdd5553dbbc2895e3ca8f1d12c5215e00a041c9670b54aa9b18a?s=96&d=mm&r=g\",\"url\":\"https:\\\/\\\/secure.gravatar.com\\\/avatar\\\/a545bbb6f84efdd5553dbbc2895e3ca8f1d12c5215e00a041c9670b54aa9b18a?s=96&d=mm&r=g\",\"contentUrl\":\"https:\\\/\\\/secure.gravatar.com\\\/avatar\\\/a545bbb6f84efdd5553dbbc2895e3ca8f1d12c5215e00a041c9670b54aa9b18a?s=96&d=mm&r=g\",\"caption\":\"MC\"},\"url\":\"https:\\\/\\\/www.webdo.tn\\\/fr\\\/actualite\\\/author\\\/mc\\\/\"}]}<\/script>\n<!-- \/ Yoast SEO Premium plugin. -->","yoast_head_json":{"title":"D\u00e9raillement d\u2019un train \u00e0 Msaken, une enqu\u00eate ouverte","description":"Suite au d\u00e9raillement d\u2019un train dans la nuit de mardi 20 \u00e0 mercredi 21 juin au niveau de la gare de Msaken et au cours duquel deux personnes ont perdu la vie,...","canonical":"https:\/\/www.webdo.tn\/fr\/actualite\/national\/deraillement-d-un-train-a-msaken-une-enquete-ouverte\/206754\/","og_locale":"fr_FR","og_type":"article","og_title":"D\u00e9raillement d\u2019un train \u00e0 Msaken, une enqu\u00eate ouverte","og_description":"Suite au d\u00e9raillement d\u2019un train dans la nuit de mardi 20 \u00e0 mercredi 21 juin au niveau de la gare de Msaken et au cours duquel deux personnes ont perdu la vie,...","og_url":"https:\/\/www.webdo.tn\/fr\/actualite\/national\/deraillement-d-un-train-a-msaken-une-enquete-ouverte\/206754\/","og_site_name":"webdo","article_publisher":"https:\/\/www.facebook.com\/webdotn","article_published_time":"2023-06-21T12:17:00+00:00","article_modified_time":"2025-05-20T22:09:24+00:00","og_image":[{"width":650,"height":347,"url":"https:\/\/www.webdo.tn\/fr\/wp-content\/uploads\/2023\/06\/923c440d7284437ba8955715b1720f9a.jpeg","type":"image\/jpeg"}],"author":"MC","twitter_card":"summary_large_image","twitter_creator":"@webdo_tn","twitter_site":"@webdo_tn","twitter_misc":{"\u00c9crit par":"MC","Dur\u00e9e de lecture estim\u00e9e":"1 minute"},"schema":{"@context":"https:\/\/schema.org","@graph":[{"@type":"NewsArticle","@id":"https:\/\/www.webdo.tn\/fr\/actualite\/national\/deraillement-d-un-train-a-msaken-une-enquete-ouverte\/206754\/#article","isPartOf":{"@id":"https:\/\/www.webdo.tn\/fr\/actualite\/national\/deraillement-d-un-train-a-msaken-une-enquete-ouverte\/206754\/"},"author":{"name":"MC","@id":"https:\/\/www.webdo.tn\/fr\/#\/schema\/person\/2c4929cbf5a809e3bd38617c6ce150f6"},"headline":"D\u00e9raillement d\u2019un train \u00e0 Msaken, une enqu\u00eate ouverte","datePublished":"2023-06-21T12:17:00+00:00","dateModified":"2025-05-20T22:09:24+00:00","mainEntityOfPage":{"@id":"https:\/\/www.webdo.tn\/fr\/actualite\/national\/deraillement-d-un-train-a-msaken-une-enquete-ouverte\/206754\/"},"wordCount":185,"commentCount":0,"publisher":{"@id":"https:\/\/www.webdo.tn\/fr\/#organization"},"image":{"@id":"https:\/\/www.webdo.tn\/fr\/actualite\/national\/deraillement-d-un-train-a-msaken-une-enquete-ouverte\/206754\/#primaryimage"},"thumbnailUrl":"https:\/\/www.webdo.tn\/fr\/wp-content\/uploads\/2023\/06\/923c440d7284437ba8955715b1720f9a.jpeg","keywords":["d\u00e9raillement","Enqu\u00eate","morts","msaken","Train"],"articleSection":["National"],"inLanguage":"fr-FR"},{"@type":"WebPage","@id":"https:\/\/www.webdo.tn\/fr\/actualite\/national\/deraillement-d-un-train-a-msaken-une-enquete-ouverte\/206754\/","url":"https:\/\/www.webdo.tn\/fr\/actualite\/national\/deraillement-d-un-train-a-msaken-une-enquete-ouverte\/206754\/","name":"D\u00e9raillement d\u2019un train \u00e0 Msaken, une enqu\u00eate ouverte","isPartOf":{"@id":"https:\/\/www.webdo.tn\/fr\/#website"},"primaryImageOfPage":{"@id":"https:\/\/www.webdo.tn\/fr\/actualite\/national\/deraillement-d-un-train-a-msaken-une-enquete-ouverte\/206754\/#primaryimage"},"image":{"@id":"https:\/\/www.webdo.tn\/fr\/actualite\/national\/deraillement-d-un-train-a-msaken-une-enquete-ouverte\/206754\/#primaryimage"},"thumbnailUrl":"https:\/\/www.webdo.tn\/fr\/wp-content\/uploads\/2023\/06\/923c440d7284437ba8955715b1720f9a.jpeg","datePublished":"2023-06-21T12:17:00+00:00","dateModified":"2025-05-20T22:09:24+00:00","description":"Suite au d\u00e9raillement d\u2019un train dans la nuit de mardi 20 \u00e0 mercredi 21 juin au niveau de la gare de Msaken et au cours duquel deux personnes ont perdu la vie,...","breadcrumb":{"@id":"https:\/\/www.webdo.tn\/fr\/actualite\/national\/deraillement-d-un-train-a-msaken-une-enquete-ouverte\/206754\/#breadcrumb"},"inLanguage":"fr-FR","potentialAction":[{"@type":"ReadAction","target":["https:\/\/www.webdo.tn\/fr\/actualite\/national\/deraillement-d-un-train-a-msaken-une-enquete-ouverte\/206754\/"]}]},{"@type":"ImageObject","inLanguage":"fr-FR","@id":"https:\/\/www.webdo.tn\/fr\/actualite\/national\/deraillement-d-un-train-a-msaken-une-enquete-ouverte\/206754\/#primaryimage","url":"https:\/\/www.webdo.tn\/fr\/wp-content\/uploads\/2023\/06\/923c440d7284437ba8955715b1720f9a.jpeg","contentUrl":"https:\/\/www.webdo.tn\/fr\/wp-content\/uploads\/2023\/06\/923c440d7284437ba8955715b1720f9a.jpeg","width":650,"height":347,"caption":"D\u00e9raillement d\u2019un train \u00e0 Msaken, une enqu\u00eate ouverte"},{"@type":"BreadcrumbList","@id":"https:\/\/www.webdo.tn\/fr\/actualite\/national\/deraillement-d-un-train-a-msaken-une-enquete-ouverte\/206754\/#breadcrumb","itemListElement":[{"@type":"ListItem","position":1,"name":"Accueil","item":"https:\/\/www.webdo.tn\/fr\/"},{"@type":"ListItem","position":2,"name":"D\u00e9raillement d\u2019un train \u00e0 Msaken, une enqu\u00eate ouverte"}]},{"@type":"WebSite","@id":"https:\/\/www.webdo.tn\/fr\/#website","url":"https:\/\/www.webdo.tn\/fr\/","name":"webdo","description":"Tunisie - News en Tunisie et \u00e0 l&#039;international sur Webdo.tn","publisher":{"@id":"https:\/\/www.webdo.tn\/fr\/#organization"},"potentialAction":[{"@type":"SearchAction","target":{"@type":"EntryPoint","urlTemplate":"https:\/\/www.webdo.tn\/fr\/?s={search_term_string}"},"query-input":{"@type":"PropertyValueSpecification","valueRequired":true,"valueName":"search_term_string"}}],"inLanguage":"fr-FR"},{"@type":"Organization","@id":"https:\/\/www.webdo.tn\/fr\/#organization","name":"Webdo","alternateName":"Webdo.tn","url":"https:\/\/www.webdo.tn\/fr\/","logo":{"@type":"ImageObject","inLanguage":"fr-FR","@id":"https:\/\/www.webdo.tn\/fr\/#\/schema\/logo\/image\/","url":"https:\/\/www.webdo.tn\/fr\/wp-content\/uploads\/2025\/06\/Webdo-Tunisie_168377.jpg","contentUrl":"https:\/\/www.webdo.tn\/fr\/wp-content\/uploads\/2025\/06\/Webdo-Tunisie_168377.jpg","width":301,"height":301,"caption":"Webdo"},"image":{"@id":"https:\/\/www.webdo.tn\/fr\/#\/schema\/logo\/image\/"},"sameAs":["https:\/\/www.facebook.com\/webdotn","https:\/\/x.com\/webdo_tn"],"description":"Webdo est un m\u00e9dia num\u00e9rique tunisien fond\u00e9 en 2010, sp\u00e9cialis\u00e9 dans l\u2019actualit\u00e9 nationale et internationale, l\u2019\u00e9conomie, la soci\u00e9t\u00e9 et les analyses politiques. Le site s\u2019adresse \u00e0 un large public francophone et couvre l\u2019information tunisienne en temps r\u00e9el.","email":"redac@webdo.tn","legalName":"YNJ SARL","foundingDate":"2010-09-06","numberOfEmployees":{"@type":"QuantitativeValue","minValue":"11","maxValue":"50"}},{"@type":"Person","@id":"https:\/\/www.webdo.tn\/fr\/#\/schema\/person\/2c4929cbf5a809e3bd38617c6ce150f6","name":"MC","image":{"@type":"ImageObject","inLanguage":"fr-FR","@id":"https:\/\/secure.gravatar.com\/avatar\/a545bbb6f84efdd5553dbbc2895e3ca8f1d12c5215e00a041c9670b54aa9b18a?s=96&d=mm&r=g","url":"https:\/\/secure.gravatar.com\/avatar\/a545bbb6f84efdd5553dbbc2895e3ca8f1d12c5215e00a041c9670b54aa9b18a?s=96&d=mm&r=g","contentUrl":"https:\/\/secure.gravatar.com\/avatar\/a545bbb6f84efdd5553dbbc2895e3ca8f1d12c5215e00a041c9670b54aa9b18a?s=96&d=mm&r=g","caption":"MC"},"url":"https:\/\/www.webdo.tn\/fr\/actualite\/author\/mc\/"}]}},"_links":{"self":[{"href":"https:\/\/www.webdo.tn\/fr\/wp-json\/wp\/v2\/posts\/206754","targetHints":{"allow":["GET"]}}],"collection":[{"href":"https:\/\/www.webdo.tn\/fr\/wp-json\/wp\/v2\/posts"}],"about":[{"href":"https:\/\/www.webdo.tn\/fr\/wp-json\/wp\/v2\/types\/post"}],"author":[{"embeddable":true,"href":"https:\/\/www.webdo.tn\/fr\/wp-json\/wp\/v2\/users\/3162"}],"replies":[{"embeddable":true,"href":"https:\/\/www.webdo.tn\/fr\/wp-json\/wp\/v2\/comments?post=206754"}],"version-history":[{"count":0,"href":"https:\/\/www.webdo.tn\/fr\/wp-json\/wp\/v2\/posts\/206754\/revisions"}],"wp:featuredmedia":[{"embeddable":true,"href":"https:\/\/www.webdo.tn\/fr\/wp-json\/wp\/v2\/media\/278430"}],"wp:attachment":[{"href":"https:\/\/www.webdo.tn\/fr\/wp-json\/wp\/v2\/media?parent=206754"}],"wp:term":[{"taxonomy":"category","embeddable":true,"href":"https:\/\/www.webdo.tn\/fr\/wp-json\/wp\/v2\/categories?post=206754"},{"taxonomy":"post_tag","embeddable":true,"href":"https:\/\/www.webdo.tn\/fr\/wp-json\/wp\/v2\/tags?post=206754"}],"curies":[{"name":"wp","href":"https:\/\/api.w.org\/{rel}","templated":true}]}}