{"id":206734,"date":"2023-06-20T20:13:00","date_gmt":"2023-06-20T20:13:00","guid":{"rendered":"https:\/\/www.webdo.tn\/fr\/blog\/kais-saied-au-sommet-de-paris\/206734\/"},"modified":"2025-05-20T21:58:53","modified_gmt":"2025-05-20T21:58:53","slug":"kais-saied-au-sommet-de-paris","status":"publish","type":"post","link":"https:\/\/www.webdo.tn\/fr\/actualite\/national\/kais-saied-au-sommet-de-paris\/206734\/","title":{"rendered":"Ka\u00efs Sa\u00efed au Sommet de Paris"},"content":{"rendered":"<p>Le pr\u00e9sident de la R\u00e9publique Ka\u00efs Sa\u00efed se rend, demain mercredi 21 juin 2023, \u00e0 Paris pour participer au Sommet de Paris.<\/p>\n<p>\t\t\t\t\t\t\t\t\tLe Chef de l\u2019Etat a \u00e9t\u00e9 invit\u00e9 par le pr\u00e9sident fran\u00e7ais Emmanuel Macron en vue de prendre part au \u00ab\u00a0Sommet de Paris pour un nouveau Pacte financier mondial\u00a0\u00bb pr\u00e9vu les 22 et 23 juin dans la capitale fran\u00e7aise, a annonc\u00e9 la Pr\u00e9sidence de la R\u00e9publique dans un communiqu\u00e9.<\/p>\n<p>Le chef de l\u2019Etat fran\u00e7ais a annonc\u00e9 la tenue de ce Sommet lors de la Conf\u00e9rence sur le climat COP-27 organis\u00e9 \u00e0 Charm el Cheikh en Egypte en novembre 2022.<\/p>\n<p>Organis\u00e9 au palais Brogniart, \u00e0 Paris, ce rassemblement de chefs d\u2019\u00c9tat et de gouvernements, de responsables d\u2019organisations internationales ou encore de repr\u00e9sentants de la soci\u00e9t\u00e9 civile a notamment pour but de faire un point d\u2019\u00e9tape sur les voies et moyens d\u2019accro\u00eetre la solidarit\u00e9 financi\u00e8re entre pays.<\/p>\n<p>Le sommet intervient dans un contexte o\u00f9 certains pays ont \u00e9t\u00e9 mis \u00e0 mal par la succession des r\u00e9centes crises comme la pand\u00e9mie, la guerre en Ukraine, l\u2019inflation, etc.<\/p>\n","protected":false},"excerpt":{"rendered":"<p>Le pr\u00e9sident de la R\u00e9publique Ka\u00efs Sa\u00efed se rend, demain mercredi 21 juin 2023, \u00e0 Paris pour participer au Sommet de Paris.<\/p>\n","protected":false},"author":3162,"featured_media":249925,"comment_status":"open","ping_status":"closed","sticky":false,"template":"","format":"standard","meta":{"footnotes":""},"categories":[44],"tags":[2614,8286],"class_list":["post-206734","post","type-post","status-publish","format-standard","has-post-thumbnail","hentry","category-national","tag-kais-saied","tag-sommet-de-paris"],"yoast_head":"<!-- This site is optimized with the Yoast SEO Premium plugin v27.5 (Yoast SEO v27.5) - https:\/\/yoast.com\/product\/yoast-seo-premium-wordpress\/ -->\n<title>Ka\u00efs Sa\u00efed au Sommet de Paris<\/title>\n<meta name=\"description\" content=\"Le pr\u00e9sident de la R\u00e9publique Ka\u00efs Sa\u00efed se rend, demain mercredi 21 juin 2023, \u00e0 Paris pour participer au Sommet de Paris.\" \/>\n<link rel=\"canonical\" href=\"https:\/\/www.webdo.tn\/fr\/actualite\/national\/kais-saied-au-sommet-de-paris\/206734\/\" \/>\n<meta property=\"og:locale\" content=\"fr_FR\" \/>\n<meta property=\"og:type\" content=\"article\" \/>\n<meta property=\"og:title\" content=\"Ka\u00efs Sa\u00efed au Sommet de Paris\" \/>\n<meta property=\"og:description\" content=\"Le pr\u00e9sident de la R\u00e9publique Ka\u00efs Sa\u00efed se rend, demain mercredi 21 juin 2023, \u00e0 Paris pour participer au Sommet de Paris.\" \/>\n<meta property=\"og:url\" content=\"https:\/\/www.webdo.tn\/fr\/actualite\/national\/kais-saied-au-sommet-de-paris\/206734\/\" \/>\n<meta property=\"og:site_name\" content=\"webdo\" \/>\n<meta property=\"article:publisher\" content=\"https:\/\/www.facebook.com\/webdotn\" \/>\n<meta property=\"article:published_time\" content=\"2023-06-20T20:13:00+00:00\" \/>\n<meta property=\"article:modified_time\" content=\"2025-05-20T21:58:53+00:00\" \/>\n<meta property=\"og:image\" content=\"https:\/\/www.webdo.tn\/fr\/wp-content\/uploads\/2023\/06\/bacf9ccbea6aef5f8b70fb6b49039caf.jpg\" \/>\n\t<meta property=\"og:image:width\" content=\"750\" \/>\n\t<meta property=\"og:image:height\" content=\"400\" \/>\n\t<meta property=\"og:image:type\" content=\"image\/jpeg\" \/>\n<meta name=\"author\" content=\"MC\" \/>\n<meta name=\"twitter:card\" content=\"summary_large_image\" \/>\n<meta name=\"twitter:creator\" content=\"@webdo_tn\" \/>\n<meta name=\"twitter:site\" content=\"@webdo_tn\" \/>\n<meta name=\"twitter:label1\" content=\"\u00c9crit par\" \/>\n\t<meta name=\"twitter:data1\" content=\"MC\" \/>\n\t<meta name=\"twitter:label2\" content=\"Dur\u00e9e de lecture estim\u00e9e\" \/>\n\t<meta name=\"twitter:data2\" content=\"1 minute\" \/>\n<script type=\"application\/ld+json\" class=\"yoast-schema-graph\">{\"@context\":\"https:\\\/\\\/schema.org\",\"@graph\":[{\"@type\":\"NewsArticle\",\"@id\":\"https:\\\/\\\/www.webdo.tn\\\/fr\\\/actualite\\\/national\\\/kais-saied-au-sommet-de-paris\\\/206734\\\/#article\",\"isPartOf\":{\"@id\":\"https:\\\/\\\/www.webdo.tn\\\/fr\\\/actualite\\\/national\\\/kais-saied-au-sommet-de-paris\\\/206734\\\/\"},\"author\":{\"name\":\"MC\",\"@id\":\"https:\\\/\\\/www.webdo.tn\\\/fr\\\/#\\\/schema\\\/person\\\/2c4929cbf5a809e3bd38617c6ce150f6\"},\"headline\":\"Ka\u00efs Sa\u00efed au Sommet de Paris\",\"datePublished\":\"2023-06-20T20:13:00+00:00\",\"dateModified\":\"2025-05-20T21:58:53+00:00\",\"mainEntityOfPage\":{\"@id\":\"https:\\\/\\\/www.webdo.tn\\\/fr\\\/actualite\\\/national\\\/kais-saied-au-sommet-de-paris\\\/206734\\\/\"},\"wordCount\":199,\"commentCount\":0,\"publisher\":{\"@id\":\"https:\\\/\\\/www.webdo.tn\\\/fr\\\/#organization\"},\"image\":{\"@id\":\"https:\\\/\\\/www.webdo.tn\\\/fr\\\/actualite\\\/national\\\/kais-saied-au-sommet-de-paris\\\/206734\\\/#primaryimage\"},\"thumbnailUrl\":\"https:\\\/\\\/www.webdo.tn\\\/fr\\\/wp-content\\\/uploads\\\/2023\\\/06\\\/bacf9ccbea6aef5f8b70fb6b49039caf.jpg\",\"keywords\":[\"Kais Saied\",\"sommet de paris\"],\"articleSection\":[\"National\"],\"inLanguage\":\"fr-FR\"},{\"@type\":\"WebPage\",\"@id\":\"https:\\\/\\\/www.webdo.tn\\\/fr\\\/actualite\\\/national\\\/kais-saied-au-sommet-de-paris\\\/206734\\\/\",\"url\":\"https:\\\/\\\/www.webdo.tn\\\/fr\\\/actualite\\\/national\\\/kais-saied-au-sommet-de-paris\\\/206734\\\/\",\"name\":\"Ka\u00efs Sa\u00efed au Sommet de Paris\",\"isPartOf\":{\"@id\":\"https:\\\/\\\/www.webdo.tn\\\/fr\\\/#website\"},\"primaryImageOfPage\":{\"@id\":\"https:\\\/\\\/www.webdo.tn\\\/fr\\\/actualite\\\/national\\\/kais-saied-au-sommet-de-paris\\\/206734\\\/#primaryimage\"},\"image\":{\"@id\":\"https:\\\/\\\/www.webdo.tn\\\/fr\\\/actualite\\\/national\\\/kais-saied-au-sommet-de-paris\\\/206734\\\/#primaryimage\"},\"thumbnailUrl\":\"https:\\\/\\\/www.webdo.tn\\\/fr\\\/wp-content\\\/uploads\\\/2023\\\/06\\\/bacf9ccbea6aef5f8b70fb6b49039caf.jpg\",\"datePublished\":\"2023-06-20T20:13:00+00:00\",\"dateModified\":\"2025-05-20T21:58:53+00:00\",\"description\":\"Le pr\u00e9sident de la R\u00e9publique Ka\u00efs Sa\u00efed se rend, demain mercredi 21 juin 2023, \u00e0 Paris pour participer au Sommet de Paris.\",\"breadcrumb\":{\"@id\":\"https:\\\/\\\/www.webdo.tn\\\/fr\\\/actualite\\\/national\\\/kais-saied-au-sommet-de-paris\\\/206734\\\/#breadcrumb\"},\"inLanguage\":\"fr-FR\",\"potentialAction\":[{\"@type\":\"ReadAction\",\"target\":[\"https:\\\/\\\/www.webdo.tn\\\/fr\\\/actualite\\\/national\\\/kais-saied-au-sommet-de-paris\\\/206734\\\/\"]}]},{\"@type\":\"ImageObject\",\"inLanguage\":\"fr-FR\",\"@id\":\"https:\\\/\\\/www.webdo.tn\\\/fr\\\/actualite\\\/national\\\/kais-saied-au-sommet-de-paris\\\/206734\\\/#primaryimage\",\"url\":\"https:\\\/\\\/www.webdo.tn\\\/fr\\\/wp-content\\\/uploads\\\/2023\\\/06\\\/bacf9ccbea6aef5f8b70fb6b49039caf.jpg\",\"contentUrl\":\"https:\\\/\\\/www.webdo.tn\\\/fr\\\/wp-content\\\/uploads\\\/2023\\\/06\\\/bacf9ccbea6aef5f8b70fb6b49039caf.jpg\",\"width\":750,\"height\":400,\"caption\":\"Ka\u00efs Sa\u00efed au Sommet de Paris\"},{\"@type\":\"BreadcrumbList\",\"@id\":\"https:\\\/\\\/www.webdo.tn\\\/fr\\\/actualite\\\/national\\\/kais-saied-au-sommet-de-paris\\\/206734\\\/#breadcrumb\",\"itemListElement\":[{\"@type\":\"ListItem\",\"position\":1,\"name\":\"Accueil\",\"item\":\"https:\\\/\\\/www.webdo.tn\\\/fr\\\/\"},{\"@type\":\"ListItem\",\"position\":2,\"name\":\"Ka\u00efs Sa\u00efed au Sommet de Paris\"}]},{\"@type\":\"WebSite\",\"@id\":\"https:\\\/\\\/www.webdo.tn\\\/fr\\\/#website\",\"url\":\"https:\\\/\\\/www.webdo.tn\\\/fr\\\/\",\"name\":\"webdo\",\"description\":\"Tunisie - News en Tunisie et \u00e0 l&#039;international sur Webdo.tn\",\"publisher\":{\"@id\":\"https:\\\/\\\/www.webdo.tn\\\/fr\\\/#organization\"},\"potentialAction\":[{\"@type\":\"SearchAction\",\"target\":{\"@type\":\"EntryPoint\",\"urlTemplate\":\"https:\\\/\\\/www.webdo.tn\\\/fr\\\/?s={search_term_string}\"},\"query-input\":{\"@type\":\"PropertyValueSpecification\",\"valueRequired\":true,\"valueName\":\"search_term_string\"}}],\"inLanguage\":\"fr-FR\"},{\"@type\":\"Organization\",\"@id\":\"https:\\\/\\\/www.webdo.tn\\\/fr\\\/#organization\",\"name\":\"Webdo\",\"alternateName\":\"Webdo.tn\",\"url\":\"https:\\\/\\\/www.webdo.tn\\\/fr\\\/\",\"logo\":{\"@type\":\"ImageObject\",\"inLanguage\":\"fr-FR\",\"@id\":\"https:\\\/\\\/www.webdo.tn\\\/fr\\\/#\\\/schema\\\/logo\\\/image\\\/\",\"url\":\"https:\\\/\\\/www.webdo.tn\\\/fr\\\/wp-content\\\/uploads\\\/2025\\\/06\\\/Webdo-Tunisie_168377.jpg\",\"contentUrl\":\"https:\\\/\\\/www.webdo.tn\\\/fr\\\/wp-content\\\/uploads\\\/2025\\\/06\\\/Webdo-Tunisie_168377.jpg\",\"width\":301,\"height\":301,\"caption\":\"Webdo\"},\"image\":{\"@id\":\"https:\\\/\\\/www.webdo.tn\\\/fr\\\/#\\\/schema\\\/logo\\\/image\\\/\"},\"sameAs\":[\"https:\\\/\\\/www.facebook.com\\\/webdotn\",\"https:\\\/\\\/x.com\\\/webdo_tn\"],\"description\":\"Webdo est un m\u00e9dia num\u00e9rique tunisien fond\u00e9 en 2010, sp\u00e9cialis\u00e9 dans l\u2019actualit\u00e9 nationale et internationale, l\u2019\u00e9conomie, la soci\u00e9t\u00e9 et les analyses politiques. Le site s\u2019adresse \u00e0 un large public francophone et couvre l\u2019information tunisienne en temps r\u00e9el.\",\"email\":\"redac@webdo.tn\",\"legalName\":\"YNJ SARL\",\"foundingDate\":\"2010-09-06\",\"numberOfEmployees\":{\"@type\":\"QuantitativeValue\",\"minValue\":\"11\",\"maxValue\":\"50\"}},{\"@type\":\"Person\",\"@id\":\"https:\\\/\\\/www.webdo.tn\\\/fr\\\/#\\\/schema\\\/person\\\/2c4929cbf5a809e3bd38617c6ce150f6\",\"name\":\"MC\",\"image\":{\"@type\":\"ImageObject\",\"inLanguage\":\"fr-FR\",\"@id\":\"https:\\\/\\\/secure.gravatar.com\\\/avatar\\\/a545bbb6f84efdd5553dbbc2895e3ca8f1d12c5215e00a041c9670b54aa9b18a?s=96&d=mm&r=g\",\"url\":\"https:\\\/\\\/secure.gravatar.com\\\/avatar\\\/a545bbb6f84efdd5553dbbc2895e3ca8f1d12c5215e00a041c9670b54aa9b18a?s=96&d=mm&r=g\",\"contentUrl\":\"https:\\\/\\\/secure.gravatar.com\\\/avatar\\\/a545bbb6f84efdd5553dbbc2895e3ca8f1d12c5215e00a041c9670b54aa9b18a?s=96&d=mm&r=g\",\"caption\":\"MC\"},\"url\":\"https:\\\/\\\/www.webdo.tn\\\/fr\\\/actualite\\\/author\\\/mc\\\/\"}]}<\/script>\n<!-- \/ Yoast SEO Premium plugin. -->","yoast_head_json":{"title":"Ka\u00efs Sa\u00efed au Sommet de Paris","description":"Le pr\u00e9sident de la R\u00e9publique Ka\u00efs Sa\u00efed se rend, demain mercredi 21 juin 2023, \u00e0 Paris pour participer au Sommet de Paris.","canonical":"https:\/\/www.webdo.tn\/fr\/actualite\/national\/kais-saied-au-sommet-de-paris\/206734\/","og_locale":"fr_FR","og_type":"article","og_title":"Ka\u00efs Sa\u00efed au Sommet de Paris","og_description":"Le pr\u00e9sident de la R\u00e9publique Ka\u00efs Sa\u00efed se rend, demain mercredi 21 juin 2023, \u00e0 Paris pour participer au Sommet de Paris.","og_url":"https:\/\/www.webdo.tn\/fr\/actualite\/national\/kais-saied-au-sommet-de-paris\/206734\/","og_site_name":"webdo","article_publisher":"https:\/\/www.facebook.com\/webdotn","article_published_time":"2023-06-20T20:13:00+00:00","article_modified_time":"2025-05-20T21:58:53+00:00","og_image":[{"width":750,"height":400,"url":"https:\/\/www.webdo.tn\/fr\/wp-content\/uploads\/2023\/06\/bacf9ccbea6aef5f8b70fb6b49039caf.jpg","type":"image\/jpeg"}],"author":"MC","twitter_card":"summary_large_image","twitter_creator":"@webdo_tn","twitter_site":"@webdo_tn","twitter_misc":{"\u00c9crit par":"MC","Dur\u00e9e de lecture estim\u00e9e":"1 minute"},"schema":{"@context":"https:\/\/schema.org","@graph":[{"@type":"NewsArticle","@id":"https:\/\/www.webdo.tn\/fr\/actualite\/national\/kais-saied-au-sommet-de-paris\/206734\/#article","isPartOf":{"@id":"https:\/\/www.webdo.tn\/fr\/actualite\/national\/kais-saied-au-sommet-de-paris\/206734\/"},"author":{"name":"MC","@id":"https:\/\/www.webdo.tn\/fr\/#\/schema\/person\/2c4929cbf5a809e3bd38617c6ce150f6"},"headline":"Ka\u00efs Sa\u00efed au Sommet de Paris","datePublished":"2023-06-20T20:13:00+00:00","dateModified":"2025-05-20T21:58:53+00:00","mainEntityOfPage":{"@id":"https:\/\/www.webdo.tn\/fr\/actualite\/national\/kais-saied-au-sommet-de-paris\/206734\/"},"wordCount":199,"commentCount":0,"publisher":{"@id":"https:\/\/www.webdo.tn\/fr\/#organization"},"image":{"@id":"https:\/\/www.webdo.tn\/fr\/actualite\/national\/kais-saied-au-sommet-de-paris\/206734\/#primaryimage"},"thumbnailUrl":"https:\/\/www.webdo.tn\/fr\/wp-content\/uploads\/2023\/06\/bacf9ccbea6aef5f8b70fb6b49039caf.jpg","keywords":["Kais Saied","sommet de paris"],"articleSection":["National"],"inLanguage":"fr-FR"},{"@type":"WebPage","@id":"https:\/\/www.webdo.tn\/fr\/actualite\/national\/kais-saied-au-sommet-de-paris\/206734\/","url":"https:\/\/www.webdo.tn\/fr\/actualite\/national\/kais-saied-au-sommet-de-paris\/206734\/","name":"Ka\u00efs Sa\u00efed au Sommet de Paris","isPartOf":{"@id":"https:\/\/www.webdo.tn\/fr\/#website"},"primaryImageOfPage":{"@id":"https:\/\/www.webdo.tn\/fr\/actualite\/national\/kais-saied-au-sommet-de-paris\/206734\/#primaryimage"},"image":{"@id":"https:\/\/www.webdo.tn\/fr\/actualite\/national\/kais-saied-au-sommet-de-paris\/206734\/#primaryimage"},"thumbnailUrl":"https:\/\/www.webdo.tn\/fr\/wp-content\/uploads\/2023\/06\/bacf9ccbea6aef5f8b70fb6b49039caf.jpg","datePublished":"2023-06-20T20:13:00+00:00","dateModified":"2025-05-20T21:58:53+00:00","description":"Le pr\u00e9sident de la R\u00e9publique Ka\u00efs Sa\u00efed se rend, demain mercredi 21 juin 2023, \u00e0 Paris pour participer au Sommet de Paris.","breadcrumb":{"@id":"https:\/\/www.webdo.tn\/fr\/actualite\/national\/kais-saied-au-sommet-de-paris\/206734\/#breadcrumb"},"inLanguage":"fr-FR","potentialAction":[{"@type":"ReadAction","target":["https:\/\/www.webdo.tn\/fr\/actualite\/national\/kais-saied-au-sommet-de-paris\/206734\/"]}]},{"@type":"ImageObject","inLanguage":"fr-FR","@id":"https:\/\/www.webdo.tn\/fr\/actualite\/national\/kais-saied-au-sommet-de-paris\/206734\/#primaryimage","url":"https:\/\/www.webdo.tn\/fr\/wp-content\/uploads\/2023\/06\/bacf9ccbea6aef5f8b70fb6b49039caf.jpg","contentUrl":"https:\/\/www.webdo.tn\/fr\/wp-content\/uploads\/2023\/06\/bacf9ccbea6aef5f8b70fb6b49039caf.jpg","width":750,"height":400,"caption":"Ka\u00efs Sa\u00efed au Sommet de Paris"},{"@type":"BreadcrumbList","@id":"https:\/\/www.webdo.tn\/fr\/actualite\/national\/kais-saied-au-sommet-de-paris\/206734\/#breadcrumb","itemListElement":[{"@type":"ListItem","position":1,"name":"Accueil","item":"https:\/\/www.webdo.tn\/fr\/"},{"@type":"ListItem","position":2,"name":"Ka\u00efs Sa\u00efed au Sommet de Paris"}]},{"@type":"WebSite","@id":"https:\/\/www.webdo.tn\/fr\/#website","url":"https:\/\/www.webdo.tn\/fr\/","name":"webdo","description":"Tunisie - News en Tunisie et \u00e0 l&#039;international sur Webdo.tn","publisher":{"@id":"https:\/\/www.webdo.tn\/fr\/#organization"},"potentialAction":[{"@type":"SearchAction","target":{"@type":"EntryPoint","urlTemplate":"https:\/\/www.webdo.tn\/fr\/?s={search_term_string}"},"query-input":{"@type":"PropertyValueSpecification","valueRequired":true,"valueName":"search_term_string"}}],"inLanguage":"fr-FR"},{"@type":"Organization","@id":"https:\/\/www.webdo.tn\/fr\/#organization","name":"Webdo","alternateName":"Webdo.tn","url":"https:\/\/www.webdo.tn\/fr\/","logo":{"@type":"ImageObject","inLanguage":"fr-FR","@id":"https:\/\/www.webdo.tn\/fr\/#\/schema\/logo\/image\/","url":"https:\/\/www.webdo.tn\/fr\/wp-content\/uploads\/2025\/06\/Webdo-Tunisie_168377.jpg","contentUrl":"https:\/\/www.webdo.tn\/fr\/wp-content\/uploads\/2025\/06\/Webdo-Tunisie_168377.jpg","width":301,"height":301,"caption":"Webdo"},"image":{"@id":"https:\/\/www.webdo.tn\/fr\/#\/schema\/logo\/image\/"},"sameAs":["https:\/\/www.facebook.com\/webdotn","https:\/\/x.com\/webdo_tn"],"description":"Webdo est un m\u00e9dia num\u00e9rique tunisien fond\u00e9 en 2010, sp\u00e9cialis\u00e9 dans l\u2019actualit\u00e9 nationale et internationale, l\u2019\u00e9conomie, la soci\u00e9t\u00e9 et les analyses politiques. Le site s\u2019adresse \u00e0 un large public francophone et couvre l\u2019information tunisienne en temps r\u00e9el.","email":"redac@webdo.tn","legalName":"YNJ SARL","foundingDate":"2010-09-06","numberOfEmployees":{"@type":"QuantitativeValue","minValue":"11","maxValue":"50"}},{"@type":"Person","@id":"https:\/\/www.webdo.tn\/fr\/#\/schema\/person\/2c4929cbf5a809e3bd38617c6ce150f6","name":"MC","image":{"@type":"ImageObject","inLanguage":"fr-FR","@id":"https:\/\/secure.gravatar.com\/avatar\/a545bbb6f84efdd5553dbbc2895e3ca8f1d12c5215e00a041c9670b54aa9b18a?s=96&d=mm&r=g","url":"https:\/\/secure.gravatar.com\/avatar\/a545bbb6f84efdd5553dbbc2895e3ca8f1d12c5215e00a041c9670b54aa9b18a?s=96&d=mm&r=g","contentUrl":"https:\/\/secure.gravatar.com\/avatar\/a545bbb6f84efdd5553dbbc2895e3ca8f1d12c5215e00a041c9670b54aa9b18a?s=96&d=mm&r=g","caption":"MC"},"url":"https:\/\/www.webdo.tn\/fr\/actualite\/author\/mc\/"}]}},"_links":{"self":[{"href":"https:\/\/www.webdo.tn\/fr\/wp-json\/wp\/v2\/posts\/206734","targetHints":{"allow":["GET"]}}],"collection":[{"href":"https:\/\/www.webdo.tn\/fr\/wp-json\/wp\/v2\/posts"}],"about":[{"href":"https:\/\/www.webdo.tn\/fr\/wp-json\/wp\/v2\/types\/post"}],"author":[{"embeddable":true,"href":"https:\/\/www.webdo.tn\/fr\/wp-json\/wp\/v2\/users\/3162"}],"replies":[{"embeddable":true,"href":"https:\/\/www.webdo.tn\/fr\/wp-json\/wp\/v2\/comments?post=206734"}],"version-history":[{"count":0,"href":"https:\/\/www.webdo.tn\/fr\/wp-json\/wp\/v2\/posts\/206734\/revisions"}],"wp:featuredmedia":[{"embeddable":true,"href":"https:\/\/www.webdo.tn\/fr\/wp-json\/wp\/v2\/media\/249925"}],"wp:attachment":[{"href":"https:\/\/www.webdo.tn\/fr\/wp-json\/wp\/v2\/media?parent=206734"}],"wp:term":[{"taxonomy":"category","embeddable":true,"href":"https:\/\/www.webdo.tn\/fr\/wp-json\/wp\/v2\/categories?post=206734"},{"taxonomy":"post_tag","embeddable":true,"href":"https:\/\/www.webdo.tn\/fr\/wp-json\/wp\/v2\/tags?post=206734"}],"curies":[{"name":"wp","href":"https:\/\/api.w.org\/{rel}","templated":true}]}}