{"id":206731,"date":"2023-06-20T19:37:00","date_gmt":"2023-06-20T19:37:00","guid":{"rendered":"https:\/\/www.webdo.tn\/fr\/blog\/awatef-dali-nommee-officiellement-a-la-tete-de-la-television-tunisienne\/206731\/"},"modified":"2025-05-20T21:58:51","modified_gmt":"2025-05-20T21:58:51","slug":"awatef-dali-nommee-officiellement-a-la-tete-de-la-television-tunisienne","status":"publish","type":"post","link":"https:\/\/www.webdo.tn\/fr\/actualite\/national\/awatef-dali-nommee-officiellement-a-la-tete-de-la-television-tunisienne\/206731\/","title":{"rendered":"Awatef Dali nomm\u00e9e officiellement \u00e0 la t\u00eate de la T\u00e9l\u00e9vision tunisienne"},"content":{"rendered":"<p>Awatef Dali a \u00e9t\u00e9 officiellement nomm\u00e9e \u00e0 la t\u00eate de la T\u00e9l\u00e9vision tunisienne.<\/p>\n<p>\t\t\t\t\t\t\t\t\tSa nomination a \u00e9t\u00e9 publi\u00e9e au Journal officiel de la R\u00e9publique tunisienne (JORT) en date du 16 juin 2023 alors qu\u2019elle occupait d\u00e9j\u00e0 ce poste \u00e0 titre provisoire depuis juillet 20211.<\/p>\n<p>Le 28 juillet 2021, le pr\u00e9sident Kais Sa\u00efed avait limog\u00e9 le pr\u00e9sident de l\u2019\u00c9tablissement de la T\u00e9l\u00e9vision tunisienne, Lassaad Dahech et l\u2019avait remplac\u00e9 par Awatef Dali, charg\u00e9e de la gestion de l&rsquo;\u00e9tablissement par int\u00e9rim.<\/p>\n<p>Awatef Dali a d\u00e9j\u00e0 occup\u00e9 le poste de directrice de la chaine Watania 1 par le pass\u00e9 avant d\u2019\u00eatre remerci\u00e9e en 2018.<\/p>\n","protected":false},"excerpt":{"rendered":"<p>Awatef Dali a \u00e9t\u00e9 officiellement nomm\u00e9e \u00e0 la t\u00eate de la T\u00e9l\u00e9vision tunisienne.<\/p>\n","protected":false},"author":3162,"featured_media":249922,"comment_status":"open","ping_status":"closed","sticky":false,"template":"","format":"standard","meta":{"footnotes":""},"categories":[44],"tags":[8285,2944],"class_list":["post-206731","post","type-post","status-publish","format-standard","has-post-thumbnail","hentry","category-national","tag-awatef-dali","tag-television"],"yoast_head":"<!-- This site is optimized with the Yoast SEO Premium plugin v27.4 (Yoast SEO v27.4) - https:\/\/yoast.com\/product\/yoast-seo-premium-wordpress\/ -->\n<title>Awatef Dali nomm\u00e9e officiellement \u00e0 la t\u00eate de la T\u00e9l\u00e9vision tunisienne<\/title>\n<meta name=\"description\" content=\"Awatef Dali a \u00e9t\u00e9 officiellement nomm\u00e9e \u00e0 la t\u00eate de la T\u00e9l\u00e9vision tunisienne.\" \/>\n<link rel=\"canonical\" href=\"https:\/\/www.webdo.tn\/fr\/actualite\/national\/awatef-dali-nommee-officiellement-a-la-tete-de-la-television-tunisienne\/206731\/\" \/>\n<meta property=\"og:locale\" content=\"fr_FR\" \/>\n<meta property=\"og:type\" content=\"article\" \/>\n<meta property=\"og:title\" content=\"Awatef Dali nomm\u00e9e officiellement \u00e0 la t\u00eate de la T\u00e9l\u00e9vision tunisienne\" \/>\n<meta property=\"og:description\" content=\"Awatef Dali a \u00e9t\u00e9 officiellement nomm\u00e9e \u00e0 la t\u00eate de la T\u00e9l\u00e9vision tunisienne.\" \/>\n<meta property=\"og:url\" content=\"https:\/\/www.webdo.tn\/fr\/actualite\/national\/awatef-dali-nommee-officiellement-a-la-tete-de-la-television-tunisienne\/206731\/\" \/>\n<meta property=\"og:site_name\" content=\"webdo\" \/>\n<meta property=\"article:publisher\" content=\"https:\/\/www.facebook.com\/webdotn\" \/>\n<meta property=\"article:published_time\" content=\"2023-06-20T19:37:00+00:00\" \/>\n<meta property=\"article:modified_time\" content=\"2025-05-20T21:58:51+00:00\" \/>\n<meta property=\"og:image\" content=\"https:\/\/www.webdo.tn\/fr\/wp-content\/uploads\/2023\/06\/6ff8da9e5a7e544ade0ffab10f6feb68.jpeg\" \/>\n\t<meta property=\"og:image:width\" content=\"700\" \/>\n\t<meta property=\"og:image:height\" content=\"373\" \/>\n\t<meta property=\"og:image:type\" content=\"image\/jpeg\" \/>\n<meta name=\"author\" content=\"MC\" \/>\n<meta name=\"twitter:card\" content=\"summary_large_image\" \/>\n<meta name=\"twitter:creator\" content=\"@webdo_tn\" \/>\n<meta name=\"twitter:site\" content=\"@webdo_tn\" \/>\n<meta name=\"twitter:label1\" content=\"\u00c9crit par\" \/>\n\t<meta name=\"twitter:data1\" content=\"MC\" \/>\n\t<meta name=\"twitter:label2\" content=\"Dur\u00e9e de lecture estim\u00e9e\" \/>\n\t<meta name=\"twitter:data2\" content=\"1 minute\" \/>\n<script type=\"application\/ld+json\" class=\"yoast-schema-graph\">{\"@context\":\"https:\\\/\\\/schema.org\",\"@graph\":[{\"@type\":\"NewsArticle\",\"@id\":\"https:\\\/\\\/www.webdo.tn\\\/fr\\\/actualite\\\/national\\\/awatef-dali-nommee-officiellement-a-la-tete-de-la-television-tunisienne\\\/206731\\\/#article\",\"isPartOf\":{\"@id\":\"https:\\\/\\\/www.webdo.tn\\\/fr\\\/actualite\\\/national\\\/awatef-dali-nommee-officiellement-a-la-tete-de-la-television-tunisienne\\\/206731\\\/\"},\"author\":{\"name\":\"MC\",\"@id\":\"https:\\\/\\\/www.webdo.tn\\\/fr\\\/#\\\/schema\\\/person\\\/2c4929cbf5a809e3bd38617c6ce150f6\"},\"headline\":\"Awatef Dali nomm\u00e9e officiellement \u00e0 la t\u00eate de la T\u00e9l\u00e9vision tunisienne\",\"datePublished\":\"2023-06-20T19:37:00+00:00\",\"dateModified\":\"2025-05-20T21:58:51+00:00\",\"mainEntityOfPage\":{\"@id\":\"https:\\\/\\\/www.webdo.tn\\\/fr\\\/actualite\\\/national\\\/awatef-dali-nommee-officiellement-a-la-tete-de-la-television-tunisienne\\\/206731\\\/\"},\"wordCount\":126,\"commentCount\":0,\"publisher\":{\"@id\":\"https:\\\/\\\/www.webdo.tn\\\/fr\\\/#organization\"},\"image\":{\"@id\":\"https:\\\/\\\/www.webdo.tn\\\/fr\\\/actualite\\\/national\\\/awatef-dali-nommee-officiellement-a-la-tete-de-la-television-tunisienne\\\/206731\\\/#primaryimage\"},\"thumbnailUrl\":\"https:\\\/\\\/www.webdo.tn\\\/fr\\\/wp-content\\\/uploads\\\/2023\\\/06\\\/6ff8da9e5a7e544ade0ffab10f6feb68.jpeg\",\"keywords\":[\"awatef dali\",\"T\u00e9l\u00e9vision\"],\"articleSection\":[\"National\"],\"inLanguage\":\"fr-FR\"},{\"@type\":\"WebPage\",\"@id\":\"https:\\\/\\\/www.webdo.tn\\\/fr\\\/actualite\\\/national\\\/awatef-dali-nommee-officiellement-a-la-tete-de-la-television-tunisienne\\\/206731\\\/\",\"url\":\"https:\\\/\\\/www.webdo.tn\\\/fr\\\/actualite\\\/national\\\/awatef-dali-nommee-officiellement-a-la-tete-de-la-television-tunisienne\\\/206731\\\/\",\"name\":\"Awatef Dali nomm\u00e9e officiellement \u00e0 la t\u00eate de la T\u00e9l\u00e9vision tunisienne\",\"isPartOf\":{\"@id\":\"https:\\\/\\\/www.webdo.tn\\\/fr\\\/#website\"},\"primaryImageOfPage\":{\"@id\":\"https:\\\/\\\/www.webdo.tn\\\/fr\\\/actualite\\\/national\\\/awatef-dali-nommee-officiellement-a-la-tete-de-la-television-tunisienne\\\/206731\\\/#primaryimage\"},\"image\":{\"@id\":\"https:\\\/\\\/www.webdo.tn\\\/fr\\\/actualite\\\/national\\\/awatef-dali-nommee-officiellement-a-la-tete-de-la-television-tunisienne\\\/206731\\\/#primaryimage\"},\"thumbnailUrl\":\"https:\\\/\\\/www.webdo.tn\\\/fr\\\/wp-content\\\/uploads\\\/2023\\\/06\\\/6ff8da9e5a7e544ade0ffab10f6feb68.jpeg\",\"datePublished\":\"2023-06-20T19:37:00+00:00\",\"dateModified\":\"2025-05-20T21:58:51+00:00\",\"description\":\"Awatef Dali a \u00e9t\u00e9 officiellement nomm\u00e9e \u00e0 la t\u00eate de la T\u00e9l\u00e9vision tunisienne.\",\"breadcrumb\":{\"@id\":\"https:\\\/\\\/www.webdo.tn\\\/fr\\\/actualite\\\/national\\\/awatef-dali-nommee-officiellement-a-la-tete-de-la-television-tunisienne\\\/206731\\\/#breadcrumb\"},\"inLanguage\":\"fr-FR\",\"potentialAction\":[{\"@type\":\"ReadAction\",\"target\":[\"https:\\\/\\\/www.webdo.tn\\\/fr\\\/actualite\\\/national\\\/awatef-dali-nommee-officiellement-a-la-tete-de-la-television-tunisienne\\\/206731\\\/\"]}]},{\"@type\":\"ImageObject\",\"inLanguage\":\"fr-FR\",\"@id\":\"https:\\\/\\\/www.webdo.tn\\\/fr\\\/actualite\\\/national\\\/awatef-dali-nommee-officiellement-a-la-tete-de-la-television-tunisienne\\\/206731\\\/#primaryimage\",\"url\":\"https:\\\/\\\/www.webdo.tn\\\/fr\\\/wp-content\\\/uploads\\\/2023\\\/06\\\/6ff8da9e5a7e544ade0ffab10f6feb68.jpeg\",\"contentUrl\":\"https:\\\/\\\/www.webdo.tn\\\/fr\\\/wp-content\\\/uploads\\\/2023\\\/06\\\/6ff8da9e5a7e544ade0ffab10f6feb68.jpeg\",\"width\":700,\"height\":373,\"caption\":\"Awatef Dali nomm\u00e9e officiellement \u00e0 la t\u00eate de la T\u00e9l\u00e9vision tunisienne\"},{\"@type\":\"BreadcrumbList\",\"@id\":\"https:\\\/\\\/www.webdo.tn\\\/fr\\\/actualite\\\/national\\\/awatef-dali-nommee-officiellement-a-la-tete-de-la-television-tunisienne\\\/206731\\\/#breadcrumb\",\"itemListElement\":[{\"@type\":\"ListItem\",\"position\":1,\"name\":\"Accueil\",\"item\":\"https:\\\/\\\/www.webdo.tn\\\/fr\\\/\"},{\"@type\":\"ListItem\",\"position\":2,\"name\":\"Awatef Dali nomm\u00e9e officiellement \u00e0 la t\u00eate de la T\u00e9l\u00e9vision tunisienne\"}]},{\"@type\":\"WebSite\",\"@id\":\"https:\\\/\\\/www.webdo.tn\\\/fr\\\/#website\",\"url\":\"https:\\\/\\\/www.webdo.tn\\\/fr\\\/\",\"name\":\"webdo\",\"description\":\"Tunisie - News en Tunisie et \u00e0 l&#039;international sur Webdo.tn\",\"publisher\":{\"@id\":\"https:\\\/\\\/www.webdo.tn\\\/fr\\\/#organization\"},\"potentialAction\":[{\"@type\":\"SearchAction\",\"target\":{\"@type\":\"EntryPoint\",\"urlTemplate\":\"https:\\\/\\\/www.webdo.tn\\\/fr\\\/?s={search_term_string}\"},\"query-input\":{\"@type\":\"PropertyValueSpecification\",\"valueRequired\":true,\"valueName\":\"search_term_string\"}}],\"inLanguage\":\"fr-FR\"},{\"@type\":\"Organization\",\"@id\":\"https:\\\/\\\/www.webdo.tn\\\/fr\\\/#organization\",\"name\":\"Webdo\",\"alternateName\":\"Webdo.tn\",\"url\":\"https:\\\/\\\/www.webdo.tn\\\/fr\\\/\",\"logo\":{\"@type\":\"ImageObject\",\"inLanguage\":\"fr-FR\",\"@id\":\"https:\\\/\\\/www.webdo.tn\\\/fr\\\/#\\\/schema\\\/logo\\\/image\\\/\",\"url\":\"https:\\\/\\\/www.webdo.tn\\\/fr\\\/wp-content\\\/uploads\\\/2025\\\/06\\\/Webdo-Tunisie_168377.jpg\",\"contentUrl\":\"https:\\\/\\\/www.webdo.tn\\\/fr\\\/wp-content\\\/uploads\\\/2025\\\/06\\\/Webdo-Tunisie_168377.jpg\",\"width\":301,\"height\":301,\"caption\":\"Webdo\"},\"image\":{\"@id\":\"https:\\\/\\\/www.webdo.tn\\\/fr\\\/#\\\/schema\\\/logo\\\/image\\\/\"},\"sameAs\":[\"https:\\\/\\\/www.facebook.com\\\/webdotn\",\"https:\\\/\\\/x.com\\\/webdo_tn\"],\"description\":\"Webdo est un m\u00e9dia num\u00e9rique tunisien fond\u00e9 en 2010, sp\u00e9cialis\u00e9 dans l\u2019actualit\u00e9 nationale et internationale, l\u2019\u00e9conomie, la soci\u00e9t\u00e9 et les analyses politiques. Le site s\u2019adresse \u00e0 un large public francophone et couvre l\u2019information tunisienne en temps r\u00e9el.\",\"email\":\"redac@webdo.tn\",\"legalName\":\"YNJ SARL\",\"foundingDate\":\"2010-09-06\",\"numberOfEmployees\":{\"@type\":\"QuantitativeValue\",\"minValue\":\"11\",\"maxValue\":\"50\"}},{\"@type\":\"Person\",\"@id\":\"https:\\\/\\\/www.webdo.tn\\\/fr\\\/#\\\/schema\\\/person\\\/2c4929cbf5a809e3bd38617c6ce150f6\",\"name\":\"MC\",\"image\":{\"@type\":\"ImageObject\",\"inLanguage\":\"fr-FR\",\"@id\":\"https:\\\/\\\/secure.gravatar.com\\\/avatar\\\/a545bbb6f84efdd5553dbbc2895e3ca8f1d12c5215e00a041c9670b54aa9b18a?s=96&d=mm&r=g\",\"url\":\"https:\\\/\\\/secure.gravatar.com\\\/avatar\\\/a545bbb6f84efdd5553dbbc2895e3ca8f1d12c5215e00a041c9670b54aa9b18a?s=96&d=mm&r=g\",\"contentUrl\":\"https:\\\/\\\/secure.gravatar.com\\\/avatar\\\/a545bbb6f84efdd5553dbbc2895e3ca8f1d12c5215e00a041c9670b54aa9b18a?s=96&d=mm&r=g\",\"caption\":\"MC\"},\"url\":\"https:\\\/\\\/www.webdo.tn\\\/fr\\\/actualite\\\/author\\\/mc\\\/\"}]}<\/script>\n<!-- \/ Yoast SEO Premium plugin. -->","yoast_head_json":{"title":"Awatef Dali nomm\u00e9e officiellement \u00e0 la t\u00eate de la T\u00e9l\u00e9vision tunisienne","description":"Awatef Dali a \u00e9t\u00e9 officiellement nomm\u00e9e \u00e0 la t\u00eate de la T\u00e9l\u00e9vision tunisienne.","canonical":"https:\/\/www.webdo.tn\/fr\/actualite\/national\/awatef-dali-nommee-officiellement-a-la-tete-de-la-television-tunisienne\/206731\/","og_locale":"fr_FR","og_type":"article","og_title":"Awatef Dali nomm\u00e9e officiellement \u00e0 la t\u00eate de la T\u00e9l\u00e9vision tunisienne","og_description":"Awatef Dali a \u00e9t\u00e9 officiellement nomm\u00e9e \u00e0 la t\u00eate de la T\u00e9l\u00e9vision tunisienne.","og_url":"https:\/\/www.webdo.tn\/fr\/actualite\/national\/awatef-dali-nommee-officiellement-a-la-tete-de-la-television-tunisienne\/206731\/","og_site_name":"webdo","article_publisher":"https:\/\/www.facebook.com\/webdotn","article_published_time":"2023-06-20T19:37:00+00:00","article_modified_time":"2025-05-20T21:58:51+00:00","og_image":[{"width":700,"height":373,"url":"https:\/\/www.webdo.tn\/fr\/wp-content\/uploads\/2023\/06\/6ff8da9e5a7e544ade0ffab10f6feb68.jpeg","type":"image\/jpeg"}],"author":"MC","twitter_card":"summary_large_image","twitter_creator":"@webdo_tn","twitter_site":"@webdo_tn","twitter_misc":{"\u00c9crit par":"MC","Dur\u00e9e de lecture estim\u00e9e":"1 minute"},"schema":{"@context":"https:\/\/schema.org","@graph":[{"@type":"NewsArticle","@id":"https:\/\/www.webdo.tn\/fr\/actualite\/national\/awatef-dali-nommee-officiellement-a-la-tete-de-la-television-tunisienne\/206731\/#article","isPartOf":{"@id":"https:\/\/www.webdo.tn\/fr\/actualite\/national\/awatef-dali-nommee-officiellement-a-la-tete-de-la-television-tunisienne\/206731\/"},"author":{"name":"MC","@id":"https:\/\/www.webdo.tn\/fr\/#\/schema\/person\/2c4929cbf5a809e3bd38617c6ce150f6"},"headline":"Awatef Dali nomm\u00e9e officiellement \u00e0 la t\u00eate de la T\u00e9l\u00e9vision tunisienne","datePublished":"2023-06-20T19:37:00+00:00","dateModified":"2025-05-20T21:58:51+00:00","mainEntityOfPage":{"@id":"https:\/\/www.webdo.tn\/fr\/actualite\/national\/awatef-dali-nommee-officiellement-a-la-tete-de-la-television-tunisienne\/206731\/"},"wordCount":126,"commentCount":0,"publisher":{"@id":"https:\/\/www.webdo.tn\/fr\/#organization"},"image":{"@id":"https:\/\/www.webdo.tn\/fr\/actualite\/national\/awatef-dali-nommee-officiellement-a-la-tete-de-la-television-tunisienne\/206731\/#primaryimage"},"thumbnailUrl":"https:\/\/www.webdo.tn\/fr\/wp-content\/uploads\/2023\/06\/6ff8da9e5a7e544ade0ffab10f6feb68.jpeg","keywords":["awatef dali","T\u00e9l\u00e9vision"],"articleSection":["National"],"inLanguage":"fr-FR"},{"@type":"WebPage","@id":"https:\/\/www.webdo.tn\/fr\/actualite\/national\/awatef-dali-nommee-officiellement-a-la-tete-de-la-television-tunisienne\/206731\/","url":"https:\/\/www.webdo.tn\/fr\/actualite\/national\/awatef-dali-nommee-officiellement-a-la-tete-de-la-television-tunisienne\/206731\/","name":"Awatef Dali nomm\u00e9e officiellement \u00e0 la t\u00eate de la T\u00e9l\u00e9vision tunisienne","isPartOf":{"@id":"https:\/\/www.webdo.tn\/fr\/#website"},"primaryImageOfPage":{"@id":"https:\/\/www.webdo.tn\/fr\/actualite\/national\/awatef-dali-nommee-officiellement-a-la-tete-de-la-television-tunisienne\/206731\/#primaryimage"},"image":{"@id":"https:\/\/www.webdo.tn\/fr\/actualite\/national\/awatef-dali-nommee-officiellement-a-la-tete-de-la-television-tunisienne\/206731\/#primaryimage"},"thumbnailUrl":"https:\/\/www.webdo.tn\/fr\/wp-content\/uploads\/2023\/06\/6ff8da9e5a7e544ade0ffab10f6feb68.jpeg","datePublished":"2023-06-20T19:37:00+00:00","dateModified":"2025-05-20T21:58:51+00:00","description":"Awatef Dali a \u00e9t\u00e9 officiellement nomm\u00e9e \u00e0 la t\u00eate de la T\u00e9l\u00e9vision tunisienne.","breadcrumb":{"@id":"https:\/\/www.webdo.tn\/fr\/actualite\/national\/awatef-dali-nommee-officiellement-a-la-tete-de-la-television-tunisienne\/206731\/#breadcrumb"},"inLanguage":"fr-FR","potentialAction":[{"@type":"ReadAction","target":["https:\/\/www.webdo.tn\/fr\/actualite\/national\/awatef-dali-nommee-officiellement-a-la-tete-de-la-television-tunisienne\/206731\/"]}]},{"@type":"ImageObject","inLanguage":"fr-FR","@id":"https:\/\/www.webdo.tn\/fr\/actualite\/national\/awatef-dali-nommee-officiellement-a-la-tete-de-la-television-tunisienne\/206731\/#primaryimage","url":"https:\/\/www.webdo.tn\/fr\/wp-content\/uploads\/2023\/06\/6ff8da9e5a7e544ade0ffab10f6feb68.jpeg","contentUrl":"https:\/\/www.webdo.tn\/fr\/wp-content\/uploads\/2023\/06\/6ff8da9e5a7e544ade0ffab10f6feb68.jpeg","width":700,"height":373,"caption":"Awatef Dali nomm\u00e9e officiellement \u00e0 la t\u00eate de la T\u00e9l\u00e9vision tunisienne"},{"@type":"BreadcrumbList","@id":"https:\/\/www.webdo.tn\/fr\/actualite\/national\/awatef-dali-nommee-officiellement-a-la-tete-de-la-television-tunisienne\/206731\/#breadcrumb","itemListElement":[{"@type":"ListItem","position":1,"name":"Accueil","item":"https:\/\/www.webdo.tn\/fr\/"},{"@type":"ListItem","position":2,"name":"Awatef Dali nomm\u00e9e officiellement \u00e0 la t\u00eate de la T\u00e9l\u00e9vision tunisienne"}]},{"@type":"WebSite","@id":"https:\/\/www.webdo.tn\/fr\/#website","url":"https:\/\/www.webdo.tn\/fr\/","name":"webdo","description":"Tunisie - News en Tunisie et \u00e0 l&#039;international sur Webdo.tn","publisher":{"@id":"https:\/\/www.webdo.tn\/fr\/#organization"},"potentialAction":[{"@type":"SearchAction","target":{"@type":"EntryPoint","urlTemplate":"https:\/\/www.webdo.tn\/fr\/?s={search_term_string}"},"query-input":{"@type":"PropertyValueSpecification","valueRequired":true,"valueName":"search_term_string"}}],"inLanguage":"fr-FR"},{"@type":"Organization","@id":"https:\/\/www.webdo.tn\/fr\/#organization","name":"Webdo","alternateName":"Webdo.tn","url":"https:\/\/www.webdo.tn\/fr\/","logo":{"@type":"ImageObject","inLanguage":"fr-FR","@id":"https:\/\/www.webdo.tn\/fr\/#\/schema\/logo\/image\/","url":"https:\/\/www.webdo.tn\/fr\/wp-content\/uploads\/2025\/06\/Webdo-Tunisie_168377.jpg","contentUrl":"https:\/\/www.webdo.tn\/fr\/wp-content\/uploads\/2025\/06\/Webdo-Tunisie_168377.jpg","width":301,"height":301,"caption":"Webdo"},"image":{"@id":"https:\/\/www.webdo.tn\/fr\/#\/schema\/logo\/image\/"},"sameAs":["https:\/\/www.facebook.com\/webdotn","https:\/\/x.com\/webdo_tn"],"description":"Webdo est un m\u00e9dia num\u00e9rique tunisien fond\u00e9 en 2010, sp\u00e9cialis\u00e9 dans l\u2019actualit\u00e9 nationale et internationale, l\u2019\u00e9conomie, la soci\u00e9t\u00e9 et les analyses politiques. Le site s\u2019adresse \u00e0 un large public francophone et couvre l\u2019information tunisienne en temps r\u00e9el.","email":"redac@webdo.tn","legalName":"YNJ SARL","foundingDate":"2010-09-06","numberOfEmployees":{"@type":"QuantitativeValue","minValue":"11","maxValue":"50"}},{"@type":"Person","@id":"https:\/\/www.webdo.tn\/fr\/#\/schema\/person\/2c4929cbf5a809e3bd38617c6ce150f6","name":"MC","image":{"@type":"ImageObject","inLanguage":"fr-FR","@id":"https:\/\/secure.gravatar.com\/avatar\/a545bbb6f84efdd5553dbbc2895e3ca8f1d12c5215e00a041c9670b54aa9b18a?s=96&d=mm&r=g","url":"https:\/\/secure.gravatar.com\/avatar\/a545bbb6f84efdd5553dbbc2895e3ca8f1d12c5215e00a041c9670b54aa9b18a?s=96&d=mm&r=g","contentUrl":"https:\/\/secure.gravatar.com\/avatar\/a545bbb6f84efdd5553dbbc2895e3ca8f1d12c5215e00a041c9670b54aa9b18a?s=96&d=mm&r=g","caption":"MC"},"url":"https:\/\/www.webdo.tn\/fr\/actualite\/author\/mc\/"}]}},"_links":{"self":[{"href":"https:\/\/www.webdo.tn\/fr\/wp-json\/wp\/v2\/posts\/206731","targetHints":{"allow":["GET"]}}],"collection":[{"href":"https:\/\/www.webdo.tn\/fr\/wp-json\/wp\/v2\/posts"}],"about":[{"href":"https:\/\/www.webdo.tn\/fr\/wp-json\/wp\/v2\/types\/post"}],"author":[{"embeddable":true,"href":"https:\/\/www.webdo.tn\/fr\/wp-json\/wp\/v2\/users\/3162"}],"replies":[{"embeddable":true,"href":"https:\/\/www.webdo.tn\/fr\/wp-json\/wp\/v2\/comments?post=206731"}],"version-history":[{"count":0,"href":"https:\/\/www.webdo.tn\/fr\/wp-json\/wp\/v2\/posts\/206731\/revisions"}],"wp:featuredmedia":[{"embeddable":true,"href":"https:\/\/www.webdo.tn\/fr\/wp-json\/wp\/v2\/media\/249922"}],"wp:attachment":[{"href":"https:\/\/www.webdo.tn\/fr\/wp-json\/wp\/v2\/media?parent=206731"}],"wp:term":[{"taxonomy":"category","embeddable":true,"href":"https:\/\/www.webdo.tn\/fr\/wp-json\/wp\/v2\/categories?post=206731"},{"taxonomy":"post_tag","embeddable":true,"href":"https:\/\/www.webdo.tn\/fr\/wp-json\/wp\/v2\/tags?post=206731"}],"curies":[{"name":"wp","href":"https:\/\/api.w.org\/{rel}","templated":true}]}}