{"id":206725,"date":"2023-06-20T15:28:00","date_gmt":"2023-06-20T15:28:00","guid":{"rendered":"https:\/\/www.webdo.tn\/fr\/blog\/quatre-israeliens-tues-dans-une-fusillade-pres-d-une-colonie\/206725\/"},"modified":"2025-05-20T22:42:39","modified_gmt":"2025-05-20T22:42:39","slug":"quatre-israeliens-tues-dans-une-fusillade-pres-d-une-colonie","status":"publish","type":"post","link":"https:\/\/www.webdo.tn\/fr\/actualite\/international\/quatre-israeliens-tues-dans-une-fusillade-pres-d-une-colonie\/206725\/","title":{"rendered":"Quatre isra\u00e9liens tu\u00e9s dans une fusillade pr\u00e8s d&rsquo;une colonie"},"content":{"rendered":"<p>Quatre isra\u00e9liens ont \u00e9t\u00e9 tu\u00e9s et quatre autres bless\u00e9s mardi 20 juin 2023 dans une fusillade pr\u00e8s d&rsquo;une colonie isra\u00e9lienne en Cisjordanie occup\u00e9e.<\/p>\n<p>\t\t\t\t\t\t\t\t\tL&rsquo;arm\u00e9e isra\u00e9lienne a indiqu\u00e9 que des assaillants avaient ouvert le feu pr\u00e8s d&rsquo;une station essence \u00e0 proximit\u00e9 de la colonie d&rsquo;Eli (nord) et avoir \u00ab\u00a0neutralis\u00e9\u00a0\u00bb l&rsquo;un d&rsquo;eux.\u00a0<\/p>\n<p>Le Magen David Adom, l&rsquo;\u00e9quivalent isra\u00e9lien de la Croix Rouge, a indiqu\u00e9 que quatre personnes avaient \u00e9t\u00e9 d\u00e9clar\u00e9es mortes sur place et quatre autres bless\u00e9es.<\/p>\n","protected":false},"excerpt":{"rendered":"<p>Quatre isra\u00e9liens ont \u00e9t\u00e9 tu\u00e9s et quatre autres bless\u00e9s mardi 20 juin 2023 dans une fusillade pr\u00e8s d&rsquo;une colonie isra\u00e9lienne en Cisjordanie occup\u00e9e.<\/p>\n","protected":false},"author":3175,"featured_media":249918,"comment_status":"open","ping_status":"closed","sticky":false,"template":"","format":"standard","meta":{"footnotes":""},"categories":[2598],"tags":[4147,8282,2688],"class_list":["post-206725","post","type-post","status-publish","format-standard","has-post-thumbnail","hentry","category-international","tag-fusillade","tag-israeliens","tag-palestine"],"yoast_head":"<!-- This site is optimized with the Yoast SEO Premium plugin v27.4 (Yoast SEO v27.5) - https:\/\/yoast.com\/product\/yoast-seo-premium-wordpress\/ -->\n<title>Quatre isra\u00e9liens tu\u00e9s dans une fusillade pr\u00e8s d&#039;une colonie<\/title>\n<meta name=\"description\" content=\"Quatre isra\u00e9liens ont \u00e9t\u00e9 tu\u00e9s et quatre autres bless\u00e9s mardi 20 juin 2023 dans une fusillade pr\u00e8s d&#039;une colonie isra\u00e9lienne en Cisjordanie occup\u00e9e.\" \/>\n<link rel=\"canonical\" href=\"https:\/\/www.webdo.tn\/fr\/actualite\/international\/quatre-israeliens-tues-dans-une-fusillade-pres-d-une-colonie\/206725\/\" \/>\n<meta property=\"og:locale\" content=\"fr_FR\" \/>\n<meta property=\"og:type\" content=\"article\" \/>\n<meta property=\"og:title\" content=\"Quatre isra\u00e9liens tu\u00e9s dans une fusillade pr\u00e8s d&#039;une colonie\" \/>\n<meta property=\"og:description\" content=\"Quatre isra\u00e9liens ont \u00e9t\u00e9 tu\u00e9s et quatre autres bless\u00e9s mardi 20 juin 2023 dans une fusillade pr\u00e8s d&#039;une colonie isra\u00e9lienne en Cisjordanie occup\u00e9e.\" \/>\n<meta property=\"og:url\" content=\"https:\/\/www.webdo.tn\/fr\/actualite\/international\/quatre-israeliens-tues-dans-une-fusillade-pres-d-une-colonie\/206725\/\" \/>\n<meta property=\"og:site_name\" content=\"webdo\" \/>\n<meta property=\"article:publisher\" content=\"https:\/\/www.facebook.com\/webdotn\" \/>\n<meta property=\"article:published_time\" content=\"2023-06-20T15:28:00+00:00\" \/>\n<meta property=\"article:modified_time\" content=\"2025-05-20T22:42:39+00:00\" \/>\n<meta property=\"og:image\" content=\"https:\/\/www.webdo.tn\/fr\/wp-content\/uploads\/2023\/06\/f7975355cd19cad10d54432326b2dfe5.jpg\" \/>\n\t<meta property=\"og:image:width\" content=\"750\" \/>\n\t<meta property=\"og:image:height\" content=\"400\" \/>\n\t<meta property=\"og:image:type\" content=\"image\/jpeg\" \/>\n<meta name=\"author\" content=\"CL\" \/>\n<meta name=\"twitter:card\" content=\"summary_large_image\" \/>\n<meta name=\"twitter:creator\" content=\"@webdo_tn\" \/>\n<meta name=\"twitter:site\" content=\"@webdo_tn\" \/>\n<meta name=\"twitter:label1\" content=\"\u00c9crit par\" \/>\n\t<meta name=\"twitter:data1\" content=\"CL\" \/>\n<script type=\"application\/ld+json\" class=\"yoast-schema-graph\">{\"@context\":\"https:\\\/\\\/schema.org\",\"@graph\":[{\"@type\":\"NewsArticle\",\"@id\":\"https:\\\/\\\/www.webdo.tn\\\/fr\\\/actualite\\\/international\\\/quatre-israeliens-tues-dans-une-fusillade-pres-d-une-colonie\\\/206725\\\/#article\",\"isPartOf\":{\"@id\":\"https:\\\/\\\/www.webdo.tn\\\/fr\\\/actualite\\\/international\\\/quatre-israeliens-tues-dans-une-fusillade-pres-d-une-colonie\\\/206725\\\/\"},\"author\":{\"name\":\"CL\",\"@id\":\"https:\\\/\\\/www.webdo.tn\\\/fr\\\/#\\\/schema\\\/person\\\/f35b42a42c5e2511bbd282959d6385cc\"},\"headline\":\"Quatre isra\u00e9liens tu\u00e9s dans une fusillade pr\u00e8s d&rsquo;une colonie\",\"datePublished\":\"2023-06-20T15:28:00+00:00\",\"dateModified\":\"2025-05-20T22:42:39+00:00\",\"mainEntityOfPage\":{\"@id\":\"https:\\\/\\\/www.webdo.tn\\\/fr\\\/actualite\\\/international\\\/quatre-israeliens-tues-dans-une-fusillade-pres-d-une-colonie\\\/206725\\\/\"},\"wordCount\":105,\"commentCount\":0,\"publisher\":{\"@id\":\"https:\\\/\\\/www.webdo.tn\\\/fr\\\/#organization\"},\"image\":{\"@id\":\"https:\\\/\\\/www.webdo.tn\\\/fr\\\/actualite\\\/international\\\/quatre-israeliens-tues-dans-une-fusillade-pres-d-une-colonie\\\/206725\\\/#primaryimage\"},\"thumbnailUrl\":\"https:\\\/\\\/www.webdo.tn\\\/fr\\\/wp-content\\\/uploads\\\/2023\\\/06\\\/f7975355cd19cad10d54432326b2dfe5.jpg\",\"keywords\":[\"fusillade\",\"Isra\u00e9liens\",\"Palestine\"],\"articleSection\":[\"International\"],\"inLanguage\":\"fr-FR\"},{\"@type\":\"WebPage\",\"@id\":\"https:\\\/\\\/www.webdo.tn\\\/fr\\\/actualite\\\/international\\\/quatre-israeliens-tues-dans-une-fusillade-pres-d-une-colonie\\\/206725\\\/\",\"url\":\"https:\\\/\\\/www.webdo.tn\\\/fr\\\/actualite\\\/international\\\/quatre-israeliens-tues-dans-une-fusillade-pres-d-une-colonie\\\/206725\\\/\",\"name\":\"Quatre isra\u00e9liens tu\u00e9s dans une fusillade pr\u00e8s d'une colonie\",\"isPartOf\":{\"@id\":\"https:\\\/\\\/www.webdo.tn\\\/fr\\\/#website\"},\"primaryImageOfPage\":{\"@id\":\"https:\\\/\\\/www.webdo.tn\\\/fr\\\/actualite\\\/international\\\/quatre-israeliens-tues-dans-une-fusillade-pres-d-une-colonie\\\/206725\\\/#primaryimage\"},\"image\":{\"@id\":\"https:\\\/\\\/www.webdo.tn\\\/fr\\\/actualite\\\/international\\\/quatre-israeliens-tues-dans-une-fusillade-pres-d-une-colonie\\\/206725\\\/#primaryimage\"},\"thumbnailUrl\":\"https:\\\/\\\/www.webdo.tn\\\/fr\\\/wp-content\\\/uploads\\\/2023\\\/06\\\/f7975355cd19cad10d54432326b2dfe5.jpg\",\"datePublished\":\"2023-06-20T15:28:00+00:00\",\"dateModified\":\"2025-05-20T22:42:39+00:00\",\"description\":\"Quatre isra\u00e9liens ont \u00e9t\u00e9 tu\u00e9s et quatre autres bless\u00e9s mardi 20 juin 2023 dans une fusillade pr\u00e8s d'une colonie isra\u00e9lienne en Cisjordanie occup\u00e9e.\",\"breadcrumb\":{\"@id\":\"https:\\\/\\\/www.webdo.tn\\\/fr\\\/actualite\\\/international\\\/quatre-israeliens-tues-dans-une-fusillade-pres-d-une-colonie\\\/206725\\\/#breadcrumb\"},\"inLanguage\":\"fr-FR\",\"potentialAction\":[{\"@type\":\"ReadAction\",\"target\":[\"https:\\\/\\\/www.webdo.tn\\\/fr\\\/actualite\\\/international\\\/quatre-israeliens-tues-dans-une-fusillade-pres-d-une-colonie\\\/206725\\\/\"]}]},{\"@type\":\"ImageObject\",\"inLanguage\":\"fr-FR\",\"@id\":\"https:\\\/\\\/www.webdo.tn\\\/fr\\\/actualite\\\/international\\\/quatre-israeliens-tues-dans-une-fusillade-pres-d-une-colonie\\\/206725\\\/#primaryimage\",\"url\":\"https:\\\/\\\/www.webdo.tn\\\/fr\\\/wp-content\\\/uploads\\\/2023\\\/06\\\/f7975355cd19cad10d54432326b2dfe5.jpg\",\"contentUrl\":\"https:\\\/\\\/www.webdo.tn\\\/fr\\\/wp-content\\\/uploads\\\/2023\\\/06\\\/f7975355cd19cad10d54432326b2dfe5.jpg\",\"width\":750,\"height\":400,\"caption\":\"Quatre isra\u00e9liens tu\u00e9s dans une fusillade pr\u00e8s d'une colonie\"},{\"@type\":\"BreadcrumbList\",\"@id\":\"https:\\\/\\\/www.webdo.tn\\\/fr\\\/actualite\\\/international\\\/quatre-israeliens-tues-dans-une-fusillade-pres-d-une-colonie\\\/206725\\\/#breadcrumb\",\"itemListElement\":[{\"@type\":\"ListItem\",\"position\":1,\"name\":\"Accueil\",\"item\":\"https:\\\/\\\/www.webdo.tn\\\/fr\\\/\"},{\"@type\":\"ListItem\",\"position\":2,\"name\":\"Quatre isra\u00e9liens tu\u00e9s dans une fusillade pr\u00e8s d&rsquo;une colonie\"}]},{\"@type\":\"WebSite\",\"@id\":\"https:\\\/\\\/www.webdo.tn\\\/fr\\\/#website\",\"url\":\"https:\\\/\\\/www.webdo.tn\\\/fr\\\/\",\"name\":\"webdo\",\"description\":\"Tunisie - News en Tunisie et \u00e0 l&#039;international sur Webdo.tn\",\"publisher\":{\"@id\":\"https:\\\/\\\/www.webdo.tn\\\/fr\\\/#organization\"},\"potentialAction\":[{\"@type\":\"SearchAction\",\"target\":{\"@type\":\"EntryPoint\",\"urlTemplate\":\"https:\\\/\\\/www.webdo.tn\\\/fr\\\/?s={search_term_string}\"},\"query-input\":{\"@type\":\"PropertyValueSpecification\",\"valueRequired\":true,\"valueName\":\"search_term_string\"}}],\"inLanguage\":\"fr-FR\"},{\"@type\":\"Organization\",\"@id\":\"https:\\\/\\\/www.webdo.tn\\\/fr\\\/#organization\",\"name\":\"Webdo\",\"alternateName\":\"Webdo.tn\",\"url\":\"https:\\\/\\\/www.webdo.tn\\\/fr\\\/\",\"logo\":{\"@type\":\"ImageObject\",\"inLanguage\":\"fr-FR\",\"@id\":\"https:\\\/\\\/www.webdo.tn\\\/fr\\\/#\\\/schema\\\/logo\\\/image\\\/\",\"url\":\"https:\\\/\\\/www.webdo.tn\\\/fr\\\/wp-content\\\/uploads\\\/2025\\\/06\\\/Webdo-Tunisie_168377.jpg\",\"contentUrl\":\"https:\\\/\\\/www.webdo.tn\\\/fr\\\/wp-content\\\/uploads\\\/2025\\\/06\\\/Webdo-Tunisie_168377.jpg\",\"width\":301,\"height\":301,\"caption\":\"Webdo\"},\"image\":{\"@id\":\"https:\\\/\\\/www.webdo.tn\\\/fr\\\/#\\\/schema\\\/logo\\\/image\\\/\"},\"sameAs\":[\"https:\\\/\\\/www.facebook.com\\\/webdotn\",\"https:\\\/\\\/x.com\\\/webdo_tn\"],\"description\":\"Webdo est un m\u00e9dia num\u00e9rique tunisien fond\u00e9 en 2010, sp\u00e9cialis\u00e9 dans l\u2019actualit\u00e9 nationale et internationale, l\u2019\u00e9conomie, la soci\u00e9t\u00e9 et les analyses politiques. Le site s\u2019adresse \u00e0 un large public francophone et couvre l\u2019information tunisienne en temps r\u00e9el.\",\"email\":\"redac@webdo.tn\",\"legalName\":\"YNJ SARL\",\"foundingDate\":\"2010-09-06\",\"numberOfEmployees\":{\"@type\":\"QuantitativeValue\",\"minValue\":\"11\",\"maxValue\":\"50\"}},{\"@type\":\"Person\",\"@id\":\"https:\\\/\\\/www.webdo.tn\\\/fr\\\/#\\\/schema\\\/person\\\/f35b42a42c5e2511bbd282959d6385cc\",\"name\":\"CL\",\"image\":{\"@type\":\"ImageObject\",\"inLanguage\":\"fr-FR\",\"@id\":\"https:\\\/\\\/secure.gravatar.com\\\/avatar\\\/1447a49909b67aa657c488aec6512e1dd6143a480c1ecfee9b5b5cd74eb3b59e?s=96&d=mm&r=g\",\"url\":\"https:\\\/\\\/secure.gravatar.com\\\/avatar\\\/1447a49909b67aa657c488aec6512e1dd6143a480c1ecfee9b5b5cd74eb3b59e?s=96&d=mm&r=g\",\"contentUrl\":\"https:\\\/\\\/secure.gravatar.com\\\/avatar\\\/1447a49909b67aa657c488aec6512e1dd6143a480c1ecfee9b5b5cd74eb3b59e?s=96&d=mm&r=g\",\"caption\":\"CL\"},\"url\":\"https:\\\/\\\/www.webdo.tn\\\/fr\\\/actualite\\\/author\\\/cl\\\/\"}]}<\/script>\n<!-- \/ Yoast SEO Premium plugin. -->","yoast_head_json":{"title":"Quatre isra\u00e9liens tu\u00e9s dans une fusillade pr\u00e8s d'une colonie","description":"Quatre isra\u00e9liens ont \u00e9t\u00e9 tu\u00e9s et quatre autres bless\u00e9s mardi 20 juin 2023 dans une fusillade pr\u00e8s d'une colonie isra\u00e9lienne en Cisjordanie occup\u00e9e.","canonical":"https:\/\/www.webdo.tn\/fr\/actualite\/international\/quatre-israeliens-tues-dans-une-fusillade-pres-d-une-colonie\/206725\/","og_locale":"fr_FR","og_type":"article","og_title":"Quatre isra\u00e9liens tu\u00e9s dans une fusillade pr\u00e8s d'une colonie","og_description":"Quatre isra\u00e9liens ont \u00e9t\u00e9 tu\u00e9s et quatre autres bless\u00e9s mardi 20 juin 2023 dans une fusillade pr\u00e8s d'une colonie isra\u00e9lienne en Cisjordanie occup\u00e9e.","og_url":"https:\/\/www.webdo.tn\/fr\/actualite\/international\/quatre-israeliens-tues-dans-une-fusillade-pres-d-une-colonie\/206725\/","og_site_name":"webdo","article_publisher":"https:\/\/www.facebook.com\/webdotn","article_published_time":"2023-06-20T15:28:00+00:00","article_modified_time":"2025-05-20T22:42:39+00:00","og_image":[{"width":750,"height":400,"url":"https:\/\/www.webdo.tn\/fr\/wp-content\/uploads\/2023\/06\/f7975355cd19cad10d54432326b2dfe5.jpg","type":"image\/jpeg"}],"author":"CL","twitter_card":"summary_large_image","twitter_creator":"@webdo_tn","twitter_site":"@webdo_tn","twitter_misc":{"\u00c9crit par":"CL"},"schema":{"@context":"https:\/\/schema.org","@graph":[{"@type":"NewsArticle","@id":"https:\/\/www.webdo.tn\/fr\/actualite\/international\/quatre-israeliens-tues-dans-une-fusillade-pres-d-une-colonie\/206725\/#article","isPartOf":{"@id":"https:\/\/www.webdo.tn\/fr\/actualite\/international\/quatre-israeliens-tues-dans-une-fusillade-pres-d-une-colonie\/206725\/"},"author":{"name":"CL","@id":"https:\/\/www.webdo.tn\/fr\/#\/schema\/person\/f35b42a42c5e2511bbd282959d6385cc"},"headline":"Quatre isra\u00e9liens tu\u00e9s dans une fusillade pr\u00e8s d&rsquo;une colonie","datePublished":"2023-06-20T15:28:00+00:00","dateModified":"2025-05-20T22:42:39+00:00","mainEntityOfPage":{"@id":"https:\/\/www.webdo.tn\/fr\/actualite\/international\/quatre-israeliens-tues-dans-une-fusillade-pres-d-une-colonie\/206725\/"},"wordCount":105,"commentCount":0,"publisher":{"@id":"https:\/\/www.webdo.tn\/fr\/#organization"},"image":{"@id":"https:\/\/www.webdo.tn\/fr\/actualite\/international\/quatre-israeliens-tues-dans-une-fusillade-pres-d-une-colonie\/206725\/#primaryimage"},"thumbnailUrl":"https:\/\/www.webdo.tn\/fr\/wp-content\/uploads\/2023\/06\/f7975355cd19cad10d54432326b2dfe5.jpg","keywords":["fusillade","Isra\u00e9liens","Palestine"],"articleSection":["International"],"inLanguage":"fr-FR"},{"@type":"WebPage","@id":"https:\/\/www.webdo.tn\/fr\/actualite\/international\/quatre-israeliens-tues-dans-une-fusillade-pres-d-une-colonie\/206725\/","url":"https:\/\/www.webdo.tn\/fr\/actualite\/international\/quatre-israeliens-tues-dans-une-fusillade-pres-d-une-colonie\/206725\/","name":"Quatre isra\u00e9liens tu\u00e9s dans une fusillade pr\u00e8s d'une colonie","isPartOf":{"@id":"https:\/\/www.webdo.tn\/fr\/#website"},"primaryImageOfPage":{"@id":"https:\/\/www.webdo.tn\/fr\/actualite\/international\/quatre-israeliens-tues-dans-une-fusillade-pres-d-une-colonie\/206725\/#primaryimage"},"image":{"@id":"https:\/\/www.webdo.tn\/fr\/actualite\/international\/quatre-israeliens-tues-dans-une-fusillade-pres-d-une-colonie\/206725\/#primaryimage"},"thumbnailUrl":"https:\/\/www.webdo.tn\/fr\/wp-content\/uploads\/2023\/06\/f7975355cd19cad10d54432326b2dfe5.jpg","datePublished":"2023-06-20T15:28:00+00:00","dateModified":"2025-05-20T22:42:39+00:00","description":"Quatre isra\u00e9liens ont \u00e9t\u00e9 tu\u00e9s et quatre autres bless\u00e9s mardi 20 juin 2023 dans une fusillade pr\u00e8s d'une colonie isra\u00e9lienne en Cisjordanie occup\u00e9e.","breadcrumb":{"@id":"https:\/\/www.webdo.tn\/fr\/actualite\/international\/quatre-israeliens-tues-dans-une-fusillade-pres-d-une-colonie\/206725\/#breadcrumb"},"inLanguage":"fr-FR","potentialAction":[{"@type":"ReadAction","target":["https:\/\/www.webdo.tn\/fr\/actualite\/international\/quatre-israeliens-tues-dans-une-fusillade-pres-d-une-colonie\/206725\/"]}]},{"@type":"ImageObject","inLanguage":"fr-FR","@id":"https:\/\/www.webdo.tn\/fr\/actualite\/international\/quatre-israeliens-tues-dans-une-fusillade-pres-d-une-colonie\/206725\/#primaryimage","url":"https:\/\/www.webdo.tn\/fr\/wp-content\/uploads\/2023\/06\/f7975355cd19cad10d54432326b2dfe5.jpg","contentUrl":"https:\/\/www.webdo.tn\/fr\/wp-content\/uploads\/2023\/06\/f7975355cd19cad10d54432326b2dfe5.jpg","width":750,"height":400,"caption":"Quatre isra\u00e9liens tu\u00e9s dans une fusillade pr\u00e8s d'une colonie"},{"@type":"BreadcrumbList","@id":"https:\/\/www.webdo.tn\/fr\/actualite\/international\/quatre-israeliens-tues-dans-une-fusillade-pres-d-une-colonie\/206725\/#breadcrumb","itemListElement":[{"@type":"ListItem","position":1,"name":"Accueil","item":"https:\/\/www.webdo.tn\/fr\/"},{"@type":"ListItem","position":2,"name":"Quatre isra\u00e9liens tu\u00e9s dans une fusillade pr\u00e8s d&rsquo;une colonie"}]},{"@type":"WebSite","@id":"https:\/\/www.webdo.tn\/fr\/#website","url":"https:\/\/www.webdo.tn\/fr\/","name":"webdo","description":"Tunisie - News en Tunisie et \u00e0 l&#039;international sur Webdo.tn","publisher":{"@id":"https:\/\/www.webdo.tn\/fr\/#organization"},"potentialAction":[{"@type":"SearchAction","target":{"@type":"EntryPoint","urlTemplate":"https:\/\/www.webdo.tn\/fr\/?s={search_term_string}"},"query-input":{"@type":"PropertyValueSpecification","valueRequired":true,"valueName":"search_term_string"}}],"inLanguage":"fr-FR"},{"@type":"Organization","@id":"https:\/\/www.webdo.tn\/fr\/#organization","name":"Webdo","alternateName":"Webdo.tn","url":"https:\/\/www.webdo.tn\/fr\/","logo":{"@type":"ImageObject","inLanguage":"fr-FR","@id":"https:\/\/www.webdo.tn\/fr\/#\/schema\/logo\/image\/","url":"https:\/\/www.webdo.tn\/fr\/wp-content\/uploads\/2025\/06\/Webdo-Tunisie_168377.jpg","contentUrl":"https:\/\/www.webdo.tn\/fr\/wp-content\/uploads\/2025\/06\/Webdo-Tunisie_168377.jpg","width":301,"height":301,"caption":"Webdo"},"image":{"@id":"https:\/\/www.webdo.tn\/fr\/#\/schema\/logo\/image\/"},"sameAs":["https:\/\/www.facebook.com\/webdotn","https:\/\/x.com\/webdo_tn"],"description":"Webdo est un m\u00e9dia num\u00e9rique tunisien fond\u00e9 en 2010, sp\u00e9cialis\u00e9 dans l\u2019actualit\u00e9 nationale et internationale, l\u2019\u00e9conomie, la soci\u00e9t\u00e9 et les analyses politiques. Le site s\u2019adresse \u00e0 un large public francophone et couvre l\u2019information tunisienne en temps r\u00e9el.","email":"redac@webdo.tn","legalName":"YNJ SARL","foundingDate":"2010-09-06","numberOfEmployees":{"@type":"QuantitativeValue","minValue":"11","maxValue":"50"}},{"@type":"Person","@id":"https:\/\/www.webdo.tn\/fr\/#\/schema\/person\/f35b42a42c5e2511bbd282959d6385cc","name":"CL","image":{"@type":"ImageObject","inLanguage":"fr-FR","@id":"https:\/\/secure.gravatar.com\/avatar\/1447a49909b67aa657c488aec6512e1dd6143a480c1ecfee9b5b5cd74eb3b59e?s=96&d=mm&r=g","url":"https:\/\/secure.gravatar.com\/avatar\/1447a49909b67aa657c488aec6512e1dd6143a480c1ecfee9b5b5cd74eb3b59e?s=96&d=mm&r=g","contentUrl":"https:\/\/secure.gravatar.com\/avatar\/1447a49909b67aa657c488aec6512e1dd6143a480c1ecfee9b5b5cd74eb3b59e?s=96&d=mm&r=g","caption":"CL"},"url":"https:\/\/www.webdo.tn\/fr\/actualite\/author\/cl\/"}]}},"_links":{"self":[{"href":"https:\/\/www.webdo.tn\/fr\/wp-json\/wp\/v2\/posts\/206725","targetHints":{"allow":["GET"]}}],"collection":[{"href":"https:\/\/www.webdo.tn\/fr\/wp-json\/wp\/v2\/posts"}],"about":[{"href":"https:\/\/www.webdo.tn\/fr\/wp-json\/wp\/v2\/types\/post"}],"author":[{"embeddable":true,"href":"https:\/\/www.webdo.tn\/fr\/wp-json\/wp\/v2\/users\/3175"}],"replies":[{"embeddable":true,"href":"https:\/\/www.webdo.tn\/fr\/wp-json\/wp\/v2\/comments?post=206725"}],"version-history":[{"count":0,"href":"https:\/\/www.webdo.tn\/fr\/wp-json\/wp\/v2\/posts\/206725\/revisions"}],"wp:featuredmedia":[{"embeddable":true,"href":"https:\/\/www.webdo.tn\/fr\/wp-json\/wp\/v2\/media\/249918"}],"wp:attachment":[{"href":"https:\/\/www.webdo.tn\/fr\/wp-json\/wp\/v2\/media?parent=206725"}],"wp:term":[{"taxonomy":"category","embeddable":true,"href":"https:\/\/www.webdo.tn\/fr\/wp-json\/wp\/v2\/categories?post=206725"},{"taxonomy":"post_tag","embeddable":true,"href":"https:\/\/www.webdo.tn\/fr\/wp-json\/wp\/v2\/tags?post=206725"}],"curies":[{"name":"wp","href":"https:\/\/api.w.org\/{rel}","templated":true}]}}