{"id":206723,"date":"2023-06-20T13:30:00","date_gmt":"2023-06-20T13:30:00","guid":{"rendered":"https:\/\/www.webdo.tn\/fr\/blog\/tunisie-la-la-revision-du-code-d-amenagement-du-territoire-et-de-l-urbanisme-bientot-parachevee\/206723\/"},"modified":"2025-05-20T22:50:46","modified_gmt":"2025-05-20T22:50:46","slug":"tunisie-la-la-revision-du-code-d-amenagement-du-territoire-et-de-l-urbanisme-bientot-parachevee","status":"publish","type":"post","link":"https:\/\/www.webdo.tn\/fr\/actualite\/national\/tunisie-la-la-revision-du-code-d-amenagement-du-territoire-et-de-l-urbanisme-bientot-parachevee\/206723\/","title":{"rendered":"Tunisie : La r\u00e9vision du code d\u2019am\u00e9nagement du territoire et de l\u2019urbanisme bient\u00f4t parachev\u00e9e"},"content":{"rendered":"<p>Le minist\u00e8re de l\u2019Equipement et de l\u2019habitat \u0153uvrera, en coordination avec tous ses partenaires, \u00e0 parachever le processus de r\u00e9vision du code d\u2019am\u00e9nagement du territoire et de l\u2019urbanisme conform\u00e9ment aux contextes nationaux et internationaux, \u00e0 l&rsquo;horizon de 2024, a fait savoir la ministre de l\u2019Equipement, Sarra Zaafrani Zenzri.<\/p>\n<p>\t\t\t\t\t\t\t\t\tIntervenant au cours d\u2019un s\u00e9minaire organis\u00e9, mardi, sur les orientations de la r\u00e9forme de Code de l&rsquo;Am\u00e9nagement du Territoire et de l&rsquo;Urbanisme (CATU) en partenariat avec le Programme des Nations Unies pour les \u00e9tablissements humains (ONU-HABITAT) Tunisie, elle ajout\u00e9 que la Tunisie, \u00e0 l&rsquo;instar des autres pays, notamment de la r\u00e9gion m\u00e9diterran\u00e9enne, est appel\u00e9e \u00e0 \u00e9laborer un plan \u00e0 l&rsquo;horizon 2050.<\/p>\n<p>L\u2019objectif a-t-elle expliqu\u00e9 est de faire face aux d\u00e9fis et paris majeurs li\u00e9s essentiellement au changement climatique, notamment dans les zones urbaines de forte densit\u00e9.<\/p>\n<p>Le diagnostic du code \u00e9t\u00e9 \u00e9labor\u00e9 en fonction des ateliers organis\u00e9s par le minist\u00e8re de l&rsquo;Equipement et de l&rsquo;habitat et \u00e0 partir des r\u00e9sultats des \u00e9tudes d&rsquo;\u00e9valuation des m\u00e9canismes et des outils de planification territoriale et urbaine et des \u00e9tudes relatives \u00e0 la politique d\u2019urbanisme.<\/p>\n<p>Il porte notamment sur les principales difficult\u00e9s et tient compte des \u00e9volutions li\u00e9es au changement climatique, \u00e0 la transition \u00e9nerg\u00e9tique, technologique et num\u00e9rique, et ce, conform\u00e9ment aux engagements et principes adopt\u00e9s dans le cadre des conventions internationales.<\/p>\n","protected":false},"excerpt":{"rendered":"<p>Le minist\u00e8re de l\u2019Equipement et de l\u2019habitat \u0153uvrera, en coordination avec tous ses partenaires, \u00e0 parachever le processus de r\u00e9vision du code d\u2019am\u00e9nagement du&#8230;<\/p>\n","protected":false},"author":3175,"featured_media":278418,"comment_status":"open","ping_status":"closed","sticky":false,"template":"","format":"standard","meta":{"footnotes":""},"categories":[44],"tags":[9581,2608],"class_list":["post-206723","post","type-post","status-publish","format-standard","has-post-thumbnail","hentry","category-national","tag-amenagement","tag-tunisie"],"yoast_head":"<!-- This site is optimized with the Yoast SEO Premium plugin v27.5 (Yoast SEO v27.5) - https:\/\/yoast.com\/product\/yoast-seo-premium-wordpress\/ -->\n<title>Tunisie : La r\u00e9vision du code d\u2019am\u00e9nagement du territoire et de l\u2019urbanisme bient\u00f4t parachev\u00e9e<\/title>\n<meta name=\"description\" content=\"Le minist\u00e8re de l\u2019Equipement et de l\u2019habitat \u0153uvrera, en coordination avec tous ses partenaires, \u00e0 parachever le processus de r\u00e9vision du code d\u2019am\u00e9nagement du...\" \/>\n<link rel=\"canonical\" href=\"https:\/\/www.webdo.tn\/fr\/actualite\/national\/tunisie-la-la-revision-du-code-d-amenagement-du-territoire-et-de-l-urbanisme-bientot-parachevee\/206723\/\" \/>\n<meta property=\"og:locale\" content=\"fr_FR\" \/>\n<meta property=\"og:type\" content=\"article\" \/>\n<meta property=\"og:title\" content=\"Tunisie : La r\u00e9vision du code d\u2019am\u00e9nagement du territoire et de l\u2019urbanisme bient\u00f4t parachev\u00e9e\" \/>\n<meta property=\"og:description\" content=\"Le minist\u00e8re de l\u2019Equipement et de l\u2019habitat \u0153uvrera, en coordination avec tous ses partenaires, \u00e0 parachever le processus de r\u00e9vision du code d\u2019am\u00e9nagement du...\" \/>\n<meta property=\"og:url\" content=\"https:\/\/www.webdo.tn\/fr\/actualite\/national\/tunisie-la-la-revision-du-code-d-amenagement-du-territoire-et-de-l-urbanisme-bientot-parachevee\/206723\/\" \/>\n<meta property=\"og:site_name\" content=\"webdo\" \/>\n<meta property=\"article:publisher\" content=\"https:\/\/www.facebook.com\/webdotn\" \/>\n<meta property=\"article:published_time\" content=\"2023-06-20T13:30:00+00:00\" \/>\n<meta property=\"article:modified_time\" content=\"2025-05-20T22:50:46+00:00\" \/>\n<meta property=\"og:image\" content=\"https:\/\/www.webdo.tn\/fr\/wp-content\/uploads\/2023\/06\/0c73c7e752392a8b43ee24570c2fe492.jpg\" \/>\n\t<meta property=\"og:image:width\" content=\"555\" \/>\n\t<meta property=\"og:image:height\" content=\"296\" \/>\n\t<meta property=\"og:image:type\" content=\"image\/jpeg\" \/>\n<meta name=\"author\" content=\"CL\" \/>\n<meta name=\"twitter:card\" content=\"summary_large_image\" \/>\n<meta name=\"twitter:creator\" content=\"@webdo_tn\" \/>\n<meta name=\"twitter:site\" content=\"@webdo_tn\" \/>\n<meta name=\"twitter:label1\" content=\"\u00c9crit par\" \/>\n\t<meta name=\"twitter:data1\" content=\"CL\" \/>\n\t<meta name=\"twitter:label2\" content=\"Dur\u00e9e de lecture estim\u00e9e\" \/>\n\t<meta name=\"twitter:data2\" content=\"1 minute\" \/>\n<script type=\"application\/ld+json\" class=\"yoast-schema-graph\">{\"@context\":\"https:\\\/\\\/schema.org\",\"@graph\":[{\"@type\":\"NewsArticle\",\"@id\":\"https:\\\/\\\/www.webdo.tn\\\/fr\\\/actualite\\\/national\\\/tunisie-la-la-revision-du-code-d-amenagement-du-territoire-et-de-l-urbanisme-bientot-parachevee\\\/206723\\\/#article\",\"isPartOf\":{\"@id\":\"https:\\\/\\\/www.webdo.tn\\\/fr\\\/actualite\\\/national\\\/tunisie-la-la-revision-du-code-d-amenagement-du-territoire-et-de-l-urbanisme-bientot-parachevee\\\/206723\\\/\"},\"author\":{\"name\":\"CL\",\"@id\":\"https:\\\/\\\/www.webdo.tn\\\/fr\\\/#\\\/schema\\\/person\\\/f35b42a42c5e2511bbd282959d6385cc\"},\"headline\":\"Tunisie : La r\u00e9vision du code d\u2019am\u00e9nagement du territoire et de l\u2019urbanisme bient\u00f4t parachev\u00e9e\",\"datePublished\":\"2023-06-20T13:30:00+00:00\",\"dateModified\":\"2025-05-20T22:50:46+00:00\",\"mainEntityOfPage\":{\"@id\":\"https:\\\/\\\/www.webdo.tn\\\/fr\\\/actualite\\\/national\\\/tunisie-la-la-revision-du-code-d-amenagement-du-territoire-et-de-l-urbanisme-bientot-parachevee\\\/206723\\\/\"},\"wordCount\":264,\"commentCount\":0,\"publisher\":{\"@id\":\"https:\\\/\\\/www.webdo.tn\\\/fr\\\/#organization\"},\"image\":{\"@id\":\"https:\\\/\\\/www.webdo.tn\\\/fr\\\/actualite\\\/national\\\/tunisie-la-la-revision-du-code-d-amenagement-du-territoire-et-de-l-urbanisme-bientot-parachevee\\\/206723\\\/#primaryimage\"},\"thumbnailUrl\":\"https:\\\/\\\/www.webdo.tn\\\/fr\\\/wp-content\\\/uploads\\\/2023\\\/06\\\/0c73c7e752392a8b43ee24570c2fe492.jpg\",\"keywords\":[\"Am\u00e9nagement\",\"Tunisie\"],\"articleSection\":[\"National\"],\"inLanguage\":\"fr-FR\"},{\"@type\":\"WebPage\",\"@id\":\"https:\\\/\\\/www.webdo.tn\\\/fr\\\/actualite\\\/national\\\/tunisie-la-la-revision-du-code-d-amenagement-du-territoire-et-de-l-urbanisme-bientot-parachevee\\\/206723\\\/\",\"url\":\"https:\\\/\\\/www.webdo.tn\\\/fr\\\/actualite\\\/national\\\/tunisie-la-la-revision-du-code-d-amenagement-du-territoire-et-de-l-urbanisme-bientot-parachevee\\\/206723\\\/\",\"name\":\"Tunisie : La r\u00e9vision du code d\u2019am\u00e9nagement du territoire et de l\u2019urbanisme bient\u00f4t parachev\u00e9e\",\"isPartOf\":{\"@id\":\"https:\\\/\\\/www.webdo.tn\\\/fr\\\/#website\"},\"primaryImageOfPage\":{\"@id\":\"https:\\\/\\\/www.webdo.tn\\\/fr\\\/actualite\\\/national\\\/tunisie-la-la-revision-du-code-d-amenagement-du-territoire-et-de-l-urbanisme-bientot-parachevee\\\/206723\\\/#primaryimage\"},\"image\":{\"@id\":\"https:\\\/\\\/www.webdo.tn\\\/fr\\\/actualite\\\/national\\\/tunisie-la-la-revision-du-code-d-amenagement-du-territoire-et-de-l-urbanisme-bientot-parachevee\\\/206723\\\/#primaryimage\"},\"thumbnailUrl\":\"https:\\\/\\\/www.webdo.tn\\\/fr\\\/wp-content\\\/uploads\\\/2023\\\/06\\\/0c73c7e752392a8b43ee24570c2fe492.jpg\",\"datePublished\":\"2023-06-20T13:30:00+00:00\",\"dateModified\":\"2025-05-20T22:50:46+00:00\",\"description\":\"Le minist\u00e8re de l\u2019Equipement et de l\u2019habitat \u0153uvrera, en coordination avec tous ses partenaires, \u00e0 parachever le processus de r\u00e9vision du code d\u2019am\u00e9nagement du...\",\"breadcrumb\":{\"@id\":\"https:\\\/\\\/www.webdo.tn\\\/fr\\\/actualite\\\/national\\\/tunisie-la-la-revision-du-code-d-amenagement-du-territoire-et-de-l-urbanisme-bientot-parachevee\\\/206723\\\/#breadcrumb\"},\"inLanguage\":\"fr-FR\",\"potentialAction\":[{\"@type\":\"ReadAction\",\"target\":[\"https:\\\/\\\/www.webdo.tn\\\/fr\\\/actualite\\\/national\\\/tunisie-la-la-revision-du-code-d-amenagement-du-territoire-et-de-l-urbanisme-bientot-parachevee\\\/206723\\\/\"]}]},{\"@type\":\"ImageObject\",\"inLanguage\":\"fr-FR\",\"@id\":\"https:\\\/\\\/www.webdo.tn\\\/fr\\\/actualite\\\/national\\\/tunisie-la-la-revision-du-code-d-amenagement-du-territoire-et-de-l-urbanisme-bientot-parachevee\\\/206723\\\/#primaryimage\",\"url\":\"https:\\\/\\\/www.webdo.tn\\\/fr\\\/wp-content\\\/uploads\\\/2023\\\/06\\\/0c73c7e752392a8b43ee24570c2fe492.jpg\",\"contentUrl\":\"https:\\\/\\\/www.webdo.tn\\\/fr\\\/wp-content\\\/uploads\\\/2023\\\/06\\\/0c73c7e752392a8b43ee24570c2fe492.jpg\",\"width\":555,\"height\":296,\"caption\":\"Tunisie : La r\u00e9vision du code d\u2019am\u00e9nagement du territoire et de l\u2019urbanisme bient\u00f4t parachev\u00e9e\"},{\"@type\":\"BreadcrumbList\",\"@id\":\"https:\\\/\\\/www.webdo.tn\\\/fr\\\/actualite\\\/national\\\/tunisie-la-la-revision-du-code-d-amenagement-du-territoire-et-de-l-urbanisme-bientot-parachevee\\\/206723\\\/#breadcrumb\",\"itemListElement\":[{\"@type\":\"ListItem\",\"position\":1,\"name\":\"Accueil\",\"item\":\"https:\\\/\\\/www.webdo.tn\\\/fr\\\/\"},{\"@type\":\"ListItem\",\"position\":2,\"name\":\"Tunisie : La r\u00e9vision du code d\u2019am\u00e9nagement du territoire et de l\u2019urbanisme bient\u00f4t parachev\u00e9e\"}]},{\"@type\":\"WebSite\",\"@id\":\"https:\\\/\\\/www.webdo.tn\\\/fr\\\/#website\",\"url\":\"https:\\\/\\\/www.webdo.tn\\\/fr\\\/\",\"name\":\"webdo\",\"description\":\"Tunisie - News en Tunisie et \u00e0 l&#039;international sur Webdo.tn\",\"publisher\":{\"@id\":\"https:\\\/\\\/www.webdo.tn\\\/fr\\\/#organization\"},\"potentialAction\":[{\"@type\":\"SearchAction\",\"target\":{\"@type\":\"EntryPoint\",\"urlTemplate\":\"https:\\\/\\\/www.webdo.tn\\\/fr\\\/?s={search_term_string}\"},\"query-input\":{\"@type\":\"PropertyValueSpecification\",\"valueRequired\":true,\"valueName\":\"search_term_string\"}}],\"inLanguage\":\"fr-FR\"},{\"@type\":\"Organization\",\"@id\":\"https:\\\/\\\/www.webdo.tn\\\/fr\\\/#organization\",\"name\":\"Webdo\",\"alternateName\":\"Webdo.tn\",\"url\":\"https:\\\/\\\/www.webdo.tn\\\/fr\\\/\",\"logo\":{\"@type\":\"ImageObject\",\"inLanguage\":\"fr-FR\",\"@id\":\"https:\\\/\\\/www.webdo.tn\\\/fr\\\/#\\\/schema\\\/logo\\\/image\\\/\",\"url\":\"https:\\\/\\\/www.webdo.tn\\\/fr\\\/wp-content\\\/uploads\\\/2025\\\/06\\\/Webdo-Tunisie_168377.jpg\",\"contentUrl\":\"https:\\\/\\\/www.webdo.tn\\\/fr\\\/wp-content\\\/uploads\\\/2025\\\/06\\\/Webdo-Tunisie_168377.jpg\",\"width\":301,\"height\":301,\"caption\":\"Webdo\"},\"image\":{\"@id\":\"https:\\\/\\\/www.webdo.tn\\\/fr\\\/#\\\/schema\\\/logo\\\/image\\\/\"},\"sameAs\":[\"https:\\\/\\\/www.facebook.com\\\/webdotn\",\"https:\\\/\\\/x.com\\\/webdo_tn\"],\"description\":\"Webdo est un m\u00e9dia num\u00e9rique tunisien fond\u00e9 en 2010, sp\u00e9cialis\u00e9 dans l\u2019actualit\u00e9 nationale et internationale, l\u2019\u00e9conomie, la soci\u00e9t\u00e9 et les analyses politiques. Le site s\u2019adresse \u00e0 un large public francophone et couvre l\u2019information tunisienne en temps r\u00e9el.\",\"email\":\"redac@webdo.tn\",\"legalName\":\"YNJ SARL\",\"foundingDate\":\"2010-09-06\",\"numberOfEmployees\":{\"@type\":\"QuantitativeValue\",\"minValue\":\"11\",\"maxValue\":\"50\"}},{\"@type\":\"Person\",\"@id\":\"https:\\\/\\\/www.webdo.tn\\\/fr\\\/#\\\/schema\\\/person\\\/f35b42a42c5e2511bbd282959d6385cc\",\"name\":\"CL\",\"image\":{\"@type\":\"ImageObject\",\"inLanguage\":\"fr-FR\",\"@id\":\"https:\\\/\\\/secure.gravatar.com\\\/avatar\\\/1447a49909b67aa657c488aec6512e1dd6143a480c1ecfee9b5b5cd74eb3b59e?s=96&d=mm&r=g\",\"url\":\"https:\\\/\\\/secure.gravatar.com\\\/avatar\\\/1447a49909b67aa657c488aec6512e1dd6143a480c1ecfee9b5b5cd74eb3b59e?s=96&d=mm&r=g\",\"contentUrl\":\"https:\\\/\\\/secure.gravatar.com\\\/avatar\\\/1447a49909b67aa657c488aec6512e1dd6143a480c1ecfee9b5b5cd74eb3b59e?s=96&d=mm&r=g\",\"caption\":\"CL\"},\"url\":\"https:\\\/\\\/www.webdo.tn\\\/fr\\\/actualite\\\/author\\\/cl\\\/\"}]}<\/script>\n<!-- \/ Yoast SEO Premium plugin. -->","yoast_head_json":{"title":"Tunisie : La r\u00e9vision du code d\u2019am\u00e9nagement du territoire et de l\u2019urbanisme bient\u00f4t parachev\u00e9e","description":"Le minist\u00e8re de l\u2019Equipement et de l\u2019habitat \u0153uvrera, en coordination avec tous ses partenaires, \u00e0 parachever le processus de r\u00e9vision du code d\u2019am\u00e9nagement du...","canonical":"https:\/\/www.webdo.tn\/fr\/actualite\/national\/tunisie-la-la-revision-du-code-d-amenagement-du-territoire-et-de-l-urbanisme-bientot-parachevee\/206723\/","og_locale":"fr_FR","og_type":"article","og_title":"Tunisie : La r\u00e9vision du code d\u2019am\u00e9nagement du territoire et de l\u2019urbanisme bient\u00f4t parachev\u00e9e","og_description":"Le minist\u00e8re de l\u2019Equipement et de l\u2019habitat \u0153uvrera, en coordination avec tous ses partenaires, \u00e0 parachever le processus de r\u00e9vision du code d\u2019am\u00e9nagement du...","og_url":"https:\/\/www.webdo.tn\/fr\/actualite\/national\/tunisie-la-la-revision-du-code-d-amenagement-du-territoire-et-de-l-urbanisme-bientot-parachevee\/206723\/","og_site_name":"webdo","article_publisher":"https:\/\/www.facebook.com\/webdotn","article_published_time":"2023-06-20T13:30:00+00:00","article_modified_time":"2025-05-20T22:50:46+00:00","og_image":[{"width":555,"height":296,"url":"https:\/\/www.webdo.tn\/fr\/wp-content\/uploads\/2023\/06\/0c73c7e752392a8b43ee24570c2fe492.jpg","type":"image\/jpeg"}],"author":"CL","twitter_card":"summary_large_image","twitter_creator":"@webdo_tn","twitter_site":"@webdo_tn","twitter_misc":{"\u00c9crit par":"CL","Dur\u00e9e de lecture estim\u00e9e":"1 minute"},"schema":{"@context":"https:\/\/schema.org","@graph":[{"@type":"NewsArticle","@id":"https:\/\/www.webdo.tn\/fr\/actualite\/national\/tunisie-la-la-revision-du-code-d-amenagement-du-territoire-et-de-l-urbanisme-bientot-parachevee\/206723\/#article","isPartOf":{"@id":"https:\/\/www.webdo.tn\/fr\/actualite\/national\/tunisie-la-la-revision-du-code-d-amenagement-du-territoire-et-de-l-urbanisme-bientot-parachevee\/206723\/"},"author":{"name":"CL","@id":"https:\/\/www.webdo.tn\/fr\/#\/schema\/person\/f35b42a42c5e2511bbd282959d6385cc"},"headline":"Tunisie : La r\u00e9vision du code d\u2019am\u00e9nagement du territoire et de l\u2019urbanisme bient\u00f4t parachev\u00e9e","datePublished":"2023-06-20T13:30:00+00:00","dateModified":"2025-05-20T22:50:46+00:00","mainEntityOfPage":{"@id":"https:\/\/www.webdo.tn\/fr\/actualite\/national\/tunisie-la-la-revision-du-code-d-amenagement-du-territoire-et-de-l-urbanisme-bientot-parachevee\/206723\/"},"wordCount":264,"commentCount":0,"publisher":{"@id":"https:\/\/www.webdo.tn\/fr\/#organization"},"image":{"@id":"https:\/\/www.webdo.tn\/fr\/actualite\/national\/tunisie-la-la-revision-du-code-d-amenagement-du-territoire-et-de-l-urbanisme-bientot-parachevee\/206723\/#primaryimage"},"thumbnailUrl":"https:\/\/www.webdo.tn\/fr\/wp-content\/uploads\/2023\/06\/0c73c7e752392a8b43ee24570c2fe492.jpg","keywords":["Am\u00e9nagement","Tunisie"],"articleSection":["National"],"inLanguage":"fr-FR"},{"@type":"WebPage","@id":"https:\/\/www.webdo.tn\/fr\/actualite\/national\/tunisie-la-la-revision-du-code-d-amenagement-du-territoire-et-de-l-urbanisme-bientot-parachevee\/206723\/","url":"https:\/\/www.webdo.tn\/fr\/actualite\/national\/tunisie-la-la-revision-du-code-d-amenagement-du-territoire-et-de-l-urbanisme-bientot-parachevee\/206723\/","name":"Tunisie : La r\u00e9vision du code d\u2019am\u00e9nagement du territoire et de l\u2019urbanisme bient\u00f4t parachev\u00e9e","isPartOf":{"@id":"https:\/\/www.webdo.tn\/fr\/#website"},"primaryImageOfPage":{"@id":"https:\/\/www.webdo.tn\/fr\/actualite\/national\/tunisie-la-la-revision-du-code-d-amenagement-du-territoire-et-de-l-urbanisme-bientot-parachevee\/206723\/#primaryimage"},"image":{"@id":"https:\/\/www.webdo.tn\/fr\/actualite\/national\/tunisie-la-la-revision-du-code-d-amenagement-du-territoire-et-de-l-urbanisme-bientot-parachevee\/206723\/#primaryimage"},"thumbnailUrl":"https:\/\/www.webdo.tn\/fr\/wp-content\/uploads\/2023\/06\/0c73c7e752392a8b43ee24570c2fe492.jpg","datePublished":"2023-06-20T13:30:00+00:00","dateModified":"2025-05-20T22:50:46+00:00","description":"Le minist\u00e8re de l\u2019Equipement et de l\u2019habitat \u0153uvrera, en coordination avec tous ses partenaires, \u00e0 parachever le processus de r\u00e9vision du code d\u2019am\u00e9nagement du...","breadcrumb":{"@id":"https:\/\/www.webdo.tn\/fr\/actualite\/national\/tunisie-la-la-revision-du-code-d-amenagement-du-territoire-et-de-l-urbanisme-bientot-parachevee\/206723\/#breadcrumb"},"inLanguage":"fr-FR","potentialAction":[{"@type":"ReadAction","target":["https:\/\/www.webdo.tn\/fr\/actualite\/national\/tunisie-la-la-revision-du-code-d-amenagement-du-territoire-et-de-l-urbanisme-bientot-parachevee\/206723\/"]}]},{"@type":"ImageObject","inLanguage":"fr-FR","@id":"https:\/\/www.webdo.tn\/fr\/actualite\/national\/tunisie-la-la-revision-du-code-d-amenagement-du-territoire-et-de-l-urbanisme-bientot-parachevee\/206723\/#primaryimage","url":"https:\/\/www.webdo.tn\/fr\/wp-content\/uploads\/2023\/06\/0c73c7e752392a8b43ee24570c2fe492.jpg","contentUrl":"https:\/\/www.webdo.tn\/fr\/wp-content\/uploads\/2023\/06\/0c73c7e752392a8b43ee24570c2fe492.jpg","width":555,"height":296,"caption":"Tunisie : La r\u00e9vision du code d\u2019am\u00e9nagement du territoire et de l\u2019urbanisme bient\u00f4t parachev\u00e9e"},{"@type":"BreadcrumbList","@id":"https:\/\/www.webdo.tn\/fr\/actualite\/national\/tunisie-la-la-revision-du-code-d-amenagement-du-territoire-et-de-l-urbanisme-bientot-parachevee\/206723\/#breadcrumb","itemListElement":[{"@type":"ListItem","position":1,"name":"Accueil","item":"https:\/\/www.webdo.tn\/fr\/"},{"@type":"ListItem","position":2,"name":"Tunisie : La r\u00e9vision du code d\u2019am\u00e9nagement du territoire et de l\u2019urbanisme bient\u00f4t parachev\u00e9e"}]},{"@type":"WebSite","@id":"https:\/\/www.webdo.tn\/fr\/#website","url":"https:\/\/www.webdo.tn\/fr\/","name":"webdo","description":"Tunisie - News en Tunisie et \u00e0 l&#039;international sur Webdo.tn","publisher":{"@id":"https:\/\/www.webdo.tn\/fr\/#organization"},"potentialAction":[{"@type":"SearchAction","target":{"@type":"EntryPoint","urlTemplate":"https:\/\/www.webdo.tn\/fr\/?s={search_term_string}"},"query-input":{"@type":"PropertyValueSpecification","valueRequired":true,"valueName":"search_term_string"}}],"inLanguage":"fr-FR"},{"@type":"Organization","@id":"https:\/\/www.webdo.tn\/fr\/#organization","name":"Webdo","alternateName":"Webdo.tn","url":"https:\/\/www.webdo.tn\/fr\/","logo":{"@type":"ImageObject","inLanguage":"fr-FR","@id":"https:\/\/www.webdo.tn\/fr\/#\/schema\/logo\/image\/","url":"https:\/\/www.webdo.tn\/fr\/wp-content\/uploads\/2025\/06\/Webdo-Tunisie_168377.jpg","contentUrl":"https:\/\/www.webdo.tn\/fr\/wp-content\/uploads\/2025\/06\/Webdo-Tunisie_168377.jpg","width":301,"height":301,"caption":"Webdo"},"image":{"@id":"https:\/\/www.webdo.tn\/fr\/#\/schema\/logo\/image\/"},"sameAs":["https:\/\/www.facebook.com\/webdotn","https:\/\/x.com\/webdo_tn"],"description":"Webdo est un m\u00e9dia num\u00e9rique tunisien fond\u00e9 en 2010, sp\u00e9cialis\u00e9 dans l\u2019actualit\u00e9 nationale et internationale, l\u2019\u00e9conomie, la soci\u00e9t\u00e9 et les analyses politiques. Le site s\u2019adresse \u00e0 un large public francophone et couvre l\u2019information tunisienne en temps r\u00e9el.","email":"redac@webdo.tn","legalName":"YNJ SARL","foundingDate":"2010-09-06","numberOfEmployees":{"@type":"QuantitativeValue","minValue":"11","maxValue":"50"}},{"@type":"Person","@id":"https:\/\/www.webdo.tn\/fr\/#\/schema\/person\/f35b42a42c5e2511bbd282959d6385cc","name":"CL","image":{"@type":"ImageObject","inLanguage":"fr-FR","@id":"https:\/\/secure.gravatar.com\/avatar\/1447a49909b67aa657c488aec6512e1dd6143a480c1ecfee9b5b5cd74eb3b59e?s=96&d=mm&r=g","url":"https:\/\/secure.gravatar.com\/avatar\/1447a49909b67aa657c488aec6512e1dd6143a480c1ecfee9b5b5cd74eb3b59e?s=96&d=mm&r=g","contentUrl":"https:\/\/secure.gravatar.com\/avatar\/1447a49909b67aa657c488aec6512e1dd6143a480c1ecfee9b5b5cd74eb3b59e?s=96&d=mm&r=g","caption":"CL"},"url":"https:\/\/www.webdo.tn\/fr\/actualite\/author\/cl\/"}]}},"_links":{"self":[{"href":"https:\/\/www.webdo.tn\/fr\/wp-json\/wp\/v2\/posts\/206723","targetHints":{"allow":["GET"]}}],"collection":[{"href":"https:\/\/www.webdo.tn\/fr\/wp-json\/wp\/v2\/posts"}],"about":[{"href":"https:\/\/www.webdo.tn\/fr\/wp-json\/wp\/v2\/types\/post"}],"author":[{"embeddable":true,"href":"https:\/\/www.webdo.tn\/fr\/wp-json\/wp\/v2\/users\/3175"}],"replies":[{"embeddable":true,"href":"https:\/\/www.webdo.tn\/fr\/wp-json\/wp\/v2\/comments?post=206723"}],"version-history":[{"count":0,"href":"https:\/\/www.webdo.tn\/fr\/wp-json\/wp\/v2\/posts\/206723\/revisions"}],"wp:featuredmedia":[{"embeddable":true,"href":"https:\/\/www.webdo.tn\/fr\/wp-json\/wp\/v2\/media\/278418"}],"wp:attachment":[{"href":"https:\/\/www.webdo.tn\/fr\/wp-json\/wp\/v2\/media?parent=206723"}],"wp:term":[{"taxonomy":"category","embeddable":true,"href":"https:\/\/www.webdo.tn\/fr\/wp-json\/wp\/v2\/categories?post=206723"},{"taxonomy":"post_tag","embeddable":true,"href":"https:\/\/www.webdo.tn\/fr\/wp-json\/wp\/v2\/tags?post=206723"}],"curies":[{"name":"wp","href":"https:\/\/api.w.org\/{rel}","templated":true}]}}