{"id":206721,"date":"2023-06-20T11:58:00","date_gmt":"2023-06-20T11:58:00","guid":{"rendered":"https:\/\/www.webdo.tn\/fr\/blog\/un-petit-sous-marin-visitant-l-epave-du-titanic-porte-disparu\/206721\/"},"modified":"2025-05-20T22:50:46","modified_gmt":"2025-05-20T22:50:46","slug":"un-petit-sous-marin-visitant-l-epave-du-titanic-porte-disparu","status":"publish","type":"post","link":"https:\/\/www.webdo.tn\/fr\/actualite\/international\/un-petit-sous-marin-visitant-l-epave-du-titanic-porte-disparu\/206721\/","title":{"rendered":"Un petit sous-marin visitant l&rsquo;\u00e9pave du Titanic port\u00e9 disparu"},"content":{"rendered":"<p>Depuis dimanche, un sous-marin de tourisme transportant cinq personnes a disparu des radars. L&rsquo;appareil \u00e9tait en route vers l&rsquo;\u00e9pave du Titanic, \u00e0 4000 m\u00e8tres de profondeur.<\/p>\n<p>\t\t\t\t\t\t\t\t\tAu c\u0153ur de l&rsquo;oc\u00e9an Atlantique, l\u2019op\u00e9ration de sauvetage s\u2019annonce tr\u00e8s d\u00e9licate vu le manque d\u2019informations dont disposent les secouristes.\u00a0<\/p>\n<p>Selon des m\u00e9dias occidentaux, en cas d&rsquo;urgence, l\u2019appareil dispose de r\u00e9serves d&rsquo;oxyg\u00e8ne permettant d&rsquo;\u00eatre \u00ab\u00a0autonome\u00a0\u00bb entre 70 et 96 heures apr\u00e8s sa mise \u00e0 l&rsquo;eau.<\/p>\n<p>\u00ab\u00a0Il s&rsquo;agit d&rsquo;une zone isol\u00e9e, il est difficile d&rsquo;y mener des recherches (&#8230;) Nous d\u00e9ployons tous les moyens disponibles pour localiser l&#8217;embarcation et secourir les personnes \u00e0 bord\u00a0\u00bb, a d\u00e9clar\u00e9 lundi le contre-amiral am\u00e9ricain John Mauger.<\/p>\n","protected":false},"excerpt":{"rendered":"<p>Depuis dimanche, un sous-marin de tourisme transportant cinq personnes a disparu des radars. L&rsquo;appareil \u00e9tait en route vers l&rsquo;\u00e9pave du Titanic, \u00e0 4000 m\u00e8tres de&#8230;<\/p>\n","protected":false},"author":3175,"featured_media":278414,"comment_status":"open","ping_status":"closed","sticky":false,"template":"","format":"standard","meta":{"footnotes":""},"categories":[2598],"tags":[9578,9579],"class_list":["post-206721","post","type-post","status-publish","format-standard","has-post-thumbnail","hentry","category-international","tag-sous-marin","tag-titanic"],"yoast_head":"<!-- This site is optimized with the Yoast SEO Premium plugin v27.4 (Yoast SEO v27.5) - https:\/\/yoast.com\/product\/yoast-seo-premium-wordpress\/ -->\n<title>Un petit sous-marin visitant l&#039;\u00e9pave du Titanic port\u00e9 disparu<\/title>\n<meta name=\"description\" content=\"Depuis dimanche, un sous-marin de tourisme transportant cinq personnes a disparu des radars. L&#039;appareil \u00e9tait en route vers l&#039;\u00e9pave du Titanic, \u00e0 4000 m\u00e8tres de...\" \/>\n<link rel=\"canonical\" href=\"https:\/\/www.webdo.tn\/fr\/actualite\/international\/un-petit-sous-marin-visitant-l-epave-du-titanic-porte-disparu\/206721\/\" \/>\n<meta property=\"og:locale\" content=\"fr_FR\" \/>\n<meta property=\"og:type\" content=\"article\" \/>\n<meta property=\"og:title\" content=\"Un petit sous-marin visitant l&#039;\u00e9pave du Titanic port\u00e9 disparu\" \/>\n<meta property=\"og:description\" content=\"Depuis dimanche, un sous-marin de tourisme transportant cinq personnes a disparu des radars. L&#039;appareil \u00e9tait en route vers l&#039;\u00e9pave du Titanic, \u00e0 4000 m\u00e8tres de...\" \/>\n<meta property=\"og:url\" content=\"https:\/\/www.webdo.tn\/fr\/actualite\/international\/un-petit-sous-marin-visitant-l-epave-du-titanic-porte-disparu\/206721\/\" \/>\n<meta property=\"og:site_name\" content=\"webdo\" \/>\n<meta property=\"article:publisher\" content=\"https:\/\/www.facebook.com\/webdotn\" \/>\n<meta property=\"article:published_time\" content=\"2023-06-20T11:58:00+00:00\" \/>\n<meta property=\"article:modified_time\" content=\"2025-05-20T22:50:46+00:00\" \/>\n<meta property=\"og:image\" content=\"https:\/\/www.webdo.tn\/fr\/wp-content\/uploads\/2023\/06\/e903545b011e6495b0b0005ee1ac2af7.jpg\" \/>\n\t<meta property=\"og:image:width\" content=\"750\" \/>\n\t<meta property=\"og:image:height\" content=\"400\" \/>\n\t<meta property=\"og:image:type\" content=\"image\/jpeg\" \/>\n<meta name=\"author\" content=\"CL\" \/>\n<meta name=\"twitter:card\" content=\"summary_large_image\" \/>\n<meta name=\"twitter:creator\" content=\"@webdo_tn\" \/>\n<meta name=\"twitter:site\" content=\"@webdo_tn\" \/>\n<meta name=\"twitter:label1\" content=\"\u00c9crit par\" \/>\n\t<meta name=\"twitter:data1\" content=\"CL\" \/>\n\t<meta name=\"twitter:label2\" content=\"Dur\u00e9e de lecture estim\u00e9e\" \/>\n\t<meta name=\"twitter:data2\" content=\"1 minute\" \/>\n<script type=\"application\/ld+json\" class=\"yoast-schema-graph\">{\"@context\":\"https:\\\/\\\/schema.org\",\"@graph\":[{\"@type\":\"NewsArticle\",\"@id\":\"https:\\\/\\\/www.webdo.tn\\\/fr\\\/actualite\\\/international\\\/un-petit-sous-marin-visitant-l-epave-du-titanic-porte-disparu\\\/206721\\\/#article\",\"isPartOf\":{\"@id\":\"https:\\\/\\\/www.webdo.tn\\\/fr\\\/actualite\\\/international\\\/un-petit-sous-marin-visitant-l-epave-du-titanic-porte-disparu\\\/206721\\\/\"},\"author\":{\"name\":\"CL\",\"@id\":\"https:\\\/\\\/www.webdo.tn\\\/fr\\\/#\\\/schema\\\/person\\\/f35b42a42c5e2511bbd282959d6385cc\"},\"headline\":\"Un petit sous-marin visitant l&rsquo;\u00e9pave du Titanic port\u00e9 disparu\",\"datePublished\":\"2023-06-20T11:58:00+00:00\",\"dateModified\":\"2025-05-20T22:50:46+00:00\",\"mainEntityOfPage\":{\"@id\":\"https:\\\/\\\/www.webdo.tn\\\/fr\\\/actualite\\\/international\\\/un-petit-sous-marin-visitant-l-epave-du-titanic-porte-disparu\\\/206721\\\/\"},\"wordCount\":138,\"commentCount\":0,\"publisher\":{\"@id\":\"https:\\\/\\\/www.webdo.tn\\\/fr\\\/#organization\"},\"image\":{\"@id\":\"https:\\\/\\\/www.webdo.tn\\\/fr\\\/actualite\\\/international\\\/un-petit-sous-marin-visitant-l-epave-du-titanic-porte-disparu\\\/206721\\\/#primaryimage\"},\"thumbnailUrl\":\"https:\\\/\\\/www.webdo.tn\\\/fr\\\/wp-content\\\/uploads\\\/2023\\\/06\\\/e903545b011e6495b0b0005ee1ac2af7.jpg\",\"keywords\":[\"Sous-marin\",\"Titanic\"],\"articleSection\":[\"International\"],\"inLanguage\":\"fr-FR\"},{\"@type\":\"WebPage\",\"@id\":\"https:\\\/\\\/www.webdo.tn\\\/fr\\\/actualite\\\/international\\\/un-petit-sous-marin-visitant-l-epave-du-titanic-porte-disparu\\\/206721\\\/\",\"url\":\"https:\\\/\\\/www.webdo.tn\\\/fr\\\/actualite\\\/international\\\/un-petit-sous-marin-visitant-l-epave-du-titanic-porte-disparu\\\/206721\\\/\",\"name\":\"Un petit sous-marin visitant l'\u00e9pave du Titanic port\u00e9 disparu\",\"isPartOf\":{\"@id\":\"https:\\\/\\\/www.webdo.tn\\\/fr\\\/#website\"},\"primaryImageOfPage\":{\"@id\":\"https:\\\/\\\/www.webdo.tn\\\/fr\\\/actualite\\\/international\\\/un-petit-sous-marin-visitant-l-epave-du-titanic-porte-disparu\\\/206721\\\/#primaryimage\"},\"image\":{\"@id\":\"https:\\\/\\\/www.webdo.tn\\\/fr\\\/actualite\\\/international\\\/un-petit-sous-marin-visitant-l-epave-du-titanic-porte-disparu\\\/206721\\\/#primaryimage\"},\"thumbnailUrl\":\"https:\\\/\\\/www.webdo.tn\\\/fr\\\/wp-content\\\/uploads\\\/2023\\\/06\\\/e903545b011e6495b0b0005ee1ac2af7.jpg\",\"datePublished\":\"2023-06-20T11:58:00+00:00\",\"dateModified\":\"2025-05-20T22:50:46+00:00\",\"description\":\"Depuis dimanche, un sous-marin de tourisme transportant cinq personnes a disparu des radars. L'appareil \u00e9tait en route vers l'\u00e9pave du Titanic, \u00e0 4000 m\u00e8tres de...\",\"breadcrumb\":{\"@id\":\"https:\\\/\\\/www.webdo.tn\\\/fr\\\/actualite\\\/international\\\/un-petit-sous-marin-visitant-l-epave-du-titanic-porte-disparu\\\/206721\\\/#breadcrumb\"},\"inLanguage\":\"fr-FR\",\"potentialAction\":[{\"@type\":\"ReadAction\",\"target\":[\"https:\\\/\\\/www.webdo.tn\\\/fr\\\/actualite\\\/international\\\/un-petit-sous-marin-visitant-l-epave-du-titanic-porte-disparu\\\/206721\\\/\"]}]},{\"@type\":\"ImageObject\",\"inLanguage\":\"fr-FR\",\"@id\":\"https:\\\/\\\/www.webdo.tn\\\/fr\\\/actualite\\\/international\\\/un-petit-sous-marin-visitant-l-epave-du-titanic-porte-disparu\\\/206721\\\/#primaryimage\",\"url\":\"https:\\\/\\\/www.webdo.tn\\\/fr\\\/wp-content\\\/uploads\\\/2023\\\/06\\\/e903545b011e6495b0b0005ee1ac2af7.jpg\",\"contentUrl\":\"https:\\\/\\\/www.webdo.tn\\\/fr\\\/wp-content\\\/uploads\\\/2023\\\/06\\\/e903545b011e6495b0b0005ee1ac2af7.jpg\",\"width\":750,\"height\":400,\"caption\":\"Un petit sous-marin visitant l'\u00e9pave du Titanic port\u00e9 disparu\"},{\"@type\":\"BreadcrumbList\",\"@id\":\"https:\\\/\\\/www.webdo.tn\\\/fr\\\/actualite\\\/international\\\/un-petit-sous-marin-visitant-l-epave-du-titanic-porte-disparu\\\/206721\\\/#breadcrumb\",\"itemListElement\":[{\"@type\":\"ListItem\",\"position\":1,\"name\":\"Accueil\",\"item\":\"https:\\\/\\\/www.webdo.tn\\\/fr\\\/\"},{\"@type\":\"ListItem\",\"position\":2,\"name\":\"Un petit sous-marin visitant l&rsquo;\u00e9pave du Titanic port\u00e9 disparu\"}]},{\"@type\":\"WebSite\",\"@id\":\"https:\\\/\\\/www.webdo.tn\\\/fr\\\/#website\",\"url\":\"https:\\\/\\\/www.webdo.tn\\\/fr\\\/\",\"name\":\"webdo\",\"description\":\"Tunisie - News en Tunisie et \u00e0 l&#039;international sur Webdo.tn\",\"publisher\":{\"@id\":\"https:\\\/\\\/www.webdo.tn\\\/fr\\\/#organization\"},\"potentialAction\":[{\"@type\":\"SearchAction\",\"target\":{\"@type\":\"EntryPoint\",\"urlTemplate\":\"https:\\\/\\\/www.webdo.tn\\\/fr\\\/?s={search_term_string}\"},\"query-input\":{\"@type\":\"PropertyValueSpecification\",\"valueRequired\":true,\"valueName\":\"search_term_string\"}}],\"inLanguage\":\"fr-FR\"},{\"@type\":\"Organization\",\"@id\":\"https:\\\/\\\/www.webdo.tn\\\/fr\\\/#organization\",\"name\":\"Webdo\",\"alternateName\":\"Webdo.tn\",\"url\":\"https:\\\/\\\/www.webdo.tn\\\/fr\\\/\",\"logo\":{\"@type\":\"ImageObject\",\"inLanguage\":\"fr-FR\",\"@id\":\"https:\\\/\\\/www.webdo.tn\\\/fr\\\/#\\\/schema\\\/logo\\\/image\\\/\",\"url\":\"https:\\\/\\\/www.webdo.tn\\\/fr\\\/wp-content\\\/uploads\\\/2025\\\/06\\\/Webdo-Tunisie_168377.jpg\",\"contentUrl\":\"https:\\\/\\\/www.webdo.tn\\\/fr\\\/wp-content\\\/uploads\\\/2025\\\/06\\\/Webdo-Tunisie_168377.jpg\",\"width\":301,\"height\":301,\"caption\":\"Webdo\"},\"image\":{\"@id\":\"https:\\\/\\\/www.webdo.tn\\\/fr\\\/#\\\/schema\\\/logo\\\/image\\\/\"},\"sameAs\":[\"https:\\\/\\\/www.facebook.com\\\/webdotn\",\"https:\\\/\\\/x.com\\\/webdo_tn\"],\"description\":\"Webdo est un m\u00e9dia num\u00e9rique tunisien fond\u00e9 en 2010, sp\u00e9cialis\u00e9 dans l\u2019actualit\u00e9 nationale et internationale, l\u2019\u00e9conomie, la soci\u00e9t\u00e9 et les analyses politiques. Le site s\u2019adresse \u00e0 un large public francophone et couvre l\u2019information tunisienne en temps r\u00e9el.\",\"email\":\"redac@webdo.tn\",\"legalName\":\"YNJ SARL\",\"foundingDate\":\"2010-09-06\",\"numberOfEmployees\":{\"@type\":\"QuantitativeValue\",\"minValue\":\"11\",\"maxValue\":\"50\"}},{\"@type\":\"Person\",\"@id\":\"https:\\\/\\\/www.webdo.tn\\\/fr\\\/#\\\/schema\\\/person\\\/f35b42a42c5e2511bbd282959d6385cc\",\"name\":\"CL\",\"image\":{\"@type\":\"ImageObject\",\"inLanguage\":\"fr-FR\",\"@id\":\"https:\\\/\\\/secure.gravatar.com\\\/avatar\\\/1447a49909b67aa657c488aec6512e1dd6143a480c1ecfee9b5b5cd74eb3b59e?s=96&d=mm&r=g\",\"url\":\"https:\\\/\\\/secure.gravatar.com\\\/avatar\\\/1447a49909b67aa657c488aec6512e1dd6143a480c1ecfee9b5b5cd74eb3b59e?s=96&d=mm&r=g\",\"contentUrl\":\"https:\\\/\\\/secure.gravatar.com\\\/avatar\\\/1447a49909b67aa657c488aec6512e1dd6143a480c1ecfee9b5b5cd74eb3b59e?s=96&d=mm&r=g\",\"caption\":\"CL\"},\"url\":\"https:\\\/\\\/www.webdo.tn\\\/fr\\\/actualite\\\/author\\\/cl\\\/\"}]}<\/script>\n<!-- \/ Yoast SEO Premium plugin. -->","yoast_head_json":{"title":"Un petit sous-marin visitant l'\u00e9pave du Titanic port\u00e9 disparu","description":"Depuis dimanche, un sous-marin de tourisme transportant cinq personnes a disparu des radars. L'appareil \u00e9tait en route vers l'\u00e9pave du Titanic, \u00e0 4000 m\u00e8tres de...","canonical":"https:\/\/www.webdo.tn\/fr\/actualite\/international\/un-petit-sous-marin-visitant-l-epave-du-titanic-porte-disparu\/206721\/","og_locale":"fr_FR","og_type":"article","og_title":"Un petit sous-marin visitant l'\u00e9pave du Titanic port\u00e9 disparu","og_description":"Depuis dimanche, un sous-marin de tourisme transportant cinq personnes a disparu des radars. L'appareil \u00e9tait en route vers l'\u00e9pave du Titanic, \u00e0 4000 m\u00e8tres de...","og_url":"https:\/\/www.webdo.tn\/fr\/actualite\/international\/un-petit-sous-marin-visitant-l-epave-du-titanic-porte-disparu\/206721\/","og_site_name":"webdo","article_publisher":"https:\/\/www.facebook.com\/webdotn","article_published_time":"2023-06-20T11:58:00+00:00","article_modified_time":"2025-05-20T22:50:46+00:00","og_image":[{"width":750,"height":400,"url":"https:\/\/www.webdo.tn\/fr\/wp-content\/uploads\/2023\/06\/e903545b011e6495b0b0005ee1ac2af7.jpg","type":"image\/jpeg"}],"author":"CL","twitter_card":"summary_large_image","twitter_creator":"@webdo_tn","twitter_site":"@webdo_tn","twitter_misc":{"\u00c9crit par":"CL","Dur\u00e9e de lecture estim\u00e9e":"1 minute"},"schema":{"@context":"https:\/\/schema.org","@graph":[{"@type":"NewsArticle","@id":"https:\/\/www.webdo.tn\/fr\/actualite\/international\/un-petit-sous-marin-visitant-l-epave-du-titanic-porte-disparu\/206721\/#article","isPartOf":{"@id":"https:\/\/www.webdo.tn\/fr\/actualite\/international\/un-petit-sous-marin-visitant-l-epave-du-titanic-porte-disparu\/206721\/"},"author":{"name":"CL","@id":"https:\/\/www.webdo.tn\/fr\/#\/schema\/person\/f35b42a42c5e2511bbd282959d6385cc"},"headline":"Un petit sous-marin visitant l&rsquo;\u00e9pave du Titanic port\u00e9 disparu","datePublished":"2023-06-20T11:58:00+00:00","dateModified":"2025-05-20T22:50:46+00:00","mainEntityOfPage":{"@id":"https:\/\/www.webdo.tn\/fr\/actualite\/international\/un-petit-sous-marin-visitant-l-epave-du-titanic-porte-disparu\/206721\/"},"wordCount":138,"commentCount":0,"publisher":{"@id":"https:\/\/www.webdo.tn\/fr\/#organization"},"image":{"@id":"https:\/\/www.webdo.tn\/fr\/actualite\/international\/un-petit-sous-marin-visitant-l-epave-du-titanic-porte-disparu\/206721\/#primaryimage"},"thumbnailUrl":"https:\/\/www.webdo.tn\/fr\/wp-content\/uploads\/2023\/06\/e903545b011e6495b0b0005ee1ac2af7.jpg","keywords":["Sous-marin","Titanic"],"articleSection":["International"],"inLanguage":"fr-FR"},{"@type":"WebPage","@id":"https:\/\/www.webdo.tn\/fr\/actualite\/international\/un-petit-sous-marin-visitant-l-epave-du-titanic-porte-disparu\/206721\/","url":"https:\/\/www.webdo.tn\/fr\/actualite\/international\/un-petit-sous-marin-visitant-l-epave-du-titanic-porte-disparu\/206721\/","name":"Un petit sous-marin visitant l'\u00e9pave du Titanic port\u00e9 disparu","isPartOf":{"@id":"https:\/\/www.webdo.tn\/fr\/#website"},"primaryImageOfPage":{"@id":"https:\/\/www.webdo.tn\/fr\/actualite\/international\/un-petit-sous-marin-visitant-l-epave-du-titanic-porte-disparu\/206721\/#primaryimage"},"image":{"@id":"https:\/\/www.webdo.tn\/fr\/actualite\/international\/un-petit-sous-marin-visitant-l-epave-du-titanic-porte-disparu\/206721\/#primaryimage"},"thumbnailUrl":"https:\/\/www.webdo.tn\/fr\/wp-content\/uploads\/2023\/06\/e903545b011e6495b0b0005ee1ac2af7.jpg","datePublished":"2023-06-20T11:58:00+00:00","dateModified":"2025-05-20T22:50:46+00:00","description":"Depuis dimanche, un sous-marin de tourisme transportant cinq personnes a disparu des radars. L'appareil \u00e9tait en route vers l'\u00e9pave du Titanic, \u00e0 4000 m\u00e8tres de...","breadcrumb":{"@id":"https:\/\/www.webdo.tn\/fr\/actualite\/international\/un-petit-sous-marin-visitant-l-epave-du-titanic-porte-disparu\/206721\/#breadcrumb"},"inLanguage":"fr-FR","potentialAction":[{"@type":"ReadAction","target":["https:\/\/www.webdo.tn\/fr\/actualite\/international\/un-petit-sous-marin-visitant-l-epave-du-titanic-porte-disparu\/206721\/"]}]},{"@type":"ImageObject","inLanguage":"fr-FR","@id":"https:\/\/www.webdo.tn\/fr\/actualite\/international\/un-petit-sous-marin-visitant-l-epave-du-titanic-porte-disparu\/206721\/#primaryimage","url":"https:\/\/www.webdo.tn\/fr\/wp-content\/uploads\/2023\/06\/e903545b011e6495b0b0005ee1ac2af7.jpg","contentUrl":"https:\/\/www.webdo.tn\/fr\/wp-content\/uploads\/2023\/06\/e903545b011e6495b0b0005ee1ac2af7.jpg","width":750,"height":400,"caption":"Un petit sous-marin visitant l'\u00e9pave du Titanic port\u00e9 disparu"},{"@type":"BreadcrumbList","@id":"https:\/\/www.webdo.tn\/fr\/actualite\/international\/un-petit-sous-marin-visitant-l-epave-du-titanic-porte-disparu\/206721\/#breadcrumb","itemListElement":[{"@type":"ListItem","position":1,"name":"Accueil","item":"https:\/\/www.webdo.tn\/fr\/"},{"@type":"ListItem","position":2,"name":"Un petit sous-marin visitant l&rsquo;\u00e9pave du Titanic port\u00e9 disparu"}]},{"@type":"WebSite","@id":"https:\/\/www.webdo.tn\/fr\/#website","url":"https:\/\/www.webdo.tn\/fr\/","name":"webdo","description":"Tunisie - News en Tunisie et \u00e0 l&#039;international sur Webdo.tn","publisher":{"@id":"https:\/\/www.webdo.tn\/fr\/#organization"},"potentialAction":[{"@type":"SearchAction","target":{"@type":"EntryPoint","urlTemplate":"https:\/\/www.webdo.tn\/fr\/?s={search_term_string}"},"query-input":{"@type":"PropertyValueSpecification","valueRequired":true,"valueName":"search_term_string"}}],"inLanguage":"fr-FR"},{"@type":"Organization","@id":"https:\/\/www.webdo.tn\/fr\/#organization","name":"Webdo","alternateName":"Webdo.tn","url":"https:\/\/www.webdo.tn\/fr\/","logo":{"@type":"ImageObject","inLanguage":"fr-FR","@id":"https:\/\/www.webdo.tn\/fr\/#\/schema\/logo\/image\/","url":"https:\/\/www.webdo.tn\/fr\/wp-content\/uploads\/2025\/06\/Webdo-Tunisie_168377.jpg","contentUrl":"https:\/\/www.webdo.tn\/fr\/wp-content\/uploads\/2025\/06\/Webdo-Tunisie_168377.jpg","width":301,"height":301,"caption":"Webdo"},"image":{"@id":"https:\/\/www.webdo.tn\/fr\/#\/schema\/logo\/image\/"},"sameAs":["https:\/\/www.facebook.com\/webdotn","https:\/\/x.com\/webdo_tn"],"description":"Webdo est un m\u00e9dia num\u00e9rique tunisien fond\u00e9 en 2010, sp\u00e9cialis\u00e9 dans l\u2019actualit\u00e9 nationale et internationale, l\u2019\u00e9conomie, la soci\u00e9t\u00e9 et les analyses politiques. Le site s\u2019adresse \u00e0 un large public francophone et couvre l\u2019information tunisienne en temps r\u00e9el.","email":"redac@webdo.tn","legalName":"YNJ SARL","foundingDate":"2010-09-06","numberOfEmployees":{"@type":"QuantitativeValue","minValue":"11","maxValue":"50"}},{"@type":"Person","@id":"https:\/\/www.webdo.tn\/fr\/#\/schema\/person\/f35b42a42c5e2511bbd282959d6385cc","name":"CL","image":{"@type":"ImageObject","inLanguage":"fr-FR","@id":"https:\/\/secure.gravatar.com\/avatar\/1447a49909b67aa657c488aec6512e1dd6143a480c1ecfee9b5b5cd74eb3b59e?s=96&d=mm&r=g","url":"https:\/\/secure.gravatar.com\/avatar\/1447a49909b67aa657c488aec6512e1dd6143a480c1ecfee9b5b5cd74eb3b59e?s=96&d=mm&r=g","contentUrl":"https:\/\/secure.gravatar.com\/avatar\/1447a49909b67aa657c488aec6512e1dd6143a480c1ecfee9b5b5cd74eb3b59e?s=96&d=mm&r=g","caption":"CL"},"url":"https:\/\/www.webdo.tn\/fr\/actualite\/author\/cl\/"}]}},"_links":{"self":[{"href":"https:\/\/www.webdo.tn\/fr\/wp-json\/wp\/v2\/posts\/206721","targetHints":{"allow":["GET"]}}],"collection":[{"href":"https:\/\/www.webdo.tn\/fr\/wp-json\/wp\/v2\/posts"}],"about":[{"href":"https:\/\/www.webdo.tn\/fr\/wp-json\/wp\/v2\/types\/post"}],"author":[{"embeddable":true,"href":"https:\/\/www.webdo.tn\/fr\/wp-json\/wp\/v2\/users\/3175"}],"replies":[{"embeddable":true,"href":"https:\/\/www.webdo.tn\/fr\/wp-json\/wp\/v2\/comments?post=206721"}],"version-history":[{"count":0,"href":"https:\/\/www.webdo.tn\/fr\/wp-json\/wp\/v2\/posts\/206721\/revisions"}],"wp:featuredmedia":[{"embeddable":true,"href":"https:\/\/www.webdo.tn\/fr\/wp-json\/wp\/v2\/media\/278414"}],"wp:attachment":[{"href":"https:\/\/www.webdo.tn\/fr\/wp-json\/wp\/v2\/media?parent=206721"}],"wp:term":[{"taxonomy":"category","embeddable":true,"href":"https:\/\/www.webdo.tn\/fr\/wp-json\/wp\/v2\/categories?post=206721"},{"taxonomy":"post_tag","embeddable":true,"href":"https:\/\/www.webdo.tn\/fr\/wp-json\/wp\/v2\/tags?post=206721"}],"curies":[{"name":"wp","href":"https:\/\/api.w.org\/{rel}","templated":true}]}}