{"id":206716,"date":"2023-06-20T11:03:00","date_gmt":"2023-06-20T11:03:00","guid":{"rendered":"https:\/\/www.webdo.tn\/fr\/blog\/la-societe-civile-opposee-a-l-idee-d-installer-des-migrants-irreguliers-en-tunisie\/206716\/"},"modified":"2025-05-20T22:09:22","modified_gmt":"2025-05-20T22:09:22","slug":"la-societe-civile-opposee-a-l-idee-d-installer-des-migrants-irreguliers-en-tunisie","status":"publish","type":"post","link":"https:\/\/www.webdo.tn\/fr\/actualite\/national\/la-societe-civile-opposee-a-l-idee-d-installer-des-migrants-irreguliers-en-tunisie\/206716\/","title":{"rendered":"La soci\u00e9t\u00e9 civile oppos\u00e9e \u00e0 l\u2019id\u00e9e d\u2019installer des migrants irr\u00e9guliers en Tunisie"},"content":{"rendered":"<p>Partis politiques, associations et personnalit\u00e9s se sont tous exprim\u00e9s contre l\u2019id\u00e9e d\u2019installer des migrants irr\u00e9guliers en Tunisie.<\/p>\n<p>\t\t\t\t\t\t\t\t\tIls ont dit rejeter tout accord de \u00ab\u00a0troc\u00a0\u00bb entre la Tunisie et l&rsquo;Union europ\u00e9enne pr\u00e9voyant l&rsquo;installation, sur le sol tunisien, des migrants subsahariens et le rapatriement des migrants irr\u00e9guliers tunisiens, contre une s\u00e9rie de mesures \u00ab\u00a0humiliantes\u00a0\u00bb au profit de la situation \u00e9conomique et sociale en Tunisie.<\/p>\n<p>Craintes justifi\u00e9es !<\/p>\n<p>Dans un communiqu\u00e9 conjoint publi\u00e9, ce mardi 20 juin 2023, ils ont dit craindre un accord en vertu duquel la Tunisie serait un pays d&rsquo;installation des migrants irr\u00e9guliers expuls\u00e9s du territoire europ\u00e9en, surtout apr\u00e8s l&rsquo;adoption, au niveau du Parlement europ\u00e9en, d&rsquo;une d\u00e9cision de consacrer un pays de la rive sud du m\u00e9diterran\u00e9e pour y installer les migrants irr\u00e9guliers.<\/p>\n<p>Pour les parties signataires de la d\u00e9claration, ces craintes sont aliment\u00e9es par les r\u00e9centes visites, \u00e0 Tunis, des d\u00e9l\u00e9gations et responsables europ\u00e9ens ainsi que par les informations sur un \u00e9ventuel accord entre les autorit\u00e9s tunisiennes et l&rsquo;UE sur la question migratoire.<\/p>\n<p>\u00ab\u00a0La Tunisie n\u2019accepte pas de jouer le r\u00f4le de garde-fronti\u00e8res\u2026\u00a0\u00bb<\/p>\n<p>Hier, le pr\u00e9sident de la R\u00e9publique, Kais Saied, a re\u00e7u, au Palais de Carthage, les ministres de l&rsquo;Int\u00e9rieur fran\u00e7ais, G\u00e9rald Darmanin et allemand, Nancy Faeser. L\u2019entretien a notamment port\u00e9 sur la question migratoire.<\/p>\n<p>A cette occasion, le chef de l\u2019Etat a tenu \u00e0 souligner que la Tunisie n\u2019accepte pas de jouer le r\u00f4le de garde-fronti\u00e8res des autres pays ou d\u2019installer des migrants irr\u00e9guliers sur son territoire.<\/p>\n<p>Informer l\u2019opinion publique<\/p>\n<p>Les signataires de la d\u00e9claration ont appel\u00e9 les autorit\u00e9s tunisiennes \u00e0 d\u00e9voiler le contenu des entretiens tenus entre les responsables tunisiens et europ\u00e9ens et \u00e0 informer l&rsquo;opinion publique sur les accords qui pourront \u00eatre conclus.<\/p>\n<p>La d\u00e9claration est sign\u00e9e par des partis et des organisations dont la Coalition \u00ab\u00a0Soumoud\u00a0\u00bb, le Parti socialiste, Afek Tounes, al-Masar, l&rsquo;Observatoire nationale pour la d\u00e9fense du caract\u00e8re civil de l&rsquo;Etat ainsi que par des personnalit\u00e9s.<\/p>\n","protected":false},"excerpt":{"rendered":"<p>Partis politiques, associations et personnalit\u00e9s se sont tous exprim\u00e9s contre l\u2019id\u00e9e d\u2019installer des migrants irr\u00e9guliers en Tunisie.<\/p>\n","protected":false},"author":3162,"featured_media":278408,"comment_status":"open","ping_status":"closed","sticky":false,"template":"","format":"standard","meta":{"footnotes":""},"categories":[44],"tags":[2894,2608,2897,2896],"class_list":["post-206716","post","type-post","status-publish","format-standard","has-post-thumbnail","hentry","category-national","tag-migrants","tag-tunisie","tag-ue","tag-union-europeenne"],"yoast_head":"<!-- This site is optimized with the Yoast SEO Premium plugin v27.4 (Yoast SEO v27.5) - https:\/\/yoast.com\/product\/yoast-seo-premium-wordpress\/ -->\n<title>La soci\u00e9t\u00e9 civile oppos\u00e9e \u00e0 l\u2019id\u00e9e d\u2019installer des migrants irr\u00e9guliers en Tunisie<\/title>\n<meta name=\"description\" content=\"Partis politiques, associations et personnalit\u00e9s se sont tous exprim\u00e9s contre l\u2019id\u00e9e d\u2019installer des migrants irr\u00e9guliers en Tunisie.\" \/>\n<link rel=\"canonical\" href=\"https:\/\/www.webdo.tn\/fr\/actualite\/national\/la-societe-civile-opposee-a-l-idee-d-installer-des-migrants-irreguliers-en-tunisie\/206716\/\" \/>\n<meta property=\"og:locale\" content=\"fr_FR\" \/>\n<meta property=\"og:type\" content=\"article\" \/>\n<meta property=\"og:title\" content=\"La soci\u00e9t\u00e9 civile oppos\u00e9e \u00e0 l\u2019id\u00e9e d\u2019installer des migrants irr\u00e9guliers en Tunisie\" \/>\n<meta property=\"og:description\" content=\"Partis politiques, associations et personnalit\u00e9s se sont tous exprim\u00e9s contre l\u2019id\u00e9e d\u2019installer des migrants irr\u00e9guliers en Tunisie.\" \/>\n<meta property=\"og:url\" content=\"https:\/\/www.webdo.tn\/fr\/actualite\/national\/la-societe-civile-opposee-a-l-idee-d-installer-des-migrants-irreguliers-en-tunisie\/206716\/\" \/>\n<meta property=\"og:site_name\" content=\"webdo\" \/>\n<meta property=\"article:publisher\" content=\"https:\/\/www.facebook.com\/webdotn\" \/>\n<meta property=\"article:published_time\" content=\"2023-06-20T11:03:00+00:00\" \/>\n<meta property=\"article:modified_time\" content=\"2025-05-20T22:09:22+00:00\" \/>\n<meta property=\"og:image\" content=\"https:\/\/www.webdo.tn\/fr\/wp-content\/uploads\/2023\/06\/0ed3081a5eb4c85e940a4159b166b0e5.jpg\" \/>\n\t<meta property=\"og:image:width\" content=\"750\" \/>\n\t<meta property=\"og:image:height\" content=\"400\" \/>\n\t<meta property=\"og:image:type\" content=\"image\/jpeg\" \/>\n<meta name=\"author\" content=\"MC\" \/>\n<meta name=\"twitter:card\" content=\"summary_large_image\" \/>\n<meta name=\"twitter:creator\" content=\"@webdo_tn\" \/>\n<meta name=\"twitter:site\" content=\"@webdo_tn\" \/>\n<meta name=\"twitter:label1\" content=\"\u00c9crit par\" \/>\n\t<meta name=\"twitter:data1\" content=\"MC\" \/>\n\t<meta name=\"twitter:label2\" content=\"Dur\u00e9e de lecture estim\u00e9e\" \/>\n\t<meta name=\"twitter:data2\" content=\"2 minutes\" \/>\n<script type=\"application\/ld+json\" class=\"yoast-schema-graph\">{\"@context\":\"https:\\\/\\\/schema.org\",\"@graph\":[{\"@type\":\"NewsArticle\",\"@id\":\"https:\\\/\\\/www.webdo.tn\\\/fr\\\/actualite\\\/national\\\/la-societe-civile-opposee-a-l-idee-d-installer-des-migrants-irreguliers-en-tunisie\\\/206716\\\/#article\",\"isPartOf\":{\"@id\":\"https:\\\/\\\/www.webdo.tn\\\/fr\\\/actualite\\\/national\\\/la-societe-civile-opposee-a-l-idee-d-installer-des-migrants-irreguliers-en-tunisie\\\/206716\\\/\"},\"author\":{\"name\":\"MC\",\"@id\":\"https:\\\/\\\/www.webdo.tn\\\/fr\\\/#\\\/schema\\\/person\\\/2c4929cbf5a809e3bd38617c6ce150f6\"},\"headline\":\"La soci\u00e9t\u00e9 civile oppos\u00e9e \u00e0 l\u2019id\u00e9e d\u2019installer des migrants irr\u00e9guliers en Tunisie\",\"datePublished\":\"2023-06-20T11:03:00+00:00\",\"dateModified\":\"2025-05-20T22:09:22+00:00\",\"mainEntityOfPage\":{\"@id\":\"https:\\\/\\\/www.webdo.tn\\\/fr\\\/actualite\\\/national\\\/la-societe-civile-opposee-a-l-idee-d-installer-des-migrants-irreguliers-en-tunisie\\\/206716\\\/\"},\"wordCount\":387,\"commentCount\":0,\"publisher\":{\"@id\":\"https:\\\/\\\/www.webdo.tn\\\/fr\\\/#organization\"},\"image\":{\"@id\":\"https:\\\/\\\/www.webdo.tn\\\/fr\\\/actualite\\\/national\\\/la-societe-civile-opposee-a-l-idee-d-installer-des-migrants-irreguliers-en-tunisie\\\/206716\\\/#primaryimage\"},\"thumbnailUrl\":\"https:\\\/\\\/www.webdo.tn\\\/fr\\\/wp-content\\\/uploads\\\/2023\\\/06\\\/0ed3081a5eb4c85e940a4159b166b0e5.jpg\",\"keywords\":[\"migrants\",\"Tunisie\",\"UE\",\"Union europ\u00e9enne\"],\"articleSection\":[\"National\"],\"inLanguage\":\"fr-FR\"},{\"@type\":\"WebPage\",\"@id\":\"https:\\\/\\\/www.webdo.tn\\\/fr\\\/actualite\\\/national\\\/la-societe-civile-opposee-a-l-idee-d-installer-des-migrants-irreguliers-en-tunisie\\\/206716\\\/\",\"url\":\"https:\\\/\\\/www.webdo.tn\\\/fr\\\/actualite\\\/national\\\/la-societe-civile-opposee-a-l-idee-d-installer-des-migrants-irreguliers-en-tunisie\\\/206716\\\/\",\"name\":\"La soci\u00e9t\u00e9 civile oppos\u00e9e \u00e0 l\u2019id\u00e9e d\u2019installer des migrants irr\u00e9guliers en Tunisie\",\"isPartOf\":{\"@id\":\"https:\\\/\\\/www.webdo.tn\\\/fr\\\/#website\"},\"primaryImageOfPage\":{\"@id\":\"https:\\\/\\\/www.webdo.tn\\\/fr\\\/actualite\\\/national\\\/la-societe-civile-opposee-a-l-idee-d-installer-des-migrants-irreguliers-en-tunisie\\\/206716\\\/#primaryimage\"},\"image\":{\"@id\":\"https:\\\/\\\/www.webdo.tn\\\/fr\\\/actualite\\\/national\\\/la-societe-civile-opposee-a-l-idee-d-installer-des-migrants-irreguliers-en-tunisie\\\/206716\\\/#primaryimage\"},\"thumbnailUrl\":\"https:\\\/\\\/www.webdo.tn\\\/fr\\\/wp-content\\\/uploads\\\/2023\\\/06\\\/0ed3081a5eb4c85e940a4159b166b0e5.jpg\",\"datePublished\":\"2023-06-20T11:03:00+00:00\",\"dateModified\":\"2025-05-20T22:09:22+00:00\",\"description\":\"Partis politiques, associations et personnalit\u00e9s se sont tous exprim\u00e9s contre l\u2019id\u00e9e d\u2019installer des migrants irr\u00e9guliers en Tunisie.\",\"breadcrumb\":{\"@id\":\"https:\\\/\\\/www.webdo.tn\\\/fr\\\/actualite\\\/national\\\/la-societe-civile-opposee-a-l-idee-d-installer-des-migrants-irreguliers-en-tunisie\\\/206716\\\/#breadcrumb\"},\"inLanguage\":\"fr-FR\",\"potentialAction\":[{\"@type\":\"ReadAction\",\"target\":[\"https:\\\/\\\/www.webdo.tn\\\/fr\\\/actualite\\\/national\\\/la-societe-civile-opposee-a-l-idee-d-installer-des-migrants-irreguliers-en-tunisie\\\/206716\\\/\"]}]},{\"@type\":\"ImageObject\",\"inLanguage\":\"fr-FR\",\"@id\":\"https:\\\/\\\/www.webdo.tn\\\/fr\\\/actualite\\\/national\\\/la-societe-civile-opposee-a-l-idee-d-installer-des-migrants-irreguliers-en-tunisie\\\/206716\\\/#primaryimage\",\"url\":\"https:\\\/\\\/www.webdo.tn\\\/fr\\\/wp-content\\\/uploads\\\/2023\\\/06\\\/0ed3081a5eb4c85e940a4159b166b0e5.jpg\",\"contentUrl\":\"https:\\\/\\\/www.webdo.tn\\\/fr\\\/wp-content\\\/uploads\\\/2023\\\/06\\\/0ed3081a5eb4c85e940a4159b166b0e5.jpg\",\"width\":750,\"height\":400,\"caption\":\"La soci\u00e9t\u00e9 civile oppos\u00e9e \u00e0 l\u2019id\u00e9e d\u2019installer des migrants irr\u00e9guliers en Tunisie\"},{\"@type\":\"BreadcrumbList\",\"@id\":\"https:\\\/\\\/www.webdo.tn\\\/fr\\\/actualite\\\/national\\\/la-societe-civile-opposee-a-l-idee-d-installer-des-migrants-irreguliers-en-tunisie\\\/206716\\\/#breadcrumb\",\"itemListElement\":[{\"@type\":\"ListItem\",\"position\":1,\"name\":\"Accueil\",\"item\":\"https:\\\/\\\/www.webdo.tn\\\/fr\\\/\"},{\"@type\":\"ListItem\",\"position\":2,\"name\":\"La soci\u00e9t\u00e9 civile oppos\u00e9e \u00e0 l\u2019id\u00e9e d\u2019installer des migrants irr\u00e9guliers en Tunisie\"}]},{\"@type\":\"WebSite\",\"@id\":\"https:\\\/\\\/www.webdo.tn\\\/fr\\\/#website\",\"url\":\"https:\\\/\\\/www.webdo.tn\\\/fr\\\/\",\"name\":\"webdo\",\"description\":\"Tunisie - News en Tunisie et \u00e0 l&#039;international sur Webdo.tn\",\"publisher\":{\"@id\":\"https:\\\/\\\/www.webdo.tn\\\/fr\\\/#organization\"},\"potentialAction\":[{\"@type\":\"SearchAction\",\"target\":{\"@type\":\"EntryPoint\",\"urlTemplate\":\"https:\\\/\\\/www.webdo.tn\\\/fr\\\/?s={search_term_string}\"},\"query-input\":{\"@type\":\"PropertyValueSpecification\",\"valueRequired\":true,\"valueName\":\"search_term_string\"}}],\"inLanguage\":\"fr-FR\"},{\"@type\":\"Organization\",\"@id\":\"https:\\\/\\\/www.webdo.tn\\\/fr\\\/#organization\",\"name\":\"Webdo\",\"alternateName\":\"Webdo.tn\",\"url\":\"https:\\\/\\\/www.webdo.tn\\\/fr\\\/\",\"logo\":{\"@type\":\"ImageObject\",\"inLanguage\":\"fr-FR\",\"@id\":\"https:\\\/\\\/www.webdo.tn\\\/fr\\\/#\\\/schema\\\/logo\\\/image\\\/\",\"url\":\"https:\\\/\\\/www.webdo.tn\\\/fr\\\/wp-content\\\/uploads\\\/2025\\\/06\\\/Webdo-Tunisie_168377.jpg\",\"contentUrl\":\"https:\\\/\\\/www.webdo.tn\\\/fr\\\/wp-content\\\/uploads\\\/2025\\\/06\\\/Webdo-Tunisie_168377.jpg\",\"width\":301,\"height\":301,\"caption\":\"Webdo\"},\"image\":{\"@id\":\"https:\\\/\\\/www.webdo.tn\\\/fr\\\/#\\\/schema\\\/logo\\\/image\\\/\"},\"sameAs\":[\"https:\\\/\\\/www.facebook.com\\\/webdotn\",\"https:\\\/\\\/x.com\\\/webdo_tn\"],\"description\":\"Webdo est un m\u00e9dia num\u00e9rique tunisien fond\u00e9 en 2010, sp\u00e9cialis\u00e9 dans l\u2019actualit\u00e9 nationale et internationale, l\u2019\u00e9conomie, la soci\u00e9t\u00e9 et les analyses politiques. Le site s\u2019adresse \u00e0 un large public francophone et couvre l\u2019information tunisienne en temps r\u00e9el.\",\"email\":\"redac@webdo.tn\",\"legalName\":\"YNJ SARL\",\"foundingDate\":\"2010-09-06\",\"numberOfEmployees\":{\"@type\":\"QuantitativeValue\",\"minValue\":\"11\",\"maxValue\":\"50\"}},{\"@type\":\"Person\",\"@id\":\"https:\\\/\\\/www.webdo.tn\\\/fr\\\/#\\\/schema\\\/person\\\/2c4929cbf5a809e3bd38617c6ce150f6\",\"name\":\"MC\",\"image\":{\"@type\":\"ImageObject\",\"inLanguage\":\"fr-FR\",\"@id\":\"https:\\\/\\\/secure.gravatar.com\\\/avatar\\\/a545bbb6f84efdd5553dbbc2895e3ca8f1d12c5215e00a041c9670b54aa9b18a?s=96&d=mm&r=g\",\"url\":\"https:\\\/\\\/secure.gravatar.com\\\/avatar\\\/a545bbb6f84efdd5553dbbc2895e3ca8f1d12c5215e00a041c9670b54aa9b18a?s=96&d=mm&r=g\",\"contentUrl\":\"https:\\\/\\\/secure.gravatar.com\\\/avatar\\\/a545bbb6f84efdd5553dbbc2895e3ca8f1d12c5215e00a041c9670b54aa9b18a?s=96&d=mm&r=g\",\"caption\":\"MC\"},\"url\":\"https:\\\/\\\/www.webdo.tn\\\/fr\\\/actualite\\\/author\\\/mc\\\/\"}]}<\/script>\n<!-- \/ Yoast SEO Premium plugin. -->","yoast_head_json":{"title":"La soci\u00e9t\u00e9 civile oppos\u00e9e \u00e0 l\u2019id\u00e9e d\u2019installer des migrants irr\u00e9guliers en Tunisie","description":"Partis politiques, associations et personnalit\u00e9s se sont tous exprim\u00e9s contre l\u2019id\u00e9e d\u2019installer des migrants irr\u00e9guliers en Tunisie.","canonical":"https:\/\/www.webdo.tn\/fr\/actualite\/national\/la-societe-civile-opposee-a-l-idee-d-installer-des-migrants-irreguliers-en-tunisie\/206716\/","og_locale":"fr_FR","og_type":"article","og_title":"La soci\u00e9t\u00e9 civile oppos\u00e9e \u00e0 l\u2019id\u00e9e d\u2019installer des migrants irr\u00e9guliers en Tunisie","og_description":"Partis politiques, associations et personnalit\u00e9s se sont tous exprim\u00e9s contre l\u2019id\u00e9e d\u2019installer des migrants irr\u00e9guliers en Tunisie.","og_url":"https:\/\/www.webdo.tn\/fr\/actualite\/national\/la-societe-civile-opposee-a-l-idee-d-installer-des-migrants-irreguliers-en-tunisie\/206716\/","og_site_name":"webdo","article_publisher":"https:\/\/www.facebook.com\/webdotn","article_published_time":"2023-06-20T11:03:00+00:00","article_modified_time":"2025-05-20T22:09:22+00:00","og_image":[{"width":750,"height":400,"url":"https:\/\/www.webdo.tn\/fr\/wp-content\/uploads\/2023\/06\/0ed3081a5eb4c85e940a4159b166b0e5.jpg","type":"image\/jpeg"}],"author":"MC","twitter_card":"summary_large_image","twitter_creator":"@webdo_tn","twitter_site":"@webdo_tn","twitter_misc":{"\u00c9crit par":"MC","Dur\u00e9e de lecture estim\u00e9e":"2 minutes"},"schema":{"@context":"https:\/\/schema.org","@graph":[{"@type":"NewsArticle","@id":"https:\/\/www.webdo.tn\/fr\/actualite\/national\/la-societe-civile-opposee-a-l-idee-d-installer-des-migrants-irreguliers-en-tunisie\/206716\/#article","isPartOf":{"@id":"https:\/\/www.webdo.tn\/fr\/actualite\/national\/la-societe-civile-opposee-a-l-idee-d-installer-des-migrants-irreguliers-en-tunisie\/206716\/"},"author":{"name":"MC","@id":"https:\/\/www.webdo.tn\/fr\/#\/schema\/person\/2c4929cbf5a809e3bd38617c6ce150f6"},"headline":"La soci\u00e9t\u00e9 civile oppos\u00e9e \u00e0 l\u2019id\u00e9e d\u2019installer des migrants irr\u00e9guliers en Tunisie","datePublished":"2023-06-20T11:03:00+00:00","dateModified":"2025-05-20T22:09:22+00:00","mainEntityOfPage":{"@id":"https:\/\/www.webdo.tn\/fr\/actualite\/national\/la-societe-civile-opposee-a-l-idee-d-installer-des-migrants-irreguliers-en-tunisie\/206716\/"},"wordCount":387,"commentCount":0,"publisher":{"@id":"https:\/\/www.webdo.tn\/fr\/#organization"},"image":{"@id":"https:\/\/www.webdo.tn\/fr\/actualite\/national\/la-societe-civile-opposee-a-l-idee-d-installer-des-migrants-irreguliers-en-tunisie\/206716\/#primaryimage"},"thumbnailUrl":"https:\/\/www.webdo.tn\/fr\/wp-content\/uploads\/2023\/06\/0ed3081a5eb4c85e940a4159b166b0e5.jpg","keywords":["migrants","Tunisie","UE","Union europ\u00e9enne"],"articleSection":["National"],"inLanguage":"fr-FR"},{"@type":"WebPage","@id":"https:\/\/www.webdo.tn\/fr\/actualite\/national\/la-societe-civile-opposee-a-l-idee-d-installer-des-migrants-irreguliers-en-tunisie\/206716\/","url":"https:\/\/www.webdo.tn\/fr\/actualite\/national\/la-societe-civile-opposee-a-l-idee-d-installer-des-migrants-irreguliers-en-tunisie\/206716\/","name":"La soci\u00e9t\u00e9 civile oppos\u00e9e \u00e0 l\u2019id\u00e9e d\u2019installer des migrants irr\u00e9guliers en Tunisie","isPartOf":{"@id":"https:\/\/www.webdo.tn\/fr\/#website"},"primaryImageOfPage":{"@id":"https:\/\/www.webdo.tn\/fr\/actualite\/national\/la-societe-civile-opposee-a-l-idee-d-installer-des-migrants-irreguliers-en-tunisie\/206716\/#primaryimage"},"image":{"@id":"https:\/\/www.webdo.tn\/fr\/actualite\/national\/la-societe-civile-opposee-a-l-idee-d-installer-des-migrants-irreguliers-en-tunisie\/206716\/#primaryimage"},"thumbnailUrl":"https:\/\/www.webdo.tn\/fr\/wp-content\/uploads\/2023\/06\/0ed3081a5eb4c85e940a4159b166b0e5.jpg","datePublished":"2023-06-20T11:03:00+00:00","dateModified":"2025-05-20T22:09:22+00:00","description":"Partis politiques, associations et personnalit\u00e9s se sont tous exprim\u00e9s contre l\u2019id\u00e9e d\u2019installer des migrants irr\u00e9guliers en Tunisie.","breadcrumb":{"@id":"https:\/\/www.webdo.tn\/fr\/actualite\/national\/la-societe-civile-opposee-a-l-idee-d-installer-des-migrants-irreguliers-en-tunisie\/206716\/#breadcrumb"},"inLanguage":"fr-FR","potentialAction":[{"@type":"ReadAction","target":["https:\/\/www.webdo.tn\/fr\/actualite\/national\/la-societe-civile-opposee-a-l-idee-d-installer-des-migrants-irreguliers-en-tunisie\/206716\/"]}]},{"@type":"ImageObject","inLanguage":"fr-FR","@id":"https:\/\/www.webdo.tn\/fr\/actualite\/national\/la-societe-civile-opposee-a-l-idee-d-installer-des-migrants-irreguliers-en-tunisie\/206716\/#primaryimage","url":"https:\/\/www.webdo.tn\/fr\/wp-content\/uploads\/2023\/06\/0ed3081a5eb4c85e940a4159b166b0e5.jpg","contentUrl":"https:\/\/www.webdo.tn\/fr\/wp-content\/uploads\/2023\/06\/0ed3081a5eb4c85e940a4159b166b0e5.jpg","width":750,"height":400,"caption":"La soci\u00e9t\u00e9 civile oppos\u00e9e \u00e0 l\u2019id\u00e9e d\u2019installer des migrants irr\u00e9guliers en Tunisie"},{"@type":"BreadcrumbList","@id":"https:\/\/www.webdo.tn\/fr\/actualite\/national\/la-societe-civile-opposee-a-l-idee-d-installer-des-migrants-irreguliers-en-tunisie\/206716\/#breadcrumb","itemListElement":[{"@type":"ListItem","position":1,"name":"Accueil","item":"https:\/\/www.webdo.tn\/fr\/"},{"@type":"ListItem","position":2,"name":"La soci\u00e9t\u00e9 civile oppos\u00e9e \u00e0 l\u2019id\u00e9e d\u2019installer des migrants irr\u00e9guliers en Tunisie"}]},{"@type":"WebSite","@id":"https:\/\/www.webdo.tn\/fr\/#website","url":"https:\/\/www.webdo.tn\/fr\/","name":"webdo","description":"Tunisie - News en Tunisie et \u00e0 l&#039;international sur Webdo.tn","publisher":{"@id":"https:\/\/www.webdo.tn\/fr\/#organization"},"potentialAction":[{"@type":"SearchAction","target":{"@type":"EntryPoint","urlTemplate":"https:\/\/www.webdo.tn\/fr\/?s={search_term_string}"},"query-input":{"@type":"PropertyValueSpecification","valueRequired":true,"valueName":"search_term_string"}}],"inLanguage":"fr-FR"},{"@type":"Organization","@id":"https:\/\/www.webdo.tn\/fr\/#organization","name":"Webdo","alternateName":"Webdo.tn","url":"https:\/\/www.webdo.tn\/fr\/","logo":{"@type":"ImageObject","inLanguage":"fr-FR","@id":"https:\/\/www.webdo.tn\/fr\/#\/schema\/logo\/image\/","url":"https:\/\/www.webdo.tn\/fr\/wp-content\/uploads\/2025\/06\/Webdo-Tunisie_168377.jpg","contentUrl":"https:\/\/www.webdo.tn\/fr\/wp-content\/uploads\/2025\/06\/Webdo-Tunisie_168377.jpg","width":301,"height":301,"caption":"Webdo"},"image":{"@id":"https:\/\/www.webdo.tn\/fr\/#\/schema\/logo\/image\/"},"sameAs":["https:\/\/www.facebook.com\/webdotn","https:\/\/x.com\/webdo_tn"],"description":"Webdo est un m\u00e9dia num\u00e9rique tunisien fond\u00e9 en 2010, sp\u00e9cialis\u00e9 dans l\u2019actualit\u00e9 nationale et internationale, l\u2019\u00e9conomie, la soci\u00e9t\u00e9 et les analyses politiques. Le site s\u2019adresse \u00e0 un large public francophone et couvre l\u2019information tunisienne en temps r\u00e9el.","email":"redac@webdo.tn","legalName":"YNJ SARL","foundingDate":"2010-09-06","numberOfEmployees":{"@type":"QuantitativeValue","minValue":"11","maxValue":"50"}},{"@type":"Person","@id":"https:\/\/www.webdo.tn\/fr\/#\/schema\/person\/2c4929cbf5a809e3bd38617c6ce150f6","name":"MC","image":{"@type":"ImageObject","inLanguage":"fr-FR","@id":"https:\/\/secure.gravatar.com\/avatar\/a545bbb6f84efdd5553dbbc2895e3ca8f1d12c5215e00a041c9670b54aa9b18a?s=96&d=mm&r=g","url":"https:\/\/secure.gravatar.com\/avatar\/a545bbb6f84efdd5553dbbc2895e3ca8f1d12c5215e00a041c9670b54aa9b18a?s=96&d=mm&r=g","contentUrl":"https:\/\/secure.gravatar.com\/avatar\/a545bbb6f84efdd5553dbbc2895e3ca8f1d12c5215e00a041c9670b54aa9b18a?s=96&d=mm&r=g","caption":"MC"},"url":"https:\/\/www.webdo.tn\/fr\/actualite\/author\/mc\/"}]}},"_links":{"self":[{"href":"https:\/\/www.webdo.tn\/fr\/wp-json\/wp\/v2\/posts\/206716","targetHints":{"allow":["GET"]}}],"collection":[{"href":"https:\/\/www.webdo.tn\/fr\/wp-json\/wp\/v2\/posts"}],"about":[{"href":"https:\/\/www.webdo.tn\/fr\/wp-json\/wp\/v2\/types\/post"}],"author":[{"embeddable":true,"href":"https:\/\/www.webdo.tn\/fr\/wp-json\/wp\/v2\/users\/3162"}],"replies":[{"embeddable":true,"href":"https:\/\/www.webdo.tn\/fr\/wp-json\/wp\/v2\/comments?post=206716"}],"version-history":[{"count":0,"href":"https:\/\/www.webdo.tn\/fr\/wp-json\/wp\/v2\/posts\/206716\/revisions"}],"wp:featuredmedia":[{"embeddable":true,"href":"https:\/\/www.webdo.tn\/fr\/wp-json\/wp\/v2\/media\/278408"}],"wp:attachment":[{"href":"https:\/\/www.webdo.tn\/fr\/wp-json\/wp\/v2\/media?parent=206716"}],"wp:term":[{"taxonomy":"category","embeddable":true,"href":"https:\/\/www.webdo.tn\/fr\/wp-json\/wp\/v2\/categories?post=206716"},{"taxonomy":"post_tag","embeddable":true,"href":"https:\/\/www.webdo.tn\/fr\/wp-json\/wp\/v2\/tags?post=206716"}],"curies":[{"name":"wp","href":"https:\/\/api.w.org\/{rel}","templated":true}]}}