{"id":206692,"date":"2023-06-19T13:16:00","date_gmt":"2023-06-19T13:16:00","guid":{"rendered":"https:\/\/www.webdo.tn\/fr\/blog\/tunisie-deces-de-l-agent-de-securite-poignarde\/206692\/"},"modified":"2025-05-20T22:57:10","modified_gmt":"2025-05-20T22:57:10","slug":"tunisie-deces-de-l-agent-de-securite-poignarde","status":"publish","type":"post","link":"https:\/\/www.webdo.tn\/fr\/actualite\/national\/tunisie-deces-de-l-agent-de-securite-poignarde\/206692\/","title":{"rendered":"D\u00e9c\u00e8s de l\u2019agent de s\u00e9curit\u00e9 poignard\u00e9"},"content":{"rendered":"<p>L\u2019agent de s\u00e9curit\u00e9 qui a \u00e9t\u00e9 poignard\u00e9 cette matin\u00e9e devant l\u2019ambassade du Br\u00e9sil situ\u00e9e au Lac 1, par un individu muni d\u2019une arme blanche, est d\u00e9c\u00e9d\u00e9 des suites de ses blessures.<\/p>\n<p>\t\t\t\t\t\t\t\t\tL\u2019agent de s\u00e9curit\u00e9 qui a \u00e9t\u00e9 poignard\u00e9 cette matin\u00e9e devant l\u2019ambassade du Br\u00e9sil situ\u00e9e au Lac 1, par un individu muni d\u2019une arme blanche, est d\u00e9c\u00e9d\u00e9 des suites de ses blessures.<\/p>\n<p>Auparavant, le minist\u00e8re de l\u2019Int\u00e9rieur a, dans un communiqu\u00e9, confirm\u00e9 l\u2019arrestation de l\u2019agresseur de l\u2019agent d\u00e9c\u00e9d\u00e9.<\/p>\n<p>L\u2019agresseur avait \u00e9t\u00e9 atteint au niveau de la jambe par un tir des agents venus \u00e0 la rescousse et transport\u00e9 \u00e0 l\u2019h\u00f4pital avant la poursuite des investigations.<\/p>\n<p>Selon des sources s\u00e9curitaires, l\u2019agent en faction devant ladite ambassade avait demand\u00e9 \u00e0 l\u2019individu en question les raisons de sa pr\u00e9sence sur les lieux.<\/p>\n<p>Celui-ci s\u2019\u00e9tait pr\u00e9sent\u00e9 comme jardinier au sein de l\u2019ambassade avant de porter directement un coup \u00e0 l\u2019agent \u00e0 l\u2019aide d\u2019une arme blanche qu\u2019il avait sur lui.<\/p>\n","protected":false},"excerpt":{"rendered":"<p>L\u2019agent de s\u00e9curit\u00e9 qui a \u00e9t\u00e9 poignard\u00e9 cette matin\u00e9e devant l\u2019ambassade du Br\u00e9sil situ\u00e9e au Lac 1, par un individu muni d\u2019une arme blanche, est d\u00e9c\u00e9d\u00e9.<\/p>\n","protected":false},"author":3185,"featured_media":249933,"comment_status":"open","ping_status":"closed","sticky":false,"template":"","format":"standard","meta":{"footnotes":""},"categories":[44],"tags":[8235,2830,8289],"class_list":["post-206692","post","type-post","status-publish","format-standard","has-post-thumbnail","hentry","category-national","tag-agent","tag-deces","tag-poignarde"],"yoast_head":"<!-- This site is optimized with the Yoast SEO Premium plugin v27.4 (Yoast SEO v27.4) - https:\/\/yoast.com\/product\/yoast-seo-premium-wordpress\/ -->\n<title>D\u00e9c\u00e8s de l\u2019agent de s\u00e9curit\u00e9 poignard\u00e9<\/title>\n<meta name=\"description\" content=\"L\u2019agent de s\u00e9curit\u00e9 qui a \u00e9t\u00e9 poignard\u00e9 cette matin\u00e9e devant l\u2019ambassade du Br\u00e9sil situ\u00e9e au Lac 1, par un individu muni d\u2019une arme blanche, est d\u00e9c\u00e9d\u00e9.\" \/>\n<link rel=\"canonical\" href=\"https:\/\/www.webdo.tn\/fr\/actualite\/national\/tunisie-deces-de-l-agent-de-securite-poignarde\/206692\/\" \/>\n<meta property=\"og:locale\" content=\"fr_FR\" \/>\n<meta property=\"og:type\" content=\"article\" \/>\n<meta property=\"og:title\" content=\"D\u00e9c\u00e8s de l\u2019agent de s\u00e9curit\u00e9 poignard\u00e9\" \/>\n<meta property=\"og:description\" content=\"L\u2019agent de s\u00e9curit\u00e9 qui a \u00e9t\u00e9 poignard\u00e9 cette matin\u00e9e devant l\u2019ambassade du Br\u00e9sil situ\u00e9e au Lac 1, par un individu muni d\u2019une arme blanche, est d\u00e9c\u00e9d\u00e9.\" \/>\n<meta property=\"og:url\" content=\"https:\/\/www.webdo.tn\/fr\/actualite\/national\/tunisie-deces-de-l-agent-de-securite-poignarde\/206692\/\" \/>\n<meta property=\"og:site_name\" content=\"webdo\" \/>\n<meta property=\"article:publisher\" content=\"https:\/\/www.facebook.com\/webdotn\" \/>\n<meta property=\"article:published_time\" content=\"2023-06-19T13:16:00+00:00\" \/>\n<meta property=\"article:modified_time\" content=\"2025-05-20T22:57:10+00:00\" \/>\n<meta property=\"og:image\" content=\"https:\/\/www.webdo.tn\/fr\/wp-content\/uploads\/2023\/06\/1799c71fac1558d7dc7f44b664f15060.jpg\" \/>\n\t<meta property=\"og:image:width\" content=\"750\" \/>\n\t<meta property=\"og:image:height\" content=\"400\" \/>\n\t<meta property=\"og:image:type\" content=\"image\/jpeg\" \/>\n<meta name=\"author\" content=\"WDA\" \/>\n<meta name=\"twitter:card\" content=\"summary_large_image\" \/>\n<meta name=\"twitter:creator\" content=\"@webdo_tn\" \/>\n<meta name=\"twitter:site\" content=\"@webdo_tn\" \/>\n<meta name=\"twitter:label1\" content=\"\u00c9crit par\" \/>\n\t<meta name=\"twitter:data1\" content=\"WDA\" \/>\n\t<meta name=\"twitter:label2\" content=\"Dur\u00e9e de lecture estim\u00e9e\" \/>\n\t<meta name=\"twitter:data2\" content=\"1 minute\" \/>\n<script type=\"application\/ld+json\" class=\"yoast-schema-graph\">{\"@context\":\"https:\\\/\\\/schema.org\",\"@graph\":[{\"@type\":\"NewsArticle\",\"@id\":\"https:\\\/\\\/www.webdo.tn\\\/fr\\\/actualite\\\/national\\\/tunisie-deces-de-l-agent-de-securite-poignarde\\\/206692\\\/#article\",\"isPartOf\":{\"@id\":\"https:\\\/\\\/www.webdo.tn\\\/fr\\\/actualite\\\/national\\\/tunisie-deces-de-l-agent-de-securite-poignarde\\\/206692\\\/\"},\"author\":{\"name\":\"WDA\",\"@id\":\"https:\\\/\\\/www.webdo.tn\\\/fr\\\/#\\\/schema\\\/person\\\/ae999f6cc68c323955dd7bb23b41f2dd\"},\"headline\":\"D\u00e9c\u00e8s de l\u2019agent de s\u00e9curit\u00e9 poignard\u00e9\",\"datePublished\":\"2023-06-19T13:16:00+00:00\",\"dateModified\":\"2025-05-20T22:57:10+00:00\",\"mainEntityOfPage\":{\"@id\":\"https:\\\/\\\/www.webdo.tn\\\/fr\\\/actualite\\\/national\\\/tunisie-deces-de-l-agent-de-securite-poignarde\\\/206692\\\/\"},\"wordCount\":198,\"commentCount\":0,\"publisher\":{\"@id\":\"https:\\\/\\\/www.webdo.tn\\\/fr\\\/#organization\"},\"image\":{\"@id\":\"https:\\\/\\\/www.webdo.tn\\\/fr\\\/actualite\\\/national\\\/tunisie-deces-de-l-agent-de-securite-poignarde\\\/206692\\\/#primaryimage\"},\"thumbnailUrl\":\"https:\\\/\\\/www.webdo.tn\\\/fr\\\/wp-content\\\/uploads\\\/2023\\\/06\\\/1799c71fac1558d7dc7f44b664f15060.jpg\",\"keywords\":[\"agent\",\"D\u00e9c\u00e8s\",\"Poignard\u00e9\"],\"articleSection\":[\"National\"],\"inLanguage\":\"fr-FR\"},{\"@type\":\"WebPage\",\"@id\":\"https:\\\/\\\/www.webdo.tn\\\/fr\\\/actualite\\\/national\\\/tunisie-deces-de-l-agent-de-securite-poignarde\\\/206692\\\/\",\"url\":\"https:\\\/\\\/www.webdo.tn\\\/fr\\\/actualite\\\/national\\\/tunisie-deces-de-l-agent-de-securite-poignarde\\\/206692\\\/\",\"name\":\"D\u00e9c\u00e8s de l\u2019agent de s\u00e9curit\u00e9 poignard\u00e9\",\"isPartOf\":{\"@id\":\"https:\\\/\\\/www.webdo.tn\\\/fr\\\/#website\"},\"primaryImageOfPage\":{\"@id\":\"https:\\\/\\\/www.webdo.tn\\\/fr\\\/actualite\\\/national\\\/tunisie-deces-de-l-agent-de-securite-poignarde\\\/206692\\\/#primaryimage\"},\"image\":{\"@id\":\"https:\\\/\\\/www.webdo.tn\\\/fr\\\/actualite\\\/national\\\/tunisie-deces-de-l-agent-de-securite-poignarde\\\/206692\\\/#primaryimage\"},\"thumbnailUrl\":\"https:\\\/\\\/www.webdo.tn\\\/fr\\\/wp-content\\\/uploads\\\/2023\\\/06\\\/1799c71fac1558d7dc7f44b664f15060.jpg\",\"datePublished\":\"2023-06-19T13:16:00+00:00\",\"dateModified\":\"2025-05-20T22:57:10+00:00\",\"description\":\"L\u2019agent de s\u00e9curit\u00e9 qui a \u00e9t\u00e9 poignard\u00e9 cette matin\u00e9e devant l\u2019ambassade du Br\u00e9sil situ\u00e9e au Lac 1, par un individu muni d\u2019une arme blanche, est d\u00e9c\u00e9d\u00e9.\",\"breadcrumb\":{\"@id\":\"https:\\\/\\\/www.webdo.tn\\\/fr\\\/actualite\\\/national\\\/tunisie-deces-de-l-agent-de-securite-poignarde\\\/206692\\\/#breadcrumb\"},\"inLanguage\":\"fr-FR\",\"potentialAction\":[{\"@type\":\"ReadAction\",\"target\":[\"https:\\\/\\\/www.webdo.tn\\\/fr\\\/actualite\\\/national\\\/tunisie-deces-de-l-agent-de-securite-poignarde\\\/206692\\\/\"]}]},{\"@type\":\"ImageObject\",\"inLanguage\":\"fr-FR\",\"@id\":\"https:\\\/\\\/www.webdo.tn\\\/fr\\\/actualite\\\/national\\\/tunisie-deces-de-l-agent-de-securite-poignarde\\\/206692\\\/#primaryimage\",\"url\":\"https:\\\/\\\/www.webdo.tn\\\/fr\\\/wp-content\\\/uploads\\\/2023\\\/06\\\/1799c71fac1558d7dc7f44b664f15060.jpg\",\"contentUrl\":\"https:\\\/\\\/www.webdo.tn\\\/fr\\\/wp-content\\\/uploads\\\/2023\\\/06\\\/1799c71fac1558d7dc7f44b664f15060.jpg\",\"width\":750,\"height\":400,\"caption\":\"Agent\"},{\"@type\":\"BreadcrumbList\",\"@id\":\"https:\\\/\\\/www.webdo.tn\\\/fr\\\/actualite\\\/national\\\/tunisie-deces-de-l-agent-de-securite-poignarde\\\/206692\\\/#breadcrumb\",\"itemListElement\":[{\"@type\":\"ListItem\",\"position\":1,\"name\":\"Accueil\",\"item\":\"https:\\\/\\\/www.webdo.tn\\\/fr\\\/\"},{\"@type\":\"ListItem\",\"position\":2,\"name\":\"D\u00e9c\u00e8s de l\u2019agent de s\u00e9curit\u00e9 poignard\u00e9\"}]},{\"@type\":\"WebSite\",\"@id\":\"https:\\\/\\\/www.webdo.tn\\\/fr\\\/#website\",\"url\":\"https:\\\/\\\/www.webdo.tn\\\/fr\\\/\",\"name\":\"webdo\",\"description\":\"Tunisie - News en Tunisie et \u00e0 l&#039;international sur Webdo.tn\",\"publisher\":{\"@id\":\"https:\\\/\\\/www.webdo.tn\\\/fr\\\/#organization\"},\"potentialAction\":[{\"@type\":\"SearchAction\",\"target\":{\"@type\":\"EntryPoint\",\"urlTemplate\":\"https:\\\/\\\/www.webdo.tn\\\/fr\\\/?s={search_term_string}\"},\"query-input\":{\"@type\":\"PropertyValueSpecification\",\"valueRequired\":true,\"valueName\":\"search_term_string\"}}],\"inLanguage\":\"fr-FR\"},{\"@type\":\"Organization\",\"@id\":\"https:\\\/\\\/www.webdo.tn\\\/fr\\\/#organization\",\"name\":\"Webdo\",\"alternateName\":\"Webdo.tn\",\"url\":\"https:\\\/\\\/www.webdo.tn\\\/fr\\\/\",\"logo\":{\"@type\":\"ImageObject\",\"inLanguage\":\"fr-FR\",\"@id\":\"https:\\\/\\\/www.webdo.tn\\\/fr\\\/#\\\/schema\\\/logo\\\/image\\\/\",\"url\":\"https:\\\/\\\/www.webdo.tn\\\/fr\\\/wp-content\\\/uploads\\\/2025\\\/06\\\/Webdo-Tunisie_168377.jpg\",\"contentUrl\":\"https:\\\/\\\/www.webdo.tn\\\/fr\\\/wp-content\\\/uploads\\\/2025\\\/06\\\/Webdo-Tunisie_168377.jpg\",\"width\":301,\"height\":301,\"caption\":\"Webdo\"},\"image\":{\"@id\":\"https:\\\/\\\/www.webdo.tn\\\/fr\\\/#\\\/schema\\\/logo\\\/image\\\/\"},\"sameAs\":[\"https:\\\/\\\/www.facebook.com\\\/webdotn\",\"https:\\\/\\\/x.com\\\/webdo_tn\"],\"description\":\"Webdo est un m\u00e9dia num\u00e9rique tunisien fond\u00e9 en 2010, sp\u00e9cialis\u00e9 dans l\u2019actualit\u00e9 nationale et internationale, l\u2019\u00e9conomie, la soci\u00e9t\u00e9 et les analyses politiques. Le site s\u2019adresse \u00e0 un large public francophone et couvre l\u2019information tunisienne en temps r\u00e9el.\",\"email\":\"redac@webdo.tn\",\"legalName\":\"YNJ SARL\",\"foundingDate\":\"2010-09-06\",\"numberOfEmployees\":{\"@type\":\"QuantitativeValue\",\"minValue\":\"11\",\"maxValue\":\"50\"}},{\"@type\":\"Person\",\"@id\":\"https:\\\/\\\/www.webdo.tn\\\/fr\\\/#\\\/schema\\\/person\\\/ae999f6cc68c323955dd7bb23b41f2dd\",\"name\":\"WDA\",\"image\":{\"@type\":\"ImageObject\",\"inLanguage\":\"fr-FR\",\"@id\":\"https:\\\/\\\/secure.gravatar.com\\\/avatar\\\/008e9c4da3bbf467e76fbd05ea8a140d6f047be3ff32b495e3a42ecd99d95622?s=96&d=mm&r=g\",\"url\":\"https:\\\/\\\/secure.gravatar.com\\\/avatar\\\/008e9c4da3bbf467e76fbd05ea8a140d6f047be3ff32b495e3a42ecd99d95622?s=96&d=mm&r=g\",\"contentUrl\":\"https:\\\/\\\/secure.gravatar.com\\\/avatar\\\/008e9c4da3bbf467e76fbd05ea8a140d6f047be3ff32b495e3a42ecd99d95622?s=96&d=mm&r=g\",\"caption\":\"WDA\"},\"url\":\"https:\\\/\\\/www.webdo.tn\\\/fr\\\/actualite\\\/author\\\/wda\\\/\"}]}<\/script>\n<!-- \/ Yoast SEO Premium plugin. -->","yoast_head_json":{"title":"D\u00e9c\u00e8s de l\u2019agent de s\u00e9curit\u00e9 poignard\u00e9","description":"L\u2019agent de s\u00e9curit\u00e9 qui a \u00e9t\u00e9 poignard\u00e9 cette matin\u00e9e devant l\u2019ambassade du Br\u00e9sil situ\u00e9e au Lac 1, par un individu muni d\u2019une arme blanche, est d\u00e9c\u00e9d\u00e9.","canonical":"https:\/\/www.webdo.tn\/fr\/actualite\/national\/tunisie-deces-de-l-agent-de-securite-poignarde\/206692\/","og_locale":"fr_FR","og_type":"article","og_title":"D\u00e9c\u00e8s de l\u2019agent de s\u00e9curit\u00e9 poignard\u00e9","og_description":"L\u2019agent de s\u00e9curit\u00e9 qui a \u00e9t\u00e9 poignard\u00e9 cette matin\u00e9e devant l\u2019ambassade du Br\u00e9sil situ\u00e9e au Lac 1, par un individu muni d\u2019une arme blanche, est d\u00e9c\u00e9d\u00e9.","og_url":"https:\/\/www.webdo.tn\/fr\/actualite\/national\/tunisie-deces-de-l-agent-de-securite-poignarde\/206692\/","og_site_name":"webdo","article_publisher":"https:\/\/www.facebook.com\/webdotn","article_published_time":"2023-06-19T13:16:00+00:00","article_modified_time":"2025-05-20T22:57:10+00:00","og_image":[{"width":750,"height":400,"url":"https:\/\/www.webdo.tn\/fr\/wp-content\/uploads\/2023\/06\/1799c71fac1558d7dc7f44b664f15060.jpg","type":"image\/jpeg"}],"author":"WDA","twitter_card":"summary_large_image","twitter_creator":"@webdo_tn","twitter_site":"@webdo_tn","twitter_misc":{"\u00c9crit par":"WDA","Dur\u00e9e de lecture estim\u00e9e":"1 minute"},"schema":{"@context":"https:\/\/schema.org","@graph":[{"@type":"NewsArticle","@id":"https:\/\/www.webdo.tn\/fr\/actualite\/national\/tunisie-deces-de-l-agent-de-securite-poignarde\/206692\/#article","isPartOf":{"@id":"https:\/\/www.webdo.tn\/fr\/actualite\/national\/tunisie-deces-de-l-agent-de-securite-poignarde\/206692\/"},"author":{"name":"WDA","@id":"https:\/\/www.webdo.tn\/fr\/#\/schema\/person\/ae999f6cc68c323955dd7bb23b41f2dd"},"headline":"D\u00e9c\u00e8s de l\u2019agent de s\u00e9curit\u00e9 poignard\u00e9","datePublished":"2023-06-19T13:16:00+00:00","dateModified":"2025-05-20T22:57:10+00:00","mainEntityOfPage":{"@id":"https:\/\/www.webdo.tn\/fr\/actualite\/national\/tunisie-deces-de-l-agent-de-securite-poignarde\/206692\/"},"wordCount":198,"commentCount":0,"publisher":{"@id":"https:\/\/www.webdo.tn\/fr\/#organization"},"image":{"@id":"https:\/\/www.webdo.tn\/fr\/actualite\/national\/tunisie-deces-de-l-agent-de-securite-poignarde\/206692\/#primaryimage"},"thumbnailUrl":"https:\/\/www.webdo.tn\/fr\/wp-content\/uploads\/2023\/06\/1799c71fac1558d7dc7f44b664f15060.jpg","keywords":["agent","D\u00e9c\u00e8s","Poignard\u00e9"],"articleSection":["National"],"inLanguage":"fr-FR"},{"@type":"WebPage","@id":"https:\/\/www.webdo.tn\/fr\/actualite\/national\/tunisie-deces-de-l-agent-de-securite-poignarde\/206692\/","url":"https:\/\/www.webdo.tn\/fr\/actualite\/national\/tunisie-deces-de-l-agent-de-securite-poignarde\/206692\/","name":"D\u00e9c\u00e8s de l\u2019agent de s\u00e9curit\u00e9 poignard\u00e9","isPartOf":{"@id":"https:\/\/www.webdo.tn\/fr\/#website"},"primaryImageOfPage":{"@id":"https:\/\/www.webdo.tn\/fr\/actualite\/national\/tunisie-deces-de-l-agent-de-securite-poignarde\/206692\/#primaryimage"},"image":{"@id":"https:\/\/www.webdo.tn\/fr\/actualite\/national\/tunisie-deces-de-l-agent-de-securite-poignarde\/206692\/#primaryimage"},"thumbnailUrl":"https:\/\/www.webdo.tn\/fr\/wp-content\/uploads\/2023\/06\/1799c71fac1558d7dc7f44b664f15060.jpg","datePublished":"2023-06-19T13:16:00+00:00","dateModified":"2025-05-20T22:57:10+00:00","description":"L\u2019agent de s\u00e9curit\u00e9 qui a \u00e9t\u00e9 poignard\u00e9 cette matin\u00e9e devant l\u2019ambassade du Br\u00e9sil situ\u00e9e au Lac 1, par un individu muni d\u2019une arme blanche, est d\u00e9c\u00e9d\u00e9.","breadcrumb":{"@id":"https:\/\/www.webdo.tn\/fr\/actualite\/national\/tunisie-deces-de-l-agent-de-securite-poignarde\/206692\/#breadcrumb"},"inLanguage":"fr-FR","potentialAction":[{"@type":"ReadAction","target":["https:\/\/www.webdo.tn\/fr\/actualite\/national\/tunisie-deces-de-l-agent-de-securite-poignarde\/206692\/"]}]},{"@type":"ImageObject","inLanguage":"fr-FR","@id":"https:\/\/www.webdo.tn\/fr\/actualite\/national\/tunisie-deces-de-l-agent-de-securite-poignarde\/206692\/#primaryimage","url":"https:\/\/www.webdo.tn\/fr\/wp-content\/uploads\/2023\/06\/1799c71fac1558d7dc7f44b664f15060.jpg","contentUrl":"https:\/\/www.webdo.tn\/fr\/wp-content\/uploads\/2023\/06\/1799c71fac1558d7dc7f44b664f15060.jpg","width":750,"height":400,"caption":"Agent"},{"@type":"BreadcrumbList","@id":"https:\/\/www.webdo.tn\/fr\/actualite\/national\/tunisie-deces-de-l-agent-de-securite-poignarde\/206692\/#breadcrumb","itemListElement":[{"@type":"ListItem","position":1,"name":"Accueil","item":"https:\/\/www.webdo.tn\/fr\/"},{"@type":"ListItem","position":2,"name":"D\u00e9c\u00e8s de l\u2019agent de s\u00e9curit\u00e9 poignard\u00e9"}]},{"@type":"WebSite","@id":"https:\/\/www.webdo.tn\/fr\/#website","url":"https:\/\/www.webdo.tn\/fr\/","name":"webdo","description":"Tunisie - News en Tunisie et \u00e0 l&#039;international sur Webdo.tn","publisher":{"@id":"https:\/\/www.webdo.tn\/fr\/#organization"},"potentialAction":[{"@type":"SearchAction","target":{"@type":"EntryPoint","urlTemplate":"https:\/\/www.webdo.tn\/fr\/?s={search_term_string}"},"query-input":{"@type":"PropertyValueSpecification","valueRequired":true,"valueName":"search_term_string"}}],"inLanguage":"fr-FR"},{"@type":"Organization","@id":"https:\/\/www.webdo.tn\/fr\/#organization","name":"Webdo","alternateName":"Webdo.tn","url":"https:\/\/www.webdo.tn\/fr\/","logo":{"@type":"ImageObject","inLanguage":"fr-FR","@id":"https:\/\/www.webdo.tn\/fr\/#\/schema\/logo\/image\/","url":"https:\/\/www.webdo.tn\/fr\/wp-content\/uploads\/2025\/06\/Webdo-Tunisie_168377.jpg","contentUrl":"https:\/\/www.webdo.tn\/fr\/wp-content\/uploads\/2025\/06\/Webdo-Tunisie_168377.jpg","width":301,"height":301,"caption":"Webdo"},"image":{"@id":"https:\/\/www.webdo.tn\/fr\/#\/schema\/logo\/image\/"},"sameAs":["https:\/\/www.facebook.com\/webdotn","https:\/\/x.com\/webdo_tn"],"description":"Webdo est un m\u00e9dia num\u00e9rique tunisien fond\u00e9 en 2010, sp\u00e9cialis\u00e9 dans l\u2019actualit\u00e9 nationale et internationale, l\u2019\u00e9conomie, la soci\u00e9t\u00e9 et les analyses politiques. Le site s\u2019adresse \u00e0 un large public francophone et couvre l\u2019information tunisienne en temps r\u00e9el.","email":"redac@webdo.tn","legalName":"YNJ SARL","foundingDate":"2010-09-06","numberOfEmployees":{"@type":"QuantitativeValue","minValue":"11","maxValue":"50"}},{"@type":"Person","@id":"https:\/\/www.webdo.tn\/fr\/#\/schema\/person\/ae999f6cc68c323955dd7bb23b41f2dd","name":"WDA","image":{"@type":"ImageObject","inLanguage":"fr-FR","@id":"https:\/\/secure.gravatar.com\/avatar\/008e9c4da3bbf467e76fbd05ea8a140d6f047be3ff32b495e3a42ecd99d95622?s=96&d=mm&r=g","url":"https:\/\/secure.gravatar.com\/avatar\/008e9c4da3bbf467e76fbd05ea8a140d6f047be3ff32b495e3a42ecd99d95622?s=96&d=mm&r=g","contentUrl":"https:\/\/secure.gravatar.com\/avatar\/008e9c4da3bbf467e76fbd05ea8a140d6f047be3ff32b495e3a42ecd99d95622?s=96&d=mm&r=g","caption":"WDA"},"url":"https:\/\/www.webdo.tn\/fr\/actualite\/author\/wda\/"}]}},"_links":{"self":[{"href":"https:\/\/www.webdo.tn\/fr\/wp-json\/wp\/v2\/posts\/206692","targetHints":{"allow":["GET"]}}],"collection":[{"href":"https:\/\/www.webdo.tn\/fr\/wp-json\/wp\/v2\/posts"}],"about":[{"href":"https:\/\/www.webdo.tn\/fr\/wp-json\/wp\/v2\/types\/post"}],"author":[{"embeddable":true,"href":"https:\/\/www.webdo.tn\/fr\/wp-json\/wp\/v2\/users\/3185"}],"replies":[{"embeddable":true,"href":"https:\/\/www.webdo.tn\/fr\/wp-json\/wp\/v2\/comments?post=206692"}],"version-history":[{"count":0,"href":"https:\/\/www.webdo.tn\/fr\/wp-json\/wp\/v2\/posts\/206692\/revisions"}],"wp:featuredmedia":[{"embeddable":true,"href":"https:\/\/www.webdo.tn\/fr\/wp-json\/wp\/v2\/media\/249933"}],"wp:attachment":[{"href":"https:\/\/www.webdo.tn\/fr\/wp-json\/wp\/v2\/media?parent=206692"}],"wp:term":[{"taxonomy":"category","embeddable":true,"href":"https:\/\/www.webdo.tn\/fr\/wp-json\/wp\/v2\/categories?post=206692"},{"taxonomy":"post_tag","embeddable":true,"href":"https:\/\/www.webdo.tn\/fr\/wp-json\/wp\/v2\/tags?post=206692"}],"curies":[{"name":"wp","href":"https:\/\/api.w.org\/{rel}","templated":true}]}}