{"id":206688,"date":"2023-06-19T11:28:00","date_gmt":"2023-06-19T11:28:00","guid":{"rendered":"https:\/\/www.webdo.tn\/fr\/blog\/un-agent-de-securite-poignarde-devant-l-ambassade-du-bresil\/206688\/"},"modified":"2025-05-20T21:58:55","modified_gmt":"2025-05-20T21:58:55","slug":"un-agent-de-securite-poignarde-devant-l-ambassade-du-bresil","status":"publish","type":"post","link":"https:\/\/www.webdo.tn\/fr\/actualite\/national\/un-agent-de-securite-poignarde-devant-l-ambassade-du-bresil\/206688\/","title":{"rendered":"Un agent de s\u00e9curit\u00e9 poignard\u00e9 devant l\u2019ambassade du Br\u00e9sil"},"content":{"rendered":"<p>Un agent de s\u00e9curit\u00e9 appartenant au service charg\u00e9 d\u2019assurer la s\u00e9curit\u00e9 de l\u2019ambassade du Br\u00e9sil, a \u00e9t\u00e9 poignard\u00e9 aujourd\u2019hui, lundi 19 juin 2023.<\/p>\n<p>\t\t\t\t\t\t\t\t\tLes agents de s\u00e9curit\u00e9 sont intervenus en tirant des coups de feu sur l&rsquo;agresseur, qui a pu \u00eatre ma\u00eetris\u00e9 et interpell\u00e9, rapporte Diwan fm.<\/p>\n<p>La victime a \u00e9t\u00e9 transf\u00e9r\u00e9e \u00e0 l\u2018h\u00f4pital des forces de s\u00e9curit\u00e9 int\u00e9rieure de la Marsa alors que les forces de l\u2019ordre sont arriv\u00e9es en renfort et se sont d\u00e9ploy\u00e9es aux environs de l\u2019ambassade aux Berges du Lac.<\/p>\n","protected":false},"excerpt":{"rendered":"<p>Un agent de s\u00e9curit\u00e9 appartenant au service charg\u00e9 d\u2019assurer la s\u00e9curit\u00e9 de l\u2019ambassade du Br\u00e9sil, a \u00e9t\u00e9 poignard\u00e9 aujourd\u2019hui<\/p>\n","protected":false},"author":3162,"featured_media":249932,"comment_status":"open","ping_status":"closed","sticky":false,"template":"","format":"standard","meta":{"footnotes":""},"categories":[44],"tags":[8235,5568,4828,4949],"class_list":["post-206688","post","type-post","status-publish","format-standard","has-post-thumbnail","hentry","category-national","tag-agent","tag-ambassade","tag-blesse","tag-bresil"],"yoast_head":"<!-- This site is optimized with the Yoast SEO Premium plugin v27.4 (Yoast SEO v27.4) - https:\/\/yoast.com\/product\/yoast-seo-premium-wordpress\/ -->\n<title>Un agent de s\u00e9curit\u00e9 poignard\u00e9 devant l\u2019ambassade du Br\u00e9sil<\/title>\n<meta name=\"description\" content=\"Un agent de s\u00e9curit\u00e9 appartenant au service charg\u00e9 d\u2019assurer la s\u00e9curit\u00e9 de l\u2019ambassade du Br\u00e9sil, a \u00e9t\u00e9 poignard\u00e9 aujourd\u2019hui\" \/>\n<link rel=\"canonical\" href=\"https:\/\/www.webdo.tn\/fr\/actualite\/national\/un-agent-de-securite-poignarde-devant-l-ambassade-du-bresil\/206688\/\" \/>\n<meta property=\"og:locale\" content=\"fr_FR\" \/>\n<meta property=\"og:type\" content=\"article\" \/>\n<meta property=\"og:title\" content=\"Un agent de s\u00e9curit\u00e9 poignard\u00e9 devant l\u2019ambassade du Br\u00e9sil\" \/>\n<meta property=\"og:description\" content=\"Un agent de s\u00e9curit\u00e9 appartenant au service charg\u00e9 d\u2019assurer la s\u00e9curit\u00e9 de l\u2019ambassade du Br\u00e9sil, a \u00e9t\u00e9 poignard\u00e9 aujourd\u2019hui\" \/>\n<meta property=\"og:url\" content=\"https:\/\/www.webdo.tn\/fr\/actualite\/national\/un-agent-de-securite-poignarde-devant-l-ambassade-du-bresil\/206688\/\" \/>\n<meta property=\"og:site_name\" content=\"webdo\" \/>\n<meta property=\"article:publisher\" content=\"https:\/\/www.facebook.com\/webdotn\" \/>\n<meta property=\"article:published_time\" content=\"2023-06-19T11:28:00+00:00\" \/>\n<meta property=\"article:modified_time\" content=\"2025-05-20T21:58:55+00:00\" \/>\n<meta property=\"og:image\" content=\"https:\/\/www.webdo.tn\/fr\/wp-content\/uploads\/2023\/06\/8759d9a32f5aeb0c6c6d57c4292a7a1b.jpg\" \/>\n\t<meta property=\"og:image:width\" content=\"660\" \/>\n\t<meta property=\"og:image:height\" content=\"352\" \/>\n\t<meta property=\"og:image:type\" content=\"image\/jpeg\" \/>\n<meta name=\"author\" content=\"MC\" \/>\n<meta name=\"twitter:card\" content=\"summary_large_image\" \/>\n<meta name=\"twitter:creator\" content=\"@webdo_tn\" \/>\n<meta name=\"twitter:site\" content=\"@webdo_tn\" \/>\n<meta name=\"twitter:label1\" content=\"\u00c9crit par\" \/>\n\t<meta name=\"twitter:data1\" content=\"MC\" \/>\n\t<meta name=\"twitter:label2\" content=\"Dur\u00e9e de lecture estim\u00e9e\" \/>\n\t<meta name=\"twitter:data2\" content=\"1 minute\" \/>\n<script type=\"application\/ld+json\" class=\"yoast-schema-graph\">{\"@context\":\"https:\\\/\\\/schema.org\",\"@graph\":[{\"@type\":\"NewsArticle\",\"@id\":\"https:\\\/\\\/www.webdo.tn\\\/fr\\\/actualite\\\/national\\\/un-agent-de-securite-poignarde-devant-l-ambassade-du-bresil\\\/206688\\\/#article\",\"isPartOf\":{\"@id\":\"https:\\\/\\\/www.webdo.tn\\\/fr\\\/actualite\\\/national\\\/un-agent-de-securite-poignarde-devant-l-ambassade-du-bresil\\\/206688\\\/\"},\"author\":{\"name\":\"MC\",\"@id\":\"https:\\\/\\\/www.webdo.tn\\\/fr\\\/#\\\/schema\\\/person\\\/2c4929cbf5a809e3bd38617c6ce150f6\"},\"headline\":\"Un agent de s\u00e9curit\u00e9 poignard\u00e9 devant l\u2019ambassade du Br\u00e9sil\",\"datePublished\":\"2023-06-19T11:28:00+00:00\",\"dateModified\":\"2025-05-20T21:58:55+00:00\",\"mainEntityOfPage\":{\"@id\":\"https:\\\/\\\/www.webdo.tn\\\/fr\\\/actualite\\\/national\\\/un-agent-de-securite-poignarde-devant-l-ambassade-du-bresil\\\/206688\\\/\"},\"wordCount\":113,\"commentCount\":0,\"publisher\":{\"@id\":\"https:\\\/\\\/www.webdo.tn\\\/fr\\\/#organization\"},\"image\":{\"@id\":\"https:\\\/\\\/www.webdo.tn\\\/fr\\\/actualite\\\/national\\\/un-agent-de-securite-poignarde-devant-l-ambassade-du-bresil\\\/206688\\\/#primaryimage\"},\"thumbnailUrl\":\"https:\\\/\\\/www.webdo.tn\\\/fr\\\/wp-content\\\/uploads\\\/2023\\\/06\\\/8759d9a32f5aeb0c6c6d57c4292a7a1b.jpg\",\"keywords\":[\"agent\",\"ambassade\",\"bless\u00e9\",\"Br\u00e9sil\"],\"articleSection\":[\"National\"],\"inLanguage\":\"fr-FR\"},{\"@type\":\"WebPage\",\"@id\":\"https:\\\/\\\/www.webdo.tn\\\/fr\\\/actualite\\\/national\\\/un-agent-de-securite-poignarde-devant-l-ambassade-du-bresil\\\/206688\\\/\",\"url\":\"https:\\\/\\\/www.webdo.tn\\\/fr\\\/actualite\\\/national\\\/un-agent-de-securite-poignarde-devant-l-ambassade-du-bresil\\\/206688\\\/\",\"name\":\"Un agent de s\u00e9curit\u00e9 poignard\u00e9 devant l\u2019ambassade du Br\u00e9sil\",\"isPartOf\":{\"@id\":\"https:\\\/\\\/www.webdo.tn\\\/fr\\\/#website\"},\"primaryImageOfPage\":{\"@id\":\"https:\\\/\\\/www.webdo.tn\\\/fr\\\/actualite\\\/national\\\/un-agent-de-securite-poignarde-devant-l-ambassade-du-bresil\\\/206688\\\/#primaryimage\"},\"image\":{\"@id\":\"https:\\\/\\\/www.webdo.tn\\\/fr\\\/actualite\\\/national\\\/un-agent-de-securite-poignarde-devant-l-ambassade-du-bresil\\\/206688\\\/#primaryimage\"},\"thumbnailUrl\":\"https:\\\/\\\/www.webdo.tn\\\/fr\\\/wp-content\\\/uploads\\\/2023\\\/06\\\/8759d9a32f5aeb0c6c6d57c4292a7a1b.jpg\",\"datePublished\":\"2023-06-19T11:28:00+00:00\",\"dateModified\":\"2025-05-20T21:58:55+00:00\",\"description\":\"Un agent de s\u00e9curit\u00e9 appartenant au service charg\u00e9 d\u2019assurer la s\u00e9curit\u00e9 de l\u2019ambassade du Br\u00e9sil, a \u00e9t\u00e9 poignard\u00e9 aujourd\u2019hui\",\"breadcrumb\":{\"@id\":\"https:\\\/\\\/www.webdo.tn\\\/fr\\\/actualite\\\/national\\\/un-agent-de-securite-poignarde-devant-l-ambassade-du-bresil\\\/206688\\\/#breadcrumb\"},\"inLanguage\":\"fr-FR\",\"potentialAction\":[{\"@type\":\"ReadAction\",\"target\":[\"https:\\\/\\\/www.webdo.tn\\\/fr\\\/actualite\\\/national\\\/un-agent-de-securite-poignarde-devant-l-ambassade-du-bresil\\\/206688\\\/\"]}]},{\"@type\":\"ImageObject\",\"inLanguage\":\"fr-FR\",\"@id\":\"https:\\\/\\\/www.webdo.tn\\\/fr\\\/actualite\\\/national\\\/un-agent-de-securite-poignarde-devant-l-ambassade-du-bresil\\\/206688\\\/#primaryimage\",\"url\":\"https:\\\/\\\/www.webdo.tn\\\/fr\\\/wp-content\\\/uploads\\\/2023\\\/06\\\/8759d9a32f5aeb0c6c6d57c4292a7a1b.jpg\",\"contentUrl\":\"https:\\\/\\\/www.webdo.tn\\\/fr\\\/wp-content\\\/uploads\\\/2023\\\/06\\\/8759d9a32f5aeb0c6c6d57c4292a7a1b.jpg\",\"width\":660,\"height\":352,\"caption\":\"Un agent de s\u00e9curit\u00e9 poignard\u00e9 devant l\u2019ambassade du Br\u00e9sil\"},{\"@type\":\"BreadcrumbList\",\"@id\":\"https:\\\/\\\/www.webdo.tn\\\/fr\\\/actualite\\\/national\\\/un-agent-de-securite-poignarde-devant-l-ambassade-du-bresil\\\/206688\\\/#breadcrumb\",\"itemListElement\":[{\"@type\":\"ListItem\",\"position\":1,\"name\":\"Accueil\",\"item\":\"https:\\\/\\\/www.webdo.tn\\\/fr\\\/\"},{\"@type\":\"ListItem\",\"position\":2,\"name\":\"Un agent de s\u00e9curit\u00e9 poignard\u00e9 devant l\u2019ambassade du Br\u00e9sil\"}]},{\"@type\":\"WebSite\",\"@id\":\"https:\\\/\\\/www.webdo.tn\\\/fr\\\/#website\",\"url\":\"https:\\\/\\\/www.webdo.tn\\\/fr\\\/\",\"name\":\"webdo\",\"description\":\"Tunisie - News en Tunisie et \u00e0 l&#039;international sur Webdo.tn\",\"publisher\":{\"@id\":\"https:\\\/\\\/www.webdo.tn\\\/fr\\\/#organization\"},\"potentialAction\":[{\"@type\":\"SearchAction\",\"target\":{\"@type\":\"EntryPoint\",\"urlTemplate\":\"https:\\\/\\\/www.webdo.tn\\\/fr\\\/?s={search_term_string}\"},\"query-input\":{\"@type\":\"PropertyValueSpecification\",\"valueRequired\":true,\"valueName\":\"search_term_string\"}}],\"inLanguage\":\"fr-FR\"},{\"@type\":\"Organization\",\"@id\":\"https:\\\/\\\/www.webdo.tn\\\/fr\\\/#organization\",\"name\":\"Webdo\",\"alternateName\":\"Webdo.tn\",\"url\":\"https:\\\/\\\/www.webdo.tn\\\/fr\\\/\",\"logo\":{\"@type\":\"ImageObject\",\"inLanguage\":\"fr-FR\",\"@id\":\"https:\\\/\\\/www.webdo.tn\\\/fr\\\/#\\\/schema\\\/logo\\\/image\\\/\",\"url\":\"https:\\\/\\\/www.webdo.tn\\\/fr\\\/wp-content\\\/uploads\\\/2025\\\/06\\\/Webdo-Tunisie_168377.jpg\",\"contentUrl\":\"https:\\\/\\\/www.webdo.tn\\\/fr\\\/wp-content\\\/uploads\\\/2025\\\/06\\\/Webdo-Tunisie_168377.jpg\",\"width\":301,\"height\":301,\"caption\":\"Webdo\"},\"image\":{\"@id\":\"https:\\\/\\\/www.webdo.tn\\\/fr\\\/#\\\/schema\\\/logo\\\/image\\\/\"},\"sameAs\":[\"https:\\\/\\\/www.facebook.com\\\/webdotn\",\"https:\\\/\\\/x.com\\\/webdo_tn\"],\"description\":\"Webdo est un m\u00e9dia num\u00e9rique tunisien fond\u00e9 en 2010, sp\u00e9cialis\u00e9 dans l\u2019actualit\u00e9 nationale et internationale, l\u2019\u00e9conomie, la soci\u00e9t\u00e9 et les analyses politiques. Le site s\u2019adresse \u00e0 un large public francophone et couvre l\u2019information tunisienne en temps r\u00e9el.\",\"email\":\"redac@webdo.tn\",\"legalName\":\"YNJ SARL\",\"foundingDate\":\"2010-09-06\",\"numberOfEmployees\":{\"@type\":\"QuantitativeValue\",\"minValue\":\"11\",\"maxValue\":\"50\"}},{\"@type\":\"Person\",\"@id\":\"https:\\\/\\\/www.webdo.tn\\\/fr\\\/#\\\/schema\\\/person\\\/2c4929cbf5a809e3bd38617c6ce150f6\",\"name\":\"MC\",\"image\":{\"@type\":\"ImageObject\",\"inLanguage\":\"fr-FR\",\"@id\":\"https:\\\/\\\/secure.gravatar.com\\\/avatar\\\/a545bbb6f84efdd5553dbbc2895e3ca8f1d12c5215e00a041c9670b54aa9b18a?s=96&d=mm&r=g\",\"url\":\"https:\\\/\\\/secure.gravatar.com\\\/avatar\\\/a545bbb6f84efdd5553dbbc2895e3ca8f1d12c5215e00a041c9670b54aa9b18a?s=96&d=mm&r=g\",\"contentUrl\":\"https:\\\/\\\/secure.gravatar.com\\\/avatar\\\/a545bbb6f84efdd5553dbbc2895e3ca8f1d12c5215e00a041c9670b54aa9b18a?s=96&d=mm&r=g\",\"caption\":\"MC\"},\"url\":\"https:\\\/\\\/www.webdo.tn\\\/fr\\\/actualite\\\/author\\\/mc\\\/\"}]}<\/script>\n<!-- \/ Yoast SEO Premium plugin. -->","yoast_head_json":{"title":"Un agent de s\u00e9curit\u00e9 poignard\u00e9 devant l\u2019ambassade du Br\u00e9sil","description":"Un agent de s\u00e9curit\u00e9 appartenant au service charg\u00e9 d\u2019assurer la s\u00e9curit\u00e9 de l\u2019ambassade du Br\u00e9sil, a \u00e9t\u00e9 poignard\u00e9 aujourd\u2019hui","canonical":"https:\/\/www.webdo.tn\/fr\/actualite\/national\/un-agent-de-securite-poignarde-devant-l-ambassade-du-bresil\/206688\/","og_locale":"fr_FR","og_type":"article","og_title":"Un agent de s\u00e9curit\u00e9 poignard\u00e9 devant l\u2019ambassade du Br\u00e9sil","og_description":"Un agent de s\u00e9curit\u00e9 appartenant au service charg\u00e9 d\u2019assurer la s\u00e9curit\u00e9 de l\u2019ambassade du Br\u00e9sil, a \u00e9t\u00e9 poignard\u00e9 aujourd\u2019hui","og_url":"https:\/\/www.webdo.tn\/fr\/actualite\/national\/un-agent-de-securite-poignarde-devant-l-ambassade-du-bresil\/206688\/","og_site_name":"webdo","article_publisher":"https:\/\/www.facebook.com\/webdotn","article_published_time":"2023-06-19T11:28:00+00:00","article_modified_time":"2025-05-20T21:58:55+00:00","og_image":[{"width":660,"height":352,"url":"https:\/\/www.webdo.tn\/fr\/wp-content\/uploads\/2023\/06\/8759d9a32f5aeb0c6c6d57c4292a7a1b.jpg","type":"image\/jpeg"}],"author":"MC","twitter_card":"summary_large_image","twitter_creator":"@webdo_tn","twitter_site":"@webdo_tn","twitter_misc":{"\u00c9crit par":"MC","Dur\u00e9e de lecture estim\u00e9e":"1 minute"},"schema":{"@context":"https:\/\/schema.org","@graph":[{"@type":"NewsArticle","@id":"https:\/\/www.webdo.tn\/fr\/actualite\/national\/un-agent-de-securite-poignarde-devant-l-ambassade-du-bresil\/206688\/#article","isPartOf":{"@id":"https:\/\/www.webdo.tn\/fr\/actualite\/national\/un-agent-de-securite-poignarde-devant-l-ambassade-du-bresil\/206688\/"},"author":{"name":"MC","@id":"https:\/\/www.webdo.tn\/fr\/#\/schema\/person\/2c4929cbf5a809e3bd38617c6ce150f6"},"headline":"Un agent de s\u00e9curit\u00e9 poignard\u00e9 devant l\u2019ambassade du Br\u00e9sil","datePublished":"2023-06-19T11:28:00+00:00","dateModified":"2025-05-20T21:58:55+00:00","mainEntityOfPage":{"@id":"https:\/\/www.webdo.tn\/fr\/actualite\/national\/un-agent-de-securite-poignarde-devant-l-ambassade-du-bresil\/206688\/"},"wordCount":113,"commentCount":0,"publisher":{"@id":"https:\/\/www.webdo.tn\/fr\/#organization"},"image":{"@id":"https:\/\/www.webdo.tn\/fr\/actualite\/national\/un-agent-de-securite-poignarde-devant-l-ambassade-du-bresil\/206688\/#primaryimage"},"thumbnailUrl":"https:\/\/www.webdo.tn\/fr\/wp-content\/uploads\/2023\/06\/8759d9a32f5aeb0c6c6d57c4292a7a1b.jpg","keywords":["agent","ambassade","bless\u00e9","Br\u00e9sil"],"articleSection":["National"],"inLanguage":"fr-FR"},{"@type":"WebPage","@id":"https:\/\/www.webdo.tn\/fr\/actualite\/national\/un-agent-de-securite-poignarde-devant-l-ambassade-du-bresil\/206688\/","url":"https:\/\/www.webdo.tn\/fr\/actualite\/national\/un-agent-de-securite-poignarde-devant-l-ambassade-du-bresil\/206688\/","name":"Un agent de s\u00e9curit\u00e9 poignard\u00e9 devant l\u2019ambassade du Br\u00e9sil","isPartOf":{"@id":"https:\/\/www.webdo.tn\/fr\/#website"},"primaryImageOfPage":{"@id":"https:\/\/www.webdo.tn\/fr\/actualite\/national\/un-agent-de-securite-poignarde-devant-l-ambassade-du-bresil\/206688\/#primaryimage"},"image":{"@id":"https:\/\/www.webdo.tn\/fr\/actualite\/national\/un-agent-de-securite-poignarde-devant-l-ambassade-du-bresil\/206688\/#primaryimage"},"thumbnailUrl":"https:\/\/www.webdo.tn\/fr\/wp-content\/uploads\/2023\/06\/8759d9a32f5aeb0c6c6d57c4292a7a1b.jpg","datePublished":"2023-06-19T11:28:00+00:00","dateModified":"2025-05-20T21:58:55+00:00","description":"Un agent de s\u00e9curit\u00e9 appartenant au service charg\u00e9 d\u2019assurer la s\u00e9curit\u00e9 de l\u2019ambassade du Br\u00e9sil, a \u00e9t\u00e9 poignard\u00e9 aujourd\u2019hui","breadcrumb":{"@id":"https:\/\/www.webdo.tn\/fr\/actualite\/national\/un-agent-de-securite-poignarde-devant-l-ambassade-du-bresil\/206688\/#breadcrumb"},"inLanguage":"fr-FR","potentialAction":[{"@type":"ReadAction","target":["https:\/\/www.webdo.tn\/fr\/actualite\/national\/un-agent-de-securite-poignarde-devant-l-ambassade-du-bresil\/206688\/"]}]},{"@type":"ImageObject","inLanguage":"fr-FR","@id":"https:\/\/www.webdo.tn\/fr\/actualite\/national\/un-agent-de-securite-poignarde-devant-l-ambassade-du-bresil\/206688\/#primaryimage","url":"https:\/\/www.webdo.tn\/fr\/wp-content\/uploads\/2023\/06\/8759d9a32f5aeb0c6c6d57c4292a7a1b.jpg","contentUrl":"https:\/\/www.webdo.tn\/fr\/wp-content\/uploads\/2023\/06\/8759d9a32f5aeb0c6c6d57c4292a7a1b.jpg","width":660,"height":352,"caption":"Un agent de s\u00e9curit\u00e9 poignard\u00e9 devant l\u2019ambassade du Br\u00e9sil"},{"@type":"BreadcrumbList","@id":"https:\/\/www.webdo.tn\/fr\/actualite\/national\/un-agent-de-securite-poignarde-devant-l-ambassade-du-bresil\/206688\/#breadcrumb","itemListElement":[{"@type":"ListItem","position":1,"name":"Accueil","item":"https:\/\/www.webdo.tn\/fr\/"},{"@type":"ListItem","position":2,"name":"Un agent de s\u00e9curit\u00e9 poignard\u00e9 devant l\u2019ambassade du Br\u00e9sil"}]},{"@type":"WebSite","@id":"https:\/\/www.webdo.tn\/fr\/#website","url":"https:\/\/www.webdo.tn\/fr\/","name":"webdo","description":"Tunisie - News en Tunisie et \u00e0 l&#039;international sur Webdo.tn","publisher":{"@id":"https:\/\/www.webdo.tn\/fr\/#organization"},"potentialAction":[{"@type":"SearchAction","target":{"@type":"EntryPoint","urlTemplate":"https:\/\/www.webdo.tn\/fr\/?s={search_term_string}"},"query-input":{"@type":"PropertyValueSpecification","valueRequired":true,"valueName":"search_term_string"}}],"inLanguage":"fr-FR"},{"@type":"Organization","@id":"https:\/\/www.webdo.tn\/fr\/#organization","name":"Webdo","alternateName":"Webdo.tn","url":"https:\/\/www.webdo.tn\/fr\/","logo":{"@type":"ImageObject","inLanguage":"fr-FR","@id":"https:\/\/www.webdo.tn\/fr\/#\/schema\/logo\/image\/","url":"https:\/\/www.webdo.tn\/fr\/wp-content\/uploads\/2025\/06\/Webdo-Tunisie_168377.jpg","contentUrl":"https:\/\/www.webdo.tn\/fr\/wp-content\/uploads\/2025\/06\/Webdo-Tunisie_168377.jpg","width":301,"height":301,"caption":"Webdo"},"image":{"@id":"https:\/\/www.webdo.tn\/fr\/#\/schema\/logo\/image\/"},"sameAs":["https:\/\/www.facebook.com\/webdotn","https:\/\/x.com\/webdo_tn"],"description":"Webdo est un m\u00e9dia num\u00e9rique tunisien fond\u00e9 en 2010, sp\u00e9cialis\u00e9 dans l\u2019actualit\u00e9 nationale et internationale, l\u2019\u00e9conomie, la soci\u00e9t\u00e9 et les analyses politiques. Le site s\u2019adresse \u00e0 un large public francophone et couvre l\u2019information tunisienne en temps r\u00e9el.","email":"redac@webdo.tn","legalName":"YNJ SARL","foundingDate":"2010-09-06","numberOfEmployees":{"@type":"QuantitativeValue","minValue":"11","maxValue":"50"}},{"@type":"Person","@id":"https:\/\/www.webdo.tn\/fr\/#\/schema\/person\/2c4929cbf5a809e3bd38617c6ce150f6","name":"MC","image":{"@type":"ImageObject","inLanguage":"fr-FR","@id":"https:\/\/secure.gravatar.com\/avatar\/a545bbb6f84efdd5553dbbc2895e3ca8f1d12c5215e00a041c9670b54aa9b18a?s=96&d=mm&r=g","url":"https:\/\/secure.gravatar.com\/avatar\/a545bbb6f84efdd5553dbbc2895e3ca8f1d12c5215e00a041c9670b54aa9b18a?s=96&d=mm&r=g","contentUrl":"https:\/\/secure.gravatar.com\/avatar\/a545bbb6f84efdd5553dbbc2895e3ca8f1d12c5215e00a041c9670b54aa9b18a?s=96&d=mm&r=g","caption":"MC"},"url":"https:\/\/www.webdo.tn\/fr\/actualite\/author\/mc\/"}]}},"_links":{"self":[{"href":"https:\/\/www.webdo.tn\/fr\/wp-json\/wp\/v2\/posts\/206688","targetHints":{"allow":["GET"]}}],"collection":[{"href":"https:\/\/www.webdo.tn\/fr\/wp-json\/wp\/v2\/posts"}],"about":[{"href":"https:\/\/www.webdo.tn\/fr\/wp-json\/wp\/v2\/types\/post"}],"author":[{"embeddable":true,"href":"https:\/\/www.webdo.tn\/fr\/wp-json\/wp\/v2\/users\/3162"}],"replies":[{"embeddable":true,"href":"https:\/\/www.webdo.tn\/fr\/wp-json\/wp\/v2\/comments?post=206688"}],"version-history":[{"count":0,"href":"https:\/\/www.webdo.tn\/fr\/wp-json\/wp\/v2\/posts\/206688\/revisions"}],"wp:featuredmedia":[{"embeddable":true,"href":"https:\/\/www.webdo.tn\/fr\/wp-json\/wp\/v2\/media\/249932"}],"wp:attachment":[{"href":"https:\/\/www.webdo.tn\/fr\/wp-json\/wp\/v2\/media?parent=206688"}],"wp:term":[{"taxonomy":"category","embeddable":true,"href":"https:\/\/www.webdo.tn\/fr\/wp-json\/wp\/v2\/categories?post=206688"},{"taxonomy":"post_tag","embeddable":true,"href":"https:\/\/www.webdo.tn\/fr\/wp-json\/wp\/v2\/tags?post=206688"}],"curies":[{"name":"wp","href":"https:\/\/api.w.org\/{rel}","templated":true}]}}