{"id":206671,"date":"2023-06-18T11:06:00","date_gmt":"2023-06-18T11:06:00","guid":{"rendered":"https:\/\/www.webdo.tn\/fr\/blog\/la-detention-de-ali-laarayedh-prolongee-de-quatre-mois\/206671\/"},"modified":"2025-05-20T22:42:43","modified_gmt":"2025-05-20T22:42:43","slug":"la-detention-de-ali-laarayedh-prolongee-de-quatre-mois","status":"publish","type":"post","link":"https:\/\/www.webdo.tn\/fr\/actualite\/national\/la-detention-de-ali-laarayedh-prolongee-de-quatre-mois\/206671\/","title":{"rendered":"La d\u00e9tention de Ali La\u00e2rayedh prolong\u00e9e de quatre mois"},"content":{"rendered":"<p>La d\u00e9tention du dirigeant au sein d\u2019Ennahdha Ali La\u00e2rayedh a \u00e9t\u00e9 prolong\u00e9e de quatre mois, dans le cadre de l\u2019affaire d\u2019envoi de jeunes dans les lieux de tension.<\/p>\n<p>\t\t\t\t\t\t\t\t\tEn effet, selon Mosa\u00efque FM le premier c\u2019est le juge d\u2019instruction aupr\u00e8s du P\u00f4le judiciaire antiterroriste, charg\u00e9 de l\u2019enqu\u00eate sur les r\u00e9seaux d\u2019envoi des jeunes aux foyers de tension, qui a d\u00e9cid\u00e9 de prolonger la d\u00e9tention du dirigeant du mouvement Ennahdha Ali La\u00e2rayedh, de quatre mois.<\/p>\n<p>Le 19 d\u00e9cembre dernier, le juge d\u2019instruction avait \u00e9mis un mandat de d\u00e9p\u00f4t, d\u2019une dur\u00e9e de six mois renouvelables, \u00e0 l\u2019encontre de La\u00e2rayedh, le 19 d\u00e9cembre dernier.<\/p>\n","protected":false},"excerpt":{"rendered":"<p>La d\u00e9tention du dirigeant au sein d\u2019Ennahdha Ali La\u00e2rayedh a \u00e9t\u00e9 prolong\u00e9e de quatre mois, dans le cadre de l\u2019affaire d\u2019envoi de jeunes dans les lieux de tensio&#8230;<\/p>\n","protected":false},"author":3175,"featured_media":249952,"comment_status":"open","ping_status":"closed","sticky":false,"template":"","format":"standard","meta":{"footnotes":""},"categories":[44],"tags":[3694,3286,2608],"class_list":["post-206671","post","type-post","status-publish","format-standard","has-post-thumbnail","hentry","category-national","tag-ali-laarayedh","tag-detention","tag-tunisie"],"yoast_head":"<!-- This site is optimized with the Yoast SEO Premium plugin v27.5 (Yoast SEO v27.5) - https:\/\/yoast.com\/product\/yoast-seo-premium-wordpress\/ -->\n<title>La d\u00e9tention de Ali La\u00e2rayedh prolong\u00e9e de quatre mois<\/title>\n<meta name=\"description\" content=\"La d\u00e9tention du dirigeant au sein d\u2019Ennahdha Ali La\u00e2rayedh a \u00e9t\u00e9 prolong\u00e9e de quatre mois, dans le cadre de l\u2019affaire d\u2019envoi de jeunes dans les lieux de tensio...\" \/>\n<link rel=\"canonical\" href=\"https:\/\/www.webdo.tn\/fr\/actualite\/national\/la-detention-de-ali-laarayedh-prolongee-de-quatre-mois\/206671\/\" \/>\n<meta property=\"og:locale\" content=\"fr_FR\" \/>\n<meta property=\"og:type\" content=\"article\" \/>\n<meta property=\"og:title\" content=\"La d\u00e9tention de Ali La\u00e2rayedh prolong\u00e9e de quatre mois\" \/>\n<meta property=\"og:description\" content=\"La d\u00e9tention du dirigeant au sein d\u2019Ennahdha Ali La\u00e2rayedh a \u00e9t\u00e9 prolong\u00e9e de quatre mois, dans le cadre de l\u2019affaire d\u2019envoi de jeunes dans les lieux de tensio...\" \/>\n<meta property=\"og:url\" content=\"https:\/\/www.webdo.tn\/fr\/actualite\/national\/la-detention-de-ali-laarayedh-prolongee-de-quatre-mois\/206671\/\" \/>\n<meta property=\"og:site_name\" content=\"webdo\" \/>\n<meta property=\"article:publisher\" content=\"https:\/\/www.facebook.com\/webdotn\" \/>\n<meta property=\"article:published_time\" content=\"2023-06-18T11:06:00+00:00\" \/>\n<meta property=\"article:modified_time\" content=\"2025-05-20T22:42:43+00:00\" \/>\n<meta property=\"og:image\" content=\"https:\/\/www.webdo.tn\/fr\/wp-content\/uploads\/2023\/06\/ba00cd13a3077d1795eba250816339c8.jpg\" \/>\n\t<meta property=\"og:image:width\" content=\"750\" \/>\n\t<meta property=\"og:image:height\" content=\"400\" \/>\n\t<meta property=\"og:image:type\" content=\"image\/jpeg\" \/>\n<meta name=\"author\" content=\"CL\" \/>\n<meta name=\"twitter:card\" content=\"summary_large_image\" \/>\n<meta name=\"twitter:creator\" content=\"@webdo_tn\" \/>\n<meta name=\"twitter:site\" content=\"@webdo_tn\" \/>\n<meta name=\"twitter:label1\" content=\"\u00c9crit par\" \/>\n\t<meta name=\"twitter:data1\" content=\"CL\" \/>\n\t<meta name=\"twitter:label2\" content=\"Dur\u00e9e de lecture estim\u00e9e\" \/>\n\t<meta name=\"twitter:data2\" content=\"1 minute\" \/>\n<script type=\"application\/ld+json\" class=\"yoast-schema-graph\">{\"@context\":\"https:\\\/\\\/schema.org\",\"@graph\":[{\"@type\":\"NewsArticle\",\"@id\":\"https:\\\/\\\/www.webdo.tn\\\/fr\\\/actualite\\\/national\\\/la-detention-de-ali-laarayedh-prolongee-de-quatre-mois\\\/206671\\\/#article\",\"isPartOf\":{\"@id\":\"https:\\\/\\\/www.webdo.tn\\\/fr\\\/actualite\\\/national\\\/la-detention-de-ali-laarayedh-prolongee-de-quatre-mois\\\/206671\\\/\"},\"author\":{\"name\":\"CL\",\"@id\":\"https:\\\/\\\/www.webdo.tn\\\/fr\\\/#\\\/schema\\\/person\\\/f35b42a42c5e2511bbd282959d6385cc\"},\"headline\":\"La d\u00e9tention de Ali La\u00e2rayedh prolong\u00e9e de quatre mois\",\"datePublished\":\"2023-06-18T11:06:00+00:00\",\"dateModified\":\"2025-05-20T22:42:43+00:00\",\"mainEntityOfPage\":{\"@id\":\"https:\\\/\\\/www.webdo.tn\\\/fr\\\/actualite\\\/national\\\/la-detention-de-ali-laarayedh-prolongee-de-quatre-mois\\\/206671\\\/\"},\"wordCount\":137,\"commentCount\":0,\"publisher\":{\"@id\":\"https:\\\/\\\/www.webdo.tn\\\/fr\\\/#organization\"},\"image\":{\"@id\":\"https:\\\/\\\/www.webdo.tn\\\/fr\\\/actualite\\\/national\\\/la-detention-de-ali-laarayedh-prolongee-de-quatre-mois\\\/206671\\\/#primaryimage\"},\"thumbnailUrl\":\"https:\\\/\\\/www.webdo.tn\\\/fr\\\/wp-content\\\/uploads\\\/2023\\\/06\\\/ba00cd13a3077d1795eba250816339c8.jpg\",\"keywords\":[\"Ali La\u00e2rayedh\",\"d\u00e9tention\",\"Tunisie\"],\"articleSection\":[\"National\"],\"inLanguage\":\"fr-FR\"},{\"@type\":\"WebPage\",\"@id\":\"https:\\\/\\\/www.webdo.tn\\\/fr\\\/actualite\\\/national\\\/la-detention-de-ali-laarayedh-prolongee-de-quatre-mois\\\/206671\\\/\",\"url\":\"https:\\\/\\\/www.webdo.tn\\\/fr\\\/actualite\\\/national\\\/la-detention-de-ali-laarayedh-prolongee-de-quatre-mois\\\/206671\\\/\",\"name\":\"La d\u00e9tention de Ali La\u00e2rayedh prolong\u00e9e de quatre mois\",\"isPartOf\":{\"@id\":\"https:\\\/\\\/www.webdo.tn\\\/fr\\\/#website\"},\"primaryImageOfPage\":{\"@id\":\"https:\\\/\\\/www.webdo.tn\\\/fr\\\/actualite\\\/national\\\/la-detention-de-ali-laarayedh-prolongee-de-quatre-mois\\\/206671\\\/#primaryimage\"},\"image\":{\"@id\":\"https:\\\/\\\/www.webdo.tn\\\/fr\\\/actualite\\\/national\\\/la-detention-de-ali-laarayedh-prolongee-de-quatre-mois\\\/206671\\\/#primaryimage\"},\"thumbnailUrl\":\"https:\\\/\\\/www.webdo.tn\\\/fr\\\/wp-content\\\/uploads\\\/2023\\\/06\\\/ba00cd13a3077d1795eba250816339c8.jpg\",\"datePublished\":\"2023-06-18T11:06:00+00:00\",\"dateModified\":\"2025-05-20T22:42:43+00:00\",\"description\":\"La d\u00e9tention du dirigeant au sein d\u2019Ennahdha Ali La\u00e2rayedh a \u00e9t\u00e9 prolong\u00e9e de quatre mois, dans le cadre de l\u2019affaire d\u2019envoi de jeunes dans les lieux de tensio...\",\"breadcrumb\":{\"@id\":\"https:\\\/\\\/www.webdo.tn\\\/fr\\\/actualite\\\/national\\\/la-detention-de-ali-laarayedh-prolongee-de-quatre-mois\\\/206671\\\/#breadcrumb\"},\"inLanguage\":\"fr-FR\",\"potentialAction\":[{\"@type\":\"ReadAction\",\"target\":[\"https:\\\/\\\/www.webdo.tn\\\/fr\\\/actualite\\\/national\\\/la-detention-de-ali-laarayedh-prolongee-de-quatre-mois\\\/206671\\\/\"]}]},{\"@type\":\"ImageObject\",\"inLanguage\":\"fr-FR\",\"@id\":\"https:\\\/\\\/www.webdo.tn\\\/fr\\\/actualite\\\/national\\\/la-detention-de-ali-laarayedh-prolongee-de-quatre-mois\\\/206671\\\/#primaryimage\",\"url\":\"https:\\\/\\\/www.webdo.tn\\\/fr\\\/wp-content\\\/uploads\\\/2023\\\/06\\\/ba00cd13a3077d1795eba250816339c8.jpg\",\"contentUrl\":\"https:\\\/\\\/www.webdo.tn\\\/fr\\\/wp-content\\\/uploads\\\/2023\\\/06\\\/ba00cd13a3077d1795eba250816339c8.jpg\",\"width\":750,\"height\":400,\"caption\":\"La d\u00e9tention de Ali La\u00e2rayedh prolong\u00e9e de quatre mois\"},{\"@type\":\"BreadcrumbList\",\"@id\":\"https:\\\/\\\/www.webdo.tn\\\/fr\\\/actualite\\\/national\\\/la-detention-de-ali-laarayedh-prolongee-de-quatre-mois\\\/206671\\\/#breadcrumb\",\"itemListElement\":[{\"@type\":\"ListItem\",\"position\":1,\"name\":\"Accueil\",\"item\":\"https:\\\/\\\/www.webdo.tn\\\/fr\\\/\"},{\"@type\":\"ListItem\",\"position\":2,\"name\":\"La d\u00e9tention de Ali La\u00e2rayedh prolong\u00e9e de quatre mois\"}]},{\"@type\":\"WebSite\",\"@id\":\"https:\\\/\\\/www.webdo.tn\\\/fr\\\/#website\",\"url\":\"https:\\\/\\\/www.webdo.tn\\\/fr\\\/\",\"name\":\"webdo\",\"description\":\"Tunisie - News en Tunisie et \u00e0 l&#039;international sur Webdo.tn\",\"publisher\":{\"@id\":\"https:\\\/\\\/www.webdo.tn\\\/fr\\\/#organization\"},\"potentialAction\":[{\"@type\":\"SearchAction\",\"target\":{\"@type\":\"EntryPoint\",\"urlTemplate\":\"https:\\\/\\\/www.webdo.tn\\\/fr\\\/?s={search_term_string}\"},\"query-input\":{\"@type\":\"PropertyValueSpecification\",\"valueRequired\":true,\"valueName\":\"search_term_string\"}}],\"inLanguage\":\"fr-FR\"},{\"@type\":\"Organization\",\"@id\":\"https:\\\/\\\/www.webdo.tn\\\/fr\\\/#organization\",\"name\":\"Webdo\",\"alternateName\":\"Webdo.tn\",\"url\":\"https:\\\/\\\/www.webdo.tn\\\/fr\\\/\",\"logo\":{\"@type\":\"ImageObject\",\"inLanguage\":\"fr-FR\",\"@id\":\"https:\\\/\\\/www.webdo.tn\\\/fr\\\/#\\\/schema\\\/logo\\\/image\\\/\",\"url\":\"https:\\\/\\\/www.webdo.tn\\\/fr\\\/wp-content\\\/uploads\\\/2025\\\/06\\\/Webdo-Tunisie_168377.jpg\",\"contentUrl\":\"https:\\\/\\\/www.webdo.tn\\\/fr\\\/wp-content\\\/uploads\\\/2025\\\/06\\\/Webdo-Tunisie_168377.jpg\",\"width\":301,\"height\":301,\"caption\":\"Webdo\"},\"image\":{\"@id\":\"https:\\\/\\\/www.webdo.tn\\\/fr\\\/#\\\/schema\\\/logo\\\/image\\\/\"},\"sameAs\":[\"https:\\\/\\\/www.facebook.com\\\/webdotn\",\"https:\\\/\\\/x.com\\\/webdo_tn\"],\"description\":\"Webdo est un m\u00e9dia num\u00e9rique tunisien fond\u00e9 en 2010, sp\u00e9cialis\u00e9 dans l\u2019actualit\u00e9 nationale et internationale, l\u2019\u00e9conomie, la soci\u00e9t\u00e9 et les analyses politiques. Le site s\u2019adresse \u00e0 un large public francophone et couvre l\u2019information tunisienne en temps r\u00e9el.\",\"email\":\"redac@webdo.tn\",\"legalName\":\"YNJ SARL\",\"foundingDate\":\"2010-09-06\",\"numberOfEmployees\":{\"@type\":\"QuantitativeValue\",\"minValue\":\"11\",\"maxValue\":\"50\"}},{\"@type\":\"Person\",\"@id\":\"https:\\\/\\\/www.webdo.tn\\\/fr\\\/#\\\/schema\\\/person\\\/f35b42a42c5e2511bbd282959d6385cc\",\"name\":\"CL\",\"image\":{\"@type\":\"ImageObject\",\"inLanguage\":\"fr-FR\",\"@id\":\"https:\\\/\\\/secure.gravatar.com\\\/avatar\\\/1447a49909b67aa657c488aec6512e1dd6143a480c1ecfee9b5b5cd74eb3b59e?s=96&d=mm&r=g\",\"url\":\"https:\\\/\\\/secure.gravatar.com\\\/avatar\\\/1447a49909b67aa657c488aec6512e1dd6143a480c1ecfee9b5b5cd74eb3b59e?s=96&d=mm&r=g\",\"contentUrl\":\"https:\\\/\\\/secure.gravatar.com\\\/avatar\\\/1447a49909b67aa657c488aec6512e1dd6143a480c1ecfee9b5b5cd74eb3b59e?s=96&d=mm&r=g\",\"caption\":\"CL\"},\"url\":\"https:\\\/\\\/www.webdo.tn\\\/fr\\\/actualite\\\/author\\\/cl\\\/\"}]}<\/script>\n<!-- \/ Yoast SEO Premium plugin. -->","yoast_head_json":{"title":"La d\u00e9tention de Ali La\u00e2rayedh prolong\u00e9e de quatre mois","description":"La d\u00e9tention du dirigeant au sein d\u2019Ennahdha Ali La\u00e2rayedh a \u00e9t\u00e9 prolong\u00e9e de quatre mois, dans le cadre de l\u2019affaire d\u2019envoi de jeunes dans les lieux de tensio...","canonical":"https:\/\/www.webdo.tn\/fr\/actualite\/national\/la-detention-de-ali-laarayedh-prolongee-de-quatre-mois\/206671\/","og_locale":"fr_FR","og_type":"article","og_title":"La d\u00e9tention de Ali La\u00e2rayedh prolong\u00e9e de quatre mois","og_description":"La d\u00e9tention du dirigeant au sein d\u2019Ennahdha Ali La\u00e2rayedh a \u00e9t\u00e9 prolong\u00e9e de quatre mois, dans le cadre de l\u2019affaire d\u2019envoi de jeunes dans les lieux de tensio...","og_url":"https:\/\/www.webdo.tn\/fr\/actualite\/national\/la-detention-de-ali-laarayedh-prolongee-de-quatre-mois\/206671\/","og_site_name":"webdo","article_publisher":"https:\/\/www.facebook.com\/webdotn","article_published_time":"2023-06-18T11:06:00+00:00","article_modified_time":"2025-05-20T22:42:43+00:00","og_image":[{"width":750,"height":400,"url":"https:\/\/www.webdo.tn\/fr\/wp-content\/uploads\/2023\/06\/ba00cd13a3077d1795eba250816339c8.jpg","type":"image\/jpeg"}],"author":"CL","twitter_card":"summary_large_image","twitter_creator":"@webdo_tn","twitter_site":"@webdo_tn","twitter_misc":{"\u00c9crit par":"CL","Dur\u00e9e de lecture estim\u00e9e":"1 minute"},"schema":{"@context":"https:\/\/schema.org","@graph":[{"@type":"NewsArticle","@id":"https:\/\/www.webdo.tn\/fr\/actualite\/national\/la-detention-de-ali-laarayedh-prolongee-de-quatre-mois\/206671\/#article","isPartOf":{"@id":"https:\/\/www.webdo.tn\/fr\/actualite\/national\/la-detention-de-ali-laarayedh-prolongee-de-quatre-mois\/206671\/"},"author":{"name":"CL","@id":"https:\/\/www.webdo.tn\/fr\/#\/schema\/person\/f35b42a42c5e2511bbd282959d6385cc"},"headline":"La d\u00e9tention de Ali La\u00e2rayedh prolong\u00e9e de quatre mois","datePublished":"2023-06-18T11:06:00+00:00","dateModified":"2025-05-20T22:42:43+00:00","mainEntityOfPage":{"@id":"https:\/\/www.webdo.tn\/fr\/actualite\/national\/la-detention-de-ali-laarayedh-prolongee-de-quatre-mois\/206671\/"},"wordCount":137,"commentCount":0,"publisher":{"@id":"https:\/\/www.webdo.tn\/fr\/#organization"},"image":{"@id":"https:\/\/www.webdo.tn\/fr\/actualite\/national\/la-detention-de-ali-laarayedh-prolongee-de-quatre-mois\/206671\/#primaryimage"},"thumbnailUrl":"https:\/\/www.webdo.tn\/fr\/wp-content\/uploads\/2023\/06\/ba00cd13a3077d1795eba250816339c8.jpg","keywords":["Ali La\u00e2rayedh","d\u00e9tention","Tunisie"],"articleSection":["National"],"inLanguage":"fr-FR"},{"@type":"WebPage","@id":"https:\/\/www.webdo.tn\/fr\/actualite\/national\/la-detention-de-ali-laarayedh-prolongee-de-quatre-mois\/206671\/","url":"https:\/\/www.webdo.tn\/fr\/actualite\/national\/la-detention-de-ali-laarayedh-prolongee-de-quatre-mois\/206671\/","name":"La d\u00e9tention de Ali La\u00e2rayedh prolong\u00e9e de quatre mois","isPartOf":{"@id":"https:\/\/www.webdo.tn\/fr\/#website"},"primaryImageOfPage":{"@id":"https:\/\/www.webdo.tn\/fr\/actualite\/national\/la-detention-de-ali-laarayedh-prolongee-de-quatre-mois\/206671\/#primaryimage"},"image":{"@id":"https:\/\/www.webdo.tn\/fr\/actualite\/national\/la-detention-de-ali-laarayedh-prolongee-de-quatre-mois\/206671\/#primaryimage"},"thumbnailUrl":"https:\/\/www.webdo.tn\/fr\/wp-content\/uploads\/2023\/06\/ba00cd13a3077d1795eba250816339c8.jpg","datePublished":"2023-06-18T11:06:00+00:00","dateModified":"2025-05-20T22:42:43+00:00","description":"La d\u00e9tention du dirigeant au sein d\u2019Ennahdha Ali La\u00e2rayedh a \u00e9t\u00e9 prolong\u00e9e de quatre mois, dans le cadre de l\u2019affaire d\u2019envoi de jeunes dans les lieux de tensio...","breadcrumb":{"@id":"https:\/\/www.webdo.tn\/fr\/actualite\/national\/la-detention-de-ali-laarayedh-prolongee-de-quatre-mois\/206671\/#breadcrumb"},"inLanguage":"fr-FR","potentialAction":[{"@type":"ReadAction","target":["https:\/\/www.webdo.tn\/fr\/actualite\/national\/la-detention-de-ali-laarayedh-prolongee-de-quatre-mois\/206671\/"]}]},{"@type":"ImageObject","inLanguage":"fr-FR","@id":"https:\/\/www.webdo.tn\/fr\/actualite\/national\/la-detention-de-ali-laarayedh-prolongee-de-quatre-mois\/206671\/#primaryimage","url":"https:\/\/www.webdo.tn\/fr\/wp-content\/uploads\/2023\/06\/ba00cd13a3077d1795eba250816339c8.jpg","contentUrl":"https:\/\/www.webdo.tn\/fr\/wp-content\/uploads\/2023\/06\/ba00cd13a3077d1795eba250816339c8.jpg","width":750,"height":400,"caption":"La d\u00e9tention de Ali La\u00e2rayedh prolong\u00e9e de quatre mois"},{"@type":"BreadcrumbList","@id":"https:\/\/www.webdo.tn\/fr\/actualite\/national\/la-detention-de-ali-laarayedh-prolongee-de-quatre-mois\/206671\/#breadcrumb","itemListElement":[{"@type":"ListItem","position":1,"name":"Accueil","item":"https:\/\/www.webdo.tn\/fr\/"},{"@type":"ListItem","position":2,"name":"La d\u00e9tention de Ali La\u00e2rayedh prolong\u00e9e de quatre mois"}]},{"@type":"WebSite","@id":"https:\/\/www.webdo.tn\/fr\/#website","url":"https:\/\/www.webdo.tn\/fr\/","name":"webdo","description":"Tunisie - News en Tunisie et \u00e0 l&#039;international sur Webdo.tn","publisher":{"@id":"https:\/\/www.webdo.tn\/fr\/#organization"},"potentialAction":[{"@type":"SearchAction","target":{"@type":"EntryPoint","urlTemplate":"https:\/\/www.webdo.tn\/fr\/?s={search_term_string}"},"query-input":{"@type":"PropertyValueSpecification","valueRequired":true,"valueName":"search_term_string"}}],"inLanguage":"fr-FR"},{"@type":"Organization","@id":"https:\/\/www.webdo.tn\/fr\/#organization","name":"Webdo","alternateName":"Webdo.tn","url":"https:\/\/www.webdo.tn\/fr\/","logo":{"@type":"ImageObject","inLanguage":"fr-FR","@id":"https:\/\/www.webdo.tn\/fr\/#\/schema\/logo\/image\/","url":"https:\/\/www.webdo.tn\/fr\/wp-content\/uploads\/2025\/06\/Webdo-Tunisie_168377.jpg","contentUrl":"https:\/\/www.webdo.tn\/fr\/wp-content\/uploads\/2025\/06\/Webdo-Tunisie_168377.jpg","width":301,"height":301,"caption":"Webdo"},"image":{"@id":"https:\/\/www.webdo.tn\/fr\/#\/schema\/logo\/image\/"},"sameAs":["https:\/\/www.facebook.com\/webdotn","https:\/\/x.com\/webdo_tn"],"description":"Webdo est un m\u00e9dia num\u00e9rique tunisien fond\u00e9 en 2010, sp\u00e9cialis\u00e9 dans l\u2019actualit\u00e9 nationale et internationale, l\u2019\u00e9conomie, la soci\u00e9t\u00e9 et les analyses politiques. Le site s\u2019adresse \u00e0 un large public francophone et couvre l\u2019information tunisienne en temps r\u00e9el.","email":"redac@webdo.tn","legalName":"YNJ SARL","foundingDate":"2010-09-06","numberOfEmployees":{"@type":"QuantitativeValue","minValue":"11","maxValue":"50"}},{"@type":"Person","@id":"https:\/\/www.webdo.tn\/fr\/#\/schema\/person\/f35b42a42c5e2511bbd282959d6385cc","name":"CL","image":{"@type":"ImageObject","inLanguage":"fr-FR","@id":"https:\/\/secure.gravatar.com\/avatar\/1447a49909b67aa657c488aec6512e1dd6143a480c1ecfee9b5b5cd74eb3b59e?s=96&d=mm&r=g","url":"https:\/\/secure.gravatar.com\/avatar\/1447a49909b67aa657c488aec6512e1dd6143a480c1ecfee9b5b5cd74eb3b59e?s=96&d=mm&r=g","contentUrl":"https:\/\/secure.gravatar.com\/avatar\/1447a49909b67aa657c488aec6512e1dd6143a480c1ecfee9b5b5cd74eb3b59e?s=96&d=mm&r=g","caption":"CL"},"url":"https:\/\/www.webdo.tn\/fr\/actualite\/author\/cl\/"}]}},"_links":{"self":[{"href":"https:\/\/www.webdo.tn\/fr\/wp-json\/wp\/v2\/posts\/206671","targetHints":{"allow":["GET"]}}],"collection":[{"href":"https:\/\/www.webdo.tn\/fr\/wp-json\/wp\/v2\/posts"}],"about":[{"href":"https:\/\/www.webdo.tn\/fr\/wp-json\/wp\/v2\/types\/post"}],"author":[{"embeddable":true,"href":"https:\/\/www.webdo.tn\/fr\/wp-json\/wp\/v2\/users\/3175"}],"replies":[{"embeddable":true,"href":"https:\/\/www.webdo.tn\/fr\/wp-json\/wp\/v2\/comments?post=206671"}],"version-history":[{"count":0,"href":"https:\/\/www.webdo.tn\/fr\/wp-json\/wp\/v2\/posts\/206671\/revisions"}],"wp:featuredmedia":[{"embeddable":true,"href":"https:\/\/www.webdo.tn\/fr\/wp-json\/wp\/v2\/media\/249952"}],"wp:attachment":[{"href":"https:\/\/www.webdo.tn\/fr\/wp-json\/wp\/v2\/media?parent=206671"}],"wp:term":[{"taxonomy":"category","embeddable":true,"href":"https:\/\/www.webdo.tn\/fr\/wp-json\/wp\/v2\/categories?post=206671"},{"taxonomy":"post_tag","embeddable":true,"href":"https:\/\/www.webdo.tn\/fr\/wp-json\/wp\/v2\/tags?post=206671"}],"curies":[{"name":"wp","href":"https:\/\/api.w.org\/{rel}","templated":true}]}}