{"id":206670,"date":"2023-06-18T10:37:00","date_gmt":"2023-06-18T10:37:00","guid":{"rendered":"https:\/\/www.webdo.tn\/fr\/blog\/sfax-la-tension-monte-entre-les-habitants-et-les-subsahariens\/206670\/"},"modified":"2025-05-20T22:42:42","modified_gmt":"2025-05-20T22:42:42","slug":"sfax-la-tension-monte-entre-les-habitants-et-les-subsahariens","status":"publish","type":"post","link":"https:\/\/www.webdo.tn\/fr\/actualite\/national\/sfax-la-tension-monte-entre-les-habitants-et-les-subsahariens\/206670\/","title":{"rendered":"Sfax : La tension monte entre les habitants et les Subsahariens"},"content":{"rendered":"<p>Alors que le pr\u00e9sident de la R\u00e9publique \u00e9tait en d\u00e9placement \u00e0 Sfax o\u00f9 il a mis l\u2019accent sur la n\u00e9cessit\u00e9 d\u2019appliquer la loi tout en respectant les droits humains concernant le dossier des migrants subsahariens, ce dimanche 18 juin 2023, la tension est mont\u00e9e d\u2019un cran.<\/p>\n<p>\t\t\t\t\t\t\t\t\tEn effet, depuis la nuit d\u2019hier samedi, des affrontements ont eu lieu entre les habitants et des migrants Subsahariens, un jet de pierre et des bagarres ont \u00e9t\u00e9 observ\u00e9s, selon Mosa\u00efque FM.\u00a0<\/p>\n<p>Au fait, les Sfaxiens ont protest\u00e9 contre la pr\u00e9sence massive de ces migrants et la nuisance qu\u2019ils causent \u00e0 Sfax, appelant les autorit\u00e9s \u00e0 intervenir.\u00a0<\/p>\n<p>Rappelons que le pr\u00e9sident de la R\u00e9publique, Ka\u00efs Sa\u00efed a effectu\u00e9, samedi 10 juin 2023, une visite inopin\u00e9e \u00e0 la ville de Sfax, pour revenir sur le dossier migratoire.<\/p>\n","protected":false},"excerpt":{"rendered":"<p>Alors que le pr\u00e9sident de la R\u00e9publique \u00e9tait en d\u00e9placement \u00e0 Sfax o\u00f9 il a mis l\u2019accent sur la n\u00e9cessit\u00e9 d\u2019appliquer la loi tout en respectant les droits humai&#8230;<\/p>\n","protected":false},"author":3175,"featured_media":249951,"comment_status":"open","ping_status":"closed","sticky":false,"template":"","format":"standard","meta":{"footnotes":""},"categories":[44],"tags":[2675,3377,2608],"class_list":["post-206670","post","type-post","status-publish","format-standard","has-post-thumbnail","hentry","category-national","tag-sfax","tag-subsahariens","tag-tunisie"],"yoast_head":"<!-- This site is optimized with the Yoast SEO Premium plugin v27.4 (Yoast SEO v27.4) - https:\/\/yoast.com\/product\/yoast-seo-premium-wordpress\/ -->\n<title>Sfax : La tension monte entre les habitants et les Subsahariens<\/title>\n<meta name=\"description\" content=\"Alors que le pr\u00e9sident de la R\u00e9publique \u00e9tait en d\u00e9placement \u00e0 Sfax o\u00f9 il a mis l\u2019accent sur la n\u00e9cessit\u00e9 d\u2019appliquer la loi tout en respectant les droits humai...\" \/>\n<link rel=\"canonical\" href=\"https:\/\/www.webdo.tn\/fr\/actualite\/national\/sfax-la-tension-monte-entre-les-habitants-et-les-subsahariens\/206670\/\" \/>\n<meta property=\"og:locale\" content=\"fr_FR\" \/>\n<meta property=\"og:type\" content=\"article\" \/>\n<meta property=\"og:title\" content=\"Sfax : La tension monte entre les habitants et les Subsahariens\" \/>\n<meta property=\"og:description\" content=\"Alors que le pr\u00e9sident de la R\u00e9publique \u00e9tait en d\u00e9placement \u00e0 Sfax o\u00f9 il a mis l\u2019accent sur la n\u00e9cessit\u00e9 d\u2019appliquer la loi tout en respectant les droits humai...\" \/>\n<meta property=\"og:url\" content=\"https:\/\/www.webdo.tn\/fr\/actualite\/national\/sfax-la-tension-monte-entre-les-habitants-et-les-subsahariens\/206670\/\" \/>\n<meta property=\"og:site_name\" content=\"webdo\" \/>\n<meta property=\"article:publisher\" content=\"https:\/\/www.facebook.com\/webdotn\" \/>\n<meta property=\"article:published_time\" content=\"2023-06-18T10:37:00+00:00\" \/>\n<meta property=\"article:modified_time\" content=\"2025-05-20T22:42:42+00:00\" \/>\n<meta property=\"og:image\" content=\"https:\/\/www.webdo.tn\/fr\/wp-content\/uploads\/2023\/06\/fc4e70c3e682b8a942298b955f40283d.jpg\" \/>\n\t<meta property=\"og:image:width\" content=\"750\" \/>\n\t<meta property=\"og:image:height\" content=\"400\" \/>\n\t<meta property=\"og:image:type\" content=\"image\/jpeg\" \/>\n<meta name=\"author\" content=\"CL\" \/>\n<meta name=\"twitter:card\" content=\"summary_large_image\" \/>\n<meta name=\"twitter:creator\" content=\"@webdo_tn\" \/>\n<meta name=\"twitter:site\" content=\"@webdo_tn\" \/>\n<meta name=\"twitter:label1\" content=\"\u00c9crit par\" \/>\n\t<meta name=\"twitter:data1\" content=\"CL\" \/>\n\t<meta name=\"twitter:label2\" content=\"Dur\u00e9e de lecture estim\u00e9e\" \/>\n\t<meta name=\"twitter:data2\" content=\"1 minute\" \/>\n<script type=\"application\/ld+json\" class=\"yoast-schema-graph\">{\"@context\":\"https:\\\/\\\/schema.org\",\"@graph\":[{\"@type\":\"NewsArticle\",\"@id\":\"https:\\\/\\\/www.webdo.tn\\\/fr\\\/actualite\\\/national\\\/sfax-la-tension-monte-entre-les-habitants-et-les-subsahariens\\\/206670\\\/#article\",\"isPartOf\":{\"@id\":\"https:\\\/\\\/www.webdo.tn\\\/fr\\\/actualite\\\/national\\\/sfax-la-tension-monte-entre-les-habitants-et-les-subsahariens\\\/206670\\\/\"},\"author\":{\"name\":\"CL\",\"@id\":\"https:\\\/\\\/www.webdo.tn\\\/fr\\\/#\\\/schema\\\/person\\\/f35b42a42c5e2511bbd282959d6385cc\"},\"headline\":\"Sfax : La tension monte entre les habitants et les Subsahariens\",\"datePublished\":\"2023-06-18T10:37:00+00:00\",\"dateModified\":\"2025-05-20T22:42:42+00:00\",\"mainEntityOfPage\":{\"@id\":\"https:\\\/\\\/www.webdo.tn\\\/fr\\\/actualite\\\/national\\\/sfax-la-tension-monte-entre-les-habitants-et-les-subsahariens\\\/206670\\\/\"},\"wordCount\":153,\"commentCount\":0,\"publisher\":{\"@id\":\"https:\\\/\\\/www.webdo.tn\\\/fr\\\/#organization\"},\"image\":{\"@id\":\"https:\\\/\\\/www.webdo.tn\\\/fr\\\/actualite\\\/national\\\/sfax-la-tension-monte-entre-les-habitants-et-les-subsahariens\\\/206670\\\/#primaryimage\"},\"thumbnailUrl\":\"https:\\\/\\\/www.webdo.tn\\\/fr\\\/wp-content\\\/uploads\\\/2023\\\/06\\\/fc4e70c3e682b8a942298b955f40283d.jpg\",\"keywords\":[\"Sfax\",\"Subsahariens\",\"Tunisie\"],\"articleSection\":[\"National\"],\"inLanguage\":\"fr-FR\"},{\"@type\":\"WebPage\",\"@id\":\"https:\\\/\\\/www.webdo.tn\\\/fr\\\/actualite\\\/national\\\/sfax-la-tension-monte-entre-les-habitants-et-les-subsahariens\\\/206670\\\/\",\"url\":\"https:\\\/\\\/www.webdo.tn\\\/fr\\\/actualite\\\/national\\\/sfax-la-tension-monte-entre-les-habitants-et-les-subsahariens\\\/206670\\\/\",\"name\":\"Sfax : La tension monte entre les habitants et les Subsahariens\",\"isPartOf\":{\"@id\":\"https:\\\/\\\/www.webdo.tn\\\/fr\\\/#website\"},\"primaryImageOfPage\":{\"@id\":\"https:\\\/\\\/www.webdo.tn\\\/fr\\\/actualite\\\/national\\\/sfax-la-tension-monte-entre-les-habitants-et-les-subsahariens\\\/206670\\\/#primaryimage\"},\"image\":{\"@id\":\"https:\\\/\\\/www.webdo.tn\\\/fr\\\/actualite\\\/national\\\/sfax-la-tension-monte-entre-les-habitants-et-les-subsahariens\\\/206670\\\/#primaryimage\"},\"thumbnailUrl\":\"https:\\\/\\\/www.webdo.tn\\\/fr\\\/wp-content\\\/uploads\\\/2023\\\/06\\\/fc4e70c3e682b8a942298b955f40283d.jpg\",\"datePublished\":\"2023-06-18T10:37:00+00:00\",\"dateModified\":\"2025-05-20T22:42:42+00:00\",\"description\":\"Alors que le pr\u00e9sident de la R\u00e9publique \u00e9tait en d\u00e9placement \u00e0 Sfax o\u00f9 il a mis l\u2019accent sur la n\u00e9cessit\u00e9 d\u2019appliquer la loi tout en respectant les droits humai...\",\"breadcrumb\":{\"@id\":\"https:\\\/\\\/www.webdo.tn\\\/fr\\\/actualite\\\/national\\\/sfax-la-tension-monte-entre-les-habitants-et-les-subsahariens\\\/206670\\\/#breadcrumb\"},\"inLanguage\":\"fr-FR\",\"potentialAction\":[{\"@type\":\"ReadAction\",\"target\":[\"https:\\\/\\\/www.webdo.tn\\\/fr\\\/actualite\\\/national\\\/sfax-la-tension-monte-entre-les-habitants-et-les-subsahariens\\\/206670\\\/\"]}]},{\"@type\":\"ImageObject\",\"inLanguage\":\"fr-FR\",\"@id\":\"https:\\\/\\\/www.webdo.tn\\\/fr\\\/actualite\\\/national\\\/sfax-la-tension-monte-entre-les-habitants-et-les-subsahariens\\\/206670\\\/#primaryimage\",\"url\":\"https:\\\/\\\/www.webdo.tn\\\/fr\\\/wp-content\\\/uploads\\\/2023\\\/06\\\/fc4e70c3e682b8a942298b955f40283d.jpg\",\"contentUrl\":\"https:\\\/\\\/www.webdo.tn\\\/fr\\\/wp-content\\\/uploads\\\/2023\\\/06\\\/fc4e70c3e682b8a942298b955f40283d.jpg\",\"width\":750,\"height\":400,\"caption\":\"Sfax : La tension monte entre les habitants et les Subsahariens\"},{\"@type\":\"BreadcrumbList\",\"@id\":\"https:\\\/\\\/www.webdo.tn\\\/fr\\\/actualite\\\/national\\\/sfax-la-tension-monte-entre-les-habitants-et-les-subsahariens\\\/206670\\\/#breadcrumb\",\"itemListElement\":[{\"@type\":\"ListItem\",\"position\":1,\"name\":\"Accueil\",\"item\":\"https:\\\/\\\/www.webdo.tn\\\/fr\\\/\"},{\"@type\":\"ListItem\",\"position\":2,\"name\":\"Sfax : La tension monte entre les habitants et les Subsahariens\"}]},{\"@type\":\"WebSite\",\"@id\":\"https:\\\/\\\/www.webdo.tn\\\/fr\\\/#website\",\"url\":\"https:\\\/\\\/www.webdo.tn\\\/fr\\\/\",\"name\":\"webdo\",\"description\":\"Tunisie - News en Tunisie et \u00e0 l&#039;international sur Webdo.tn\",\"publisher\":{\"@id\":\"https:\\\/\\\/www.webdo.tn\\\/fr\\\/#organization\"},\"potentialAction\":[{\"@type\":\"SearchAction\",\"target\":{\"@type\":\"EntryPoint\",\"urlTemplate\":\"https:\\\/\\\/www.webdo.tn\\\/fr\\\/?s={search_term_string}\"},\"query-input\":{\"@type\":\"PropertyValueSpecification\",\"valueRequired\":true,\"valueName\":\"search_term_string\"}}],\"inLanguage\":\"fr-FR\"},{\"@type\":\"Organization\",\"@id\":\"https:\\\/\\\/www.webdo.tn\\\/fr\\\/#organization\",\"name\":\"Webdo\",\"alternateName\":\"Webdo.tn\",\"url\":\"https:\\\/\\\/www.webdo.tn\\\/fr\\\/\",\"logo\":{\"@type\":\"ImageObject\",\"inLanguage\":\"fr-FR\",\"@id\":\"https:\\\/\\\/www.webdo.tn\\\/fr\\\/#\\\/schema\\\/logo\\\/image\\\/\",\"url\":\"https:\\\/\\\/www.webdo.tn\\\/fr\\\/wp-content\\\/uploads\\\/2025\\\/06\\\/Webdo-Tunisie_168377.jpg\",\"contentUrl\":\"https:\\\/\\\/www.webdo.tn\\\/fr\\\/wp-content\\\/uploads\\\/2025\\\/06\\\/Webdo-Tunisie_168377.jpg\",\"width\":301,\"height\":301,\"caption\":\"Webdo\"},\"image\":{\"@id\":\"https:\\\/\\\/www.webdo.tn\\\/fr\\\/#\\\/schema\\\/logo\\\/image\\\/\"},\"sameAs\":[\"https:\\\/\\\/www.facebook.com\\\/webdotn\",\"https:\\\/\\\/x.com\\\/webdo_tn\"],\"description\":\"Webdo est un m\u00e9dia num\u00e9rique tunisien fond\u00e9 en 2010, sp\u00e9cialis\u00e9 dans l\u2019actualit\u00e9 nationale et internationale, l\u2019\u00e9conomie, la soci\u00e9t\u00e9 et les analyses politiques. Le site s\u2019adresse \u00e0 un large public francophone et couvre l\u2019information tunisienne en temps r\u00e9el.\",\"email\":\"redac@webdo.tn\",\"legalName\":\"YNJ SARL\",\"foundingDate\":\"2010-09-06\",\"numberOfEmployees\":{\"@type\":\"QuantitativeValue\",\"minValue\":\"11\",\"maxValue\":\"50\"}},{\"@type\":\"Person\",\"@id\":\"https:\\\/\\\/www.webdo.tn\\\/fr\\\/#\\\/schema\\\/person\\\/f35b42a42c5e2511bbd282959d6385cc\",\"name\":\"CL\",\"image\":{\"@type\":\"ImageObject\",\"inLanguage\":\"fr-FR\",\"@id\":\"https:\\\/\\\/secure.gravatar.com\\\/avatar\\\/1447a49909b67aa657c488aec6512e1dd6143a480c1ecfee9b5b5cd74eb3b59e?s=96&d=mm&r=g\",\"url\":\"https:\\\/\\\/secure.gravatar.com\\\/avatar\\\/1447a49909b67aa657c488aec6512e1dd6143a480c1ecfee9b5b5cd74eb3b59e?s=96&d=mm&r=g\",\"contentUrl\":\"https:\\\/\\\/secure.gravatar.com\\\/avatar\\\/1447a49909b67aa657c488aec6512e1dd6143a480c1ecfee9b5b5cd74eb3b59e?s=96&d=mm&r=g\",\"caption\":\"CL\"},\"url\":\"https:\\\/\\\/www.webdo.tn\\\/fr\\\/actualite\\\/author\\\/cl\\\/\"}]}<\/script>\n<!-- \/ Yoast SEO Premium plugin. -->","yoast_head_json":{"title":"Sfax : La tension monte entre les habitants et les Subsahariens","description":"Alors que le pr\u00e9sident de la R\u00e9publique \u00e9tait en d\u00e9placement \u00e0 Sfax o\u00f9 il a mis l\u2019accent sur la n\u00e9cessit\u00e9 d\u2019appliquer la loi tout en respectant les droits humai...","canonical":"https:\/\/www.webdo.tn\/fr\/actualite\/national\/sfax-la-tension-monte-entre-les-habitants-et-les-subsahariens\/206670\/","og_locale":"fr_FR","og_type":"article","og_title":"Sfax : La tension monte entre les habitants et les Subsahariens","og_description":"Alors que le pr\u00e9sident de la R\u00e9publique \u00e9tait en d\u00e9placement \u00e0 Sfax o\u00f9 il a mis l\u2019accent sur la n\u00e9cessit\u00e9 d\u2019appliquer la loi tout en respectant les droits humai...","og_url":"https:\/\/www.webdo.tn\/fr\/actualite\/national\/sfax-la-tension-monte-entre-les-habitants-et-les-subsahariens\/206670\/","og_site_name":"webdo","article_publisher":"https:\/\/www.facebook.com\/webdotn","article_published_time":"2023-06-18T10:37:00+00:00","article_modified_time":"2025-05-20T22:42:42+00:00","og_image":[{"width":750,"height":400,"url":"https:\/\/www.webdo.tn\/fr\/wp-content\/uploads\/2023\/06\/fc4e70c3e682b8a942298b955f40283d.jpg","type":"image\/jpeg"}],"author":"CL","twitter_card":"summary_large_image","twitter_creator":"@webdo_tn","twitter_site":"@webdo_tn","twitter_misc":{"\u00c9crit par":"CL","Dur\u00e9e de lecture estim\u00e9e":"1 minute"},"schema":{"@context":"https:\/\/schema.org","@graph":[{"@type":"NewsArticle","@id":"https:\/\/www.webdo.tn\/fr\/actualite\/national\/sfax-la-tension-monte-entre-les-habitants-et-les-subsahariens\/206670\/#article","isPartOf":{"@id":"https:\/\/www.webdo.tn\/fr\/actualite\/national\/sfax-la-tension-monte-entre-les-habitants-et-les-subsahariens\/206670\/"},"author":{"name":"CL","@id":"https:\/\/www.webdo.tn\/fr\/#\/schema\/person\/f35b42a42c5e2511bbd282959d6385cc"},"headline":"Sfax : La tension monte entre les habitants et les Subsahariens","datePublished":"2023-06-18T10:37:00+00:00","dateModified":"2025-05-20T22:42:42+00:00","mainEntityOfPage":{"@id":"https:\/\/www.webdo.tn\/fr\/actualite\/national\/sfax-la-tension-monte-entre-les-habitants-et-les-subsahariens\/206670\/"},"wordCount":153,"commentCount":0,"publisher":{"@id":"https:\/\/www.webdo.tn\/fr\/#organization"},"image":{"@id":"https:\/\/www.webdo.tn\/fr\/actualite\/national\/sfax-la-tension-monte-entre-les-habitants-et-les-subsahariens\/206670\/#primaryimage"},"thumbnailUrl":"https:\/\/www.webdo.tn\/fr\/wp-content\/uploads\/2023\/06\/fc4e70c3e682b8a942298b955f40283d.jpg","keywords":["Sfax","Subsahariens","Tunisie"],"articleSection":["National"],"inLanguage":"fr-FR"},{"@type":"WebPage","@id":"https:\/\/www.webdo.tn\/fr\/actualite\/national\/sfax-la-tension-monte-entre-les-habitants-et-les-subsahariens\/206670\/","url":"https:\/\/www.webdo.tn\/fr\/actualite\/national\/sfax-la-tension-monte-entre-les-habitants-et-les-subsahariens\/206670\/","name":"Sfax : La tension monte entre les habitants et les Subsahariens","isPartOf":{"@id":"https:\/\/www.webdo.tn\/fr\/#website"},"primaryImageOfPage":{"@id":"https:\/\/www.webdo.tn\/fr\/actualite\/national\/sfax-la-tension-monte-entre-les-habitants-et-les-subsahariens\/206670\/#primaryimage"},"image":{"@id":"https:\/\/www.webdo.tn\/fr\/actualite\/national\/sfax-la-tension-monte-entre-les-habitants-et-les-subsahariens\/206670\/#primaryimage"},"thumbnailUrl":"https:\/\/www.webdo.tn\/fr\/wp-content\/uploads\/2023\/06\/fc4e70c3e682b8a942298b955f40283d.jpg","datePublished":"2023-06-18T10:37:00+00:00","dateModified":"2025-05-20T22:42:42+00:00","description":"Alors que le pr\u00e9sident de la R\u00e9publique \u00e9tait en d\u00e9placement \u00e0 Sfax o\u00f9 il a mis l\u2019accent sur la n\u00e9cessit\u00e9 d\u2019appliquer la loi tout en respectant les droits humai...","breadcrumb":{"@id":"https:\/\/www.webdo.tn\/fr\/actualite\/national\/sfax-la-tension-monte-entre-les-habitants-et-les-subsahariens\/206670\/#breadcrumb"},"inLanguage":"fr-FR","potentialAction":[{"@type":"ReadAction","target":["https:\/\/www.webdo.tn\/fr\/actualite\/national\/sfax-la-tension-monte-entre-les-habitants-et-les-subsahariens\/206670\/"]}]},{"@type":"ImageObject","inLanguage":"fr-FR","@id":"https:\/\/www.webdo.tn\/fr\/actualite\/national\/sfax-la-tension-monte-entre-les-habitants-et-les-subsahariens\/206670\/#primaryimage","url":"https:\/\/www.webdo.tn\/fr\/wp-content\/uploads\/2023\/06\/fc4e70c3e682b8a942298b955f40283d.jpg","contentUrl":"https:\/\/www.webdo.tn\/fr\/wp-content\/uploads\/2023\/06\/fc4e70c3e682b8a942298b955f40283d.jpg","width":750,"height":400,"caption":"Sfax : La tension monte entre les habitants et les Subsahariens"},{"@type":"BreadcrumbList","@id":"https:\/\/www.webdo.tn\/fr\/actualite\/national\/sfax-la-tension-monte-entre-les-habitants-et-les-subsahariens\/206670\/#breadcrumb","itemListElement":[{"@type":"ListItem","position":1,"name":"Accueil","item":"https:\/\/www.webdo.tn\/fr\/"},{"@type":"ListItem","position":2,"name":"Sfax : La tension monte entre les habitants et les Subsahariens"}]},{"@type":"WebSite","@id":"https:\/\/www.webdo.tn\/fr\/#website","url":"https:\/\/www.webdo.tn\/fr\/","name":"webdo","description":"Tunisie - News en Tunisie et \u00e0 l&#039;international sur Webdo.tn","publisher":{"@id":"https:\/\/www.webdo.tn\/fr\/#organization"},"potentialAction":[{"@type":"SearchAction","target":{"@type":"EntryPoint","urlTemplate":"https:\/\/www.webdo.tn\/fr\/?s={search_term_string}"},"query-input":{"@type":"PropertyValueSpecification","valueRequired":true,"valueName":"search_term_string"}}],"inLanguage":"fr-FR"},{"@type":"Organization","@id":"https:\/\/www.webdo.tn\/fr\/#organization","name":"Webdo","alternateName":"Webdo.tn","url":"https:\/\/www.webdo.tn\/fr\/","logo":{"@type":"ImageObject","inLanguage":"fr-FR","@id":"https:\/\/www.webdo.tn\/fr\/#\/schema\/logo\/image\/","url":"https:\/\/www.webdo.tn\/fr\/wp-content\/uploads\/2025\/06\/Webdo-Tunisie_168377.jpg","contentUrl":"https:\/\/www.webdo.tn\/fr\/wp-content\/uploads\/2025\/06\/Webdo-Tunisie_168377.jpg","width":301,"height":301,"caption":"Webdo"},"image":{"@id":"https:\/\/www.webdo.tn\/fr\/#\/schema\/logo\/image\/"},"sameAs":["https:\/\/www.facebook.com\/webdotn","https:\/\/x.com\/webdo_tn"],"description":"Webdo est un m\u00e9dia num\u00e9rique tunisien fond\u00e9 en 2010, sp\u00e9cialis\u00e9 dans l\u2019actualit\u00e9 nationale et internationale, l\u2019\u00e9conomie, la soci\u00e9t\u00e9 et les analyses politiques. Le site s\u2019adresse \u00e0 un large public francophone et couvre l\u2019information tunisienne en temps r\u00e9el.","email":"redac@webdo.tn","legalName":"YNJ SARL","foundingDate":"2010-09-06","numberOfEmployees":{"@type":"QuantitativeValue","minValue":"11","maxValue":"50"}},{"@type":"Person","@id":"https:\/\/www.webdo.tn\/fr\/#\/schema\/person\/f35b42a42c5e2511bbd282959d6385cc","name":"CL","image":{"@type":"ImageObject","inLanguage":"fr-FR","@id":"https:\/\/secure.gravatar.com\/avatar\/1447a49909b67aa657c488aec6512e1dd6143a480c1ecfee9b5b5cd74eb3b59e?s=96&d=mm&r=g","url":"https:\/\/secure.gravatar.com\/avatar\/1447a49909b67aa657c488aec6512e1dd6143a480c1ecfee9b5b5cd74eb3b59e?s=96&d=mm&r=g","contentUrl":"https:\/\/secure.gravatar.com\/avatar\/1447a49909b67aa657c488aec6512e1dd6143a480c1ecfee9b5b5cd74eb3b59e?s=96&d=mm&r=g","caption":"CL"},"url":"https:\/\/www.webdo.tn\/fr\/actualite\/author\/cl\/"}]}},"_links":{"self":[{"href":"https:\/\/www.webdo.tn\/fr\/wp-json\/wp\/v2\/posts\/206670","targetHints":{"allow":["GET"]}}],"collection":[{"href":"https:\/\/www.webdo.tn\/fr\/wp-json\/wp\/v2\/posts"}],"about":[{"href":"https:\/\/www.webdo.tn\/fr\/wp-json\/wp\/v2\/types\/post"}],"author":[{"embeddable":true,"href":"https:\/\/www.webdo.tn\/fr\/wp-json\/wp\/v2\/users\/3175"}],"replies":[{"embeddable":true,"href":"https:\/\/www.webdo.tn\/fr\/wp-json\/wp\/v2\/comments?post=206670"}],"version-history":[{"count":0,"href":"https:\/\/www.webdo.tn\/fr\/wp-json\/wp\/v2\/posts\/206670\/revisions"}],"wp:featuredmedia":[{"embeddable":true,"href":"https:\/\/www.webdo.tn\/fr\/wp-json\/wp\/v2\/media\/249951"}],"wp:attachment":[{"href":"https:\/\/www.webdo.tn\/fr\/wp-json\/wp\/v2\/media?parent=206670"}],"wp:term":[{"taxonomy":"category","embeddable":true,"href":"https:\/\/www.webdo.tn\/fr\/wp-json\/wp\/v2\/categories?post=206670"},{"taxonomy":"post_tag","embeddable":true,"href":"https:\/\/www.webdo.tn\/fr\/wp-json\/wp\/v2\/tags?post=206670"}],"curies":[{"name":"wp","href":"https:\/\/api.w.org\/{rel}","templated":true}]}}