{"id":206650,"date":"2023-03-22T19:21:00","date_gmt":"2023-03-22T18:21:00","guid":{"rendered":"https:\/\/www.webdo.tn\/fr\/actualite\/national\/bct-maintien-du-taux-directeur-a-8\/204189"},"modified":"2025-06-04T18:05:48","modified_gmt":"2025-06-04T18:05:48","slug":"bct-maintien-du-taux-directeur-a-8-2","status":"publish","type":"post","link":"https:\/\/www.webdo.tn\/fr\/actualite\/national\/bct-maintien-du-taux-directeur-a-8-2\/206650\/","title":{"rendered":"BCT : Maintien du taux directeur \u00e0 8%"},"content":{"rendered":"<p>Le Conseil d\u2019administration de la Banque centrale de Tunisie (BCT) a d\u00e9cid\u00e9 de maintenir le taux directeur de la BCT \u00e0 8%, selon un communiqu\u00e9 publi\u00e9 ce vendredi 16 juin 2023.<\/p>\n<p> De plus, le Conseil a pris connaissance des derniers d\u00e9veloppements aussi bien au niveau de l\u2019environnement international que national.<\/p>\n<p>Ainsi, sur le plan international, les r\u00e9centes informations font appara\u00eetre une poursuite du ralentissement de la croissance \u00e9conomique mondiale et de l\u2019inflation, selon le communiqu\u00e9 de la BCT. Les craintes concernant la baisse de l\u2019activit\u00e9 dans les principaux pays ont quelque peu augment\u00e9 en raison de l\u2019entr\u00e9e de l\u2019\u00e9conomie de la Zone Euro en r\u00e9cession technique, au premier trimestre 2023.<\/p>\n<p>Sur le plan national, la croissance \u00e9conomique s\u2019est \u00e9tablie \u00e0 2,1% en glissement annuel, au premier trimestre 2023, apr\u00e8s 1,8% le trimestre pr\u00e9c\u00e9dent. La bonne tenue des industries exportatrices et le redressement du secteur touristique et des activit\u00e9s connexes ont continu\u00e9 \u00e0 soutenir la croissance \u00e9conomique.<\/p>\n","protected":false},"excerpt":{"rendered":"<p>Le Conseil d\u2019administration de la Banque centrale de Tunisie (BCT) a d\u00e9cid\u00e9 de maintenir le taux directeur de la BCT \u00e0 8%, selon un communiqu\u00e9 publi\u00e9 ce vendred&#8230;<\/p>\n","protected":false},"author":3222,"featured_media":366733,"comment_status":"open","ping_status":"open","sticky":false,"template":"","format":"standard","meta":{"footnotes":""},"categories":[44],"tags":[2807,3854,2610,3492,2608],"class_list":["post-206650","post","type-post","status-publish","format-standard","has-post-thumbnail","hentry","category-national","tag-bct","tag-croissance","tag-inflation","tag-taux-directeur","tag-tunisie"],"yoast_head":"<!-- This site is optimized with the Yoast SEO Premium plugin v27.4 (Yoast SEO v27.5) - https:\/\/yoast.com\/product\/yoast-seo-premium-wordpress\/ -->\n<title>BCT : Maintien du taux directeur \u00e0 8%<\/title>\n<meta name=\"description\" content=\"Le Conseil d\u2019administration de la Banque centrale de Tunisie (BCT) a d\u00e9cid\u00e9 de maintenir le taux directeur de la BCT \u00e0 8%, selon un communiqu\u00e9 publi\u00e9 ce vendred...\" \/>\n<link rel=\"canonical\" href=\"https:\/\/www.webdo.tn\/fr\/actualite\/national\/bct-maintien-du-taux-directeur-a-8-2\/206650\/\" \/>\n<meta property=\"og:locale\" content=\"fr_FR\" \/>\n<meta property=\"og:type\" content=\"article\" \/>\n<meta property=\"og:title\" content=\"BCT : Maintien du taux directeur \u00e0 8%\" \/>\n<meta property=\"og:description\" content=\"Le Conseil d\u2019administration de la Banque centrale de Tunisie (BCT) a d\u00e9cid\u00e9 de maintenir le taux directeur de la BCT \u00e0 8%, selon un communiqu\u00e9 publi\u00e9 ce vendred...\" \/>\n<meta property=\"og:url\" content=\"https:\/\/www.webdo.tn\/fr\/actualite\/national\/bct-maintien-du-taux-directeur-a-8-2\/206650\/\" \/>\n<meta property=\"og:site_name\" content=\"webdo\" \/>\n<meta property=\"article:publisher\" content=\"https:\/\/www.facebook.com\/webdotn\" \/>\n<meta property=\"article:published_time\" content=\"2023-03-22T18:21:00+00:00\" \/>\n<meta property=\"article:modified_time\" content=\"2025-06-04T18:05:48+00:00\" \/>\n<meta name=\"author\" content=\"webdo.tn\" \/>\n<meta name=\"twitter:card\" content=\"summary_large_image\" \/>\n<meta name=\"twitter:creator\" content=\"@webdo_tn\" \/>\n<meta name=\"twitter:site\" content=\"@webdo_tn\" \/>\n<meta name=\"twitter:label1\" content=\"\u00c9crit par\" \/>\n\t<meta name=\"twitter:data1\" content=\"webdo.tn\" \/>\n\t<meta name=\"twitter:label2\" content=\"Dur\u00e9e de lecture estim\u00e9e\" \/>\n\t<meta name=\"twitter:data2\" content=\"1 minute\" \/>\n<script type=\"application\/ld+json\" class=\"yoast-schema-graph\">{\"@context\":\"https:\\\/\\\/schema.org\",\"@graph\":[{\"@type\":\"NewsArticle\",\"@id\":\"https:\\\/\\\/www.webdo.tn\\\/fr\\\/actualite\\\/national\\\/bct-maintien-du-taux-directeur-a-8-2\\\/206650\\\/#article\",\"isPartOf\":{\"@id\":\"https:\\\/\\\/www.webdo.tn\\\/fr\\\/actualite\\\/national\\\/bct-maintien-du-taux-directeur-a-8-2\\\/206650\\\/\"},\"author\":{\"name\":\"webdo.tn\",\"@id\":\"https:\\\/\\\/www.webdo.tn\\\/fr\\\/#\\\/schema\\\/person\\\/9a9c6118d687c117df8ef3cc36a4d175\"},\"headline\":\"BCT : Maintien du taux directeur \u00e0 8%\",\"datePublished\":\"2023-03-22T18:21:00+00:00\",\"dateModified\":\"2025-06-04T18:05:48+00:00\",\"mainEntityOfPage\":{\"@id\":\"https:\\\/\\\/www.webdo.tn\\\/fr\\\/actualite\\\/national\\\/bct-maintien-du-taux-directeur-a-8-2\\\/206650\\\/\"},\"wordCount\":168,\"commentCount\":0,\"publisher\":{\"@id\":\"https:\\\/\\\/www.webdo.tn\\\/fr\\\/#organization\"},\"image\":{\"@id\":\"https:\\\/\\\/www.webdo.tn\\\/fr\\\/actualite\\\/national\\\/bct-maintien-du-taux-directeur-a-8-2\\\/206650\\\/#primaryimage\"},\"thumbnailUrl\":\"https:\\\/\\\/www.webdo.tn\\\/fr\\\/wp-content\\\/uploads\\\/2025\\\/06\\\/adb1c0f560f2f430a8e82dafc153677e_206650.jpeg\",\"keywords\":[\"BCT\",\"Croissance\",\"inflation\",\"taux directeur\",\"Tunisie\"],\"articleSection\":[\"National\"],\"inLanguage\":\"fr-FR\"},{\"@type\":\"WebPage\",\"@id\":\"https:\\\/\\\/www.webdo.tn\\\/fr\\\/actualite\\\/national\\\/bct-maintien-du-taux-directeur-a-8-2\\\/206650\\\/\",\"url\":\"https:\\\/\\\/www.webdo.tn\\\/fr\\\/actualite\\\/national\\\/bct-maintien-du-taux-directeur-a-8-2\\\/206650\\\/\",\"name\":\"BCT : Maintien du taux directeur \u00e0 8%\",\"isPartOf\":{\"@id\":\"https:\\\/\\\/www.webdo.tn\\\/fr\\\/#website\"},\"primaryImageOfPage\":{\"@id\":\"https:\\\/\\\/www.webdo.tn\\\/fr\\\/actualite\\\/national\\\/bct-maintien-du-taux-directeur-a-8-2\\\/206650\\\/#primaryimage\"},\"image\":{\"@id\":\"https:\\\/\\\/www.webdo.tn\\\/fr\\\/actualite\\\/national\\\/bct-maintien-du-taux-directeur-a-8-2\\\/206650\\\/#primaryimage\"},\"thumbnailUrl\":\"https:\\\/\\\/www.webdo.tn\\\/fr\\\/wp-content\\\/uploads\\\/2025\\\/06\\\/adb1c0f560f2f430a8e82dafc153677e_206650.jpeg\",\"datePublished\":\"2023-03-22T18:21:00+00:00\",\"dateModified\":\"2025-06-04T18:05:48+00:00\",\"description\":\"Le Conseil d\u2019administration de la Banque centrale de Tunisie (BCT) a d\u00e9cid\u00e9 de maintenir le taux directeur de la BCT \u00e0 8%, selon un communiqu\u00e9 publi\u00e9 ce vendred...\",\"breadcrumb\":{\"@id\":\"https:\\\/\\\/www.webdo.tn\\\/fr\\\/actualite\\\/national\\\/bct-maintien-du-taux-directeur-a-8-2\\\/206650\\\/#breadcrumb\"},\"inLanguage\":\"fr-FR\",\"potentialAction\":[{\"@type\":\"ReadAction\",\"target\":[\"https:\\\/\\\/www.webdo.tn\\\/fr\\\/actualite\\\/national\\\/bct-maintien-du-taux-directeur-a-8-2\\\/206650\\\/\"]}]},{\"@type\":\"ImageObject\",\"inLanguage\":\"fr-FR\",\"@id\":\"https:\\\/\\\/www.webdo.tn\\\/fr\\\/actualite\\\/national\\\/bct-maintien-du-taux-directeur-a-8-2\\\/206650\\\/#primaryimage\",\"url\":\"https:\\\/\\\/www.webdo.tn\\\/fr\\\/wp-content\\\/uploads\\\/2025\\\/06\\\/adb1c0f560f2f430a8e82dafc153677e_206650.jpeg\",\"contentUrl\":\"https:\\\/\\\/www.webdo.tn\\\/fr\\\/wp-content\\\/uploads\\\/2025\\\/06\\\/adb1c0f560f2f430a8e82dafc153677e_206650.jpeg\",\"width\":750,\"height\":400,\"caption\":\"BCT : Maintien du taux directeur \u00e0 8%\"},{\"@type\":\"BreadcrumbList\",\"@id\":\"https:\\\/\\\/www.webdo.tn\\\/fr\\\/actualite\\\/national\\\/bct-maintien-du-taux-directeur-a-8-2\\\/206650\\\/#breadcrumb\",\"itemListElement\":[{\"@type\":\"ListItem\",\"position\":1,\"name\":\"Accueil\",\"item\":\"https:\\\/\\\/www.webdo.tn\\\/fr\\\/\"},{\"@type\":\"ListItem\",\"position\":2,\"name\":\"BCT : Maintien du taux directeur \u00e0 8%\"}]},{\"@type\":\"WebSite\",\"@id\":\"https:\\\/\\\/www.webdo.tn\\\/fr\\\/#website\",\"url\":\"https:\\\/\\\/www.webdo.tn\\\/fr\\\/\",\"name\":\"webdo\",\"description\":\"Tunisie - News en Tunisie et \u00e0 l&#039;international sur Webdo.tn\",\"publisher\":{\"@id\":\"https:\\\/\\\/www.webdo.tn\\\/fr\\\/#organization\"},\"potentialAction\":[{\"@type\":\"SearchAction\",\"target\":{\"@type\":\"EntryPoint\",\"urlTemplate\":\"https:\\\/\\\/www.webdo.tn\\\/fr\\\/?s={search_term_string}\"},\"query-input\":{\"@type\":\"PropertyValueSpecification\",\"valueRequired\":true,\"valueName\":\"search_term_string\"}}],\"inLanguage\":\"fr-FR\"},{\"@type\":\"Organization\",\"@id\":\"https:\\\/\\\/www.webdo.tn\\\/fr\\\/#organization\",\"name\":\"Webdo\",\"alternateName\":\"Webdo.tn\",\"url\":\"https:\\\/\\\/www.webdo.tn\\\/fr\\\/\",\"logo\":{\"@type\":\"ImageObject\",\"inLanguage\":\"fr-FR\",\"@id\":\"https:\\\/\\\/www.webdo.tn\\\/fr\\\/#\\\/schema\\\/logo\\\/image\\\/\",\"url\":\"https:\\\/\\\/www.webdo.tn\\\/fr\\\/wp-content\\\/uploads\\\/2025\\\/06\\\/Webdo-Tunisie_168377.jpg\",\"contentUrl\":\"https:\\\/\\\/www.webdo.tn\\\/fr\\\/wp-content\\\/uploads\\\/2025\\\/06\\\/Webdo-Tunisie_168377.jpg\",\"width\":301,\"height\":301,\"caption\":\"Webdo\"},\"image\":{\"@id\":\"https:\\\/\\\/www.webdo.tn\\\/fr\\\/#\\\/schema\\\/logo\\\/image\\\/\"},\"sameAs\":[\"https:\\\/\\\/www.facebook.com\\\/webdotn\",\"https:\\\/\\\/x.com\\\/webdo_tn\"],\"description\":\"Webdo est un m\u00e9dia num\u00e9rique tunisien fond\u00e9 en 2010, sp\u00e9cialis\u00e9 dans l\u2019actualit\u00e9 nationale et internationale, l\u2019\u00e9conomie, la soci\u00e9t\u00e9 et les analyses politiques. Le site s\u2019adresse \u00e0 un large public francophone et couvre l\u2019information tunisienne en temps r\u00e9el.\",\"email\":\"redac@webdo.tn\",\"legalName\":\"YNJ SARL\",\"foundingDate\":\"2010-09-06\",\"numberOfEmployees\":{\"@type\":\"QuantitativeValue\",\"minValue\":\"11\",\"maxValue\":\"50\"}},{\"@type\":\"Person\",\"@id\":\"https:\\\/\\\/www.webdo.tn\\\/fr\\\/#\\\/schema\\\/person\\\/9a9c6118d687c117df8ef3cc36a4d175\",\"name\":\"webdo.tn\",\"image\":{\"@type\":\"ImageObject\",\"inLanguage\":\"fr-FR\",\"@id\":\"https:\\\/\\\/secure.gravatar.com\\\/avatar\\\/7ce1f28c0c3bbac99ff550b85ef8e44a6950c6ee24514fb6a5489e51d06f0298?s=96&d=mm&r=g\",\"url\":\"https:\\\/\\\/secure.gravatar.com\\\/avatar\\\/7ce1f28c0c3bbac99ff550b85ef8e44a6950c6ee24514fb6a5489e51d06f0298?s=96&d=mm&r=g\",\"contentUrl\":\"https:\\\/\\\/secure.gravatar.com\\\/avatar\\\/7ce1f28c0c3bbac99ff550b85ef8e44a6950c6ee24514fb6a5489e51d06f0298?s=96&d=mm&r=g\",\"caption\":\"webdo.tn\"},\"url\":\"https:\\\/\\\/www.webdo.tn\\\/fr\\\/actualite\\\/author\\\/webdotn\\\/\"}]}<\/script>\n<!-- \/ Yoast SEO Premium plugin. -->","yoast_head_json":{"title":"BCT : Maintien du taux directeur \u00e0 8%","description":"Le Conseil d\u2019administration de la Banque centrale de Tunisie (BCT) a d\u00e9cid\u00e9 de maintenir le taux directeur de la BCT \u00e0 8%, selon un communiqu\u00e9 publi\u00e9 ce vendred...","canonical":"https:\/\/www.webdo.tn\/fr\/actualite\/national\/bct-maintien-du-taux-directeur-a-8-2\/206650\/","og_locale":"fr_FR","og_type":"article","og_title":"BCT : Maintien du taux directeur \u00e0 8%","og_description":"Le Conseil d\u2019administration de la Banque centrale de Tunisie (BCT) a d\u00e9cid\u00e9 de maintenir le taux directeur de la BCT \u00e0 8%, selon un communiqu\u00e9 publi\u00e9 ce vendred...","og_url":"https:\/\/www.webdo.tn\/fr\/actualite\/national\/bct-maintien-du-taux-directeur-a-8-2\/206650\/","og_site_name":"webdo","article_publisher":"https:\/\/www.facebook.com\/webdotn","article_published_time":"2023-03-22T18:21:00+00:00","article_modified_time":"2025-06-04T18:05:48+00:00","author":"webdo.tn","twitter_card":"summary_large_image","twitter_creator":"@webdo_tn","twitter_site":"@webdo_tn","twitter_misc":{"\u00c9crit par":"webdo.tn","Dur\u00e9e de lecture estim\u00e9e":"1 minute"},"schema":{"@context":"https:\/\/schema.org","@graph":[{"@type":"NewsArticle","@id":"https:\/\/www.webdo.tn\/fr\/actualite\/national\/bct-maintien-du-taux-directeur-a-8-2\/206650\/#article","isPartOf":{"@id":"https:\/\/www.webdo.tn\/fr\/actualite\/national\/bct-maintien-du-taux-directeur-a-8-2\/206650\/"},"author":{"name":"webdo.tn","@id":"https:\/\/www.webdo.tn\/fr\/#\/schema\/person\/9a9c6118d687c117df8ef3cc36a4d175"},"headline":"BCT : Maintien du taux directeur \u00e0 8%","datePublished":"2023-03-22T18:21:00+00:00","dateModified":"2025-06-04T18:05:48+00:00","mainEntityOfPage":{"@id":"https:\/\/www.webdo.tn\/fr\/actualite\/national\/bct-maintien-du-taux-directeur-a-8-2\/206650\/"},"wordCount":168,"commentCount":0,"publisher":{"@id":"https:\/\/www.webdo.tn\/fr\/#organization"},"image":{"@id":"https:\/\/www.webdo.tn\/fr\/actualite\/national\/bct-maintien-du-taux-directeur-a-8-2\/206650\/#primaryimage"},"thumbnailUrl":"https:\/\/www.webdo.tn\/fr\/wp-content\/uploads\/2025\/06\/adb1c0f560f2f430a8e82dafc153677e_206650.jpeg","keywords":["BCT","Croissance","inflation","taux directeur","Tunisie"],"articleSection":["National"],"inLanguage":"fr-FR"},{"@type":"WebPage","@id":"https:\/\/www.webdo.tn\/fr\/actualite\/national\/bct-maintien-du-taux-directeur-a-8-2\/206650\/","url":"https:\/\/www.webdo.tn\/fr\/actualite\/national\/bct-maintien-du-taux-directeur-a-8-2\/206650\/","name":"BCT : Maintien du taux directeur \u00e0 8%","isPartOf":{"@id":"https:\/\/www.webdo.tn\/fr\/#website"},"primaryImageOfPage":{"@id":"https:\/\/www.webdo.tn\/fr\/actualite\/national\/bct-maintien-du-taux-directeur-a-8-2\/206650\/#primaryimage"},"image":{"@id":"https:\/\/www.webdo.tn\/fr\/actualite\/national\/bct-maintien-du-taux-directeur-a-8-2\/206650\/#primaryimage"},"thumbnailUrl":"https:\/\/www.webdo.tn\/fr\/wp-content\/uploads\/2025\/06\/adb1c0f560f2f430a8e82dafc153677e_206650.jpeg","datePublished":"2023-03-22T18:21:00+00:00","dateModified":"2025-06-04T18:05:48+00:00","description":"Le Conseil d\u2019administration de la Banque centrale de Tunisie (BCT) a d\u00e9cid\u00e9 de maintenir le taux directeur de la BCT \u00e0 8%, selon un communiqu\u00e9 publi\u00e9 ce vendred...","breadcrumb":{"@id":"https:\/\/www.webdo.tn\/fr\/actualite\/national\/bct-maintien-du-taux-directeur-a-8-2\/206650\/#breadcrumb"},"inLanguage":"fr-FR","potentialAction":[{"@type":"ReadAction","target":["https:\/\/www.webdo.tn\/fr\/actualite\/national\/bct-maintien-du-taux-directeur-a-8-2\/206650\/"]}]},{"@type":"ImageObject","inLanguage":"fr-FR","@id":"https:\/\/www.webdo.tn\/fr\/actualite\/national\/bct-maintien-du-taux-directeur-a-8-2\/206650\/#primaryimage","url":"https:\/\/www.webdo.tn\/fr\/wp-content\/uploads\/2025\/06\/adb1c0f560f2f430a8e82dafc153677e_206650.jpeg","contentUrl":"https:\/\/www.webdo.tn\/fr\/wp-content\/uploads\/2025\/06\/adb1c0f560f2f430a8e82dafc153677e_206650.jpeg","width":750,"height":400,"caption":"BCT : Maintien du taux directeur \u00e0 8%"},{"@type":"BreadcrumbList","@id":"https:\/\/www.webdo.tn\/fr\/actualite\/national\/bct-maintien-du-taux-directeur-a-8-2\/206650\/#breadcrumb","itemListElement":[{"@type":"ListItem","position":1,"name":"Accueil","item":"https:\/\/www.webdo.tn\/fr\/"},{"@type":"ListItem","position":2,"name":"BCT : Maintien du taux directeur \u00e0 8%"}]},{"@type":"WebSite","@id":"https:\/\/www.webdo.tn\/fr\/#website","url":"https:\/\/www.webdo.tn\/fr\/","name":"webdo","description":"Tunisie - News en Tunisie et \u00e0 l&#039;international sur Webdo.tn","publisher":{"@id":"https:\/\/www.webdo.tn\/fr\/#organization"},"potentialAction":[{"@type":"SearchAction","target":{"@type":"EntryPoint","urlTemplate":"https:\/\/www.webdo.tn\/fr\/?s={search_term_string}"},"query-input":{"@type":"PropertyValueSpecification","valueRequired":true,"valueName":"search_term_string"}}],"inLanguage":"fr-FR"},{"@type":"Organization","@id":"https:\/\/www.webdo.tn\/fr\/#organization","name":"Webdo","alternateName":"Webdo.tn","url":"https:\/\/www.webdo.tn\/fr\/","logo":{"@type":"ImageObject","inLanguage":"fr-FR","@id":"https:\/\/www.webdo.tn\/fr\/#\/schema\/logo\/image\/","url":"https:\/\/www.webdo.tn\/fr\/wp-content\/uploads\/2025\/06\/Webdo-Tunisie_168377.jpg","contentUrl":"https:\/\/www.webdo.tn\/fr\/wp-content\/uploads\/2025\/06\/Webdo-Tunisie_168377.jpg","width":301,"height":301,"caption":"Webdo"},"image":{"@id":"https:\/\/www.webdo.tn\/fr\/#\/schema\/logo\/image\/"},"sameAs":["https:\/\/www.facebook.com\/webdotn","https:\/\/x.com\/webdo_tn"],"description":"Webdo est un m\u00e9dia num\u00e9rique tunisien fond\u00e9 en 2010, sp\u00e9cialis\u00e9 dans l\u2019actualit\u00e9 nationale et internationale, l\u2019\u00e9conomie, la soci\u00e9t\u00e9 et les analyses politiques. Le site s\u2019adresse \u00e0 un large public francophone et couvre l\u2019information tunisienne en temps r\u00e9el.","email":"redac@webdo.tn","legalName":"YNJ SARL","foundingDate":"2010-09-06","numberOfEmployees":{"@type":"QuantitativeValue","minValue":"11","maxValue":"50"}},{"@type":"Person","@id":"https:\/\/www.webdo.tn\/fr\/#\/schema\/person\/9a9c6118d687c117df8ef3cc36a4d175","name":"webdo.tn","image":{"@type":"ImageObject","inLanguage":"fr-FR","@id":"https:\/\/secure.gravatar.com\/avatar\/7ce1f28c0c3bbac99ff550b85ef8e44a6950c6ee24514fb6a5489e51d06f0298?s=96&d=mm&r=g","url":"https:\/\/secure.gravatar.com\/avatar\/7ce1f28c0c3bbac99ff550b85ef8e44a6950c6ee24514fb6a5489e51d06f0298?s=96&d=mm&r=g","contentUrl":"https:\/\/secure.gravatar.com\/avatar\/7ce1f28c0c3bbac99ff550b85ef8e44a6950c6ee24514fb6a5489e51d06f0298?s=96&d=mm&r=g","caption":"webdo.tn"},"url":"https:\/\/www.webdo.tn\/fr\/actualite\/author\/webdotn\/"}]}},"_links":{"self":[{"href":"https:\/\/www.webdo.tn\/fr\/wp-json\/wp\/v2\/posts\/206650","targetHints":{"allow":["GET"]}}],"collection":[{"href":"https:\/\/www.webdo.tn\/fr\/wp-json\/wp\/v2\/posts"}],"about":[{"href":"https:\/\/www.webdo.tn\/fr\/wp-json\/wp\/v2\/types\/post"}],"author":[{"embeddable":true,"href":"https:\/\/www.webdo.tn\/fr\/wp-json\/wp\/v2\/users\/3222"}],"replies":[{"embeddable":true,"href":"https:\/\/www.webdo.tn\/fr\/wp-json\/wp\/v2\/comments?post=206650"}],"version-history":[{"count":0,"href":"https:\/\/www.webdo.tn\/fr\/wp-json\/wp\/v2\/posts\/206650\/revisions"}],"wp:featuredmedia":[{"embeddable":true,"href":"https:\/\/www.webdo.tn\/fr\/wp-json\/wp\/v2\/media\/366733"}],"wp:attachment":[{"href":"https:\/\/www.webdo.tn\/fr\/wp-json\/wp\/v2\/media?parent=206650"}],"wp:term":[{"taxonomy":"category","embeddable":true,"href":"https:\/\/www.webdo.tn\/fr\/wp-json\/wp\/v2\/categories?post=206650"},{"taxonomy":"post_tag","embeddable":true,"href":"https:\/\/www.webdo.tn\/fr\/wp-json\/wp\/v2\/tags?post=206650"}],"curies":[{"name":"wp","href":"https:\/\/api.w.org\/{rel}","templated":true}]}}