{"id":206639,"date":"2023-06-16T10:11:00","date_gmt":"2023-06-16T10:11:00","guid":{"rendered":"https:\/\/www.webdo.tn\/fr\/blog\/il-doit-comparaitre-ce-vendredi-ahmed-nejib-chebbi-s-abstiendra-de-s-exprimer\/206639\/"},"modified":"2025-05-20T22:50:43","modified_gmt":"2025-05-20T22:50:43","slug":"il-doit-comparaitre-ce-vendredi-ahmed-nejib-chebbi-s-abstiendra-de-s-exprimer","status":"publish","type":"post","link":"https:\/\/www.webdo.tn\/fr\/actualite\/national\/il-doit-comparaitre-ce-vendredi-ahmed-nejib-chebbi-s-abstiendra-de-s-exprimer\/206639\/","title":{"rendered":"Il doit comparaitre ce vendredi : Ahmed Nejib Chebbi s\u2019abstiendra de s\u2019exprimer"},"content":{"rendered":"<p>C\u2019est aujourd\u2019hui vendredi 16 juin 2023, que le chef du Front de salut comparait devant le juge d\u2019instruction dans le cadre de l\u2019affaire de complot contre la s\u00fbret\u00e9 de l\u2019Etat.<\/p>\n<p>\t\t\t\t\t\t\t\t\tAhmed Nejib Chebbi a d\u00e9clar\u00e9 aux m\u00e9dias avant sa comparution qu\u2019il va s\u2019abstenir de s\u2019exprimer devant le juge, estimant que l\u2019affaire est mont\u00e9e de toutes pi\u00e8ces.\u00a0<\/p>\n<p>\u00ab Je vais simplement dire que le dossier est vide et que le conflit avec le pr\u00e9sident de la R\u00e9publique Kais Saied \u00bb, a-t-il dit.\u00a0<\/p>\n<p>Selon ses d\u00e9clarations, le plus probable c\u2019est qu\u2019il va \u00ab rejoindre ses camarades en prison \u00bb.\u00a0<\/p>\n<p>Le pr\u00e9sident du Front du Salut national, Ahmed Nejib Chebbi avait \u00e9stim\u00e9, pr\u00e9c\u00e9demment,\u00a0qu\u2019il pourrait \u00eatre arr\u00eat\u00e9 prochainement.<\/p>\n<p>\u00ab\u00a0L&rsquo;arrestation de plusieurs dirigeants du Front sans d\u00e9voiler leurs chefs d&rsquo;accusation montre que le pouvoir en place n&rsquo;est pas en mesure de faire face \u00e0 la crise que traverse le pays et le pr\u00e9sident de la R\u00e9publique est incapable de r\u00e9soudre les probl\u00e8mes du pays\u00a0\u00bb, a-t-il affirm\u00e9.<\/p>\n","protected":false},"excerpt":{"rendered":"<p>C\u2019est aujourd\u2019hui vendredi 16 juin 2023, que le chef du Front de salut comparait devant le juge d\u2019instruction dans le cadre de l\u2019affaire de complot contre la s\u00fb&#8230;<\/p>\n","protected":false},"author":3175,"featured_media":278385,"comment_status":"open","ping_status":"closed","sticky":false,"template":"","format":"standard","meta":{"footnotes":""},"categories":[44],"tags":[6210,5999,2608],"class_list":["post-206639","post","type-post","status-publish","format-standard","has-post-thumbnail","hentry","category-national","tag-ahmed-nejib-chebbi","tag-front-de-salut","tag-tunisie"],"yoast_head":"<!-- This site is optimized with the Yoast SEO Premium plugin v27.5 (Yoast SEO v27.5) - https:\/\/yoast.com\/product\/yoast-seo-premium-wordpress\/ -->\n<title>Il doit comparaitre ce vendredi : Ahmed Nejib Chebbi s\u2019abstiendra de s\u2019exprimer<\/title>\n<meta name=\"description\" content=\"C\u2019est aujourd\u2019hui vendredi 16 juin 2023, que le chef du Front de salut comparait devant le juge d\u2019instruction dans le cadre de l\u2019affaire de complot contre la s\u00fb...\" \/>\n<link rel=\"canonical\" href=\"https:\/\/www.webdo.tn\/fr\/actualite\/national\/il-doit-comparaitre-ce-vendredi-ahmed-nejib-chebbi-s-abstiendra-de-s-exprimer\/206639\/\" \/>\n<meta property=\"og:locale\" content=\"fr_FR\" \/>\n<meta property=\"og:type\" content=\"article\" \/>\n<meta property=\"og:title\" content=\"Il doit comparaitre ce vendredi : Ahmed Nejib Chebbi s\u2019abstiendra de s\u2019exprimer\" \/>\n<meta property=\"og:description\" content=\"C\u2019est aujourd\u2019hui vendredi 16 juin 2023, que le chef du Front de salut comparait devant le juge d\u2019instruction dans le cadre de l\u2019affaire de complot contre la s\u00fb...\" \/>\n<meta property=\"og:url\" content=\"https:\/\/www.webdo.tn\/fr\/actualite\/national\/il-doit-comparaitre-ce-vendredi-ahmed-nejib-chebbi-s-abstiendra-de-s-exprimer\/206639\/\" \/>\n<meta property=\"og:site_name\" content=\"webdo\" \/>\n<meta property=\"article:publisher\" content=\"https:\/\/www.facebook.com\/webdotn\" \/>\n<meta property=\"article:published_time\" content=\"2023-06-16T10:11:00+00:00\" \/>\n<meta property=\"article:modified_time\" content=\"2025-05-20T22:50:43+00:00\" \/>\n<meta property=\"og:image\" content=\"https:\/\/www.webdo.tn\/fr\/wp-content\/uploads\/2023\/06\/62997928bbccfcf5eceb166af4d91ac8.jpg\" \/>\n\t<meta property=\"og:image:width\" content=\"750\" \/>\n\t<meta property=\"og:image:height\" content=\"400\" \/>\n\t<meta property=\"og:image:type\" content=\"image\/jpeg\" \/>\n<meta name=\"author\" content=\"CL\" \/>\n<meta name=\"twitter:card\" content=\"summary_large_image\" \/>\n<meta name=\"twitter:creator\" content=\"@webdo_tn\" \/>\n<meta name=\"twitter:site\" content=\"@webdo_tn\" \/>\n<meta name=\"twitter:label1\" content=\"\u00c9crit par\" \/>\n\t<meta name=\"twitter:data1\" content=\"CL\" \/>\n\t<meta name=\"twitter:label2\" content=\"Dur\u00e9e de lecture estim\u00e9e\" \/>\n\t<meta name=\"twitter:data2\" content=\"1 minute\" \/>\n<script type=\"application\/ld+json\" class=\"yoast-schema-graph\">{\"@context\":\"https:\\\/\\\/schema.org\",\"@graph\":[{\"@type\":\"NewsArticle\",\"@id\":\"https:\\\/\\\/www.webdo.tn\\\/fr\\\/actualite\\\/national\\\/il-doit-comparaitre-ce-vendredi-ahmed-nejib-chebbi-s-abstiendra-de-s-exprimer\\\/206639\\\/#article\",\"isPartOf\":{\"@id\":\"https:\\\/\\\/www.webdo.tn\\\/fr\\\/actualite\\\/national\\\/il-doit-comparaitre-ce-vendredi-ahmed-nejib-chebbi-s-abstiendra-de-s-exprimer\\\/206639\\\/\"},\"author\":{\"name\":\"CL\",\"@id\":\"https:\\\/\\\/www.webdo.tn\\\/fr\\\/#\\\/schema\\\/person\\\/f35b42a42c5e2511bbd282959d6385cc\"},\"headline\":\"Il doit comparaitre ce vendredi : Ahmed Nejib Chebbi s\u2019abstiendra de s\u2019exprimer\",\"datePublished\":\"2023-06-16T10:11:00+00:00\",\"dateModified\":\"2025-05-20T22:50:43+00:00\",\"mainEntityOfPage\":{\"@id\":\"https:\\\/\\\/www.webdo.tn\\\/fr\\\/actualite\\\/national\\\/il-doit-comparaitre-ce-vendredi-ahmed-nejib-chebbi-s-abstiendra-de-s-exprimer\\\/206639\\\/\"},\"wordCount\":200,\"commentCount\":0,\"publisher\":{\"@id\":\"https:\\\/\\\/www.webdo.tn\\\/fr\\\/#organization\"},\"image\":{\"@id\":\"https:\\\/\\\/www.webdo.tn\\\/fr\\\/actualite\\\/national\\\/il-doit-comparaitre-ce-vendredi-ahmed-nejib-chebbi-s-abstiendra-de-s-exprimer\\\/206639\\\/#primaryimage\"},\"thumbnailUrl\":\"https:\\\/\\\/www.webdo.tn\\\/fr\\\/wp-content\\\/uploads\\\/2023\\\/06\\\/62997928bbccfcf5eceb166af4d91ac8.jpg\",\"keywords\":[\"ahmed nejib chebbi\",\"Front de salut\",\"Tunisie\"],\"articleSection\":[\"National\"],\"inLanguage\":\"fr-FR\"},{\"@type\":\"WebPage\",\"@id\":\"https:\\\/\\\/www.webdo.tn\\\/fr\\\/actualite\\\/national\\\/il-doit-comparaitre-ce-vendredi-ahmed-nejib-chebbi-s-abstiendra-de-s-exprimer\\\/206639\\\/\",\"url\":\"https:\\\/\\\/www.webdo.tn\\\/fr\\\/actualite\\\/national\\\/il-doit-comparaitre-ce-vendredi-ahmed-nejib-chebbi-s-abstiendra-de-s-exprimer\\\/206639\\\/\",\"name\":\"Il doit comparaitre ce vendredi : Ahmed Nejib Chebbi s\u2019abstiendra de s\u2019exprimer\",\"isPartOf\":{\"@id\":\"https:\\\/\\\/www.webdo.tn\\\/fr\\\/#website\"},\"primaryImageOfPage\":{\"@id\":\"https:\\\/\\\/www.webdo.tn\\\/fr\\\/actualite\\\/national\\\/il-doit-comparaitre-ce-vendredi-ahmed-nejib-chebbi-s-abstiendra-de-s-exprimer\\\/206639\\\/#primaryimage\"},\"image\":{\"@id\":\"https:\\\/\\\/www.webdo.tn\\\/fr\\\/actualite\\\/national\\\/il-doit-comparaitre-ce-vendredi-ahmed-nejib-chebbi-s-abstiendra-de-s-exprimer\\\/206639\\\/#primaryimage\"},\"thumbnailUrl\":\"https:\\\/\\\/www.webdo.tn\\\/fr\\\/wp-content\\\/uploads\\\/2023\\\/06\\\/62997928bbccfcf5eceb166af4d91ac8.jpg\",\"datePublished\":\"2023-06-16T10:11:00+00:00\",\"dateModified\":\"2025-05-20T22:50:43+00:00\",\"description\":\"C\u2019est aujourd\u2019hui vendredi 16 juin 2023, que le chef du Front de salut comparait devant le juge d\u2019instruction dans le cadre de l\u2019affaire de complot contre la s\u00fb...\",\"breadcrumb\":{\"@id\":\"https:\\\/\\\/www.webdo.tn\\\/fr\\\/actualite\\\/national\\\/il-doit-comparaitre-ce-vendredi-ahmed-nejib-chebbi-s-abstiendra-de-s-exprimer\\\/206639\\\/#breadcrumb\"},\"inLanguage\":\"fr-FR\",\"potentialAction\":[{\"@type\":\"ReadAction\",\"target\":[\"https:\\\/\\\/www.webdo.tn\\\/fr\\\/actualite\\\/national\\\/il-doit-comparaitre-ce-vendredi-ahmed-nejib-chebbi-s-abstiendra-de-s-exprimer\\\/206639\\\/\"]}]},{\"@type\":\"ImageObject\",\"inLanguage\":\"fr-FR\",\"@id\":\"https:\\\/\\\/www.webdo.tn\\\/fr\\\/actualite\\\/national\\\/il-doit-comparaitre-ce-vendredi-ahmed-nejib-chebbi-s-abstiendra-de-s-exprimer\\\/206639\\\/#primaryimage\",\"url\":\"https:\\\/\\\/www.webdo.tn\\\/fr\\\/wp-content\\\/uploads\\\/2023\\\/06\\\/62997928bbccfcf5eceb166af4d91ac8.jpg\",\"contentUrl\":\"https:\\\/\\\/www.webdo.tn\\\/fr\\\/wp-content\\\/uploads\\\/2023\\\/06\\\/62997928bbccfcf5eceb166af4d91ac8.jpg\",\"width\":750,\"height\":400,\"caption\":\"Il doit comparaitre ce vendredi : Ahmed Nejib Chebbi s\u2019abstiendra de s\u2019exprimer\"},{\"@type\":\"BreadcrumbList\",\"@id\":\"https:\\\/\\\/www.webdo.tn\\\/fr\\\/actualite\\\/national\\\/il-doit-comparaitre-ce-vendredi-ahmed-nejib-chebbi-s-abstiendra-de-s-exprimer\\\/206639\\\/#breadcrumb\",\"itemListElement\":[{\"@type\":\"ListItem\",\"position\":1,\"name\":\"Accueil\",\"item\":\"https:\\\/\\\/www.webdo.tn\\\/fr\\\/\"},{\"@type\":\"ListItem\",\"position\":2,\"name\":\"Il doit comparaitre ce vendredi : Ahmed Nejib Chebbi s\u2019abstiendra de s\u2019exprimer\"}]},{\"@type\":\"WebSite\",\"@id\":\"https:\\\/\\\/www.webdo.tn\\\/fr\\\/#website\",\"url\":\"https:\\\/\\\/www.webdo.tn\\\/fr\\\/\",\"name\":\"webdo\",\"description\":\"Tunisie - News en Tunisie et \u00e0 l&#039;international sur Webdo.tn\",\"publisher\":{\"@id\":\"https:\\\/\\\/www.webdo.tn\\\/fr\\\/#organization\"},\"potentialAction\":[{\"@type\":\"SearchAction\",\"target\":{\"@type\":\"EntryPoint\",\"urlTemplate\":\"https:\\\/\\\/www.webdo.tn\\\/fr\\\/?s={search_term_string}\"},\"query-input\":{\"@type\":\"PropertyValueSpecification\",\"valueRequired\":true,\"valueName\":\"search_term_string\"}}],\"inLanguage\":\"fr-FR\"},{\"@type\":\"Organization\",\"@id\":\"https:\\\/\\\/www.webdo.tn\\\/fr\\\/#organization\",\"name\":\"Webdo\",\"alternateName\":\"Webdo.tn\",\"url\":\"https:\\\/\\\/www.webdo.tn\\\/fr\\\/\",\"logo\":{\"@type\":\"ImageObject\",\"inLanguage\":\"fr-FR\",\"@id\":\"https:\\\/\\\/www.webdo.tn\\\/fr\\\/#\\\/schema\\\/logo\\\/image\\\/\",\"url\":\"https:\\\/\\\/www.webdo.tn\\\/fr\\\/wp-content\\\/uploads\\\/2025\\\/06\\\/Webdo-Tunisie_168377.jpg\",\"contentUrl\":\"https:\\\/\\\/www.webdo.tn\\\/fr\\\/wp-content\\\/uploads\\\/2025\\\/06\\\/Webdo-Tunisie_168377.jpg\",\"width\":301,\"height\":301,\"caption\":\"Webdo\"},\"image\":{\"@id\":\"https:\\\/\\\/www.webdo.tn\\\/fr\\\/#\\\/schema\\\/logo\\\/image\\\/\"},\"sameAs\":[\"https:\\\/\\\/www.facebook.com\\\/webdotn\",\"https:\\\/\\\/x.com\\\/webdo_tn\"],\"description\":\"Webdo est un m\u00e9dia num\u00e9rique tunisien fond\u00e9 en 2010, sp\u00e9cialis\u00e9 dans l\u2019actualit\u00e9 nationale et internationale, l\u2019\u00e9conomie, la soci\u00e9t\u00e9 et les analyses politiques. Le site s\u2019adresse \u00e0 un large public francophone et couvre l\u2019information tunisienne en temps r\u00e9el.\",\"email\":\"redac@webdo.tn\",\"legalName\":\"YNJ SARL\",\"foundingDate\":\"2010-09-06\",\"numberOfEmployees\":{\"@type\":\"QuantitativeValue\",\"minValue\":\"11\",\"maxValue\":\"50\"}},{\"@type\":\"Person\",\"@id\":\"https:\\\/\\\/www.webdo.tn\\\/fr\\\/#\\\/schema\\\/person\\\/f35b42a42c5e2511bbd282959d6385cc\",\"name\":\"CL\",\"image\":{\"@type\":\"ImageObject\",\"inLanguage\":\"fr-FR\",\"@id\":\"https:\\\/\\\/secure.gravatar.com\\\/avatar\\\/1447a49909b67aa657c488aec6512e1dd6143a480c1ecfee9b5b5cd74eb3b59e?s=96&d=mm&r=g\",\"url\":\"https:\\\/\\\/secure.gravatar.com\\\/avatar\\\/1447a49909b67aa657c488aec6512e1dd6143a480c1ecfee9b5b5cd74eb3b59e?s=96&d=mm&r=g\",\"contentUrl\":\"https:\\\/\\\/secure.gravatar.com\\\/avatar\\\/1447a49909b67aa657c488aec6512e1dd6143a480c1ecfee9b5b5cd74eb3b59e?s=96&d=mm&r=g\",\"caption\":\"CL\"},\"url\":\"https:\\\/\\\/www.webdo.tn\\\/fr\\\/actualite\\\/author\\\/cl\\\/\"}]}<\/script>\n<!-- \/ Yoast SEO Premium plugin. -->","yoast_head_json":{"title":"Il doit comparaitre ce vendredi : Ahmed Nejib Chebbi s\u2019abstiendra de s\u2019exprimer","description":"C\u2019est aujourd\u2019hui vendredi 16 juin 2023, que le chef du Front de salut comparait devant le juge d\u2019instruction dans le cadre de l\u2019affaire de complot contre la s\u00fb...","canonical":"https:\/\/www.webdo.tn\/fr\/actualite\/national\/il-doit-comparaitre-ce-vendredi-ahmed-nejib-chebbi-s-abstiendra-de-s-exprimer\/206639\/","og_locale":"fr_FR","og_type":"article","og_title":"Il doit comparaitre ce vendredi : Ahmed Nejib Chebbi s\u2019abstiendra de s\u2019exprimer","og_description":"C\u2019est aujourd\u2019hui vendredi 16 juin 2023, que le chef du Front de salut comparait devant le juge d\u2019instruction dans le cadre de l\u2019affaire de complot contre la s\u00fb...","og_url":"https:\/\/www.webdo.tn\/fr\/actualite\/national\/il-doit-comparaitre-ce-vendredi-ahmed-nejib-chebbi-s-abstiendra-de-s-exprimer\/206639\/","og_site_name":"webdo","article_publisher":"https:\/\/www.facebook.com\/webdotn","article_published_time":"2023-06-16T10:11:00+00:00","article_modified_time":"2025-05-20T22:50:43+00:00","og_image":[{"width":750,"height":400,"url":"https:\/\/www.webdo.tn\/fr\/wp-content\/uploads\/2023\/06\/62997928bbccfcf5eceb166af4d91ac8.jpg","type":"image\/jpeg"}],"author":"CL","twitter_card":"summary_large_image","twitter_creator":"@webdo_tn","twitter_site":"@webdo_tn","twitter_misc":{"\u00c9crit par":"CL","Dur\u00e9e de lecture estim\u00e9e":"1 minute"},"schema":{"@context":"https:\/\/schema.org","@graph":[{"@type":"NewsArticle","@id":"https:\/\/www.webdo.tn\/fr\/actualite\/national\/il-doit-comparaitre-ce-vendredi-ahmed-nejib-chebbi-s-abstiendra-de-s-exprimer\/206639\/#article","isPartOf":{"@id":"https:\/\/www.webdo.tn\/fr\/actualite\/national\/il-doit-comparaitre-ce-vendredi-ahmed-nejib-chebbi-s-abstiendra-de-s-exprimer\/206639\/"},"author":{"name":"CL","@id":"https:\/\/www.webdo.tn\/fr\/#\/schema\/person\/f35b42a42c5e2511bbd282959d6385cc"},"headline":"Il doit comparaitre ce vendredi : Ahmed Nejib Chebbi s\u2019abstiendra de s\u2019exprimer","datePublished":"2023-06-16T10:11:00+00:00","dateModified":"2025-05-20T22:50:43+00:00","mainEntityOfPage":{"@id":"https:\/\/www.webdo.tn\/fr\/actualite\/national\/il-doit-comparaitre-ce-vendredi-ahmed-nejib-chebbi-s-abstiendra-de-s-exprimer\/206639\/"},"wordCount":200,"commentCount":0,"publisher":{"@id":"https:\/\/www.webdo.tn\/fr\/#organization"},"image":{"@id":"https:\/\/www.webdo.tn\/fr\/actualite\/national\/il-doit-comparaitre-ce-vendredi-ahmed-nejib-chebbi-s-abstiendra-de-s-exprimer\/206639\/#primaryimage"},"thumbnailUrl":"https:\/\/www.webdo.tn\/fr\/wp-content\/uploads\/2023\/06\/62997928bbccfcf5eceb166af4d91ac8.jpg","keywords":["ahmed nejib chebbi","Front de salut","Tunisie"],"articleSection":["National"],"inLanguage":"fr-FR"},{"@type":"WebPage","@id":"https:\/\/www.webdo.tn\/fr\/actualite\/national\/il-doit-comparaitre-ce-vendredi-ahmed-nejib-chebbi-s-abstiendra-de-s-exprimer\/206639\/","url":"https:\/\/www.webdo.tn\/fr\/actualite\/national\/il-doit-comparaitre-ce-vendredi-ahmed-nejib-chebbi-s-abstiendra-de-s-exprimer\/206639\/","name":"Il doit comparaitre ce vendredi : Ahmed Nejib Chebbi s\u2019abstiendra de s\u2019exprimer","isPartOf":{"@id":"https:\/\/www.webdo.tn\/fr\/#website"},"primaryImageOfPage":{"@id":"https:\/\/www.webdo.tn\/fr\/actualite\/national\/il-doit-comparaitre-ce-vendredi-ahmed-nejib-chebbi-s-abstiendra-de-s-exprimer\/206639\/#primaryimage"},"image":{"@id":"https:\/\/www.webdo.tn\/fr\/actualite\/national\/il-doit-comparaitre-ce-vendredi-ahmed-nejib-chebbi-s-abstiendra-de-s-exprimer\/206639\/#primaryimage"},"thumbnailUrl":"https:\/\/www.webdo.tn\/fr\/wp-content\/uploads\/2023\/06\/62997928bbccfcf5eceb166af4d91ac8.jpg","datePublished":"2023-06-16T10:11:00+00:00","dateModified":"2025-05-20T22:50:43+00:00","description":"C\u2019est aujourd\u2019hui vendredi 16 juin 2023, que le chef du Front de salut comparait devant le juge d\u2019instruction dans le cadre de l\u2019affaire de complot contre la s\u00fb...","breadcrumb":{"@id":"https:\/\/www.webdo.tn\/fr\/actualite\/national\/il-doit-comparaitre-ce-vendredi-ahmed-nejib-chebbi-s-abstiendra-de-s-exprimer\/206639\/#breadcrumb"},"inLanguage":"fr-FR","potentialAction":[{"@type":"ReadAction","target":["https:\/\/www.webdo.tn\/fr\/actualite\/national\/il-doit-comparaitre-ce-vendredi-ahmed-nejib-chebbi-s-abstiendra-de-s-exprimer\/206639\/"]}]},{"@type":"ImageObject","inLanguage":"fr-FR","@id":"https:\/\/www.webdo.tn\/fr\/actualite\/national\/il-doit-comparaitre-ce-vendredi-ahmed-nejib-chebbi-s-abstiendra-de-s-exprimer\/206639\/#primaryimage","url":"https:\/\/www.webdo.tn\/fr\/wp-content\/uploads\/2023\/06\/62997928bbccfcf5eceb166af4d91ac8.jpg","contentUrl":"https:\/\/www.webdo.tn\/fr\/wp-content\/uploads\/2023\/06\/62997928bbccfcf5eceb166af4d91ac8.jpg","width":750,"height":400,"caption":"Il doit comparaitre ce vendredi : Ahmed Nejib Chebbi s\u2019abstiendra de s\u2019exprimer"},{"@type":"BreadcrumbList","@id":"https:\/\/www.webdo.tn\/fr\/actualite\/national\/il-doit-comparaitre-ce-vendredi-ahmed-nejib-chebbi-s-abstiendra-de-s-exprimer\/206639\/#breadcrumb","itemListElement":[{"@type":"ListItem","position":1,"name":"Accueil","item":"https:\/\/www.webdo.tn\/fr\/"},{"@type":"ListItem","position":2,"name":"Il doit comparaitre ce vendredi : Ahmed Nejib Chebbi s\u2019abstiendra de s\u2019exprimer"}]},{"@type":"WebSite","@id":"https:\/\/www.webdo.tn\/fr\/#website","url":"https:\/\/www.webdo.tn\/fr\/","name":"webdo","description":"Tunisie - News en Tunisie et \u00e0 l&#039;international sur Webdo.tn","publisher":{"@id":"https:\/\/www.webdo.tn\/fr\/#organization"},"potentialAction":[{"@type":"SearchAction","target":{"@type":"EntryPoint","urlTemplate":"https:\/\/www.webdo.tn\/fr\/?s={search_term_string}"},"query-input":{"@type":"PropertyValueSpecification","valueRequired":true,"valueName":"search_term_string"}}],"inLanguage":"fr-FR"},{"@type":"Organization","@id":"https:\/\/www.webdo.tn\/fr\/#organization","name":"Webdo","alternateName":"Webdo.tn","url":"https:\/\/www.webdo.tn\/fr\/","logo":{"@type":"ImageObject","inLanguage":"fr-FR","@id":"https:\/\/www.webdo.tn\/fr\/#\/schema\/logo\/image\/","url":"https:\/\/www.webdo.tn\/fr\/wp-content\/uploads\/2025\/06\/Webdo-Tunisie_168377.jpg","contentUrl":"https:\/\/www.webdo.tn\/fr\/wp-content\/uploads\/2025\/06\/Webdo-Tunisie_168377.jpg","width":301,"height":301,"caption":"Webdo"},"image":{"@id":"https:\/\/www.webdo.tn\/fr\/#\/schema\/logo\/image\/"},"sameAs":["https:\/\/www.facebook.com\/webdotn","https:\/\/x.com\/webdo_tn"],"description":"Webdo est un m\u00e9dia num\u00e9rique tunisien fond\u00e9 en 2010, sp\u00e9cialis\u00e9 dans l\u2019actualit\u00e9 nationale et internationale, l\u2019\u00e9conomie, la soci\u00e9t\u00e9 et les analyses politiques. Le site s\u2019adresse \u00e0 un large public francophone et couvre l\u2019information tunisienne en temps r\u00e9el.","email":"redac@webdo.tn","legalName":"YNJ SARL","foundingDate":"2010-09-06","numberOfEmployees":{"@type":"QuantitativeValue","minValue":"11","maxValue":"50"}},{"@type":"Person","@id":"https:\/\/www.webdo.tn\/fr\/#\/schema\/person\/f35b42a42c5e2511bbd282959d6385cc","name":"CL","image":{"@type":"ImageObject","inLanguage":"fr-FR","@id":"https:\/\/secure.gravatar.com\/avatar\/1447a49909b67aa657c488aec6512e1dd6143a480c1ecfee9b5b5cd74eb3b59e?s=96&d=mm&r=g","url":"https:\/\/secure.gravatar.com\/avatar\/1447a49909b67aa657c488aec6512e1dd6143a480c1ecfee9b5b5cd74eb3b59e?s=96&d=mm&r=g","contentUrl":"https:\/\/secure.gravatar.com\/avatar\/1447a49909b67aa657c488aec6512e1dd6143a480c1ecfee9b5b5cd74eb3b59e?s=96&d=mm&r=g","caption":"CL"},"url":"https:\/\/www.webdo.tn\/fr\/actualite\/author\/cl\/"}]}},"_links":{"self":[{"href":"https:\/\/www.webdo.tn\/fr\/wp-json\/wp\/v2\/posts\/206639","targetHints":{"allow":["GET"]}}],"collection":[{"href":"https:\/\/www.webdo.tn\/fr\/wp-json\/wp\/v2\/posts"}],"about":[{"href":"https:\/\/www.webdo.tn\/fr\/wp-json\/wp\/v2\/types\/post"}],"author":[{"embeddable":true,"href":"https:\/\/www.webdo.tn\/fr\/wp-json\/wp\/v2\/users\/3175"}],"replies":[{"embeddable":true,"href":"https:\/\/www.webdo.tn\/fr\/wp-json\/wp\/v2\/comments?post=206639"}],"version-history":[{"count":0,"href":"https:\/\/www.webdo.tn\/fr\/wp-json\/wp\/v2\/posts\/206639\/revisions"}],"wp:featuredmedia":[{"embeddable":true,"href":"https:\/\/www.webdo.tn\/fr\/wp-json\/wp\/v2\/media\/278385"}],"wp:attachment":[{"href":"https:\/\/www.webdo.tn\/fr\/wp-json\/wp\/v2\/media?parent=206639"}],"wp:term":[{"taxonomy":"category","embeddable":true,"href":"https:\/\/www.webdo.tn\/fr\/wp-json\/wp\/v2\/categories?post=206639"},{"taxonomy":"post_tag","embeddable":true,"href":"https:\/\/www.webdo.tn\/fr\/wp-json\/wp\/v2\/tags?post=206639"}],"curies":[{"name":"wp","href":"https:\/\/api.w.org\/{rel}","templated":true}]}}