{"id":206616,"date":"2023-06-15T13:08:00","date_gmt":"2023-06-15T13:08:00","guid":{"rendered":"https:\/\/www.webdo.tn\/fr\/blog\/scandale-au-festival-arabe-de-la-radio-et-de-la-television-des-invitations-proposees-a-100-dinars-sur-facebook\/206616\/"},"modified":"2025-05-20T22:58:10","modified_gmt":"2025-05-20T22:58:10","slug":"scandale-au-festival-arabe-de-la-radio-et-de-la-television-des-invitations-proposees-a-100-dinars-sur-facebook","status":"publish","type":"post","link":"https:\/\/www.webdo.tn\/fr\/actualite\/culture\/scandale-au-festival-arabe-de-la-radio-et-de-la-television-des-invitations-proposees-a-100-dinars-sur-facebook\/206616\/","title":{"rendered":"Scandale au Festival arabe de la radio et de la t\u00e9l\u00e9vision : des invitations propos\u00e9es \u00e0 100 dinars sur facebook !"},"content":{"rendered":"<p>Des invitations donnant acc\u00e8s \u00e0 la c\u00e9r\u00e9monie de cl\u00f4ture du Festival arabe de la radio et de la t\u00e9l\u00e9vision, c\u00e9l\u00e9br\u00e9e ce soir au th\u00e9\u00e2tre antique de Carthage, sont propos\u00e9es \u00e0 100 dinars sur facebook. Silence radio \u00e0 l\u2019ASBU !<\/p>\n<p>\t\t\t\t\t\t\t\t\tDes invitations accord\u00e9es par l\u2019Union des radios et t\u00e9l\u00e9visions arabes (ASBU) \u00e0 des convives pour assister au gala du chanteur \u00e9gyptien Thameur Hosni, ce soir, au th\u00e9\u00e2tre antique de Carthage, sont propos\u00e9es sur facebook \u00e0 100 dinars pi\u00e8ce.<\/p>\n<p>On aura tout vu. L\u2019info s\u2019est propag\u00e9e rapidement sur internet et entre \u00e9tonnement, discr\u00e9ditation et cri au scandale, l\u2019op\u00e9ration ne semble aucunement offusquer ses mandataires.<\/p>\n<p>C\u2019est, d\u00e9sormais, la foire d\u2019empoigne du c\u00f4t\u00e9 du Festival de la Radio et l\u2019on ne sait pas \u00e0 quel prix seront \u00e9coul\u00e9s ces s\u00e9sames \u00e0 l\u2019approche du gala de la star \u00e9gyptienne ?<\/p>\n","protected":false},"excerpt":{"rendered":"<p>Des invitations donnant acc\u00e8s \u00e0 la c\u00e9r\u00e9monie de cl\u00f4ture du Festival arabe de la radio et de la t\u00e9l\u00e9vision sont propos\u00e9es \u00e0 100 dinars sur facebook<\/p>\n","protected":false},"author":3188,"featured_media":249959,"comment_status":"open","ping_status":"closed","sticky":false,"template":"","format":"standard","meta":{"footnotes":""},"categories":[2594],"tags":[4744,2628,8144,8305],"class_list":["post-206616","post","type-post","status-publish","format-standard","has-post-thumbnail","hentry","category-culture","tag-facebook","tag-festival","tag-spectacle","tag-ticket"],"yoast_head":"<!-- This site is optimized with the Yoast SEO Premium plugin v27.5 (Yoast SEO v27.5) - https:\/\/yoast.com\/product\/yoast-seo-premium-wordpress\/ -->\n<title>Scandale au Festival arabe de la radio et de la t\u00e9l\u00e9vision : des invitations propos\u00e9es \u00e0 100 dinars sur facebook !<\/title>\n<meta name=\"description\" content=\"Des invitations donnant acc\u00e8s \u00e0 la c\u00e9r\u00e9monie de cl\u00f4ture du Festival arabe de la radio et de la t\u00e9l\u00e9vision sont propos\u00e9es \u00e0 100 dinars sur facebook\" \/>\n<link rel=\"canonical\" href=\"https:\/\/www.webdo.tn\/fr\/actualite\/culture\/scandale-au-festival-arabe-de-la-radio-et-de-la-television-des-invitations-proposees-a-100-dinars-sur-facebook\/206616\/\" \/>\n<meta property=\"og:locale\" content=\"fr_FR\" \/>\n<meta property=\"og:type\" content=\"article\" \/>\n<meta property=\"og:title\" content=\"Scandale au Festival arabe de la radio et de la t\u00e9l\u00e9vision : des invitations propos\u00e9es \u00e0 100 dinars sur facebook !\" \/>\n<meta property=\"og:description\" content=\"Des invitations donnant acc\u00e8s \u00e0 la c\u00e9r\u00e9monie de cl\u00f4ture du Festival arabe de la radio et de la t\u00e9l\u00e9vision sont propos\u00e9es \u00e0 100 dinars sur facebook\" \/>\n<meta property=\"og:url\" content=\"https:\/\/www.webdo.tn\/fr\/actualite\/culture\/scandale-au-festival-arabe-de-la-radio-et-de-la-television-des-invitations-proposees-a-100-dinars-sur-facebook\/206616\/\" \/>\n<meta property=\"og:site_name\" content=\"webdo\" \/>\n<meta property=\"article:publisher\" content=\"https:\/\/www.facebook.com\/webdotn\" \/>\n<meta property=\"article:published_time\" content=\"2023-06-15T13:08:00+00:00\" \/>\n<meta property=\"article:modified_time\" content=\"2025-05-20T22:58:10+00:00\" \/>\n<meta property=\"og:image\" content=\"https:\/\/www.webdo.tn\/fr\/wp-content\/uploads\/2023\/06\/4fd025544cc1e87cac0bc05786b8e83d.jpg\" \/>\n\t<meta property=\"og:image:width\" content=\"750\" \/>\n\t<meta property=\"og:image:height\" content=\"400\" \/>\n\t<meta property=\"og:image:type\" content=\"image\/jpeg\" \/>\n<meta name=\"author\" content=\"Ramzi\" \/>\n<meta name=\"twitter:card\" content=\"summary_large_image\" \/>\n<meta name=\"twitter:creator\" content=\"@webdo_tn\" \/>\n<meta name=\"twitter:site\" content=\"@webdo_tn\" \/>\n<meta name=\"twitter:label1\" content=\"\u00c9crit par\" \/>\n\t<meta name=\"twitter:data1\" content=\"Ramzi\" \/>\n\t<meta name=\"twitter:label2\" content=\"Dur\u00e9e de lecture estim\u00e9e\" \/>\n\t<meta name=\"twitter:data2\" content=\"1 minute\" \/>\n<script type=\"application\/ld+json\" class=\"yoast-schema-graph\">{\"@context\":\"https:\\\/\\\/schema.org\",\"@graph\":[{\"@type\":\"NewsArticle\",\"@id\":\"https:\\\/\\\/www.webdo.tn\\\/fr\\\/actualite\\\/culture\\\/scandale-au-festival-arabe-de-la-radio-et-de-la-television-des-invitations-proposees-a-100-dinars-sur-facebook\\\/206616\\\/#article\",\"isPartOf\":{\"@id\":\"https:\\\/\\\/www.webdo.tn\\\/fr\\\/actualite\\\/culture\\\/scandale-au-festival-arabe-de-la-radio-et-de-la-television-des-invitations-proposees-a-100-dinars-sur-facebook\\\/206616\\\/\"},\"author\":{\"name\":\"Ramzi\",\"@id\":\"https:\\\/\\\/www.webdo.tn\\\/fr\\\/#\\\/schema\\\/person\\\/590cb5f81adcfde6385530fdbdf468e2\"},\"headline\":\"Scandale au Festival arabe de la radio et de la t\u00e9l\u00e9vision : des invitations propos\u00e9es \u00e0 100 dinars sur facebook !\",\"datePublished\":\"2023-06-15T13:08:00+00:00\",\"dateModified\":\"2025-05-20T22:58:10+00:00\",\"mainEntityOfPage\":{\"@id\":\"https:\\\/\\\/www.webdo.tn\\\/fr\\\/actualite\\\/culture\\\/scandale-au-festival-arabe-de-la-radio-et-de-la-television-des-invitations-proposees-a-100-dinars-sur-facebook\\\/206616\\\/\"},\"wordCount\":177,\"commentCount\":0,\"publisher\":{\"@id\":\"https:\\\/\\\/www.webdo.tn\\\/fr\\\/#organization\"},\"image\":{\"@id\":\"https:\\\/\\\/www.webdo.tn\\\/fr\\\/actualite\\\/culture\\\/scandale-au-festival-arabe-de-la-radio-et-de-la-television-des-invitations-proposees-a-100-dinars-sur-facebook\\\/206616\\\/#primaryimage\"},\"thumbnailUrl\":\"https:\\\/\\\/www.webdo.tn\\\/fr\\\/wp-content\\\/uploads\\\/2023\\\/06\\\/4fd025544cc1e87cac0bc05786b8e83d.jpg\",\"keywords\":[\"Facebook\",\"Festival\",\"spectacle\",\"ticket\"],\"articleSection\":[\"Culture\"],\"inLanguage\":\"fr-FR\"},{\"@type\":\"WebPage\",\"@id\":\"https:\\\/\\\/www.webdo.tn\\\/fr\\\/actualite\\\/culture\\\/scandale-au-festival-arabe-de-la-radio-et-de-la-television-des-invitations-proposees-a-100-dinars-sur-facebook\\\/206616\\\/\",\"url\":\"https:\\\/\\\/www.webdo.tn\\\/fr\\\/actualite\\\/culture\\\/scandale-au-festival-arabe-de-la-radio-et-de-la-television-des-invitations-proposees-a-100-dinars-sur-facebook\\\/206616\\\/\",\"name\":\"Scandale au Festival arabe de la radio et de la t\u00e9l\u00e9vision : des invitations propos\u00e9es \u00e0 100 dinars sur facebook !\",\"isPartOf\":{\"@id\":\"https:\\\/\\\/www.webdo.tn\\\/fr\\\/#website\"},\"primaryImageOfPage\":{\"@id\":\"https:\\\/\\\/www.webdo.tn\\\/fr\\\/actualite\\\/culture\\\/scandale-au-festival-arabe-de-la-radio-et-de-la-television-des-invitations-proposees-a-100-dinars-sur-facebook\\\/206616\\\/#primaryimage\"},\"image\":{\"@id\":\"https:\\\/\\\/www.webdo.tn\\\/fr\\\/actualite\\\/culture\\\/scandale-au-festival-arabe-de-la-radio-et-de-la-television-des-invitations-proposees-a-100-dinars-sur-facebook\\\/206616\\\/#primaryimage\"},\"thumbnailUrl\":\"https:\\\/\\\/www.webdo.tn\\\/fr\\\/wp-content\\\/uploads\\\/2023\\\/06\\\/4fd025544cc1e87cac0bc05786b8e83d.jpg\",\"datePublished\":\"2023-06-15T13:08:00+00:00\",\"dateModified\":\"2025-05-20T22:58:10+00:00\",\"description\":\"Des invitations donnant acc\u00e8s \u00e0 la c\u00e9r\u00e9monie de cl\u00f4ture du Festival arabe de la radio et de la t\u00e9l\u00e9vision sont propos\u00e9es \u00e0 100 dinars sur facebook\",\"breadcrumb\":{\"@id\":\"https:\\\/\\\/www.webdo.tn\\\/fr\\\/actualite\\\/culture\\\/scandale-au-festival-arabe-de-la-radio-et-de-la-television-des-invitations-proposees-a-100-dinars-sur-facebook\\\/206616\\\/#breadcrumb\"},\"inLanguage\":\"fr-FR\",\"potentialAction\":[{\"@type\":\"ReadAction\",\"target\":[\"https:\\\/\\\/www.webdo.tn\\\/fr\\\/actualite\\\/culture\\\/scandale-au-festival-arabe-de-la-radio-et-de-la-television-des-invitations-proposees-a-100-dinars-sur-facebook\\\/206616\\\/\"]}]},{\"@type\":\"ImageObject\",\"inLanguage\":\"fr-FR\",\"@id\":\"https:\\\/\\\/www.webdo.tn\\\/fr\\\/actualite\\\/culture\\\/scandale-au-festival-arabe-de-la-radio-et-de-la-television-des-invitations-proposees-a-100-dinars-sur-facebook\\\/206616\\\/#primaryimage\",\"url\":\"https:\\\/\\\/www.webdo.tn\\\/fr\\\/wp-content\\\/uploads\\\/2023\\\/06\\\/4fd025544cc1e87cac0bc05786b8e83d.jpg\",\"contentUrl\":\"https:\\\/\\\/www.webdo.tn\\\/fr\\\/wp-content\\\/uploads\\\/2023\\\/06\\\/4fd025544cc1e87cac0bc05786b8e83d.jpg\",\"width\":750,\"height\":400,\"caption\":\"Scandale au Festival arabe de la radio et de la t\u00e9l\u00e9vision : des invitations propos\u00e9es \u00e0 100 dinars sur facebook !\"},{\"@type\":\"BreadcrumbList\",\"@id\":\"https:\\\/\\\/www.webdo.tn\\\/fr\\\/actualite\\\/culture\\\/scandale-au-festival-arabe-de-la-radio-et-de-la-television-des-invitations-proposees-a-100-dinars-sur-facebook\\\/206616\\\/#breadcrumb\",\"itemListElement\":[{\"@type\":\"ListItem\",\"position\":1,\"name\":\"Accueil\",\"item\":\"https:\\\/\\\/www.webdo.tn\\\/fr\\\/\"},{\"@type\":\"ListItem\",\"position\":2,\"name\":\"Scandale au Festival arabe de la radio et de la t\u00e9l\u00e9vision : des invitations propos\u00e9es \u00e0 100 dinars sur facebook !\"}]},{\"@type\":\"WebSite\",\"@id\":\"https:\\\/\\\/www.webdo.tn\\\/fr\\\/#website\",\"url\":\"https:\\\/\\\/www.webdo.tn\\\/fr\\\/\",\"name\":\"webdo\",\"description\":\"Tunisie - News en Tunisie et \u00e0 l&#039;international sur Webdo.tn\",\"publisher\":{\"@id\":\"https:\\\/\\\/www.webdo.tn\\\/fr\\\/#organization\"},\"potentialAction\":[{\"@type\":\"SearchAction\",\"target\":{\"@type\":\"EntryPoint\",\"urlTemplate\":\"https:\\\/\\\/www.webdo.tn\\\/fr\\\/?s={search_term_string}\"},\"query-input\":{\"@type\":\"PropertyValueSpecification\",\"valueRequired\":true,\"valueName\":\"search_term_string\"}}],\"inLanguage\":\"fr-FR\"},{\"@type\":\"Organization\",\"@id\":\"https:\\\/\\\/www.webdo.tn\\\/fr\\\/#organization\",\"name\":\"Webdo\",\"alternateName\":\"Webdo.tn\",\"url\":\"https:\\\/\\\/www.webdo.tn\\\/fr\\\/\",\"logo\":{\"@type\":\"ImageObject\",\"inLanguage\":\"fr-FR\",\"@id\":\"https:\\\/\\\/www.webdo.tn\\\/fr\\\/#\\\/schema\\\/logo\\\/image\\\/\",\"url\":\"https:\\\/\\\/www.webdo.tn\\\/fr\\\/wp-content\\\/uploads\\\/2025\\\/06\\\/Webdo-Tunisie_168377.jpg\",\"contentUrl\":\"https:\\\/\\\/www.webdo.tn\\\/fr\\\/wp-content\\\/uploads\\\/2025\\\/06\\\/Webdo-Tunisie_168377.jpg\",\"width\":301,\"height\":301,\"caption\":\"Webdo\"},\"image\":{\"@id\":\"https:\\\/\\\/www.webdo.tn\\\/fr\\\/#\\\/schema\\\/logo\\\/image\\\/\"},\"sameAs\":[\"https:\\\/\\\/www.facebook.com\\\/webdotn\",\"https:\\\/\\\/x.com\\\/webdo_tn\"],\"description\":\"Webdo est un m\u00e9dia num\u00e9rique tunisien fond\u00e9 en 2010, sp\u00e9cialis\u00e9 dans l\u2019actualit\u00e9 nationale et internationale, l\u2019\u00e9conomie, la soci\u00e9t\u00e9 et les analyses politiques. Le site s\u2019adresse \u00e0 un large public francophone et couvre l\u2019information tunisienne en temps r\u00e9el.\",\"email\":\"redac@webdo.tn\",\"legalName\":\"YNJ SARL\",\"foundingDate\":\"2010-09-06\",\"numberOfEmployees\":{\"@type\":\"QuantitativeValue\",\"minValue\":\"11\",\"maxValue\":\"50\"}},{\"@type\":\"Person\",\"@id\":\"https:\\\/\\\/www.webdo.tn\\\/fr\\\/#\\\/schema\\\/person\\\/590cb5f81adcfde6385530fdbdf468e2\",\"name\":\"Ramzi\",\"image\":{\"@type\":\"ImageObject\",\"inLanguage\":\"fr-FR\",\"@id\":\"https:\\\/\\\/secure.gravatar.com\\\/avatar\\\/48df7d18915e10cf866ba8e27604c81ff9243fd52704a1d210c3e387e1cb8d87?s=96&d=mm&r=g\",\"url\":\"https:\\\/\\\/secure.gravatar.com\\\/avatar\\\/48df7d18915e10cf866ba8e27604c81ff9243fd52704a1d210c3e387e1cb8d87?s=96&d=mm&r=g\",\"contentUrl\":\"https:\\\/\\\/secure.gravatar.com\\\/avatar\\\/48df7d18915e10cf866ba8e27604c81ff9243fd52704a1d210c3e387e1cb8d87?s=96&d=mm&r=g\",\"caption\":\"Ramzi\"},\"url\":\"https:\\\/\\\/www.webdo.tn\\\/fr\\\/actualite\\\/author\\\/ramzi\\\/\"}]}<\/script>\n<!-- \/ Yoast SEO Premium plugin. -->","yoast_head_json":{"title":"Scandale au Festival arabe de la radio et de la t\u00e9l\u00e9vision : des invitations propos\u00e9es \u00e0 100 dinars sur facebook !","description":"Des invitations donnant acc\u00e8s \u00e0 la c\u00e9r\u00e9monie de cl\u00f4ture du Festival arabe de la radio et de la t\u00e9l\u00e9vision sont propos\u00e9es \u00e0 100 dinars sur facebook","canonical":"https:\/\/www.webdo.tn\/fr\/actualite\/culture\/scandale-au-festival-arabe-de-la-radio-et-de-la-television-des-invitations-proposees-a-100-dinars-sur-facebook\/206616\/","og_locale":"fr_FR","og_type":"article","og_title":"Scandale au Festival arabe de la radio et de la t\u00e9l\u00e9vision : des invitations propos\u00e9es \u00e0 100 dinars sur facebook !","og_description":"Des invitations donnant acc\u00e8s \u00e0 la c\u00e9r\u00e9monie de cl\u00f4ture du Festival arabe de la radio et de la t\u00e9l\u00e9vision sont propos\u00e9es \u00e0 100 dinars sur facebook","og_url":"https:\/\/www.webdo.tn\/fr\/actualite\/culture\/scandale-au-festival-arabe-de-la-radio-et-de-la-television-des-invitations-proposees-a-100-dinars-sur-facebook\/206616\/","og_site_name":"webdo","article_publisher":"https:\/\/www.facebook.com\/webdotn","article_published_time":"2023-06-15T13:08:00+00:00","article_modified_time":"2025-05-20T22:58:10+00:00","og_image":[{"width":750,"height":400,"url":"https:\/\/www.webdo.tn\/fr\/wp-content\/uploads\/2023\/06\/4fd025544cc1e87cac0bc05786b8e83d.jpg","type":"image\/jpeg"}],"author":"Ramzi","twitter_card":"summary_large_image","twitter_creator":"@webdo_tn","twitter_site":"@webdo_tn","twitter_misc":{"\u00c9crit par":"Ramzi","Dur\u00e9e de lecture estim\u00e9e":"1 minute"},"schema":{"@context":"https:\/\/schema.org","@graph":[{"@type":"NewsArticle","@id":"https:\/\/www.webdo.tn\/fr\/actualite\/culture\/scandale-au-festival-arabe-de-la-radio-et-de-la-television-des-invitations-proposees-a-100-dinars-sur-facebook\/206616\/#article","isPartOf":{"@id":"https:\/\/www.webdo.tn\/fr\/actualite\/culture\/scandale-au-festival-arabe-de-la-radio-et-de-la-television-des-invitations-proposees-a-100-dinars-sur-facebook\/206616\/"},"author":{"name":"Ramzi","@id":"https:\/\/www.webdo.tn\/fr\/#\/schema\/person\/590cb5f81adcfde6385530fdbdf468e2"},"headline":"Scandale au Festival arabe de la radio et de la t\u00e9l\u00e9vision : des invitations propos\u00e9es \u00e0 100 dinars sur facebook !","datePublished":"2023-06-15T13:08:00+00:00","dateModified":"2025-05-20T22:58:10+00:00","mainEntityOfPage":{"@id":"https:\/\/www.webdo.tn\/fr\/actualite\/culture\/scandale-au-festival-arabe-de-la-radio-et-de-la-television-des-invitations-proposees-a-100-dinars-sur-facebook\/206616\/"},"wordCount":177,"commentCount":0,"publisher":{"@id":"https:\/\/www.webdo.tn\/fr\/#organization"},"image":{"@id":"https:\/\/www.webdo.tn\/fr\/actualite\/culture\/scandale-au-festival-arabe-de-la-radio-et-de-la-television-des-invitations-proposees-a-100-dinars-sur-facebook\/206616\/#primaryimage"},"thumbnailUrl":"https:\/\/www.webdo.tn\/fr\/wp-content\/uploads\/2023\/06\/4fd025544cc1e87cac0bc05786b8e83d.jpg","keywords":["Facebook","Festival","spectacle","ticket"],"articleSection":["Culture"],"inLanguage":"fr-FR"},{"@type":"WebPage","@id":"https:\/\/www.webdo.tn\/fr\/actualite\/culture\/scandale-au-festival-arabe-de-la-radio-et-de-la-television-des-invitations-proposees-a-100-dinars-sur-facebook\/206616\/","url":"https:\/\/www.webdo.tn\/fr\/actualite\/culture\/scandale-au-festival-arabe-de-la-radio-et-de-la-television-des-invitations-proposees-a-100-dinars-sur-facebook\/206616\/","name":"Scandale au Festival arabe de la radio et de la t\u00e9l\u00e9vision : des invitations propos\u00e9es \u00e0 100 dinars sur facebook !","isPartOf":{"@id":"https:\/\/www.webdo.tn\/fr\/#website"},"primaryImageOfPage":{"@id":"https:\/\/www.webdo.tn\/fr\/actualite\/culture\/scandale-au-festival-arabe-de-la-radio-et-de-la-television-des-invitations-proposees-a-100-dinars-sur-facebook\/206616\/#primaryimage"},"image":{"@id":"https:\/\/www.webdo.tn\/fr\/actualite\/culture\/scandale-au-festival-arabe-de-la-radio-et-de-la-television-des-invitations-proposees-a-100-dinars-sur-facebook\/206616\/#primaryimage"},"thumbnailUrl":"https:\/\/www.webdo.tn\/fr\/wp-content\/uploads\/2023\/06\/4fd025544cc1e87cac0bc05786b8e83d.jpg","datePublished":"2023-06-15T13:08:00+00:00","dateModified":"2025-05-20T22:58:10+00:00","description":"Des invitations donnant acc\u00e8s \u00e0 la c\u00e9r\u00e9monie de cl\u00f4ture du Festival arabe de la radio et de la t\u00e9l\u00e9vision sont propos\u00e9es \u00e0 100 dinars sur facebook","breadcrumb":{"@id":"https:\/\/www.webdo.tn\/fr\/actualite\/culture\/scandale-au-festival-arabe-de-la-radio-et-de-la-television-des-invitations-proposees-a-100-dinars-sur-facebook\/206616\/#breadcrumb"},"inLanguage":"fr-FR","potentialAction":[{"@type":"ReadAction","target":["https:\/\/www.webdo.tn\/fr\/actualite\/culture\/scandale-au-festival-arabe-de-la-radio-et-de-la-television-des-invitations-proposees-a-100-dinars-sur-facebook\/206616\/"]}]},{"@type":"ImageObject","inLanguage":"fr-FR","@id":"https:\/\/www.webdo.tn\/fr\/actualite\/culture\/scandale-au-festival-arabe-de-la-radio-et-de-la-television-des-invitations-proposees-a-100-dinars-sur-facebook\/206616\/#primaryimage","url":"https:\/\/www.webdo.tn\/fr\/wp-content\/uploads\/2023\/06\/4fd025544cc1e87cac0bc05786b8e83d.jpg","contentUrl":"https:\/\/www.webdo.tn\/fr\/wp-content\/uploads\/2023\/06\/4fd025544cc1e87cac0bc05786b8e83d.jpg","width":750,"height":400,"caption":"Scandale au Festival arabe de la radio et de la t\u00e9l\u00e9vision : des invitations propos\u00e9es \u00e0 100 dinars sur facebook !"},{"@type":"BreadcrumbList","@id":"https:\/\/www.webdo.tn\/fr\/actualite\/culture\/scandale-au-festival-arabe-de-la-radio-et-de-la-television-des-invitations-proposees-a-100-dinars-sur-facebook\/206616\/#breadcrumb","itemListElement":[{"@type":"ListItem","position":1,"name":"Accueil","item":"https:\/\/www.webdo.tn\/fr\/"},{"@type":"ListItem","position":2,"name":"Scandale au Festival arabe de la radio et de la t\u00e9l\u00e9vision : des invitations propos\u00e9es \u00e0 100 dinars sur facebook !"}]},{"@type":"WebSite","@id":"https:\/\/www.webdo.tn\/fr\/#website","url":"https:\/\/www.webdo.tn\/fr\/","name":"webdo","description":"Tunisie - News en Tunisie et \u00e0 l&#039;international sur Webdo.tn","publisher":{"@id":"https:\/\/www.webdo.tn\/fr\/#organization"},"potentialAction":[{"@type":"SearchAction","target":{"@type":"EntryPoint","urlTemplate":"https:\/\/www.webdo.tn\/fr\/?s={search_term_string}"},"query-input":{"@type":"PropertyValueSpecification","valueRequired":true,"valueName":"search_term_string"}}],"inLanguage":"fr-FR"},{"@type":"Organization","@id":"https:\/\/www.webdo.tn\/fr\/#organization","name":"Webdo","alternateName":"Webdo.tn","url":"https:\/\/www.webdo.tn\/fr\/","logo":{"@type":"ImageObject","inLanguage":"fr-FR","@id":"https:\/\/www.webdo.tn\/fr\/#\/schema\/logo\/image\/","url":"https:\/\/www.webdo.tn\/fr\/wp-content\/uploads\/2025\/06\/Webdo-Tunisie_168377.jpg","contentUrl":"https:\/\/www.webdo.tn\/fr\/wp-content\/uploads\/2025\/06\/Webdo-Tunisie_168377.jpg","width":301,"height":301,"caption":"Webdo"},"image":{"@id":"https:\/\/www.webdo.tn\/fr\/#\/schema\/logo\/image\/"},"sameAs":["https:\/\/www.facebook.com\/webdotn","https:\/\/x.com\/webdo_tn"],"description":"Webdo est un m\u00e9dia num\u00e9rique tunisien fond\u00e9 en 2010, sp\u00e9cialis\u00e9 dans l\u2019actualit\u00e9 nationale et internationale, l\u2019\u00e9conomie, la soci\u00e9t\u00e9 et les analyses politiques. Le site s\u2019adresse \u00e0 un large public francophone et couvre l\u2019information tunisienne en temps r\u00e9el.","email":"redac@webdo.tn","legalName":"YNJ SARL","foundingDate":"2010-09-06","numberOfEmployees":{"@type":"QuantitativeValue","minValue":"11","maxValue":"50"}},{"@type":"Person","@id":"https:\/\/www.webdo.tn\/fr\/#\/schema\/person\/590cb5f81adcfde6385530fdbdf468e2","name":"Ramzi","image":{"@type":"ImageObject","inLanguage":"fr-FR","@id":"https:\/\/secure.gravatar.com\/avatar\/48df7d18915e10cf866ba8e27604c81ff9243fd52704a1d210c3e387e1cb8d87?s=96&d=mm&r=g","url":"https:\/\/secure.gravatar.com\/avatar\/48df7d18915e10cf866ba8e27604c81ff9243fd52704a1d210c3e387e1cb8d87?s=96&d=mm&r=g","contentUrl":"https:\/\/secure.gravatar.com\/avatar\/48df7d18915e10cf866ba8e27604c81ff9243fd52704a1d210c3e387e1cb8d87?s=96&d=mm&r=g","caption":"Ramzi"},"url":"https:\/\/www.webdo.tn\/fr\/actualite\/author\/ramzi\/"}]}},"_links":{"self":[{"href":"https:\/\/www.webdo.tn\/fr\/wp-json\/wp\/v2\/posts\/206616","targetHints":{"allow":["GET"]}}],"collection":[{"href":"https:\/\/www.webdo.tn\/fr\/wp-json\/wp\/v2\/posts"}],"about":[{"href":"https:\/\/www.webdo.tn\/fr\/wp-json\/wp\/v2\/types\/post"}],"author":[{"embeddable":true,"href":"https:\/\/www.webdo.tn\/fr\/wp-json\/wp\/v2\/users\/3188"}],"replies":[{"embeddable":true,"href":"https:\/\/www.webdo.tn\/fr\/wp-json\/wp\/v2\/comments?post=206616"}],"version-history":[{"count":0,"href":"https:\/\/www.webdo.tn\/fr\/wp-json\/wp\/v2\/posts\/206616\/revisions"}],"wp:featuredmedia":[{"embeddable":true,"href":"https:\/\/www.webdo.tn\/fr\/wp-json\/wp\/v2\/media\/249959"}],"wp:attachment":[{"href":"https:\/\/www.webdo.tn\/fr\/wp-json\/wp\/v2\/media?parent=206616"}],"wp:term":[{"taxonomy":"category","embeddable":true,"href":"https:\/\/www.webdo.tn\/fr\/wp-json\/wp\/v2\/categories?post=206616"},{"taxonomy":"post_tag","embeddable":true,"href":"https:\/\/www.webdo.tn\/fr\/wp-json\/wp\/v2\/tags?post=206616"}],"curies":[{"name":"wp","href":"https:\/\/api.w.org\/{rel}","templated":true}]}}