{"id":206603,"date":"2023-06-15T09:04:00","date_gmt":"2023-06-15T09:04:00","guid":{"rendered":"https:\/\/www.webdo.tn\/fr\/blog\/ahmed-nejib-chebbi-convoque-devant-la-justice\/206603\/"},"modified":"2025-05-20T22:50:40","modified_gmt":"2025-05-20T22:50:40","slug":"ahmed-nejib-chebbi-convoque-devant-la-justice","status":"publish","type":"post","link":"https:\/\/www.webdo.tn\/fr\/actualite\/national\/ahmed-nejib-chebbi-convoque-devant-la-justice\/206603\/","title":{"rendered":"Ahmed Nejib Chebbi convoqu\u00e9 devant la justice"},"content":{"rendered":"<p>Le juge d\u2019instruction aupr\u00e8s du p\u00f4le judiciaire antiterroriste a d\u00e9cid\u00e9 d\u2019auditionner le chef du front de salut national, Ahmed Nejib Chebbi, dans le cadre de l\u2019affaire du complot contre la suret\u00e9 de l\u2019Etat.<\/p>\n<p>\t\t\t\t\t\t\t\t\tEn effet, il sera auditionn\u00e9, demain vendredi 16 juin, dans le cadre de l\u2019affaire dite de complot contre la s\u00fbret\u00e9 de l\u2019\u00c9tat, selon le comit\u00e9 de d\u00e9fense des leaders politiques en prison.\u00a0<\/p>\n<p>Le pr\u00e9sident du Front du Salut national, Ahmed Nejib Chebbi estimait qu\u2019il pourrait \u00eatre arr\u00eat\u00e9 prochainement.<\/p>\n<p>\u00ab\u00a0L&rsquo;arrestation de plusieurs dirigeants du Front sans d\u00e9voiler leurs chefs d&rsquo;accusation montre que le pouvoir en place n&rsquo;est pas en mesure de faire face \u00e0 la crise que traverse le pays et le pr\u00e9sident de la R\u00e9publique est incapable de r\u00e9soudre les probl\u00e8mes du pays\u00a0\u00bb, a-t-il affirm\u00e9.<\/p>\n","protected":false},"excerpt":{"rendered":"<p>Le juge d\u2019instruction aupr\u00e8s du p\u00f4le judiciaire antiterroriste a d\u00e9cid\u00e9 d\u2019auditionner le chef du front de salut national, Ahmed Nejib Chebbi, dans le cadre de l&#8230;<\/p>\n","protected":false},"author":3175,"featured_media":278362,"comment_status":"open","ping_status":"closed","sticky":false,"template":"","format":"standard","meta":{"footnotes":""},"categories":[44],"tags":[9554,2608],"class_list":["post-206603","post","type-post","status-publish","format-standard","has-post-thumbnail","hentry","category-national","tag-nejib-chebbi","tag-tunisie"],"yoast_head":"<!-- This site is optimized with the Yoast SEO Premium plugin v27.4 (Yoast SEO v27.5) - https:\/\/yoast.com\/product\/yoast-seo-premium-wordpress\/ -->\n<title>Ahmed Nejib Chebbi convoqu\u00e9 devant la justice<\/title>\n<meta name=\"description\" content=\"Le juge d\u2019instruction aupr\u00e8s du p\u00f4le judiciaire antiterroriste a d\u00e9cid\u00e9 d\u2019auditionner le chef du front de salut national, Ahmed Nejib Chebbi, dans le cadre de l...\" \/>\n<link rel=\"canonical\" href=\"https:\/\/www.webdo.tn\/fr\/actualite\/national\/ahmed-nejib-chebbi-convoque-devant-la-justice\/206603\/\" \/>\n<meta property=\"og:locale\" content=\"fr_FR\" \/>\n<meta property=\"og:type\" content=\"article\" \/>\n<meta property=\"og:title\" content=\"Ahmed Nejib Chebbi convoqu\u00e9 devant la justice\" \/>\n<meta property=\"og:description\" content=\"Le juge d\u2019instruction aupr\u00e8s du p\u00f4le judiciaire antiterroriste a d\u00e9cid\u00e9 d\u2019auditionner le chef du front de salut national, Ahmed Nejib Chebbi, dans le cadre de l...\" \/>\n<meta property=\"og:url\" content=\"https:\/\/www.webdo.tn\/fr\/actualite\/national\/ahmed-nejib-chebbi-convoque-devant-la-justice\/206603\/\" \/>\n<meta property=\"og:site_name\" content=\"webdo\" \/>\n<meta property=\"article:publisher\" content=\"https:\/\/www.facebook.com\/webdotn\" \/>\n<meta property=\"article:published_time\" content=\"2023-06-15T09:04:00+00:00\" \/>\n<meta property=\"article:modified_time\" content=\"2025-05-20T22:50:40+00:00\" \/>\n<meta property=\"og:image\" content=\"https:\/\/www.webdo.tn\/fr\/wp-content\/uploads\/2023\/06\/a6228784d313c92ab54cfbc9e187ae78.jpg\" \/>\n\t<meta property=\"og:image:width\" content=\"660\" \/>\n\t<meta property=\"og:image:height\" content=\"352\" \/>\n\t<meta property=\"og:image:type\" content=\"image\/jpeg\" \/>\n<meta name=\"author\" content=\"CL\" \/>\n<meta name=\"twitter:card\" content=\"summary_large_image\" \/>\n<meta name=\"twitter:creator\" content=\"@webdo_tn\" \/>\n<meta name=\"twitter:site\" content=\"@webdo_tn\" \/>\n<meta name=\"twitter:label1\" content=\"\u00c9crit par\" \/>\n\t<meta name=\"twitter:data1\" content=\"CL\" \/>\n\t<meta name=\"twitter:label2\" content=\"Dur\u00e9e de lecture estim\u00e9e\" \/>\n\t<meta name=\"twitter:data2\" content=\"1 minute\" \/>\n<script type=\"application\/ld+json\" class=\"yoast-schema-graph\">{\"@context\":\"https:\\\/\\\/schema.org\",\"@graph\":[{\"@type\":\"NewsArticle\",\"@id\":\"https:\\\/\\\/www.webdo.tn\\\/fr\\\/actualite\\\/national\\\/ahmed-nejib-chebbi-convoque-devant-la-justice\\\/206603\\\/#article\",\"isPartOf\":{\"@id\":\"https:\\\/\\\/www.webdo.tn\\\/fr\\\/actualite\\\/national\\\/ahmed-nejib-chebbi-convoque-devant-la-justice\\\/206603\\\/\"},\"author\":{\"name\":\"CL\",\"@id\":\"https:\\\/\\\/www.webdo.tn\\\/fr\\\/#\\\/schema\\\/person\\\/f35b42a42c5e2511bbd282959d6385cc\"},\"headline\":\"Ahmed Nejib Chebbi convoqu\u00e9 devant la justice\",\"datePublished\":\"2023-06-15T09:04:00+00:00\",\"dateModified\":\"2025-05-20T22:50:40+00:00\",\"mainEntityOfPage\":{\"@id\":\"https:\\\/\\\/www.webdo.tn\\\/fr\\\/actualite\\\/national\\\/ahmed-nejib-chebbi-convoque-devant-la-justice\\\/206603\\\/\"},\"wordCount\":155,\"commentCount\":0,\"publisher\":{\"@id\":\"https:\\\/\\\/www.webdo.tn\\\/fr\\\/#organization\"},\"image\":{\"@id\":\"https:\\\/\\\/www.webdo.tn\\\/fr\\\/actualite\\\/national\\\/ahmed-nejib-chebbi-convoque-devant-la-justice\\\/206603\\\/#primaryimage\"},\"thumbnailUrl\":\"https:\\\/\\\/www.webdo.tn\\\/fr\\\/wp-content\\\/uploads\\\/2023\\\/06\\\/a6228784d313c92ab54cfbc9e187ae78.jpg\",\"keywords\":[\"Nejib Chebbi\",\"Tunisie\"],\"articleSection\":[\"National\"],\"inLanguage\":\"fr-FR\"},{\"@type\":\"WebPage\",\"@id\":\"https:\\\/\\\/www.webdo.tn\\\/fr\\\/actualite\\\/national\\\/ahmed-nejib-chebbi-convoque-devant-la-justice\\\/206603\\\/\",\"url\":\"https:\\\/\\\/www.webdo.tn\\\/fr\\\/actualite\\\/national\\\/ahmed-nejib-chebbi-convoque-devant-la-justice\\\/206603\\\/\",\"name\":\"Ahmed Nejib Chebbi convoqu\u00e9 devant la justice\",\"isPartOf\":{\"@id\":\"https:\\\/\\\/www.webdo.tn\\\/fr\\\/#website\"},\"primaryImageOfPage\":{\"@id\":\"https:\\\/\\\/www.webdo.tn\\\/fr\\\/actualite\\\/national\\\/ahmed-nejib-chebbi-convoque-devant-la-justice\\\/206603\\\/#primaryimage\"},\"image\":{\"@id\":\"https:\\\/\\\/www.webdo.tn\\\/fr\\\/actualite\\\/national\\\/ahmed-nejib-chebbi-convoque-devant-la-justice\\\/206603\\\/#primaryimage\"},\"thumbnailUrl\":\"https:\\\/\\\/www.webdo.tn\\\/fr\\\/wp-content\\\/uploads\\\/2023\\\/06\\\/a6228784d313c92ab54cfbc9e187ae78.jpg\",\"datePublished\":\"2023-06-15T09:04:00+00:00\",\"dateModified\":\"2025-05-20T22:50:40+00:00\",\"description\":\"Le juge d\u2019instruction aupr\u00e8s du p\u00f4le judiciaire antiterroriste a d\u00e9cid\u00e9 d\u2019auditionner le chef du front de salut national, Ahmed Nejib Chebbi, dans le cadre de l...\",\"breadcrumb\":{\"@id\":\"https:\\\/\\\/www.webdo.tn\\\/fr\\\/actualite\\\/national\\\/ahmed-nejib-chebbi-convoque-devant-la-justice\\\/206603\\\/#breadcrumb\"},\"inLanguage\":\"fr-FR\",\"potentialAction\":[{\"@type\":\"ReadAction\",\"target\":[\"https:\\\/\\\/www.webdo.tn\\\/fr\\\/actualite\\\/national\\\/ahmed-nejib-chebbi-convoque-devant-la-justice\\\/206603\\\/\"]}]},{\"@type\":\"ImageObject\",\"inLanguage\":\"fr-FR\",\"@id\":\"https:\\\/\\\/www.webdo.tn\\\/fr\\\/actualite\\\/national\\\/ahmed-nejib-chebbi-convoque-devant-la-justice\\\/206603\\\/#primaryimage\",\"url\":\"https:\\\/\\\/www.webdo.tn\\\/fr\\\/wp-content\\\/uploads\\\/2023\\\/06\\\/a6228784d313c92ab54cfbc9e187ae78.jpg\",\"contentUrl\":\"https:\\\/\\\/www.webdo.tn\\\/fr\\\/wp-content\\\/uploads\\\/2023\\\/06\\\/a6228784d313c92ab54cfbc9e187ae78.jpg\",\"width\":660,\"height\":352,\"caption\":\"Ahmed Nejib Chebbi convoqu\u00e9 devant la justice\"},{\"@type\":\"BreadcrumbList\",\"@id\":\"https:\\\/\\\/www.webdo.tn\\\/fr\\\/actualite\\\/national\\\/ahmed-nejib-chebbi-convoque-devant-la-justice\\\/206603\\\/#breadcrumb\",\"itemListElement\":[{\"@type\":\"ListItem\",\"position\":1,\"name\":\"Accueil\",\"item\":\"https:\\\/\\\/www.webdo.tn\\\/fr\\\/\"},{\"@type\":\"ListItem\",\"position\":2,\"name\":\"Ahmed Nejib Chebbi convoqu\u00e9 devant la justice\"}]},{\"@type\":\"WebSite\",\"@id\":\"https:\\\/\\\/www.webdo.tn\\\/fr\\\/#website\",\"url\":\"https:\\\/\\\/www.webdo.tn\\\/fr\\\/\",\"name\":\"webdo\",\"description\":\"Tunisie - News en Tunisie et \u00e0 l&#039;international sur Webdo.tn\",\"publisher\":{\"@id\":\"https:\\\/\\\/www.webdo.tn\\\/fr\\\/#organization\"},\"potentialAction\":[{\"@type\":\"SearchAction\",\"target\":{\"@type\":\"EntryPoint\",\"urlTemplate\":\"https:\\\/\\\/www.webdo.tn\\\/fr\\\/?s={search_term_string}\"},\"query-input\":{\"@type\":\"PropertyValueSpecification\",\"valueRequired\":true,\"valueName\":\"search_term_string\"}}],\"inLanguage\":\"fr-FR\"},{\"@type\":\"Organization\",\"@id\":\"https:\\\/\\\/www.webdo.tn\\\/fr\\\/#organization\",\"name\":\"Webdo\",\"alternateName\":\"Webdo.tn\",\"url\":\"https:\\\/\\\/www.webdo.tn\\\/fr\\\/\",\"logo\":{\"@type\":\"ImageObject\",\"inLanguage\":\"fr-FR\",\"@id\":\"https:\\\/\\\/www.webdo.tn\\\/fr\\\/#\\\/schema\\\/logo\\\/image\\\/\",\"url\":\"https:\\\/\\\/www.webdo.tn\\\/fr\\\/wp-content\\\/uploads\\\/2025\\\/06\\\/Webdo-Tunisie_168377.jpg\",\"contentUrl\":\"https:\\\/\\\/www.webdo.tn\\\/fr\\\/wp-content\\\/uploads\\\/2025\\\/06\\\/Webdo-Tunisie_168377.jpg\",\"width\":301,\"height\":301,\"caption\":\"Webdo\"},\"image\":{\"@id\":\"https:\\\/\\\/www.webdo.tn\\\/fr\\\/#\\\/schema\\\/logo\\\/image\\\/\"},\"sameAs\":[\"https:\\\/\\\/www.facebook.com\\\/webdotn\",\"https:\\\/\\\/x.com\\\/webdo_tn\"],\"description\":\"Webdo est un m\u00e9dia num\u00e9rique tunisien fond\u00e9 en 2010, sp\u00e9cialis\u00e9 dans l\u2019actualit\u00e9 nationale et internationale, l\u2019\u00e9conomie, la soci\u00e9t\u00e9 et les analyses politiques. Le site s\u2019adresse \u00e0 un large public francophone et couvre l\u2019information tunisienne en temps r\u00e9el.\",\"email\":\"redac@webdo.tn\",\"legalName\":\"YNJ SARL\",\"foundingDate\":\"2010-09-06\",\"numberOfEmployees\":{\"@type\":\"QuantitativeValue\",\"minValue\":\"11\",\"maxValue\":\"50\"}},{\"@type\":\"Person\",\"@id\":\"https:\\\/\\\/www.webdo.tn\\\/fr\\\/#\\\/schema\\\/person\\\/f35b42a42c5e2511bbd282959d6385cc\",\"name\":\"CL\",\"image\":{\"@type\":\"ImageObject\",\"inLanguage\":\"fr-FR\",\"@id\":\"https:\\\/\\\/secure.gravatar.com\\\/avatar\\\/1447a49909b67aa657c488aec6512e1dd6143a480c1ecfee9b5b5cd74eb3b59e?s=96&d=mm&r=g\",\"url\":\"https:\\\/\\\/secure.gravatar.com\\\/avatar\\\/1447a49909b67aa657c488aec6512e1dd6143a480c1ecfee9b5b5cd74eb3b59e?s=96&d=mm&r=g\",\"contentUrl\":\"https:\\\/\\\/secure.gravatar.com\\\/avatar\\\/1447a49909b67aa657c488aec6512e1dd6143a480c1ecfee9b5b5cd74eb3b59e?s=96&d=mm&r=g\",\"caption\":\"CL\"},\"url\":\"https:\\\/\\\/www.webdo.tn\\\/fr\\\/actualite\\\/author\\\/cl\\\/\"}]}<\/script>\n<!-- \/ Yoast SEO Premium plugin. -->","yoast_head_json":{"title":"Ahmed Nejib Chebbi convoqu\u00e9 devant la justice","description":"Le juge d\u2019instruction aupr\u00e8s du p\u00f4le judiciaire antiterroriste a d\u00e9cid\u00e9 d\u2019auditionner le chef du front de salut national, Ahmed Nejib Chebbi, dans le cadre de l...","canonical":"https:\/\/www.webdo.tn\/fr\/actualite\/national\/ahmed-nejib-chebbi-convoque-devant-la-justice\/206603\/","og_locale":"fr_FR","og_type":"article","og_title":"Ahmed Nejib Chebbi convoqu\u00e9 devant la justice","og_description":"Le juge d\u2019instruction aupr\u00e8s du p\u00f4le judiciaire antiterroriste a d\u00e9cid\u00e9 d\u2019auditionner le chef du front de salut national, Ahmed Nejib Chebbi, dans le cadre de l...","og_url":"https:\/\/www.webdo.tn\/fr\/actualite\/national\/ahmed-nejib-chebbi-convoque-devant-la-justice\/206603\/","og_site_name":"webdo","article_publisher":"https:\/\/www.facebook.com\/webdotn","article_published_time":"2023-06-15T09:04:00+00:00","article_modified_time":"2025-05-20T22:50:40+00:00","og_image":[{"width":660,"height":352,"url":"https:\/\/www.webdo.tn\/fr\/wp-content\/uploads\/2023\/06\/a6228784d313c92ab54cfbc9e187ae78.jpg","type":"image\/jpeg"}],"author":"CL","twitter_card":"summary_large_image","twitter_creator":"@webdo_tn","twitter_site":"@webdo_tn","twitter_misc":{"\u00c9crit par":"CL","Dur\u00e9e de lecture estim\u00e9e":"1 minute"},"schema":{"@context":"https:\/\/schema.org","@graph":[{"@type":"NewsArticle","@id":"https:\/\/www.webdo.tn\/fr\/actualite\/national\/ahmed-nejib-chebbi-convoque-devant-la-justice\/206603\/#article","isPartOf":{"@id":"https:\/\/www.webdo.tn\/fr\/actualite\/national\/ahmed-nejib-chebbi-convoque-devant-la-justice\/206603\/"},"author":{"name":"CL","@id":"https:\/\/www.webdo.tn\/fr\/#\/schema\/person\/f35b42a42c5e2511bbd282959d6385cc"},"headline":"Ahmed Nejib Chebbi convoqu\u00e9 devant la justice","datePublished":"2023-06-15T09:04:00+00:00","dateModified":"2025-05-20T22:50:40+00:00","mainEntityOfPage":{"@id":"https:\/\/www.webdo.tn\/fr\/actualite\/national\/ahmed-nejib-chebbi-convoque-devant-la-justice\/206603\/"},"wordCount":155,"commentCount":0,"publisher":{"@id":"https:\/\/www.webdo.tn\/fr\/#organization"},"image":{"@id":"https:\/\/www.webdo.tn\/fr\/actualite\/national\/ahmed-nejib-chebbi-convoque-devant-la-justice\/206603\/#primaryimage"},"thumbnailUrl":"https:\/\/www.webdo.tn\/fr\/wp-content\/uploads\/2023\/06\/a6228784d313c92ab54cfbc9e187ae78.jpg","keywords":["Nejib Chebbi","Tunisie"],"articleSection":["National"],"inLanguage":"fr-FR"},{"@type":"WebPage","@id":"https:\/\/www.webdo.tn\/fr\/actualite\/national\/ahmed-nejib-chebbi-convoque-devant-la-justice\/206603\/","url":"https:\/\/www.webdo.tn\/fr\/actualite\/national\/ahmed-nejib-chebbi-convoque-devant-la-justice\/206603\/","name":"Ahmed Nejib Chebbi convoqu\u00e9 devant la justice","isPartOf":{"@id":"https:\/\/www.webdo.tn\/fr\/#website"},"primaryImageOfPage":{"@id":"https:\/\/www.webdo.tn\/fr\/actualite\/national\/ahmed-nejib-chebbi-convoque-devant-la-justice\/206603\/#primaryimage"},"image":{"@id":"https:\/\/www.webdo.tn\/fr\/actualite\/national\/ahmed-nejib-chebbi-convoque-devant-la-justice\/206603\/#primaryimage"},"thumbnailUrl":"https:\/\/www.webdo.tn\/fr\/wp-content\/uploads\/2023\/06\/a6228784d313c92ab54cfbc9e187ae78.jpg","datePublished":"2023-06-15T09:04:00+00:00","dateModified":"2025-05-20T22:50:40+00:00","description":"Le juge d\u2019instruction aupr\u00e8s du p\u00f4le judiciaire antiterroriste a d\u00e9cid\u00e9 d\u2019auditionner le chef du front de salut national, Ahmed Nejib Chebbi, dans le cadre de l...","breadcrumb":{"@id":"https:\/\/www.webdo.tn\/fr\/actualite\/national\/ahmed-nejib-chebbi-convoque-devant-la-justice\/206603\/#breadcrumb"},"inLanguage":"fr-FR","potentialAction":[{"@type":"ReadAction","target":["https:\/\/www.webdo.tn\/fr\/actualite\/national\/ahmed-nejib-chebbi-convoque-devant-la-justice\/206603\/"]}]},{"@type":"ImageObject","inLanguage":"fr-FR","@id":"https:\/\/www.webdo.tn\/fr\/actualite\/national\/ahmed-nejib-chebbi-convoque-devant-la-justice\/206603\/#primaryimage","url":"https:\/\/www.webdo.tn\/fr\/wp-content\/uploads\/2023\/06\/a6228784d313c92ab54cfbc9e187ae78.jpg","contentUrl":"https:\/\/www.webdo.tn\/fr\/wp-content\/uploads\/2023\/06\/a6228784d313c92ab54cfbc9e187ae78.jpg","width":660,"height":352,"caption":"Ahmed Nejib Chebbi convoqu\u00e9 devant la justice"},{"@type":"BreadcrumbList","@id":"https:\/\/www.webdo.tn\/fr\/actualite\/national\/ahmed-nejib-chebbi-convoque-devant-la-justice\/206603\/#breadcrumb","itemListElement":[{"@type":"ListItem","position":1,"name":"Accueil","item":"https:\/\/www.webdo.tn\/fr\/"},{"@type":"ListItem","position":2,"name":"Ahmed Nejib Chebbi convoqu\u00e9 devant la justice"}]},{"@type":"WebSite","@id":"https:\/\/www.webdo.tn\/fr\/#website","url":"https:\/\/www.webdo.tn\/fr\/","name":"webdo","description":"Tunisie - News en Tunisie et \u00e0 l&#039;international sur Webdo.tn","publisher":{"@id":"https:\/\/www.webdo.tn\/fr\/#organization"},"potentialAction":[{"@type":"SearchAction","target":{"@type":"EntryPoint","urlTemplate":"https:\/\/www.webdo.tn\/fr\/?s={search_term_string}"},"query-input":{"@type":"PropertyValueSpecification","valueRequired":true,"valueName":"search_term_string"}}],"inLanguage":"fr-FR"},{"@type":"Organization","@id":"https:\/\/www.webdo.tn\/fr\/#organization","name":"Webdo","alternateName":"Webdo.tn","url":"https:\/\/www.webdo.tn\/fr\/","logo":{"@type":"ImageObject","inLanguage":"fr-FR","@id":"https:\/\/www.webdo.tn\/fr\/#\/schema\/logo\/image\/","url":"https:\/\/www.webdo.tn\/fr\/wp-content\/uploads\/2025\/06\/Webdo-Tunisie_168377.jpg","contentUrl":"https:\/\/www.webdo.tn\/fr\/wp-content\/uploads\/2025\/06\/Webdo-Tunisie_168377.jpg","width":301,"height":301,"caption":"Webdo"},"image":{"@id":"https:\/\/www.webdo.tn\/fr\/#\/schema\/logo\/image\/"},"sameAs":["https:\/\/www.facebook.com\/webdotn","https:\/\/x.com\/webdo_tn"],"description":"Webdo est un m\u00e9dia num\u00e9rique tunisien fond\u00e9 en 2010, sp\u00e9cialis\u00e9 dans l\u2019actualit\u00e9 nationale et internationale, l\u2019\u00e9conomie, la soci\u00e9t\u00e9 et les analyses politiques. Le site s\u2019adresse \u00e0 un large public francophone et couvre l\u2019information tunisienne en temps r\u00e9el.","email":"redac@webdo.tn","legalName":"YNJ SARL","foundingDate":"2010-09-06","numberOfEmployees":{"@type":"QuantitativeValue","minValue":"11","maxValue":"50"}},{"@type":"Person","@id":"https:\/\/www.webdo.tn\/fr\/#\/schema\/person\/f35b42a42c5e2511bbd282959d6385cc","name":"CL","image":{"@type":"ImageObject","inLanguage":"fr-FR","@id":"https:\/\/secure.gravatar.com\/avatar\/1447a49909b67aa657c488aec6512e1dd6143a480c1ecfee9b5b5cd74eb3b59e?s=96&d=mm&r=g","url":"https:\/\/secure.gravatar.com\/avatar\/1447a49909b67aa657c488aec6512e1dd6143a480c1ecfee9b5b5cd74eb3b59e?s=96&d=mm&r=g","contentUrl":"https:\/\/secure.gravatar.com\/avatar\/1447a49909b67aa657c488aec6512e1dd6143a480c1ecfee9b5b5cd74eb3b59e?s=96&d=mm&r=g","caption":"CL"},"url":"https:\/\/www.webdo.tn\/fr\/actualite\/author\/cl\/"}]}},"_links":{"self":[{"href":"https:\/\/www.webdo.tn\/fr\/wp-json\/wp\/v2\/posts\/206603","targetHints":{"allow":["GET"]}}],"collection":[{"href":"https:\/\/www.webdo.tn\/fr\/wp-json\/wp\/v2\/posts"}],"about":[{"href":"https:\/\/www.webdo.tn\/fr\/wp-json\/wp\/v2\/types\/post"}],"author":[{"embeddable":true,"href":"https:\/\/www.webdo.tn\/fr\/wp-json\/wp\/v2\/users\/3175"}],"replies":[{"embeddable":true,"href":"https:\/\/www.webdo.tn\/fr\/wp-json\/wp\/v2\/comments?post=206603"}],"version-history":[{"count":0,"href":"https:\/\/www.webdo.tn\/fr\/wp-json\/wp\/v2\/posts\/206603\/revisions"}],"wp:featuredmedia":[{"embeddable":true,"href":"https:\/\/www.webdo.tn\/fr\/wp-json\/wp\/v2\/media\/278362"}],"wp:attachment":[{"href":"https:\/\/www.webdo.tn\/fr\/wp-json\/wp\/v2\/media?parent=206603"}],"wp:term":[{"taxonomy":"category","embeddable":true,"href":"https:\/\/www.webdo.tn\/fr\/wp-json\/wp\/v2\/categories?post=206603"},{"taxonomy":"post_tag","embeddable":true,"href":"https:\/\/www.webdo.tn\/fr\/wp-json\/wp\/v2\/tags?post=206603"}],"curies":[{"name":"wp","href":"https:\/\/api.w.org\/{rel}","templated":true}]}}