{"id":206602,"date":"2023-06-15T08:14:00","date_gmt":"2023-06-15T08:14:00","guid":{"rendered":"https:\/\/www.webdo.tn\/fr\/blog\/le-ministre-du-tourisme-appelle-a-des-offres-destinees-aux-touristes-locaux\/206602\/"},"modified":"2025-05-20T22:50:39","modified_gmt":"2025-05-20T22:50:39","slug":"le-ministre-du-tourisme-appelle-a-des-offres-destinees-aux-touristes-locaux","status":"publish","type":"post","link":"https:\/\/www.webdo.tn\/fr\/actualite\/national\/le-ministre-du-tourisme-appelle-a-des-offres-destinees-aux-touristes-locaux\/206602\/","title":{"rendered":"Le ministre du tourisme appelle \u00e0 des offres destin\u00e9es aux touristes locaux"},"content":{"rendered":"<p>Lors d\u2019une session de travail tenue hier mercredi 14 juin, le ministre du Tourisme Moez Belhassine a insist\u00e9 sur le tourisme local.<\/p>\n<p>\t\t\t\t\t\t\t\t\tEn effet, lors de cette r\u00e9union qui a connu la participation des diff\u00e9rents repr\u00e9sentants du secteur, le ministre a appel\u00e9 \u00e0 une offre touristique destin\u00e9e aux Tunisiens et qui prend en consid\u00e9ration leur pouvoir d\u2019achat.\u00a0<\/p>\n<p>\u00ab Il est devenu obligatoire d\u2019am\u00e9liorer les services offerts aux touristes locaux \u00bb, a-t-il insist\u00e9.\u00a0<\/p>\n<p>Et d\u2019ajouter qu\u2019une campagne de promotion du tourisme local a \u00e9t\u00e9 lanc\u00e9e par le minist\u00e8re et l\u2019office du tourisme, visant \u00e0 inciter les touristes locaux \u00e0 visiter et d\u00e9couvrir de nouvelles destinations.<\/p>\n","protected":false},"excerpt":{"rendered":"<p>Lors d\u2019une session de travail tenue hier mercredi 14 juin, le ministre du Tourisme Moez Belhassine a insist\u00e9 sur le tourisme local.<\/p>\n","protected":false},"author":3175,"featured_media":278360,"comment_status":"open","ping_status":"closed","sticky":false,"template":"","format":"standard","meta":{"footnotes":""},"categories":[44],"tags":[2798,9553,2608],"class_list":["post-206602","post","type-post","status-publish","format-standard","has-post-thumbnail","hentry","category-national","tag-tourisme","tag-tourisme-local","tag-tunisie"],"yoast_head":"<!-- This site is optimized with the Yoast SEO Premium plugin v27.4 (Yoast SEO v27.5) - https:\/\/yoast.com\/product\/yoast-seo-premium-wordpress\/ -->\n<title>Le ministre du tourisme appelle \u00e0 des offres destin\u00e9es aux touristes locaux<\/title>\n<meta name=\"description\" content=\"Lors d\u2019une session de travail tenue hier mercredi 14 juin, le ministre du Tourisme Moez Belhassine a insist\u00e9 sur le tourisme local.\" \/>\n<link rel=\"canonical\" href=\"https:\/\/www.webdo.tn\/fr\/actualite\/national\/le-ministre-du-tourisme-appelle-a-des-offres-destinees-aux-touristes-locaux\/206602\/\" \/>\n<meta property=\"og:locale\" content=\"fr_FR\" \/>\n<meta property=\"og:type\" content=\"article\" \/>\n<meta property=\"og:title\" content=\"Le ministre du tourisme appelle \u00e0 des offres destin\u00e9es aux touristes locaux\" \/>\n<meta property=\"og:description\" content=\"Lors d\u2019une session de travail tenue hier mercredi 14 juin, le ministre du Tourisme Moez Belhassine a insist\u00e9 sur le tourisme local.\" \/>\n<meta property=\"og:url\" content=\"https:\/\/www.webdo.tn\/fr\/actualite\/national\/le-ministre-du-tourisme-appelle-a-des-offres-destinees-aux-touristes-locaux\/206602\/\" \/>\n<meta property=\"og:site_name\" content=\"webdo\" \/>\n<meta property=\"article:publisher\" content=\"https:\/\/www.facebook.com\/webdotn\" \/>\n<meta property=\"article:published_time\" content=\"2023-06-15T08:14:00+00:00\" \/>\n<meta property=\"article:modified_time\" content=\"2025-05-20T22:50:39+00:00\" \/>\n<meta property=\"og:image\" content=\"https:\/\/www.webdo.tn\/fr\/wp-content\/uploads\/2023\/06\/f8285baaa34e31e2cb9e700beb8c2447.jpg\" \/>\n\t<meta property=\"og:image:width\" content=\"750\" \/>\n\t<meta property=\"og:image:height\" content=\"400\" \/>\n\t<meta property=\"og:image:type\" content=\"image\/jpeg\" \/>\n<meta name=\"author\" content=\"CL\" \/>\n<meta name=\"twitter:card\" content=\"summary_large_image\" \/>\n<meta name=\"twitter:creator\" content=\"@webdo_tn\" \/>\n<meta name=\"twitter:site\" content=\"@webdo_tn\" \/>\n<meta name=\"twitter:label1\" content=\"\u00c9crit par\" \/>\n\t<meta name=\"twitter:data1\" content=\"CL\" \/>\n\t<meta name=\"twitter:label2\" content=\"Dur\u00e9e de lecture estim\u00e9e\" \/>\n\t<meta name=\"twitter:data2\" content=\"1 minute\" \/>\n<script type=\"application\/ld+json\" class=\"yoast-schema-graph\">{\"@context\":\"https:\\\/\\\/schema.org\",\"@graph\":[{\"@type\":\"NewsArticle\",\"@id\":\"https:\\\/\\\/www.webdo.tn\\\/fr\\\/actualite\\\/national\\\/le-ministre-du-tourisme-appelle-a-des-offres-destinees-aux-touristes-locaux\\\/206602\\\/#article\",\"isPartOf\":{\"@id\":\"https:\\\/\\\/www.webdo.tn\\\/fr\\\/actualite\\\/national\\\/le-ministre-du-tourisme-appelle-a-des-offres-destinees-aux-touristes-locaux\\\/206602\\\/\"},\"author\":{\"name\":\"CL\",\"@id\":\"https:\\\/\\\/www.webdo.tn\\\/fr\\\/#\\\/schema\\\/person\\\/f35b42a42c5e2511bbd282959d6385cc\"},\"headline\":\"Le ministre du tourisme appelle \u00e0 des offres destin\u00e9es aux touristes locaux\",\"datePublished\":\"2023-06-15T08:14:00+00:00\",\"dateModified\":\"2025-05-20T22:50:39+00:00\",\"mainEntityOfPage\":{\"@id\":\"https:\\\/\\\/www.webdo.tn\\\/fr\\\/actualite\\\/national\\\/le-ministre-du-tourisme-appelle-a-des-offres-destinees-aux-touristes-locaux\\\/206602\\\/\"},\"wordCount\":125,\"commentCount\":0,\"publisher\":{\"@id\":\"https:\\\/\\\/www.webdo.tn\\\/fr\\\/#organization\"},\"image\":{\"@id\":\"https:\\\/\\\/www.webdo.tn\\\/fr\\\/actualite\\\/national\\\/le-ministre-du-tourisme-appelle-a-des-offres-destinees-aux-touristes-locaux\\\/206602\\\/#primaryimage\"},\"thumbnailUrl\":\"https:\\\/\\\/www.webdo.tn\\\/fr\\\/wp-content\\\/uploads\\\/2023\\\/06\\\/f8285baaa34e31e2cb9e700beb8c2447.jpg\",\"keywords\":[\"Tourisme\",\"Tourisme local\",\"Tunisie\"],\"articleSection\":[\"National\"],\"inLanguage\":\"fr-FR\"},{\"@type\":\"WebPage\",\"@id\":\"https:\\\/\\\/www.webdo.tn\\\/fr\\\/actualite\\\/national\\\/le-ministre-du-tourisme-appelle-a-des-offres-destinees-aux-touristes-locaux\\\/206602\\\/\",\"url\":\"https:\\\/\\\/www.webdo.tn\\\/fr\\\/actualite\\\/national\\\/le-ministre-du-tourisme-appelle-a-des-offres-destinees-aux-touristes-locaux\\\/206602\\\/\",\"name\":\"Le ministre du tourisme appelle \u00e0 des offres destin\u00e9es aux touristes locaux\",\"isPartOf\":{\"@id\":\"https:\\\/\\\/www.webdo.tn\\\/fr\\\/#website\"},\"primaryImageOfPage\":{\"@id\":\"https:\\\/\\\/www.webdo.tn\\\/fr\\\/actualite\\\/national\\\/le-ministre-du-tourisme-appelle-a-des-offres-destinees-aux-touristes-locaux\\\/206602\\\/#primaryimage\"},\"image\":{\"@id\":\"https:\\\/\\\/www.webdo.tn\\\/fr\\\/actualite\\\/national\\\/le-ministre-du-tourisme-appelle-a-des-offres-destinees-aux-touristes-locaux\\\/206602\\\/#primaryimage\"},\"thumbnailUrl\":\"https:\\\/\\\/www.webdo.tn\\\/fr\\\/wp-content\\\/uploads\\\/2023\\\/06\\\/f8285baaa34e31e2cb9e700beb8c2447.jpg\",\"datePublished\":\"2023-06-15T08:14:00+00:00\",\"dateModified\":\"2025-05-20T22:50:39+00:00\",\"description\":\"Lors d\u2019une session de travail tenue hier mercredi 14 juin, le ministre du Tourisme Moez Belhassine a insist\u00e9 sur le tourisme local.\",\"breadcrumb\":{\"@id\":\"https:\\\/\\\/www.webdo.tn\\\/fr\\\/actualite\\\/national\\\/le-ministre-du-tourisme-appelle-a-des-offres-destinees-aux-touristes-locaux\\\/206602\\\/#breadcrumb\"},\"inLanguage\":\"fr-FR\",\"potentialAction\":[{\"@type\":\"ReadAction\",\"target\":[\"https:\\\/\\\/www.webdo.tn\\\/fr\\\/actualite\\\/national\\\/le-ministre-du-tourisme-appelle-a-des-offres-destinees-aux-touristes-locaux\\\/206602\\\/\"]}]},{\"@type\":\"ImageObject\",\"inLanguage\":\"fr-FR\",\"@id\":\"https:\\\/\\\/www.webdo.tn\\\/fr\\\/actualite\\\/national\\\/le-ministre-du-tourisme-appelle-a-des-offres-destinees-aux-touristes-locaux\\\/206602\\\/#primaryimage\",\"url\":\"https:\\\/\\\/www.webdo.tn\\\/fr\\\/wp-content\\\/uploads\\\/2023\\\/06\\\/f8285baaa34e31e2cb9e700beb8c2447.jpg\",\"contentUrl\":\"https:\\\/\\\/www.webdo.tn\\\/fr\\\/wp-content\\\/uploads\\\/2023\\\/06\\\/f8285baaa34e31e2cb9e700beb8c2447.jpg\",\"width\":750,\"height\":400,\"caption\":\"Le ministre du tourisme appelle \u00e0 des offres destin\u00e9es aux touristes locaux\"},{\"@type\":\"BreadcrumbList\",\"@id\":\"https:\\\/\\\/www.webdo.tn\\\/fr\\\/actualite\\\/national\\\/le-ministre-du-tourisme-appelle-a-des-offres-destinees-aux-touristes-locaux\\\/206602\\\/#breadcrumb\",\"itemListElement\":[{\"@type\":\"ListItem\",\"position\":1,\"name\":\"Accueil\",\"item\":\"https:\\\/\\\/www.webdo.tn\\\/fr\\\/\"},{\"@type\":\"ListItem\",\"position\":2,\"name\":\"Le ministre du tourisme appelle \u00e0 des offres destin\u00e9es aux touristes locaux\"}]},{\"@type\":\"WebSite\",\"@id\":\"https:\\\/\\\/www.webdo.tn\\\/fr\\\/#website\",\"url\":\"https:\\\/\\\/www.webdo.tn\\\/fr\\\/\",\"name\":\"webdo\",\"description\":\"Tunisie - News en Tunisie et \u00e0 l&#039;international sur Webdo.tn\",\"publisher\":{\"@id\":\"https:\\\/\\\/www.webdo.tn\\\/fr\\\/#organization\"},\"potentialAction\":[{\"@type\":\"SearchAction\",\"target\":{\"@type\":\"EntryPoint\",\"urlTemplate\":\"https:\\\/\\\/www.webdo.tn\\\/fr\\\/?s={search_term_string}\"},\"query-input\":{\"@type\":\"PropertyValueSpecification\",\"valueRequired\":true,\"valueName\":\"search_term_string\"}}],\"inLanguage\":\"fr-FR\"},{\"@type\":\"Organization\",\"@id\":\"https:\\\/\\\/www.webdo.tn\\\/fr\\\/#organization\",\"name\":\"Webdo\",\"alternateName\":\"Webdo.tn\",\"url\":\"https:\\\/\\\/www.webdo.tn\\\/fr\\\/\",\"logo\":{\"@type\":\"ImageObject\",\"inLanguage\":\"fr-FR\",\"@id\":\"https:\\\/\\\/www.webdo.tn\\\/fr\\\/#\\\/schema\\\/logo\\\/image\\\/\",\"url\":\"https:\\\/\\\/www.webdo.tn\\\/fr\\\/wp-content\\\/uploads\\\/2025\\\/06\\\/Webdo-Tunisie_168377.jpg\",\"contentUrl\":\"https:\\\/\\\/www.webdo.tn\\\/fr\\\/wp-content\\\/uploads\\\/2025\\\/06\\\/Webdo-Tunisie_168377.jpg\",\"width\":301,\"height\":301,\"caption\":\"Webdo\"},\"image\":{\"@id\":\"https:\\\/\\\/www.webdo.tn\\\/fr\\\/#\\\/schema\\\/logo\\\/image\\\/\"},\"sameAs\":[\"https:\\\/\\\/www.facebook.com\\\/webdotn\",\"https:\\\/\\\/x.com\\\/webdo_tn\"],\"description\":\"Webdo est un m\u00e9dia num\u00e9rique tunisien fond\u00e9 en 2010, sp\u00e9cialis\u00e9 dans l\u2019actualit\u00e9 nationale et internationale, l\u2019\u00e9conomie, la soci\u00e9t\u00e9 et les analyses politiques. Le site s\u2019adresse \u00e0 un large public francophone et couvre l\u2019information tunisienne en temps r\u00e9el.\",\"email\":\"redac@webdo.tn\",\"legalName\":\"YNJ SARL\",\"foundingDate\":\"2010-09-06\",\"numberOfEmployees\":{\"@type\":\"QuantitativeValue\",\"minValue\":\"11\",\"maxValue\":\"50\"}},{\"@type\":\"Person\",\"@id\":\"https:\\\/\\\/www.webdo.tn\\\/fr\\\/#\\\/schema\\\/person\\\/f35b42a42c5e2511bbd282959d6385cc\",\"name\":\"CL\",\"image\":{\"@type\":\"ImageObject\",\"inLanguage\":\"fr-FR\",\"@id\":\"https:\\\/\\\/secure.gravatar.com\\\/avatar\\\/1447a49909b67aa657c488aec6512e1dd6143a480c1ecfee9b5b5cd74eb3b59e?s=96&d=mm&r=g\",\"url\":\"https:\\\/\\\/secure.gravatar.com\\\/avatar\\\/1447a49909b67aa657c488aec6512e1dd6143a480c1ecfee9b5b5cd74eb3b59e?s=96&d=mm&r=g\",\"contentUrl\":\"https:\\\/\\\/secure.gravatar.com\\\/avatar\\\/1447a49909b67aa657c488aec6512e1dd6143a480c1ecfee9b5b5cd74eb3b59e?s=96&d=mm&r=g\",\"caption\":\"CL\"},\"url\":\"https:\\\/\\\/www.webdo.tn\\\/fr\\\/actualite\\\/author\\\/cl\\\/\"}]}<\/script>\n<!-- \/ Yoast SEO Premium plugin. -->","yoast_head_json":{"title":"Le ministre du tourisme appelle \u00e0 des offres destin\u00e9es aux touristes locaux","description":"Lors d\u2019une session de travail tenue hier mercredi 14 juin, le ministre du Tourisme Moez Belhassine a insist\u00e9 sur le tourisme local.","canonical":"https:\/\/www.webdo.tn\/fr\/actualite\/national\/le-ministre-du-tourisme-appelle-a-des-offres-destinees-aux-touristes-locaux\/206602\/","og_locale":"fr_FR","og_type":"article","og_title":"Le ministre du tourisme appelle \u00e0 des offres destin\u00e9es aux touristes locaux","og_description":"Lors d\u2019une session de travail tenue hier mercredi 14 juin, le ministre du Tourisme Moez Belhassine a insist\u00e9 sur le tourisme local.","og_url":"https:\/\/www.webdo.tn\/fr\/actualite\/national\/le-ministre-du-tourisme-appelle-a-des-offres-destinees-aux-touristes-locaux\/206602\/","og_site_name":"webdo","article_publisher":"https:\/\/www.facebook.com\/webdotn","article_published_time":"2023-06-15T08:14:00+00:00","article_modified_time":"2025-05-20T22:50:39+00:00","og_image":[{"width":750,"height":400,"url":"https:\/\/www.webdo.tn\/fr\/wp-content\/uploads\/2023\/06\/f8285baaa34e31e2cb9e700beb8c2447.jpg","type":"image\/jpeg"}],"author":"CL","twitter_card":"summary_large_image","twitter_creator":"@webdo_tn","twitter_site":"@webdo_tn","twitter_misc":{"\u00c9crit par":"CL","Dur\u00e9e de lecture estim\u00e9e":"1 minute"},"schema":{"@context":"https:\/\/schema.org","@graph":[{"@type":"NewsArticle","@id":"https:\/\/www.webdo.tn\/fr\/actualite\/national\/le-ministre-du-tourisme-appelle-a-des-offres-destinees-aux-touristes-locaux\/206602\/#article","isPartOf":{"@id":"https:\/\/www.webdo.tn\/fr\/actualite\/national\/le-ministre-du-tourisme-appelle-a-des-offres-destinees-aux-touristes-locaux\/206602\/"},"author":{"name":"CL","@id":"https:\/\/www.webdo.tn\/fr\/#\/schema\/person\/f35b42a42c5e2511bbd282959d6385cc"},"headline":"Le ministre du tourisme appelle \u00e0 des offres destin\u00e9es aux touristes locaux","datePublished":"2023-06-15T08:14:00+00:00","dateModified":"2025-05-20T22:50:39+00:00","mainEntityOfPage":{"@id":"https:\/\/www.webdo.tn\/fr\/actualite\/national\/le-ministre-du-tourisme-appelle-a-des-offres-destinees-aux-touristes-locaux\/206602\/"},"wordCount":125,"commentCount":0,"publisher":{"@id":"https:\/\/www.webdo.tn\/fr\/#organization"},"image":{"@id":"https:\/\/www.webdo.tn\/fr\/actualite\/national\/le-ministre-du-tourisme-appelle-a-des-offres-destinees-aux-touristes-locaux\/206602\/#primaryimage"},"thumbnailUrl":"https:\/\/www.webdo.tn\/fr\/wp-content\/uploads\/2023\/06\/f8285baaa34e31e2cb9e700beb8c2447.jpg","keywords":["Tourisme","Tourisme local","Tunisie"],"articleSection":["National"],"inLanguage":"fr-FR"},{"@type":"WebPage","@id":"https:\/\/www.webdo.tn\/fr\/actualite\/national\/le-ministre-du-tourisme-appelle-a-des-offres-destinees-aux-touristes-locaux\/206602\/","url":"https:\/\/www.webdo.tn\/fr\/actualite\/national\/le-ministre-du-tourisme-appelle-a-des-offres-destinees-aux-touristes-locaux\/206602\/","name":"Le ministre du tourisme appelle \u00e0 des offres destin\u00e9es aux touristes locaux","isPartOf":{"@id":"https:\/\/www.webdo.tn\/fr\/#website"},"primaryImageOfPage":{"@id":"https:\/\/www.webdo.tn\/fr\/actualite\/national\/le-ministre-du-tourisme-appelle-a-des-offres-destinees-aux-touristes-locaux\/206602\/#primaryimage"},"image":{"@id":"https:\/\/www.webdo.tn\/fr\/actualite\/national\/le-ministre-du-tourisme-appelle-a-des-offres-destinees-aux-touristes-locaux\/206602\/#primaryimage"},"thumbnailUrl":"https:\/\/www.webdo.tn\/fr\/wp-content\/uploads\/2023\/06\/f8285baaa34e31e2cb9e700beb8c2447.jpg","datePublished":"2023-06-15T08:14:00+00:00","dateModified":"2025-05-20T22:50:39+00:00","description":"Lors d\u2019une session de travail tenue hier mercredi 14 juin, le ministre du Tourisme Moez Belhassine a insist\u00e9 sur le tourisme local.","breadcrumb":{"@id":"https:\/\/www.webdo.tn\/fr\/actualite\/national\/le-ministre-du-tourisme-appelle-a-des-offres-destinees-aux-touristes-locaux\/206602\/#breadcrumb"},"inLanguage":"fr-FR","potentialAction":[{"@type":"ReadAction","target":["https:\/\/www.webdo.tn\/fr\/actualite\/national\/le-ministre-du-tourisme-appelle-a-des-offres-destinees-aux-touristes-locaux\/206602\/"]}]},{"@type":"ImageObject","inLanguage":"fr-FR","@id":"https:\/\/www.webdo.tn\/fr\/actualite\/national\/le-ministre-du-tourisme-appelle-a-des-offres-destinees-aux-touristes-locaux\/206602\/#primaryimage","url":"https:\/\/www.webdo.tn\/fr\/wp-content\/uploads\/2023\/06\/f8285baaa34e31e2cb9e700beb8c2447.jpg","contentUrl":"https:\/\/www.webdo.tn\/fr\/wp-content\/uploads\/2023\/06\/f8285baaa34e31e2cb9e700beb8c2447.jpg","width":750,"height":400,"caption":"Le ministre du tourisme appelle \u00e0 des offres destin\u00e9es aux touristes locaux"},{"@type":"BreadcrumbList","@id":"https:\/\/www.webdo.tn\/fr\/actualite\/national\/le-ministre-du-tourisme-appelle-a-des-offres-destinees-aux-touristes-locaux\/206602\/#breadcrumb","itemListElement":[{"@type":"ListItem","position":1,"name":"Accueil","item":"https:\/\/www.webdo.tn\/fr\/"},{"@type":"ListItem","position":2,"name":"Le ministre du tourisme appelle \u00e0 des offres destin\u00e9es aux touristes locaux"}]},{"@type":"WebSite","@id":"https:\/\/www.webdo.tn\/fr\/#website","url":"https:\/\/www.webdo.tn\/fr\/","name":"webdo","description":"Tunisie - News en Tunisie et \u00e0 l&#039;international sur Webdo.tn","publisher":{"@id":"https:\/\/www.webdo.tn\/fr\/#organization"},"potentialAction":[{"@type":"SearchAction","target":{"@type":"EntryPoint","urlTemplate":"https:\/\/www.webdo.tn\/fr\/?s={search_term_string}"},"query-input":{"@type":"PropertyValueSpecification","valueRequired":true,"valueName":"search_term_string"}}],"inLanguage":"fr-FR"},{"@type":"Organization","@id":"https:\/\/www.webdo.tn\/fr\/#organization","name":"Webdo","alternateName":"Webdo.tn","url":"https:\/\/www.webdo.tn\/fr\/","logo":{"@type":"ImageObject","inLanguage":"fr-FR","@id":"https:\/\/www.webdo.tn\/fr\/#\/schema\/logo\/image\/","url":"https:\/\/www.webdo.tn\/fr\/wp-content\/uploads\/2025\/06\/Webdo-Tunisie_168377.jpg","contentUrl":"https:\/\/www.webdo.tn\/fr\/wp-content\/uploads\/2025\/06\/Webdo-Tunisie_168377.jpg","width":301,"height":301,"caption":"Webdo"},"image":{"@id":"https:\/\/www.webdo.tn\/fr\/#\/schema\/logo\/image\/"},"sameAs":["https:\/\/www.facebook.com\/webdotn","https:\/\/x.com\/webdo_tn"],"description":"Webdo est un m\u00e9dia num\u00e9rique tunisien fond\u00e9 en 2010, sp\u00e9cialis\u00e9 dans l\u2019actualit\u00e9 nationale et internationale, l\u2019\u00e9conomie, la soci\u00e9t\u00e9 et les analyses politiques. Le site s\u2019adresse \u00e0 un large public francophone et couvre l\u2019information tunisienne en temps r\u00e9el.","email":"redac@webdo.tn","legalName":"YNJ SARL","foundingDate":"2010-09-06","numberOfEmployees":{"@type":"QuantitativeValue","minValue":"11","maxValue":"50"}},{"@type":"Person","@id":"https:\/\/www.webdo.tn\/fr\/#\/schema\/person\/f35b42a42c5e2511bbd282959d6385cc","name":"CL","image":{"@type":"ImageObject","inLanguage":"fr-FR","@id":"https:\/\/secure.gravatar.com\/avatar\/1447a49909b67aa657c488aec6512e1dd6143a480c1ecfee9b5b5cd74eb3b59e?s=96&d=mm&r=g","url":"https:\/\/secure.gravatar.com\/avatar\/1447a49909b67aa657c488aec6512e1dd6143a480c1ecfee9b5b5cd74eb3b59e?s=96&d=mm&r=g","contentUrl":"https:\/\/secure.gravatar.com\/avatar\/1447a49909b67aa657c488aec6512e1dd6143a480c1ecfee9b5b5cd74eb3b59e?s=96&d=mm&r=g","caption":"CL"},"url":"https:\/\/www.webdo.tn\/fr\/actualite\/author\/cl\/"}]}},"_links":{"self":[{"href":"https:\/\/www.webdo.tn\/fr\/wp-json\/wp\/v2\/posts\/206602","targetHints":{"allow":["GET"]}}],"collection":[{"href":"https:\/\/www.webdo.tn\/fr\/wp-json\/wp\/v2\/posts"}],"about":[{"href":"https:\/\/www.webdo.tn\/fr\/wp-json\/wp\/v2\/types\/post"}],"author":[{"embeddable":true,"href":"https:\/\/www.webdo.tn\/fr\/wp-json\/wp\/v2\/users\/3175"}],"replies":[{"embeddable":true,"href":"https:\/\/www.webdo.tn\/fr\/wp-json\/wp\/v2\/comments?post=206602"}],"version-history":[{"count":0,"href":"https:\/\/www.webdo.tn\/fr\/wp-json\/wp\/v2\/posts\/206602\/revisions"}],"wp:featuredmedia":[{"embeddable":true,"href":"https:\/\/www.webdo.tn\/fr\/wp-json\/wp\/v2\/media\/278360"}],"wp:attachment":[{"href":"https:\/\/www.webdo.tn\/fr\/wp-json\/wp\/v2\/media?parent=206602"}],"wp:term":[{"taxonomy":"category","embeddable":true,"href":"https:\/\/www.webdo.tn\/fr\/wp-json\/wp\/v2\/categories?post=206602"},{"taxonomy":"post_tag","embeddable":true,"href":"https:\/\/www.webdo.tn\/fr\/wp-json\/wp\/v2\/tags?post=206602"}],"curies":[{"name":"wp","href":"https:\/\/api.w.org\/{rel}","templated":true}]}}