{"id":206601,"date":"2023-06-15T07:35:00","date_gmt":"2023-06-15T07:35:00","guid":{"rendered":"https:\/\/www.webdo.tn\/fr\/blog\/bouden-annonce-le-lancement-du-fonds-de-l-emploi-et-de-la-jeunesse\/206601\/"},"modified":"2025-05-20T22:50:40","modified_gmt":"2025-05-20T22:50:40","slug":"bouden-annonce-le-lancement-du-fonds-de-l-emploi-et-de-la-jeunesse","status":"publish","type":"post","link":"https:\/\/www.webdo.tn\/fr\/actualite\/national\/bouden-annonce-le-lancement-du-fonds-de-l-emploi-et-de-la-jeunesse\/206601\/","title":{"rendered":"Bouden annonce le lancement du \u00ab\u00a0Fonds de l&#8217;emploi et de la jeunesse\u00a0\u00bb"},"content":{"rendered":"<p>La cheffe du gouvernement, Najla Bouden a annonc\u00e9 le lancement dans deux jours du \u00ab\u00a0Fonds de l&#8217;emploi et de la jeunesse\u00a0\u00bb pour financer des projets d&rsquo;autonomisation \u00e9conomique, soutenir l&rsquo;entrepreneuriat et divers programmes d&rsquo;appui \u00e0 l&#8217;emploi, sous l&rsquo;\u00e9gide du Pr\u00e9sident de la R\u00e9publique et en partenariat avec les Nations Unies.<\/p>\n<p>\t\t\t\t\t\t\t\t\tDans une allocution prononc\u00e9e lors du sommet sur le monde du travail \u00e0 Gen\u00e8ve, elle a soulign\u00e9 que le gouvernement a \u00e9labor\u00e9 une vision strat\u00e9gique qui repose sur des priorit\u00e9s fondamentales \u00e0 savoir l&rsquo;acc\u00e9l\u00e9ration du rythme de mise en \u0153uvre des r\u00e9formes \u00e9conomiques appropri\u00e9es dans le but d&rsquo;assurer un mod\u00e8le de croissance positif et durable, le maintien des \u00e9quilibres financiers publics en ma\u00eetrisant le d\u00e9ficit budg\u00e9taire et l&rsquo;endettement et l&rsquo;am\u00e9lioration du climat des affaires et l&rsquo;autonomisation \u00e9conomique.<\/p>\n<p>Il n&rsquo;\u00e9chappe \u00e0 personne, a-t-elle dit, que la Tunisie passe par une \u00e9tape d\u00e9licate et que cette r\u00e9alit\u00e9 n\u00e9cessite de la part de tous de privil\u00e9gier le travail en tant que valeur civilisationnelle, de r\u00e9habiliter les travailleurs manuels et intellectuels et d&rsquo;engager des r\u00e9formes profondes.<\/p>\n<p>Elle a soulign\u00e9 que la r\u00e9alisation de la justice, de la dignit\u00e9 et de la libert\u00e9 humaine constitue une priorit\u00e9 pour la Tunisie qui est attach\u00e9e, plus que jamais, au travail en tant que droit fondamental et \u00e0 consacrer ce principe dans la l\u00e9gislation et dans la pratique en illustration du concept de la soci\u00e9t\u00e9 de droit. Cette orientation a \u00e9t\u00e9 concr\u00e9tis\u00e9e par la constitution du 25 juillet 2022 qui stipule express\u00e9ment ces droits et principes, en plus du droit \u00e0 un travail d\u00e9cent, \u00e0 un salaire \u00e9quitable, \u00e0 la sant\u00e9 et \u00e0 une couverture sociale, a-t-elle soutenu.<\/p>\n","protected":false},"excerpt":{"rendered":"<p>La cheffe du gouvernement, Najla Bouden a annonc\u00e9 le lancement dans deux jours du  Fonds de l&#8217;emploi et de la jeunesse  pour financer des projets d&rsquo;autonomisati&#8230;<\/p>\n","protected":false},"author":3175,"featured_media":278361,"comment_status":"open","ping_status":"closed","sticky":false,"template":"","format":"standard","meta":{"footnotes":""},"categories":[44],"tags":[8792,3049,2773,3501,2608],"class_list":["post-206601","post","type-post","status-publish","format-standard","has-post-thumbnail","hentry","category-national","tag-bouden","tag-emploi","tag-fonds","tag-jeunesse","tag-tunisie"],"yoast_head":"<!-- This site is optimized with the Yoast SEO Premium plugin v27.4 (Yoast SEO v27.4) - https:\/\/yoast.com\/product\/yoast-seo-premium-wordpress\/ -->\n<title>Bouden annonce le lancement du Fonds de l&#039;emploi et de la jeunesse<\/title>\n<meta name=\"description\" content=\"La cheffe du gouvernement, Najla Bouden a annonc\u00e9 le lancement dans deux jours du Fonds de l&#039;emploi et de la jeunesse pour financer des projets d&#039;autonomisati...\" \/>\n<link rel=\"canonical\" href=\"https:\/\/www.webdo.tn\/fr\/actualite\/national\/bouden-annonce-le-lancement-du-fonds-de-l-emploi-et-de-la-jeunesse\/206601\/\" \/>\n<meta property=\"og:locale\" content=\"fr_FR\" \/>\n<meta property=\"og:type\" content=\"article\" \/>\n<meta property=\"og:title\" content=\"Bouden annonce le lancement du &quot;Fonds de l&#039;emploi et de la jeunesse&quot;\" \/>\n<meta property=\"og:description\" content=\"La cheffe du gouvernement, Najla Bouden a annonc\u00e9 le lancement dans deux jours du Fonds de l&#039;emploi et de la jeunesse pour financer des projets d&#039;autonomisati...\" \/>\n<meta property=\"og:url\" content=\"https:\/\/www.webdo.tn\/fr\/actualite\/national\/bouden-annonce-le-lancement-du-fonds-de-l-emploi-et-de-la-jeunesse\/206601\/\" \/>\n<meta property=\"og:site_name\" content=\"webdo\" \/>\n<meta property=\"article:publisher\" content=\"https:\/\/www.facebook.com\/webdotn\" \/>\n<meta property=\"article:published_time\" content=\"2023-06-15T07:35:00+00:00\" \/>\n<meta property=\"article:modified_time\" content=\"2025-05-20T22:50:40+00:00\" \/>\n<meta property=\"og:image\" content=\"https:\/\/www.webdo.tn\/fr\/wp-content\/uploads\/2023\/06\/d27155a19669c2a4d5f3a12d9a192a0c.jpg\" \/>\n\t<meta property=\"og:image:width\" content=\"750\" \/>\n\t<meta property=\"og:image:height\" content=\"400\" \/>\n\t<meta property=\"og:image:type\" content=\"image\/jpeg\" \/>\n<meta name=\"author\" content=\"CL\" \/>\n<meta name=\"twitter:card\" content=\"summary_large_image\" \/>\n<meta name=\"twitter:creator\" content=\"@webdo_tn\" \/>\n<meta name=\"twitter:site\" content=\"@webdo_tn\" \/>\n<meta name=\"twitter:label1\" content=\"\u00c9crit par\" \/>\n\t<meta name=\"twitter:data1\" content=\"CL\" \/>\n\t<meta name=\"twitter:label2\" content=\"Dur\u00e9e de lecture estim\u00e9e\" \/>\n\t<meta name=\"twitter:data2\" content=\"1 minute\" \/>\n<script type=\"application\/ld+json\" class=\"yoast-schema-graph\">{\"@context\":\"https:\\\/\\\/schema.org\",\"@graph\":[{\"@type\":\"NewsArticle\",\"@id\":\"https:\\\/\\\/www.webdo.tn\\\/fr\\\/actualite\\\/national\\\/bouden-annonce-le-lancement-du-fonds-de-l-emploi-et-de-la-jeunesse\\\/206601\\\/#article\",\"isPartOf\":{\"@id\":\"https:\\\/\\\/www.webdo.tn\\\/fr\\\/actualite\\\/national\\\/bouden-annonce-le-lancement-du-fonds-de-l-emploi-et-de-la-jeunesse\\\/206601\\\/\"},\"author\":{\"name\":\"CL\",\"@id\":\"https:\\\/\\\/www.webdo.tn\\\/fr\\\/#\\\/schema\\\/person\\\/f35b42a42c5e2511bbd282959d6385cc\"},\"headline\":\"Bouden annonce le lancement du \u00ab\u00a0Fonds de l&#8217;emploi et de la jeunesse\u00a0\u00bb\",\"datePublished\":\"2023-06-15T07:35:00+00:00\",\"dateModified\":\"2025-05-20T22:50:40+00:00\",\"mainEntityOfPage\":{\"@id\":\"https:\\\/\\\/www.webdo.tn\\\/fr\\\/actualite\\\/national\\\/bouden-annonce-le-lancement-du-fonds-de-l-emploi-et-de-la-jeunesse\\\/206601\\\/\"},\"wordCount\":313,\"commentCount\":0,\"publisher\":{\"@id\":\"https:\\\/\\\/www.webdo.tn\\\/fr\\\/#organization\"},\"image\":{\"@id\":\"https:\\\/\\\/www.webdo.tn\\\/fr\\\/actualite\\\/national\\\/bouden-annonce-le-lancement-du-fonds-de-l-emploi-et-de-la-jeunesse\\\/206601\\\/#primaryimage\"},\"thumbnailUrl\":\"https:\\\/\\\/www.webdo.tn\\\/fr\\\/wp-content\\\/uploads\\\/2023\\\/06\\\/d27155a19669c2a4d5f3a12d9a192a0c.jpg\",\"keywords\":[\"Bouden\",\"emploi\",\"fonds\",\"Jeunesse\",\"Tunisie\"],\"articleSection\":[\"National\"],\"inLanguage\":\"fr-FR\"},{\"@type\":\"WebPage\",\"@id\":\"https:\\\/\\\/www.webdo.tn\\\/fr\\\/actualite\\\/national\\\/bouden-annonce-le-lancement-du-fonds-de-l-emploi-et-de-la-jeunesse\\\/206601\\\/\",\"url\":\"https:\\\/\\\/www.webdo.tn\\\/fr\\\/actualite\\\/national\\\/bouden-annonce-le-lancement-du-fonds-de-l-emploi-et-de-la-jeunesse\\\/206601\\\/\",\"name\":\"Bouden annonce le lancement du Fonds de l'emploi et de la jeunesse\",\"isPartOf\":{\"@id\":\"https:\\\/\\\/www.webdo.tn\\\/fr\\\/#website\"},\"primaryImageOfPage\":{\"@id\":\"https:\\\/\\\/www.webdo.tn\\\/fr\\\/actualite\\\/national\\\/bouden-annonce-le-lancement-du-fonds-de-l-emploi-et-de-la-jeunesse\\\/206601\\\/#primaryimage\"},\"image\":{\"@id\":\"https:\\\/\\\/www.webdo.tn\\\/fr\\\/actualite\\\/national\\\/bouden-annonce-le-lancement-du-fonds-de-l-emploi-et-de-la-jeunesse\\\/206601\\\/#primaryimage\"},\"thumbnailUrl\":\"https:\\\/\\\/www.webdo.tn\\\/fr\\\/wp-content\\\/uploads\\\/2023\\\/06\\\/d27155a19669c2a4d5f3a12d9a192a0c.jpg\",\"datePublished\":\"2023-06-15T07:35:00+00:00\",\"dateModified\":\"2025-05-20T22:50:40+00:00\",\"description\":\"La cheffe du gouvernement, Najla Bouden a annonc\u00e9 le lancement dans deux jours du Fonds de l'emploi et de la jeunesse pour financer des projets d'autonomisati...\",\"breadcrumb\":{\"@id\":\"https:\\\/\\\/www.webdo.tn\\\/fr\\\/actualite\\\/national\\\/bouden-annonce-le-lancement-du-fonds-de-l-emploi-et-de-la-jeunesse\\\/206601\\\/#breadcrumb\"},\"inLanguage\":\"fr-FR\",\"potentialAction\":[{\"@type\":\"ReadAction\",\"target\":[\"https:\\\/\\\/www.webdo.tn\\\/fr\\\/actualite\\\/national\\\/bouden-annonce-le-lancement-du-fonds-de-l-emploi-et-de-la-jeunesse\\\/206601\\\/\"]}]},{\"@type\":\"ImageObject\",\"inLanguage\":\"fr-FR\",\"@id\":\"https:\\\/\\\/www.webdo.tn\\\/fr\\\/actualite\\\/national\\\/bouden-annonce-le-lancement-du-fonds-de-l-emploi-et-de-la-jeunesse\\\/206601\\\/#primaryimage\",\"url\":\"https:\\\/\\\/www.webdo.tn\\\/fr\\\/wp-content\\\/uploads\\\/2023\\\/06\\\/d27155a19669c2a4d5f3a12d9a192a0c.jpg\",\"contentUrl\":\"https:\\\/\\\/www.webdo.tn\\\/fr\\\/wp-content\\\/uploads\\\/2023\\\/06\\\/d27155a19669c2a4d5f3a12d9a192a0c.jpg\",\"width\":750,\"height\":400,\"caption\":\"Bouden annonce le lancement du \\\"Fonds de l'emploi et de la jeunesse\\\"\"},{\"@type\":\"BreadcrumbList\",\"@id\":\"https:\\\/\\\/www.webdo.tn\\\/fr\\\/actualite\\\/national\\\/bouden-annonce-le-lancement-du-fonds-de-l-emploi-et-de-la-jeunesse\\\/206601\\\/#breadcrumb\",\"itemListElement\":[{\"@type\":\"ListItem\",\"position\":1,\"name\":\"Accueil\",\"item\":\"https:\\\/\\\/www.webdo.tn\\\/fr\\\/\"},{\"@type\":\"ListItem\",\"position\":2,\"name\":\"Bouden annonce le lancement du \u00ab\u00a0Fonds de l&#8217;emploi et de la jeunesse\u00a0\u00bb\"}]},{\"@type\":\"WebSite\",\"@id\":\"https:\\\/\\\/www.webdo.tn\\\/fr\\\/#website\",\"url\":\"https:\\\/\\\/www.webdo.tn\\\/fr\\\/\",\"name\":\"webdo\",\"description\":\"Tunisie - News en Tunisie et \u00e0 l&#039;international sur Webdo.tn\",\"publisher\":{\"@id\":\"https:\\\/\\\/www.webdo.tn\\\/fr\\\/#organization\"},\"potentialAction\":[{\"@type\":\"SearchAction\",\"target\":{\"@type\":\"EntryPoint\",\"urlTemplate\":\"https:\\\/\\\/www.webdo.tn\\\/fr\\\/?s={search_term_string}\"},\"query-input\":{\"@type\":\"PropertyValueSpecification\",\"valueRequired\":true,\"valueName\":\"search_term_string\"}}],\"inLanguage\":\"fr-FR\"},{\"@type\":\"Organization\",\"@id\":\"https:\\\/\\\/www.webdo.tn\\\/fr\\\/#organization\",\"name\":\"Webdo\",\"alternateName\":\"Webdo.tn\",\"url\":\"https:\\\/\\\/www.webdo.tn\\\/fr\\\/\",\"logo\":{\"@type\":\"ImageObject\",\"inLanguage\":\"fr-FR\",\"@id\":\"https:\\\/\\\/www.webdo.tn\\\/fr\\\/#\\\/schema\\\/logo\\\/image\\\/\",\"url\":\"https:\\\/\\\/www.webdo.tn\\\/fr\\\/wp-content\\\/uploads\\\/2025\\\/06\\\/Webdo-Tunisie_168377.jpg\",\"contentUrl\":\"https:\\\/\\\/www.webdo.tn\\\/fr\\\/wp-content\\\/uploads\\\/2025\\\/06\\\/Webdo-Tunisie_168377.jpg\",\"width\":301,\"height\":301,\"caption\":\"Webdo\"},\"image\":{\"@id\":\"https:\\\/\\\/www.webdo.tn\\\/fr\\\/#\\\/schema\\\/logo\\\/image\\\/\"},\"sameAs\":[\"https:\\\/\\\/www.facebook.com\\\/webdotn\",\"https:\\\/\\\/x.com\\\/webdo_tn\"],\"description\":\"Webdo est un m\u00e9dia num\u00e9rique tunisien fond\u00e9 en 2010, sp\u00e9cialis\u00e9 dans l\u2019actualit\u00e9 nationale et internationale, l\u2019\u00e9conomie, la soci\u00e9t\u00e9 et les analyses politiques. Le site s\u2019adresse \u00e0 un large public francophone et couvre l\u2019information tunisienne en temps r\u00e9el.\",\"email\":\"redac@webdo.tn\",\"legalName\":\"YNJ SARL\",\"foundingDate\":\"2010-09-06\",\"numberOfEmployees\":{\"@type\":\"QuantitativeValue\",\"minValue\":\"11\",\"maxValue\":\"50\"}},{\"@type\":\"Person\",\"@id\":\"https:\\\/\\\/www.webdo.tn\\\/fr\\\/#\\\/schema\\\/person\\\/f35b42a42c5e2511bbd282959d6385cc\",\"name\":\"CL\",\"image\":{\"@type\":\"ImageObject\",\"inLanguage\":\"fr-FR\",\"@id\":\"https:\\\/\\\/secure.gravatar.com\\\/avatar\\\/1447a49909b67aa657c488aec6512e1dd6143a480c1ecfee9b5b5cd74eb3b59e?s=96&d=mm&r=g\",\"url\":\"https:\\\/\\\/secure.gravatar.com\\\/avatar\\\/1447a49909b67aa657c488aec6512e1dd6143a480c1ecfee9b5b5cd74eb3b59e?s=96&d=mm&r=g\",\"contentUrl\":\"https:\\\/\\\/secure.gravatar.com\\\/avatar\\\/1447a49909b67aa657c488aec6512e1dd6143a480c1ecfee9b5b5cd74eb3b59e?s=96&d=mm&r=g\",\"caption\":\"CL\"},\"url\":\"https:\\\/\\\/www.webdo.tn\\\/fr\\\/actualite\\\/author\\\/cl\\\/\"}]}<\/script>\n<!-- \/ Yoast SEO Premium plugin. -->","yoast_head_json":{"title":"Bouden annonce le lancement du Fonds de l'emploi et de la jeunesse","description":"La cheffe du gouvernement, Najla Bouden a annonc\u00e9 le lancement dans deux jours du Fonds de l'emploi et de la jeunesse pour financer des projets d'autonomisati...","canonical":"https:\/\/www.webdo.tn\/fr\/actualite\/national\/bouden-annonce-le-lancement-du-fonds-de-l-emploi-et-de-la-jeunesse\/206601\/","og_locale":"fr_FR","og_type":"article","og_title":"Bouden annonce le lancement du \"Fonds de l'emploi et de la jeunesse\"","og_description":"La cheffe du gouvernement, Najla Bouden a annonc\u00e9 le lancement dans deux jours du Fonds de l'emploi et de la jeunesse pour financer des projets d'autonomisati...","og_url":"https:\/\/www.webdo.tn\/fr\/actualite\/national\/bouden-annonce-le-lancement-du-fonds-de-l-emploi-et-de-la-jeunesse\/206601\/","og_site_name":"webdo","article_publisher":"https:\/\/www.facebook.com\/webdotn","article_published_time":"2023-06-15T07:35:00+00:00","article_modified_time":"2025-05-20T22:50:40+00:00","og_image":[{"width":750,"height":400,"url":"https:\/\/www.webdo.tn\/fr\/wp-content\/uploads\/2023\/06\/d27155a19669c2a4d5f3a12d9a192a0c.jpg","type":"image\/jpeg"}],"author":"CL","twitter_card":"summary_large_image","twitter_creator":"@webdo_tn","twitter_site":"@webdo_tn","twitter_misc":{"\u00c9crit par":"CL","Dur\u00e9e de lecture estim\u00e9e":"1 minute"},"schema":{"@context":"https:\/\/schema.org","@graph":[{"@type":"NewsArticle","@id":"https:\/\/www.webdo.tn\/fr\/actualite\/national\/bouden-annonce-le-lancement-du-fonds-de-l-emploi-et-de-la-jeunesse\/206601\/#article","isPartOf":{"@id":"https:\/\/www.webdo.tn\/fr\/actualite\/national\/bouden-annonce-le-lancement-du-fonds-de-l-emploi-et-de-la-jeunesse\/206601\/"},"author":{"name":"CL","@id":"https:\/\/www.webdo.tn\/fr\/#\/schema\/person\/f35b42a42c5e2511bbd282959d6385cc"},"headline":"Bouden annonce le lancement du \u00ab\u00a0Fonds de l&#8217;emploi et de la jeunesse\u00a0\u00bb","datePublished":"2023-06-15T07:35:00+00:00","dateModified":"2025-05-20T22:50:40+00:00","mainEntityOfPage":{"@id":"https:\/\/www.webdo.tn\/fr\/actualite\/national\/bouden-annonce-le-lancement-du-fonds-de-l-emploi-et-de-la-jeunesse\/206601\/"},"wordCount":313,"commentCount":0,"publisher":{"@id":"https:\/\/www.webdo.tn\/fr\/#organization"},"image":{"@id":"https:\/\/www.webdo.tn\/fr\/actualite\/national\/bouden-annonce-le-lancement-du-fonds-de-l-emploi-et-de-la-jeunesse\/206601\/#primaryimage"},"thumbnailUrl":"https:\/\/www.webdo.tn\/fr\/wp-content\/uploads\/2023\/06\/d27155a19669c2a4d5f3a12d9a192a0c.jpg","keywords":["Bouden","emploi","fonds","Jeunesse","Tunisie"],"articleSection":["National"],"inLanguage":"fr-FR"},{"@type":"WebPage","@id":"https:\/\/www.webdo.tn\/fr\/actualite\/national\/bouden-annonce-le-lancement-du-fonds-de-l-emploi-et-de-la-jeunesse\/206601\/","url":"https:\/\/www.webdo.tn\/fr\/actualite\/national\/bouden-annonce-le-lancement-du-fonds-de-l-emploi-et-de-la-jeunesse\/206601\/","name":"Bouden annonce le lancement du Fonds de l'emploi et de la jeunesse","isPartOf":{"@id":"https:\/\/www.webdo.tn\/fr\/#website"},"primaryImageOfPage":{"@id":"https:\/\/www.webdo.tn\/fr\/actualite\/national\/bouden-annonce-le-lancement-du-fonds-de-l-emploi-et-de-la-jeunesse\/206601\/#primaryimage"},"image":{"@id":"https:\/\/www.webdo.tn\/fr\/actualite\/national\/bouden-annonce-le-lancement-du-fonds-de-l-emploi-et-de-la-jeunesse\/206601\/#primaryimage"},"thumbnailUrl":"https:\/\/www.webdo.tn\/fr\/wp-content\/uploads\/2023\/06\/d27155a19669c2a4d5f3a12d9a192a0c.jpg","datePublished":"2023-06-15T07:35:00+00:00","dateModified":"2025-05-20T22:50:40+00:00","description":"La cheffe du gouvernement, Najla Bouden a annonc\u00e9 le lancement dans deux jours du Fonds de l'emploi et de la jeunesse pour financer des projets d'autonomisati...","breadcrumb":{"@id":"https:\/\/www.webdo.tn\/fr\/actualite\/national\/bouden-annonce-le-lancement-du-fonds-de-l-emploi-et-de-la-jeunesse\/206601\/#breadcrumb"},"inLanguage":"fr-FR","potentialAction":[{"@type":"ReadAction","target":["https:\/\/www.webdo.tn\/fr\/actualite\/national\/bouden-annonce-le-lancement-du-fonds-de-l-emploi-et-de-la-jeunesse\/206601\/"]}]},{"@type":"ImageObject","inLanguage":"fr-FR","@id":"https:\/\/www.webdo.tn\/fr\/actualite\/national\/bouden-annonce-le-lancement-du-fonds-de-l-emploi-et-de-la-jeunesse\/206601\/#primaryimage","url":"https:\/\/www.webdo.tn\/fr\/wp-content\/uploads\/2023\/06\/d27155a19669c2a4d5f3a12d9a192a0c.jpg","contentUrl":"https:\/\/www.webdo.tn\/fr\/wp-content\/uploads\/2023\/06\/d27155a19669c2a4d5f3a12d9a192a0c.jpg","width":750,"height":400,"caption":"Bouden annonce le lancement du \"Fonds de l'emploi et de la jeunesse\""},{"@type":"BreadcrumbList","@id":"https:\/\/www.webdo.tn\/fr\/actualite\/national\/bouden-annonce-le-lancement-du-fonds-de-l-emploi-et-de-la-jeunesse\/206601\/#breadcrumb","itemListElement":[{"@type":"ListItem","position":1,"name":"Accueil","item":"https:\/\/www.webdo.tn\/fr\/"},{"@type":"ListItem","position":2,"name":"Bouden annonce le lancement du \u00ab\u00a0Fonds de l&#8217;emploi et de la jeunesse\u00a0\u00bb"}]},{"@type":"WebSite","@id":"https:\/\/www.webdo.tn\/fr\/#website","url":"https:\/\/www.webdo.tn\/fr\/","name":"webdo","description":"Tunisie - News en Tunisie et \u00e0 l&#039;international sur Webdo.tn","publisher":{"@id":"https:\/\/www.webdo.tn\/fr\/#organization"},"potentialAction":[{"@type":"SearchAction","target":{"@type":"EntryPoint","urlTemplate":"https:\/\/www.webdo.tn\/fr\/?s={search_term_string}"},"query-input":{"@type":"PropertyValueSpecification","valueRequired":true,"valueName":"search_term_string"}}],"inLanguage":"fr-FR"},{"@type":"Organization","@id":"https:\/\/www.webdo.tn\/fr\/#organization","name":"Webdo","alternateName":"Webdo.tn","url":"https:\/\/www.webdo.tn\/fr\/","logo":{"@type":"ImageObject","inLanguage":"fr-FR","@id":"https:\/\/www.webdo.tn\/fr\/#\/schema\/logo\/image\/","url":"https:\/\/www.webdo.tn\/fr\/wp-content\/uploads\/2025\/06\/Webdo-Tunisie_168377.jpg","contentUrl":"https:\/\/www.webdo.tn\/fr\/wp-content\/uploads\/2025\/06\/Webdo-Tunisie_168377.jpg","width":301,"height":301,"caption":"Webdo"},"image":{"@id":"https:\/\/www.webdo.tn\/fr\/#\/schema\/logo\/image\/"},"sameAs":["https:\/\/www.facebook.com\/webdotn","https:\/\/x.com\/webdo_tn"],"description":"Webdo est un m\u00e9dia num\u00e9rique tunisien fond\u00e9 en 2010, sp\u00e9cialis\u00e9 dans l\u2019actualit\u00e9 nationale et internationale, l\u2019\u00e9conomie, la soci\u00e9t\u00e9 et les analyses politiques. Le site s\u2019adresse \u00e0 un large public francophone et couvre l\u2019information tunisienne en temps r\u00e9el.","email":"redac@webdo.tn","legalName":"YNJ SARL","foundingDate":"2010-09-06","numberOfEmployees":{"@type":"QuantitativeValue","minValue":"11","maxValue":"50"}},{"@type":"Person","@id":"https:\/\/www.webdo.tn\/fr\/#\/schema\/person\/f35b42a42c5e2511bbd282959d6385cc","name":"CL","image":{"@type":"ImageObject","inLanguage":"fr-FR","@id":"https:\/\/secure.gravatar.com\/avatar\/1447a49909b67aa657c488aec6512e1dd6143a480c1ecfee9b5b5cd74eb3b59e?s=96&d=mm&r=g","url":"https:\/\/secure.gravatar.com\/avatar\/1447a49909b67aa657c488aec6512e1dd6143a480c1ecfee9b5b5cd74eb3b59e?s=96&d=mm&r=g","contentUrl":"https:\/\/secure.gravatar.com\/avatar\/1447a49909b67aa657c488aec6512e1dd6143a480c1ecfee9b5b5cd74eb3b59e?s=96&d=mm&r=g","caption":"CL"},"url":"https:\/\/www.webdo.tn\/fr\/actualite\/author\/cl\/"}]}},"_links":{"self":[{"href":"https:\/\/www.webdo.tn\/fr\/wp-json\/wp\/v2\/posts\/206601","targetHints":{"allow":["GET"]}}],"collection":[{"href":"https:\/\/www.webdo.tn\/fr\/wp-json\/wp\/v2\/posts"}],"about":[{"href":"https:\/\/www.webdo.tn\/fr\/wp-json\/wp\/v2\/types\/post"}],"author":[{"embeddable":true,"href":"https:\/\/www.webdo.tn\/fr\/wp-json\/wp\/v2\/users\/3175"}],"replies":[{"embeddable":true,"href":"https:\/\/www.webdo.tn\/fr\/wp-json\/wp\/v2\/comments?post=206601"}],"version-history":[{"count":0,"href":"https:\/\/www.webdo.tn\/fr\/wp-json\/wp\/v2\/posts\/206601\/revisions"}],"wp:featuredmedia":[{"embeddable":true,"href":"https:\/\/www.webdo.tn\/fr\/wp-json\/wp\/v2\/media\/278361"}],"wp:attachment":[{"href":"https:\/\/www.webdo.tn\/fr\/wp-json\/wp\/v2\/media?parent=206601"}],"wp:term":[{"taxonomy":"category","embeddable":true,"href":"https:\/\/www.webdo.tn\/fr\/wp-json\/wp\/v2\/categories?post=206601"},{"taxonomy":"post_tag","embeddable":true,"href":"https:\/\/www.webdo.tn\/fr\/wp-json\/wp\/v2\/tags?post=206601"}],"curies":[{"name":"wp","href":"https:\/\/api.w.org\/{rel}","templated":true}]}}