{"id":206595,"date":"2023-06-14T19:53:00","date_gmt":"2023-06-14T19:53:00","guid":{"rendered":"https:\/\/www.webdo.tn\/fr\/blog\/kais-saied-s-entretien-au-telephone-avec-le-president-du-conseil-europeen\/206595\/"},"modified":"2025-05-17T21:09:21","modified_gmt":"2025-05-17T21:09:21","slug":"kais-saied-s-entretien-au-telephone-avec-le-president-du-conseil-europeen","status":"publish","type":"post","link":"https:\/\/www.webdo.tn\/fr\/actualite\/national\/kais-saied-s-entretien-au-telephone-avec-le-president-du-conseil-europeen\/206595\/","title":{"rendered":"Kais Saied s&rsquo;entretient au t\u00e9l\u00e9phone avec le pr\u00e9sident du Conseil europ\u00e9en"},"content":{"rendered":"<p>Le pr\u00e9sident de la R\u00e9publique, Ka\u00efs Sa\u00efed, s&rsquo;est entretenu, par t\u00e9l\u00e9phone, avec le pr\u00e9sident du Conseil europ\u00e9en, Charles Michel, ce  mercredi 14 juin 2023, selon la page Facebook de la Pr\u00e9sidence de la R\u00e9publique.<\/p>\n<p>\t\t\t\t\t\t\t\t\tLes deux parties ont abord\u00e9, au cours de cet entretien, la question de la migration, les relations entre la Tunisie et le Fonds mon\u00e9taire international (FMI), et les relations strat\u00e9giques avec les pays de l&rsquo;Union europ\u00e9enne.<\/p>\n<p>Kais Saied a expliqu\u00e9, selon le communiqu\u00e9 publi\u00e9, que la probl\u00e9matique\u00a0la migration irr\u00e9guli\u00e8re ne peut \u00eatre abord\u00e9e que d\u2019une mani\u00e8re collective capable d\u2019\u00e9radiquer les causes et pas seulement en traitant les cons\u00e9quences. Le Pr\u00e9sident en a profit\u00e9 pour rappeler son initiative quant \u00e0 l\u2019organisation d\u2019une conf\u00e9rence internationale r\u00e9unissant tous les pays concern\u00e9s, notamment les pays d&rsquo;Afrique du Nord, les pays du Sahel, les pays du Sahara et les pays du nord de la mer M\u00e9diterran\u00e9e.<\/p>\n<p>Kais Saied a \u00e9galement exprim\u00e9, \u00e0 Charles Michel,\u00a0sa position par rapport aux politiques du FMI, en affirmant que\u00a0les accords de Breton Woods ne sont pas une fatalit\u00e9 et que les conditions impos\u00e9es ne sont pas acceptables, car leur application, telle que ca \u00e9tait fait\u00a0en 1984, risque de menacer, aujourd&rsquo;hui, la paix sociale.<\/p>\n","protected":false},"excerpt":{"rendered":"<p>Le pr\u00e9sident de la R\u00e9publique, Ka\u00efs Sa\u00efed, s&rsquo;est entretenu, par t\u00e9l\u00e9phone, avec le pr\u00e9sident du Conseil europ\u00e9en, Charles Michel, ce  mercredi 14 juin 2023, sel&#8230;<\/p>\n","protected":false},"author":3169,"featured_media":278357,"comment_status":"open","ping_status":"closed","sticky":false,"template":"","format":"standard","meta":{"footnotes":""},"categories":[44],"tags":[9552,2614,2615,2608,2896],"class_list":["post-206595","post","type-post","status-publish","format-standard","has-post-thumbnail","hentry","category-national","tag-charles-michel","tag-kais-saied","tag-migration","tag-tunisie","tag-union-europeenne"],"yoast_head":"<!-- This site is optimized with the Yoast SEO Premium plugin v27.4 (Yoast SEO v27.4) - https:\/\/yoast.com\/product\/yoast-seo-premium-wordpress\/ -->\n<title>Kais Saied s&#039;entretient au t\u00e9l\u00e9phone avec le pr\u00e9sident du Conseil europ\u00e9en<\/title>\n<meta name=\"description\" content=\"Le pr\u00e9sident de la R\u00e9publique, Ka\u00efs Sa\u00efed, s&#039;est entretenu, par t\u00e9l\u00e9phone, avec le pr\u00e9sident du Conseil europ\u00e9en, Charles Michel, ce mercredi 14 juin 2023, sel...\" \/>\n<link rel=\"canonical\" href=\"https:\/\/www.webdo.tn\/fr\/actualite\/national\/kais-saied-s-entretien-au-telephone-avec-le-president-du-conseil-europeen\/206595\/\" \/>\n<meta property=\"og:locale\" content=\"fr_FR\" \/>\n<meta property=\"og:type\" content=\"article\" \/>\n<meta property=\"og:title\" content=\"Kais Saied s&#039;entretient au t\u00e9l\u00e9phone avec le pr\u00e9sident du Conseil europ\u00e9en\" \/>\n<meta property=\"og:description\" content=\"Le pr\u00e9sident de la R\u00e9publique, Ka\u00efs Sa\u00efed, s&#039;est entretenu, par t\u00e9l\u00e9phone, avec le pr\u00e9sident du Conseil europ\u00e9en, Charles Michel, ce mercredi 14 juin 2023, sel...\" \/>\n<meta property=\"og:url\" content=\"https:\/\/www.webdo.tn\/fr\/actualite\/national\/kais-saied-s-entretien-au-telephone-avec-le-president-du-conseil-europeen\/206595\/\" \/>\n<meta property=\"og:site_name\" content=\"webdo\" \/>\n<meta property=\"article:publisher\" content=\"https:\/\/www.facebook.com\/webdotn\" \/>\n<meta property=\"article:published_time\" content=\"2023-06-14T19:53:00+00:00\" \/>\n<meta property=\"article:modified_time\" content=\"2025-05-17T21:09:21+00:00\" \/>\n<meta property=\"og:image\" content=\"https:\/\/www.webdo.tn\/fr\/wp-content\/uploads\/2023\/06\/09d72b267f5fd8060b8f32156666d208.jpg\" \/>\n\t<meta property=\"og:image:width\" content=\"750\" \/>\n\t<meta property=\"og:image:height\" content=\"400\" \/>\n\t<meta property=\"og:image:type\" content=\"image\/jpeg\" \/>\n<meta name=\"author\" content=\"Webdo\" \/>\n<meta name=\"twitter:card\" content=\"summary_large_image\" \/>\n<meta name=\"twitter:creator\" content=\"@webdo_tn\" \/>\n<meta name=\"twitter:site\" content=\"@webdo_tn\" \/>\n<meta name=\"twitter:label1\" content=\"\u00c9crit par\" \/>\n\t<meta name=\"twitter:data1\" content=\"Webdo\" \/>\n\t<meta name=\"twitter:label2\" content=\"Dur\u00e9e de lecture estim\u00e9e\" \/>\n\t<meta name=\"twitter:data2\" content=\"1 minute\" \/>\n<script type=\"application\/ld+json\" class=\"yoast-schema-graph\">{\"@context\":\"https:\\\/\\\/schema.org\",\"@graph\":[{\"@type\":\"NewsArticle\",\"@id\":\"https:\\\/\\\/www.webdo.tn\\\/fr\\\/actualite\\\/national\\\/kais-saied-s-entretien-au-telephone-avec-le-president-du-conseil-europeen\\\/206595\\\/#article\",\"isPartOf\":{\"@id\":\"https:\\\/\\\/www.webdo.tn\\\/fr\\\/actualite\\\/national\\\/kais-saied-s-entretien-au-telephone-avec-le-president-du-conseil-europeen\\\/206595\\\/\"},\"author\":{\"name\":\"Webdo\",\"@id\":\"https:\\\/\\\/www.webdo.tn\\\/fr\\\/#\\\/schema\\\/person\\\/1f4e491e0907b413d61089e8eb573acc\"},\"headline\":\"Kais Saied s&rsquo;entretient au t\u00e9l\u00e9phone avec le pr\u00e9sident du Conseil europ\u00e9en\",\"datePublished\":\"2023-06-14T19:53:00+00:00\",\"dateModified\":\"2025-05-17T21:09:21+00:00\",\"mainEntityOfPage\":{\"@id\":\"https:\\\/\\\/www.webdo.tn\\\/fr\\\/actualite\\\/national\\\/kais-saied-s-entretien-au-telephone-avec-le-president-du-conseil-europeen\\\/206595\\\/\"},\"wordCount\":246,\"commentCount\":0,\"publisher\":{\"@id\":\"https:\\\/\\\/www.webdo.tn\\\/fr\\\/#organization\"},\"image\":{\"@id\":\"https:\\\/\\\/www.webdo.tn\\\/fr\\\/actualite\\\/national\\\/kais-saied-s-entretien-au-telephone-avec-le-president-du-conseil-europeen\\\/206595\\\/#primaryimage\"},\"thumbnailUrl\":\"https:\\\/\\\/www.webdo.tn\\\/fr\\\/wp-content\\\/uploads\\\/2023\\\/06\\\/09d72b267f5fd8060b8f32156666d208.jpg\",\"keywords\":[\"Charles Michel\",\"Kais Saied\",\"Migration\",\"Tunisie\",\"Union europ\u00e9enne\"],\"articleSection\":[\"National\"],\"inLanguage\":\"fr-FR\"},{\"@type\":\"WebPage\",\"@id\":\"https:\\\/\\\/www.webdo.tn\\\/fr\\\/actualite\\\/national\\\/kais-saied-s-entretien-au-telephone-avec-le-president-du-conseil-europeen\\\/206595\\\/\",\"url\":\"https:\\\/\\\/www.webdo.tn\\\/fr\\\/actualite\\\/national\\\/kais-saied-s-entretien-au-telephone-avec-le-president-du-conseil-europeen\\\/206595\\\/\",\"name\":\"Kais Saied s'entretient au t\u00e9l\u00e9phone avec le pr\u00e9sident du Conseil europ\u00e9en\",\"isPartOf\":{\"@id\":\"https:\\\/\\\/www.webdo.tn\\\/fr\\\/#website\"},\"primaryImageOfPage\":{\"@id\":\"https:\\\/\\\/www.webdo.tn\\\/fr\\\/actualite\\\/national\\\/kais-saied-s-entretien-au-telephone-avec-le-president-du-conseil-europeen\\\/206595\\\/#primaryimage\"},\"image\":{\"@id\":\"https:\\\/\\\/www.webdo.tn\\\/fr\\\/actualite\\\/national\\\/kais-saied-s-entretien-au-telephone-avec-le-president-du-conseil-europeen\\\/206595\\\/#primaryimage\"},\"thumbnailUrl\":\"https:\\\/\\\/www.webdo.tn\\\/fr\\\/wp-content\\\/uploads\\\/2023\\\/06\\\/09d72b267f5fd8060b8f32156666d208.jpg\",\"datePublished\":\"2023-06-14T19:53:00+00:00\",\"dateModified\":\"2025-05-17T21:09:21+00:00\",\"description\":\"Le pr\u00e9sident de la R\u00e9publique, Ka\u00efs Sa\u00efed, s'est entretenu, par t\u00e9l\u00e9phone, avec le pr\u00e9sident du Conseil europ\u00e9en, Charles Michel, ce mercredi 14 juin 2023, sel...\",\"breadcrumb\":{\"@id\":\"https:\\\/\\\/www.webdo.tn\\\/fr\\\/actualite\\\/national\\\/kais-saied-s-entretien-au-telephone-avec-le-president-du-conseil-europeen\\\/206595\\\/#breadcrumb\"},\"inLanguage\":\"fr-FR\",\"potentialAction\":[{\"@type\":\"ReadAction\",\"target\":[\"https:\\\/\\\/www.webdo.tn\\\/fr\\\/actualite\\\/national\\\/kais-saied-s-entretien-au-telephone-avec-le-president-du-conseil-europeen\\\/206595\\\/\"]}]},{\"@type\":\"ImageObject\",\"inLanguage\":\"fr-FR\",\"@id\":\"https:\\\/\\\/www.webdo.tn\\\/fr\\\/actualite\\\/national\\\/kais-saied-s-entretien-au-telephone-avec-le-president-du-conseil-europeen\\\/206595\\\/#primaryimage\",\"url\":\"https:\\\/\\\/www.webdo.tn\\\/fr\\\/wp-content\\\/uploads\\\/2023\\\/06\\\/09d72b267f5fd8060b8f32156666d208.jpg\",\"contentUrl\":\"https:\\\/\\\/www.webdo.tn\\\/fr\\\/wp-content\\\/uploads\\\/2023\\\/06\\\/09d72b267f5fd8060b8f32156666d208.jpg\",\"width\":750,\"height\":400,\"caption\":\"Kais Saied s'entretient au t\u00e9l\u00e9phone avec le pr\u00e9sident du Conseil europ\u00e9en\"},{\"@type\":\"BreadcrumbList\",\"@id\":\"https:\\\/\\\/www.webdo.tn\\\/fr\\\/actualite\\\/national\\\/kais-saied-s-entretien-au-telephone-avec-le-president-du-conseil-europeen\\\/206595\\\/#breadcrumb\",\"itemListElement\":[{\"@type\":\"ListItem\",\"position\":1,\"name\":\"Accueil\",\"item\":\"https:\\\/\\\/www.webdo.tn\\\/fr\\\/\"},{\"@type\":\"ListItem\",\"position\":2,\"name\":\"Kais Saied s&rsquo;entretient au t\u00e9l\u00e9phone avec le pr\u00e9sident du Conseil europ\u00e9en\"}]},{\"@type\":\"WebSite\",\"@id\":\"https:\\\/\\\/www.webdo.tn\\\/fr\\\/#website\",\"url\":\"https:\\\/\\\/www.webdo.tn\\\/fr\\\/\",\"name\":\"webdo\",\"description\":\"Tunisie - News en Tunisie et \u00e0 l&#039;international sur Webdo.tn\",\"publisher\":{\"@id\":\"https:\\\/\\\/www.webdo.tn\\\/fr\\\/#organization\"},\"potentialAction\":[{\"@type\":\"SearchAction\",\"target\":{\"@type\":\"EntryPoint\",\"urlTemplate\":\"https:\\\/\\\/www.webdo.tn\\\/fr\\\/?s={search_term_string}\"},\"query-input\":{\"@type\":\"PropertyValueSpecification\",\"valueRequired\":true,\"valueName\":\"search_term_string\"}}],\"inLanguage\":\"fr-FR\"},{\"@type\":\"Organization\",\"@id\":\"https:\\\/\\\/www.webdo.tn\\\/fr\\\/#organization\",\"name\":\"Webdo\",\"alternateName\":\"Webdo.tn\",\"url\":\"https:\\\/\\\/www.webdo.tn\\\/fr\\\/\",\"logo\":{\"@type\":\"ImageObject\",\"inLanguage\":\"fr-FR\",\"@id\":\"https:\\\/\\\/www.webdo.tn\\\/fr\\\/#\\\/schema\\\/logo\\\/image\\\/\",\"url\":\"https:\\\/\\\/www.webdo.tn\\\/fr\\\/wp-content\\\/uploads\\\/2025\\\/06\\\/Webdo-Tunisie_168377.jpg\",\"contentUrl\":\"https:\\\/\\\/www.webdo.tn\\\/fr\\\/wp-content\\\/uploads\\\/2025\\\/06\\\/Webdo-Tunisie_168377.jpg\",\"width\":301,\"height\":301,\"caption\":\"Webdo\"},\"image\":{\"@id\":\"https:\\\/\\\/www.webdo.tn\\\/fr\\\/#\\\/schema\\\/logo\\\/image\\\/\"},\"sameAs\":[\"https:\\\/\\\/www.facebook.com\\\/webdotn\",\"https:\\\/\\\/x.com\\\/webdo_tn\"],\"description\":\"Webdo est un m\u00e9dia num\u00e9rique tunisien fond\u00e9 en 2010, sp\u00e9cialis\u00e9 dans l\u2019actualit\u00e9 nationale et internationale, l\u2019\u00e9conomie, la soci\u00e9t\u00e9 et les analyses politiques. Le site s\u2019adresse \u00e0 un large public francophone et couvre l\u2019information tunisienne en temps r\u00e9el.\",\"email\":\"redac@webdo.tn\",\"legalName\":\"YNJ SARL\",\"foundingDate\":\"2010-09-06\",\"numberOfEmployees\":{\"@type\":\"QuantitativeValue\",\"minValue\":\"11\",\"maxValue\":\"50\"}},{\"@type\":\"Person\",\"@id\":\"https:\\\/\\\/www.webdo.tn\\\/fr\\\/#\\\/schema\\\/person\\\/1f4e491e0907b413d61089e8eb573acc\",\"name\":\"Webdo\",\"image\":{\"@type\":\"ImageObject\",\"inLanguage\":\"fr-FR\",\"@id\":\"https:\\\/\\\/secure.gravatar.com\\\/avatar\\\/de97aeec1bb80978a9dbb127e47dfc88aaacb2f3c29aac907d8d3222e3495d49?s=96&d=mm&r=g\",\"url\":\"https:\\\/\\\/secure.gravatar.com\\\/avatar\\\/de97aeec1bb80978a9dbb127e47dfc88aaacb2f3c29aac907d8d3222e3495d49?s=96&d=mm&r=g\",\"contentUrl\":\"https:\\\/\\\/secure.gravatar.com\\\/avatar\\\/de97aeec1bb80978a9dbb127e47dfc88aaacb2f3c29aac907d8d3222e3495d49?s=96&d=mm&r=g\",\"caption\":\"Webdo\"},\"url\":\"https:\\\/\\\/www.webdo.tn\\\/fr\\\/actualite\\\/author\\\/webdo\\\/\"}]}<\/script>\n<!-- \/ Yoast SEO Premium plugin. -->","yoast_head_json":{"title":"Kais Saied s'entretient au t\u00e9l\u00e9phone avec le pr\u00e9sident du Conseil europ\u00e9en","description":"Le pr\u00e9sident de la R\u00e9publique, Ka\u00efs Sa\u00efed, s'est entretenu, par t\u00e9l\u00e9phone, avec le pr\u00e9sident du Conseil europ\u00e9en, Charles Michel, ce mercredi 14 juin 2023, sel...","canonical":"https:\/\/www.webdo.tn\/fr\/actualite\/national\/kais-saied-s-entretien-au-telephone-avec-le-president-du-conseil-europeen\/206595\/","og_locale":"fr_FR","og_type":"article","og_title":"Kais Saied s'entretient au t\u00e9l\u00e9phone avec le pr\u00e9sident du Conseil europ\u00e9en","og_description":"Le pr\u00e9sident de la R\u00e9publique, Ka\u00efs Sa\u00efed, s'est entretenu, par t\u00e9l\u00e9phone, avec le pr\u00e9sident du Conseil europ\u00e9en, Charles Michel, ce mercredi 14 juin 2023, sel...","og_url":"https:\/\/www.webdo.tn\/fr\/actualite\/national\/kais-saied-s-entretien-au-telephone-avec-le-president-du-conseil-europeen\/206595\/","og_site_name":"webdo","article_publisher":"https:\/\/www.facebook.com\/webdotn","article_published_time":"2023-06-14T19:53:00+00:00","article_modified_time":"2025-05-17T21:09:21+00:00","og_image":[{"width":750,"height":400,"url":"https:\/\/www.webdo.tn\/fr\/wp-content\/uploads\/2023\/06\/09d72b267f5fd8060b8f32156666d208.jpg","type":"image\/jpeg"}],"author":"Webdo","twitter_card":"summary_large_image","twitter_creator":"@webdo_tn","twitter_site":"@webdo_tn","twitter_misc":{"\u00c9crit par":"Webdo","Dur\u00e9e de lecture estim\u00e9e":"1 minute"},"schema":{"@context":"https:\/\/schema.org","@graph":[{"@type":"NewsArticle","@id":"https:\/\/www.webdo.tn\/fr\/actualite\/national\/kais-saied-s-entretien-au-telephone-avec-le-president-du-conseil-europeen\/206595\/#article","isPartOf":{"@id":"https:\/\/www.webdo.tn\/fr\/actualite\/national\/kais-saied-s-entretien-au-telephone-avec-le-president-du-conseil-europeen\/206595\/"},"author":{"name":"Webdo","@id":"https:\/\/www.webdo.tn\/fr\/#\/schema\/person\/1f4e491e0907b413d61089e8eb573acc"},"headline":"Kais Saied s&rsquo;entretient au t\u00e9l\u00e9phone avec le pr\u00e9sident du Conseil europ\u00e9en","datePublished":"2023-06-14T19:53:00+00:00","dateModified":"2025-05-17T21:09:21+00:00","mainEntityOfPage":{"@id":"https:\/\/www.webdo.tn\/fr\/actualite\/national\/kais-saied-s-entretien-au-telephone-avec-le-president-du-conseil-europeen\/206595\/"},"wordCount":246,"commentCount":0,"publisher":{"@id":"https:\/\/www.webdo.tn\/fr\/#organization"},"image":{"@id":"https:\/\/www.webdo.tn\/fr\/actualite\/national\/kais-saied-s-entretien-au-telephone-avec-le-president-du-conseil-europeen\/206595\/#primaryimage"},"thumbnailUrl":"https:\/\/www.webdo.tn\/fr\/wp-content\/uploads\/2023\/06\/09d72b267f5fd8060b8f32156666d208.jpg","keywords":["Charles Michel","Kais Saied","Migration","Tunisie","Union europ\u00e9enne"],"articleSection":["National"],"inLanguage":"fr-FR"},{"@type":"WebPage","@id":"https:\/\/www.webdo.tn\/fr\/actualite\/national\/kais-saied-s-entretien-au-telephone-avec-le-president-du-conseil-europeen\/206595\/","url":"https:\/\/www.webdo.tn\/fr\/actualite\/national\/kais-saied-s-entretien-au-telephone-avec-le-president-du-conseil-europeen\/206595\/","name":"Kais Saied s'entretient au t\u00e9l\u00e9phone avec le pr\u00e9sident du Conseil europ\u00e9en","isPartOf":{"@id":"https:\/\/www.webdo.tn\/fr\/#website"},"primaryImageOfPage":{"@id":"https:\/\/www.webdo.tn\/fr\/actualite\/national\/kais-saied-s-entretien-au-telephone-avec-le-president-du-conseil-europeen\/206595\/#primaryimage"},"image":{"@id":"https:\/\/www.webdo.tn\/fr\/actualite\/national\/kais-saied-s-entretien-au-telephone-avec-le-president-du-conseil-europeen\/206595\/#primaryimage"},"thumbnailUrl":"https:\/\/www.webdo.tn\/fr\/wp-content\/uploads\/2023\/06\/09d72b267f5fd8060b8f32156666d208.jpg","datePublished":"2023-06-14T19:53:00+00:00","dateModified":"2025-05-17T21:09:21+00:00","description":"Le pr\u00e9sident de la R\u00e9publique, Ka\u00efs Sa\u00efed, s'est entretenu, par t\u00e9l\u00e9phone, avec le pr\u00e9sident du Conseil europ\u00e9en, Charles Michel, ce mercredi 14 juin 2023, sel...","breadcrumb":{"@id":"https:\/\/www.webdo.tn\/fr\/actualite\/national\/kais-saied-s-entretien-au-telephone-avec-le-president-du-conseil-europeen\/206595\/#breadcrumb"},"inLanguage":"fr-FR","potentialAction":[{"@type":"ReadAction","target":["https:\/\/www.webdo.tn\/fr\/actualite\/national\/kais-saied-s-entretien-au-telephone-avec-le-president-du-conseil-europeen\/206595\/"]}]},{"@type":"ImageObject","inLanguage":"fr-FR","@id":"https:\/\/www.webdo.tn\/fr\/actualite\/national\/kais-saied-s-entretien-au-telephone-avec-le-president-du-conseil-europeen\/206595\/#primaryimage","url":"https:\/\/www.webdo.tn\/fr\/wp-content\/uploads\/2023\/06\/09d72b267f5fd8060b8f32156666d208.jpg","contentUrl":"https:\/\/www.webdo.tn\/fr\/wp-content\/uploads\/2023\/06\/09d72b267f5fd8060b8f32156666d208.jpg","width":750,"height":400,"caption":"Kais Saied s'entretient au t\u00e9l\u00e9phone avec le pr\u00e9sident du Conseil europ\u00e9en"},{"@type":"BreadcrumbList","@id":"https:\/\/www.webdo.tn\/fr\/actualite\/national\/kais-saied-s-entretien-au-telephone-avec-le-president-du-conseil-europeen\/206595\/#breadcrumb","itemListElement":[{"@type":"ListItem","position":1,"name":"Accueil","item":"https:\/\/www.webdo.tn\/fr\/"},{"@type":"ListItem","position":2,"name":"Kais Saied s&rsquo;entretient au t\u00e9l\u00e9phone avec le pr\u00e9sident du Conseil europ\u00e9en"}]},{"@type":"WebSite","@id":"https:\/\/www.webdo.tn\/fr\/#website","url":"https:\/\/www.webdo.tn\/fr\/","name":"webdo","description":"Tunisie - News en Tunisie et \u00e0 l&#039;international sur Webdo.tn","publisher":{"@id":"https:\/\/www.webdo.tn\/fr\/#organization"},"potentialAction":[{"@type":"SearchAction","target":{"@type":"EntryPoint","urlTemplate":"https:\/\/www.webdo.tn\/fr\/?s={search_term_string}"},"query-input":{"@type":"PropertyValueSpecification","valueRequired":true,"valueName":"search_term_string"}}],"inLanguage":"fr-FR"},{"@type":"Organization","@id":"https:\/\/www.webdo.tn\/fr\/#organization","name":"Webdo","alternateName":"Webdo.tn","url":"https:\/\/www.webdo.tn\/fr\/","logo":{"@type":"ImageObject","inLanguage":"fr-FR","@id":"https:\/\/www.webdo.tn\/fr\/#\/schema\/logo\/image\/","url":"https:\/\/www.webdo.tn\/fr\/wp-content\/uploads\/2025\/06\/Webdo-Tunisie_168377.jpg","contentUrl":"https:\/\/www.webdo.tn\/fr\/wp-content\/uploads\/2025\/06\/Webdo-Tunisie_168377.jpg","width":301,"height":301,"caption":"Webdo"},"image":{"@id":"https:\/\/www.webdo.tn\/fr\/#\/schema\/logo\/image\/"},"sameAs":["https:\/\/www.facebook.com\/webdotn","https:\/\/x.com\/webdo_tn"],"description":"Webdo est un m\u00e9dia num\u00e9rique tunisien fond\u00e9 en 2010, sp\u00e9cialis\u00e9 dans l\u2019actualit\u00e9 nationale et internationale, l\u2019\u00e9conomie, la soci\u00e9t\u00e9 et les analyses politiques. Le site s\u2019adresse \u00e0 un large public francophone et couvre l\u2019information tunisienne en temps r\u00e9el.","email":"redac@webdo.tn","legalName":"YNJ SARL","foundingDate":"2010-09-06","numberOfEmployees":{"@type":"QuantitativeValue","minValue":"11","maxValue":"50"}},{"@type":"Person","@id":"https:\/\/www.webdo.tn\/fr\/#\/schema\/person\/1f4e491e0907b413d61089e8eb573acc","name":"Webdo","image":{"@type":"ImageObject","inLanguage":"fr-FR","@id":"https:\/\/secure.gravatar.com\/avatar\/de97aeec1bb80978a9dbb127e47dfc88aaacb2f3c29aac907d8d3222e3495d49?s=96&d=mm&r=g","url":"https:\/\/secure.gravatar.com\/avatar\/de97aeec1bb80978a9dbb127e47dfc88aaacb2f3c29aac907d8d3222e3495d49?s=96&d=mm&r=g","contentUrl":"https:\/\/secure.gravatar.com\/avatar\/de97aeec1bb80978a9dbb127e47dfc88aaacb2f3c29aac907d8d3222e3495d49?s=96&d=mm&r=g","caption":"Webdo"},"url":"https:\/\/www.webdo.tn\/fr\/actualite\/author\/webdo\/"}]}},"_links":{"self":[{"href":"https:\/\/www.webdo.tn\/fr\/wp-json\/wp\/v2\/posts\/206595","targetHints":{"allow":["GET"]}}],"collection":[{"href":"https:\/\/www.webdo.tn\/fr\/wp-json\/wp\/v2\/posts"}],"about":[{"href":"https:\/\/www.webdo.tn\/fr\/wp-json\/wp\/v2\/types\/post"}],"author":[{"embeddable":true,"href":"https:\/\/www.webdo.tn\/fr\/wp-json\/wp\/v2\/users\/3169"}],"replies":[{"embeddable":true,"href":"https:\/\/www.webdo.tn\/fr\/wp-json\/wp\/v2\/comments?post=206595"}],"version-history":[{"count":0,"href":"https:\/\/www.webdo.tn\/fr\/wp-json\/wp\/v2\/posts\/206595\/revisions"}],"wp:featuredmedia":[{"embeddable":true,"href":"https:\/\/www.webdo.tn\/fr\/wp-json\/wp\/v2\/media\/278357"}],"wp:attachment":[{"href":"https:\/\/www.webdo.tn\/fr\/wp-json\/wp\/v2\/media?parent=206595"}],"wp:term":[{"taxonomy":"category","embeddable":true,"href":"https:\/\/www.webdo.tn\/fr\/wp-json\/wp\/v2\/categories?post=206595"},{"taxonomy":"post_tag","embeddable":true,"href":"https:\/\/www.webdo.tn\/fr\/wp-json\/wp\/v2\/tags?post=206595"}],"curies":[{"name":"wp","href":"https:\/\/api.w.org\/{rel}","templated":true}]}}