{"id":206584,"date":"2023-06-14T13:08:00","date_gmt":"2023-06-14T13:08:00","guid":{"rendered":"https:\/\/www.webdo.tn\/fr\/blog\/l-ue-va-lancer-le-visa-schengen-numerique\/206584\/"},"modified":"2025-05-20T21:59:01","modified_gmt":"2025-05-20T21:59:01","slug":"l-ue-va-lancer-le-visa-schengen-numerique","status":"publish","type":"post","link":"https:\/\/www.webdo.tn\/fr\/actualite\/international\/l-ue-va-lancer-le-visa-schengen-numerique\/206584\/","title":{"rendered":"L\u2019UE va lancer le visa Schengen num\u00e9rique"},"content":{"rendered":"<p>Le Parlement europ\u00e9en et les Etats membres de l&rsquo;Union europ\u00e9enne (UE) ont annonc\u00e9, ce mardi 13 juin 2023, avoir trouv\u00e9 un accord sur la num\u00e9risation de la proc\u00e9dure de visa pour les pays de l&rsquo;espace Schengen.<\/p>\n<p>\t\t\t\t\t\t\t\t\tCet accord devra \u00eatre ent\u00e9rin\u00e9 avant d&rsquo;entrer en vigueur, mais permettra \u00e0 la plupart des demandeurs d&rsquo;un visa Schengen d&rsquo;effectuer leurs d\u00e9marches en ligne, sur un site internet unique, plut\u00f4t qu&rsquo;aupr\u00e8s d&rsquo;un consulat.<\/p>\n<p>En mars dernier, le Conseil de l\u2019UE avait arr\u00eat\u00e9, un mandat de n\u00e9gociation visant la num\u00e9risation et l\u2019unification de la proc\u00e9dure d\u2019octroi du visa Schengen.<\/p>\n<p>Cette proposition instaure la possibilit\u00e9 de demander un visa en ligne et remplace la vignette-visa actuelle par un visa num\u00e9rique sous la forme d&rsquo;un code-barres.<\/p>\n<p>Cette initiative vise \u00e0 rendre la proc\u00e9dure de demande de visa plus efficace et \u00e0 am\u00e9liorer la s\u00e9curit\u00e9 de l&rsquo;espace Schengen. Les nouvelles r\u00e8gles propos\u00e9es cr\u00e9eront une plateforme unifi\u00e9e d\u00e9di\u00e9e aux demandes de visa.<br \/>\n\u00a0<br \/>\nUn visa Schengen num\u00e9rique permettra aux voyageurs en r\u00e8gle de demander plus facilement un visa et contribuera dans le m\u00eame temps \u00e0 rendre l\u2019espace Schengen plus s\u00fbr.<\/p>\n<p>Les demandes en ligne r\u00e9duiront le nombre de d\u00e9placements que doivent effectuer les voyageurs au consulat et faciliteront le processus pour les administrations nationales.<\/p>\n<p>Dans le m\u00eame temps, le visa num\u00e9rique \u00e9liminera le risque de falsification et de vol de la vignette-visa.<\/p>\n<p>Par ailleurs, les demandeurs ne devront se pr\u00e9senter en personne au consulat que s&rsquo;ils demandent un visa pour la premi\u00e8re fois, si leurs donn\u00e9es biom\u00e9triques ne sont plus valides ou s&rsquo;ils ont un nouveau passeport.<\/p>\n","protected":false},"excerpt":{"rendered":"<p>Le Parlement europ\u00e9en et les Etats membres de l&rsquo;Union europ\u00e9enne (UE) ont annonc\u00e9, ce mardi 13 juin 2023, avoir trouv\u00e9 un accord sur la num\u00e9risation de la proc\u00e9&#8230;<\/p>\n","protected":false},"author":3162,"featured_media":249967,"comment_status":"open","ping_status":"closed","sticky":false,"template":"","format":"standard","meta":{"footnotes":""},"categories":[2598],"tags":[4526,3109,8309],"class_list":["post-206584","post","type-post","status-publish","format-standard","has-post-thumbnail","hentry","category-international","tag-schengen","tag-visa","tag-visa-numerique"],"yoast_head":"<!-- This site is optimized with the Yoast SEO Premium plugin v27.5 (Yoast SEO v27.5) - https:\/\/yoast.com\/product\/yoast-seo-premium-wordpress\/ -->\n<title>L\u2019UE va lancer le visa Schengen num\u00e9rique<\/title>\n<meta name=\"description\" content=\"Le Parlement europ\u00e9en et les Etats membres de l&#039;Union europ\u00e9enne (UE) ont annonc\u00e9, ce mardi 13 juin 2023, avoir trouv\u00e9 un accord sur la num\u00e9risation de la proc\u00e9...\" \/>\n<link rel=\"canonical\" href=\"https:\/\/www.webdo.tn\/fr\/actualite\/international\/l-ue-va-lancer-le-visa-schengen-numerique\/206584\/\" \/>\n<meta property=\"og:locale\" content=\"fr_FR\" \/>\n<meta property=\"og:type\" content=\"article\" \/>\n<meta property=\"og:title\" content=\"L\u2019UE va lancer le visa Schengen num\u00e9rique\" \/>\n<meta property=\"og:description\" content=\"Le Parlement europ\u00e9en et les Etats membres de l&#039;Union europ\u00e9enne (UE) ont annonc\u00e9, ce mardi 13 juin 2023, avoir trouv\u00e9 un accord sur la num\u00e9risation de la proc\u00e9...\" \/>\n<meta property=\"og:url\" content=\"https:\/\/www.webdo.tn\/fr\/actualite\/international\/l-ue-va-lancer-le-visa-schengen-numerique\/206584\/\" \/>\n<meta property=\"og:site_name\" content=\"webdo\" \/>\n<meta property=\"article:publisher\" content=\"https:\/\/www.facebook.com\/webdotn\" \/>\n<meta property=\"article:published_time\" content=\"2023-06-14T13:08:00+00:00\" \/>\n<meta property=\"article:modified_time\" content=\"2025-05-20T21:59:01+00:00\" \/>\n<meta property=\"og:image\" content=\"https:\/\/www.webdo.tn\/fr\/wp-content\/uploads\/2023\/06\/ed75f0fd19deb59a289eb548c9b7a390.jpg\" \/>\n\t<meta property=\"og:image:width\" content=\"750\" \/>\n\t<meta property=\"og:image:height\" content=\"400\" \/>\n\t<meta property=\"og:image:type\" content=\"image\/jpeg\" \/>\n<meta name=\"author\" content=\"MC\" \/>\n<meta name=\"twitter:card\" content=\"summary_large_image\" \/>\n<meta name=\"twitter:creator\" content=\"@webdo_tn\" \/>\n<meta name=\"twitter:site\" content=\"@webdo_tn\" \/>\n<meta name=\"twitter:label1\" content=\"\u00c9crit par\" \/>\n\t<meta name=\"twitter:data1\" content=\"MC\" \/>\n\t<meta name=\"twitter:label2\" content=\"Dur\u00e9e de lecture estim\u00e9e\" \/>\n\t<meta name=\"twitter:data2\" content=\"1 minute\" \/>\n<script type=\"application\/ld+json\" class=\"yoast-schema-graph\">{\"@context\":\"https:\\\/\\\/schema.org\",\"@graph\":[{\"@type\":\"NewsArticle\",\"@id\":\"https:\\\/\\\/www.webdo.tn\\\/fr\\\/actualite\\\/international\\\/l-ue-va-lancer-le-visa-schengen-numerique\\\/206584\\\/#article\",\"isPartOf\":{\"@id\":\"https:\\\/\\\/www.webdo.tn\\\/fr\\\/actualite\\\/international\\\/l-ue-va-lancer-le-visa-schengen-numerique\\\/206584\\\/\"},\"author\":{\"name\":\"MC\",\"@id\":\"https:\\\/\\\/www.webdo.tn\\\/fr\\\/#\\\/schema\\\/person\\\/2c4929cbf5a809e3bd38617c6ce150f6\"},\"headline\":\"L\u2019UE va lancer le visa Schengen num\u00e9rique\",\"datePublished\":\"2023-06-14T13:08:00+00:00\",\"dateModified\":\"2025-05-20T21:59:01+00:00\",\"mainEntityOfPage\":{\"@id\":\"https:\\\/\\\/www.webdo.tn\\\/fr\\\/actualite\\\/international\\\/l-ue-va-lancer-le-visa-schengen-numerique\\\/206584\\\/\"},\"wordCount\":309,\"commentCount\":0,\"publisher\":{\"@id\":\"https:\\\/\\\/www.webdo.tn\\\/fr\\\/#organization\"},\"image\":{\"@id\":\"https:\\\/\\\/www.webdo.tn\\\/fr\\\/actualite\\\/international\\\/l-ue-va-lancer-le-visa-schengen-numerique\\\/206584\\\/#primaryimage\"},\"thumbnailUrl\":\"https:\\\/\\\/www.webdo.tn\\\/fr\\\/wp-content\\\/uploads\\\/2023\\\/06\\\/ed75f0fd19deb59a289eb548c9b7a390.jpg\",\"keywords\":[\"Schengen\",\"visa\",\"visa num\u00e9rique\"],\"articleSection\":[\"International\"],\"inLanguage\":\"fr-FR\"},{\"@type\":\"WebPage\",\"@id\":\"https:\\\/\\\/www.webdo.tn\\\/fr\\\/actualite\\\/international\\\/l-ue-va-lancer-le-visa-schengen-numerique\\\/206584\\\/\",\"url\":\"https:\\\/\\\/www.webdo.tn\\\/fr\\\/actualite\\\/international\\\/l-ue-va-lancer-le-visa-schengen-numerique\\\/206584\\\/\",\"name\":\"L\u2019UE va lancer le visa Schengen num\u00e9rique\",\"isPartOf\":{\"@id\":\"https:\\\/\\\/www.webdo.tn\\\/fr\\\/#website\"},\"primaryImageOfPage\":{\"@id\":\"https:\\\/\\\/www.webdo.tn\\\/fr\\\/actualite\\\/international\\\/l-ue-va-lancer-le-visa-schengen-numerique\\\/206584\\\/#primaryimage\"},\"image\":{\"@id\":\"https:\\\/\\\/www.webdo.tn\\\/fr\\\/actualite\\\/international\\\/l-ue-va-lancer-le-visa-schengen-numerique\\\/206584\\\/#primaryimage\"},\"thumbnailUrl\":\"https:\\\/\\\/www.webdo.tn\\\/fr\\\/wp-content\\\/uploads\\\/2023\\\/06\\\/ed75f0fd19deb59a289eb548c9b7a390.jpg\",\"datePublished\":\"2023-06-14T13:08:00+00:00\",\"dateModified\":\"2025-05-20T21:59:01+00:00\",\"description\":\"Le Parlement europ\u00e9en et les Etats membres de l'Union europ\u00e9enne (UE) ont annonc\u00e9, ce mardi 13 juin 2023, avoir trouv\u00e9 un accord sur la num\u00e9risation de la proc\u00e9...\",\"breadcrumb\":{\"@id\":\"https:\\\/\\\/www.webdo.tn\\\/fr\\\/actualite\\\/international\\\/l-ue-va-lancer-le-visa-schengen-numerique\\\/206584\\\/#breadcrumb\"},\"inLanguage\":\"fr-FR\",\"potentialAction\":[{\"@type\":\"ReadAction\",\"target\":[\"https:\\\/\\\/www.webdo.tn\\\/fr\\\/actualite\\\/international\\\/l-ue-va-lancer-le-visa-schengen-numerique\\\/206584\\\/\"]}]},{\"@type\":\"ImageObject\",\"inLanguage\":\"fr-FR\",\"@id\":\"https:\\\/\\\/www.webdo.tn\\\/fr\\\/actualite\\\/international\\\/l-ue-va-lancer-le-visa-schengen-numerique\\\/206584\\\/#primaryimage\",\"url\":\"https:\\\/\\\/www.webdo.tn\\\/fr\\\/wp-content\\\/uploads\\\/2023\\\/06\\\/ed75f0fd19deb59a289eb548c9b7a390.jpg\",\"contentUrl\":\"https:\\\/\\\/www.webdo.tn\\\/fr\\\/wp-content\\\/uploads\\\/2023\\\/06\\\/ed75f0fd19deb59a289eb548c9b7a390.jpg\",\"width\":750,\"height\":400,\"caption\":\"L\u2019UE va lancer le visa Schengen num\u00e9rique\"},{\"@type\":\"BreadcrumbList\",\"@id\":\"https:\\\/\\\/www.webdo.tn\\\/fr\\\/actualite\\\/international\\\/l-ue-va-lancer-le-visa-schengen-numerique\\\/206584\\\/#breadcrumb\",\"itemListElement\":[{\"@type\":\"ListItem\",\"position\":1,\"name\":\"Accueil\",\"item\":\"https:\\\/\\\/www.webdo.tn\\\/fr\\\/\"},{\"@type\":\"ListItem\",\"position\":2,\"name\":\"L\u2019UE va lancer le visa Schengen num\u00e9rique\"}]},{\"@type\":\"WebSite\",\"@id\":\"https:\\\/\\\/www.webdo.tn\\\/fr\\\/#website\",\"url\":\"https:\\\/\\\/www.webdo.tn\\\/fr\\\/\",\"name\":\"webdo\",\"description\":\"Tunisie - News en Tunisie et \u00e0 l&#039;international sur Webdo.tn\",\"publisher\":{\"@id\":\"https:\\\/\\\/www.webdo.tn\\\/fr\\\/#organization\"},\"potentialAction\":[{\"@type\":\"SearchAction\",\"target\":{\"@type\":\"EntryPoint\",\"urlTemplate\":\"https:\\\/\\\/www.webdo.tn\\\/fr\\\/?s={search_term_string}\"},\"query-input\":{\"@type\":\"PropertyValueSpecification\",\"valueRequired\":true,\"valueName\":\"search_term_string\"}}],\"inLanguage\":\"fr-FR\"},{\"@type\":\"Organization\",\"@id\":\"https:\\\/\\\/www.webdo.tn\\\/fr\\\/#organization\",\"name\":\"Webdo\",\"alternateName\":\"Webdo.tn\",\"url\":\"https:\\\/\\\/www.webdo.tn\\\/fr\\\/\",\"logo\":{\"@type\":\"ImageObject\",\"inLanguage\":\"fr-FR\",\"@id\":\"https:\\\/\\\/www.webdo.tn\\\/fr\\\/#\\\/schema\\\/logo\\\/image\\\/\",\"url\":\"https:\\\/\\\/www.webdo.tn\\\/fr\\\/wp-content\\\/uploads\\\/2025\\\/06\\\/Webdo-Tunisie_168377.jpg\",\"contentUrl\":\"https:\\\/\\\/www.webdo.tn\\\/fr\\\/wp-content\\\/uploads\\\/2025\\\/06\\\/Webdo-Tunisie_168377.jpg\",\"width\":301,\"height\":301,\"caption\":\"Webdo\"},\"image\":{\"@id\":\"https:\\\/\\\/www.webdo.tn\\\/fr\\\/#\\\/schema\\\/logo\\\/image\\\/\"},\"sameAs\":[\"https:\\\/\\\/www.facebook.com\\\/webdotn\",\"https:\\\/\\\/x.com\\\/webdo_tn\"],\"description\":\"Webdo est un m\u00e9dia num\u00e9rique tunisien fond\u00e9 en 2010, sp\u00e9cialis\u00e9 dans l\u2019actualit\u00e9 nationale et internationale, l\u2019\u00e9conomie, la soci\u00e9t\u00e9 et les analyses politiques. Le site s\u2019adresse \u00e0 un large public francophone et couvre l\u2019information tunisienne en temps r\u00e9el.\",\"email\":\"redac@webdo.tn\",\"legalName\":\"YNJ SARL\",\"foundingDate\":\"2010-09-06\",\"numberOfEmployees\":{\"@type\":\"QuantitativeValue\",\"minValue\":\"11\",\"maxValue\":\"50\"}},{\"@type\":\"Person\",\"@id\":\"https:\\\/\\\/www.webdo.tn\\\/fr\\\/#\\\/schema\\\/person\\\/2c4929cbf5a809e3bd38617c6ce150f6\",\"name\":\"MC\",\"image\":{\"@type\":\"ImageObject\",\"inLanguage\":\"fr-FR\",\"@id\":\"https:\\\/\\\/secure.gravatar.com\\\/avatar\\\/a545bbb6f84efdd5553dbbc2895e3ca8f1d12c5215e00a041c9670b54aa9b18a?s=96&d=mm&r=g\",\"url\":\"https:\\\/\\\/secure.gravatar.com\\\/avatar\\\/a545bbb6f84efdd5553dbbc2895e3ca8f1d12c5215e00a041c9670b54aa9b18a?s=96&d=mm&r=g\",\"contentUrl\":\"https:\\\/\\\/secure.gravatar.com\\\/avatar\\\/a545bbb6f84efdd5553dbbc2895e3ca8f1d12c5215e00a041c9670b54aa9b18a?s=96&d=mm&r=g\",\"caption\":\"MC\"},\"url\":\"https:\\\/\\\/www.webdo.tn\\\/fr\\\/actualite\\\/author\\\/mc\\\/\"}]}<\/script>\n<!-- \/ Yoast SEO Premium plugin. -->","yoast_head_json":{"title":"L\u2019UE va lancer le visa Schengen num\u00e9rique","description":"Le Parlement europ\u00e9en et les Etats membres de l'Union europ\u00e9enne (UE) ont annonc\u00e9, ce mardi 13 juin 2023, avoir trouv\u00e9 un accord sur la num\u00e9risation de la proc\u00e9...","canonical":"https:\/\/www.webdo.tn\/fr\/actualite\/international\/l-ue-va-lancer-le-visa-schengen-numerique\/206584\/","og_locale":"fr_FR","og_type":"article","og_title":"L\u2019UE va lancer le visa Schengen num\u00e9rique","og_description":"Le Parlement europ\u00e9en et les Etats membres de l'Union europ\u00e9enne (UE) ont annonc\u00e9, ce mardi 13 juin 2023, avoir trouv\u00e9 un accord sur la num\u00e9risation de la proc\u00e9...","og_url":"https:\/\/www.webdo.tn\/fr\/actualite\/international\/l-ue-va-lancer-le-visa-schengen-numerique\/206584\/","og_site_name":"webdo","article_publisher":"https:\/\/www.facebook.com\/webdotn","article_published_time":"2023-06-14T13:08:00+00:00","article_modified_time":"2025-05-20T21:59:01+00:00","og_image":[{"width":750,"height":400,"url":"https:\/\/www.webdo.tn\/fr\/wp-content\/uploads\/2023\/06\/ed75f0fd19deb59a289eb548c9b7a390.jpg","type":"image\/jpeg"}],"author":"MC","twitter_card":"summary_large_image","twitter_creator":"@webdo_tn","twitter_site":"@webdo_tn","twitter_misc":{"\u00c9crit par":"MC","Dur\u00e9e de lecture estim\u00e9e":"1 minute"},"schema":{"@context":"https:\/\/schema.org","@graph":[{"@type":"NewsArticle","@id":"https:\/\/www.webdo.tn\/fr\/actualite\/international\/l-ue-va-lancer-le-visa-schengen-numerique\/206584\/#article","isPartOf":{"@id":"https:\/\/www.webdo.tn\/fr\/actualite\/international\/l-ue-va-lancer-le-visa-schengen-numerique\/206584\/"},"author":{"name":"MC","@id":"https:\/\/www.webdo.tn\/fr\/#\/schema\/person\/2c4929cbf5a809e3bd38617c6ce150f6"},"headline":"L\u2019UE va lancer le visa Schengen num\u00e9rique","datePublished":"2023-06-14T13:08:00+00:00","dateModified":"2025-05-20T21:59:01+00:00","mainEntityOfPage":{"@id":"https:\/\/www.webdo.tn\/fr\/actualite\/international\/l-ue-va-lancer-le-visa-schengen-numerique\/206584\/"},"wordCount":309,"commentCount":0,"publisher":{"@id":"https:\/\/www.webdo.tn\/fr\/#organization"},"image":{"@id":"https:\/\/www.webdo.tn\/fr\/actualite\/international\/l-ue-va-lancer-le-visa-schengen-numerique\/206584\/#primaryimage"},"thumbnailUrl":"https:\/\/www.webdo.tn\/fr\/wp-content\/uploads\/2023\/06\/ed75f0fd19deb59a289eb548c9b7a390.jpg","keywords":["Schengen","visa","visa num\u00e9rique"],"articleSection":["International"],"inLanguage":"fr-FR"},{"@type":"WebPage","@id":"https:\/\/www.webdo.tn\/fr\/actualite\/international\/l-ue-va-lancer-le-visa-schengen-numerique\/206584\/","url":"https:\/\/www.webdo.tn\/fr\/actualite\/international\/l-ue-va-lancer-le-visa-schengen-numerique\/206584\/","name":"L\u2019UE va lancer le visa Schengen num\u00e9rique","isPartOf":{"@id":"https:\/\/www.webdo.tn\/fr\/#website"},"primaryImageOfPage":{"@id":"https:\/\/www.webdo.tn\/fr\/actualite\/international\/l-ue-va-lancer-le-visa-schengen-numerique\/206584\/#primaryimage"},"image":{"@id":"https:\/\/www.webdo.tn\/fr\/actualite\/international\/l-ue-va-lancer-le-visa-schengen-numerique\/206584\/#primaryimage"},"thumbnailUrl":"https:\/\/www.webdo.tn\/fr\/wp-content\/uploads\/2023\/06\/ed75f0fd19deb59a289eb548c9b7a390.jpg","datePublished":"2023-06-14T13:08:00+00:00","dateModified":"2025-05-20T21:59:01+00:00","description":"Le Parlement europ\u00e9en et les Etats membres de l'Union europ\u00e9enne (UE) ont annonc\u00e9, ce mardi 13 juin 2023, avoir trouv\u00e9 un accord sur la num\u00e9risation de la proc\u00e9...","breadcrumb":{"@id":"https:\/\/www.webdo.tn\/fr\/actualite\/international\/l-ue-va-lancer-le-visa-schengen-numerique\/206584\/#breadcrumb"},"inLanguage":"fr-FR","potentialAction":[{"@type":"ReadAction","target":["https:\/\/www.webdo.tn\/fr\/actualite\/international\/l-ue-va-lancer-le-visa-schengen-numerique\/206584\/"]}]},{"@type":"ImageObject","inLanguage":"fr-FR","@id":"https:\/\/www.webdo.tn\/fr\/actualite\/international\/l-ue-va-lancer-le-visa-schengen-numerique\/206584\/#primaryimage","url":"https:\/\/www.webdo.tn\/fr\/wp-content\/uploads\/2023\/06\/ed75f0fd19deb59a289eb548c9b7a390.jpg","contentUrl":"https:\/\/www.webdo.tn\/fr\/wp-content\/uploads\/2023\/06\/ed75f0fd19deb59a289eb548c9b7a390.jpg","width":750,"height":400,"caption":"L\u2019UE va lancer le visa Schengen num\u00e9rique"},{"@type":"BreadcrumbList","@id":"https:\/\/www.webdo.tn\/fr\/actualite\/international\/l-ue-va-lancer-le-visa-schengen-numerique\/206584\/#breadcrumb","itemListElement":[{"@type":"ListItem","position":1,"name":"Accueil","item":"https:\/\/www.webdo.tn\/fr\/"},{"@type":"ListItem","position":2,"name":"L\u2019UE va lancer le visa Schengen num\u00e9rique"}]},{"@type":"WebSite","@id":"https:\/\/www.webdo.tn\/fr\/#website","url":"https:\/\/www.webdo.tn\/fr\/","name":"webdo","description":"Tunisie - News en Tunisie et \u00e0 l&#039;international sur Webdo.tn","publisher":{"@id":"https:\/\/www.webdo.tn\/fr\/#organization"},"potentialAction":[{"@type":"SearchAction","target":{"@type":"EntryPoint","urlTemplate":"https:\/\/www.webdo.tn\/fr\/?s={search_term_string}"},"query-input":{"@type":"PropertyValueSpecification","valueRequired":true,"valueName":"search_term_string"}}],"inLanguage":"fr-FR"},{"@type":"Organization","@id":"https:\/\/www.webdo.tn\/fr\/#organization","name":"Webdo","alternateName":"Webdo.tn","url":"https:\/\/www.webdo.tn\/fr\/","logo":{"@type":"ImageObject","inLanguage":"fr-FR","@id":"https:\/\/www.webdo.tn\/fr\/#\/schema\/logo\/image\/","url":"https:\/\/www.webdo.tn\/fr\/wp-content\/uploads\/2025\/06\/Webdo-Tunisie_168377.jpg","contentUrl":"https:\/\/www.webdo.tn\/fr\/wp-content\/uploads\/2025\/06\/Webdo-Tunisie_168377.jpg","width":301,"height":301,"caption":"Webdo"},"image":{"@id":"https:\/\/www.webdo.tn\/fr\/#\/schema\/logo\/image\/"},"sameAs":["https:\/\/www.facebook.com\/webdotn","https:\/\/x.com\/webdo_tn"],"description":"Webdo est un m\u00e9dia num\u00e9rique tunisien fond\u00e9 en 2010, sp\u00e9cialis\u00e9 dans l\u2019actualit\u00e9 nationale et internationale, l\u2019\u00e9conomie, la soci\u00e9t\u00e9 et les analyses politiques. Le site s\u2019adresse \u00e0 un large public francophone et couvre l\u2019information tunisienne en temps r\u00e9el.","email":"redac@webdo.tn","legalName":"YNJ SARL","foundingDate":"2010-09-06","numberOfEmployees":{"@type":"QuantitativeValue","minValue":"11","maxValue":"50"}},{"@type":"Person","@id":"https:\/\/www.webdo.tn\/fr\/#\/schema\/person\/2c4929cbf5a809e3bd38617c6ce150f6","name":"MC","image":{"@type":"ImageObject","inLanguage":"fr-FR","@id":"https:\/\/secure.gravatar.com\/avatar\/a545bbb6f84efdd5553dbbc2895e3ca8f1d12c5215e00a041c9670b54aa9b18a?s=96&d=mm&r=g","url":"https:\/\/secure.gravatar.com\/avatar\/a545bbb6f84efdd5553dbbc2895e3ca8f1d12c5215e00a041c9670b54aa9b18a?s=96&d=mm&r=g","contentUrl":"https:\/\/secure.gravatar.com\/avatar\/a545bbb6f84efdd5553dbbc2895e3ca8f1d12c5215e00a041c9670b54aa9b18a?s=96&d=mm&r=g","caption":"MC"},"url":"https:\/\/www.webdo.tn\/fr\/actualite\/author\/mc\/"}]}},"_links":{"self":[{"href":"https:\/\/www.webdo.tn\/fr\/wp-json\/wp\/v2\/posts\/206584","targetHints":{"allow":["GET"]}}],"collection":[{"href":"https:\/\/www.webdo.tn\/fr\/wp-json\/wp\/v2\/posts"}],"about":[{"href":"https:\/\/www.webdo.tn\/fr\/wp-json\/wp\/v2\/types\/post"}],"author":[{"embeddable":true,"href":"https:\/\/www.webdo.tn\/fr\/wp-json\/wp\/v2\/users\/3162"}],"replies":[{"embeddable":true,"href":"https:\/\/www.webdo.tn\/fr\/wp-json\/wp\/v2\/comments?post=206584"}],"version-history":[{"count":0,"href":"https:\/\/www.webdo.tn\/fr\/wp-json\/wp\/v2\/posts\/206584\/revisions"}],"wp:featuredmedia":[{"embeddable":true,"href":"https:\/\/www.webdo.tn\/fr\/wp-json\/wp\/v2\/media\/249967"}],"wp:attachment":[{"href":"https:\/\/www.webdo.tn\/fr\/wp-json\/wp\/v2\/media?parent=206584"}],"wp:term":[{"taxonomy":"category","embeddable":true,"href":"https:\/\/www.webdo.tn\/fr\/wp-json\/wp\/v2\/categories?post=206584"},{"taxonomy":"post_tag","embeddable":true,"href":"https:\/\/www.webdo.tn\/fr\/wp-json\/wp\/v2\/tags?post=206584"}],"curies":[{"name":"wp","href":"https:\/\/api.w.org\/{rel}","templated":true}]}}