{"id":206578,"date":"2023-06-14T10:14:00","date_gmt":"2023-06-14T10:14:00","guid":{"rendered":"https:\/\/www.webdo.tn\/fr\/blog\/initiative-de-salut-de-l-ugtt-une-nouvelle-tournure\/206578\/"},"modified":"2025-05-20T22:42:46","modified_gmt":"2025-05-20T22:42:46","slug":"initiative-de-salut-de-l-ugtt-une-nouvelle-tournure","status":"publish","type":"post","link":"https:\/\/www.webdo.tn\/fr\/actualite\/national\/initiative-de-salut-de-l-ugtt-une-nouvelle-tournure\/206578\/","title":{"rendered":"Initiative de salut de l\u2019UGTT: Une nouvelle tournure ?"},"content":{"rendered":"<p>Cela fait plusieurs mois que l\u2019Ugtt et ses partenaires \u00e9voquent une initiative pour d\u00e9bloquer la situation politique qui sera pr\u00e9sent\u00e9e au chef de l\u2019Etat Kais Saied.<\/p>\n<p>Depuis, aucune actualit\u00e9, \u00e0 part quelques timides d\u00e9clarations de responsables de la centrale syndicale sans donner plus de d\u00e9tails. Ce mercredi 14 juin 2023, le b\u00e2tonnier des avocats Hatem Miziou explique que cette initiative n\u2019a pas \u00e9t\u00e9 annul\u00e9e, mais a \u00e9t\u00e9 d\u00e9velopp\u00e9e davantage et a pris une nouvelle tournure.\u00a0<\/p>\n<p>Selon ses dires, on ne parle plus d\u2019une initiative de salut, mais d\u2019une initiative de r\u00e9forme pour l\u2019avenir du pays.\u00a0<\/p>\n<p>S\u2019exprimant sur les ondes de Shems FM, il a expliqu\u00e9 que cette initiative est actualis\u00e9e continuellement \u00e0 la lumi\u00e8re des derniers d\u00e9veloppements.<\/p>\n","protected":false},"excerpt":{"rendered":"<p>Cela fait plusieurs mois que l\u2019Ugtt et ses partenaires \u00e9voquent une initiative pour d\u00e9bloquer la situation politique qui sera pr\u00e9sent\u00e9e au chef de l\u2019Etat Kais S&#8230;<\/p>\n","protected":false},"author":3175,"featured_media":249966,"comment_status":"open","ping_status":"closed","sticky":false,"template":"","format":"standard","meta":{"footnotes":""},"categories":[44],"tags":[7008,2608,2649],"class_list":["post-206578","post","type-post","status-publish","format-standard","has-post-thumbnail","hentry","category-national","tag-initiative","tag-tunisie","tag-ugtt"],"yoast_head":"<!-- This site is optimized with the Yoast SEO Premium plugin v27.4 (Yoast SEO v27.5) - https:\/\/yoast.com\/product\/yoast-seo-premium-wordpress\/ -->\n<title>Initiative de salut de l\u2019UGTT: Une nouvelle tournure ?<\/title>\n<meta name=\"description\" content=\"Cela fait plusieurs mois que l\u2019Ugtt et ses partenaires \u00e9voquent une initiative pour d\u00e9bloquer la situation politique qui sera pr\u00e9sent\u00e9e au chef de l\u2019Etat Kais S...\" \/>\n<link rel=\"canonical\" href=\"https:\/\/www.webdo.tn\/fr\/actualite\/national\/initiative-de-salut-de-l-ugtt-une-nouvelle-tournure\/206578\/\" \/>\n<meta property=\"og:locale\" content=\"fr_FR\" \/>\n<meta property=\"og:type\" content=\"article\" \/>\n<meta property=\"og:title\" content=\"Initiative de salut de l\u2019UGTT: Une nouvelle tournure ?\" \/>\n<meta property=\"og:description\" content=\"Cela fait plusieurs mois que l\u2019Ugtt et ses partenaires \u00e9voquent une initiative pour d\u00e9bloquer la situation politique qui sera pr\u00e9sent\u00e9e au chef de l\u2019Etat Kais S...\" \/>\n<meta property=\"og:url\" content=\"https:\/\/www.webdo.tn\/fr\/actualite\/national\/initiative-de-salut-de-l-ugtt-une-nouvelle-tournure\/206578\/\" \/>\n<meta property=\"og:site_name\" content=\"webdo\" \/>\n<meta property=\"article:publisher\" content=\"https:\/\/www.facebook.com\/webdotn\" \/>\n<meta property=\"article:published_time\" content=\"2023-06-14T10:14:00+00:00\" \/>\n<meta property=\"article:modified_time\" content=\"2025-05-20T22:42:46+00:00\" \/>\n<meta property=\"og:image\" content=\"https:\/\/www.webdo.tn\/fr\/wp-content\/uploads\/2023\/06\/49be4a2d60c556f8ae56f45d312800c7.jpg\" \/>\n\t<meta property=\"og:image:width\" content=\"680\" \/>\n\t<meta property=\"og:image:height\" content=\"363\" \/>\n\t<meta property=\"og:image:type\" content=\"image\/jpeg\" \/>\n<meta name=\"author\" content=\"CL\" \/>\n<meta name=\"twitter:card\" content=\"summary_large_image\" \/>\n<meta name=\"twitter:creator\" content=\"@webdo_tn\" \/>\n<meta name=\"twitter:site\" content=\"@webdo_tn\" \/>\n<meta name=\"twitter:label1\" content=\"\u00c9crit par\" \/>\n\t<meta name=\"twitter:data1\" content=\"CL\" \/>\n\t<meta name=\"twitter:label2\" content=\"Dur\u00e9e de lecture estim\u00e9e\" \/>\n\t<meta name=\"twitter:data2\" content=\"1 minute\" \/>\n<script type=\"application\/ld+json\" class=\"yoast-schema-graph\">{\"@context\":\"https:\\\/\\\/schema.org\",\"@graph\":[{\"@type\":\"NewsArticle\",\"@id\":\"https:\\\/\\\/www.webdo.tn\\\/fr\\\/actualite\\\/national\\\/initiative-de-salut-de-l-ugtt-une-nouvelle-tournure\\\/206578\\\/#article\",\"isPartOf\":{\"@id\":\"https:\\\/\\\/www.webdo.tn\\\/fr\\\/actualite\\\/national\\\/initiative-de-salut-de-l-ugtt-une-nouvelle-tournure\\\/206578\\\/\"},\"author\":{\"name\":\"CL\",\"@id\":\"https:\\\/\\\/www.webdo.tn\\\/fr\\\/#\\\/schema\\\/person\\\/f35b42a42c5e2511bbd282959d6385cc\"},\"headline\":\"Initiative de salut de l\u2019UGTT: Une nouvelle tournure ?\",\"datePublished\":\"2023-06-14T10:14:00+00:00\",\"dateModified\":\"2025-05-20T22:42:46+00:00\",\"mainEntityOfPage\":{\"@id\":\"https:\\\/\\\/www.webdo.tn\\\/fr\\\/actualite\\\/national\\\/initiative-de-salut-de-l-ugtt-une-nouvelle-tournure\\\/206578\\\/\"},\"wordCount\":142,\"commentCount\":0,\"publisher\":{\"@id\":\"https:\\\/\\\/www.webdo.tn\\\/fr\\\/#organization\"},\"image\":{\"@id\":\"https:\\\/\\\/www.webdo.tn\\\/fr\\\/actualite\\\/national\\\/initiative-de-salut-de-l-ugtt-une-nouvelle-tournure\\\/206578\\\/#primaryimage\"},\"thumbnailUrl\":\"https:\\\/\\\/www.webdo.tn\\\/fr\\\/wp-content\\\/uploads\\\/2023\\\/06\\\/49be4a2d60c556f8ae56f45d312800c7.jpg\",\"keywords\":[\"Initiative\",\"Tunisie\",\"UGTT\"],\"articleSection\":[\"National\"],\"inLanguage\":\"fr-FR\"},{\"@type\":\"WebPage\",\"@id\":\"https:\\\/\\\/www.webdo.tn\\\/fr\\\/actualite\\\/national\\\/initiative-de-salut-de-l-ugtt-une-nouvelle-tournure\\\/206578\\\/\",\"url\":\"https:\\\/\\\/www.webdo.tn\\\/fr\\\/actualite\\\/national\\\/initiative-de-salut-de-l-ugtt-une-nouvelle-tournure\\\/206578\\\/\",\"name\":\"Initiative de salut de l\u2019UGTT: Une nouvelle tournure ?\",\"isPartOf\":{\"@id\":\"https:\\\/\\\/www.webdo.tn\\\/fr\\\/#website\"},\"primaryImageOfPage\":{\"@id\":\"https:\\\/\\\/www.webdo.tn\\\/fr\\\/actualite\\\/national\\\/initiative-de-salut-de-l-ugtt-une-nouvelle-tournure\\\/206578\\\/#primaryimage\"},\"image\":{\"@id\":\"https:\\\/\\\/www.webdo.tn\\\/fr\\\/actualite\\\/national\\\/initiative-de-salut-de-l-ugtt-une-nouvelle-tournure\\\/206578\\\/#primaryimage\"},\"thumbnailUrl\":\"https:\\\/\\\/www.webdo.tn\\\/fr\\\/wp-content\\\/uploads\\\/2023\\\/06\\\/49be4a2d60c556f8ae56f45d312800c7.jpg\",\"datePublished\":\"2023-06-14T10:14:00+00:00\",\"dateModified\":\"2025-05-20T22:42:46+00:00\",\"description\":\"Cela fait plusieurs mois que l\u2019Ugtt et ses partenaires \u00e9voquent une initiative pour d\u00e9bloquer la situation politique qui sera pr\u00e9sent\u00e9e au chef de l\u2019Etat Kais S...\",\"breadcrumb\":{\"@id\":\"https:\\\/\\\/www.webdo.tn\\\/fr\\\/actualite\\\/national\\\/initiative-de-salut-de-l-ugtt-une-nouvelle-tournure\\\/206578\\\/#breadcrumb\"},\"inLanguage\":\"fr-FR\",\"potentialAction\":[{\"@type\":\"ReadAction\",\"target\":[\"https:\\\/\\\/www.webdo.tn\\\/fr\\\/actualite\\\/national\\\/initiative-de-salut-de-l-ugtt-une-nouvelle-tournure\\\/206578\\\/\"]}]},{\"@type\":\"ImageObject\",\"inLanguage\":\"fr-FR\",\"@id\":\"https:\\\/\\\/www.webdo.tn\\\/fr\\\/actualite\\\/national\\\/initiative-de-salut-de-l-ugtt-une-nouvelle-tournure\\\/206578\\\/#primaryimage\",\"url\":\"https:\\\/\\\/www.webdo.tn\\\/fr\\\/wp-content\\\/uploads\\\/2023\\\/06\\\/49be4a2d60c556f8ae56f45d312800c7.jpg\",\"contentUrl\":\"https:\\\/\\\/www.webdo.tn\\\/fr\\\/wp-content\\\/uploads\\\/2023\\\/06\\\/49be4a2d60c556f8ae56f45d312800c7.jpg\",\"width\":680,\"height\":363,\"caption\":\"Initiative de salut de l\u2019UGTT: Une nouvelle tournure ?\"},{\"@type\":\"BreadcrumbList\",\"@id\":\"https:\\\/\\\/www.webdo.tn\\\/fr\\\/actualite\\\/national\\\/initiative-de-salut-de-l-ugtt-une-nouvelle-tournure\\\/206578\\\/#breadcrumb\",\"itemListElement\":[{\"@type\":\"ListItem\",\"position\":1,\"name\":\"Accueil\",\"item\":\"https:\\\/\\\/www.webdo.tn\\\/fr\\\/\"},{\"@type\":\"ListItem\",\"position\":2,\"name\":\"Initiative de salut de l\u2019UGTT: Une nouvelle tournure ?\"}]},{\"@type\":\"WebSite\",\"@id\":\"https:\\\/\\\/www.webdo.tn\\\/fr\\\/#website\",\"url\":\"https:\\\/\\\/www.webdo.tn\\\/fr\\\/\",\"name\":\"webdo\",\"description\":\"Tunisie - News en Tunisie et \u00e0 l&#039;international sur Webdo.tn\",\"publisher\":{\"@id\":\"https:\\\/\\\/www.webdo.tn\\\/fr\\\/#organization\"},\"potentialAction\":[{\"@type\":\"SearchAction\",\"target\":{\"@type\":\"EntryPoint\",\"urlTemplate\":\"https:\\\/\\\/www.webdo.tn\\\/fr\\\/?s={search_term_string}\"},\"query-input\":{\"@type\":\"PropertyValueSpecification\",\"valueRequired\":true,\"valueName\":\"search_term_string\"}}],\"inLanguage\":\"fr-FR\"},{\"@type\":\"Organization\",\"@id\":\"https:\\\/\\\/www.webdo.tn\\\/fr\\\/#organization\",\"name\":\"Webdo\",\"alternateName\":\"Webdo.tn\",\"url\":\"https:\\\/\\\/www.webdo.tn\\\/fr\\\/\",\"logo\":{\"@type\":\"ImageObject\",\"inLanguage\":\"fr-FR\",\"@id\":\"https:\\\/\\\/www.webdo.tn\\\/fr\\\/#\\\/schema\\\/logo\\\/image\\\/\",\"url\":\"https:\\\/\\\/www.webdo.tn\\\/fr\\\/wp-content\\\/uploads\\\/2025\\\/06\\\/Webdo-Tunisie_168377.jpg\",\"contentUrl\":\"https:\\\/\\\/www.webdo.tn\\\/fr\\\/wp-content\\\/uploads\\\/2025\\\/06\\\/Webdo-Tunisie_168377.jpg\",\"width\":301,\"height\":301,\"caption\":\"Webdo\"},\"image\":{\"@id\":\"https:\\\/\\\/www.webdo.tn\\\/fr\\\/#\\\/schema\\\/logo\\\/image\\\/\"},\"sameAs\":[\"https:\\\/\\\/www.facebook.com\\\/webdotn\",\"https:\\\/\\\/x.com\\\/webdo_tn\"],\"description\":\"Webdo est un m\u00e9dia num\u00e9rique tunisien fond\u00e9 en 2010, sp\u00e9cialis\u00e9 dans l\u2019actualit\u00e9 nationale et internationale, l\u2019\u00e9conomie, la soci\u00e9t\u00e9 et les analyses politiques. Le site s\u2019adresse \u00e0 un large public francophone et couvre l\u2019information tunisienne en temps r\u00e9el.\",\"email\":\"redac@webdo.tn\",\"legalName\":\"YNJ SARL\",\"foundingDate\":\"2010-09-06\",\"numberOfEmployees\":{\"@type\":\"QuantitativeValue\",\"minValue\":\"11\",\"maxValue\":\"50\"}},{\"@type\":\"Person\",\"@id\":\"https:\\\/\\\/www.webdo.tn\\\/fr\\\/#\\\/schema\\\/person\\\/f35b42a42c5e2511bbd282959d6385cc\",\"name\":\"CL\",\"image\":{\"@type\":\"ImageObject\",\"inLanguage\":\"fr-FR\",\"@id\":\"https:\\\/\\\/secure.gravatar.com\\\/avatar\\\/1447a49909b67aa657c488aec6512e1dd6143a480c1ecfee9b5b5cd74eb3b59e?s=96&d=mm&r=g\",\"url\":\"https:\\\/\\\/secure.gravatar.com\\\/avatar\\\/1447a49909b67aa657c488aec6512e1dd6143a480c1ecfee9b5b5cd74eb3b59e?s=96&d=mm&r=g\",\"contentUrl\":\"https:\\\/\\\/secure.gravatar.com\\\/avatar\\\/1447a49909b67aa657c488aec6512e1dd6143a480c1ecfee9b5b5cd74eb3b59e?s=96&d=mm&r=g\",\"caption\":\"CL\"},\"url\":\"https:\\\/\\\/www.webdo.tn\\\/fr\\\/actualite\\\/author\\\/cl\\\/\"}]}<\/script>\n<!-- \/ Yoast SEO Premium plugin. -->","yoast_head_json":{"title":"Initiative de salut de l\u2019UGTT: Une nouvelle tournure ?","description":"Cela fait plusieurs mois que l\u2019Ugtt et ses partenaires \u00e9voquent une initiative pour d\u00e9bloquer la situation politique qui sera pr\u00e9sent\u00e9e au chef de l\u2019Etat Kais S...","canonical":"https:\/\/www.webdo.tn\/fr\/actualite\/national\/initiative-de-salut-de-l-ugtt-une-nouvelle-tournure\/206578\/","og_locale":"fr_FR","og_type":"article","og_title":"Initiative de salut de l\u2019UGTT: Une nouvelle tournure ?","og_description":"Cela fait plusieurs mois que l\u2019Ugtt et ses partenaires \u00e9voquent une initiative pour d\u00e9bloquer la situation politique qui sera pr\u00e9sent\u00e9e au chef de l\u2019Etat Kais S...","og_url":"https:\/\/www.webdo.tn\/fr\/actualite\/national\/initiative-de-salut-de-l-ugtt-une-nouvelle-tournure\/206578\/","og_site_name":"webdo","article_publisher":"https:\/\/www.facebook.com\/webdotn","article_published_time":"2023-06-14T10:14:00+00:00","article_modified_time":"2025-05-20T22:42:46+00:00","og_image":[{"width":680,"height":363,"url":"https:\/\/www.webdo.tn\/fr\/wp-content\/uploads\/2023\/06\/49be4a2d60c556f8ae56f45d312800c7.jpg","type":"image\/jpeg"}],"author":"CL","twitter_card":"summary_large_image","twitter_creator":"@webdo_tn","twitter_site":"@webdo_tn","twitter_misc":{"\u00c9crit par":"CL","Dur\u00e9e de lecture estim\u00e9e":"1 minute"},"schema":{"@context":"https:\/\/schema.org","@graph":[{"@type":"NewsArticle","@id":"https:\/\/www.webdo.tn\/fr\/actualite\/national\/initiative-de-salut-de-l-ugtt-une-nouvelle-tournure\/206578\/#article","isPartOf":{"@id":"https:\/\/www.webdo.tn\/fr\/actualite\/national\/initiative-de-salut-de-l-ugtt-une-nouvelle-tournure\/206578\/"},"author":{"name":"CL","@id":"https:\/\/www.webdo.tn\/fr\/#\/schema\/person\/f35b42a42c5e2511bbd282959d6385cc"},"headline":"Initiative de salut de l\u2019UGTT: Une nouvelle tournure ?","datePublished":"2023-06-14T10:14:00+00:00","dateModified":"2025-05-20T22:42:46+00:00","mainEntityOfPage":{"@id":"https:\/\/www.webdo.tn\/fr\/actualite\/national\/initiative-de-salut-de-l-ugtt-une-nouvelle-tournure\/206578\/"},"wordCount":142,"commentCount":0,"publisher":{"@id":"https:\/\/www.webdo.tn\/fr\/#organization"},"image":{"@id":"https:\/\/www.webdo.tn\/fr\/actualite\/national\/initiative-de-salut-de-l-ugtt-une-nouvelle-tournure\/206578\/#primaryimage"},"thumbnailUrl":"https:\/\/www.webdo.tn\/fr\/wp-content\/uploads\/2023\/06\/49be4a2d60c556f8ae56f45d312800c7.jpg","keywords":["Initiative","Tunisie","UGTT"],"articleSection":["National"],"inLanguage":"fr-FR"},{"@type":"WebPage","@id":"https:\/\/www.webdo.tn\/fr\/actualite\/national\/initiative-de-salut-de-l-ugtt-une-nouvelle-tournure\/206578\/","url":"https:\/\/www.webdo.tn\/fr\/actualite\/national\/initiative-de-salut-de-l-ugtt-une-nouvelle-tournure\/206578\/","name":"Initiative de salut de l\u2019UGTT: Une nouvelle tournure ?","isPartOf":{"@id":"https:\/\/www.webdo.tn\/fr\/#website"},"primaryImageOfPage":{"@id":"https:\/\/www.webdo.tn\/fr\/actualite\/national\/initiative-de-salut-de-l-ugtt-une-nouvelle-tournure\/206578\/#primaryimage"},"image":{"@id":"https:\/\/www.webdo.tn\/fr\/actualite\/national\/initiative-de-salut-de-l-ugtt-une-nouvelle-tournure\/206578\/#primaryimage"},"thumbnailUrl":"https:\/\/www.webdo.tn\/fr\/wp-content\/uploads\/2023\/06\/49be4a2d60c556f8ae56f45d312800c7.jpg","datePublished":"2023-06-14T10:14:00+00:00","dateModified":"2025-05-20T22:42:46+00:00","description":"Cela fait plusieurs mois que l\u2019Ugtt et ses partenaires \u00e9voquent une initiative pour d\u00e9bloquer la situation politique qui sera pr\u00e9sent\u00e9e au chef de l\u2019Etat Kais S...","breadcrumb":{"@id":"https:\/\/www.webdo.tn\/fr\/actualite\/national\/initiative-de-salut-de-l-ugtt-une-nouvelle-tournure\/206578\/#breadcrumb"},"inLanguage":"fr-FR","potentialAction":[{"@type":"ReadAction","target":["https:\/\/www.webdo.tn\/fr\/actualite\/national\/initiative-de-salut-de-l-ugtt-une-nouvelle-tournure\/206578\/"]}]},{"@type":"ImageObject","inLanguage":"fr-FR","@id":"https:\/\/www.webdo.tn\/fr\/actualite\/national\/initiative-de-salut-de-l-ugtt-une-nouvelle-tournure\/206578\/#primaryimage","url":"https:\/\/www.webdo.tn\/fr\/wp-content\/uploads\/2023\/06\/49be4a2d60c556f8ae56f45d312800c7.jpg","contentUrl":"https:\/\/www.webdo.tn\/fr\/wp-content\/uploads\/2023\/06\/49be4a2d60c556f8ae56f45d312800c7.jpg","width":680,"height":363,"caption":"Initiative de salut de l\u2019UGTT: Une nouvelle tournure ?"},{"@type":"BreadcrumbList","@id":"https:\/\/www.webdo.tn\/fr\/actualite\/national\/initiative-de-salut-de-l-ugtt-une-nouvelle-tournure\/206578\/#breadcrumb","itemListElement":[{"@type":"ListItem","position":1,"name":"Accueil","item":"https:\/\/www.webdo.tn\/fr\/"},{"@type":"ListItem","position":2,"name":"Initiative de salut de l\u2019UGTT: Une nouvelle tournure ?"}]},{"@type":"WebSite","@id":"https:\/\/www.webdo.tn\/fr\/#website","url":"https:\/\/www.webdo.tn\/fr\/","name":"webdo","description":"Tunisie - News en Tunisie et \u00e0 l&#039;international sur Webdo.tn","publisher":{"@id":"https:\/\/www.webdo.tn\/fr\/#organization"},"potentialAction":[{"@type":"SearchAction","target":{"@type":"EntryPoint","urlTemplate":"https:\/\/www.webdo.tn\/fr\/?s={search_term_string}"},"query-input":{"@type":"PropertyValueSpecification","valueRequired":true,"valueName":"search_term_string"}}],"inLanguage":"fr-FR"},{"@type":"Organization","@id":"https:\/\/www.webdo.tn\/fr\/#organization","name":"Webdo","alternateName":"Webdo.tn","url":"https:\/\/www.webdo.tn\/fr\/","logo":{"@type":"ImageObject","inLanguage":"fr-FR","@id":"https:\/\/www.webdo.tn\/fr\/#\/schema\/logo\/image\/","url":"https:\/\/www.webdo.tn\/fr\/wp-content\/uploads\/2025\/06\/Webdo-Tunisie_168377.jpg","contentUrl":"https:\/\/www.webdo.tn\/fr\/wp-content\/uploads\/2025\/06\/Webdo-Tunisie_168377.jpg","width":301,"height":301,"caption":"Webdo"},"image":{"@id":"https:\/\/www.webdo.tn\/fr\/#\/schema\/logo\/image\/"},"sameAs":["https:\/\/www.facebook.com\/webdotn","https:\/\/x.com\/webdo_tn"],"description":"Webdo est un m\u00e9dia num\u00e9rique tunisien fond\u00e9 en 2010, sp\u00e9cialis\u00e9 dans l\u2019actualit\u00e9 nationale et internationale, l\u2019\u00e9conomie, la soci\u00e9t\u00e9 et les analyses politiques. Le site s\u2019adresse \u00e0 un large public francophone et couvre l\u2019information tunisienne en temps r\u00e9el.","email":"redac@webdo.tn","legalName":"YNJ SARL","foundingDate":"2010-09-06","numberOfEmployees":{"@type":"QuantitativeValue","minValue":"11","maxValue":"50"}},{"@type":"Person","@id":"https:\/\/www.webdo.tn\/fr\/#\/schema\/person\/f35b42a42c5e2511bbd282959d6385cc","name":"CL","image":{"@type":"ImageObject","inLanguage":"fr-FR","@id":"https:\/\/secure.gravatar.com\/avatar\/1447a49909b67aa657c488aec6512e1dd6143a480c1ecfee9b5b5cd74eb3b59e?s=96&d=mm&r=g","url":"https:\/\/secure.gravatar.com\/avatar\/1447a49909b67aa657c488aec6512e1dd6143a480c1ecfee9b5b5cd74eb3b59e?s=96&d=mm&r=g","contentUrl":"https:\/\/secure.gravatar.com\/avatar\/1447a49909b67aa657c488aec6512e1dd6143a480c1ecfee9b5b5cd74eb3b59e?s=96&d=mm&r=g","caption":"CL"},"url":"https:\/\/www.webdo.tn\/fr\/actualite\/author\/cl\/"}]}},"_links":{"self":[{"href":"https:\/\/www.webdo.tn\/fr\/wp-json\/wp\/v2\/posts\/206578","targetHints":{"allow":["GET"]}}],"collection":[{"href":"https:\/\/www.webdo.tn\/fr\/wp-json\/wp\/v2\/posts"}],"about":[{"href":"https:\/\/www.webdo.tn\/fr\/wp-json\/wp\/v2\/types\/post"}],"author":[{"embeddable":true,"href":"https:\/\/www.webdo.tn\/fr\/wp-json\/wp\/v2\/users\/3175"}],"replies":[{"embeddable":true,"href":"https:\/\/www.webdo.tn\/fr\/wp-json\/wp\/v2\/comments?post=206578"}],"version-history":[{"count":0,"href":"https:\/\/www.webdo.tn\/fr\/wp-json\/wp\/v2\/posts\/206578\/revisions"}],"wp:featuredmedia":[{"embeddable":true,"href":"https:\/\/www.webdo.tn\/fr\/wp-json\/wp\/v2\/media\/249966"}],"wp:attachment":[{"href":"https:\/\/www.webdo.tn\/fr\/wp-json\/wp\/v2\/media?parent=206578"}],"wp:term":[{"taxonomy":"category","embeddable":true,"href":"https:\/\/www.webdo.tn\/fr\/wp-json\/wp\/v2\/categories?post=206578"},{"taxonomy":"post_tag","embeddable":true,"href":"https:\/\/www.webdo.tn\/fr\/wp-json\/wp\/v2\/tags?post=206578"}],"curies":[{"name":"wp","href":"https:\/\/api.w.org\/{rel}","templated":true}]}}