{"id":206573,"date":"2023-06-14T08:25:00","date_gmt":"2023-06-14T08:25:00","guid":{"rendered":"https:\/\/www.webdo.tn\/fr\/blog\/l-onu-veut-creer-un-organe-de-surveillance-de-l-intelligence-artificielle\/206573\/"},"modified":"2025-05-20T22:42:44","modified_gmt":"2025-05-20T22:42:44","slug":"l-onu-veut-creer-un-organe-de-surveillance-de-l-intelligence-artificielle","status":"publish","type":"post","link":"https:\/\/www.webdo.tn\/fr\/actualite\/international\/l-onu-veut-creer-un-organe-de-surveillance-de-l-intelligence-artificielle\/206573\/","title":{"rendered":"L\u2019ONU veut cr\u00e9er un organe de surveillance de l\u2019intelligence artificielle"},"content":{"rendered":"<p>Le secr\u00e9taire g\u00e9n\u00e9ral de l&rsquo;ONU, Antonio Guterres, a exprim\u00e9 lundi 12 juin son soutien \u00e0 la cr\u00e9ation d&rsquo;un organisme de surveillance de l&rsquo;intelligence artificielle (IA) semblable \u00e0 l&rsquo;Agence internationale de l&rsquo;\u00e9nergie atomique.<\/p>\n<p>\t\t\t\t\t\t\t\t\t\u00ab\u00a0J&rsquo;ai l&rsquo;intention de cr\u00e9er un organe consultatif de haut niveau sur l&rsquo;intelligence artificielle pour pr\u00e9parer s\u00e9rieusement les diff\u00e9rentes sortes d&rsquo;initiatives que nous pourrons prendre (&#8230;) Je serais favorable \u00e0 l&rsquo;id\u00e9e qu&rsquo;on puisse avoir (&#8230;) une agence qui, je dirais, s&rsquo;inspire de ce qu&rsquo;est aujourd&rsquo;hui l&rsquo;Agence internationale de l&rsquo;\u00e9nergie atomique\u00a0\u00bb, a dit Guterres lors d&rsquo;une conf\u00e9rence de presse au si\u00e8ge de l&rsquo;ONU \u00e0 New York.<\/p>\n<p>Pour sa part, Audrey Azoulay, Directrice g\u00e9n\u00e9rale de l\u2019Organisation des Nations Unies pour l\u2019\u00e9ducation, la science et la culture (UNESCO), estime que cette technologie pose des d\u00e9fis \u00e9thiques \u00e9normes.\u00a0<\/p>\n<p>\u00ab Comment pouvons-nous nous assurer que les algorithmes n\u2019empi\u00e8tent pas sur les droits de l\u2019homme fondamentaux\u202f\u2013 allant de la vie priv\u00e9e \u00e0 la confidentialit\u00e9 des donn\u00e9es en passant par la libert\u00e9 de choix et la libert\u00e9 de conscience\u202f? La libert\u00e9 d\u2019action peut-elle \u00eatre garantie lorsque nos d\u00e9sirs sont anticip\u00e9s et guid\u00e9s\u202f? Comment pouvons-nous nous assurer que les st\u00e9r\u00e9otypes sociaux et culturels ne sont pas reproduits dans les programmations en intelligence artificielle, notamment en ce qui concerne la discrimination fond\u00e9e sur le genre\u202f? Ces circuits peuvent-ils \u00eatre reproduits\u202f? Les valeurs peuvent-elles \u00eatre programm\u00e9es, et par qui\u202f? Qui porte la responsabilit\u00e9 lorsque les d\u00e9cisions et les actions sont enti\u00e8rement automatis\u00e9es\u202f? Comment pouvons-nous \u00eatre s\u00fbrs que personne, o\u00f9 que ce soit dans le monde, n\u2019est priv\u00e9 des b\u00e9n\u00e9fices de ces technologies\u202f? Comment veiller \u00e0 ce que l\u2019IA soit d\u00e9velopp\u00e9e de mani\u00e8re transparente, de sorte que les citoyens du monde, dont la vie est affect\u00e9e, aient leur mot \u00e0 dire dans son d\u00e9veloppement\u202f? \u00bb s\u2019est-elle interrog\u00e9e.<\/p>\n","protected":false},"excerpt":{"rendered":"<p>Le secr\u00e9taire g\u00e9n\u00e9ral de l&rsquo;ONU, Antonio Guterres, a exprim\u00e9 lundi 12 juin son soutien \u00e0 la cr\u00e9ation d&rsquo;un organisme de surveillance de l&rsquo;intelligence artificiell&#8230;<\/p>\n","protected":false},"author":3175,"featured_media":249963,"comment_status":"open","ping_status":"closed","sticky":false,"template":"","format":"standard","meta":{"footnotes":""},"categories":[2598],"tags":[2957,3296],"class_list":["post-206573","post","type-post","status-publish","format-standard","has-post-thumbnail","hentry","category-international","tag-intelligence-artificielle","tag-onu"],"yoast_head":"<!-- This site is optimized with the Yoast SEO Premium plugin v27.4 (Yoast SEO v27.5) - https:\/\/yoast.com\/product\/yoast-seo-premium-wordpress\/ -->\n<title>L\u2019ONU veut cr\u00e9er un organe de surveillance de l\u2019intelligence artificielle<\/title>\n<meta name=\"description\" content=\"Le secr\u00e9taire g\u00e9n\u00e9ral de l&#039;ONU, Antonio Guterres, a exprim\u00e9 lundi 12 juin son soutien \u00e0 la cr\u00e9ation d&#039;un organisme de surveillance de l&#039;intelligence artificiell...\" \/>\n<link rel=\"canonical\" href=\"https:\/\/www.webdo.tn\/fr\/actualite\/international\/l-onu-veut-creer-un-organe-de-surveillance-de-l-intelligence-artificielle\/206573\/\" \/>\n<meta property=\"og:locale\" content=\"fr_FR\" \/>\n<meta property=\"og:type\" content=\"article\" \/>\n<meta property=\"og:title\" content=\"L\u2019ONU veut cr\u00e9er un organe de surveillance de l\u2019intelligence artificielle\" \/>\n<meta property=\"og:description\" content=\"Le secr\u00e9taire g\u00e9n\u00e9ral de l&#039;ONU, Antonio Guterres, a exprim\u00e9 lundi 12 juin son soutien \u00e0 la cr\u00e9ation d&#039;un organisme de surveillance de l&#039;intelligence artificiell...\" \/>\n<meta property=\"og:url\" content=\"https:\/\/www.webdo.tn\/fr\/actualite\/international\/l-onu-veut-creer-un-organe-de-surveillance-de-l-intelligence-artificielle\/206573\/\" \/>\n<meta property=\"og:site_name\" content=\"webdo\" \/>\n<meta property=\"article:publisher\" content=\"https:\/\/www.facebook.com\/webdotn\" \/>\n<meta property=\"article:published_time\" content=\"2023-06-14T08:25:00+00:00\" \/>\n<meta property=\"article:modified_time\" content=\"2025-05-20T22:42:44+00:00\" \/>\n<meta property=\"og:image\" content=\"https:\/\/www.webdo.tn\/fr\/wp-content\/uploads\/2023\/06\/2aa5ddc2947e7a4e519dd11f4587438d.jpg\" \/>\n\t<meta property=\"og:image:width\" content=\"750\" \/>\n\t<meta property=\"og:image:height\" content=\"400\" \/>\n\t<meta property=\"og:image:type\" content=\"image\/jpeg\" \/>\n<meta name=\"author\" content=\"CL\" \/>\n<meta name=\"twitter:card\" content=\"summary_large_image\" \/>\n<meta name=\"twitter:creator\" content=\"@webdo_tn\" \/>\n<meta name=\"twitter:site\" content=\"@webdo_tn\" \/>\n<meta name=\"twitter:label1\" content=\"\u00c9crit par\" \/>\n\t<meta name=\"twitter:data1\" content=\"CL\" \/>\n\t<meta name=\"twitter:label2\" content=\"Dur\u00e9e de lecture estim\u00e9e\" \/>\n\t<meta name=\"twitter:data2\" content=\"2 minutes\" \/>\n<script type=\"application\/ld+json\" class=\"yoast-schema-graph\">{\"@context\":\"https:\\\/\\\/schema.org\",\"@graph\":[{\"@type\":\"NewsArticle\",\"@id\":\"https:\\\/\\\/www.webdo.tn\\\/fr\\\/actualite\\\/international\\\/l-onu-veut-creer-un-organe-de-surveillance-de-l-intelligence-artificielle\\\/206573\\\/#article\",\"isPartOf\":{\"@id\":\"https:\\\/\\\/www.webdo.tn\\\/fr\\\/actualite\\\/international\\\/l-onu-veut-creer-un-organe-de-surveillance-de-l-intelligence-artificielle\\\/206573\\\/\"},\"author\":{\"name\":\"CL\",\"@id\":\"https:\\\/\\\/www.webdo.tn\\\/fr\\\/#\\\/schema\\\/person\\\/f35b42a42c5e2511bbd282959d6385cc\"},\"headline\":\"L\u2019ONU veut cr\u00e9er un organe de surveillance de l\u2019intelligence artificielle\",\"datePublished\":\"2023-06-14T08:25:00+00:00\",\"dateModified\":\"2025-05-20T22:42:44+00:00\",\"mainEntityOfPage\":{\"@id\":\"https:\\\/\\\/www.webdo.tn\\\/fr\\\/actualite\\\/international\\\/l-onu-veut-creer-un-organe-de-surveillance-de-l-intelligence-artificielle\\\/206573\\\/\"},\"wordCount\":350,\"commentCount\":0,\"publisher\":{\"@id\":\"https:\\\/\\\/www.webdo.tn\\\/fr\\\/#organization\"},\"image\":{\"@id\":\"https:\\\/\\\/www.webdo.tn\\\/fr\\\/actualite\\\/international\\\/l-onu-veut-creer-un-organe-de-surveillance-de-l-intelligence-artificielle\\\/206573\\\/#primaryimage\"},\"thumbnailUrl\":\"https:\\\/\\\/www.webdo.tn\\\/fr\\\/wp-content\\\/uploads\\\/2023\\\/06\\\/2aa5ddc2947e7a4e519dd11f4587438d.jpg\",\"keywords\":[\"Intelligence artificielle\",\"ONU\"],\"articleSection\":[\"International\"],\"inLanguage\":\"fr-FR\"},{\"@type\":\"WebPage\",\"@id\":\"https:\\\/\\\/www.webdo.tn\\\/fr\\\/actualite\\\/international\\\/l-onu-veut-creer-un-organe-de-surveillance-de-l-intelligence-artificielle\\\/206573\\\/\",\"url\":\"https:\\\/\\\/www.webdo.tn\\\/fr\\\/actualite\\\/international\\\/l-onu-veut-creer-un-organe-de-surveillance-de-l-intelligence-artificielle\\\/206573\\\/\",\"name\":\"L\u2019ONU veut cr\u00e9er un organe de surveillance de l\u2019intelligence artificielle\",\"isPartOf\":{\"@id\":\"https:\\\/\\\/www.webdo.tn\\\/fr\\\/#website\"},\"primaryImageOfPage\":{\"@id\":\"https:\\\/\\\/www.webdo.tn\\\/fr\\\/actualite\\\/international\\\/l-onu-veut-creer-un-organe-de-surveillance-de-l-intelligence-artificielle\\\/206573\\\/#primaryimage\"},\"image\":{\"@id\":\"https:\\\/\\\/www.webdo.tn\\\/fr\\\/actualite\\\/international\\\/l-onu-veut-creer-un-organe-de-surveillance-de-l-intelligence-artificielle\\\/206573\\\/#primaryimage\"},\"thumbnailUrl\":\"https:\\\/\\\/www.webdo.tn\\\/fr\\\/wp-content\\\/uploads\\\/2023\\\/06\\\/2aa5ddc2947e7a4e519dd11f4587438d.jpg\",\"datePublished\":\"2023-06-14T08:25:00+00:00\",\"dateModified\":\"2025-05-20T22:42:44+00:00\",\"description\":\"Le secr\u00e9taire g\u00e9n\u00e9ral de l'ONU, Antonio Guterres, a exprim\u00e9 lundi 12 juin son soutien \u00e0 la cr\u00e9ation d'un organisme de surveillance de l'intelligence artificiell...\",\"breadcrumb\":{\"@id\":\"https:\\\/\\\/www.webdo.tn\\\/fr\\\/actualite\\\/international\\\/l-onu-veut-creer-un-organe-de-surveillance-de-l-intelligence-artificielle\\\/206573\\\/#breadcrumb\"},\"inLanguage\":\"fr-FR\",\"potentialAction\":[{\"@type\":\"ReadAction\",\"target\":[\"https:\\\/\\\/www.webdo.tn\\\/fr\\\/actualite\\\/international\\\/l-onu-veut-creer-un-organe-de-surveillance-de-l-intelligence-artificielle\\\/206573\\\/\"]}]},{\"@type\":\"ImageObject\",\"inLanguage\":\"fr-FR\",\"@id\":\"https:\\\/\\\/www.webdo.tn\\\/fr\\\/actualite\\\/international\\\/l-onu-veut-creer-un-organe-de-surveillance-de-l-intelligence-artificielle\\\/206573\\\/#primaryimage\",\"url\":\"https:\\\/\\\/www.webdo.tn\\\/fr\\\/wp-content\\\/uploads\\\/2023\\\/06\\\/2aa5ddc2947e7a4e519dd11f4587438d.jpg\",\"contentUrl\":\"https:\\\/\\\/www.webdo.tn\\\/fr\\\/wp-content\\\/uploads\\\/2023\\\/06\\\/2aa5ddc2947e7a4e519dd11f4587438d.jpg\",\"width\":750,\"height\":400,\"caption\":\"L\u2019ONU veut cr\u00e9er un organe de surveillance de l\u2019intelligence artificielle\"},{\"@type\":\"BreadcrumbList\",\"@id\":\"https:\\\/\\\/www.webdo.tn\\\/fr\\\/actualite\\\/international\\\/l-onu-veut-creer-un-organe-de-surveillance-de-l-intelligence-artificielle\\\/206573\\\/#breadcrumb\",\"itemListElement\":[{\"@type\":\"ListItem\",\"position\":1,\"name\":\"Accueil\",\"item\":\"https:\\\/\\\/www.webdo.tn\\\/fr\\\/\"},{\"@type\":\"ListItem\",\"position\":2,\"name\":\"L\u2019ONU veut cr\u00e9er un organe de surveillance de l\u2019intelligence artificielle\"}]},{\"@type\":\"WebSite\",\"@id\":\"https:\\\/\\\/www.webdo.tn\\\/fr\\\/#website\",\"url\":\"https:\\\/\\\/www.webdo.tn\\\/fr\\\/\",\"name\":\"webdo\",\"description\":\"Tunisie - News en Tunisie et \u00e0 l&#039;international sur Webdo.tn\",\"publisher\":{\"@id\":\"https:\\\/\\\/www.webdo.tn\\\/fr\\\/#organization\"},\"potentialAction\":[{\"@type\":\"SearchAction\",\"target\":{\"@type\":\"EntryPoint\",\"urlTemplate\":\"https:\\\/\\\/www.webdo.tn\\\/fr\\\/?s={search_term_string}\"},\"query-input\":{\"@type\":\"PropertyValueSpecification\",\"valueRequired\":true,\"valueName\":\"search_term_string\"}}],\"inLanguage\":\"fr-FR\"},{\"@type\":\"Organization\",\"@id\":\"https:\\\/\\\/www.webdo.tn\\\/fr\\\/#organization\",\"name\":\"Webdo\",\"alternateName\":\"Webdo.tn\",\"url\":\"https:\\\/\\\/www.webdo.tn\\\/fr\\\/\",\"logo\":{\"@type\":\"ImageObject\",\"inLanguage\":\"fr-FR\",\"@id\":\"https:\\\/\\\/www.webdo.tn\\\/fr\\\/#\\\/schema\\\/logo\\\/image\\\/\",\"url\":\"https:\\\/\\\/www.webdo.tn\\\/fr\\\/wp-content\\\/uploads\\\/2025\\\/06\\\/Webdo-Tunisie_168377.jpg\",\"contentUrl\":\"https:\\\/\\\/www.webdo.tn\\\/fr\\\/wp-content\\\/uploads\\\/2025\\\/06\\\/Webdo-Tunisie_168377.jpg\",\"width\":301,\"height\":301,\"caption\":\"Webdo\"},\"image\":{\"@id\":\"https:\\\/\\\/www.webdo.tn\\\/fr\\\/#\\\/schema\\\/logo\\\/image\\\/\"},\"sameAs\":[\"https:\\\/\\\/www.facebook.com\\\/webdotn\",\"https:\\\/\\\/x.com\\\/webdo_tn\"],\"description\":\"Webdo est un m\u00e9dia num\u00e9rique tunisien fond\u00e9 en 2010, sp\u00e9cialis\u00e9 dans l\u2019actualit\u00e9 nationale et internationale, l\u2019\u00e9conomie, la soci\u00e9t\u00e9 et les analyses politiques. Le site s\u2019adresse \u00e0 un large public francophone et couvre l\u2019information tunisienne en temps r\u00e9el.\",\"email\":\"redac@webdo.tn\",\"legalName\":\"YNJ SARL\",\"foundingDate\":\"2010-09-06\",\"numberOfEmployees\":{\"@type\":\"QuantitativeValue\",\"minValue\":\"11\",\"maxValue\":\"50\"}},{\"@type\":\"Person\",\"@id\":\"https:\\\/\\\/www.webdo.tn\\\/fr\\\/#\\\/schema\\\/person\\\/f35b42a42c5e2511bbd282959d6385cc\",\"name\":\"CL\",\"image\":{\"@type\":\"ImageObject\",\"inLanguage\":\"fr-FR\",\"@id\":\"https:\\\/\\\/secure.gravatar.com\\\/avatar\\\/1447a49909b67aa657c488aec6512e1dd6143a480c1ecfee9b5b5cd74eb3b59e?s=96&d=mm&r=g\",\"url\":\"https:\\\/\\\/secure.gravatar.com\\\/avatar\\\/1447a49909b67aa657c488aec6512e1dd6143a480c1ecfee9b5b5cd74eb3b59e?s=96&d=mm&r=g\",\"contentUrl\":\"https:\\\/\\\/secure.gravatar.com\\\/avatar\\\/1447a49909b67aa657c488aec6512e1dd6143a480c1ecfee9b5b5cd74eb3b59e?s=96&d=mm&r=g\",\"caption\":\"CL\"},\"url\":\"https:\\\/\\\/www.webdo.tn\\\/fr\\\/actualite\\\/author\\\/cl\\\/\"}]}<\/script>\n<!-- \/ Yoast SEO Premium plugin. -->","yoast_head_json":{"title":"L\u2019ONU veut cr\u00e9er un organe de surveillance de l\u2019intelligence artificielle","description":"Le secr\u00e9taire g\u00e9n\u00e9ral de l'ONU, Antonio Guterres, a exprim\u00e9 lundi 12 juin son soutien \u00e0 la cr\u00e9ation d'un organisme de surveillance de l'intelligence artificiell...","canonical":"https:\/\/www.webdo.tn\/fr\/actualite\/international\/l-onu-veut-creer-un-organe-de-surveillance-de-l-intelligence-artificielle\/206573\/","og_locale":"fr_FR","og_type":"article","og_title":"L\u2019ONU veut cr\u00e9er un organe de surveillance de l\u2019intelligence artificielle","og_description":"Le secr\u00e9taire g\u00e9n\u00e9ral de l'ONU, Antonio Guterres, a exprim\u00e9 lundi 12 juin son soutien \u00e0 la cr\u00e9ation d'un organisme de surveillance de l'intelligence artificiell...","og_url":"https:\/\/www.webdo.tn\/fr\/actualite\/international\/l-onu-veut-creer-un-organe-de-surveillance-de-l-intelligence-artificielle\/206573\/","og_site_name":"webdo","article_publisher":"https:\/\/www.facebook.com\/webdotn","article_published_time":"2023-06-14T08:25:00+00:00","article_modified_time":"2025-05-20T22:42:44+00:00","og_image":[{"width":750,"height":400,"url":"https:\/\/www.webdo.tn\/fr\/wp-content\/uploads\/2023\/06\/2aa5ddc2947e7a4e519dd11f4587438d.jpg","type":"image\/jpeg"}],"author":"CL","twitter_card":"summary_large_image","twitter_creator":"@webdo_tn","twitter_site":"@webdo_tn","twitter_misc":{"\u00c9crit par":"CL","Dur\u00e9e de lecture estim\u00e9e":"2 minutes"},"schema":{"@context":"https:\/\/schema.org","@graph":[{"@type":"NewsArticle","@id":"https:\/\/www.webdo.tn\/fr\/actualite\/international\/l-onu-veut-creer-un-organe-de-surveillance-de-l-intelligence-artificielle\/206573\/#article","isPartOf":{"@id":"https:\/\/www.webdo.tn\/fr\/actualite\/international\/l-onu-veut-creer-un-organe-de-surveillance-de-l-intelligence-artificielle\/206573\/"},"author":{"name":"CL","@id":"https:\/\/www.webdo.tn\/fr\/#\/schema\/person\/f35b42a42c5e2511bbd282959d6385cc"},"headline":"L\u2019ONU veut cr\u00e9er un organe de surveillance de l\u2019intelligence artificielle","datePublished":"2023-06-14T08:25:00+00:00","dateModified":"2025-05-20T22:42:44+00:00","mainEntityOfPage":{"@id":"https:\/\/www.webdo.tn\/fr\/actualite\/international\/l-onu-veut-creer-un-organe-de-surveillance-de-l-intelligence-artificielle\/206573\/"},"wordCount":350,"commentCount":0,"publisher":{"@id":"https:\/\/www.webdo.tn\/fr\/#organization"},"image":{"@id":"https:\/\/www.webdo.tn\/fr\/actualite\/international\/l-onu-veut-creer-un-organe-de-surveillance-de-l-intelligence-artificielle\/206573\/#primaryimage"},"thumbnailUrl":"https:\/\/www.webdo.tn\/fr\/wp-content\/uploads\/2023\/06\/2aa5ddc2947e7a4e519dd11f4587438d.jpg","keywords":["Intelligence artificielle","ONU"],"articleSection":["International"],"inLanguage":"fr-FR"},{"@type":"WebPage","@id":"https:\/\/www.webdo.tn\/fr\/actualite\/international\/l-onu-veut-creer-un-organe-de-surveillance-de-l-intelligence-artificielle\/206573\/","url":"https:\/\/www.webdo.tn\/fr\/actualite\/international\/l-onu-veut-creer-un-organe-de-surveillance-de-l-intelligence-artificielle\/206573\/","name":"L\u2019ONU veut cr\u00e9er un organe de surveillance de l\u2019intelligence artificielle","isPartOf":{"@id":"https:\/\/www.webdo.tn\/fr\/#website"},"primaryImageOfPage":{"@id":"https:\/\/www.webdo.tn\/fr\/actualite\/international\/l-onu-veut-creer-un-organe-de-surveillance-de-l-intelligence-artificielle\/206573\/#primaryimage"},"image":{"@id":"https:\/\/www.webdo.tn\/fr\/actualite\/international\/l-onu-veut-creer-un-organe-de-surveillance-de-l-intelligence-artificielle\/206573\/#primaryimage"},"thumbnailUrl":"https:\/\/www.webdo.tn\/fr\/wp-content\/uploads\/2023\/06\/2aa5ddc2947e7a4e519dd11f4587438d.jpg","datePublished":"2023-06-14T08:25:00+00:00","dateModified":"2025-05-20T22:42:44+00:00","description":"Le secr\u00e9taire g\u00e9n\u00e9ral de l'ONU, Antonio Guterres, a exprim\u00e9 lundi 12 juin son soutien \u00e0 la cr\u00e9ation d'un organisme de surveillance de l'intelligence artificiell...","breadcrumb":{"@id":"https:\/\/www.webdo.tn\/fr\/actualite\/international\/l-onu-veut-creer-un-organe-de-surveillance-de-l-intelligence-artificielle\/206573\/#breadcrumb"},"inLanguage":"fr-FR","potentialAction":[{"@type":"ReadAction","target":["https:\/\/www.webdo.tn\/fr\/actualite\/international\/l-onu-veut-creer-un-organe-de-surveillance-de-l-intelligence-artificielle\/206573\/"]}]},{"@type":"ImageObject","inLanguage":"fr-FR","@id":"https:\/\/www.webdo.tn\/fr\/actualite\/international\/l-onu-veut-creer-un-organe-de-surveillance-de-l-intelligence-artificielle\/206573\/#primaryimage","url":"https:\/\/www.webdo.tn\/fr\/wp-content\/uploads\/2023\/06\/2aa5ddc2947e7a4e519dd11f4587438d.jpg","contentUrl":"https:\/\/www.webdo.tn\/fr\/wp-content\/uploads\/2023\/06\/2aa5ddc2947e7a4e519dd11f4587438d.jpg","width":750,"height":400,"caption":"L\u2019ONU veut cr\u00e9er un organe de surveillance de l\u2019intelligence artificielle"},{"@type":"BreadcrumbList","@id":"https:\/\/www.webdo.tn\/fr\/actualite\/international\/l-onu-veut-creer-un-organe-de-surveillance-de-l-intelligence-artificielle\/206573\/#breadcrumb","itemListElement":[{"@type":"ListItem","position":1,"name":"Accueil","item":"https:\/\/www.webdo.tn\/fr\/"},{"@type":"ListItem","position":2,"name":"L\u2019ONU veut cr\u00e9er un organe de surveillance de l\u2019intelligence artificielle"}]},{"@type":"WebSite","@id":"https:\/\/www.webdo.tn\/fr\/#website","url":"https:\/\/www.webdo.tn\/fr\/","name":"webdo","description":"Tunisie - News en Tunisie et \u00e0 l&#039;international sur Webdo.tn","publisher":{"@id":"https:\/\/www.webdo.tn\/fr\/#organization"},"potentialAction":[{"@type":"SearchAction","target":{"@type":"EntryPoint","urlTemplate":"https:\/\/www.webdo.tn\/fr\/?s={search_term_string}"},"query-input":{"@type":"PropertyValueSpecification","valueRequired":true,"valueName":"search_term_string"}}],"inLanguage":"fr-FR"},{"@type":"Organization","@id":"https:\/\/www.webdo.tn\/fr\/#organization","name":"Webdo","alternateName":"Webdo.tn","url":"https:\/\/www.webdo.tn\/fr\/","logo":{"@type":"ImageObject","inLanguage":"fr-FR","@id":"https:\/\/www.webdo.tn\/fr\/#\/schema\/logo\/image\/","url":"https:\/\/www.webdo.tn\/fr\/wp-content\/uploads\/2025\/06\/Webdo-Tunisie_168377.jpg","contentUrl":"https:\/\/www.webdo.tn\/fr\/wp-content\/uploads\/2025\/06\/Webdo-Tunisie_168377.jpg","width":301,"height":301,"caption":"Webdo"},"image":{"@id":"https:\/\/www.webdo.tn\/fr\/#\/schema\/logo\/image\/"},"sameAs":["https:\/\/www.facebook.com\/webdotn","https:\/\/x.com\/webdo_tn"],"description":"Webdo est un m\u00e9dia num\u00e9rique tunisien fond\u00e9 en 2010, sp\u00e9cialis\u00e9 dans l\u2019actualit\u00e9 nationale et internationale, l\u2019\u00e9conomie, la soci\u00e9t\u00e9 et les analyses politiques. Le site s\u2019adresse \u00e0 un large public francophone et couvre l\u2019information tunisienne en temps r\u00e9el.","email":"redac@webdo.tn","legalName":"YNJ SARL","foundingDate":"2010-09-06","numberOfEmployees":{"@type":"QuantitativeValue","minValue":"11","maxValue":"50"}},{"@type":"Person","@id":"https:\/\/www.webdo.tn\/fr\/#\/schema\/person\/f35b42a42c5e2511bbd282959d6385cc","name":"CL","image":{"@type":"ImageObject","inLanguage":"fr-FR","@id":"https:\/\/secure.gravatar.com\/avatar\/1447a49909b67aa657c488aec6512e1dd6143a480c1ecfee9b5b5cd74eb3b59e?s=96&d=mm&r=g","url":"https:\/\/secure.gravatar.com\/avatar\/1447a49909b67aa657c488aec6512e1dd6143a480c1ecfee9b5b5cd74eb3b59e?s=96&d=mm&r=g","contentUrl":"https:\/\/secure.gravatar.com\/avatar\/1447a49909b67aa657c488aec6512e1dd6143a480c1ecfee9b5b5cd74eb3b59e?s=96&d=mm&r=g","caption":"CL"},"url":"https:\/\/www.webdo.tn\/fr\/actualite\/author\/cl\/"}]}},"_links":{"self":[{"href":"https:\/\/www.webdo.tn\/fr\/wp-json\/wp\/v2\/posts\/206573","targetHints":{"allow":["GET"]}}],"collection":[{"href":"https:\/\/www.webdo.tn\/fr\/wp-json\/wp\/v2\/posts"}],"about":[{"href":"https:\/\/www.webdo.tn\/fr\/wp-json\/wp\/v2\/types\/post"}],"author":[{"embeddable":true,"href":"https:\/\/www.webdo.tn\/fr\/wp-json\/wp\/v2\/users\/3175"}],"replies":[{"embeddable":true,"href":"https:\/\/www.webdo.tn\/fr\/wp-json\/wp\/v2\/comments?post=206573"}],"version-history":[{"count":0,"href":"https:\/\/www.webdo.tn\/fr\/wp-json\/wp\/v2\/posts\/206573\/revisions"}],"wp:featuredmedia":[{"embeddable":true,"href":"https:\/\/www.webdo.tn\/fr\/wp-json\/wp\/v2\/media\/249963"}],"wp:attachment":[{"href":"https:\/\/www.webdo.tn\/fr\/wp-json\/wp\/v2\/media?parent=206573"}],"wp:term":[{"taxonomy":"category","embeddable":true,"href":"https:\/\/www.webdo.tn\/fr\/wp-json\/wp\/v2\/categories?post=206573"},{"taxonomy":"post_tag","embeddable":true,"href":"https:\/\/www.webdo.tn\/fr\/wp-json\/wp\/v2\/tags?post=206573"}],"curies":[{"name":"wp","href":"https:\/\/api.w.org\/{rel}","templated":true}]}}