{"id":206567,"date":"2023-06-13T20:24:00","date_gmt":"2023-06-13T20:24:00","guid":{"rendered":"https:\/\/www.webdo.tn\/fr\/blog\/a-geneve-najla-bouden-evoque-le-traitement-du-dossier-de-la-migration\/206567\/"},"modified":"2025-05-20T22:09:19","modified_gmt":"2025-05-20T22:09:19","slug":"a-geneve-najla-bouden-evoque-le-traitement-du-dossier-de-la-migration","status":"publish","type":"post","link":"https:\/\/www.webdo.tn\/fr\/actualite\/national\/a-geneve-najla-bouden-evoque-le-traitement-du-dossier-de-la-migration\/206567\/","title":{"rendered":"A Gen\u00e8ve, Najla Bouden \u00e9voque le traitement du dossier de la migration"},"content":{"rendered":"<p>Sur instruction du pr\u00e9sident de la R\u00e9publique, Kais Saied, la cheffe du gouvernement, Najla Bouden participe, du 13 au 15 juin, aux travaux du Sommet sur le monde du travail organis\u00e9 par l&rsquo;Organisation internationale du travail (OIT) \u00e0 Gen\u00e8ve.<\/p>\n<p>\t\t\t\t\t\t\t\t\tLe sommet porte notamment sur le r\u00f4le central de la justice sociale dans l&rsquo;\u00e9dification d&rsquo;un monde plus durable et plus \u00e9quitable.<\/p>\n<p>A cette occasion, Najla Bouden, a notamment soulign\u00e9 lors de son entretien avec le haut-commissaire des Nations Unies pour les r\u00e9fugi\u00e9s, Filippo Grandi, l&rsquo;imp\u00e9ratif d&rsquo;accroitre les efforts et de consolider la coop\u00e9ration et la solidarit\u00e9 internationales en mati\u00e8re de traitement du dossier de la migration.<\/p>\n<p>Bouden a mis en relief l&rsquo;importance de prendre en consid\u00e9ration les diff\u00e9rents volets \u00e0 savoir, s\u00e9curitaire, \u00e9conomique, social, financier et sanitaire, afin de contribuer \u00e0 apporter le soutien aux migrants et aider les pays d&rsquo;accueil \u00e0 surmonter les crises, rapporte l\u2019agence TAP.<\/p>\n<p>Elle a \u00e9galement soulign\u00e9 l&rsquo;attachement de la Tunisie aux valeurs de protection des r\u00e9fugi\u00e9s et au respect des pactes internationaux relatifs \u00e0 la protection des r\u00e9fugi\u00e9s ainsi qu&rsquo;au respect des droits humains.<\/p>\n<p>La r\u00e9union a pr\u00e9sent\u00e9 une opportunit\u00e9 pour examiner les moyens de consolider la coop\u00e9ration entre la Tunisie et le haut-commissariat des nations unies pour les r\u00e9fugi\u00e9s afin de r\u00e9pondre convenablement au ph\u00e9nom\u00e8ne de migration en prolif\u00e9ration \u00e0 cause des r\u00e9percussions des conflits arm\u00e9s dans le monde ainsi que des effets des changements climatiques.<\/p>\n<p>Pour sa part, le haut-commissaire des nations unies pour les r\u00e9fugi\u00e9s a indiqu\u00e9 dans une d\u00e9claration \u00e0 la TAP que cette rencontre \u00e9tait fructueuse et a permis d&rsquo;examiner les moyens possibles pour aider la Tunisie \u00e0 g\u00e9rer le dossier de la migration en partenariat avec d&rsquo;autres organisations et pays.<\/p>\n<p>La cheffe du gouvernement, aura, en marge du sommet, des entretiens avec nombre de chefs de d\u00e9l\u00e9gations participantes et pr\u00e9sidents d&rsquo;organisations internationales \u00e0 Gen\u00e8ve ainsi qu&rsquo;avec les membres de la diaspora tunisienne \u00e9tablis \u00e0 Gen\u00e8ve.<\/p>\n","protected":false},"excerpt":{"rendered":"<p>Sur instruction du pr\u00e9sident de la R\u00e9publique, Kais Saied, la cheffe du gouvernement, Najla Bouden participe, du 13 au 15 juin, aux travaux du Sommet sur le mon&#8230;<\/p>\n","protected":false},"author":3162,"featured_media":278355,"comment_status":"open","ping_status":"closed","sticky":false,"template":"","format":"standard","meta":{"footnotes":""},"categories":[44],"tags":[2615],"class_list":["post-206567","post","type-post","status-publish","format-standard","has-post-thumbnail","hentry","category-national","tag-migration"],"yoast_head":"<!-- This site is optimized with the Yoast SEO Premium plugin v27.4 (Yoast SEO v27.4) - https:\/\/yoast.com\/product\/yoast-seo-premium-wordpress\/ -->\n<title>A Gen\u00e8ve, Najla Bouden \u00e9voque le traitement du dossier de la migration<\/title>\n<meta name=\"description\" content=\"Sur instruction du pr\u00e9sident de la R\u00e9publique, Kais Saied, la cheffe du gouvernement, Najla Bouden participe, du 13 au 15 juin, aux travaux du Sommet sur le mon...\" \/>\n<link rel=\"canonical\" href=\"https:\/\/www.webdo.tn\/fr\/actualite\/national\/a-geneve-najla-bouden-evoque-le-traitement-du-dossier-de-la-migration\/206567\/\" \/>\n<meta property=\"og:locale\" content=\"fr_FR\" \/>\n<meta property=\"og:type\" content=\"article\" \/>\n<meta property=\"og:title\" content=\"A Gen\u00e8ve, Najla Bouden \u00e9voque le traitement du dossier de la migration\" \/>\n<meta property=\"og:description\" content=\"Sur instruction du pr\u00e9sident de la R\u00e9publique, Kais Saied, la cheffe du gouvernement, Najla Bouden participe, du 13 au 15 juin, aux travaux du Sommet sur le mon...\" \/>\n<meta property=\"og:url\" content=\"https:\/\/www.webdo.tn\/fr\/actualite\/national\/a-geneve-najla-bouden-evoque-le-traitement-du-dossier-de-la-migration\/206567\/\" \/>\n<meta property=\"og:site_name\" content=\"webdo\" \/>\n<meta property=\"article:publisher\" content=\"https:\/\/www.facebook.com\/webdotn\" \/>\n<meta property=\"article:published_time\" content=\"2023-06-13T20:24:00+00:00\" \/>\n<meta property=\"article:modified_time\" content=\"2025-05-20T22:09:19+00:00\" \/>\n<meta property=\"og:image\" content=\"https:\/\/www.webdo.tn\/fr\/wp-content\/uploads\/2023\/06\/5da95a6ab7c9c4907e5e6940b7a51a54.jpg\" \/>\n\t<meta property=\"og:image:width\" content=\"750\" \/>\n\t<meta property=\"og:image:height\" content=\"400\" \/>\n\t<meta property=\"og:image:type\" content=\"image\/jpeg\" \/>\n<meta name=\"author\" content=\"MC\" \/>\n<meta name=\"twitter:card\" content=\"summary_large_image\" \/>\n<meta name=\"twitter:creator\" content=\"@webdo_tn\" \/>\n<meta name=\"twitter:site\" content=\"@webdo_tn\" \/>\n<meta name=\"twitter:label1\" content=\"\u00c9crit par\" \/>\n\t<meta name=\"twitter:data1\" content=\"MC\" \/>\n\t<meta name=\"twitter:label2\" content=\"Dur\u00e9e de lecture estim\u00e9e\" \/>\n\t<meta name=\"twitter:data2\" content=\"2 minutes\" \/>\n<script type=\"application\/ld+json\" class=\"yoast-schema-graph\">{\"@context\":\"https:\\\/\\\/schema.org\",\"@graph\":[{\"@type\":\"NewsArticle\",\"@id\":\"https:\\\/\\\/www.webdo.tn\\\/fr\\\/actualite\\\/national\\\/a-geneve-najla-bouden-evoque-le-traitement-du-dossier-de-la-migration\\\/206567\\\/#article\",\"isPartOf\":{\"@id\":\"https:\\\/\\\/www.webdo.tn\\\/fr\\\/actualite\\\/national\\\/a-geneve-najla-bouden-evoque-le-traitement-du-dossier-de-la-migration\\\/206567\\\/\"},\"author\":{\"name\":\"MC\",\"@id\":\"https:\\\/\\\/www.webdo.tn\\\/fr\\\/#\\\/schema\\\/person\\\/2c4929cbf5a809e3bd38617c6ce150f6\"},\"headline\":\"A Gen\u00e8ve, Najla Bouden \u00e9voque le traitement du dossier de la migration\",\"datePublished\":\"2023-06-13T20:24:00+00:00\",\"dateModified\":\"2025-05-20T22:09:19+00:00\",\"mainEntityOfPage\":{\"@id\":\"https:\\\/\\\/www.webdo.tn\\\/fr\\\/actualite\\\/national\\\/a-geneve-najla-bouden-evoque-le-traitement-du-dossier-de-la-migration\\\/206567\\\/\"},\"wordCount\":367,\"commentCount\":0,\"publisher\":{\"@id\":\"https:\\\/\\\/www.webdo.tn\\\/fr\\\/#organization\"},\"image\":{\"@id\":\"https:\\\/\\\/www.webdo.tn\\\/fr\\\/actualite\\\/national\\\/a-geneve-najla-bouden-evoque-le-traitement-du-dossier-de-la-migration\\\/206567\\\/#primaryimage\"},\"thumbnailUrl\":\"https:\\\/\\\/www.webdo.tn\\\/fr\\\/wp-content\\\/uploads\\\/2023\\\/06\\\/5da95a6ab7c9c4907e5e6940b7a51a54.jpg\",\"keywords\":[\"Migration\"],\"articleSection\":[\"National\"],\"inLanguage\":\"fr-FR\"},{\"@type\":\"WebPage\",\"@id\":\"https:\\\/\\\/www.webdo.tn\\\/fr\\\/actualite\\\/national\\\/a-geneve-najla-bouden-evoque-le-traitement-du-dossier-de-la-migration\\\/206567\\\/\",\"url\":\"https:\\\/\\\/www.webdo.tn\\\/fr\\\/actualite\\\/national\\\/a-geneve-najla-bouden-evoque-le-traitement-du-dossier-de-la-migration\\\/206567\\\/\",\"name\":\"A Gen\u00e8ve, Najla Bouden \u00e9voque le traitement du dossier de la migration\",\"isPartOf\":{\"@id\":\"https:\\\/\\\/www.webdo.tn\\\/fr\\\/#website\"},\"primaryImageOfPage\":{\"@id\":\"https:\\\/\\\/www.webdo.tn\\\/fr\\\/actualite\\\/national\\\/a-geneve-najla-bouden-evoque-le-traitement-du-dossier-de-la-migration\\\/206567\\\/#primaryimage\"},\"image\":{\"@id\":\"https:\\\/\\\/www.webdo.tn\\\/fr\\\/actualite\\\/national\\\/a-geneve-najla-bouden-evoque-le-traitement-du-dossier-de-la-migration\\\/206567\\\/#primaryimage\"},\"thumbnailUrl\":\"https:\\\/\\\/www.webdo.tn\\\/fr\\\/wp-content\\\/uploads\\\/2023\\\/06\\\/5da95a6ab7c9c4907e5e6940b7a51a54.jpg\",\"datePublished\":\"2023-06-13T20:24:00+00:00\",\"dateModified\":\"2025-05-20T22:09:19+00:00\",\"description\":\"Sur instruction du pr\u00e9sident de la R\u00e9publique, Kais Saied, la cheffe du gouvernement, Najla Bouden participe, du 13 au 15 juin, aux travaux du Sommet sur le mon...\",\"breadcrumb\":{\"@id\":\"https:\\\/\\\/www.webdo.tn\\\/fr\\\/actualite\\\/national\\\/a-geneve-najla-bouden-evoque-le-traitement-du-dossier-de-la-migration\\\/206567\\\/#breadcrumb\"},\"inLanguage\":\"fr-FR\",\"potentialAction\":[{\"@type\":\"ReadAction\",\"target\":[\"https:\\\/\\\/www.webdo.tn\\\/fr\\\/actualite\\\/national\\\/a-geneve-najla-bouden-evoque-le-traitement-du-dossier-de-la-migration\\\/206567\\\/\"]}]},{\"@type\":\"ImageObject\",\"inLanguage\":\"fr-FR\",\"@id\":\"https:\\\/\\\/www.webdo.tn\\\/fr\\\/actualite\\\/national\\\/a-geneve-najla-bouden-evoque-le-traitement-du-dossier-de-la-migration\\\/206567\\\/#primaryimage\",\"url\":\"https:\\\/\\\/www.webdo.tn\\\/fr\\\/wp-content\\\/uploads\\\/2023\\\/06\\\/5da95a6ab7c9c4907e5e6940b7a51a54.jpg\",\"contentUrl\":\"https:\\\/\\\/www.webdo.tn\\\/fr\\\/wp-content\\\/uploads\\\/2023\\\/06\\\/5da95a6ab7c9c4907e5e6940b7a51a54.jpg\",\"width\":750,\"height\":400,\"caption\":\"A Gen\u00e8ve, Najla Bouden \u00e9voque le traitement du dossier de la migration\"},{\"@type\":\"BreadcrumbList\",\"@id\":\"https:\\\/\\\/www.webdo.tn\\\/fr\\\/actualite\\\/national\\\/a-geneve-najla-bouden-evoque-le-traitement-du-dossier-de-la-migration\\\/206567\\\/#breadcrumb\",\"itemListElement\":[{\"@type\":\"ListItem\",\"position\":1,\"name\":\"Accueil\",\"item\":\"https:\\\/\\\/www.webdo.tn\\\/fr\\\/\"},{\"@type\":\"ListItem\",\"position\":2,\"name\":\"A Gen\u00e8ve, Najla Bouden \u00e9voque le traitement du dossier de la migration\"}]},{\"@type\":\"WebSite\",\"@id\":\"https:\\\/\\\/www.webdo.tn\\\/fr\\\/#website\",\"url\":\"https:\\\/\\\/www.webdo.tn\\\/fr\\\/\",\"name\":\"webdo\",\"description\":\"Tunisie - News en Tunisie et \u00e0 l&#039;international sur Webdo.tn\",\"publisher\":{\"@id\":\"https:\\\/\\\/www.webdo.tn\\\/fr\\\/#organization\"},\"potentialAction\":[{\"@type\":\"SearchAction\",\"target\":{\"@type\":\"EntryPoint\",\"urlTemplate\":\"https:\\\/\\\/www.webdo.tn\\\/fr\\\/?s={search_term_string}\"},\"query-input\":{\"@type\":\"PropertyValueSpecification\",\"valueRequired\":true,\"valueName\":\"search_term_string\"}}],\"inLanguage\":\"fr-FR\"},{\"@type\":\"Organization\",\"@id\":\"https:\\\/\\\/www.webdo.tn\\\/fr\\\/#organization\",\"name\":\"Webdo\",\"alternateName\":\"Webdo.tn\",\"url\":\"https:\\\/\\\/www.webdo.tn\\\/fr\\\/\",\"logo\":{\"@type\":\"ImageObject\",\"inLanguage\":\"fr-FR\",\"@id\":\"https:\\\/\\\/www.webdo.tn\\\/fr\\\/#\\\/schema\\\/logo\\\/image\\\/\",\"url\":\"https:\\\/\\\/www.webdo.tn\\\/fr\\\/wp-content\\\/uploads\\\/2025\\\/06\\\/Webdo-Tunisie_168377.jpg\",\"contentUrl\":\"https:\\\/\\\/www.webdo.tn\\\/fr\\\/wp-content\\\/uploads\\\/2025\\\/06\\\/Webdo-Tunisie_168377.jpg\",\"width\":301,\"height\":301,\"caption\":\"Webdo\"},\"image\":{\"@id\":\"https:\\\/\\\/www.webdo.tn\\\/fr\\\/#\\\/schema\\\/logo\\\/image\\\/\"},\"sameAs\":[\"https:\\\/\\\/www.facebook.com\\\/webdotn\",\"https:\\\/\\\/x.com\\\/webdo_tn\"],\"description\":\"Webdo est un m\u00e9dia num\u00e9rique tunisien fond\u00e9 en 2010, sp\u00e9cialis\u00e9 dans l\u2019actualit\u00e9 nationale et internationale, l\u2019\u00e9conomie, la soci\u00e9t\u00e9 et les analyses politiques. Le site s\u2019adresse \u00e0 un large public francophone et couvre l\u2019information tunisienne en temps r\u00e9el.\",\"email\":\"redac@webdo.tn\",\"legalName\":\"YNJ SARL\",\"foundingDate\":\"2010-09-06\",\"numberOfEmployees\":{\"@type\":\"QuantitativeValue\",\"minValue\":\"11\",\"maxValue\":\"50\"}},{\"@type\":\"Person\",\"@id\":\"https:\\\/\\\/www.webdo.tn\\\/fr\\\/#\\\/schema\\\/person\\\/2c4929cbf5a809e3bd38617c6ce150f6\",\"name\":\"MC\",\"image\":{\"@type\":\"ImageObject\",\"inLanguage\":\"fr-FR\",\"@id\":\"https:\\\/\\\/secure.gravatar.com\\\/avatar\\\/a545bbb6f84efdd5553dbbc2895e3ca8f1d12c5215e00a041c9670b54aa9b18a?s=96&d=mm&r=g\",\"url\":\"https:\\\/\\\/secure.gravatar.com\\\/avatar\\\/a545bbb6f84efdd5553dbbc2895e3ca8f1d12c5215e00a041c9670b54aa9b18a?s=96&d=mm&r=g\",\"contentUrl\":\"https:\\\/\\\/secure.gravatar.com\\\/avatar\\\/a545bbb6f84efdd5553dbbc2895e3ca8f1d12c5215e00a041c9670b54aa9b18a?s=96&d=mm&r=g\",\"caption\":\"MC\"},\"url\":\"https:\\\/\\\/www.webdo.tn\\\/fr\\\/actualite\\\/author\\\/mc\\\/\"}]}<\/script>\n<!-- \/ Yoast SEO Premium plugin. -->","yoast_head_json":{"title":"A Gen\u00e8ve, Najla Bouden \u00e9voque le traitement du dossier de la migration","description":"Sur instruction du pr\u00e9sident de la R\u00e9publique, Kais Saied, la cheffe du gouvernement, Najla Bouden participe, du 13 au 15 juin, aux travaux du Sommet sur le mon...","canonical":"https:\/\/www.webdo.tn\/fr\/actualite\/national\/a-geneve-najla-bouden-evoque-le-traitement-du-dossier-de-la-migration\/206567\/","og_locale":"fr_FR","og_type":"article","og_title":"A Gen\u00e8ve, Najla Bouden \u00e9voque le traitement du dossier de la migration","og_description":"Sur instruction du pr\u00e9sident de la R\u00e9publique, Kais Saied, la cheffe du gouvernement, Najla Bouden participe, du 13 au 15 juin, aux travaux du Sommet sur le mon...","og_url":"https:\/\/www.webdo.tn\/fr\/actualite\/national\/a-geneve-najla-bouden-evoque-le-traitement-du-dossier-de-la-migration\/206567\/","og_site_name":"webdo","article_publisher":"https:\/\/www.facebook.com\/webdotn","article_published_time":"2023-06-13T20:24:00+00:00","article_modified_time":"2025-05-20T22:09:19+00:00","og_image":[{"width":750,"height":400,"url":"https:\/\/www.webdo.tn\/fr\/wp-content\/uploads\/2023\/06\/5da95a6ab7c9c4907e5e6940b7a51a54.jpg","type":"image\/jpeg"}],"author":"MC","twitter_card":"summary_large_image","twitter_creator":"@webdo_tn","twitter_site":"@webdo_tn","twitter_misc":{"\u00c9crit par":"MC","Dur\u00e9e de lecture estim\u00e9e":"2 minutes"},"schema":{"@context":"https:\/\/schema.org","@graph":[{"@type":"NewsArticle","@id":"https:\/\/www.webdo.tn\/fr\/actualite\/national\/a-geneve-najla-bouden-evoque-le-traitement-du-dossier-de-la-migration\/206567\/#article","isPartOf":{"@id":"https:\/\/www.webdo.tn\/fr\/actualite\/national\/a-geneve-najla-bouden-evoque-le-traitement-du-dossier-de-la-migration\/206567\/"},"author":{"name":"MC","@id":"https:\/\/www.webdo.tn\/fr\/#\/schema\/person\/2c4929cbf5a809e3bd38617c6ce150f6"},"headline":"A Gen\u00e8ve, Najla Bouden \u00e9voque le traitement du dossier de la migration","datePublished":"2023-06-13T20:24:00+00:00","dateModified":"2025-05-20T22:09:19+00:00","mainEntityOfPage":{"@id":"https:\/\/www.webdo.tn\/fr\/actualite\/national\/a-geneve-najla-bouden-evoque-le-traitement-du-dossier-de-la-migration\/206567\/"},"wordCount":367,"commentCount":0,"publisher":{"@id":"https:\/\/www.webdo.tn\/fr\/#organization"},"image":{"@id":"https:\/\/www.webdo.tn\/fr\/actualite\/national\/a-geneve-najla-bouden-evoque-le-traitement-du-dossier-de-la-migration\/206567\/#primaryimage"},"thumbnailUrl":"https:\/\/www.webdo.tn\/fr\/wp-content\/uploads\/2023\/06\/5da95a6ab7c9c4907e5e6940b7a51a54.jpg","keywords":["Migration"],"articleSection":["National"],"inLanguage":"fr-FR"},{"@type":"WebPage","@id":"https:\/\/www.webdo.tn\/fr\/actualite\/national\/a-geneve-najla-bouden-evoque-le-traitement-du-dossier-de-la-migration\/206567\/","url":"https:\/\/www.webdo.tn\/fr\/actualite\/national\/a-geneve-najla-bouden-evoque-le-traitement-du-dossier-de-la-migration\/206567\/","name":"A Gen\u00e8ve, Najla Bouden \u00e9voque le traitement du dossier de la migration","isPartOf":{"@id":"https:\/\/www.webdo.tn\/fr\/#website"},"primaryImageOfPage":{"@id":"https:\/\/www.webdo.tn\/fr\/actualite\/national\/a-geneve-najla-bouden-evoque-le-traitement-du-dossier-de-la-migration\/206567\/#primaryimage"},"image":{"@id":"https:\/\/www.webdo.tn\/fr\/actualite\/national\/a-geneve-najla-bouden-evoque-le-traitement-du-dossier-de-la-migration\/206567\/#primaryimage"},"thumbnailUrl":"https:\/\/www.webdo.tn\/fr\/wp-content\/uploads\/2023\/06\/5da95a6ab7c9c4907e5e6940b7a51a54.jpg","datePublished":"2023-06-13T20:24:00+00:00","dateModified":"2025-05-20T22:09:19+00:00","description":"Sur instruction du pr\u00e9sident de la R\u00e9publique, Kais Saied, la cheffe du gouvernement, Najla Bouden participe, du 13 au 15 juin, aux travaux du Sommet sur le mon...","breadcrumb":{"@id":"https:\/\/www.webdo.tn\/fr\/actualite\/national\/a-geneve-najla-bouden-evoque-le-traitement-du-dossier-de-la-migration\/206567\/#breadcrumb"},"inLanguage":"fr-FR","potentialAction":[{"@type":"ReadAction","target":["https:\/\/www.webdo.tn\/fr\/actualite\/national\/a-geneve-najla-bouden-evoque-le-traitement-du-dossier-de-la-migration\/206567\/"]}]},{"@type":"ImageObject","inLanguage":"fr-FR","@id":"https:\/\/www.webdo.tn\/fr\/actualite\/national\/a-geneve-najla-bouden-evoque-le-traitement-du-dossier-de-la-migration\/206567\/#primaryimage","url":"https:\/\/www.webdo.tn\/fr\/wp-content\/uploads\/2023\/06\/5da95a6ab7c9c4907e5e6940b7a51a54.jpg","contentUrl":"https:\/\/www.webdo.tn\/fr\/wp-content\/uploads\/2023\/06\/5da95a6ab7c9c4907e5e6940b7a51a54.jpg","width":750,"height":400,"caption":"A Gen\u00e8ve, Najla Bouden \u00e9voque le traitement du dossier de la migration"},{"@type":"BreadcrumbList","@id":"https:\/\/www.webdo.tn\/fr\/actualite\/national\/a-geneve-najla-bouden-evoque-le-traitement-du-dossier-de-la-migration\/206567\/#breadcrumb","itemListElement":[{"@type":"ListItem","position":1,"name":"Accueil","item":"https:\/\/www.webdo.tn\/fr\/"},{"@type":"ListItem","position":2,"name":"A Gen\u00e8ve, Najla Bouden \u00e9voque le traitement du dossier de la migration"}]},{"@type":"WebSite","@id":"https:\/\/www.webdo.tn\/fr\/#website","url":"https:\/\/www.webdo.tn\/fr\/","name":"webdo","description":"Tunisie - News en Tunisie et \u00e0 l&#039;international sur Webdo.tn","publisher":{"@id":"https:\/\/www.webdo.tn\/fr\/#organization"},"potentialAction":[{"@type":"SearchAction","target":{"@type":"EntryPoint","urlTemplate":"https:\/\/www.webdo.tn\/fr\/?s={search_term_string}"},"query-input":{"@type":"PropertyValueSpecification","valueRequired":true,"valueName":"search_term_string"}}],"inLanguage":"fr-FR"},{"@type":"Organization","@id":"https:\/\/www.webdo.tn\/fr\/#organization","name":"Webdo","alternateName":"Webdo.tn","url":"https:\/\/www.webdo.tn\/fr\/","logo":{"@type":"ImageObject","inLanguage":"fr-FR","@id":"https:\/\/www.webdo.tn\/fr\/#\/schema\/logo\/image\/","url":"https:\/\/www.webdo.tn\/fr\/wp-content\/uploads\/2025\/06\/Webdo-Tunisie_168377.jpg","contentUrl":"https:\/\/www.webdo.tn\/fr\/wp-content\/uploads\/2025\/06\/Webdo-Tunisie_168377.jpg","width":301,"height":301,"caption":"Webdo"},"image":{"@id":"https:\/\/www.webdo.tn\/fr\/#\/schema\/logo\/image\/"},"sameAs":["https:\/\/www.facebook.com\/webdotn","https:\/\/x.com\/webdo_tn"],"description":"Webdo est un m\u00e9dia num\u00e9rique tunisien fond\u00e9 en 2010, sp\u00e9cialis\u00e9 dans l\u2019actualit\u00e9 nationale et internationale, l\u2019\u00e9conomie, la soci\u00e9t\u00e9 et les analyses politiques. Le site s\u2019adresse \u00e0 un large public francophone et couvre l\u2019information tunisienne en temps r\u00e9el.","email":"redac@webdo.tn","legalName":"YNJ SARL","foundingDate":"2010-09-06","numberOfEmployees":{"@type":"QuantitativeValue","minValue":"11","maxValue":"50"}},{"@type":"Person","@id":"https:\/\/www.webdo.tn\/fr\/#\/schema\/person\/2c4929cbf5a809e3bd38617c6ce150f6","name":"MC","image":{"@type":"ImageObject","inLanguage":"fr-FR","@id":"https:\/\/secure.gravatar.com\/avatar\/a545bbb6f84efdd5553dbbc2895e3ca8f1d12c5215e00a041c9670b54aa9b18a?s=96&d=mm&r=g","url":"https:\/\/secure.gravatar.com\/avatar\/a545bbb6f84efdd5553dbbc2895e3ca8f1d12c5215e00a041c9670b54aa9b18a?s=96&d=mm&r=g","contentUrl":"https:\/\/secure.gravatar.com\/avatar\/a545bbb6f84efdd5553dbbc2895e3ca8f1d12c5215e00a041c9670b54aa9b18a?s=96&d=mm&r=g","caption":"MC"},"url":"https:\/\/www.webdo.tn\/fr\/actualite\/author\/mc\/"}]}},"_links":{"self":[{"href":"https:\/\/www.webdo.tn\/fr\/wp-json\/wp\/v2\/posts\/206567","targetHints":{"allow":["GET"]}}],"collection":[{"href":"https:\/\/www.webdo.tn\/fr\/wp-json\/wp\/v2\/posts"}],"about":[{"href":"https:\/\/www.webdo.tn\/fr\/wp-json\/wp\/v2\/types\/post"}],"author":[{"embeddable":true,"href":"https:\/\/www.webdo.tn\/fr\/wp-json\/wp\/v2\/users\/3162"}],"replies":[{"embeddable":true,"href":"https:\/\/www.webdo.tn\/fr\/wp-json\/wp\/v2\/comments?post=206567"}],"version-history":[{"count":0,"href":"https:\/\/www.webdo.tn\/fr\/wp-json\/wp\/v2\/posts\/206567\/revisions"}],"wp:featuredmedia":[{"embeddable":true,"href":"https:\/\/www.webdo.tn\/fr\/wp-json\/wp\/v2\/media\/278355"}],"wp:attachment":[{"href":"https:\/\/www.webdo.tn\/fr\/wp-json\/wp\/v2\/media?parent=206567"}],"wp:term":[{"taxonomy":"category","embeddable":true,"href":"https:\/\/www.webdo.tn\/fr\/wp-json\/wp\/v2\/categories?post=206567"},{"taxonomy":"post_tag","embeddable":true,"href":"https:\/\/www.webdo.tn\/fr\/wp-json\/wp\/v2\/tags?post=206567"}],"curies":[{"name":"wp","href":"https:\/\/api.w.org\/{rel}","templated":true}]}}