{"id":206559,"date":"2023-06-13T13:20:00","date_gmt":"2023-06-13T13:20:00","guid":{"rendered":"https:\/\/www.webdo.tn\/fr\/blog\/l-ugtt-refuse-de-transformer-la-tunisie-en-plateforme-d-accueil-des-migrants\/206559\/"},"modified":"2025-05-20T22:50:37","modified_gmt":"2025-05-20T22:50:37","slug":"l-ugtt-refuse-de-transformer-la-tunisie-en-plateforme-d-accueil-des-migrants","status":"publish","type":"post","link":"https:\/\/www.webdo.tn\/fr\/actualite\/national\/l-ugtt-refuse-de-transformer-la-tunisie-en-plateforme-d-accueil-des-migrants\/206559\/","title":{"rendered":"L\u2019UGTT refuse de transformer la Tunisie en plateforme d\u2019accueil des migrants"},"content":{"rendered":"<p>La derni\u00e8re visite d\u2019une d\u00e9l\u00e9gation europ\u00e9enne en Tunisie a rouvert le d\u00e9bat autour du r\u00f4le de la Tunisie dans la gestion de la crise migratoire.<\/p>\n<p>\t\t\t\t\t\t\t\t\tCe mardi 13 juin 2023, c\u2019est l\u2019Union g\u00e9n\u00e9rale tunisienne du travail (UGTT) qui brise le silence en affirmant qu\u2019elle refuse de transformer la Tunisie en plateforme d\u2019accueil des migrants subsahariens.\u00a0<\/p>\n<p>Son secr\u00e9taire-g\u00e9n\u00e9ral adjoint Samir Cheffi explique dans ce sens que la Tunisie a besoin de v\u00e9ritables partenariats avec les pays europ\u00e9ens et non pas des diktats.\u00a0<br \/>\n\u00ab Il existe depuis longtemps des plans europ\u00e9ens visant \u00e0 transformer la Tunisie en terre d\u2019accueil des migrants subsahariens \u00bb, a-t-il regrett\u00e9.\u00a0<\/p>\n<p>Rappelons dans ce sens que l&rsquo;Union europ\u00e9enne a propos\u00e9 dimanche \u00e0 la Tunisie un \u00ab\u00a0partenariat renforc\u00e9\u00a0\u00bb assorti de promesses d&rsquo;aides financi\u00e8res, au terme d&rsquo;une visite \u00e0 Tunis de la pr\u00e9sidente de la Commission europ\u00e9enne Ursula von der Leyen et des Premiers ministres d&rsquo;Italie, Giorgia Meloni, et des Pays-Bas, Mark Rutte.<\/p>\n","protected":false},"excerpt":{"rendered":"<p>La derni\u00e8re visite d\u2019une d\u00e9l\u00e9gation europ\u00e9enne en Tunisie a rouvert le d\u00e9bat autour du r\u00f4le de la Tunisie dans la gestion de la crise migratoire.<\/p>\n","protected":false},"author":3175,"featured_media":278345,"comment_status":"open","ping_status":"closed","sticky":false,"template":"","format":"standard","meta":{"footnotes":""},"categories":[44],"tags":[3725,2894,2608,2649],"class_list":["post-206559","post","type-post","status-publish","format-standard","has-post-thumbnail","hentry","category-national","tag-europe","tag-migrants","tag-tunisie","tag-ugtt"],"yoast_head":"<!-- This site is optimized with the Yoast SEO Premium plugin v27.4 (Yoast SEO v27.5) - https:\/\/yoast.com\/product\/yoast-seo-premium-wordpress\/ -->\n<title>L\u2019UGTT refuse de transformer la Tunisie en plateforme d\u2019accueil des migrants<\/title>\n<meta name=\"description\" content=\"La derni\u00e8re visite d\u2019une d\u00e9l\u00e9gation europ\u00e9enne en Tunisie a rouvert le d\u00e9bat autour du r\u00f4le de la Tunisie dans la gestion de la crise migratoire.\" \/>\n<link rel=\"canonical\" href=\"https:\/\/www.webdo.tn\/fr\/actualite\/national\/l-ugtt-refuse-de-transformer-la-tunisie-en-plateforme-d-accueil-des-migrants\/206559\/\" \/>\n<meta property=\"og:locale\" content=\"fr_FR\" \/>\n<meta property=\"og:type\" content=\"article\" \/>\n<meta property=\"og:title\" content=\"L\u2019UGTT refuse de transformer la Tunisie en plateforme d\u2019accueil des migrants\" \/>\n<meta property=\"og:description\" content=\"La derni\u00e8re visite d\u2019une d\u00e9l\u00e9gation europ\u00e9enne en Tunisie a rouvert le d\u00e9bat autour du r\u00f4le de la Tunisie dans la gestion de la crise migratoire.\" \/>\n<meta property=\"og:url\" content=\"https:\/\/www.webdo.tn\/fr\/actualite\/national\/l-ugtt-refuse-de-transformer-la-tunisie-en-plateforme-d-accueil-des-migrants\/206559\/\" \/>\n<meta property=\"og:site_name\" content=\"webdo\" \/>\n<meta property=\"article:publisher\" content=\"https:\/\/www.facebook.com\/webdotn\" \/>\n<meta property=\"article:published_time\" content=\"2023-06-13T13:20:00+00:00\" \/>\n<meta property=\"article:modified_time\" content=\"2025-05-20T22:50:37+00:00\" \/>\n<meta property=\"og:image\" content=\"https:\/\/www.webdo.tn\/fr\/wp-content\/uploads\/2023\/06\/29514cd79653aa931fb57434eeab5490.jpg\" \/>\n\t<meta property=\"og:image:width\" content=\"626\" \/>\n\t<meta property=\"og:image:height\" content=\"334\" \/>\n\t<meta property=\"og:image:type\" content=\"image\/jpeg\" \/>\n<meta name=\"author\" content=\"CL\" \/>\n<meta name=\"twitter:card\" content=\"summary_large_image\" \/>\n<meta name=\"twitter:creator\" content=\"@webdo_tn\" \/>\n<meta name=\"twitter:site\" content=\"@webdo_tn\" \/>\n<meta name=\"twitter:label1\" content=\"\u00c9crit par\" \/>\n\t<meta name=\"twitter:data1\" content=\"CL\" \/>\n\t<meta name=\"twitter:label2\" content=\"Dur\u00e9e de lecture estim\u00e9e\" \/>\n\t<meta name=\"twitter:data2\" content=\"1 minute\" \/>\n<script type=\"application\/ld+json\" class=\"yoast-schema-graph\">{\"@context\":\"https:\\\/\\\/schema.org\",\"@graph\":[{\"@type\":\"NewsArticle\",\"@id\":\"https:\\\/\\\/www.webdo.tn\\\/fr\\\/actualite\\\/national\\\/l-ugtt-refuse-de-transformer-la-tunisie-en-plateforme-d-accueil-des-migrants\\\/206559\\\/#article\",\"isPartOf\":{\"@id\":\"https:\\\/\\\/www.webdo.tn\\\/fr\\\/actualite\\\/national\\\/l-ugtt-refuse-de-transformer-la-tunisie-en-plateforme-d-accueil-des-migrants\\\/206559\\\/\"},\"author\":{\"name\":\"CL\",\"@id\":\"https:\\\/\\\/www.webdo.tn\\\/fr\\\/#\\\/schema\\\/person\\\/f35b42a42c5e2511bbd282959d6385cc\"},\"headline\":\"L\u2019UGTT refuse de transformer la Tunisie en plateforme d\u2019accueil des migrants\",\"datePublished\":\"2023-06-13T13:20:00+00:00\",\"dateModified\":\"2025-05-20T22:50:37+00:00\",\"mainEntityOfPage\":{\"@id\":\"https:\\\/\\\/www.webdo.tn\\\/fr\\\/actualite\\\/national\\\/l-ugtt-refuse-de-transformer-la-tunisie-en-plateforme-d-accueil-des-migrants\\\/206559\\\/\"},\"wordCount\":187,\"commentCount\":0,\"publisher\":{\"@id\":\"https:\\\/\\\/www.webdo.tn\\\/fr\\\/#organization\"},\"image\":{\"@id\":\"https:\\\/\\\/www.webdo.tn\\\/fr\\\/actualite\\\/national\\\/l-ugtt-refuse-de-transformer-la-tunisie-en-plateforme-d-accueil-des-migrants\\\/206559\\\/#primaryimage\"},\"thumbnailUrl\":\"https:\\\/\\\/www.webdo.tn\\\/fr\\\/wp-content\\\/uploads\\\/2023\\\/06\\\/29514cd79653aa931fb57434eeab5490.jpg\",\"keywords\":[\"europe\",\"migrants\",\"Tunisie\",\"UGTT\"],\"articleSection\":[\"National\"],\"inLanguage\":\"fr-FR\"},{\"@type\":\"WebPage\",\"@id\":\"https:\\\/\\\/www.webdo.tn\\\/fr\\\/actualite\\\/national\\\/l-ugtt-refuse-de-transformer-la-tunisie-en-plateforme-d-accueil-des-migrants\\\/206559\\\/\",\"url\":\"https:\\\/\\\/www.webdo.tn\\\/fr\\\/actualite\\\/national\\\/l-ugtt-refuse-de-transformer-la-tunisie-en-plateforme-d-accueil-des-migrants\\\/206559\\\/\",\"name\":\"L\u2019UGTT refuse de transformer la Tunisie en plateforme d\u2019accueil des migrants\",\"isPartOf\":{\"@id\":\"https:\\\/\\\/www.webdo.tn\\\/fr\\\/#website\"},\"primaryImageOfPage\":{\"@id\":\"https:\\\/\\\/www.webdo.tn\\\/fr\\\/actualite\\\/national\\\/l-ugtt-refuse-de-transformer-la-tunisie-en-plateforme-d-accueil-des-migrants\\\/206559\\\/#primaryimage\"},\"image\":{\"@id\":\"https:\\\/\\\/www.webdo.tn\\\/fr\\\/actualite\\\/national\\\/l-ugtt-refuse-de-transformer-la-tunisie-en-plateforme-d-accueil-des-migrants\\\/206559\\\/#primaryimage\"},\"thumbnailUrl\":\"https:\\\/\\\/www.webdo.tn\\\/fr\\\/wp-content\\\/uploads\\\/2023\\\/06\\\/29514cd79653aa931fb57434eeab5490.jpg\",\"datePublished\":\"2023-06-13T13:20:00+00:00\",\"dateModified\":\"2025-05-20T22:50:37+00:00\",\"description\":\"La derni\u00e8re visite d\u2019une d\u00e9l\u00e9gation europ\u00e9enne en Tunisie a rouvert le d\u00e9bat autour du r\u00f4le de la Tunisie dans la gestion de la crise migratoire.\",\"breadcrumb\":{\"@id\":\"https:\\\/\\\/www.webdo.tn\\\/fr\\\/actualite\\\/national\\\/l-ugtt-refuse-de-transformer-la-tunisie-en-plateforme-d-accueil-des-migrants\\\/206559\\\/#breadcrumb\"},\"inLanguage\":\"fr-FR\",\"potentialAction\":[{\"@type\":\"ReadAction\",\"target\":[\"https:\\\/\\\/www.webdo.tn\\\/fr\\\/actualite\\\/national\\\/l-ugtt-refuse-de-transformer-la-tunisie-en-plateforme-d-accueil-des-migrants\\\/206559\\\/\"]}]},{\"@type\":\"ImageObject\",\"inLanguage\":\"fr-FR\",\"@id\":\"https:\\\/\\\/www.webdo.tn\\\/fr\\\/actualite\\\/national\\\/l-ugtt-refuse-de-transformer-la-tunisie-en-plateforme-d-accueil-des-migrants\\\/206559\\\/#primaryimage\",\"url\":\"https:\\\/\\\/www.webdo.tn\\\/fr\\\/wp-content\\\/uploads\\\/2023\\\/06\\\/29514cd79653aa931fb57434eeab5490.jpg\",\"contentUrl\":\"https:\\\/\\\/www.webdo.tn\\\/fr\\\/wp-content\\\/uploads\\\/2023\\\/06\\\/29514cd79653aa931fb57434eeab5490.jpg\",\"width\":626,\"height\":334,\"caption\":\"L\u2019UGTT refuse de transformer la Tunisie en plateforme d\u2019accueil des migrants\"},{\"@type\":\"BreadcrumbList\",\"@id\":\"https:\\\/\\\/www.webdo.tn\\\/fr\\\/actualite\\\/national\\\/l-ugtt-refuse-de-transformer-la-tunisie-en-plateforme-d-accueil-des-migrants\\\/206559\\\/#breadcrumb\",\"itemListElement\":[{\"@type\":\"ListItem\",\"position\":1,\"name\":\"Accueil\",\"item\":\"https:\\\/\\\/www.webdo.tn\\\/fr\\\/\"},{\"@type\":\"ListItem\",\"position\":2,\"name\":\"L\u2019UGTT refuse de transformer la Tunisie en plateforme d\u2019accueil des migrants\"}]},{\"@type\":\"WebSite\",\"@id\":\"https:\\\/\\\/www.webdo.tn\\\/fr\\\/#website\",\"url\":\"https:\\\/\\\/www.webdo.tn\\\/fr\\\/\",\"name\":\"webdo\",\"description\":\"Tunisie - News en Tunisie et \u00e0 l&#039;international sur Webdo.tn\",\"publisher\":{\"@id\":\"https:\\\/\\\/www.webdo.tn\\\/fr\\\/#organization\"},\"potentialAction\":[{\"@type\":\"SearchAction\",\"target\":{\"@type\":\"EntryPoint\",\"urlTemplate\":\"https:\\\/\\\/www.webdo.tn\\\/fr\\\/?s={search_term_string}\"},\"query-input\":{\"@type\":\"PropertyValueSpecification\",\"valueRequired\":true,\"valueName\":\"search_term_string\"}}],\"inLanguage\":\"fr-FR\"},{\"@type\":\"Organization\",\"@id\":\"https:\\\/\\\/www.webdo.tn\\\/fr\\\/#organization\",\"name\":\"Webdo\",\"alternateName\":\"Webdo.tn\",\"url\":\"https:\\\/\\\/www.webdo.tn\\\/fr\\\/\",\"logo\":{\"@type\":\"ImageObject\",\"inLanguage\":\"fr-FR\",\"@id\":\"https:\\\/\\\/www.webdo.tn\\\/fr\\\/#\\\/schema\\\/logo\\\/image\\\/\",\"url\":\"https:\\\/\\\/www.webdo.tn\\\/fr\\\/wp-content\\\/uploads\\\/2025\\\/06\\\/Webdo-Tunisie_168377.jpg\",\"contentUrl\":\"https:\\\/\\\/www.webdo.tn\\\/fr\\\/wp-content\\\/uploads\\\/2025\\\/06\\\/Webdo-Tunisie_168377.jpg\",\"width\":301,\"height\":301,\"caption\":\"Webdo\"},\"image\":{\"@id\":\"https:\\\/\\\/www.webdo.tn\\\/fr\\\/#\\\/schema\\\/logo\\\/image\\\/\"},\"sameAs\":[\"https:\\\/\\\/www.facebook.com\\\/webdotn\",\"https:\\\/\\\/x.com\\\/webdo_tn\"],\"description\":\"Webdo est un m\u00e9dia num\u00e9rique tunisien fond\u00e9 en 2010, sp\u00e9cialis\u00e9 dans l\u2019actualit\u00e9 nationale et internationale, l\u2019\u00e9conomie, la soci\u00e9t\u00e9 et les analyses politiques. Le site s\u2019adresse \u00e0 un large public francophone et couvre l\u2019information tunisienne en temps r\u00e9el.\",\"email\":\"redac@webdo.tn\",\"legalName\":\"YNJ SARL\",\"foundingDate\":\"2010-09-06\",\"numberOfEmployees\":{\"@type\":\"QuantitativeValue\",\"minValue\":\"11\",\"maxValue\":\"50\"}},{\"@type\":\"Person\",\"@id\":\"https:\\\/\\\/www.webdo.tn\\\/fr\\\/#\\\/schema\\\/person\\\/f35b42a42c5e2511bbd282959d6385cc\",\"name\":\"CL\",\"image\":{\"@type\":\"ImageObject\",\"inLanguage\":\"fr-FR\",\"@id\":\"https:\\\/\\\/secure.gravatar.com\\\/avatar\\\/1447a49909b67aa657c488aec6512e1dd6143a480c1ecfee9b5b5cd74eb3b59e?s=96&d=mm&r=g\",\"url\":\"https:\\\/\\\/secure.gravatar.com\\\/avatar\\\/1447a49909b67aa657c488aec6512e1dd6143a480c1ecfee9b5b5cd74eb3b59e?s=96&d=mm&r=g\",\"contentUrl\":\"https:\\\/\\\/secure.gravatar.com\\\/avatar\\\/1447a49909b67aa657c488aec6512e1dd6143a480c1ecfee9b5b5cd74eb3b59e?s=96&d=mm&r=g\",\"caption\":\"CL\"},\"url\":\"https:\\\/\\\/www.webdo.tn\\\/fr\\\/actualite\\\/author\\\/cl\\\/\"}]}<\/script>\n<!-- \/ Yoast SEO Premium plugin. -->","yoast_head_json":{"title":"L\u2019UGTT refuse de transformer la Tunisie en plateforme d\u2019accueil des migrants","description":"La derni\u00e8re visite d\u2019une d\u00e9l\u00e9gation europ\u00e9enne en Tunisie a rouvert le d\u00e9bat autour du r\u00f4le de la Tunisie dans la gestion de la crise migratoire.","canonical":"https:\/\/www.webdo.tn\/fr\/actualite\/national\/l-ugtt-refuse-de-transformer-la-tunisie-en-plateforme-d-accueil-des-migrants\/206559\/","og_locale":"fr_FR","og_type":"article","og_title":"L\u2019UGTT refuse de transformer la Tunisie en plateforme d\u2019accueil des migrants","og_description":"La derni\u00e8re visite d\u2019une d\u00e9l\u00e9gation europ\u00e9enne en Tunisie a rouvert le d\u00e9bat autour du r\u00f4le de la Tunisie dans la gestion de la crise migratoire.","og_url":"https:\/\/www.webdo.tn\/fr\/actualite\/national\/l-ugtt-refuse-de-transformer-la-tunisie-en-plateforme-d-accueil-des-migrants\/206559\/","og_site_name":"webdo","article_publisher":"https:\/\/www.facebook.com\/webdotn","article_published_time":"2023-06-13T13:20:00+00:00","article_modified_time":"2025-05-20T22:50:37+00:00","og_image":[{"width":626,"height":334,"url":"https:\/\/www.webdo.tn\/fr\/wp-content\/uploads\/2023\/06\/29514cd79653aa931fb57434eeab5490.jpg","type":"image\/jpeg"}],"author":"CL","twitter_card":"summary_large_image","twitter_creator":"@webdo_tn","twitter_site":"@webdo_tn","twitter_misc":{"\u00c9crit par":"CL","Dur\u00e9e de lecture estim\u00e9e":"1 minute"},"schema":{"@context":"https:\/\/schema.org","@graph":[{"@type":"NewsArticle","@id":"https:\/\/www.webdo.tn\/fr\/actualite\/national\/l-ugtt-refuse-de-transformer-la-tunisie-en-plateforme-d-accueil-des-migrants\/206559\/#article","isPartOf":{"@id":"https:\/\/www.webdo.tn\/fr\/actualite\/national\/l-ugtt-refuse-de-transformer-la-tunisie-en-plateforme-d-accueil-des-migrants\/206559\/"},"author":{"name":"CL","@id":"https:\/\/www.webdo.tn\/fr\/#\/schema\/person\/f35b42a42c5e2511bbd282959d6385cc"},"headline":"L\u2019UGTT refuse de transformer la Tunisie en plateforme d\u2019accueil des migrants","datePublished":"2023-06-13T13:20:00+00:00","dateModified":"2025-05-20T22:50:37+00:00","mainEntityOfPage":{"@id":"https:\/\/www.webdo.tn\/fr\/actualite\/national\/l-ugtt-refuse-de-transformer-la-tunisie-en-plateforme-d-accueil-des-migrants\/206559\/"},"wordCount":187,"commentCount":0,"publisher":{"@id":"https:\/\/www.webdo.tn\/fr\/#organization"},"image":{"@id":"https:\/\/www.webdo.tn\/fr\/actualite\/national\/l-ugtt-refuse-de-transformer-la-tunisie-en-plateforme-d-accueil-des-migrants\/206559\/#primaryimage"},"thumbnailUrl":"https:\/\/www.webdo.tn\/fr\/wp-content\/uploads\/2023\/06\/29514cd79653aa931fb57434eeab5490.jpg","keywords":["europe","migrants","Tunisie","UGTT"],"articleSection":["National"],"inLanguage":"fr-FR"},{"@type":"WebPage","@id":"https:\/\/www.webdo.tn\/fr\/actualite\/national\/l-ugtt-refuse-de-transformer-la-tunisie-en-plateforme-d-accueil-des-migrants\/206559\/","url":"https:\/\/www.webdo.tn\/fr\/actualite\/national\/l-ugtt-refuse-de-transformer-la-tunisie-en-plateforme-d-accueil-des-migrants\/206559\/","name":"L\u2019UGTT refuse de transformer la Tunisie en plateforme d\u2019accueil des migrants","isPartOf":{"@id":"https:\/\/www.webdo.tn\/fr\/#website"},"primaryImageOfPage":{"@id":"https:\/\/www.webdo.tn\/fr\/actualite\/national\/l-ugtt-refuse-de-transformer-la-tunisie-en-plateforme-d-accueil-des-migrants\/206559\/#primaryimage"},"image":{"@id":"https:\/\/www.webdo.tn\/fr\/actualite\/national\/l-ugtt-refuse-de-transformer-la-tunisie-en-plateforme-d-accueil-des-migrants\/206559\/#primaryimage"},"thumbnailUrl":"https:\/\/www.webdo.tn\/fr\/wp-content\/uploads\/2023\/06\/29514cd79653aa931fb57434eeab5490.jpg","datePublished":"2023-06-13T13:20:00+00:00","dateModified":"2025-05-20T22:50:37+00:00","description":"La derni\u00e8re visite d\u2019une d\u00e9l\u00e9gation europ\u00e9enne en Tunisie a rouvert le d\u00e9bat autour du r\u00f4le de la Tunisie dans la gestion de la crise migratoire.","breadcrumb":{"@id":"https:\/\/www.webdo.tn\/fr\/actualite\/national\/l-ugtt-refuse-de-transformer-la-tunisie-en-plateforme-d-accueil-des-migrants\/206559\/#breadcrumb"},"inLanguage":"fr-FR","potentialAction":[{"@type":"ReadAction","target":["https:\/\/www.webdo.tn\/fr\/actualite\/national\/l-ugtt-refuse-de-transformer-la-tunisie-en-plateforme-d-accueil-des-migrants\/206559\/"]}]},{"@type":"ImageObject","inLanguage":"fr-FR","@id":"https:\/\/www.webdo.tn\/fr\/actualite\/national\/l-ugtt-refuse-de-transformer-la-tunisie-en-plateforme-d-accueil-des-migrants\/206559\/#primaryimage","url":"https:\/\/www.webdo.tn\/fr\/wp-content\/uploads\/2023\/06\/29514cd79653aa931fb57434eeab5490.jpg","contentUrl":"https:\/\/www.webdo.tn\/fr\/wp-content\/uploads\/2023\/06\/29514cd79653aa931fb57434eeab5490.jpg","width":626,"height":334,"caption":"L\u2019UGTT refuse de transformer la Tunisie en plateforme d\u2019accueil des migrants"},{"@type":"BreadcrumbList","@id":"https:\/\/www.webdo.tn\/fr\/actualite\/national\/l-ugtt-refuse-de-transformer-la-tunisie-en-plateforme-d-accueil-des-migrants\/206559\/#breadcrumb","itemListElement":[{"@type":"ListItem","position":1,"name":"Accueil","item":"https:\/\/www.webdo.tn\/fr\/"},{"@type":"ListItem","position":2,"name":"L\u2019UGTT refuse de transformer la Tunisie en plateforme d\u2019accueil des migrants"}]},{"@type":"WebSite","@id":"https:\/\/www.webdo.tn\/fr\/#website","url":"https:\/\/www.webdo.tn\/fr\/","name":"webdo","description":"Tunisie - News en Tunisie et \u00e0 l&#039;international sur Webdo.tn","publisher":{"@id":"https:\/\/www.webdo.tn\/fr\/#organization"},"potentialAction":[{"@type":"SearchAction","target":{"@type":"EntryPoint","urlTemplate":"https:\/\/www.webdo.tn\/fr\/?s={search_term_string}"},"query-input":{"@type":"PropertyValueSpecification","valueRequired":true,"valueName":"search_term_string"}}],"inLanguage":"fr-FR"},{"@type":"Organization","@id":"https:\/\/www.webdo.tn\/fr\/#organization","name":"Webdo","alternateName":"Webdo.tn","url":"https:\/\/www.webdo.tn\/fr\/","logo":{"@type":"ImageObject","inLanguage":"fr-FR","@id":"https:\/\/www.webdo.tn\/fr\/#\/schema\/logo\/image\/","url":"https:\/\/www.webdo.tn\/fr\/wp-content\/uploads\/2025\/06\/Webdo-Tunisie_168377.jpg","contentUrl":"https:\/\/www.webdo.tn\/fr\/wp-content\/uploads\/2025\/06\/Webdo-Tunisie_168377.jpg","width":301,"height":301,"caption":"Webdo"},"image":{"@id":"https:\/\/www.webdo.tn\/fr\/#\/schema\/logo\/image\/"},"sameAs":["https:\/\/www.facebook.com\/webdotn","https:\/\/x.com\/webdo_tn"],"description":"Webdo est un m\u00e9dia num\u00e9rique tunisien fond\u00e9 en 2010, sp\u00e9cialis\u00e9 dans l\u2019actualit\u00e9 nationale et internationale, l\u2019\u00e9conomie, la soci\u00e9t\u00e9 et les analyses politiques. Le site s\u2019adresse \u00e0 un large public francophone et couvre l\u2019information tunisienne en temps r\u00e9el.","email":"redac@webdo.tn","legalName":"YNJ SARL","foundingDate":"2010-09-06","numberOfEmployees":{"@type":"QuantitativeValue","minValue":"11","maxValue":"50"}},{"@type":"Person","@id":"https:\/\/www.webdo.tn\/fr\/#\/schema\/person\/f35b42a42c5e2511bbd282959d6385cc","name":"CL","image":{"@type":"ImageObject","inLanguage":"fr-FR","@id":"https:\/\/secure.gravatar.com\/avatar\/1447a49909b67aa657c488aec6512e1dd6143a480c1ecfee9b5b5cd74eb3b59e?s=96&d=mm&r=g","url":"https:\/\/secure.gravatar.com\/avatar\/1447a49909b67aa657c488aec6512e1dd6143a480c1ecfee9b5b5cd74eb3b59e?s=96&d=mm&r=g","contentUrl":"https:\/\/secure.gravatar.com\/avatar\/1447a49909b67aa657c488aec6512e1dd6143a480c1ecfee9b5b5cd74eb3b59e?s=96&d=mm&r=g","caption":"CL"},"url":"https:\/\/www.webdo.tn\/fr\/actualite\/author\/cl\/"}]}},"_links":{"self":[{"href":"https:\/\/www.webdo.tn\/fr\/wp-json\/wp\/v2\/posts\/206559","targetHints":{"allow":["GET"]}}],"collection":[{"href":"https:\/\/www.webdo.tn\/fr\/wp-json\/wp\/v2\/posts"}],"about":[{"href":"https:\/\/www.webdo.tn\/fr\/wp-json\/wp\/v2\/types\/post"}],"author":[{"embeddable":true,"href":"https:\/\/www.webdo.tn\/fr\/wp-json\/wp\/v2\/users\/3175"}],"replies":[{"embeddable":true,"href":"https:\/\/www.webdo.tn\/fr\/wp-json\/wp\/v2\/comments?post=206559"}],"version-history":[{"count":0,"href":"https:\/\/www.webdo.tn\/fr\/wp-json\/wp\/v2\/posts\/206559\/revisions"}],"wp:featuredmedia":[{"embeddable":true,"href":"https:\/\/www.webdo.tn\/fr\/wp-json\/wp\/v2\/media\/278345"}],"wp:attachment":[{"href":"https:\/\/www.webdo.tn\/fr\/wp-json\/wp\/v2\/media?parent=206559"}],"wp:term":[{"taxonomy":"category","embeddable":true,"href":"https:\/\/www.webdo.tn\/fr\/wp-json\/wp\/v2\/categories?post=206559"},{"taxonomy":"post_tag","embeddable":true,"href":"https:\/\/www.webdo.tn\/fr\/wp-json\/wp\/v2\/tags?post=206559"}],"curies":[{"name":"wp","href":"https:\/\/api.w.org\/{rel}","templated":true}]}}