{"id":206556,"date":"2023-06-13T12:05:00","date_gmt":"2023-06-13T12:05:00","guid":{"rendered":"https:\/\/www.webdo.tn\/fr\/blog\/abou-iyadh-condamne-a-60-ans-de-prison\/206556\/"},"modified":"2025-05-20T21:59:04","modified_gmt":"2025-05-20T21:59:04","slug":"abou-iyadh-condamne-a-60-ans-de-prison","status":"publish","type":"post","link":"https:\/\/www.webdo.tn\/fr\/actualite\/national\/abou-iyadh-condamne-a-60-ans-de-prison\/206556\/","title":{"rendered":"Abou Iyadh condamn\u00e9 \u00e0 60 ans de prison"},"content":{"rendered":"<p>D\u00e9c\u00e9d\u00e9 en 2019, Seifallah Ben Hassine, alias \u00ab\u00a0Abou Iyadh\u00a0\u00bb, vient d\u2019\u00eatre condamn\u00e9 \u00e0 60 ans de prison par la justice tunisienne !<\/p>\n<p>\t\t\t\t\t\t\t\t\tLa Chambre criminelle sp\u00e9cialis\u00e9e dans l&rsquo;examen des affaires terroristes au Tribunal de premi\u00e8re instance de Tunis a condamn\u00e9 l\u2019ancien chef d&rsquo;Ansar Acharia\u00e2, \u00e0 60 ans de prison ferme pour des crimes \u00e0 caract\u00e8re terroriste.<\/p>\n<p>Tout comme elle a condamn\u00e9 quatre femmes \u00e0 des peines allant de deux \u00e0 quatre ans de prison, pour avoir communiqu\u00e9 avec lui, \u00e0 travers les r\u00e9seaux sociaux, rapporte Mosaique fm.<\/p>\n<p>Annonc\u00e9 pour mort \u00e0 maintes reprises par le pass\u00e9, Abou Iyadh, fondateur d\u2019Ansar Acharia\u00e2, serait mort le 21 f\u00e9vrier 2019 apr\u00e8s une op\u00e9ration h\u00e9liport\u00e9e des forces fran\u00e7aises \u00e0 Bou Djebeha, \u00e0 environ 125 km au nord de Tombouctou (Mali).<\/p>\n<p>Dans un enregistrement dat\u00e9 de fin f\u00e9vrier 2020, le chef d\u2019Al-Qaida au Maghreb islamique (AQMI), Abdelmalek Droudekel alias Abou Mosa\u00e2b Abdelwadoud, avait confirm\u00e9 la mort d\u2019Abou Iyadh, ainsi que plusieurs commandants d\u2019AQMI, mais son corps n\u2019a jamais \u00e9t\u00e9 retrouv\u00e9.<\/p>\n","protected":false},"excerpt":{"rendered":"<p>D\u00e9c\u00e9d\u00e9 en 2019, Seifallah Ben Hassine, alias  Abou Iyadh , vient d\u2019\u00eatre condamn\u00e9 \u00e0 60 ans de prison par la justice tunisienne !<\/p>\n","protected":false},"author":3162,"featured_media":250885,"comment_status":"open","ping_status":"closed","sticky":false,"template":"","format":"standard","meta":{"footnotes":""},"categories":[44],"tags":[3263,2835],"class_list":["post-206556","post","type-post","status-publish","format-standard","has-post-thumbnail","hentry","category-national","tag-abou-iyadh","tag-condamnation"],"yoast_head":"<!-- This site is optimized with the Yoast SEO Premium plugin v27.4 (Yoast SEO v27.5) - https:\/\/yoast.com\/product\/yoast-seo-premium-wordpress\/ -->\n<title>Abou Iyadh condamn\u00e9 \u00e0 60 ans de prison<\/title>\n<meta name=\"description\" content=\"D\u00e9c\u00e9d\u00e9 en 2019, Seifallah Ben Hassine, alias Abou Iyadh , vient d\u2019\u00eatre condamn\u00e9 \u00e0 60 ans de prison par la justice tunisienne !\" \/>\n<link rel=\"canonical\" href=\"https:\/\/www.webdo.tn\/fr\/actualite\/national\/abou-iyadh-condamne-a-60-ans-de-prison\/206556\/\" \/>\n<meta property=\"og:locale\" content=\"fr_FR\" \/>\n<meta property=\"og:type\" content=\"article\" \/>\n<meta property=\"og:title\" content=\"Abou Iyadh condamn\u00e9 \u00e0 60 ans de prison\" \/>\n<meta property=\"og:description\" content=\"D\u00e9c\u00e9d\u00e9 en 2019, Seifallah Ben Hassine, alias Abou Iyadh , vient d\u2019\u00eatre condamn\u00e9 \u00e0 60 ans de prison par la justice tunisienne !\" \/>\n<meta property=\"og:url\" content=\"https:\/\/www.webdo.tn\/fr\/actualite\/national\/abou-iyadh-condamne-a-60-ans-de-prison\/206556\/\" \/>\n<meta property=\"og:site_name\" content=\"webdo\" \/>\n<meta property=\"article:publisher\" content=\"https:\/\/www.facebook.com\/webdotn\" \/>\n<meta property=\"article:published_time\" content=\"2023-06-13T12:05:00+00:00\" \/>\n<meta property=\"article:modified_time\" content=\"2025-05-20T21:59:04+00:00\" \/>\n<meta property=\"og:image\" content=\"https:\/\/www.webdo.tn\/fr\/wp-content\/uploads\/2023\/06\/8055ca1ce6ae10e666c40e3a22ee82c8.jpg\" \/>\n\t<meta property=\"og:image:width\" content=\"515\" \/>\n\t<meta property=\"og:image:height\" content=\"275\" \/>\n\t<meta property=\"og:image:type\" content=\"image\/jpeg\" \/>\n<meta name=\"author\" content=\"MC\" \/>\n<meta name=\"twitter:card\" content=\"summary_large_image\" \/>\n<meta name=\"twitter:creator\" content=\"@webdo_tn\" \/>\n<meta name=\"twitter:site\" content=\"@webdo_tn\" \/>\n<meta name=\"twitter:label1\" content=\"\u00c9crit par\" \/>\n\t<meta name=\"twitter:data1\" content=\"MC\" \/>\n\t<meta name=\"twitter:label2\" content=\"Dur\u00e9e de lecture estim\u00e9e\" \/>\n\t<meta name=\"twitter:data2\" content=\"1 minute\" \/>\n<script type=\"application\/ld+json\" class=\"yoast-schema-graph\">{\"@context\":\"https:\\\/\\\/schema.org\",\"@graph\":[{\"@type\":\"NewsArticle\",\"@id\":\"https:\\\/\\\/www.webdo.tn\\\/fr\\\/actualite\\\/national\\\/abou-iyadh-condamne-a-60-ans-de-prison\\\/206556\\\/#article\",\"isPartOf\":{\"@id\":\"https:\\\/\\\/www.webdo.tn\\\/fr\\\/actualite\\\/national\\\/abou-iyadh-condamne-a-60-ans-de-prison\\\/206556\\\/\"},\"author\":{\"name\":\"MC\",\"@id\":\"https:\\\/\\\/www.webdo.tn\\\/fr\\\/#\\\/schema\\\/person\\\/2c4929cbf5a809e3bd38617c6ce150f6\"},\"headline\":\"Abou Iyadh condamn\u00e9 \u00e0 60 ans de prison\",\"datePublished\":\"2023-06-13T12:05:00+00:00\",\"dateModified\":\"2025-05-20T21:59:04+00:00\",\"mainEntityOfPage\":{\"@id\":\"https:\\\/\\\/www.webdo.tn\\\/fr\\\/actualite\\\/national\\\/abou-iyadh-condamne-a-60-ans-de-prison\\\/206556\\\/\"},\"wordCount\":178,\"commentCount\":0,\"publisher\":{\"@id\":\"https:\\\/\\\/www.webdo.tn\\\/fr\\\/#organization\"},\"image\":{\"@id\":\"https:\\\/\\\/www.webdo.tn\\\/fr\\\/actualite\\\/national\\\/abou-iyadh-condamne-a-60-ans-de-prison\\\/206556\\\/#primaryimage\"},\"thumbnailUrl\":\"https:\\\/\\\/www.webdo.tn\\\/fr\\\/wp-content\\\/uploads\\\/2023\\\/06\\\/8055ca1ce6ae10e666c40e3a22ee82c8.jpg\",\"keywords\":[\"abou iyadh\",\"condamnation\"],\"articleSection\":[\"National\"],\"inLanguage\":\"fr-FR\"},{\"@type\":\"WebPage\",\"@id\":\"https:\\\/\\\/www.webdo.tn\\\/fr\\\/actualite\\\/national\\\/abou-iyadh-condamne-a-60-ans-de-prison\\\/206556\\\/\",\"url\":\"https:\\\/\\\/www.webdo.tn\\\/fr\\\/actualite\\\/national\\\/abou-iyadh-condamne-a-60-ans-de-prison\\\/206556\\\/\",\"name\":\"Abou Iyadh condamn\u00e9 \u00e0 60 ans de prison\",\"isPartOf\":{\"@id\":\"https:\\\/\\\/www.webdo.tn\\\/fr\\\/#website\"},\"primaryImageOfPage\":{\"@id\":\"https:\\\/\\\/www.webdo.tn\\\/fr\\\/actualite\\\/national\\\/abou-iyadh-condamne-a-60-ans-de-prison\\\/206556\\\/#primaryimage\"},\"image\":{\"@id\":\"https:\\\/\\\/www.webdo.tn\\\/fr\\\/actualite\\\/national\\\/abou-iyadh-condamne-a-60-ans-de-prison\\\/206556\\\/#primaryimage\"},\"thumbnailUrl\":\"https:\\\/\\\/www.webdo.tn\\\/fr\\\/wp-content\\\/uploads\\\/2023\\\/06\\\/8055ca1ce6ae10e666c40e3a22ee82c8.jpg\",\"datePublished\":\"2023-06-13T12:05:00+00:00\",\"dateModified\":\"2025-05-20T21:59:04+00:00\",\"description\":\"D\u00e9c\u00e9d\u00e9 en 2019, Seifallah Ben Hassine, alias Abou Iyadh , vient d\u2019\u00eatre condamn\u00e9 \u00e0 60 ans de prison par la justice tunisienne !\",\"breadcrumb\":{\"@id\":\"https:\\\/\\\/www.webdo.tn\\\/fr\\\/actualite\\\/national\\\/abou-iyadh-condamne-a-60-ans-de-prison\\\/206556\\\/#breadcrumb\"},\"inLanguage\":\"fr-FR\",\"potentialAction\":[{\"@type\":\"ReadAction\",\"target\":[\"https:\\\/\\\/www.webdo.tn\\\/fr\\\/actualite\\\/national\\\/abou-iyadh-condamne-a-60-ans-de-prison\\\/206556\\\/\"]}]},{\"@type\":\"ImageObject\",\"inLanguage\":\"fr-FR\",\"@id\":\"https:\\\/\\\/www.webdo.tn\\\/fr\\\/actualite\\\/national\\\/abou-iyadh-condamne-a-60-ans-de-prison\\\/206556\\\/#primaryimage\",\"url\":\"https:\\\/\\\/www.webdo.tn\\\/fr\\\/wp-content\\\/uploads\\\/2023\\\/06\\\/8055ca1ce6ae10e666c40e3a22ee82c8.jpg\",\"contentUrl\":\"https:\\\/\\\/www.webdo.tn\\\/fr\\\/wp-content\\\/uploads\\\/2023\\\/06\\\/8055ca1ce6ae10e666c40e3a22ee82c8.jpg\",\"width\":515,\"height\":275,\"caption\":\"Abou Iyadh condamn\u00e9 \u00e0 60 ans de prison\"},{\"@type\":\"BreadcrumbList\",\"@id\":\"https:\\\/\\\/www.webdo.tn\\\/fr\\\/actualite\\\/national\\\/abou-iyadh-condamne-a-60-ans-de-prison\\\/206556\\\/#breadcrumb\",\"itemListElement\":[{\"@type\":\"ListItem\",\"position\":1,\"name\":\"Accueil\",\"item\":\"https:\\\/\\\/www.webdo.tn\\\/fr\\\/\"},{\"@type\":\"ListItem\",\"position\":2,\"name\":\"Abou Iyadh condamn\u00e9 \u00e0 60 ans de prison\"}]},{\"@type\":\"WebSite\",\"@id\":\"https:\\\/\\\/www.webdo.tn\\\/fr\\\/#website\",\"url\":\"https:\\\/\\\/www.webdo.tn\\\/fr\\\/\",\"name\":\"webdo\",\"description\":\"Tunisie - News en Tunisie et \u00e0 l&#039;international sur Webdo.tn\",\"publisher\":{\"@id\":\"https:\\\/\\\/www.webdo.tn\\\/fr\\\/#organization\"},\"potentialAction\":[{\"@type\":\"SearchAction\",\"target\":{\"@type\":\"EntryPoint\",\"urlTemplate\":\"https:\\\/\\\/www.webdo.tn\\\/fr\\\/?s={search_term_string}\"},\"query-input\":{\"@type\":\"PropertyValueSpecification\",\"valueRequired\":true,\"valueName\":\"search_term_string\"}}],\"inLanguage\":\"fr-FR\"},{\"@type\":\"Organization\",\"@id\":\"https:\\\/\\\/www.webdo.tn\\\/fr\\\/#organization\",\"name\":\"Webdo\",\"alternateName\":\"Webdo.tn\",\"url\":\"https:\\\/\\\/www.webdo.tn\\\/fr\\\/\",\"logo\":{\"@type\":\"ImageObject\",\"inLanguage\":\"fr-FR\",\"@id\":\"https:\\\/\\\/www.webdo.tn\\\/fr\\\/#\\\/schema\\\/logo\\\/image\\\/\",\"url\":\"https:\\\/\\\/www.webdo.tn\\\/fr\\\/wp-content\\\/uploads\\\/2025\\\/06\\\/Webdo-Tunisie_168377.jpg\",\"contentUrl\":\"https:\\\/\\\/www.webdo.tn\\\/fr\\\/wp-content\\\/uploads\\\/2025\\\/06\\\/Webdo-Tunisie_168377.jpg\",\"width\":301,\"height\":301,\"caption\":\"Webdo\"},\"image\":{\"@id\":\"https:\\\/\\\/www.webdo.tn\\\/fr\\\/#\\\/schema\\\/logo\\\/image\\\/\"},\"sameAs\":[\"https:\\\/\\\/www.facebook.com\\\/webdotn\",\"https:\\\/\\\/x.com\\\/webdo_tn\"],\"description\":\"Webdo est un m\u00e9dia num\u00e9rique tunisien fond\u00e9 en 2010, sp\u00e9cialis\u00e9 dans l\u2019actualit\u00e9 nationale et internationale, l\u2019\u00e9conomie, la soci\u00e9t\u00e9 et les analyses politiques. Le site s\u2019adresse \u00e0 un large public francophone et couvre l\u2019information tunisienne en temps r\u00e9el.\",\"email\":\"redac@webdo.tn\",\"legalName\":\"YNJ SARL\",\"foundingDate\":\"2010-09-06\",\"numberOfEmployees\":{\"@type\":\"QuantitativeValue\",\"minValue\":\"11\",\"maxValue\":\"50\"}},{\"@type\":\"Person\",\"@id\":\"https:\\\/\\\/www.webdo.tn\\\/fr\\\/#\\\/schema\\\/person\\\/2c4929cbf5a809e3bd38617c6ce150f6\",\"name\":\"MC\",\"image\":{\"@type\":\"ImageObject\",\"inLanguage\":\"fr-FR\",\"@id\":\"https:\\\/\\\/secure.gravatar.com\\\/avatar\\\/a545bbb6f84efdd5553dbbc2895e3ca8f1d12c5215e00a041c9670b54aa9b18a?s=96&d=mm&r=g\",\"url\":\"https:\\\/\\\/secure.gravatar.com\\\/avatar\\\/a545bbb6f84efdd5553dbbc2895e3ca8f1d12c5215e00a041c9670b54aa9b18a?s=96&d=mm&r=g\",\"contentUrl\":\"https:\\\/\\\/secure.gravatar.com\\\/avatar\\\/a545bbb6f84efdd5553dbbc2895e3ca8f1d12c5215e00a041c9670b54aa9b18a?s=96&d=mm&r=g\",\"caption\":\"MC\"},\"url\":\"https:\\\/\\\/www.webdo.tn\\\/fr\\\/actualite\\\/author\\\/mc\\\/\"}]}<\/script>\n<!-- \/ Yoast SEO Premium plugin. -->","yoast_head_json":{"title":"Abou Iyadh condamn\u00e9 \u00e0 60 ans de prison","description":"D\u00e9c\u00e9d\u00e9 en 2019, Seifallah Ben Hassine, alias Abou Iyadh , vient d\u2019\u00eatre condamn\u00e9 \u00e0 60 ans de prison par la justice tunisienne !","canonical":"https:\/\/www.webdo.tn\/fr\/actualite\/national\/abou-iyadh-condamne-a-60-ans-de-prison\/206556\/","og_locale":"fr_FR","og_type":"article","og_title":"Abou Iyadh condamn\u00e9 \u00e0 60 ans de prison","og_description":"D\u00e9c\u00e9d\u00e9 en 2019, Seifallah Ben Hassine, alias Abou Iyadh , vient d\u2019\u00eatre condamn\u00e9 \u00e0 60 ans de prison par la justice tunisienne !","og_url":"https:\/\/www.webdo.tn\/fr\/actualite\/national\/abou-iyadh-condamne-a-60-ans-de-prison\/206556\/","og_site_name":"webdo","article_publisher":"https:\/\/www.facebook.com\/webdotn","article_published_time":"2023-06-13T12:05:00+00:00","article_modified_time":"2025-05-20T21:59:04+00:00","og_image":[{"width":515,"height":275,"url":"https:\/\/www.webdo.tn\/fr\/wp-content\/uploads\/2023\/06\/8055ca1ce6ae10e666c40e3a22ee82c8.jpg","type":"image\/jpeg"}],"author":"MC","twitter_card":"summary_large_image","twitter_creator":"@webdo_tn","twitter_site":"@webdo_tn","twitter_misc":{"\u00c9crit par":"MC","Dur\u00e9e de lecture estim\u00e9e":"1 minute"},"schema":{"@context":"https:\/\/schema.org","@graph":[{"@type":"NewsArticle","@id":"https:\/\/www.webdo.tn\/fr\/actualite\/national\/abou-iyadh-condamne-a-60-ans-de-prison\/206556\/#article","isPartOf":{"@id":"https:\/\/www.webdo.tn\/fr\/actualite\/national\/abou-iyadh-condamne-a-60-ans-de-prison\/206556\/"},"author":{"name":"MC","@id":"https:\/\/www.webdo.tn\/fr\/#\/schema\/person\/2c4929cbf5a809e3bd38617c6ce150f6"},"headline":"Abou Iyadh condamn\u00e9 \u00e0 60 ans de prison","datePublished":"2023-06-13T12:05:00+00:00","dateModified":"2025-05-20T21:59:04+00:00","mainEntityOfPage":{"@id":"https:\/\/www.webdo.tn\/fr\/actualite\/national\/abou-iyadh-condamne-a-60-ans-de-prison\/206556\/"},"wordCount":178,"commentCount":0,"publisher":{"@id":"https:\/\/www.webdo.tn\/fr\/#organization"},"image":{"@id":"https:\/\/www.webdo.tn\/fr\/actualite\/national\/abou-iyadh-condamne-a-60-ans-de-prison\/206556\/#primaryimage"},"thumbnailUrl":"https:\/\/www.webdo.tn\/fr\/wp-content\/uploads\/2023\/06\/8055ca1ce6ae10e666c40e3a22ee82c8.jpg","keywords":["abou iyadh","condamnation"],"articleSection":["National"],"inLanguage":"fr-FR"},{"@type":"WebPage","@id":"https:\/\/www.webdo.tn\/fr\/actualite\/national\/abou-iyadh-condamne-a-60-ans-de-prison\/206556\/","url":"https:\/\/www.webdo.tn\/fr\/actualite\/national\/abou-iyadh-condamne-a-60-ans-de-prison\/206556\/","name":"Abou Iyadh condamn\u00e9 \u00e0 60 ans de prison","isPartOf":{"@id":"https:\/\/www.webdo.tn\/fr\/#website"},"primaryImageOfPage":{"@id":"https:\/\/www.webdo.tn\/fr\/actualite\/national\/abou-iyadh-condamne-a-60-ans-de-prison\/206556\/#primaryimage"},"image":{"@id":"https:\/\/www.webdo.tn\/fr\/actualite\/national\/abou-iyadh-condamne-a-60-ans-de-prison\/206556\/#primaryimage"},"thumbnailUrl":"https:\/\/www.webdo.tn\/fr\/wp-content\/uploads\/2023\/06\/8055ca1ce6ae10e666c40e3a22ee82c8.jpg","datePublished":"2023-06-13T12:05:00+00:00","dateModified":"2025-05-20T21:59:04+00:00","description":"D\u00e9c\u00e9d\u00e9 en 2019, Seifallah Ben Hassine, alias Abou Iyadh , vient d\u2019\u00eatre condamn\u00e9 \u00e0 60 ans de prison par la justice tunisienne !","breadcrumb":{"@id":"https:\/\/www.webdo.tn\/fr\/actualite\/national\/abou-iyadh-condamne-a-60-ans-de-prison\/206556\/#breadcrumb"},"inLanguage":"fr-FR","potentialAction":[{"@type":"ReadAction","target":["https:\/\/www.webdo.tn\/fr\/actualite\/national\/abou-iyadh-condamne-a-60-ans-de-prison\/206556\/"]}]},{"@type":"ImageObject","inLanguage":"fr-FR","@id":"https:\/\/www.webdo.tn\/fr\/actualite\/national\/abou-iyadh-condamne-a-60-ans-de-prison\/206556\/#primaryimage","url":"https:\/\/www.webdo.tn\/fr\/wp-content\/uploads\/2023\/06\/8055ca1ce6ae10e666c40e3a22ee82c8.jpg","contentUrl":"https:\/\/www.webdo.tn\/fr\/wp-content\/uploads\/2023\/06\/8055ca1ce6ae10e666c40e3a22ee82c8.jpg","width":515,"height":275,"caption":"Abou Iyadh condamn\u00e9 \u00e0 60 ans de prison"},{"@type":"BreadcrumbList","@id":"https:\/\/www.webdo.tn\/fr\/actualite\/national\/abou-iyadh-condamne-a-60-ans-de-prison\/206556\/#breadcrumb","itemListElement":[{"@type":"ListItem","position":1,"name":"Accueil","item":"https:\/\/www.webdo.tn\/fr\/"},{"@type":"ListItem","position":2,"name":"Abou Iyadh condamn\u00e9 \u00e0 60 ans de prison"}]},{"@type":"WebSite","@id":"https:\/\/www.webdo.tn\/fr\/#website","url":"https:\/\/www.webdo.tn\/fr\/","name":"webdo","description":"Tunisie - News en Tunisie et \u00e0 l&#039;international sur Webdo.tn","publisher":{"@id":"https:\/\/www.webdo.tn\/fr\/#organization"},"potentialAction":[{"@type":"SearchAction","target":{"@type":"EntryPoint","urlTemplate":"https:\/\/www.webdo.tn\/fr\/?s={search_term_string}"},"query-input":{"@type":"PropertyValueSpecification","valueRequired":true,"valueName":"search_term_string"}}],"inLanguage":"fr-FR"},{"@type":"Organization","@id":"https:\/\/www.webdo.tn\/fr\/#organization","name":"Webdo","alternateName":"Webdo.tn","url":"https:\/\/www.webdo.tn\/fr\/","logo":{"@type":"ImageObject","inLanguage":"fr-FR","@id":"https:\/\/www.webdo.tn\/fr\/#\/schema\/logo\/image\/","url":"https:\/\/www.webdo.tn\/fr\/wp-content\/uploads\/2025\/06\/Webdo-Tunisie_168377.jpg","contentUrl":"https:\/\/www.webdo.tn\/fr\/wp-content\/uploads\/2025\/06\/Webdo-Tunisie_168377.jpg","width":301,"height":301,"caption":"Webdo"},"image":{"@id":"https:\/\/www.webdo.tn\/fr\/#\/schema\/logo\/image\/"},"sameAs":["https:\/\/www.facebook.com\/webdotn","https:\/\/x.com\/webdo_tn"],"description":"Webdo est un m\u00e9dia num\u00e9rique tunisien fond\u00e9 en 2010, sp\u00e9cialis\u00e9 dans l\u2019actualit\u00e9 nationale et internationale, l\u2019\u00e9conomie, la soci\u00e9t\u00e9 et les analyses politiques. Le site s\u2019adresse \u00e0 un large public francophone et couvre l\u2019information tunisienne en temps r\u00e9el.","email":"redac@webdo.tn","legalName":"YNJ SARL","foundingDate":"2010-09-06","numberOfEmployees":{"@type":"QuantitativeValue","minValue":"11","maxValue":"50"}},{"@type":"Person","@id":"https:\/\/www.webdo.tn\/fr\/#\/schema\/person\/2c4929cbf5a809e3bd38617c6ce150f6","name":"MC","image":{"@type":"ImageObject","inLanguage":"fr-FR","@id":"https:\/\/secure.gravatar.com\/avatar\/a545bbb6f84efdd5553dbbc2895e3ca8f1d12c5215e00a041c9670b54aa9b18a?s=96&d=mm&r=g","url":"https:\/\/secure.gravatar.com\/avatar\/a545bbb6f84efdd5553dbbc2895e3ca8f1d12c5215e00a041c9670b54aa9b18a?s=96&d=mm&r=g","contentUrl":"https:\/\/secure.gravatar.com\/avatar\/a545bbb6f84efdd5553dbbc2895e3ca8f1d12c5215e00a041c9670b54aa9b18a?s=96&d=mm&r=g","caption":"MC"},"url":"https:\/\/www.webdo.tn\/fr\/actualite\/author\/mc\/"}]}},"_links":{"self":[{"href":"https:\/\/www.webdo.tn\/fr\/wp-json\/wp\/v2\/posts\/206556","targetHints":{"allow":["GET"]}}],"collection":[{"href":"https:\/\/www.webdo.tn\/fr\/wp-json\/wp\/v2\/posts"}],"about":[{"href":"https:\/\/www.webdo.tn\/fr\/wp-json\/wp\/v2\/types\/post"}],"author":[{"embeddable":true,"href":"https:\/\/www.webdo.tn\/fr\/wp-json\/wp\/v2\/users\/3162"}],"replies":[{"embeddable":true,"href":"https:\/\/www.webdo.tn\/fr\/wp-json\/wp\/v2\/comments?post=206556"}],"version-history":[{"count":0,"href":"https:\/\/www.webdo.tn\/fr\/wp-json\/wp\/v2\/posts\/206556\/revisions"}],"wp:featuredmedia":[{"embeddable":true,"href":"https:\/\/www.webdo.tn\/fr\/wp-json\/wp\/v2\/media\/250885"}],"wp:attachment":[{"href":"https:\/\/www.webdo.tn\/fr\/wp-json\/wp\/v2\/media?parent=206556"}],"wp:term":[{"taxonomy":"category","embeddable":true,"href":"https:\/\/www.webdo.tn\/fr\/wp-json\/wp\/v2\/categories?post=206556"},{"taxonomy":"post_tag","embeddable":true,"href":"https:\/\/www.webdo.tn\/fr\/wp-json\/wp\/v2\/tags?post=206556"}],"curies":[{"name":"wp","href":"https:\/\/api.w.org\/{rel}","templated":true}]}}