{"id":206541,"date":"2023-06-12T19:21:00","date_gmt":"2023-06-12T19:21:00","guid":{"rendered":"https:\/\/www.webdo.tn\/fr\/blog\/les-etats-unis-appellent-la-tunisie-a-presenter-un-programme-reajuste-au-fmi\/206541\/"},"modified":"2025-05-20T22:42:47","modified_gmt":"2025-05-20T22:42:47","slug":"les-etats-unis-appellent-la-tunisie-a-presenter-un-programme-reajuste-au-fmi","status":"publish","type":"post","link":"https:\/\/www.webdo.tn\/fr\/actualite\/national\/les-etats-unis-appellent-la-tunisie-a-presenter-un-programme-reajuste-au-fmi\/206541\/","title":{"rendered":"Les Etats-Unis appellent la Tunisie \u00e0 pr\u00e9senter un programme r\u00e9ajust\u00e9 au FMI"},"content":{"rendered":"<p>Le Secr\u00e9taire d&rsquo;\u00c9tat des \u00c9tats-Unis Antony Blinken a appel\u00e9, lors d\u2019un briefing ce lundi 12 juin 2023, les autorit\u00e9s en Tunisie \u00e0 pr\u00e9senter un programme de r\u00e9formes r\u00e9ajust\u00e9 au Fonds mon\u00e9taire international (FMI).<\/p>\n<p>\t\t\t\t\t\t\t\t\tBlinken estime que la Tunisie doit pr\u00e9senter un nouveau cadre de r\u00e9formes \u00e0 l\u2019institution financi\u00e8res pr\u00e9cit\u00e9e, mais cela reste selon ses dires \u00ab une question souveraine \u00bb.\u00a0<\/p>\n<p>\u00ab La Tunisie doit conclure un accord avec le FMI pour \u00e9viter l\u2019effondrement de son \u00e9conomie \u00bb a-t-il insist\u00e9.\u00a0<\/p>\n<p>Le pr\u00e9sident R\u00e9publique avait estim\u00e9 que les conditions pos\u00e9es par le FMI \u00ab risquent de provoquer une d\u00e9stabilisation du pays \u00bb.\u00a0<\/p>\n<p>En effet, pour le chef de l&rsquo;Etat, les recommandations \u00e9manant de cette institution mon\u00e9taire risquent de conduire \u00e0 une d\u00e9stabilisation de la paix sociale.<\/p>\n<p>En contrepartie, Kais Sa\u00efed a \u00e9voqu\u00e9 la possibilit\u00e9 de proposer une nouvelle alternative celle de pr\u00e9lever des imp\u00f4ts \u00e0 ceux qui n&rsquo;ont pas besoin de subventionnement et ce dans le but d&rsquo;assurer un financement soutenu de la caisse de compensation.<\/p>\n","protected":false},"excerpt":{"rendered":"<p>Le Secr\u00e9taire d&rsquo;\u00c9tat des \u00c9tats-Unis Antony Blinken a appel\u00e9, lors d\u2019un briefing ce lundi 12 juin 2023, les autorit\u00e9s en Tunisie \u00e0 pr\u00e9senter un programme de r\u00e9fo&#8230;<\/p>\n","protected":false},"author":3175,"featured_media":250880,"comment_status":"open","ping_status":"closed","sticky":false,"template":"","format":"standard","meta":{"footnotes":""},"categories":[44],"tags":[3035,4233,2608],"class_list":["post-206541","post","type-post","status-publish","format-standard","has-post-thumbnail","hentry","category-national","tag-etats-unis","tag-fmi","tag-tunisie"],"yoast_head":"<!-- This site is optimized with the Yoast SEO Premium plugin v27.4 (Yoast SEO v27.5) - https:\/\/yoast.com\/product\/yoast-seo-premium-wordpress\/ -->\n<title>Les Etats-Unis appellent la Tunisie \u00e0 pr\u00e9senter un programme r\u00e9ajust\u00e9 au FMI<\/title>\n<meta name=\"description\" content=\"Le Secr\u00e9taire d&#039;\u00c9tat des \u00c9tats-Unis Antony Blinken a appel\u00e9, lors d\u2019un briefing ce lundi 12 juin 2023, les autorit\u00e9s en Tunisie \u00e0 pr\u00e9senter un programme de r\u00e9fo...\" \/>\n<link rel=\"canonical\" href=\"https:\/\/www.webdo.tn\/fr\/actualite\/national\/les-etats-unis-appellent-la-tunisie-a-presenter-un-programme-reajuste-au-fmi\/206541\/\" \/>\n<meta property=\"og:locale\" content=\"fr_FR\" \/>\n<meta property=\"og:type\" content=\"article\" \/>\n<meta property=\"og:title\" content=\"Les Etats-Unis appellent la Tunisie \u00e0 pr\u00e9senter un programme r\u00e9ajust\u00e9 au FMI\" \/>\n<meta property=\"og:description\" content=\"Le Secr\u00e9taire d&#039;\u00c9tat des \u00c9tats-Unis Antony Blinken a appel\u00e9, lors d\u2019un briefing ce lundi 12 juin 2023, les autorit\u00e9s en Tunisie \u00e0 pr\u00e9senter un programme de r\u00e9fo...\" \/>\n<meta property=\"og:url\" content=\"https:\/\/www.webdo.tn\/fr\/actualite\/national\/les-etats-unis-appellent-la-tunisie-a-presenter-un-programme-reajuste-au-fmi\/206541\/\" \/>\n<meta property=\"og:site_name\" content=\"webdo\" \/>\n<meta property=\"article:publisher\" content=\"https:\/\/www.facebook.com\/webdotn\" \/>\n<meta property=\"article:published_time\" content=\"2023-06-12T19:21:00+00:00\" \/>\n<meta property=\"article:modified_time\" content=\"2025-05-20T22:42:47+00:00\" \/>\n<meta property=\"og:image\" content=\"https:\/\/www.webdo.tn\/fr\/wp-content\/uploads\/2023\/06\/5c9e89d0052ead80b8c8fba18b1268fd.jpg\" \/>\n\t<meta property=\"og:image:width\" content=\"750\" \/>\n\t<meta property=\"og:image:height\" content=\"400\" \/>\n\t<meta property=\"og:image:type\" content=\"image\/jpeg\" \/>\n<meta name=\"author\" content=\"CL\" \/>\n<meta name=\"twitter:card\" content=\"summary_large_image\" \/>\n<meta name=\"twitter:creator\" content=\"@webdo_tn\" \/>\n<meta name=\"twitter:site\" content=\"@webdo_tn\" \/>\n<meta name=\"twitter:label1\" content=\"\u00c9crit par\" \/>\n\t<meta name=\"twitter:data1\" content=\"CL\" \/>\n\t<meta name=\"twitter:label2\" content=\"Dur\u00e9e de lecture estim\u00e9e\" \/>\n\t<meta name=\"twitter:data2\" content=\"1 minute\" \/>\n<script type=\"application\/ld+json\" class=\"yoast-schema-graph\">{\"@context\":\"https:\\\/\\\/schema.org\",\"@graph\":[{\"@type\":\"NewsArticle\",\"@id\":\"https:\\\/\\\/www.webdo.tn\\\/fr\\\/actualite\\\/national\\\/les-etats-unis-appellent-la-tunisie-a-presenter-un-programme-reajuste-au-fmi\\\/206541\\\/#article\",\"isPartOf\":{\"@id\":\"https:\\\/\\\/www.webdo.tn\\\/fr\\\/actualite\\\/national\\\/les-etats-unis-appellent-la-tunisie-a-presenter-un-programme-reajuste-au-fmi\\\/206541\\\/\"},\"author\":{\"name\":\"CL\",\"@id\":\"https:\\\/\\\/www.webdo.tn\\\/fr\\\/#\\\/schema\\\/person\\\/f35b42a42c5e2511bbd282959d6385cc\"},\"headline\":\"Les Etats-Unis appellent la Tunisie \u00e0 pr\u00e9senter un programme r\u00e9ajust\u00e9 au FMI\",\"datePublished\":\"2023-06-12T19:21:00+00:00\",\"dateModified\":\"2025-05-20T22:42:47+00:00\",\"mainEntityOfPage\":{\"@id\":\"https:\\\/\\\/www.webdo.tn\\\/fr\\\/actualite\\\/national\\\/les-etats-unis-appellent-la-tunisie-a-presenter-un-programme-reajuste-au-fmi\\\/206541\\\/\"},\"wordCount\":192,\"commentCount\":0,\"publisher\":{\"@id\":\"https:\\\/\\\/www.webdo.tn\\\/fr\\\/#organization\"},\"image\":{\"@id\":\"https:\\\/\\\/www.webdo.tn\\\/fr\\\/actualite\\\/national\\\/les-etats-unis-appellent-la-tunisie-a-presenter-un-programme-reajuste-au-fmi\\\/206541\\\/#primaryimage\"},\"thumbnailUrl\":\"https:\\\/\\\/www.webdo.tn\\\/fr\\\/wp-content\\\/uploads\\\/2023\\\/06\\\/5c9e89d0052ead80b8c8fba18b1268fd.jpg\",\"keywords\":[\"Etats-Unis\",\"FMI\",\"Tunisie\"],\"articleSection\":[\"National\"],\"inLanguage\":\"fr-FR\"},{\"@type\":\"WebPage\",\"@id\":\"https:\\\/\\\/www.webdo.tn\\\/fr\\\/actualite\\\/national\\\/les-etats-unis-appellent-la-tunisie-a-presenter-un-programme-reajuste-au-fmi\\\/206541\\\/\",\"url\":\"https:\\\/\\\/www.webdo.tn\\\/fr\\\/actualite\\\/national\\\/les-etats-unis-appellent-la-tunisie-a-presenter-un-programme-reajuste-au-fmi\\\/206541\\\/\",\"name\":\"Les Etats-Unis appellent la Tunisie \u00e0 pr\u00e9senter un programme r\u00e9ajust\u00e9 au FMI\",\"isPartOf\":{\"@id\":\"https:\\\/\\\/www.webdo.tn\\\/fr\\\/#website\"},\"primaryImageOfPage\":{\"@id\":\"https:\\\/\\\/www.webdo.tn\\\/fr\\\/actualite\\\/national\\\/les-etats-unis-appellent-la-tunisie-a-presenter-un-programme-reajuste-au-fmi\\\/206541\\\/#primaryimage\"},\"image\":{\"@id\":\"https:\\\/\\\/www.webdo.tn\\\/fr\\\/actualite\\\/national\\\/les-etats-unis-appellent-la-tunisie-a-presenter-un-programme-reajuste-au-fmi\\\/206541\\\/#primaryimage\"},\"thumbnailUrl\":\"https:\\\/\\\/www.webdo.tn\\\/fr\\\/wp-content\\\/uploads\\\/2023\\\/06\\\/5c9e89d0052ead80b8c8fba18b1268fd.jpg\",\"datePublished\":\"2023-06-12T19:21:00+00:00\",\"dateModified\":\"2025-05-20T22:42:47+00:00\",\"description\":\"Le Secr\u00e9taire d'\u00c9tat des \u00c9tats-Unis Antony Blinken a appel\u00e9, lors d\u2019un briefing ce lundi 12 juin 2023, les autorit\u00e9s en Tunisie \u00e0 pr\u00e9senter un programme de r\u00e9fo...\",\"breadcrumb\":{\"@id\":\"https:\\\/\\\/www.webdo.tn\\\/fr\\\/actualite\\\/national\\\/les-etats-unis-appellent-la-tunisie-a-presenter-un-programme-reajuste-au-fmi\\\/206541\\\/#breadcrumb\"},\"inLanguage\":\"fr-FR\",\"potentialAction\":[{\"@type\":\"ReadAction\",\"target\":[\"https:\\\/\\\/www.webdo.tn\\\/fr\\\/actualite\\\/national\\\/les-etats-unis-appellent-la-tunisie-a-presenter-un-programme-reajuste-au-fmi\\\/206541\\\/\"]}]},{\"@type\":\"ImageObject\",\"inLanguage\":\"fr-FR\",\"@id\":\"https:\\\/\\\/www.webdo.tn\\\/fr\\\/actualite\\\/national\\\/les-etats-unis-appellent-la-tunisie-a-presenter-un-programme-reajuste-au-fmi\\\/206541\\\/#primaryimage\",\"url\":\"https:\\\/\\\/www.webdo.tn\\\/fr\\\/wp-content\\\/uploads\\\/2023\\\/06\\\/5c9e89d0052ead80b8c8fba18b1268fd.jpg\",\"contentUrl\":\"https:\\\/\\\/www.webdo.tn\\\/fr\\\/wp-content\\\/uploads\\\/2023\\\/06\\\/5c9e89d0052ead80b8c8fba18b1268fd.jpg\",\"width\":750,\"height\":400,\"caption\":\"Les Etats-Unis appellent la Tunisie \u00e0 pr\u00e9senter un programme r\u00e9ajust\u00e9 au FMI\"},{\"@type\":\"BreadcrumbList\",\"@id\":\"https:\\\/\\\/www.webdo.tn\\\/fr\\\/actualite\\\/national\\\/les-etats-unis-appellent-la-tunisie-a-presenter-un-programme-reajuste-au-fmi\\\/206541\\\/#breadcrumb\",\"itemListElement\":[{\"@type\":\"ListItem\",\"position\":1,\"name\":\"Accueil\",\"item\":\"https:\\\/\\\/www.webdo.tn\\\/fr\\\/\"},{\"@type\":\"ListItem\",\"position\":2,\"name\":\"Les Etats-Unis appellent la Tunisie \u00e0 pr\u00e9senter un programme r\u00e9ajust\u00e9 au FMI\"}]},{\"@type\":\"WebSite\",\"@id\":\"https:\\\/\\\/www.webdo.tn\\\/fr\\\/#website\",\"url\":\"https:\\\/\\\/www.webdo.tn\\\/fr\\\/\",\"name\":\"webdo\",\"description\":\"Tunisie - News en Tunisie et \u00e0 l&#039;international sur Webdo.tn\",\"publisher\":{\"@id\":\"https:\\\/\\\/www.webdo.tn\\\/fr\\\/#organization\"},\"potentialAction\":[{\"@type\":\"SearchAction\",\"target\":{\"@type\":\"EntryPoint\",\"urlTemplate\":\"https:\\\/\\\/www.webdo.tn\\\/fr\\\/?s={search_term_string}\"},\"query-input\":{\"@type\":\"PropertyValueSpecification\",\"valueRequired\":true,\"valueName\":\"search_term_string\"}}],\"inLanguage\":\"fr-FR\"},{\"@type\":\"Organization\",\"@id\":\"https:\\\/\\\/www.webdo.tn\\\/fr\\\/#organization\",\"name\":\"Webdo\",\"alternateName\":\"Webdo.tn\",\"url\":\"https:\\\/\\\/www.webdo.tn\\\/fr\\\/\",\"logo\":{\"@type\":\"ImageObject\",\"inLanguage\":\"fr-FR\",\"@id\":\"https:\\\/\\\/www.webdo.tn\\\/fr\\\/#\\\/schema\\\/logo\\\/image\\\/\",\"url\":\"https:\\\/\\\/www.webdo.tn\\\/fr\\\/wp-content\\\/uploads\\\/2025\\\/06\\\/Webdo-Tunisie_168377.jpg\",\"contentUrl\":\"https:\\\/\\\/www.webdo.tn\\\/fr\\\/wp-content\\\/uploads\\\/2025\\\/06\\\/Webdo-Tunisie_168377.jpg\",\"width\":301,\"height\":301,\"caption\":\"Webdo\"},\"image\":{\"@id\":\"https:\\\/\\\/www.webdo.tn\\\/fr\\\/#\\\/schema\\\/logo\\\/image\\\/\"},\"sameAs\":[\"https:\\\/\\\/www.facebook.com\\\/webdotn\",\"https:\\\/\\\/x.com\\\/webdo_tn\"],\"description\":\"Webdo est un m\u00e9dia num\u00e9rique tunisien fond\u00e9 en 2010, sp\u00e9cialis\u00e9 dans l\u2019actualit\u00e9 nationale et internationale, l\u2019\u00e9conomie, la soci\u00e9t\u00e9 et les analyses politiques. Le site s\u2019adresse \u00e0 un large public francophone et couvre l\u2019information tunisienne en temps r\u00e9el.\",\"email\":\"redac@webdo.tn\",\"legalName\":\"YNJ SARL\",\"foundingDate\":\"2010-09-06\",\"numberOfEmployees\":{\"@type\":\"QuantitativeValue\",\"minValue\":\"11\",\"maxValue\":\"50\"}},{\"@type\":\"Person\",\"@id\":\"https:\\\/\\\/www.webdo.tn\\\/fr\\\/#\\\/schema\\\/person\\\/f35b42a42c5e2511bbd282959d6385cc\",\"name\":\"CL\",\"image\":{\"@type\":\"ImageObject\",\"inLanguage\":\"fr-FR\",\"@id\":\"https:\\\/\\\/secure.gravatar.com\\\/avatar\\\/1447a49909b67aa657c488aec6512e1dd6143a480c1ecfee9b5b5cd74eb3b59e?s=96&d=mm&r=g\",\"url\":\"https:\\\/\\\/secure.gravatar.com\\\/avatar\\\/1447a49909b67aa657c488aec6512e1dd6143a480c1ecfee9b5b5cd74eb3b59e?s=96&d=mm&r=g\",\"contentUrl\":\"https:\\\/\\\/secure.gravatar.com\\\/avatar\\\/1447a49909b67aa657c488aec6512e1dd6143a480c1ecfee9b5b5cd74eb3b59e?s=96&d=mm&r=g\",\"caption\":\"CL\"},\"url\":\"https:\\\/\\\/www.webdo.tn\\\/fr\\\/actualite\\\/author\\\/cl\\\/\"}]}<\/script>\n<!-- \/ Yoast SEO Premium plugin. -->","yoast_head_json":{"title":"Les Etats-Unis appellent la Tunisie \u00e0 pr\u00e9senter un programme r\u00e9ajust\u00e9 au FMI","description":"Le Secr\u00e9taire d'\u00c9tat des \u00c9tats-Unis Antony Blinken a appel\u00e9, lors d\u2019un briefing ce lundi 12 juin 2023, les autorit\u00e9s en Tunisie \u00e0 pr\u00e9senter un programme de r\u00e9fo...","canonical":"https:\/\/www.webdo.tn\/fr\/actualite\/national\/les-etats-unis-appellent-la-tunisie-a-presenter-un-programme-reajuste-au-fmi\/206541\/","og_locale":"fr_FR","og_type":"article","og_title":"Les Etats-Unis appellent la Tunisie \u00e0 pr\u00e9senter un programme r\u00e9ajust\u00e9 au FMI","og_description":"Le Secr\u00e9taire d'\u00c9tat des \u00c9tats-Unis Antony Blinken a appel\u00e9, lors d\u2019un briefing ce lundi 12 juin 2023, les autorit\u00e9s en Tunisie \u00e0 pr\u00e9senter un programme de r\u00e9fo...","og_url":"https:\/\/www.webdo.tn\/fr\/actualite\/national\/les-etats-unis-appellent-la-tunisie-a-presenter-un-programme-reajuste-au-fmi\/206541\/","og_site_name":"webdo","article_publisher":"https:\/\/www.facebook.com\/webdotn","article_published_time":"2023-06-12T19:21:00+00:00","article_modified_time":"2025-05-20T22:42:47+00:00","og_image":[{"width":750,"height":400,"url":"https:\/\/www.webdo.tn\/fr\/wp-content\/uploads\/2023\/06\/5c9e89d0052ead80b8c8fba18b1268fd.jpg","type":"image\/jpeg"}],"author":"CL","twitter_card":"summary_large_image","twitter_creator":"@webdo_tn","twitter_site":"@webdo_tn","twitter_misc":{"\u00c9crit par":"CL","Dur\u00e9e de lecture estim\u00e9e":"1 minute"},"schema":{"@context":"https:\/\/schema.org","@graph":[{"@type":"NewsArticle","@id":"https:\/\/www.webdo.tn\/fr\/actualite\/national\/les-etats-unis-appellent-la-tunisie-a-presenter-un-programme-reajuste-au-fmi\/206541\/#article","isPartOf":{"@id":"https:\/\/www.webdo.tn\/fr\/actualite\/national\/les-etats-unis-appellent-la-tunisie-a-presenter-un-programme-reajuste-au-fmi\/206541\/"},"author":{"name":"CL","@id":"https:\/\/www.webdo.tn\/fr\/#\/schema\/person\/f35b42a42c5e2511bbd282959d6385cc"},"headline":"Les Etats-Unis appellent la Tunisie \u00e0 pr\u00e9senter un programme r\u00e9ajust\u00e9 au FMI","datePublished":"2023-06-12T19:21:00+00:00","dateModified":"2025-05-20T22:42:47+00:00","mainEntityOfPage":{"@id":"https:\/\/www.webdo.tn\/fr\/actualite\/national\/les-etats-unis-appellent-la-tunisie-a-presenter-un-programme-reajuste-au-fmi\/206541\/"},"wordCount":192,"commentCount":0,"publisher":{"@id":"https:\/\/www.webdo.tn\/fr\/#organization"},"image":{"@id":"https:\/\/www.webdo.tn\/fr\/actualite\/national\/les-etats-unis-appellent-la-tunisie-a-presenter-un-programme-reajuste-au-fmi\/206541\/#primaryimage"},"thumbnailUrl":"https:\/\/www.webdo.tn\/fr\/wp-content\/uploads\/2023\/06\/5c9e89d0052ead80b8c8fba18b1268fd.jpg","keywords":["Etats-Unis","FMI","Tunisie"],"articleSection":["National"],"inLanguage":"fr-FR"},{"@type":"WebPage","@id":"https:\/\/www.webdo.tn\/fr\/actualite\/national\/les-etats-unis-appellent-la-tunisie-a-presenter-un-programme-reajuste-au-fmi\/206541\/","url":"https:\/\/www.webdo.tn\/fr\/actualite\/national\/les-etats-unis-appellent-la-tunisie-a-presenter-un-programme-reajuste-au-fmi\/206541\/","name":"Les Etats-Unis appellent la Tunisie \u00e0 pr\u00e9senter un programme r\u00e9ajust\u00e9 au FMI","isPartOf":{"@id":"https:\/\/www.webdo.tn\/fr\/#website"},"primaryImageOfPage":{"@id":"https:\/\/www.webdo.tn\/fr\/actualite\/national\/les-etats-unis-appellent-la-tunisie-a-presenter-un-programme-reajuste-au-fmi\/206541\/#primaryimage"},"image":{"@id":"https:\/\/www.webdo.tn\/fr\/actualite\/national\/les-etats-unis-appellent-la-tunisie-a-presenter-un-programme-reajuste-au-fmi\/206541\/#primaryimage"},"thumbnailUrl":"https:\/\/www.webdo.tn\/fr\/wp-content\/uploads\/2023\/06\/5c9e89d0052ead80b8c8fba18b1268fd.jpg","datePublished":"2023-06-12T19:21:00+00:00","dateModified":"2025-05-20T22:42:47+00:00","description":"Le Secr\u00e9taire d'\u00c9tat des \u00c9tats-Unis Antony Blinken a appel\u00e9, lors d\u2019un briefing ce lundi 12 juin 2023, les autorit\u00e9s en Tunisie \u00e0 pr\u00e9senter un programme de r\u00e9fo...","breadcrumb":{"@id":"https:\/\/www.webdo.tn\/fr\/actualite\/national\/les-etats-unis-appellent-la-tunisie-a-presenter-un-programme-reajuste-au-fmi\/206541\/#breadcrumb"},"inLanguage":"fr-FR","potentialAction":[{"@type":"ReadAction","target":["https:\/\/www.webdo.tn\/fr\/actualite\/national\/les-etats-unis-appellent-la-tunisie-a-presenter-un-programme-reajuste-au-fmi\/206541\/"]}]},{"@type":"ImageObject","inLanguage":"fr-FR","@id":"https:\/\/www.webdo.tn\/fr\/actualite\/national\/les-etats-unis-appellent-la-tunisie-a-presenter-un-programme-reajuste-au-fmi\/206541\/#primaryimage","url":"https:\/\/www.webdo.tn\/fr\/wp-content\/uploads\/2023\/06\/5c9e89d0052ead80b8c8fba18b1268fd.jpg","contentUrl":"https:\/\/www.webdo.tn\/fr\/wp-content\/uploads\/2023\/06\/5c9e89d0052ead80b8c8fba18b1268fd.jpg","width":750,"height":400,"caption":"Les Etats-Unis appellent la Tunisie \u00e0 pr\u00e9senter un programme r\u00e9ajust\u00e9 au FMI"},{"@type":"BreadcrumbList","@id":"https:\/\/www.webdo.tn\/fr\/actualite\/national\/les-etats-unis-appellent-la-tunisie-a-presenter-un-programme-reajuste-au-fmi\/206541\/#breadcrumb","itemListElement":[{"@type":"ListItem","position":1,"name":"Accueil","item":"https:\/\/www.webdo.tn\/fr\/"},{"@type":"ListItem","position":2,"name":"Les Etats-Unis appellent la Tunisie \u00e0 pr\u00e9senter un programme r\u00e9ajust\u00e9 au FMI"}]},{"@type":"WebSite","@id":"https:\/\/www.webdo.tn\/fr\/#website","url":"https:\/\/www.webdo.tn\/fr\/","name":"webdo","description":"Tunisie - News en Tunisie et \u00e0 l&#039;international sur Webdo.tn","publisher":{"@id":"https:\/\/www.webdo.tn\/fr\/#organization"},"potentialAction":[{"@type":"SearchAction","target":{"@type":"EntryPoint","urlTemplate":"https:\/\/www.webdo.tn\/fr\/?s={search_term_string}"},"query-input":{"@type":"PropertyValueSpecification","valueRequired":true,"valueName":"search_term_string"}}],"inLanguage":"fr-FR"},{"@type":"Organization","@id":"https:\/\/www.webdo.tn\/fr\/#organization","name":"Webdo","alternateName":"Webdo.tn","url":"https:\/\/www.webdo.tn\/fr\/","logo":{"@type":"ImageObject","inLanguage":"fr-FR","@id":"https:\/\/www.webdo.tn\/fr\/#\/schema\/logo\/image\/","url":"https:\/\/www.webdo.tn\/fr\/wp-content\/uploads\/2025\/06\/Webdo-Tunisie_168377.jpg","contentUrl":"https:\/\/www.webdo.tn\/fr\/wp-content\/uploads\/2025\/06\/Webdo-Tunisie_168377.jpg","width":301,"height":301,"caption":"Webdo"},"image":{"@id":"https:\/\/www.webdo.tn\/fr\/#\/schema\/logo\/image\/"},"sameAs":["https:\/\/www.facebook.com\/webdotn","https:\/\/x.com\/webdo_tn"],"description":"Webdo est un m\u00e9dia num\u00e9rique tunisien fond\u00e9 en 2010, sp\u00e9cialis\u00e9 dans l\u2019actualit\u00e9 nationale et internationale, l\u2019\u00e9conomie, la soci\u00e9t\u00e9 et les analyses politiques. Le site s\u2019adresse \u00e0 un large public francophone et couvre l\u2019information tunisienne en temps r\u00e9el.","email":"redac@webdo.tn","legalName":"YNJ SARL","foundingDate":"2010-09-06","numberOfEmployees":{"@type":"QuantitativeValue","minValue":"11","maxValue":"50"}},{"@type":"Person","@id":"https:\/\/www.webdo.tn\/fr\/#\/schema\/person\/f35b42a42c5e2511bbd282959d6385cc","name":"CL","image":{"@type":"ImageObject","inLanguage":"fr-FR","@id":"https:\/\/secure.gravatar.com\/avatar\/1447a49909b67aa657c488aec6512e1dd6143a480c1ecfee9b5b5cd74eb3b59e?s=96&d=mm&r=g","url":"https:\/\/secure.gravatar.com\/avatar\/1447a49909b67aa657c488aec6512e1dd6143a480c1ecfee9b5b5cd74eb3b59e?s=96&d=mm&r=g","contentUrl":"https:\/\/secure.gravatar.com\/avatar\/1447a49909b67aa657c488aec6512e1dd6143a480c1ecfee9b5b5cd74eb3b59e?s=96&d=mm&r=g","caption":"CL"},"url":"https:\/\/www.webdo.tn\/fr\/actualite\/author\/cl\/"}]}},"_links":{"self":[{"href":"https:\/\/www.webdo.tn\/fr\/wp-json\/wp\/v2\/posts\/206541","targetHints":{"allow":["GET"]}}],"collection":[{"href":"https:\/\/www.webdo.tn\/fr\/wp-json\/wp\/v2\/posts"}],"about":[{"href":"https:\/\/www.webdo.tn\/fr\/wp-json\/wp\/v2\/types\/post"}],"author":[{"embeddable":true,"href":"https:\/\/www.webdo.tn\/fr\/wp-json\/wp\/v2\/users\/3175"}],"replies":[{"embeddable":true,"href":"https:\/\/www.webdo.tn\/fr\/wp-json\/wp\/v2\/comments?post=206541"}],"version-history":[{"count":0,"href":"https:\/\/www.webdo.tn\/fr\/wp-json\/wp\/v2\/posts\/206541\/revisions"}],"wp:featuredmedia":[{"embeddable":true,"href":"https:\/\/www.webdo.tn\/fr\/wp-json\/wp\/v2\/media\/250880"}],"wp:attachment":[{"href":"https:\/\/www.webdo.tn\/fr\/wp-json\/wp\/v2\/media?parent=206541"}],"wp:term":[{"taxonomy":"category","embeddable":true,"href":"https:\/\/www.webdo.tn\/fr\/wp-json\/wp\/v2\/categories?post=206541"},{"taxonomy":"post_tag","embeddable":true,"href":"https:\/\/www.webdo.tn\/fr\/wp-json\/wp\/v2\/tags?post=206541"}],"curies":[{"name":"wp","href":"https:\/\/api.w.org\/{rel}","templated":true}]}}