{"id":206535,"date":"2023-06-12T14:44:00","date_gmt":"2023-06-12T14:44:00","guid":{"rendered":"https:\/\/www.webdo.tn\/fr\/blog\/le-spectacle-mahfel-de-fadhel-jaziri-en-ouverture-du-festival-de-carthage\/206535\/"},"modified":"2025-05-20T22:09:17","modified_gmt":"2025-05-20T22:09:17","slug":"le-spectacle-mahfel-de-fadhel-jaziri-en-ouverture-du-festival-de-carthage","status":"publish","type":"post","link":"https:\/\/www.webdo.tn\/fr\/actualite\/culture\/le-spectacle-mahfel-de-fadhel-jaziri-en-ouverture-du-festival-de-carthage\/206535\/","title":{"rendered":"Le spectacle \u00ab\u00a0Mahfel\u00a0\u00bb de Fadhel Jaziri en ouverture du Festival de Carthage"},"content":{"rendered":"<p>La 57\u00e8me \u00e9dition du Festival international de Carthage se tiendra du 14 juillet au 19 ao\u00fbt 2023.<\/p>\n<p>\t\t\t\t\t\t\t\t\tA ce titre, le comit\u00e9 du Festival a annonc\u00e9 que l&rsquo;ouverture sera assur\u00e9e le 14 juillet par le spectacle \u00ab\u00a0Mahfel\u00a0\u00bb du dramaturge Mohamed Fadhel Jaziri.<\/p>\n<p>Comme il annonce la pr\u00e9sence de nombreux artistes tunisiens et internationaux \u00e0 l\u2019instar des Egyptiens Ahmad Saad et Mohamed Hamaki, du chanteur britannique Rag&rsquo;n Bone Man, du groupe palestinien \u00ab\u00a0Trio Jebrane\u00a0\u00bb, du groupe turc \u00ab\u00a0Trio Taksim\u00a0\u00bb et de l\u2019artiste tunisien Saber Reba\u00ef.<\/p>\n","protected":false},"excerpt":{"rendered":"<p>La 57\u00e8me \u00e9dition du Festival international de Carthage se tiendra du 14 juillet au 19 ao\u00fbt 2023.<\/p>\n","protected":false},"author":3162,"featured_media":278351,"comment_status":"open","ping_status":"closed","sticky":false,"template":"","format":"standard","meta":{"footnotes":""},"categories":[2594],"tags":[9551,8072],"class_list":["post-206535","post","type-post","status-publish","format-standard","has-post-thumbnail","hentry","category-culture","tag-fadhel-jaziri","tag-festival-de-carthage"],"yoast_head":"<!-- This site is optimized with the Yoast SEO Premium plugin v27.4 (Yoast SEO v27.4) - https:\/\/yoast.com\/product\/yoast-seo-premium-wordpress\/ -->\n<title>Le spectacle Mahfel de Fadhel Jaziri en ouverture du Festival de Carthage<\/title>\n<meta name=\"description\" content=\"La 57\u00e8me \u00e9dition du Festival international de Carthage se tiendra du 14 juillet au 19 ao\u00fbt 2023.\" \/>\n<link rel=\"canonical\" href=\"https:\/\/www.webdo.tn\/fr\/actualite\/culture\/le-spectacle-mahfel-de-fadhel-jaziri-en-ouverture-du-festival-de-carthage\/206535\/\" \/>\n<meta property=\"og:locale\" content=\"fr_FR\" \/>\n<meta property=\"og:type\" content=\"article\" \/>\n<meta property=\"og:title\" content=\"Le spectacle &quot;Mahfel&quot; de Fadhel Jaziri en ouverture du Festival de Carthage\" \/>\n<meta property=\"og:description\" content=\"La 57\u00e8me \u00e9dition du Festival international de Carthage se tiendra du 14 juillet au 19 ao\u00fbt 2023.\" \/>\n<meta property=\"og:url\" content=\"https:\/\/www.webdo.tn\/fr\/actualite\/culture\/le-spectacle-mahfel-de-fadhel-jaziri-en-ouverture-du-festival-de-carthage\/206535\/\" \/>\n<meta property=\"og:site_name\" content=\"webdo\" \/>\n<meta property=\"article:publisher\" content=\"https:\/\/www.facebook.com\/webdotn\" \/>\n<meta property=\"article:published_time\" content=\"2023-06-12T14:44:00+00:00\" \/>\n<meta property=\"article:modified_time\" content=\"2025-05-20T22:09:17+00:00\" \/>\n<meta property=\"og:image\" content=\"https:\/\/www.webdo.tn\/fr\/wp-content\/uploads\/2023\/06\/ddae2813bd934a6078e9c388b528e809.jpg\" \/>\n\t<meta property=\"og:image:width\" content=\"750\" \/>\n\t<meta property=\"og:image:height\" content=\"400\" \/>\n\t<meta property=\"og:image:type\" content=\"image\/jpeg\" \/>\n<meta name=\"author\" content=\"MC\" \/>\n<meta name=\"twitter:card\" content=\"summary_large_image\" \/>\n<meta name=\"twitter:creator\" content=\"@webdo_tn\" \/>\n<meta name=\"twitter:site\" content=\"@webdo_tn\" \/>\n<meta name=\"twitter:label1\" content=\"\u00c9crit par\" \/>\n\t<meta name=\"twitter:data1\" content=\"MC\" \/>\n<script type=\"application\/ld+json\" class=\"yoast-schema-graph\">{\"@context\":\"https:\\\/\\\/schema.org\",\"@graph\":[{\"@type\":\"NewsArticle\",\"@id\":\"https:\\\/\\\/www.webdo.tn\\\/fr\\\/actualite\\\/culture\\\/le-spectacle-mahfel-de-fadhel-jaziri-en-ouverture-du-festival-de-carthage\\\/206535\\\/#article\",\"isPartOf\":{\"@id\":\"https:\\\/\\\/www.webdo.tn\\\/fr\\\/actualite\\\/culture\\\/le-spectacle-mahfel-de-fadhel-jaziri-en-ouverture-du-festival-de-carthage\\\/206535\\\/\"},\"author\":{\"name\":\"MC\",\"@id\":\"https:\\\/\\\/www.webdo.tn\\\/fr\\\/#\\\/schema\\\/person\\\/2c4929cbf5a809e3bd38617c6ce150f6\"},\"headline\":\"Le spectacle \u00ab\u00a0Mahfel\u00a0\u00bb de Fadhel Jaziri en ouverture du Festival de Carthage\",\"datePublished\":\"2023-06-12T14:44:00+00:00\",\"dateModified\":\"2025-05-20T22:09:17+00:00\",\"mainEntityOfPage\":{\"@id\":\"https:\\\/\\\/www.webdo.tn\\\/fr\\\/actualite\\\/culture\\\/le-spectacle-mahfel-de-fadhel-jaziri-en-ouverture-du-festival-de-carthage\\\/206535\\\/\"},\"wordCount\":98,\"commentCount\":0,\"publisher\":{\"@id\":\"https:\\\/\\\/www.webdo.tn\\\/fr\\\/#organization\"},\"image\":{\"@id\":\"https:\\\/\\\/www.webdo.tn\\\/fr\\\/actualite\\\/culture\\\/le-spectacle-mahfel-de-fadhel-jaziri-en-ouverture-du-festival-de-carthage\\\/206535\\\/#primaryimage\"},\"thumbnailUrl\":\"https:\\\/\\\/www.webdo.tn\\\/fr\\\/wp-content\\\/uploads\\\/2023\\\/06\\\/ddae2813bd934a6078e9c388b528e809.jpg\",\"keywords\":[\"fadhel jaziri\",\"Festival de Carthage\"],\"articleSection\":[\"Culture\"],\"inLanguage\":\"fr-FR\"},{\"@type\":\"WebPage\",\"@id\":\"https:\\\/\\\/www.webdo.tn\\\/fr\\\/actualite\\\/culture\\\/le-spectacle-mahfel-de-fadhel-jaziri-en-ouverture-du-festival-de-carthage\\\/206535\\\/\",\"url\":\"https:\\\/\\\/www.webdo.tn\\\/fr\\\/actualite\\\/culture\\\/le-spectacle-mahfel-de-fadhel-jaziri-en-ouverture-du-festival-de-carthage\\\/206535\\\/\",\"name\":\"Le spectacle Mahfel de Fadhel Jaziri en ouverture du Festival de Carthage\",\"isPartOf\":{\"@id\":\"https:\\\/\\\/www.webdo.tn\\\/fr\\\/#website\"},\"primaryImageOfPage\":{\"@id\":\"https:\\\/\\\/www.webdo.tn\\\/fr\\\/actualite\\\/culture\\\/le-spectacle-mahfel-de-fadhel-jaziri-en-ouverture-du-festival-de-carthage\\\/206535\\\/#primaryimage\"},\"image\":{\"@id\":\"https:\\\/\\\/www.webdo.tn\\\/fr\\\/actualite\\\/culture\\\/le-spectacle-mahfel-de-fadhel-jaziri-en-ouverture-du-festival-de-carthage\\\/206535\\\/#primaryimage\"},\"thumbnailUrl\":\"https:\\\/\\\/www.webdo.tn\\\/fr\\\/wp-content\\\/uploads\\\/2023\\\/06\\\/ddae2813bd934a6078e9c388b528e809.jpg\",\"datePublished\":\"2023-06-12T14:44:00+00:00\",\"dateModified\":\"2025-05-20T22:09:17+00:00\",\"description\":\"La 57\u00e8me \u00e9dition du Festival international de Carthage se tiendra du 14 juillet au 19 ao\u00fbt 2023.\",\"breadcrumb\":{\"@id\":\"https:\\\/\\\/www.webdo.tn\\\/fr\\\/actualite\\\/culture\\\/le-spectacle-mahfel-de-fadhel-jaziri-en-ouverture-du-festival-de-carthage\\\/206535\\\/#breadcrumb\"},\"inLanguage\":\"fr-FR\",\"potentialAction\":[{\"@type\":\"ReadAction\",\"target\":[\"https:\\\/\\\/www.webdo.tn\\\/fr\\\/actualite\\\/culture\\\/le-spectacle-mahfel-de-fadhel-jaziri-en-ouverture-du-festival-de-carthage\\\/206535\\\/\"]}]},{\"@type\":\"ImageObject\",\"inLanguage\":\"fr-FR\",\"@id\":\"https:\\\/\\\/www.webdo.tn\\\/fr\\\/actualite\\\/culture\\\/le-spectacle-mahfel-de-fadhel-jaziri-en-ouverture-du-festival-de-carthage\\\/206535\\\/#primaryimage\",\"url\":\"https:\\\/\\\/www.webdo.tn\\\/fr\\\/wp-content\\\/uploads\\\/2023\\\/06\\\/ddae2813bd934a6078e9c388b528e809.jpg\",\"contentUrl\":\"https:\\\/\\\/www.webdo.tn\\\/fr\\\/wp-content\\\/uploads\\\/2023\\\/06\\\/ddae2813bd934a6078e9c388b528e809.jpg\",\"width\":750,\"height\":400,\"caption\":\"Le spectacle \\\"Mahfel\\\" de Fadhel Jaziri en ouverture du Festival de Carthage\"},{\"@type\":\"BreadcrumbList\",\"@id\":\"https:\\\/\\\/www.webdo.tn\\\/fr\\\/actualite\\\/culture\\\/le-spectacle-mahfel-de-fadhel-jaziri-en-ouverture-du-festival-de-carthage\\\/206535\\\/#breadcrumb\",\"itemListElement\":[{\"@type\":\"ListItem\",\"position\":1,\"name\":\"Accueil\",\"item\":\"https:\\\/\\\/www.webdo.tn\\\/fr\\\/\"},{\"@type\":\"ListItem\",\"position\":2,\"name\":\"Le spectacle \u00ab\u00a0Mahfel\u00a0\u00bb de Fadhel Jaziri en ouverture du Festival de Carthage\"}]},{\"@type\":\"WebSite\",\"@id\":\"https:\\\/\\\/www.webdo.tn\\\/fr\\\/#website\",\"url\":\"https:\\\/\\\/www.webdo.tn\\\/fr\\\/\",\"name\":\"webdo\",\"description\":\"Tunisie - News en Tunisie et \u00e0 l&#039;international sur Webdo.tn\",\"publisher\":{\"@id\":\"https:\\\/\\\/www.webdo.tn\\\/fr\\\/#organization\"},\"potentialAction\":[{\"@type\":\"SearchAction\",\"target\":{\"@type\":\"EntryPoint\",\"urlTemplate\":\"https:\\\/\\\/www.webdo.tn\\\/fr\\\/?s={search_term_string}\"},\"query-input\":{\"@type\":\"PropertyValueSpecification\",\"valueRequired\":true,\"valueName\":\"search_term_string\"}}],\"inLanguage\":\"fr-FR\"},{\"@type\":\"Organization\",\"@id\":\"https:\\\/\\\/www.webdo.tn\\\/fr\\\/#organization\",\"name\":\"Webdo\",\"alternateName\":\"Webdo.tn\",\"url\":\"https:\\\/\\\/www.webdo.tn\\\/fr\\\/\",\"logo\":{\"@type\":\"ImageObject\",\"inLanguage\":\"fr-FR\",\"@id\":\"https:\\\/\\\/www.webdo.tn\\\/fr\\\/#\\\/schema\\\/logo\\\/image\\\/\",\"url\":\"https:\\\/\\\/www.webdo.tn\\\/fr\\\/wp-content\\\/uploads\\\/2025\\\/06\\\/Webdo-Tunisie_168377.jpg\",\"contentUrl\":\"https:\\\/\\\/www.webdo.tn\\\/fr\\\/wp-content\\\/uploads\\\/2025\\\/06\\\/Webdo-Tunisie_168377.jpg\",\"width\":301,\"height\":301,\"caption\":\"Webdo\"},\"image\":{\"@id\":\"https:\\\/\\\/www.webdo.tn\\\/fr\\\/#\\\/schema\\\/logo\\\/image\\\/\"},\"sameAs\":[\"https:\\\/\\\/www.facebook.com\\\/webdotn\",\"https:\\\/\\\/x.com\\\/webdo_tn\"],\"description\":\"Webdo est un m\u00e9dia num\u00e9rique tunisien fond\u00e9 en 2010, sp\u00e9cialis\u00e9 dans l\u2019actualit\u00e9 nationale et internationale, l\u2019\u00e9conomie, la soci\u00e9t\u00e9 et les analyses politiques. Le site s\u2019adresse \u00e0 un large public francophone et couvre l\u2019information tunisienne en temps r\u00e9el.\",\"email\":\"redac@webdo.tn\",\"legalName\":\"YNJ SARL\",\"foundingDate\":\"2010-09-06\",\"numberOfEmployees\":{\"@type\":\"QuantitativeValue\",\"minValue\":\"11\",\"maxValue\":\"50\"}},{\"@type\":\"Person\",\"@id\":\"https:\\\/\\\/www.webdo.tn\\\/fr\\\/#\\\/schema\\\/person\\\/2c4929cbf5a809e3bd38617c6ce150f6\",\"name\":\"MC\",\"image\":{\"@type\":\"ImageObject\",\"inLanguage\":\"fr-FR\",\"@id\":\"https:\\\/\\\/secure.gravatar.com\\\/avatar\\\/a545bbb6f84efdd5553dbbc2895e3ca8f1d12c5215e00a041c9670b54aa9b18a?s=96&d=mm&r=g\",\"url\":\"https:\\\/\\\/secure.gravatar.com\\\/avatar\\\/a545bbb6f84efdd5553dbbc2895e3ca8f1d12c5215e00a041c9670b54aa9b18a?s=96&d=mm&r=g\",\"contentUrl\":\"https:\\\/\\\/secure.gravatar.com\\\/avatar\\\/a545bbb6f84efdd5553dbbc2895e3ca8f1d12c5215e00a041c9670b54aa9b18a?s=96&d=mm&r=g\",\"caption\":\"MC\"},\"url\":\"https:\\\/\\\/www.webdo.tn\\\/fr\\\/actualite\\\/author\\\/mc\\\/\"}]}<\/script>\n<!-- \/ Yoast SEO Premium plugin. -->","yoast_head_json":{"title":"Le spectacle Mahfel de Fadhel Jaziri en ouverture du Festival de Carthage","description":"La 57\u00e8me \u00e9dition du Festival international de Carthage se tiendra du 14 juillet au 19 ao\u00fbt 2023.","canonical":"https:\/\/www.webdo.tn\/fr\/actualite\/culture\/le-spectacle-mahfel-de-fadhel-jaziri-en-ouverture-du-festival-de-carthage\/206535\/","og_locale":"fr_FR","og_type":"article","og_title":"Le spectacle \"Mahfel\" de Fadhel Jaziri en ouverture du Festival de Carthage","og_description":"La 57\u00e8me \u00e9dition du Festival international de Carthage se tiendra du 14 juillet au 19 ao\u00fbt 2023.","og_url":"https:\/\/www.webdo.tn\/fr\/actualite\/culture\/le-spectacle-mahfel-de-fadhel-jaziri-en-ouverture-du-festival-de-carthage\/206535\/","og_site_name":"webdo","article_publisher":"https:\/\/www.facebook.com\/webdotn","article_published_time":"2023-06-12T14:44:00+00:00","article_modified_time":"2025-05-20T22:09:17+00:00","og_image":[{"width":750,"height":400,"url":"https:\/\/www.webdo.tn\/fr\/wp-content\/uploads\/2023\/06\/ddae2813bd934a6078e9c388b528e809.jpg","type":"image\/jpeg"}],"author":"MC","twitter_card":"summary_large_image","twitter_creator":"@webdo_tn","twitter_site":"@webdo_tn","twitter_misc":{"\u00c9crit par":"MC"},"schema":{"@context":"https:\/\/schema.org","@graph":[{"@type":"NewsArticle","@id":"https:\/\/www.webdo.tn\/fr\/actualite\/culture\/le-spectacle-mahfel-de-fadhel-jaziri-en-ouverture-du-festival-de-carthage\/206535\/#article","isPartOf":{"@id":"https:\/\/www.webdo.tn\/fr\/actualite\/culture\/le-spectacle-mahfel-de-fadhel-jaziri-en-ouverture-du-festival-de-carthage\/206535\/"},"author":{"name":"MC","@id":"https:\/\/www.webdo.tn\/fr\/#\/schema\/person\/2c4929cbf5a809e3bd38617c6ce150f6"},"headline":"Le spectacle \u00ab\u00a0Mahfel\u00a0\u00bb de Fadhel Jaziri en ouverture du Festival de Carthage","datePublished":"2023-06-12T14:44:00+00:00","dateModified":"2025-05-20T22:09:17+00:00","mainEntityOfPage":{"@id":"https:\/\/www.webdo.tn\/fr\/actualite\/culture\/le-spectacle-mahfel-de-fadhel-jaziri-en-ouverture-du-festival-de-carthage\/206535\/"},"wordCount":98,"commentCount":0,"publisher":{"@id":"https:\/\/www.webdo.tn\/fr\/#organization"},"image":{"@id":"https:\/\/www.webdo.tn\/fr\/actualite\/culture\/le-spectacle-mahfel-de-fadhel-jaziri-en-ouverture-du-festival-de-carthage\/206535\/#primaryimage"},"thumbnailUrl":"https:\/\/www.webdo.tn\/fr\/wp-content\/uploads\/2023\/06\/ddae2813bd934a6078e9c388b528e809.jpg","keywords":["fadhel jaziri","Festival de Carthage"],"articleSection":["Culture"],"inLanguage":"fr-FR"},{"@type":"WebPage","@id":"https:\/\/www.webdo.tn\/fr\/actualite\/culture\/le-spectacle-mahfel-de-fadhel-jaziri-en-ouverture-du-festival-de-carthage\/206535\/","url":"https:\/\/www.webdo.tn\/fr\/actualite\/culture\/le-spectacle-mahfel-de-fadhel-jaziri-en-ouverture-du-festival-de-carthage\/206535\/","name":"Le spectacle Mahfel de Fadhel Jaziri en ouverture du Festival de Carthage","isPartOf":{"@id":"https:\/\/www.webdo.tn\/fr\/#website"},"primaryImageOfPage":{"@id":"https:\/\/www.webdo.tn\/fr\/actualite\/culture\/le-spectacle-mahfel-de-fadhel-jaziri-en-ouverture-du-festival-de-carthage\/206535\/#primaryimage"},"image":{"@id":"https:\/\/www.webdo.tn\/fr\/actualite\/culture\/le-spectacle-mahfel-de-fadhel-jaziri-en-ouverture-du-festival-de-carthage\/206535\/#primaryimage"},"thumbnailUrl":"https:\/\/www.webdo.tn\/fr\/wp-content\/uploads\/2023\/06\/ddae2813bd934a6078e9c388b528e809.jpg","datePublished":"2023-06-12T14:44:00+00:00","dateModified":"2025-05-20T22:09:17+00:00","description":"La 57\u00e8me \u00e9dition du Festival international de Carthage se tiendra du 14 juillet au 19 ao\u00fbt 2023.","breadcrumb":{"@id":"https:\/\/www.webdo.tn\/fr\/actualite\/culture\/le-spectacle-mahfel-de-fadhel-jaziri-en-ouverture-du-festival-de-carthage\/206535\/#breadcrumb"},"inLanguage":"fr-FR","potentialAction":[{"@type":"ReadAction","target":["https:\/\/www.webdo.tn\/fr\/actualite\/culture\/le-spectacle-mahfel-de-fadhel-jaziri-en-ouverture-du-festival-de-carthage\/206535\/"]}]},{"@type":"ImageObject","inLanguage":"fr-FR","@id":"https:\/\/www.webdo.tn\/fr\/actualite\/culture\/le-spectacle-mahfel-de-fadhel-jaziri-en-ouverture-du-festival-de-carthage\/206535\/#primaryimage","url":"https:\/\/www.webdo.tn\/fr\/wp-content\/uploads\/2023\/06\/ddae2813bd934a6078e9c388b528e809.jpg","contentUrl":"https:\/\/www.webdo.tn\/fr\/wp-content\/uploads\/2023\/06\/ddae2813bd934a6078e9c388b528e809.jpg","width":750,"height":400,"caption":"Le spectacle \"Mahfel\" de Fadhel Jaziri en ouverture du Festival de Carthage"},{"@type":"BreadcrumbList","@id":"https:\/\/www.webdo.tn\/fr\/actualite\/culture\/le-spectacle-mahfel-de-fadhel-jaziri-en-ouverture-du-festival-de-carthage\/206535\/#breadcrumb","itemListElement":[{"@type":"ListItem","position":1,"name":"Accueil","item":"https:\/\/www.webdo.tn\/fr\/"},{"@type":"ListItem","position":2,"name":"Le spectacle \u00ab\u00a0Mahfel\u00a0\u00bb de Fadhel Jaziri en ouverture du Festival de Carthage"}]},{"@type":"WebSite","@id":"https:\/\/www.webdo.tn\/fr\/#website","url":"https:\/\/www.webdo.tn\/fr\/","name":"webdo","description":"Tunisie - News en Tunisie et \u00e0 l&#039;international sur Webdo.tn","publisher":{"@id":"https:\/\/www.webdo.tn\/fr\/#organization"},"potentialAction":[{"@type":"SearchAction","target":{"@type":"EntryPoint","urlTemplate":"https:\/\/www.webdo.tn\/fr\/?s={search_term_string}"},"query-input":{"@type":"PropertyValueSpecification","valueRequired":true,"valueName":"search_term_string"}}],"inLanguage":"fr-FR"},{"@type":"Organization","@id":"https:\/\/www.webdo.tn\/fr\/#organization","name":"Webdo","alternateName":"Webdo.tn","url":"https:\/\/www.webdo.tn\/fr\/","logo":{"@type":"ImageObject","inLanguage":"fr-FR","@id":"https:\/\/www.webdo.tn\/fr\/#\/schema\/logo\/image\/","url":"https:\/\/www.webdo.tn\/fr\/wp-content\/uploads\/2025\/06\/Webdo-Tunisie_168377.jpg","contentUrl":"https:\/\/www.webdo.tn\/fr\/wp-content\/uploads\/2025\/06\/Webdo-Tunisie_168377.jpg","width":301,"height":301,"caption":"Webdo"},"image":{"@id":"https:\/\/www.webdo.tn\/fr\/#\/schema\/logo\/image\/"},"sameAs":["https:\/\/www.facebook.com\/webdotn","https:\/\/x.com\/webdo_tn"],"description":"Webdo est un m\u00e9dia num\u00e9rique tunisien fond\u00e9 en 2010, sp\u00e9cialis\u00e9 dans l\u2019actualit\u00e9 nationale et internationale, l\u2019\u00e9conomie, la soci\u00e9t\u00e9 et les analyses politiques. Le site s\u2019adresse \u00e0 un large public francophone et couvre l\u2019information tunisienne en temps r\u00e9el.","email":"redac@webdo.tn","legalName":"YNJ SARL","foundingDate":"2010-09-06","numberOfEmployees":{"@type":"QuantitativeValue","minValue":"11","maxValue":"50"}},{"@type":"Person","@id":"https:\/\/www.webdo.tn\/fr\/#\/schema\/person\/2c4929cbf5a809e3bd38617c6ce150f6","name":"MC","image":{"@type":"ImageObject","inLanguage":"fr-FR","@id":"https:\/\/secure.gravatar.com\/avatar\/a545bbb6f84efdd5553dbbc2895e3ca8f1d12c5215e00a041c9670b54aa9b18a?s=96&d=mm&r=g","url":"https:\/\/secure.gravatar.com\/avatar\/a545bbb6f84efdd5553dbbc2895e3ca8f1d12c5215e00a041c9670b54aa9b18a?s=96&d=mm&r=g","contentUrl":"https:\/\/secure.gravatar.com\/avatar\/a545bbb6f84efdd5553dbbc2895e3ca8f1d12c5215e00a041c9670b54aa9b18a?s=96&d=mm&r=g","caption":"MC"},"url":"https:\/\/www.webdo.tn\/fr\/actualite\/author\/mc\/"}]}},"_links":{"self":[{"href":"https:\/\/www.webdo.tn\/fr\/wp-json\/wp\/v2\/posts\/206535","targetHints":{"allow":["GET"]}}],"collection":[{"href":"https:\/\/www.webdo.tn\/fr\/wp-json\/wp\/v2\/posts"}],"about":[{"href":"https:\/\/www.webdo.tn\/fr\/wp-json\/wp\/v2\/types\/post"}],"author":[{"embeddable":true,"href":"https:\/\/www.webdo.tn\/fr\/wp-json\/wp\/v2\/users\/3162"}],"replies":[{"embeddable":true,"href":"https:\/\/www.webdo.tn\/fr\/wp-json\/wp\/v2\/comments?post=206535"}],"version-history":[{"count":0,"href":"https:\/\/www.webdo.tn\/fr\/wp-json\/wp\/v2\/posts\/206535\/revisions"}],"wp:featuredmedia":[{"embeddable":true,"href":"https:\/\/www.webdo.tn\/fr\/wp-json\/wp\/v2\/media\/278351"}],"wp:attachment":[{"href":"https:\/\/www.webdo.tn\/fr\/wp-json\/wp\/v2\/media?parent=206535"}],"wp:term":[{"taxonomy":"category","embeddable":true,"href":"https:\/\/www.webdo.tn\/fr\/wp-json\/wp\/v2\/categories?post=206535"},{"taxonomy":"post_tag","embeddable":true,"href":"https:\/\/www.webdo.tn\/fr\/wp-json\/wp\/v2\/tags?post=206535"}],"curies":[{"name":"wp","href":"https:\/\/api.w.org\/{rel}","templated":true}]}}