{"id":206526,"date":"2023-06-12T10:35:00","date_gmt":"2023-06-12T10:35:00","guid":{"rendered":"https:\/\/www.webdo.tn\/fr\/blog\/annees-1950-exceptionnelles-photos-aeriennes-autour-de-tunis\/206526\/"},"modified":"2025-05-17T21:09:09","modified_gmt":"2025-05-17T21:09:09","slug":"annees-1950-exceptionnelles-photos-aeriennes-autour-de-tunis","status":"publish","type":"post","link":"https:\/\/www.webdo.tn\/fr\/actualite\/chroniques\/annees-1950-exceptionnelles-photos-aeriennes-autour-de-tunis\/206526\/","title":{"rendered":"Ann\u00e9es 1950 : Exceptionnelles photos a\u00e9riennes autour de Tunis"},"content":{"rendered":"<p>Rad\u00e8s \u00e0 l&#8217;embouchure de l&rsquo;oued Meliane, aqueducs de Zaghouan et hippodrome de Kassar Said sont \u00e0 red\u00e9couvrir \u00e0 travers les photos a\u00e9riennes de Combier, l&rsquo;\u00e9diteur des photographes volants des ann\u00e9es cinquante.<\/p>\n<p>\t\t\t\t\t\t\t\t\tLes collectionneurs sont des passionn\u00e9s qui cherchent et trouvent toujours. Tel est le cas de l&rsquo;ami Olivier Jamil qui vient de d\u00e9nicher une s\u00e9rie de photos a\u00e9riennes de la Tunisie des ann\u00e9es cinquante.<\/p>\n<p>Ces photos sont imprim\u00e9es en France par J. Corbier, un \u00e9diteur install\u00e9 dans la ville de M\u00e2con. Elles montrent plusieurs vues de la grande r\u00e9gion de Tunis qui \u00e0 l&rsquo;\u00e9poque, \u00e9tait encore dot\u00e9e de sa ceinture verte agricole.<\/p>\n<p>On reconna\u00eet sur la premi\u00e8re photo, le village de Rad\u00e8s et ses mythiques cabanons de plage. La seconde photo montre l&rsquo;hippodrome de Kassar Said, dont la tribune est entour\u00e9e de verdure. Enfin, la troisi\u00e8me photo montre l&rsquo;aqueduc de Zaghouan qui serpente \u00e0 travers les champs.<\/p>\n<p>Les groupes M\u00e9moire d&rsquo;une chechia et M\u00e9moire de Zaghouan ont relay\u00e9 les \u0153uvres exceptionnelles publi\u00e9es par Combier, l&rsquo;\u00e9diteur des photographes volants.<\/p>\n<p>Rad\u00e8s<\/p>\n<p>Aqueduc de Zaghouan<\/p>\n<p>Hippodrome de Kassar Said<\/p>\n","protected":false},"excerpt":{"rendered":"<p>Rad\u00e8s \u00e0 l&#8217;embouchure de l&rsquo;oued Meliane, aqueducs de Zaghouan et hippodrome de Kassar Said sont \u00e0 red\u00e9couvrir \u00e0 travers les photos a\u00e9riennes de Combier, l&rsquo;\u00e9diteu&#8230;<\/p>\n","protected":false},"author":3229,"featured_media":278342,"comment_status":"open","ping_status":"closed","sticky":false,"template":"","format":"standard","meta":{"footnotes":""},"categories":[2596],"tags":[9545,2653,2754,2640,4788],"class_list":["post-206526","post","type-post","status-publish","format-standard","has-post-thumbnail","hentry","category-chroniques","tag-kassar-said","tag-nostalgie","tag-rades","tag-tunis","tag-zaghouan"],"yoast_head":"<!-- This site is optimized with the Yoast SEO Premium plugin v27.5 (Yoast SEO v27.5) - https:\/\/yoast.com\/product\/yoast-seo-premium-wordpress\/ -->\n<title>Ann\u00e9es 1950 : Exceptionnelles photos a\u00e9riennes autour de Tunis<\/title>\n<meta name=\"description\" content=\"Rad\u00e8s \u00e0 l&#039;embouchure de l&#039;oued Meliane, aqueducs de Zaghouan et hippodrome de Kassar Said sont \u00e0 red\u00e9couvrir \u00e0 travers les photos a\u00e9riennes de Combier, l&#039;\u00e9diteu...\" \/>\n<link rel=\"canonical\" href=\"https:\/\/www.webdo.tn\/fr\/actualite\/chroniques\/annees-1950-exceptionnelles-photos-aeriennes-autour-de-tunis\/206526\/\" \/>\n<meta property=\"og:locale\" content=\"fr_FR\" \/>\n<meta property=\"og:type\" content=\"article\" \/>\n<meta property=\"og:title\" content=\"Ann\u00e9es 1950 : Exceptionnelles photos a\u00e9riennes autour de Tunis\" \/>\n<meta property=\"og:description\" content=\"Rad\u00e8s \u00e0 l&#039;embouchure de l&#039;oued Meliane, aqueducs de Zaghouan et hippodrome de Kassar Said sont \u00e0 red\u00e9couvrir \u00e0 travers les photos a\u00e9riennes de Combier, l&#039;\u00e9diteu...\" \/>\n<meta property=\"og:url\" content=\"https:\/\/www.webdo.tn\/fr\/actualite\/chroniques\/annees-1950-exceptionnelles-photos-aeriennes-autour-de-tunis\/206526\/\" \/>\n<meta property=\"og:site_name\" content=\"webdo\" \/>\n<meta property=\"article:publisher\" content=\"https:\/\/www.facebook.com\/webdotn\" \/>\n<meta property=\"article:author\" content=\"https:\/\/www.facebook.com\/hatem.bourial.2025\" \/>\n<meta property=\"article:published_time\" content=\"2023-06-12T10:35:00+00:00\" \/>\n<meta property=\"article:modified_time\" content=\"2025-05-17T21:09:09+00:00\" \/>\n<meta property=\"og:image\" content=\"https:\/\/www.webdo.tn\/fr\/wp-content\/uploads\/2023\/06\/0b01855627cef2e18f9a2098bf312d10.jpg\" \/>\n\t<meta property=\"og:image:width\" content=\"750\" \/>\n\t<meta property=\"og:image:height\" content=\"400\" \/>\n\t<meta property=\"og:image:type\" content=\"image\/jpeg\" \/>\n<meta name=\"author\" content=\"Hatem Bourial\" \/>\n<meta name=\"twitter:card\" content=\"summary_large_image\" \/>\n<meta name=\"twitter:creator\" content=\"@webdo_tn\" \/>\n<meta name=\"twitter:site\" content=\"@webdo_tn\" \/>\n<meta name=\"twitter:label1\" content=\"\u00c9crit par\" \/>\n\t<meta name=\"twitter:data1\" content=\"Hatem Bourial\" \/>\n\t<meta name=\"twitter:label2\" content=\"Dur\u00e9e de lecture estim\u00e9e\" \/>\n\t<meta name=\"twitter:data2\" content=\"1 minute\" \/>\n<script type=\"application\/ld+json\" class=\"yoast-schema-graph\">{\"@context\":\"https:\\\/\\\/schema.org\",\"@graph\":[{\"@type\":\"NewsArticle\",\"@id\":\"https:\\\/\\\/www.webdo.tn\\\/fr\\\/actualite\\\/chroniques\\\/annees-1950-exceptionnelles-photos-aeriennes-autour-de-tunis\\\/206526\\\/#article\",\"isPartOf\":{\"@id\":\"https:\\\/\\\/www.webdo.tn\\\/fr\\\/actualite\\\/chroniques\\\/annees-1950-exceptionnelles-photos-aeriennes-autour-de-tunis\\\/206526\\\/\"},\"author\":{\"name\":\"Hatem Bourial\",\"@id\":\"https:\\\/\\\/www.webdo.tn\\\/fr\\\/#\\\/schema\\\/person\\\/6bc0beba2cd23aec27cb5df85ca2554f\"},\"headline\":\"Ann\u00e9es 1950 : Exceptionnelles photos a\u00e9riennes autour de Tunis\",\"datePublished\":\"2023-06-12T10:35:00+00:00\",\"dateModified\":\"2025-05-17T21:09:09+00:00\",\"mainEntityOfPage\":{\"@id\":\"https:\\\/\\\/www.webdo.tn\\\/fr\\\/actualite\\\/chroniques\\\/annees-1950-exceptionnelles-photos-aeriennes-autour-de-tunis\\\/206526\\\/\"},\"wordCount\":211,\"commentCount\":0,\"publisher\":{\"@id\":\"https:\\\/\\\/www.webdo.tn\\\/fr\\\/#organization\"},\"image\":{\"@id\":\"https:\\\/\\\/www.webdo.tn\\\/fr\\\/actualite\\\/chroniques\\\/annees-1950-exceptionnelles-photos-aeriennes-autour-de-tunis\\\/206526\\\/#primaryimage\"},\"thumbnailUrl\":\"https:\\\/\\\/www.webdo.tn\\\/fr\\\/wp-content\\\/uploads\\\/2023\\\/06\\\/0b01855627cef2e18f9a2098bf312d10.jpg\",\"keywords\":[\"kassar said\",\"nostalgie\",\"Rad\u00e8s\",\"Tunis\",\"zaghouan\"],\"articleSection\":[\"Chroniques\"],\"inLanguage\":\"fr-FR\"},{\"@type\":\"WebPage\",\"@id\":\"https:\\\/\\\/www.webdo.tn\\\/fr\\\/actualite\\\/chroniques\\\/annees-1950-exceptionnelles-photos-aeriennes-autour-de-tunis\\\/206526\\\/\",\"url\":\"https:\\\/\\\/www.webdo.tn\\\/fr\\\/actualite\\\/chroniques\\\/annees-1950-exceptionnelles-photos-aeriennes-autour-de-tunis\\\/206526\\\/\",\"name\":\"Ann\u00e9es 1950 : Exceptionnelles photos a\u00e9riennes autour de Tunis\",\"isPartOf\":{\"@id\":\"https:\\\/\\\/www.webdo.tn\\\/fr\\\/#website\"},\"primaryImageOfPage\":{\"@id\":\"https:\\\/\\\/www.webdo.tn\\\/fr\\\/actualite\\\/chroniques\\\/annees-1950-exceptionnelles-photos-aeriennes-autour-de-tunis\\\/206526\\\/#primaryimage\"},\"image\":{\"@id\":\"https:\\\/\\\/www.webdo.tn\\\/fr\\\/actualite\\\/chroniques\\\/annees-1950-exceptionnelles-photos-aeriennes-autour-de-tunis\\\/206526\\\/#primaryimage\"},\"thumbnailUrl\":\"https:\\\/\\\/www.webdo.tn\\\/fr\\\/wp-content\\\/uploads\\\/2023\\\/06\\\/0b01855627cef2e18f9a2098bf312d10.jpg\",\"datePublished\":\"2023-06-12T10:35:00+00:00\",\"dateModified\":\"2025-05-17T21:09:09+00:00\",\"description\":\"Rad\u00e8s \u00e0 l'embouchure de l'oued Meliane, aqueducs de Zaghouan et hippodrome de Kassar Said sont \u00e0 red\u00e9couvrir \u00e0 travers les photos a\u00e9riennes de Combier, l'\u00e9diteu...\",\"breadcrumb\":{\"@id\":\"https:\\\/\\\/www.webdo.tn\\\/fr\\\/actualite\\\/chroniques\\\/annees-1950-exceptionnelles-photos-aeriennes-autour-de-tunis\\\/206526\\\/#breadcrumb\"},\"inLanguage\":\"fr-FR\",\"potentialAction\":[{\"@type\":\"ReadAction\",\"target\":[\"https:\\\/\\\/www.webdo.tn\\\/fr\\\/actualite\\\/chroniques\\\/annees-1950-exceptionnelles-photos-aeriennes-autour-de-tunis\\\/206526\\\/\"]}]},{\"@type\":\"ImageObject\",\"inLanguage\":\"fr-FR\",\"@id\":\"https:\\\/\\\/www.webdo.tn\\\/fr\\\/actualite\\\/chroniques\\\/annees-1950-exceptionnelles-photos-aeriennes-autour-de-tunis\\\/206526\\\/#primaryimage\",\"url\":\"https:\\\/\\\/www.webdo.tn\\\/fr\\\/wp-content\\\/uploads\\\/2023\\\/06\\\/0b01855627cef2e18f9a2098bf312d10.jpg\",\"contentUrl\":\"https:\\\/\\\/www.webdo.tn\\\/fr\\\/wp-content\\\/uploads\\\/2023\\\/06\\\/0b01855627cef2e18f9a2098bf312d10.jpg\",\"width\":750,\"height\":400,\"caption\":\"Ann\u00e9es 1950 : Exceptionnelles photos a\u00e9riennes autour de Tunis\"},{\"@type\":\"BreadcrumbList\",\"@id\":\"https:\\\/\\\/www.webdo.tn\\\/fr\\\/actualite\\\/chroniques\\\/annees-1950-exceptionnelles-photos-aeriennes-autour-de-tunis\\\/206526\\\/#breadcrumb\",\"itemListElement\":[{\"@type\":\"ListItem\",\"position\":1,\"name\":\"Accueil\",\"item\":\"https:\\\/\\\/www.webdo.tn\\\/fr\\\/\"},{\"@type\":\"ListItem\",\"position\":2,\"name\":\"Ann\u00e9es 1950 : Exceptionnelles photos a\u00e9riennes autour de Tunis\"}]},{\"@type\":\"WebSite\",\"@id\":\"https:\\\/\\\/www.webdo.tn\\\/fr\\\/#website\",\"url\":\"https:\\\/\\\/www.webdo.tn\\\/fr\\\/\",\"name\":\"webdo\",\"description\":\"Tunisie - News en Tunisie et \u00e0 l&#039;international sur Webdo.tn\",\"publisher\":{\"@id\":\"https:\\\/\\\/www.webdo.tn\\\/fr\\\/#organization\"},\"potentialAction\":[{\"@type\":\"SearchAction\",\"target\":{\"@type\":\"EntryPoint\",\"urlTemplate\":\"https:\\\/\\\/www.webdo.tn\\\/fr\\\/?s={search_term_string}\"},\"query-input\":{\"@type\":\"PropertyValueSpecification\",\"valueRequired\":true,\"valueName\":\"search_term_string\"}}],\"inLanguage\":\"fr-FR\"},{\"@type\":\"Organization\",\"@id\":\"https:\\\/\\\/www.webdo.tn\\\/fr\\\/#organization\",\"name\":\"Webdo\",\"alternateName\":\"Webdo.tn\",\"url\":\"https:\\\/\\\/www.webdo.tn\\\/fr\\\/\",\"logo\":{\"@type\":\"ImageObject\",\"inLanguage\":\"fr-FR\",\"@id\":\"https:\\\/\\\/www.webdo.tn\\\/fr\\\/#\\\/schema\\\/logo\\\/image\\\/\",\"url\":\"https:\\\/\\\/www.webdo.tn\\\/fr\\\/wp-content\\\/uploads\\\/2025\\\/06\\\/Webdo-Tunisie_168377.jpg\",\"contentUrl\":\"https:\\\/\\\/www.webdo.tn\\\/fr\\\/wp-content\\\/uploads\\\/2025\\\/06\\\/Webdo-Tunisie_168377.jpg\",\"width\":301,\"height\":301,\"caption\":\"Webdo\"},\"image\":{\"@id\":\"https:\\\/\\\/www.webdo.tn\\\/fr\\\/#\\\/schema\\\/logo\\\/image\\\/\"},\"sameAs\":[\"https:\\\/\\\/www.facebook.com\\\/webdotn\",\"https:\\\/\\\/x.com\\\/webdo_tn\"],\"description\":\"Webdo est un m\u00e9dia num\u00e9rique tunisien fond\u00e9 en 2010, sp\u00e9cialis\u00e9 dans l\u2019actualit\u00e9 nationale et internationale, l\u2019\u00e9conomie, la soci\u00e9t\u00e9 et les analyses politiques. Le site s\u2019adresse \u00e0 un large public francophone et couvre l\u2019information tunisienne en temps r\u00e9el.\",\"email\":\"redac@webdo.tn\",\"legalName\":\"YNJ SARL\",\"foundingDate\":\"2010-09-06\",\"numberOfEmployees\":{\"@type\":\"QuantitativeValue\",\"minValue\":\"11\",\"maxValue\":\"50\"}},{\"@type\":\"Person\",\"@id\":\"https:\\\/\\\/www.webdo.tn\\\/fr\\\/#\\\/schema\\\/person\\\/6bc0beba2cd23aec27cb5df85ca2554f\",\"name\":\"Hatem Bourial\",\"image\":{\"@type\":\"ImageObject\",\"inLanguage\":\"fr-FR\",\"@id\":\"https:\\\/\\\/www.webdo.tn\\\/fr\\\/wp-content\\\/uploads\\\/2026\\\/04\\\/hatem-bourial_avatar-96x96.jpg\",\"url\":\"https:\\\/\\\/www.webdo.tn\\\/fr\\\/wp-content\\\/uploads\\\/2026\\\/04\\\/hatem-bourial_avatar-96x96.jpg\",\"contentUrl\":\"https:\\\/\\\/www.webdo.tn\\\/fr\\\/wp-content\\\/uploads\\\/2026\\\/04\\\/hatem-bourial_avatar-96x96.jpg\",\"caption\":\"Hatem Bourial\"},\"description\":\"Hatem Bourial est journaliste, \u00e9crivain et chroniqueur tunisien. Actif depuis plusieurs d\u00e9cennies, il s\u2019est impos\u00e9 comme un observateur attentif de la soci\u00e9t\u00e9 tunisienne, m\u00ealant dans ses \u00e9crits m\u00e9moire, culture et analyse du quotidien. Auteur de nombreux ouvrages, il d\u00e9veloppe une \u0153uvre \u00e0 la crois\u00e9e du r\u00e9cit, de la po\u00e9sie et de l\u2019observation sociologique. Parall\u00e8lement \u00e0 ses contributions dans la presse, il intervient r\u00e9guli\u00e8rement \u00e0 la radio et dans des espaces culturels, o\u00f9 il explore les enjeux li\u00e9s au patrimoine, \u00e0 l\u2019identit\u00e9 et aux transformations du monde contemporain. \u00c0 travers ses chroniques, Hatem Bourial propose une lecture sensible et approfondie de l\u2019actualit\u00e9, nourrie par une exp\u00e9rience journalistique et litt\u00e9raire reconnue. \ud83d\udd17 Facebook : https:\\\/\\\/www.facebook.com\\\/hatem.bourial.2025\",\"sameAs\":[\"https:\\\/\\\/www.facebook.com\\\/hatem.bourial.2025\",\"https:\\\/\\\/fr.wikipedia.org\\\/wiki\\\/Fichier:Hatem_Bourial.jpg\"],\"knowsAbout\":[\"Culture & patrimoine tunisien\",\"Chronique soci\u00e9tale\",\"Litt\u00e9rature & m\u00e9moire\",\"Cin\u00e9ma & critique culturelle\",\"Identit\u00e9 & mutations sociales\"],\"knowsLanguage\":[\"Arabe\",\"Fran\u00e7ais\",\"Anglais\",\"Italien\",\"Polonais\"],\"jobTitle\":\"Journaliste, \u00e9crivain et chroniqueur culturel\",\"worksFor\":\"Webdo\",\"url\":\"https:\\\/\\\/www.webdo.tn\\\/fr\\\/actualite\\\/author\\\/hatem-bourial-2\\\/\"}]}<\/script>\n<!-- \/ Yoast SEO Premium plugin. -->","yoast_head_json":{"title":"Ann\u00e9es 1950 : Exceptionnelles photos a\u00e9riennes autour de Tunis","description":"Rad\u00e8s \u00e0 l'embouchure de l'oued Meliane, aqueducs de Zaghouan et hippodrome de Kassar Said sont \u00e0 red\u00e9couvrir \u00e0 travers les photos a\u00e9riennes de Combier, l'\u00e9diteu...","canonical":"https:\/\/www.webdo.tn\/fr\/actualite\/chroniques\/annees-1950-exceptionnelles-photos-aeriennes-autour-de-tunis\/206526\/","og_locale":"fr_FR","og_type":"article","og_title":"Ann\u00e9es 1950 : Exceptionnelles photos a\u00e9riennes autour de Tunis","og_description":"Rad\u00e8s \u00e0 l'embouchure de l'oued Meliane, aqueducs de Zaghouan et hippodrome de Kassar Said sont \u00e0 red\u00e9couvrir \u00e0 travers les photos a\u00e9riennes de Combier, l'\u00e9diteu...","og_url":"https:\/\/www.webdo.tn\/fr\/actualite\/chroniques\/annees-1950-exceptionnelles-photos-aeriennes-autour-de-tunis\/206526\/","og_site_name":"webdo","article_publisher":"https:\/\/www.facebook.com\/webdotn","article_author":"https:\/\/www.facebook.com\/hatem.bourial.2025","article_published_time":"2023-06-12T10:35:00+00:00","article_modified_time":"2025-05-17T21:09:09+00:00","og_image":[{"width":750,"height":400,"url":"https:\/\/www.webdo.tn\/fr\/wp-content\/uploads\/2023\/06\/0b01855627cef2e18f9a2098bf312d10.jpg","type":"image\/jpeg"}],"author":"Hatem Bourial","twitter_card":"summary_large_image","twitter_creator":"@webdo_tn","twitter_site":"@webdo_tn","twitter_misc":{"\u00c9crit par":"Hatem Bourial","Dur\u00e9e de lecture estim\u00e9e":"1 minute"},"schema":{"@context":"https:\/\/schema.org","@graph":[{"@type":"NewsArticle","@id":"https:\/\/www.webdo.tn\/fr\/actualite\/chroniques\/annees-1950-exceptionnelles-photos-aeriennes-autour-de-tunis\/206526\/#article","isPartOf":{"@id":"https:\/\/www.webdo.tn\/fr\/actualite\/chroniques\/annees-1950-exceptionnelles-photos-aeriennes-autour-de-tunis\/206526\/"},"author":{"name":"Hatem Bourial","@id":"https:\/\/www.webdo.tn\/fr\/#\/schema\/person\/6bc0beba2cd23aec27cb5df85ca2554f"},"headline":"Ann\u00e9es 1950 : Exceptionnelles photos a\u00e9riennes autour de Tunis","datePublished":"2023-06-12T10:35:00+00:00","dateModified":"2025-05-17T21:09:09+00:00","mainEntityOfPage":{"@id":"https:\/\/www.webdo.tn\/fr\/actualite\/chroniques\/annees-1950-exceptionnelles-photos-aeriennes-autour-de-tunis\/206526\/"},"wordCount":211,"commentCount":0,"publisher":{"@id":"https:\/\/www.webdo.tn\/fr\/#organization"},"image":{"@id":"https:\/\/www.webdo.tn\/fr\/actualite\/chroniques\/annees-1950-exceptionnelles-photos-aeriennes-autour-de-tunis\/206526\/#primaryimage"},"thumbnailUrl":"https:\/\/www.webdo.tn\/fr\/wp-content\/uploads\/2023\/06\/0b01855627cef2e18f9a2098bf312d10.jpg","keywords":["kassar said","nostalgie","Rad\u00e8s","Tunis","zaghouan"],"articleSection":["Chroniques"],"inLanguage":"fr-FR"},{"@type":"WebPage","@id":"https:\/\/www.webdo.tn\/fr\/actualite\/chroniques\/annees-1950-exceptionnelles-photos-aeriennes-autour-de-tunis\/206526\/","url":"https:\/\/www.webdo.tn\/fr\/actualite\/chroniques\/annees-1950-exceptionnelles-photos-aeriennes-autour-de-tunis\/206526\/","name":"Ann\u00e9es 1950 : Exceptionnelles photos a\u00e9riennes autour de Tunis","isPartOf":{"@id":"https:\/\/www.webdo.tn\/fr\/#website"},"primaryImageOfPage":{"@id":"https:\/\/www.webdo.tn\/fr\/actualite\/chroniques\/annees-1950-exceptionnelles-photos-aeriennes-autour-de-tunis\/206526\/#primaryimage"},"image":{"@id":"https:\/\/www.webdo.tn\/fr\/actualite\/chroniques\/annees-1950-exceptionnelles-photos-aeriennes-autour-de-tunis\/206526\/#primaryimage"},"thumbnailUrl":"https:\/\/www.webdo.tn\/fr\/wp-content\/uploads\/2023\/06\/0b01855627cef2e18f9a2098bf312d10.jpg","datePublished":"2023-06-12T10:35:00+00:00","dateModified":"2025-05-17T21:09:09+00:00","description":"Rad\u00e8s \u00e0 l'embouchure de l'oued Meliane, aqueducs de Zaghouan et hippodrome de Kassar Said sont \u00e0 red\u00e9couvrir \u00e0 travers les photos a\u00e9riennes de Combier, l'\u00e9diteu...","breadcrumb":{"@id":"https:\/\/www.webdo.tn\/fr\/actualite\/chroniques\/annees-1950-exceptionnelles-photos-aeriennes-autour-de-tunis\/206526\/#breadcrumb"},"inLanguage":"fr-FR","potentialAction":[{"@type":"ReadAction","target":["https:\/\/www.webdo.tn\/fr\/actualite\/chroniques\/annees-1950-exceptionnelles-photos-aeriennes-autour-de-tunis\/206526\/"]}]},{"@type":"ImageObject","inLanguage":"fr-FR","@id":"https:\/\/www.webdo.tn\/fr\/actualite\/chroniques\/annees-1950-exceptionnelles-photos-aeriennes-autour-de-tunis\/206526\/#primaryimage","url":"https:\/\/www.webdo.tn\/fr\/wp-content\/uploads\/2023\/06\/0b01855627cef2e18f9a2098bf312d10.jpg","contentUrl":"https:\/\/www.webdo.tn\/fr\/wp-content\/uploads\/2023\/06\/0b01855627cef2e18f9a2098bf312d10.jpg","width":750,"height":400,"caption":"Ann\u00e9es 1950 : Exceptionnelles photos a\u00e9riennes autour de Tunis"},{"@type":"BreadcrumbList","@id":"https:\/\/www.webdo.tn\/fr\/actualite\/chroniques\/annees-1950-exceptionnelles-photos-aeriennes-autour-de-tunis\/206526\/#breadcrumb","itemListElement":[{"@type":"ListItem","position":1,"name":"Accueil","item":"https:\/\/www.webdo.tn\/fr\/"},{"@type":"ListItem","position":2,"name":"Ann\u00e9es 1950 : Exceptionnelles photos a\u00e9riennes autour de Tunis"}]},{"@type":"WebSite","@id":"https:\/\/www.webdo.tn\/fr\/#website","url":"https:\/\/www.webdo.tn\/fr\/","name":"webdo","description":"Tunisie - News en Tunisie et \u00e0 l&#039;international sur Webdo.tn","publisher":{"@id":"https:\/\/www.webdo.tn\/fr\/#organization"},"potentialAction":[{"@type":"SearchAction","target":{"@type":"EntryPoint","urlTemplate":"https:\/\/www.webdo.tn\/fr\/?s={search_term_string}"},"query-input":{"@type":"PropertyValueSpecification","valueRequired":true,"valueName":"search_term_string"}}],"inLanguage":"fr-FR"},{"@type":"Organization","@id":"https:\/\/www.webdo.tn\/fr\/#organization","name":"Webdo","alternateName":"Webdo.tn","url":"https:\/\/www.webdo.tn\/fr\/","logo":{"@type":"ImageObject","inLanguage":"fr-FR","@id":"https:\/\/www.webdo.tn\/fr\/#\/schema\/logo\/image\/","url":"https:\/\/www.webdo.tn\/fr\/wp-content\/uploads\/2025\/06\/Webdo-Tunisie_168377.jpg","contentUrl":"https:\/\/www.webdo.tn\/fr\/wp-content\/uploads\/2025\/06\/Webdo-Tunisie_168377.jpg","width":301,"height":301,"caption":"Webdo"},"image":{"@id":"https:\/\/www.webdo.tn\/fr\/#\/schema\/logo\/image\/"},"sameAs":["https:\/\/www.facebook.com\/webdotn","https:\/\/x.com\/webdo_tn"],"description":"Webdo est un m\u00e9dia num\u00e9rique tunisien fond\u00e9 en 2010, sp\u00e9cialis\u00e9 dans l\u2019actualit\u00e9 nationale et internationale, l\u2019\u00e9conomie, la soci\u00e9t\u00e9 et les analyses politiques. Le site s\u2019adresse \u00e0 un large public francophone et couvre l\u2019information tunisienne en temps r\u00e9el.","email":"redac@webdo.tn","legalName":"YNJ SARL","foundingDate":"2010-09-06","numberOfEmployees":{"@type":"QuantitativeValue","minValue":"11","maxValue":"50"}},{"@type":"Person","@id":"https:\/\/www.webdo.tn\/fr\/#\/schema\/person\/6bc0beba2cd23aec27cb5df85ca2554f","name":"Hatem Bourial","image":{"@type":"ImageObject","inLanguage":"fr-FR","@id":"https:\/\/www.webdo.tn\/fr\/wp-content\/uploads\/2026\/04\/hatem-bourial_avatar-96x96.jpg","url":"https:\/\/www.webdo.tn\/fr\/wp-content\/uploads\/2026\/04\/hatem-bourial_avatar-96x96.jpg","contentUrl":"https:\/\/www.webdo.tn\/fr\/wp-content\/uploads\/2026\/04\/hatem-bourial_avatar-96x96.jpg","caption":"Hatem Bourial"},"description":"Hatem Bourial est journaliste, \u00e9crivain et chroniqueur tunisien. Actif depuis plusieurs d\u00e9cennies, il s\u2019est impos\u00e9 comme un observateur attentif de la soci\u00e9t\u00e9 tunisienne, m\u00ealant dans ses \u00e9crits m\u00e9moire, culture et analyse du quotidien. Auteur de nombreux ouvrages, il d\u00e9veloppe une \u0153uvre \u00e0 la crois\u00e9e du r\u00e9cit, de la po\u00e9sie et de l\u2019observation sociologique. Parall\u00e8lement \u00e0 ses contributions dans la presse, il intervient r\u00e9guli\u00e8rement \u00e0 la radio et dans des espaces culturels, o\u00f9 il explore les enjeux li\u00e9s au patrimoine, \u00e0 l\u2019identit\u00e9 et aux transformations du monde contemporain. \u00c0 travers ses chroniques, Hatem Bourial propose une lecture sensible et approfondie de l\u2019actualit\u00e9, nourrie par une exp\u00e9rience journalistique et litt\u00e9raire reconnue. \ud83d\udd17 Facebook : https:\/\/www.facebook.com\/hatem.bourial.2025","sameAs":["https:\/\/www.facebook.com\/hatem.bourial.2025","https:\/\/fr.wikipedia.org\/wiki\/Fichier:Hatem_Bourial.jpg"],"knowsAbout":["Culture & patrimoine tunisien","Chronique soci\u00e9tale","Litt\u00e9rature & m\u00e9moire","Cin\u00e9ma & critique culturelle","Identit\u00e9 & mutations sociales"],"knowsLanguage":["Arabe","Fran\u00e7ais","Anglais","Italien","Polonais"],"jobTitle":"Journaliste, \u00e9crivain et chroniqueur culturel","worksFor":"Webdo","url":"https:\/\/www.webdo.tn\/fr\/actualite\/author\/hatem-bourial-2\/"}]}},"_links":{"self":[{"href":"https:\/\/www.webdo.tn\/fr\/wp-json\/wp\/v2\/posts\/206526","targetHints":{"allow":["GET"]}}],"collection":[{"href":"https:\/\/www.webdo.tn\/fr\/wp-json\/wp\/v2\/posts"}],"about":[{"href":"https:\/\/www.webdo.tn\/fr\/wp-json\/wp\/v2\/types\/post"}],"author":[{"embeddable":true,"href":"https:\/\/www.webdo.tn\/fr\/wp-json\/wp\/v2\/users\/3229"}],"replies":[{"embeddable":true,"href":"https:\/\/www.webdo.tn\/fr\/wp-json\/wp\/v2\/comments?post=206526"}],"version-history":[{"count":0,"href":"https:\/\/www.webdo.tn\/fr\/wp-json\/wp\/v2\/posts\/206526\/revisions"}],"wp:featuredmedia":[{"embeddable":true,"href":"https:\/\/www.webdo.tn\/fr\/wp-json\/wp\/v2\/media\/278342"}],"wp:attachment":[{"href":"https:\/\/www.webdo.tn\/fr\/wp-json\/wp\/v2\/media?parent=206526"}],"wp:term":[{"taxonomy":"category","embeddable":true,"href":"https:\/\/www.webdo.tn\/fr\/wp-json\/wp\/v2\/categories?post=206526"},{"taxonomy":"post_tag","embeddable":true,"href":"https:\/\/www.webdo.tn\/fr\/wp-json\/wp\/v2\/tags?post=206526"}],"curies":[{"name":"wp","href":"https:\/\/api.w.org\/{rel}","templated":true}]}}