{"id":206521,"date":"2023-06-12T09:01:00","date_gmt":"2023-06-12T09:01:00","guid":{"rendered":"https:\/\/www.webdo.tn\/fr\/blog\/kais-saied-l-idee-d-installer-les-migrants-en-tunisie-contre-un-soutien-financier-est-inadmissible\/206521\/"},"modified":"2025-05-20T22:09:15","modified_gmt":"2025-05-20T22:09:15","slug":"kais-saied-l-idee-d-installer-les-migrants-en-tunisie-contre-un-soutien-financier-est-inadmissible","status":"publish","type":"post","link":"https:\/\/www.webdo.tn\/fr\/actualite\/national\/kais-saied-l-idee-d-installer-les-migrants-en-tunisie-contre-un-soutien-financier-est-inadmissible\/206521\/","title":{"rendered":"Kais Saied : \u00ab\u00a0L\u2019id\u00e9e d\u2019installer les migrants en Tunisie contre un soutien financier est inadmissible\u00a0\u00bb"},"content":{"rendered":"<p>Au cours de son entretien dimanche 11 juin 2023, au Palais de Carthage, avec la pr\u00e9sidente de la commission europ\u00e9enne Ursula Van Der Leyen, la pr\u00e9sidente du conseil des ministres Italien Giorgia Meloni et le Premier ministre n\u00e9erlandais Mark Rutte, le pr\u00e9sident de la R\u00e9publique Kais Saied a \u00e9voqu\u00e9 le dossier de la migration.<\/p>\n<p>\t\t\t\t\t\t\t\t\tLe Chef de l\u2019Etat a, notamment, r\u00e9it\u00e9r\u00e9 son appel \u00e0 une approche collective pour traiter cette question devenue cruciale pour les Europ\u00e9ens du fait que la Tunisie soit, en quelque sorte, devenue une \u00ab\u00a0plaque tournante\u00a0\u00bb de la migration irr\u00e9guli\u00e8re.<\/p>\n<p>\u00ab\u00a0Nos valeurs nous dictent de traiter de fa\u00e7on humaine, les migrants irr\u00e9guliers. De point de transit, la Tunisie est devenue une destination. Le s\u00e9jour des migrants doit \u00eatre r\u00e9gulier, tout le monde doit respecter le pays et ses lois\u00a0\u00bb, a notamment affirm\u00e9 Kais Saied.<\/p>\n<p>Il a qualifi\u00e9 d&rsquo;inhumaine et d&rsquo;inadmissible, la proposition avanc\u00e9e, discr\u00e8tement, par certaines parties d&rsquo;installer les migrants en Tunisie contre un soutien financier, soulignant que les solutions s\u00e9curitaires ont montr\u00e9 leurs limites en aggravant la souffrance des victimes de la pauvret\u00e9 et des guerres.<\/p>\n<p>\u00ab\u00a0S\u2019ils avaient les attributs les plus \u00e9l\u00e9mentaires d\u2019une vie d\u00e9cente, ils n\u2019auraient pas \u00e9t\u00e9 une proie facile pour les r\u00e9seaux criminels\u00a0\u00bb, a-t-il ajout\u00e9.<\/p>\n","protected":false},"excerpt":{"rendered":"<p>Au cours de son entretien dimanche 11 juin 2023, au Palais de Carthage, avec la d\u00e9l\u00e9gation de l&rsquo;UE, le pr\u00e9sident de la R\u00e9publique Kais Saied a \u00e9voqu\u00e9 le dossier&#8230;<\/p>\n","protected":false},"author":3162,"featured_media":278339,"comment_status":"open","ping_status":"closed","sticky":false,"template":"","format":"standard","meta":{"footnotes":""},"categories":[44],"tags":[2615,2608,2897,2896],"class_list":["post-206521","post","type-post","status-publish","format-standard","has-post-thumbnail","hentry","category-national","tag-migration","tag-tunisie","tag-ue","tag-union-europeenne"],"yoast_head":"<!-- This site is optimized with the Yoast SEO Premium plugin v27.4 (Yoast SEO v27.4) - https:\/\/yoast.com\/product\/yoast-seo-premium-wordpress\/ -->\n<title>Kais Saied : L\u2019id\u00e9e d\u2019installer les migrants en Tunisie contre un soutien financier est inadmissible<\/title>\n<meta name=\"description\" content=\"Au cours de son entretien dimanche 11 juin 2023, au Palais de Carthage, avec la d\u00e9l\u00e9gation de l&#039;UE, le pr\u00e9sident de la R\u00e9publique Kais Saied a \u00e9voqu\u00e9 le dossier...\" \/>\n<link rel=\"canonical\" href=\"https:\/\/www.webdo.tn\/fr\/actualite\/national\/kais-saied-l-idee-d-installer-les-migrants-en-tunisie-contre-un-soutien-financier-est-inadmissible\/206521\/\" \/>\n<meta property=\"og:locale\" content=\"fr_FR\" \/>\n<meta property=\"og:type\" content=\"article\" \/>\n<meta property=\"og:title\" content=\"Kais Saied : &quot;L\u2019id\u00e9e d\u2019installer les migrants en Tunisie contre un soutien financier est inadmissible&quot;\" \/>\n<meta property=\"og:description\" content=\"Au cours de son entretien dimanche 11 juin 2023, au Palais de Carthage, avec la d\u00e9l\u00e9gation de l&#039;UE, le pr\u00e9sident de la R\u00e9publique Kais Saied a \u00e9voqu\u00e9 le dossier...\" \/>\n<meta property=\"og:url\" content=\"https:\/\/www.webdo.tn\/fr\/actualite\/national\/kais-saied-l-idee-d-installer-les-migrants-en-tunisie-contre-un-soutien-financier-est-inadmissible\/206521\/\" \/>\n<meta property=\"og:site_name\" content=\"webdo\" \/>\n<meta property=\"article:publisher\" content=\"https:\/\/www.facebook.com\/webdotn\" \/>\n<meta property=\"article:published_time\" content=\"2023-06-12T09:01:00+00:00\" \/>\n<meta property=\"article:modified_time\" content=\"2025-05-20T22:09:15+00:00\" \/>\n<meta property=\"og:image\" content=\"https:\/\/www.webdo.tn\/fr\/wp-content\/uploads\/2023\/06\/4a0f32872dbb3b6088fe789846056e62.jpg\" \/>\n\t<meta property=\"og:image:width\" content=\"750\" \/>\n\t<meta property=\"og:image:height\" content=\"400\" \/>\n\t<meta property=\"og:image:type\" content=\"image\/jpeg\" \/>\n<meta name=\"author\" content=\"MC\" \/>\n<meta name=\"twitter:card\" content=\"summary_large_image\" \/>\n<meta name=\"twitter:creator\" content=\"@webdo_tn\" \/>\n<meta name=\"twitter:site\" content=\"@webdo_tn\" \/>\n<meta name=\"twitter:label1\" content=\"\u00c9crit par\" \/>\n\t<meta name=\"twitter:data1\" content=\"MC\" \/>\n\t<meta name=\"twitter:label2\" content=\"Dur\u00e9e de lecture estim\u00e9e\" \/>\n\t<meta name=\"twitter:data2\" content=\"1 minute\" \/>\n<script type=\"application\/ld+json\" class=\"yoast-schema-graph\">{\"@context\":\"https:\\\/\\\/schema.org\",\"@graph\":[{\"@type\":\"NewsArticle\",\"@id\":\"https:\\\/\\\/www.webdo.tn\\\/fr\\\/actualite\\\/national\\\/kais-saied-l-idee-d-installer-les-migrants-en-tunisie-contre-un-soutien-financier-est-inadmissible\\\/206521\\\/#article\",\"isPartOf\":{\"@id\":\"https:\\\/\\\/www.webdo.tn\\\/fr\\\/actualite\\\/national\\\/kais-saied-l-idee-d-installer-les-migrants-en-tunisie-contre-un-soutien-financier-est-inadmissible\\\/206521\\\/\"},\"author\":{\"name\":\"MC\",\"@id\":\"https:\\\/\\\/www.webdo.tn\\\/fr\\\/#\\\/schema\\\/person\\\/2c4929cbf5a809e3bd38617c6ce150f6\"},\"headline\":\"Kais Saied : \u00ab\u00a0L\u2019id\u00e9e d\u2019installer les migrants en Tunisie contre un soutien financier est inadmissible\u00a0\u00bb\",\"datePublished\":\"2023-06-12T09:01:00+00:00\",\"dateModified\":\"2025-05-20T22:09:15+00:00\",\"mainEntityOfPage\":{\"@id\":\"https:\\\/\\\/www.webdo.tn\\\/fr\\\/actualite\\\/national\\\/kais-saied-l-idee-d-installer-les-migrants-en-tunisie-contre-un-soutien-financier-est-inadmissible\\\/206521\\\/\"},\"wordCount\":245,\"commentCount\":0,\"publisher\":{\"@id\":\"https:\\\/\\\/www.webdo.tn\\\/fr\\\/#organization\"},\"image\":{\"@id\":\"https:\\\/\\\/www.webdo.tn\\\/fr\\\/actualite\\\/national\\\/kais-saied-l-idee-d-installer-les-migrants-en-tunisie-contre-un-soutien-financier-est-inadmissible\\\/206521\\\/#primaryimage\"},\"thumbnailUrl\":\"https:\\\/\\\/www.webdo.tn\\\/fr\\\/wp-content\\\/uploads\\\/2023\\\/06\\\/4a0f32872dbb3b6088fe789846056e62.jpg\",\"keywords\":[\"Migration\",\"Tunisie\",\"UE\",\"Union europ\u00e9enne\"],\"articleSection\":[\"National\"],\"inLanguage\":\"fr-FR\"},{\"@type\":\"WebPage\",\"@id\":\"https:\\\/\\\/www.webdo.tn\\\/fr\\\/actualite\\\/national\\\/kais-saied-l-idee-d-installer-les-migrants-en-tunisie-contre-un-soutien-financier-est-inadmissible\\\/206521\\\/\",\"url\":\"https:\\\/\\\/www.webdo.tn\\\/fr\\\/actualite\\\/national\\\/kais-saied-l-idee-d-installer-les-migrants-en-tunisie-contre-un-soutien-financier-est-inadmissible\\\/206521\\\/\",\"name\":\"Kais Saied : L\u2019id\u00e9e d\u2019installer les migrants en Tunisie contre un soutien financier est inadmissible\",\"isPartOf\":{\"@id\":\"https:\\\/\\\/www.webdo.tn\\\/fr\\\/#website\"},\"primaryImageOfPage\":{\"@id\":\"https:\\\/\\\/www.webdo.tn\\\/fr\\\/actualite\\\/national\\\/kais-saied-l-idee-d-installer-les-migrants-en-tunisie-contre-un-soutien-financier-est-inadmissible\\\/206521\\\/#primaryimage\"},\"image\":{\"@id\":\"https:\\\/\\\/www.webdo.tn\\\/fr\\\/actualite\\\/national\\\/kais-saied-l-idee-d-installer-les-migrants-en-tunisie-contre-un-soutien-financier-est-inadmissible\\\/206521\\\/#primaryimage\"},\"thumbnailUrl\":\"https:\\\/\\\/www.webdo.tn\\\/fr\\\/wp-content\\\/uploads\\\/2023\\\/06\\\/4a0f32872dbb3b6088fe789846056e62.jpg\",\"datePublished\":\"2023-06-12T09:01:00+00:00\",\"dateModified\":\"2025-05-20T22:09:15+00:00\",\"description\":\"Au cours de son entretien dimanche 11 juin 2023, au Palais de Carthage, avec la d\u00e9l\u00e9gation de l'UE, le pr\u00e9sident de la R\u00e9publique Kais Saied a \u00e9voqu\u00e9 le dossier...\",\"breadcrumb\":{\"@id\":\"https:\\\/\\\/www.webdo.tn\\\/fr\\\/actualite\\\/national\\\/kais-saied-l-idee-d-installer-les-migrants-en-tunisie-contre-un-soutien-financier-est-inadmissible\\\/206521\\\/#breadcrumb\"},\"inLanguage\":\"fr-FR\",\"potentialAction\":[{\"@type\":\"ReadAction\",\"target\":[\"https:\\\/\\\/www.webdo.tn\\\/fr\\\/actualite\\\/national\\\/kais-saied-l-idee-d-installer-les-migrants-en-tunisie-contre-un-soutien-financier-est-inadmissible\\\/206521\\\/\"]}]},{\"@type\":\"ImageObject\",\"inLanguage\":\"fr-FR\",\"@id\":\"https:\\\/\\\/www.webdo.tn\\\/fr\\\/actualite\\\/national\\\/kais-saied-l-idee-d-installer-les-migrants-en-tunisie-contre-un-soutien-financier-est-inadmissible\\\/206521\\\/#primaryimage\",\"url\":\"https:\\\/\\\/www.webdo.tn\\\/fr\\\/wp-content\\\/uploads\\\/2023\\\/06\\\/4a0f32872dbb3b6088fe789846056e62.jpg\",\"contentUrl\":\"https:\\\/\\\/www.webdo.tn\\\/fr\\\/wp-content\\\/uploads\\\/2023\\\/06\\\/4a0f32872dbb3b6088fe789846056e62.jpg\",\"width\":750,\"height\":400,\"caption\":\"Kais Saied : \\\"L\u2019id\u00e9e d\u2019installer les migrants en Tunisie contre un soutien financier est inadmissible\\\"\"},{\"@type\":\"BreadcrumbList\",\"@id\":\"https:\\\/\\\/www.webdo.tn\\\/fr\\\/actualite\\\/national\\\/kais-saied-l-idee-d-installer-les-migrants-en-tunisie-contre-un-soutien-financier-est-inadmissible\\\/206521\\\/#breadcrumb\",\"itemListElement\":[{\"@type\":\"ListItem\",\"position\":1,\"name\":\"Accueil\",\"item\":\"https:\\\/\\\/www.webdo.tn\\\/fr\\\/\"},{\"@type\":\"ListItem\",\"position\":2,\"name\":\"Kais Saied : \u00ab\u00a0L\u2019id\u00e9e d\u2019installer les migrants en Tunisie contre un soutien financier est inadmissible\u00a0\u00bb\"}]},{\"@type\":\"WebSite\",\"@id\":\"https:\\\/\\\/www.webdo.tn\\\/fr\\\/#website\",\"url\":\"https:\\\/\\\/www.webdo.tn\\\/fr\\\/\",\"name\":\"webdo\",\"description\":\"Tunisie - News en Tunisie et \u00e0 l&#039;international sur Webdo.tn\",\"publisher\":{\"@id\":\"https:\\\/\\\/www.webdo.tn\\\/fr\\\/#organization\"},\"potentialAction\":[{\"@type\":\"SearchAction\",\"target\":{\"@type\":\"EntryPoint\",\"urlTemplate\":\"https:\\\/\\\/www.webdo.tn\\\/fr\\\/?s={search_term_string}\"},\"query-input\":{\"@type\":\"PropertyValueSpecification\",\"valueRequired\":true,\"valueName\":\"search_term_string\"}}],\"inLanguage\":\"fr-FR\"},{\"@type\":\"Organization\",\"@id\":\"https:\\\/\\\/www.webdo.tn\\\/fr\\\/#organization\",\"name\":\"Webdo\",\"alternateName\":\"Webdo.tn\",\"url\":\"https:\\\/\\\/www.webdo.tn\\\/fr\\\/\",\"logo\":{\"@type\":\"ImageObject\",\"inLanguage\":\"fr-FR\",\"@id\":\"https:\\\/\\\/www.webdo.tn\\\/fr\\\/#\\\/schema\\\/logo\\\/image\\\/\",\"url\":\"https:\\\/\\\/www.webdo.tn\\\/fr\\\/wp-content\\\/uploads\\\/2025\\\/06\\\/Webdo-Tunisie_168377.jpg\",\"contentUrl\":\"https:\\\/\\\/www.webdo.tn\\\/fr\\\/wp-content\\\/uploads\\\/2025\\\/06\\\/Webdo-Tunisie_168377.jpg\",\"width\":301,\"height\":301,\"caption\":\"Webdo\"},\"image\":{\"@id\":\"https:\\\/\\\/www.webdo.tn\\\/fr\\\/#\\\/schema\\\/logo\\\/image\\\/\"},\"sameAs\":[\"https:\\\/\\\/www.facebook.com\\\/webdotn\",\"https:\\\/\\\/x.com\\\/webdo_tn\"],\"description\":\"Webdo est un m\u00e9dia num\u00e9rique tunisien fond\u00e9 en 2010, sp\u00e9cialis\u00e9 dans l\u2019actualit\u00e9 nationale et internationale, l\u2019\u00e9conomie, la soci\u00e9t\u00e9 et les analyses politiques. Le site s\u2019adresse \u00e0 un large public francophone et couvre l\u2019information tunisienne en temps r\u00e9el.\",\"email\":\"redac@webdo.tn\",\"legalName\":\"YNJ SARL\",\"foundingDate\":\"2010-09-06\",\"numberOfEmployees\":{\"@type\":\"QuantitativeValue\",\"minValue\":\"11\",\"maxValue\":\"50\"}},{\"@type\":\"Person\",\"@id\":\"https:\\\/\\\/www.webdo.tn\\\/fr\\\/#\\\/schema\\\/person\\\/2c4929cbf5a809e3bd38617c6ce150f6\",\"name\":\"MC\",\"image\":{\"@type\":\"ImageObject\",\"inLanguage\":\"fr-FR\",\"@id\":\"https:\\\/\\\/secure.gravatar.com\\\/avatar\\\/a545bbb6f84efdd5553dbbc2895e3ca8f1d12c5215e00a041c9670b54aa9b18a?s=96&d=mm&r=g\",\"url\":\"https:\\\/\\\/secure.gravatar.com\\\/avatar\\\/a545bbb6f84efdd5553dbbc2895e3ca8f1d12c5215e00a041c9670b54aa9b18a?s=96&d=mm&r=g\",\"contentUrl\":\"https:\\\/\\\/secure.gravatar.com\\\/avatar\\\/a545bbb6f84efdd5553dbbc2895e3ca8f1d12c5215e00a041c9670b54aa9b18a?s=96&d=mm&r=g\",\"caption\":\"MC\"},\"url\":\"https:\\\/\\\/www.webdo.tn\\\/fr\\\/actualite\\\/author\\\/mc\\\/\"}]}<\/script>\n<!-- \/ Yoast SEO Premium plugin. -->","yoast_head_json":{"title":"Kais Saied : L\u2019id\u00e9e d\u2019installer les migrants en Tunisie contre un soutien financier est inadmissible","description":"Au cours de son entretien dimanche 11 juin 2023, au Palais de Carthage, avec la d\u00e9l\u00e9gation de l'UE, le pr\u00e9sident de la R\u00e9publique Kais Saied a \u00e9voqu\u00e9 le dossier...","canonical":"https:\/\/www.webdo.tn\/fr\/actualite\/national\/kais-saied-l-idee-d-installer-les-migrants-en-tunisie-contre-un-soutien-financier-est-inadmissible\/206521\/","og_locale":"fr_FR","og_type":"article","og_title":"Kais Saied : \"L\u2019id\u00e9e d\u2019installer les migrants en Tunisie contre un soutien financier est inadmissible\"","og_description":"Au cours de son entretien dimanche 11 juin 2023, au Palais de Carthage, avec la d\u00e9l\u00e9gation de l'UE, le pr\u00e9sident de la R\u00e9publique Kais Saied a \u00e9voqu\u00e9 le dossier...","og_url":"https:\/\/www.webdo.tn\/fr\/actualite\/national\/kais-saied-l-idee-d-installer-les-migrants-en-tunisie-contre-un-soutien-financier-est-inadmissible\/206521\/","og_site_name":"webdo","article_publisher":"https:\/\/www.facebook.com\/webdotn","article_published_time":"2023-06-12T09:01:00+00:00","article_modified_time":"2025-05-20T22:09:15+00:00","og_image":[{"width":750,"height":400,"url":"https:\/\/www.webdo.tn\/fr\/wp-content\/uploads\/2023\/06\/4a0f32872dbb3b6088fe789846056e62.jpg","type":"image\/jpeg"}],"author":"MC","twitter_card":"summary_large_image","twitter_creator":"@webdo_tn","twitter_site":"@webdo_tn","twitter_misc":{"\u00c9crit par":"MC","Dur\u00e9e de lecture estim\u00e9e":"1 minute"},"schema":{"@context":"https:\/\/schema.org","@graph":[{"@type":"NewsArticle","@id":"https:\/\/www.webdo.tn\/fr\/actualite\/national\/kais-saied-l-idee-d-installer-les-migrants-en-tunisie-contre-un-soutien-financier-est-inadmissible\/206521\/#article","isPartOf":{"@id":"https:\/\/www.webdo.tn\/fr\/actualite\/national\/kais-saied-l-idee-d-installer-les-migrants-en-tunisie-contre-un-soutien-financier-est-inadmissible\/206521\/"},"author":{"name":"MC","@id":"https:\/\/www.webdo.tn\/fr\/#\/schema\/person\/2c4929cbf5a809e3bd38617c6ce150f6"},"headline":"Kais Saied : \u00ab\u00a0L\u2019id\u00e9e d\u2019installer les migrants en Tunisie contre un soutien financier est inadmissible\u00a0\u00bb","datePublished":"2023-06-12T09:01:00+00:00","dateModified":"2025-05-20T22:09:15+00:00","mainEntityOfPage":{"@id":"https:\/\/www.webdo.tn\/fr\/actualite\/national\/kais-saied-l-idee-d-installer-les-migrants-en-tunisie-contre-un-soutien-financier-est-inadmissible\/206521\/"},"wordCount":245,"commentCount":0,"publisher":{"@id":"https:\/\/www.webdo.tn\/fr\/#organization"},"image":{"@id":"https:\/\/www.webdo.tn\/fr\/actualite\/national\/kais-saied-l-idee-d-installer-les-migrants-en-tunisie-contre-un-soutien-financier-est-inadmissible\/206521\/#primaryimage"},"thumbnailUrl":"https:\/\/www.webdo.tn\/fr\/wp-content\/uploads\/2023\/06\/4a0f32872dbb3b6088fe789846056e62.jpg","keywords":["Migration","Tunisie","UE","Union europ\u00e9enne"],"articleSection":["National"],"inLanguage":"fr-FR"},{"@type":"WebPage","@id":"https:\/\/www.webdo.tn\/fr\/actualite\/national\/kais-saied-l-idee-d-installer-les-migrants-en-tunisie-contre-un-soutien-financier-est-inadmissible\/206521\/","url":"https:\/\/www.webdo.tn\/fr\/actualite\/national\/kais-saied-l-idee-d-installer-les-migrants-en-tunisie-contre-un-soutien-financier-est-inadmissible\/206521\/","name":"Kais Saied : L\u2019id\u00e9e d\u2019installer les migrants en Tunisie contre un soutien financier est inadmissible","isPartOf":{"@id":"https:\/\/www.webdo.tn\/fr\/#website"},"primaryImageOfPage":{"@id":"https:\/\/www.webdo.tn\/fr\/actualite\/national\/kais-saied-l-idee-d-installer-les-migrants-en-tunisie-contre-un-soutien-financier-est-inadmissible\/206521\/#primaryimage"},"image":{"@id":"https:\/\/www.webdo.tn\/fr\/actualite\/national\/kais-saied-l-idee-d-installer-les-migrants-en-tunisie-contre-un-soutien-financier-est-inadmissible\/206521\/#primaryimage"},"thumbnailUrl":"https:\/\/www.webdo.tn\/fr\/wp-content\/uploads\/2023\/06\/4a0f32872dbb3b6088fe789846056e62.jpg","datePublished":"2023-06-12T09:01:00+00:00","dateModified":"2025-05-20T22:09:15+00:00","description":"Au cours de son entretien dimanche 11 juin 2023, au Palais de Carthage, avec la d\u00e9l\u00e9gation de l'UE, le pr\u00e9sident de la R\u00e9publique Kais Saied a \u00e9voqu\u00e9 le dossier...","breadcrumb":{"@id":"https:\/\/www.webdo.tn\/fr\/actualite\/national\/kais-saied-l-idee-d-installer-les-migrants-en-tunisie-contre-un-soutien-financier-est-inadmissible\/206521\/#breadcrumb"},"inLanguage":"fr-FR","potentialAction":[{"@type":"ReadAction","target":["https:\/\/www.webdo.tn\/fr\/actualite\/national\/kais-saied-l-idee-d-installer-les-migrants-en-tunisie-contre-un-soutien-financier-est-inadmissible\/206521\/"]}]},{"@type":"ImageObject","inLanguage":"fr-FR","@id":"https:\/\/www.webdo.tn\/fr\/actualite\/national\/kais-saied-l-idee-d-installer-les-migrants-en-tunisie-contre-un-soutien-financier-est-inadmissible\/206521\/#primaryimage","url":"https:\/\/www.webdo.tn\/fr\/wp-content\/uploads\/2023\/06\/4a0f32872dbb3b6088fe789846056e62.jpg","contentUrl":"https:\/\/www.webdo.tn\/fr\/wp-content\/uploads\/2023\/06\/4a0f32872dbb3b6088fe789846056e62.jpg","width":750,"height":400,"caption":"Kais Saied : \"L\u2019id\u00e9e d\u2019installer les migrants en Tunisie contre un soutien financier est inadmissible\""},{"@type":"BreadcrumbList","@id":"https:\/\/www.webdo.tn\/fr\/actualite\/national\/kais-saied-l-idee-d-installer-les-migrants-en-tunisie-contre-un-soutien-financier-est-inadmissible\/206521\/#breadcrumb","itemListElement":[{"@type":"ListItem","position":1,"name":"Accueil","item":"https:\/\/www.webdo.tn\/fr\/"},{"@type":"ListItem","position":2,"name":"Kais Saied : \u00ab\u00a0L\u2019id\u00e9e d\u2019installer les migrants en Tunisie contre un soutien financier est inadmissible\u00a0\u00bb"}]},{"@type":"WebSite","@id":"https:\/\/www.webdo.tn\/fr\/#website","url":"https:\/\/www.webdo.tn\/fr\/","name":"webdo","description":"Tunisie - News en Tunisie et \u00e0 l&#039;international sur Webdo.tn","publisher":{"@id":"https:\/\/www.webdo.tn\/fr\/#organization"},"potentialAction":[{"@type":"SearchAction","target":{"@type":"EntryPoint","urlTemplate":"https:\/\/www.webdo.tn\/fr\/?s={search_term_string}"},"query-input":{"@type":"PropertyValueSpecification","valueRequired":true,"valueName":"search_term_string"}}],"inLanguage":"fr-FR"},{"@type":"Organization","@id":"https:\/\/www.webdo.tn\/fr\/#organization","name":"Webdo","alternateName":"Webdo.tn","url":"https:\/\/www.webdo.tn\/fr\/","logo":{"@type":"ImageObject","inLanguage":"fr-FR","@id":"https:\/\/www.webdo.tn\/fr\/#\/schema\/logo\/image\/","url":"https:\/\/www.webdo.tn\/fr\/wp-content\/uploads\/2025\/06\/Webdo-Tunisie_168377.jpg","contentUrl":"https:\/\/www.webdo.tn\/fr\/wp-content\/uploads\/2025\/06\/Webdo-Tunisie_168377.jpg","width":301,"height":301,"caption":"Webdo"},"image":{"@id":"https:\/\/www.webdo.tn\/fr\/#\/schema\/logo\/image\/"},"sameAs":["https:\/\/www.facebook.com\/webdotn","https:\/\/x.com\/webdo_tn"],"description":"Webdo est un m\u00e9dia num\u00e9rique tunisien fond\u00e9 en 2010, sp\u00e9cialis\u00e9 dans l\u2019actualit\u00e9 nationale et internationale, l\u2019\u00e9conomie, la soci\u00e9t\u00e9 et les analyses politiques. Le site s\u2019adresse \u00e0 un large public francophone et couvre l\u2019information tunisienne en temps r\u00e9el.","email":"redac@webdo.tn","legalName":"YNJ SARL","foundingDate":"2010-09-06","numberOfEmployees":{"@type":"QuantitativeValue","minValue":"11","maxValue":"50"}},{"@type":"Person","@id":"https:\/\/www.webdo.tn\/fr\/#\/schema\/person\/2c4929cbf5a809e3bd38617c6ce150f6","name":"MC","image":{"@type":"ImageObject","inLanguage":"fr-FR","@id":"https:\/\/secure.gravatar.com\/avatar\/a545bbb6f84efdd5553dbbc2895e3ca8f1d12c5215e00a041c9670b54aa9b18a?s=96&d=mm&r=g","url":"https:\/\/secure.gravatar.com\/avatar\/a545bbb6f84efdd5553dbbc2895e3ca8f1d12c5215e00a041c9670b54aa9b18a?s=96&d=mm&r=g","contentUrl":"https:\/\/secure.gravatar.com\/avatar\/a545bbb6f84efdd5553dbbc2895e3ca8f1d12c5215e00a041c9670b54aa9b18a?s=96&d=mm&r=g","caption":"MC"},"url":"https:\/\/www.webdo.tn\/fr\/actualite\/author\/mc\/"}]}},"_links":{"self":[{"href":"https:\/\/www.webdo.tn\/fr\/wp-json\/wp\/v2\/posts\/206521","targetHints":{"allow":["GET"]}}],"collection":[{"href":"https:\/\/www.webdo.tn\/fr\/wp-json\/wp\/v2\/posts"}],"about":[{"href":"https:\/\/www.webdo.tn\/fr\/wp-json\/wp\/v2\/types\/post"}],"author":[{"embeddable":true,"href":"https:\/\/www.webdo.tn\/fr\/wp-json\/wp\/v2\/users\/3162"}],"replies":[{"embeddable":true,"href":"https:\/\/www.webdo.tn\/fr\/wp-json\/wp\/v2\/comments?post=206521"}],"version-history":[{"count":0,"href":"https:\/\/www.webdo.tn\/fr\/wp-json\/wp\/v2\/posts\/206521\/revisions"}],"wp:featuredmedia":[{"embeddable":true,"href":"https:\/\/www.webdo.tn\/fr\/wp-json\/wp\/v2\/media\/278339"}],"wp:attachment":[{"href":"https:\/\/www.webdo.tn\/fr\/wp-json\/wp\/v2\/media?parent=206521"}],"wp:term":[{"taxonomy":"category","embeddable":true,"href":"https:\/\/www.webdo.tn\/fr\/wp-json\/wp\/v2\/categories?post=206521"},{"taxonomy":"post_tag","embeddable":true,"href":"https:\/\/www.webdo.tn\/fr\/wp-json\/wp\/v2\/tags?post=206521"}],"curies":[{"name":"wp","href":"https:\/\/api.w.org\/{rel}","templated":true}]}}