{"id":206514,"date":"2023-06-11T15:18:00","date_gmt":"2023-06-11T15:18:00","guid":{"rendered":"https:\/\/www.webdo.tn\/fr\/blog\/l-ue-compte-soutenir-la-tunisie-avec-plus-d-un-milliard-d-euros\/206514\/"},"modified":"2025-05-14T10:40:08","modified_gmt":"2025-05-14T10:40:08","slug":"l-ue-compte-soutenir-la-tunisie-avec-plus-d-un-milliard-d-euros","status":"publish","type":"post","link":"https:\/\/www.webdo.tn\/fr\/actualite\/national\/l-ue-compte-soutenir-la-tunisie-avec-plus-d-un-milliard-d-euros\/206514\/","title":{"rendered":"L&rsquo;UE compte soutenir la Tunisie avec plus  d&rsquo;un milliard d&rsquo;euros"},"content":{"rendered":"<p>La pr\u00e9sidente de la Commission europ\u00e9enne Ursula von der Leyen, a propos\u00e9 un plan du partenariat avec la Tunisie, qui inclue un soutien \u00e0 la lutte contre l&rsquo;immigration clandestine, avec une aide financi\u00e8re pouvant atteindre plus d&rsquo;un milliard d&rsquo;euros \u00e0 long terme, selon France24 qui cite l&rsquo;AFP.<\/p>\n<p>\t\t\t\t\t\t\t\t\tUrsula von der Leyen, en visite \u00e0 Tunis, a confi\u00e9\u00a0avoir propos\u00e9 ce programme en cinq points, incluant \u00e9galement un soutien financier \u00e0 la lutte contre l&rsquo;immigration clandestine, au pr\u00e9sident Ka\u00efs Sa\u00efed.<\/p>\n<p>Elle a ainsi souhait\u00e9 la signature d&rsquo;un accord entre la Tunisie et l&rsquo;UE d&rsquo;ici au prochain sommet europ\u00e9en \u00e0 la fin du mois.<\/p>\n<p>La pr\u00e9sidente de la Commission europ\u00e9enne annonc\u00e9 un appui\u00a0financier \u00e0 la Tunisie d&rsquo;un montant de 900 millions d&rsquo;euros pour soutenir et d\u00e9velopper son \u00e9conomie, apr\u00e8s avoir trouv\u00e9 un accord dans les plus brefs d\u00e9lais, en plus d&rsquo;un soutien budg\u00e9taire imm\u00e9diat pouvant atteindre 150 millions d&rsquo;euros.<\/p>\n","protected":false},"excerpt":{"rendered":"<p>La pr\u00e9sidente de la Commission europ\u00e9enne Ursula von der Leyen, a propos\u00e9 un plan du partenariat avec la Tunisie, qui inclue un soutien \u00e0 la lutte contre l&rsquo;immi&#8230;<\/p>\n","protected":false},"author":3169,"featured_media":250895,"comment_status":"open","ping_status":"closed","sticky":false,"template":"","format":"standard","meta":{"footnotes":""},"categories":[44],"tags":[8325,3154,2608,2897],"class_list":["post-206514","post","type-post","status-publish","format-standard","has-post-thumbnail","hentry","category-national","tag-appui-financier","tag-economie","tag-tunisie","tag-ue"],"yoast_head":"<!-- This site is optimized with the Yoast SEO Premium plugin v27.4 (Yoast SEO v27.4) - https:\/\/yoast.com\/product\/yoast-seo-premium-wordpress\/ -->\n<title>L&#039;UE compte soutenir la Tunisie avec plus d&#039;un milliard d&#039;euros<\/title>\n<meta name=\"description\" content=\"La pr\u00e9sidente de la Commission europ\u00e9enne Ursula von der Leyen, a propos\u00e9 un plan du partenariat avec la Tunisie, qui inclue un soutien \u00e0 la lutte contre l&#039;immi...\" \/>\n<link rel=\"canonical\" href=\"https:\/\/www.webdo.tn\/fr\/actualite\/national\/l-ue-compte-soutenir-la-tunisie-avec-plus-d-un-milliard-d-euros\/206514\/\" \/>\n<meta property=\"og:locale\" content=\"fr_FR\" \/>\n<meta property=\"og:type\" content=\"article\" \/>\n<meta property=\"og:title\" content=\"L&#039;UE compte soutenir la Tunisie avec plus d&#039;un milliard d&#039;euros\" \/>\n<meta property=\"og:description\" content=\"La pr\u00e9sidente de la Commission europ\u00e9enne Ursula von der Leyen, a propos\u00e9 un plan du partenariat avec la Tunisie, qui inclue un soutien \u00e0 la lutte contre l&#039;immi...\" \/>\n<meta property=\"og:url\" content=\"https:\/\/www.webdo.tn\/fr\/actualite\/national\/l-ue-compte-soutenir-la-tunisie-avec-plus-d-un-milliard-d-euros\/206514\/\" \/>\n<meta property=\"og:site_name\" content=\"webdo\" \/>\n<meta property=\"article:publisher\" content=\"https:\/\/www.facebook.com\/webdotn\" \/>\n<meta property=\"article:published_time\" content=\"2023-06-11T15:18:00+00:00\" \/>\n<meta property=\"article:modified_time\" content=\"2025-05-14T10:40:08+00:00\" \/>\n<meta property=\"og:image\" content=\"https:\/\/www.webdo.tn\/fr\/wp-content\/uploads\/2023\/06\/b05edd1ae1629745ac6ab61eb1295949.webp\" \/>\n\t<meta property=\"og:image:width\" content=\"750\" \/>\n\t<meta property=\"og:image:height\" content=\"400\" \/>\n\t<meta property=\"og:image:type\" content=\"image\/webp\" \/>\n<meta name=\"author\" content=\"Webdo\" \/>\n<meta name=\"twitter:card\" content=\"summary_large_image\" \/>\n<meta name=\"twitter:creator\" content=\"@webdo_tn\" \/>\n<meta name=\"twitter:site\" content=\"@webdo_tn\" \/>\n<meta name=\"twitter:label1\" content=\"\u00c9crit par\" \/>\n\t<meta name=\"twitter:data1\" content=\"Webdo\" \/>\n\t<meta name=\"twitter:label2\" content=\"Dur\u00e9e de lecture estim\u00e9e\" \/>\n\t<meta name=\"twitter:data2\" content=\"1 minute\" \/>\n<script type=\"application\/ld+json\" class=\"yoast-schema-graph\">{\"@context\":\"https:\\\/\\\/schema.org\",\"@graph\":[{\"@type\":\"NewsArticle\",\"@id\":\"https:\\\/\\\/www.webdo.tn\\\/fr\\\/actualite\\\/national\\\/l-ue-compte-soutenir-la-tunisie-avec-plus-d-un-milliard-d-euros\\\/206514\\\/#article\",\"isPartOf\":{\"@id\":\"https:\\\/\\\/www.webdo.tn\\\/fr\\\/actualite\\\/national\\\/l-ue-compte-soutenir-la-tunisie-avec-plus-d-un-milliard-d-euros\\\/206514\\\/\"},\"author\":{\"name\":\"Webdo\",\"@id\":\"https:\\\/\\\/www.webdo.tn\\\/fr\\\/#\\\/schema\\\/person\\\/1f4e491e0907b413d61089e8eb573acc\"},\"headline\":\"L&rsquo;UE compte soutenir la Tunisie avec plus d&rsquo;un milliard d&rsquo;euros\",\"datePublished\":\"2023-06-11T15:18:00+00:00\",\"dateModified\":\"2025-05-14T10:40:08+00:00\",\"mainEntityOfPage\":{\"@id\":\"https:\\\/\\\/www.webdo.tn\\\/fr\\\/actualite\\\/national\\\/l-ue-compte-soutenir-la-tunisie-avec-plus-d-un-milliard-d-euros\\\/206514\\\/\"},\"wordCount\":179,\"commentCount\":0,\"publisher\":{\"@id\":\"https:\\\/\\\/www.webdo.tn\\\/fr\\\/#organization\"},\"image\":{\"@id\":\"https:\\\/\\\/www.webdo.tn\\\/fr\\\/actualite\\\/national\\\/l-ue-compte-soutenir-la-tunisie-avec-plus-d-un-milliard-d-euros\\\/206514\\\/#primaryimage\"},\"thumbnailUrl\":\"https:\\\/\\\/www.webdo.tn\\\/fr\\\/wp-content\\\/uploads\\\/2023\\\/06\\\/b05edd1ae1629745ac6ab61eb1295949.webp\",\"keywords\":[\"appui financier\",\"\u00e9conomie\",\"Tunisie\",\"UE\"],\"articleSection\":[\"National\"],\"inLanguage\":\"fr-FR\"},{\"@type\":\"WebPage\",\"@id\":\"https:\\\/\\\/www.webdo.tn\\\/fr\\\/actualite\\\/national\\\/l-ue-compte-soutenir-la-tunisie-avec-plus-d-un-milliard-d-euros\\\/206514\\\/\",\"url\":\"https:\\\/\\\/www.webdo.tn\\\/fr\\\/actualite\\\/national\\\/l-ue-compte-soutenir-la-tunisie-avec-plus-d-un-milliard-d-euros\\\/206514\\\/\",\"name\":\"L'UE compte soutenir la Tunisie avec plus d'un milliard d'euros\",\"isPartOf\":{\"@id\":\"https:\\\/\\\/www.webdo.tn\\\/fr\\\/#website\"},\"primaryImageOfPage\":{\"@id\":\"https:\\\/\\\/www.webdo.tn\\\/fr\\\/actualite\\\/national\\\/l-ue-compte-soutenir-la-tunisie-avec-plus-d-un-milliard-d-euros\\\/206514\\\/#primaryimage\"},\"image\":{\"@id\":\"https:\\\/\\\/www.webdo.tn\\\/fr\\\/actualite\\\/national\\\/l-ue-compte-soutenir-la-tunisie-avec-plus-d-un-milliard-d-euros\\\/206514\\\/#primaryimage\"},\"thumbnailUrl\":\"https:\\\/\\\/www.webdo.tn\\\/fr\\\/wp-content\\\/uploads\\\/2023\\\/06\\\/b05edd1ae1629745ac6ab61eb1295949.webp\",\"datePublished\":\"2023-06-11T15:18:00+00:00\",\"dateModified\":\"2025-05-14T10:40:08+00:00\",\"description\":\"La pr\u00e9sidente de la Commission europ\u00e9enne Ursula von der Leyen, a propos\u00e9 un plan du partenariat avec la Tunisie, qui inclue un soutien \u00e0 la lutte contre l'immi...\",\"breadcrumb\":{\"@id\":\"https:\\\/\\\/www.webdo.tn\\\/fr\\\/actualite\\\/national\\\/l-ue-compte-soutenir-la-tunisie-avec-plus-d-un-milliard-d-euros\\\/206514\\\/#breadcrumb\"},\"inLanguage\":\"fr-FR\",\"potentialAction\":[{\"@type\":\"ReadAction\",\"target\":[\"https:\\\/\\\/www.webdo.tn\\\/fr\\\/actualite\\\/national\\\/l-ue-compte-soutenir-la-tunisie-avec-plus-d-un-milliard-d-euros\\\/206514\\\/\"]}]},{\"@type\":\"ImageObject\",\"inLanguage\":\"fr-FR\",\"@id\":\"https:\\\/\\\/www.webdo.tn\\\/fr\\\/actualite\\\/national\\\/l-ue-compte-soutenir-la-tunisie-avec-plus-d-un-milliard-d-euros\\\/206514\\\/#primaryimage\",\"url\":\"https:\\\/\\\/www.webdo.tn\\\/fr\\\/wp-content\\\/uploads\\\/2023\\\/06\\\/b05edd1ae1629745ac6ab61eb1295949.webp\",\"contentUrl\":\"https:\\\/\\\/www.webdo.tn\\\/fr\\\/wp-content\\\/uploads\\\/2023\\\/06\\\/b05edd1ae1629745ac6ab61eb1295949.webp\",\"width\":750,\"height\":400,\"caption\":\"L'UE compte soutenir la Tunisie avec plus d'un milliard d'euros\"},{\"@type\":\"BreadcrumbList\",\"@id\":\"https:\\\/\\\/www.webdo.tn\\\/fr\\\/actualite\\\/national\\\/l-ue-compte-soutenir-la-tunisie-avec-plus-d-un-milliard-d-euros\\\/206514\\\/#breadcrumb\",\"itemListElement\":[{\"@type\":\"ListItem\",\"position\":1,\"name\":\"Accueil\",\"item\":\"https:\\\/\\\/www.webdo.tn\\\/fr\\\/\"},{\"@type\":\"ListItem\",\"position\":2,\"name\":\"L&#8217;UE compte soutenir la Tunisie avec plus d&#8217;un milliard d&#8217;euros\"}]},{\"@type\":\"WebSite\",\"@id\":\"https:\\\/\\\/www.webdo.tn\\\/fr\\\/#website\",\"url\":\"https:\\\/\\\/www.webdo.tn\\\/fr\\\/\",\"name\":\"webdo\",\"description\":\"Tunisie - News en Tunisie et \u00e0 l&#039;international sur Webdo.tn\",\"publisher\":{\"@id\":\"https:\\\/\\\/www.webdo.tn\\\/fr\\\/#organization\"},\"potentialAction\":[{\"@type\":\"SearchAction\",\"target\":{\"@type\":\"EntryPoint\",\"urlTemplate\":\"https:\\\/\\\/www.webdo.tn\\\/fr\\\/?s={search_term_string}\"},\"query-input\":{\"@type\":\"PropertyValueSpecification\",\"valueRequired\":true,\"valueName\":\"search_term_string\"}}],\"inLanguage\":\"fr-FR\"},{\"@type\":\"Organization\",\"@id\":\"https:\\\/\\\/www.webdo.tn\\\/fr\\\/#organization\",\"name\":\"Webdo\",\"alternateName\":\"Webdo.tn\",\"url\":\"https:\\\/\\\/www.webdo.tn\\\/fr\\\/\",\"logo\":{\"@type\":\"ImageObject\",\"inLanguage\":\"fr-FR\",\"@id\":\"https:\\\/\\\/www.webdo.tn\\\/fr\\\/#\\\/schema\\\/logo\\\/image\\\/\",\"url\":\"https:\\\/\\\/www.webdo.tn\\\/fr\\\/wp-content\\\/uploads\\\/2025\\\/06\\\/Webdo-Tunisie_168377.jpg\",\"contentUrl\":\"https:\\\/\\\/www.webdo.tn\\\/fr\\\/wp-content\\\/uploads\\\/2025\\\/06\\\/Webdo-Tunisie_168377.jpg\",\"width\":301,\"height\":301,\"caption\":\"Webdo\"},\"image\":{\"@id\":\"https:\\\/\\\/www.webdo.tn\\\/fr\\\/#\\\/schema\\\/logo\\\/image\\\/\"},\"sameAs\":[\"https:\\\/\\\/www.facebook.com\\\/webdotn\",\"https:\\\/\\\/x.com\\\/webdo_tn\"],\"description\":\"Webdo est un m\u00e9dia num\u00e9rique tunisien fond\u00e9 en 2010, sp\u00e9cialis\u00e9 dans l\u2019actualit\u00e9 nationale et internationale, l\u2019\u00e9conomie, la soci\u00e9t\u00e9 et les analyses politiques. Le site s\u2019adresse \u00e0 un large public francophone et couvre l\u2019information tunisienne en temps r\u00e9el.\",\"email\":\"redac@webdo.tn\",\"legalName\":\"YNJ SARL\",\"foundingDate\":\"2010-09-06\",\"numberOfEmployees\":{\"@type\":\"QuantitativeValue\",\"minValue\":\"11\",\"maxValue\":\"50\"}},{\"@type\":\"Person\",\"@id\":\"https:\\\/\\\/www.webdo.tn\\\/fr\\\/#\\\/schema\\\/person\\\/1f4e491e0907b413d61089e8eb573acc\",\"name\":\"Webdo\",\"image\":{\"@type\":\"ImageObject\",\"inLanguage\":\"fr-FR\",\"@id\":\"https:\\\/\\\/secure.gravatar.com\\\/avatar\\\/de97aeec1bb80978a9dbb127e47dfc88aaacb2f3c29aac907d8d3222e3495d49?s=96&d=mm&r=g\",\"url\":\"https:\\\/\\\/secure.gravatar.com\\\/avatar\\\/de97aeec1bb80978a9dbb127e47dfc88aaacb2f3c29aac907d8d3222e3495d49?s=96&d=mm&r=g\",\"contentUrl\":\"https:\\\/\\\/secure.gravatar.com\\\/avatar\\\/de97aeec1bb80978a9dbb127e47dfc88aaacb2f3c29aac907d8d3222e3495d49?s=96&d=mm&r=g\",\"caption\":\"Webdo\"},\"url\":\"https:\\\/\\\/www.webdo.tn\\\/fr\\\/actualite\\\/author\\\/webdo\\\/\"}]}<\/script>\n<!-- \/ Yoast SEO Premium plugin. -->","yoast_head_json":{"title":"L'UE compte soutenir la Tunisie avec plus d'un milliard d'euros","description":"La pr\u00e9sidente de la Commission europ\u00e9enne Ursula von der Leyen, a propos\u00e9 un plan du partenariat avec la Tunisie, qui inclue un soutien \u00e0 la lutte contre l'immi...","canonical":"https:\/\/www.webdo.tn\/fr\/actualite\/national\/l-ue-compte-soutenir-la-tunisie-avec-plus-d-un-milliard-d-euros\/206514\/","og_locale":"fr_FR","og_type":"article","og_title":"L'UE compte soutenir la Tunisie avec plus d'un milliard d'euros","og_description":"La pr\u00e9sidente de la Commission europ\u00e9enne Ursula von der Leyen, a propos\u00e9 un plan du partenariat avec la Tunisie, qui inclue un soutien \u00e0 la lutte contre l'immi...","og_url":"https:\/\/www.webdo.tn\/fr\/actualite\/national\/l-ue-compte-soutenir-la-tunisie-avec-plus-d-un-milliard-d-euros\/206514\/","og_site_name":"webdo","article_publisher":"https:\/\/www.facebook.com\/webdotn","article_published_time":"2023-06-11T15:18:00+00:00","article_modified_time":"2025-05-14T10:40:08+00:00","og_image":[{"width":750,"height":400,"url":"https:\/\/www.webdo.tn\/fr\/wp-content\/uploads\/2023\/06\/b05edd1ae1629745ac6ab61eb1295949.webp","type":"image\/webp"}],"author":"Webdo","twitter_card":"summary_large_image","twitter_creator":"@webdo_tn","twitter_site":"@webdo_tn","twitter_misc":{"\u00c9crit par":"Webdo","Dur\u00e9e de lecture estim\u00e9e":"1 minute"},"schema":{"@context":"https:\/\/schema.org","@graph":[{"@type":"NewsArticle","@id":"https:\/\/www.webdo.tn\/fr\/actualite\/national\/l-ue-compte-soutenir-la-tunisie-avec-plus-d-un-milliard-d-euros\/206514\/#article","isPartOf":{"@id":"https:\/\/www.webdo.tn\/fr\/actualite\/national\/l-ue-compte-soutenir-la-tunisie-avec-plus-d-un-milliard-d-euros\/206514\/"},"author":{"name":"Webdo","@id":"https:\/\/www.webdo.tn\/fr\/#\/schema\/person\/1f4e491e0907b413d61089e8eb573acc"},"headline":"L&rsquo;UE compte soutenir la Tunisie avec plus d&rsquo;un milliard d&rsquo;euros","datePublished":"2023-06-11T15:18:00+00:00","dateModified":"2025-05-14T10:40:08+00:00","mainEntityOfPage":{"@id":"https:\/\/www.webdo.tn\/fr\/actualite\/national\/l-ue-compte-soutenir-la-tunisie-avec-plus-d-un-milliard-d-euros\/206514\/"},"wordCount":179,"commentCount":0,"publisher":{"@id":"https:\/\/www.webdo.tn\/fr\/#organization"},"image":{"@id":"https:\/\/www.webdo.tn\/fr\/actualite\/national\/l-ue-compte-soutenir-la-tunisie-avec-plus-d-un-milliard-d-euros\/206514\/#primaryimage"},"thumbnailUrl":"https:\/\/www.webdo.tn\/fr\/wp-content\/uploads\/2023\/06\/b05edd1ae1629745ac6ab61eb1295949.webp","keywords":["appui financier","\u00e9conomie","Tunisie","UE"],"articleSection":["National"],"inLanguage":"fr-FR"},{"@type":"WebPage","@id":"https:\/\/www.webdo.tn\/fr\/actualite\/national\/l-ue-compte-soutenir-la-tunisie-avec-plus-d-un-milliard-d-euros\/206514\/","url":"https:\/\/www.webdo.tn\/fr\/actualite\/national\/l-ue-compte-soutenir-la-tunisie-avec-plus-d-un-milliard-d-euros\/206514\/","name":"L'UE compte soutenir la Tunisie avec plus d'un milliard d'euros","isPartOf":{"@id":"https:\/\/www.webdo.tn\/fr\/#website"},"primaryImageOfPage":{"@id":"https:\/\/www.webdo.tn\/fr\/actualite\/national\/l-ue-compte-soutenir-la-tunisie-avec-plus-d-un-milliard-d-euros\/206514\/#primaryimage"},"image":{"@id":"https:\/\/www.webdo.tn\/fr\/actualite\/national\/l-ue-compte-soutenir-la-tunisie-avec-plus-d-un-milliard-d-euros\/206514\/#primaryimage"},"thumbnailUrl":"https:\/\/www.webdo.tn\/fr\/wp-content\/uploads\/2023\/06\/b05edd1ae1629745ac6ab61eb1295949.webp","datePublished":"2023-06-11T15:18:00+00:00","dateModified":"2025-05-14T10:40:08+00:00","description":"La pr\u00e9sidente de la Commission europ\u00e9enne Ursula von der Leyen, a propos\u00e9 un plan du partenariat avec la Tunisie, qui inclue un soutien \u00e0 la lutte contre l'immi...","breadcrumb":{"@id":"https:\/\/www.webdo.tn\/fr\/actualite\/national\/l-ue-compte-soutenir-la-tunisie-avec-plus-d-un-milliard-d-euros\/206514\/#breadcrumb"},"inLanguage":"fr-FR","potentialAction":[{"@type":"ReadAction","target":["https:\/\/www.webdo.tn\/fr\/actualite\/national\/l-ue-compte-soutenir-la-tunisie-avec-plus-d-un-milliard-d-euros\/206514\/"]}]},{"@type":"ImageObject","inLanguage":"fr-FR","@id":"https:\/\/www.webdo.tn\/fr\/actualite\/national\/l-ue-compte-soutenir-la-tunisie-avec-plus-d-un-milliard-d-euros\/206514\/#primaryimage","url":"https:\/\/www.webdo.tn\/fr\/wp-content\/uploads\/2023\/06\/b05edd1ae1629745ac6ab61eb1295949.webp","contentUrl":"https:\/\/www.webdo.tn\/fr\/wp-content\/uploads\/2023\/06\/b05edd1ae1629745ac6ab61eb1295949.webp","width":750,"height":400,"caption":"L'UE compte soutenir la Tunisie avec plus d'un milliard d'euros"},{"@type":"BreadcrumbList","@id":"https:\/\/www.webdo.tn\/fr\/actualite\/national\/l-ue-compte-soutenir-la-tunisie-avec-plus-d-un-milliard-d-euros\/206514\/#breadcrumb","itemListElement":[{"@type":"ListItem","position":1,"name":"Accueil","item":"https:\/\/www.webdo.tn\/fr\/"},{"@type":"ListItem","position":2,"name":"L&#8217;UE compte soutenir la Tunisie avec plus d&#8217;un milliard d&#8217;euros"}]},{"@type":"WebSite","@id":"https:\/\/www.webdo.tn\/fr\/#website","url":"https:\/\/www.webdo.tn\/fr\/","name":"webdo","description":"Tunisie - News en Tunisie et \u00e0 l&#039;international sur Webdo.tn","publisher":{"@id":"https:\/\/www.webdo.tn\/fr\/#organization"},"potentialAction":[{"@type":"SearchAction","target":{"@type":"EntryPoint","urlTemplate":"https:\/\/www.webdo.tn\/fr\/?s={search_term_string}"},"query-input":{"@type":"PropertyValueSpecification","valueRequired":true,"valueName":"search_term_string"}}],"inLanguage":"fr-FR"},{"@type":"Organization","@id":"https:\/\/www.webdo.tn\/fr\/#organization","name":"Webdo","alternateName":"Webdo.tn","url":"https:\/\/www.webdo.tn\/fr\/","logo":{"@type":"ImageObject","inLanguage":"fr-FR","@id":"https:\/\/www.webdo.tn\/fr\/#\/schema\/logo\/image\/","url":"https:\/\/www.webdo.tn\/fr\/wp-content\/uploads\/2025\/06\/Webdo-Tunisie_168377.jpg","contentUrl":"https:\/\/www.webdo.tn\/fr\/wp-content\/uploads\/2025\/06\/Webdo-Tunisie_168377.jpg","width":301,"height":301,"caption":"Webdo"},"image":{"@id":"https:\/\/www.webdo.tn\/fr\/#\/schema\/logo\/image\/"},"sameAs":["https:\/\/www.facebook.com\/webdotn","https:\/\/x.com\/webdo_tn"],"description":"Webdo est un m\u00e9dia num\u00e9rique tunisien fond\u00e9 en 2010, sp\u00e9cialis\u00e9 dans l\u2019actualit\u00e9 nationale et internationale, l\u2019\u00e9conomie, la soci\u00e9t\u00e9 et les analyses politiques. Le site s\u2019adresse \u00e0 un large public francophone et couvre l\u2019information tunisienne en temps r\u00e9el.","email":"redac@webdo.tn","legalName":"YNJ SARL","foundingDate":"2010-09-06","numberOfEmployees":{"@type":"QuantitativeValue","minValue":"11","maxValue":"50"}},{"@type":"Person","@id":"https:\/\/www.webdo.tn\/fr\/#\/schema\/person\/1f4e491e0907b413d61089e8eb573acc","name":"Webdo","image":{"@type":"ImageObject","inLanguage":"fr-FR","@id":"https:\/\/secure.gravatar.com\/avatar\/de97aeec1bb80978a9dbb127e47dfc88aaacb2f3c29aac907d8d3222e3495d49?s=96&d=mm&r=g","url":"https:\/\/secure.gravatar.com\/avatar\/de97aeec1bb80978a9dbb127e47dfc88aaacb2f3c29aac907d8d3222e3495d49?s=96&d=mm&r=g","contentUrl":"https:\/\/secure.gravatar.com\/avatar\/de97aeec1bb80978a9dbb127e47dfc88aaacb2f3c29aac907d8d3222e3495d49?s=96&d=mm&r=g","caption":"Webdo"},"url":"https:\/\/www.webdo.tn\/fr\/actualite\/author\/webdo\/"}]}},"_links":{"self":[{"href":"https:\/\/www.webdo.tn\/fr\/wp-json\/wp\/v2\/posts\/206514","targetHints":{"allow":["GET"]}}],"collection":[{"href":"https:\/\/www.webdo.tn\/fr\/wp-json\/wp\/v2\/posts"}],"about":[{"href":"https:\/\/www.webdo.tn\/fr\/wp-json\/wp\/v2\/types\/post"}],"author":[{"embeddable":true,"href":"https:\/\/www.webdo.tn\/fr\/wp-json\/wp\/v2\/users\/3169"}],"replies":[{"embeddable":true,"href":"https:\/\/www.webdo.tn\/fr\/wp-json\/wp\/v2\/comments?post=206514"}],"version-history":[{"count":0,"href":"https:\/\/www.webdo.tn\/fr\/wp-json\/wp\/v2\/posts\/206514\/revisions"}],"wp:featuredmedia":[{"embeddable":true,"href":"https:\/\/www.webdo.tn\/fr\/wp-json\/wp\/v2\/media\/250895"}],"wp:attachment":[{"href":"https:\/\/www.webdo.tn\/fr\/wp-json\/wp\/v2\/media?parent=206514"}],"wp:term":[{"taxonomy":"category","embeddable":true,"href":"https:\/\/www.webdo.tn\/fr\/wp-json\/wp\/v2\/categories?post=206514"},{"taxonomy":"post_tag","embeddable":true,"href":"https:\/\/www.webdo.tn\/fr\/wp-json\/wp\/v2\/tags?post=206514"}],"curies":[{"name":"wp","href":"https:\/\/api.w.org\/{rel}","templated":true}]}}