{"id":206513,"date":"2023-06-11T14:40:00","date_gmt":"2023-06-11T14:40:00","guid":{"rendered":"https:\/\/www.webdo.tn\/fr\/blog\/tunisie-ursula-von-der-leyen-explique-le-programme-de-cooperation\/206513\/"},"modified":"2025-05-14T10:40:07","modified_gmt":"2025-05-14T10:40:07","slug":"tunisie-ursula-von-der-leyen-explique-le-programme-de-cooperation","status":"publish","type":"post","link":"https:\/\/www.webdo.tn\/fr\/actualite\/national\/tunisie-ursula-von-der-leyen-explique-le-programme-de-cooperation\/206513\/","title":{"rendered":"Tunisie : Ursula Von der Leyen explique le programme de coop\u00e9ration"},"content":{"rendered":"<p>Apr\u00e8s sa rencontre, au palais de Carthage, avec le pr\u00e9sident de la R\u00e9publique, Kais Saied, la pr\u00e9sidente de la Commission europ\u00e9enne, Ursula von der Leyen, a rappel\u00e9 que c&rsquo;est dans l&rsquo;int\u00e9r\u00eat commun avec la Tunisie qu&rsquo;il faut investir dans la stabilit\u00e9 et la prosp\u00e9rit\u00e9 du pays.<\/p>\n<p>\t\t\t\t\t\t\t\t\tUrsula von der Leyen a \u00e9galement\u00a0d\u00e9voil\u00e9 un programme de coop\u00e9ration qui comprend cinq axes principaux, dont le d\u00e9veloppement de l&rsquo;\u00e9conomie tunisienne, le soutien aux \u00e9changes commerciaux et \u00e0 l&rsquo;investissement, en plus des projets d&rsquo;\u00e9nergies \u00a0renouvelables.<\/p>\n<p>Ce programme porte notamment sur le dossier de l&rsquo;immigration et la n\u00e9cessit\u00e9 de lutter contre les r\u00e9seaux qui organisent les op\u00e9rations d&rsquo;immigration clandestine. Il est \u00e9galement question d&rsquo;un soutien accord\u00e9 aux \u00e9tudiants tunisiens \u00e0 travers le programme \u00ab\u00a0erasmus+\u00a0\u00bb<\/p>\n<p>De plus, la pr\u00e9sidente de la Commission europ\u00e9enne annonc\u00e9 un appui\u00a0financier \u00e0 la Tunisie d&rsquo;un montant de 900 millions d&rsquo;euros pour soutenir et d\u00e9velopper son \u00e9conomie, apr\u00e8s avoir trouv\u00e9 un accord dans les plus brefs d\u00e9lais, en plus d&rsquo;un soutien budg\u00e9taire imm\u00e9diat pouvant atteindre 150 millions d&rsquo;euros.<\/p>\n","protected":false},"excerpt":{"rendered":"<p>Apr\u00e8s sa rencontre, au palais de Carthage, avec le pr\u00e9sident de la R\u00e9publique, Kais Saied, la pr\u00e9sidente de la Commission europ\u00e9enne, Ursula von der Leyen, a ra&#8230;<\/p>\n","protected":false},"author":3169,"featured_media":250893,"comment_status":"open","ping_status":"closed","sticky":false,"template":"","format":"standard","meta":{"footnotes":""},"categories":[44],"tags":[3154,2660,8324,2608,2897],"class_list":["post-206513","post","type-post","status-publish","format-standard","has-post-thumbnail","hentry","category-national","tag-economie","tag-italie","tag-soutien-financier","tag-tunisie","tag-ue"],"yoast_head":"<!-- This site is optimized with the Yoast SEO Premium plugin v27.4 (Yoast SEO v27.4) - https:\/\/yoast.com\/product\/yoast-seo-premium-wordpress\/ -->\n<title>Tunisie : Ursula Von der Leyen explique le programme de coop\u00e9ration<\/title>\n<meta name=\"description\" content=\"Apr\u00e8s sa rencontre, au palais de Carthage, avec le pr\u00e9sident de la R\u00e9publique, Kais Saied, la pr\u00e9sidente de la Commission europ\u00e9enne, Ursula von der Leyen, a ra...\" \/>\n<link rel=\"canonical\" href=\"https:\/\/www.webdo.tn\/fr\/actualite\/national\/tunisie-ursula-von-der-leyen-explique-le-programme-de-cooperation\/206513\/\" \/>\n<meta property=\"og:locale\" content=\"fr_FR\" \/>\n<meta property=\"og:type\" content=\"article\" \/>\n<meta property=\"og:title\" content=\"Tunisie : Ursula Von der Leyen explique le programme de coop\u00e9ration\" \/>\n<meta property=\"og:description\" content=\"Apr\u00e8s sa rencontre, au palais de Carthage, avec le pr\u00e9sident de la R\u00e9publique, Kais Saied, la pr\u00e9sidente de la Commission europ\u00e9enne, Ursula von der Leyen, a ra...\" \/>\n<meta property=\"og:url\" content=\"https:\/\/www.webdo.tn\/fr\/actualite\/national\/tunisie-ursula-von-der-leyen-explique-le-programme-de-cooperation\/206513\/\" \/>\n<meta property=\"og:site_name\" content=\"webdo\" \/>\n<meta property=\"article:publisher\" content=\"https:\/\/www.facebook.com\/webdotn\" \/>\n<meta property=\"article:published_time\" content=\"2023-06-11T14:40:00+00:00\" \/>\n<meta property=\"article:modified_time\" content=\"2025-05-14T10:40:07+00:00\" \/>\n<meta property=\"og:image\" content=\"https:\/\/www.webdo.tn\/fr\/wp-content\/uploads\/2023\/06\/7a6558604e7a84dcb3cb00040a15ce86.png\" \/>\n\t<meta property=\"og:image:width\" content=\"659\" \/>\n\t<meta property=\"og:image:height\" content=\"351\" \/>\n\t<meta property=\"og:image:type\" content=\"image\/png\" \/>\n<meta name=\"author\" content=\"Webdo\" \/>\n<meta name=\"twitter:card\" content=\"summary_large_image\" \/>\n<meta name=\"twitter:creator\" content=\"@webdo_tn\" \/>\n<meta name=\"twitter:site\" content=\"@webdo_tn\" \/>\n<meta name=\"twitter:label1\" content=\"\u00c9crit par\" \/>\n\t<meta name=\"twitter:data1\" content=\"Webdo\" \/>\n\t<meta name=\"twitter:label2\" content=\"Dur\u00e9e de lecture estim\u00e9e\" \/>\n\t<meta name=\"twitter:data2\" content=\"1 minute\" \/>\n<script type=\"application\/ld+json\" class=\"yoast-schema-graph\">{\"@context\":\"https:\\\/\\\/schema.org\",\"@graph\":[{\"@type\":\"NewsArticle\",\"@id\":\"https:\\\/\\\/www.webdo.tn\\\/fr\\\/actualite\\\/national\\\/tunisie-ursula-von-der-leyen-explique-le-programme-de-cooperation\\\/206513\\\/#article\",\"isPartOf\":{\"@id\":\"https:\\\/\\\/www.webdo.tn\\\/fr\\\/actualite\\\/national\\\/tunisie-ursula-von-der-leyen-explique-le-programme-de-cooperation\\\/206513\\\/\"},\"author\":{\"name\":\"Webdo\",\"@id\":\"https:\\\/\\\/www.webdo.tn\\\/fr\\\/#\\\/schema\\\/person\\\/1f4e491e0907b413d61089e8eb573acc\"},\"headline\":\"Tunisie : Ursula Von der Leyen explique le programme de coop\u00e9ration\",\"datePublished\":\"2023-06-11T14:40:00+00:00\",\"dateModified\":\"2025-05-14T10:40:07+00:00\",\"mainEntityOfPage\":{\"@id\":\"https:\\\/\\\/www.webdo.tn\\\/fr\\\/actualite\\\/national\\\/tunisie-ursula-von-der-leyen-explique-le-programme-de-cooperation\\\/206513\\\/\"},\"wordCount\":208,\"commentCount\":0,\"publisher\":{\"@id\":\"https:\\\/\\\/www.webdo.tn\\\/fr\\\/#organization\"},\"image\":{\"@id\":\"https:\\\/\\\/www.webdo.tn\\\/fr\\\/actualite\\\/national\\\/tunisie-ursula-von-der-leyen-explique-le-programme-de-cooperation\\\/206513\\\/#primaryimage\"},\"thumbnailUrl\":\"https:\\\/\\\/www.webdo.tn\\\/fr\\\/wp-content\\\/uploads\\\/2023\\\/06\\\/7a6558604e7a84dcb3cb00040a15ce86.png\",\"keywords\":[\"\u00e9conomie\",\"Italie\",\"soutien financier\",\"Tunisie\",\"UE\"],\"articleSection\":[\"National\"],\"inLanguage\":\"fr-FR\"},{\"@type\":\"WebPage\",\"@id\":\"https:\\\/\\\/www.webdo.tn\\\/fr\\\/actualite\\\/national\\\/tunisie-ursula-von-der-leyen-explique-le-programme-de-cooperation\\\/206513\\\/\",\"url\":\"https:\\\/\\\/www.webdo.tn\\\/fr\\\/actualite\\\/national\\\/tunisie-ursula-von-der-leyen-explique-le-programme-de-cooperation\\\/206513\\\/\",\"name\":\"Tunisie : Ursula Von der Leyen explique le programme de coop\u00e9ration\",\"isPartOf\":{\"@id\":\"https:\\\/\\\/www.webdo.tn\\\/fr\\\/#website\"},\"primaryImageOfPage\":{\"@id\":\"https:\\\/\\\/www.webdo.tn\\\/fr\\\/actualite\\\/national\\\/tunisie-ursula-von-der-leyen-explique-le-programme-de-cooperation\\\/206513\\\/#primaryimage\"},\"image\":{\"@id\":\"https:\\\/\\\/www.webdo.tn\\\/fr\\\/actualite\\\/national\\\/tunisie-ursula-von-der-leyen-explique-le-programme-de-cooperation\\\/206513\\\/#primaryimage\"},\"thumbnailUrl\":\"https:\\\/\\\/www.webdo.tn\\\/fr\\\/wp-content\\\/uploads\\\/2023\\\/06\\\/7a6558604e7a84dcb3cb00040a15ce86.png\",\"datePublished\":\"2023-06-11T14:40:00+00:00\",\"dateModified\":\"2025-05-14T10:40:07+00:00\",\"description\":\"Apr\u00e8s sa rencontre, au palais de Carthage, avec le pr\u00e9sident de la R\u00e9publique, Kais Saied, la pr\u00e9sidente de la Commission europ\u00e9enne, Ursula von der Leyen, a ra...\",\"breadcrumb\":{\"@id\":\"https:\\\/\\\/www.webdo.tn\\\/fr\\\/actualite\\\/national\\\/tunisie-ursula-von-der-leyen-explique-le-programme-de-cooperation\\\/206513\\\/#breadcrumb\"},\"inLanguage\":\"fr-FR\",\"potentialAction\":[{\"@type\":\"ReadAction\",\"target\":[\"https:\\\/\\\/www.webdo.tn\\\/fr\\\/actualite\\\/national\\\/tunisie-ursula-von-der-leyen-explique-le-programme-de-cooperation\\\/206513\\\/\"]}]},{\"@type\":\"ImageObject\",\"inLanguage\":\"fr-FR\",\"@id\":\"https:\\\/\\\/www.webdo.tn\\\/fr\\\/actualite\\\/national\\\/tunisie-ursula-von-der-leyen-explique-le-programme-de-cooperation\\\/206513\\\/#primaryimage\",\"url\":\"https:\\\/\\\/www.webdo.tn\\\/fr\\\/wp-content\\\/uploads\\\/2023\\\/06\\\/7a6558604e7a84dcb3cb00040a15ce86.png\",\"contentUrl\":\"https:\\\/\\\/www.webdo.tn\\\/fr\\\/wp-content\\\/uploads\\\/2023\\\/06\\\/7a6558604e7a84dcb3cb00040a15ce86.png\",\"width\":659,\"height\":351,\"caption\":\"Tunisie : Ursula Von der Leyen explique le programme de coop\u00e9ration\"},{\"@type\":\"BreadcrumbList\",\"@id\":\"https:\\\/\\\/www.webdo.tn\\\/fr\\\/actualite\\\/national\\\/tunisie-ursula-von-der-leyen-explique-le-programme-de-cooperation\\\/206513\\\/#breadcrumb\",\"itemListElement\":[{\"@type\":\"ListItem\",\"position\":1,\"name\":\"Accueil\",\"item\":\"https:\\\/\\\/www.webdo.tn\\\/fr\\\/\"},{\"@type\":\"ListItem\",\"position\":2,\"name\":\"Tunisie : Ursula Von der Leyen explique le programme de coop\u00e9ration\"}]},{\"@type\":\"WebSite\",\"@id\":\"https:\\\/\\\/www.webdo.tn\\\/fr\\\/#website\",\"url\":\"https:\\\/\\\/www.webdo.tn\\\/fr\\\/\",\"name\":\"webdo\",\"description\":\"Tunisie - News en Tunisie et \u00e0 l&#039;international sur Webdo.tn\",\"publisher\":{\"@id\":\"https:\\\/\\\/www.webdo.tn\\\/fr\\\/#organization\"},\"potentialAction\":[{\"@type\":\"SearchAction\",\"target\":{\"@type\":\"EntryPoint\",\"urlTemplate\":\"https:\\\/\\\/www.webdo.tn\\\/fr\\\/?s={search_term_string}\"},\"query-input\":{\"@type\":\"PropertyValueSpecification\",\"valueRequired\":true,\"valueName\":\"search_term_string\"}}],\"inLanguage\":\"fr-FR\"},{\"@type\":\"Organization\",\"@id\":\"https:\\\/\\\/www.webdo.tn\\\/fr\\\/#organization\",\"name\":\"Webdo\",\"alternateName\":\"Webdo.tn\",\"url\":\"https:\\\/\\\/www.webdo.tn\\\/fr\\\/\",\"logo\":{\"@type\":\"ImageObject\",\"inLanguage\":\"fr-FR\",\"@id\":\"https:\\\/\\\/www.webdo.tn\\\/fr\\\/#\\\/schema\\\/logo\\\/image\\\/\",\"url\":\"https:\\\/\\\/www.webdo.tn\\\/fr\\\/wp-content\\\/uploads\\\/2025\\\/06\\\/Webdo-Tunisie_168377.jpg\",\"contentUrl\":\"https:\\\/\\\/www.webdo.tn\\\/fr\\\/wp-content\\\/uploads\\\/2025\\\/06\\\/Webdo-Tunisie_168377.jpg\",\"width\":301,\"height\":301,\"caption\":\"Webdo\"},\"image\":{\"@id\":\"https:\\\/\\\/www.webdo.tn\\\/fr\\\/#\\\/schema\\\/logo\\\/image\\\/\"},\"sameAs\":[\"https:\\\/\\\/www.facebook.com\\\/webdotn\",\"https:\\\/\\\/x.com\\\/webdo_tn\"],\"description\":\"Webdo est un m\u00e9dia num\u00e9rique tunisien fond\u00e9 en 2010, sp\u00e9cialis\u00e9 dans l\u2019actualit\u00e9 nationale et internationale, l\u2019\u00e9conomie, la soci\u00e9t\u00e9 et les analyses politiques. Le site s\u2019adresse \u00e0 un large public francophone et couvre l\u2019information tunisienne en temps r\u00e9el.\",\"email\":\"redac@webdo.tn\",\"legalName\":\"YNJ SARL\",\"foundingDate\":\"2010-09-06\",\"numberOfEmployees\":{\"@type\":\"QuantitativeValue\",\"minValue\":\"11\",\"maxValue\":\"50\"}},{\"@type\":\"Person\",\"@id\":\"https:\\\/\\\/www.webdo.tn\\\/fr\\\/#\\\/schema\\\/person\\\/1f4e491e0907b413d61089e8eb573acc\",\"name\":\"Webdo\",\"image\":{\"@type\":\"ImageObject\",\"inLanguage\":\"fr-FR\",\"@id\":\"https:\\\/\\\/secure.gravatar.com\\\/avatar\\\/de97aeec1bb80978a9dbb127e47dfc88aaacb2f3c29aac907d8d3222e3495d49?s=96&d=mm&r=g\",\"url\":\"https:\\\/\\\/secure.gravatar.com\\\/avatar\\\/de97aeec1bb80978a9dbb127e47dfc88aaacb2f3c29aac907d8d3222e3495d49?s=96&d=mm&r=g\",\"contentUrl\":\"https:\\\/\\\/secure.gravatar.com\\\/avatar\\\/de97aeec1bb80978a9dbb127e47dfc88aaacb2f3c29aac907d8d3222e3495d49?s=96&d=mm&r=g\",\"caption\":\"Webdo\"},\"url\":\"https:\\\/\\\/www.webdo.tn\\\/fr\\\/actualite\\\/author\\\/webdo\\\/\"}]}<\/script>\n<!-- \/ Yoast SEO Premium plugin. -->","yoast_head_json":{"title":"Tunisie : Ursula Von der Leyen explique le programme de coop\u00e9ration","description":"Apr\u00e8s sa rencontre, au palais de Carthage, avec le pr\u00e9sident de la R\u00e9publique, Kais Saied, la pr\u00e9sidente de la Commission europ\u00e9enne, Ursula von der Leyen, a ra...","canonical":"https:\/\/www.webdo.tn\/fr\/actualite\/national\/tunisie-ursula-von-der-leyen-explique-le-programme-de-cooperation\/206513\/","og_locale":"fr_FR","og_type":"article","og_title":"Tunisie : Ursula Von der Leyen explique le programme de coop\u00e9ration","og_description":"Apr\u00e8s sa rencontre, au palais de Carthage, avec le pr\u00e9sident de la R\u00e9publique, Kais Saied, la pr\u00e9sidente de la Commission europ\u00e9enne, Ursula von der Leyen, a ra...","og_url":"https:\/\/www.webdo.tn\/fr\/actualite\/national\/tunisie-ursula-von-der-leyen-explique-le-programme-de-cooperation\/206513\/","og_site_name":"webdo","article_publisher":"https:\/\/www.facebook.com\/webdotn","article_published_time":"2023-06-11T14:40:00+00:00","article_modified_time":"2025-05-14T10:40:07+00:00","og_image":[{"width":659,"height":351,"url":"https:\/\/www.webdo.tn\/fr\/wp-content\/uploads\/2023\/06\/7a6558604e7a84dcb3cb00040a15ce86.png","type":"image\/png"}],"author":"Webdo","twitter_card":"summary_large_image","twitter_creator":"@webdo_tn","twitter_site":"@webdo_tn","twitter_misc":{"\u00c9crit par":"Webdo","Dur\u00e9e de lecture estim\u00e9e":"1 minute"},"schema":{"@context":"https:\/\/schema.org","@graph":[{"@type":"NewsArticle","@id":"https:\/\/www.webdo.tn\/fr\/actualite\/national\/tunisie-ursula-von-der-leyen-explique-le-programme-de-cooperation\/206513\/#article","isPartOf":{"@id":"https:\/\/www.webdo.tn\/fr\/actualite\/national\/tunisie-ursula-von-der-leyen-explique-le-programme-de-cooperation\/206513\/"},"author":{"name":"Webdo","@id":"https:\/\/www.webdo.tn\/fr\/#\/schema\/person\/1f4e491e0907b413d61089e8eb573acc"},"headline":"Tunisie : Ursula Von der Leyen explique le programme de coop\u00e9ration","datePublished":"2023-06-11T14:40:00+00:00","dateModified":"2025-05-14T10:40:07+00:00","mainEntityOfPage":{"@id":"https:\/\/www.webdo.tn\/fr\/actualite\/national\/tunisie-ursula-von-der-leyen-explique-le-programme-de-cooperation\/206513\/"},"wordCount":208,"commentCount":0,"publisher":{"@id":"https:\/\/www.webdo.tn\/fr\/#organization"},"image":{"@id":"https:\/\/www.webdo.tn\/fr\/actualite\/national\/tunisie-ursula-von-der-leyen-explique-le-programme-de-cooperation\/206513\/#primaryimage"},"thumbnailUrl":"https:\/\/www.webdo.tn\/fr\/wp-content\/uploads\/2023\/06\/7a6558604e7a84dcb3cb00040a15ce86.png","keywords":["\u00e9conomie","Italie","soutien financier","Tunisie","UE"],"articleSection":["National"],"inLanguage":"fr-FR"},{"@type":"WebPage","@id":"https:\/\/www.webdo.tn\/fr\/actualite\/national\/tunisie-ursula-von-der-leyen-explique-le-programme-de-cooperation\/206513\/","url":"https:\/\/www.webdo.tn\/fr\/actualite\/national\/tunisie-ursula-von-der-leyen-explique-le-programme-de-cooperation\/206513\/","name":"Tunisie : Ursula Von der Leyen explique le programme de coop\u00e9ration","isPartOf":{"@id":"https:\/\/www.webdo.tn\/fr\/#website"},"primaryImageOfPage":{"@id":"https:\/\/www.webdo.tn\/fr\/actualite\/national\/tunisie-ursula-von-der-leyen-explique-le-programme-de-cooperation\/206513\/#primaryimage"},"image":{"@id":"https:\/\/www.webdo.tn\/fr\/actualite\/national\/tunisie-ursula-von-der-leyen-explique-le-programme-de-cooperation\/206513\/#primaryimage"},"thumbnailUrl":"https:\/\/www.webdo.tn\/fr\/wp-content\/uploads\/2023\/06\/7a6558604e7a84dcb3cb00040a15ce86.png","datePublished":"2023-06-11T14:40:00+00:00","dateModified":"2025-05-14T10:40:07+00:00","description":"Apr\u00e8s sa rencontre, au palais de Carthage, avec le pr\u00e9sident de la R\u00e9publique, Kais Saied, la pr\u00e9sidente de la Commission europ\u00e9enne, Ursula von der Leyen, a ra...","breadcrumb":{"@id":"https:\/\/www.webdo.tn\/fr\/actualite\/national\/tunisie-ursula-von-der-leyen-explique-le-programme-de-cooperation\/206513\/#breadcrumb"},"inLanguage":"fr-FR","potentialAction":[{"@type":"ReadAction","target":["https:\/\/www.webdo.tn\/fr\/actualite\/national\/tunisie-ursula-von-der-leyen-explique-le-programme-de-cooperation\/206513\/"]}]},{"@type":"ImageObject","inLanguage":"fr-FR","@id":"https:\/\/www.webdo.tn\/fr\/actualite\/national\/tunisie-ursula-von-der-leyen-explique-le-programme-de-cooperation\/206513\/#primaryimage","url":"https:\/\/www.webdo.tn\/fr\/wp-content\/uploads\/2023\/06\/7a6558604e7a84dcb3cb00040a15ce86.png","contentUrl":"https:\/\/www.webdo.tn\/fr\/wp-content\/uploads\/2023\/06\/7a6558604e7a84dcb3cb00040a15ce86.png","width":659,"height":351,"caption":"Tunisie : Ursula Von der Leyen explique le programme de coop\u00e9ration"},{"@type":"BreadcrumbList","@id":"https:\/\/www.webdo.tn\/fr\/actualite\/national\/tunisie-ursula-von-der-leyen-explique-le-programme-de-cooperation\/206513\/#breadcrumb","itemListElement":[{"@type":"ListItem","position":1,"name":"Accueil","item":"https:\/\/www.webdo.tn\/fr\/"},{"@type":"ListItem","position":2,"name":"Tunisie : Ursula Von der Leyen explique le programme de coop\u00e9ration"}]},{"@type":"WebSite","@id":"https:\/\/www.webdo.tn\/fr\/#website","url":"https:\/\/www.webdo.tn\/fr\/","name":"webdo","description":"Tunisie - News en Tunisie et \u00e0 l&#039;international sur Webdo.tn","publisher":{"@id":"https:\/\/www.webdo.tn\/fr\/#organization"},"potentialAction":[{"@type":"SearchAction","target":{"@type":"EntryPoint","urlTemplate":"https:\/\/www.webdo.tn\/fr\/?s={search_term_string}"},"query-input":{"@type":"PropertyValueSpecification","valueRequired":true,"valueName":"search_term_string"}}],"inLanguage":"fr-FR"},{"@type":"Organization","@id":"https:\/\/www.webdo.tn\/fr\/#organization","name":"Webdo","alternateName":"Webdo.tn","url":"https:\/\/www.webdo.tn\/fr\/","logo":{"@type":"ImageObject","inLanguage":"fr-FR","@id":"https:\/\/www.webdo.tn\/fr\/#\/schema\/logo\/image\/","url":"https:\/\/www.webdo.tn\/fr\/wp-content\/uploads\/2025\/06\/Webdo-Tunisie_168377.jpg","contentUrl":"https:\/\/www.webdo.tn\/fr\/wp-content\/uploads\/2025\/06\/Webdo-Tunisie_168377.jpg","width":301,"height":301,"caption":"Webdo"},"image":{"@id":"https:\/\/www.webdo.tn\/fr\/#\/schema\/logo\/image\/"},"sameAs":["https:\/\/www.facebook.com\/webdotn","https:\/\/x.com\/webdo_tn"],"description":"Webdo est un m\u00e9dia num\u00e9rique tunisien fond\u00e9 en 2010, sp\u00e9cialis\u00e9 dans l\u2019actualit\u00e9 nationale et internationale, l\u2019\u00e9conomie, la soci\u00e9t\u00e9 et les analyses politiques. Le site s\u2019adresse \u00e0 un large public francophone et couvre l\u2019information tunisienne en temps r\u00e9el.","email":"redac@webdo.tn","legalName":"YNJ SARL","foundingDate":"2010-09-06","numberOfEmployees":{"@type":"QuantitativeValue","minValue":"11","maxValue":"50"}},{"@type":"Person","@id":"https:\/\/www.webdo.tn\/fr\/#\/schema\/person\/1f4e491e0907b413d61089e8eb573acc","name":"Webdo","image":{"@type":"ImageObject","inLanguage":"fr-FR","@id":"https:\/\/secure.gravatar.com\/avatar\/de97aeec1bb80978a9dbb127e47dfc88aaacb2f3c29aac907d8d3222e3495d49?s=96&d=mm&r=g","url":"https:\/\/secure.gravatar.com\/avatar\/de97aeec1bb80978a9dbb127e47dfc88aaacb2f3c29aac907d8d3222e3495d49?s=96&d=mm&r=g","contentUrl":"https:\/\/secure.gravatar.com\/avatar\/de97aeec1bb80978a9dbb127e47dfc88aaacb2f3c29aac907d8d3222e3495d49?s=96&d=mm&r=g","caption":"Webdo"},"url":"https:\/\/www.webdo.tn\/fr\/actualite\/author\/webdo\/"}]}},"_links":{"self":[{"href":"https:\/\/www.webdo.tn\/fr\/wp-json\/wp\/v2\/posts\/206513","targetHints":{"allow":["GET"]}}],"collection":[{"href":"https:\/\/www.webdo.tn\/fr\/wp-json\/wp\/v2\/posts"}],"about":[{"href":"https:\/\/www.webdo.tn\/fr\/wp-json\/wp\/v2\/types\/post"}],"author":[{"embeddable":true,"href":"https:\/\/www.webdo.tn\/fr\/wp-json\/wp\/v2\/users\/3169"}],"replies":[{"embeddable":true,"href":"https:\/\/www.webdo.tn\/fr\/wp-json\/wp\/v2\/comments?post=206513"}],"version-history":[{"count":0,"href":"https:\/\/www.webdo.tn\/fr\/wp-json\/wp\/v2\/posts\/206513\/revisions"}],"wp:featuredmedia":[{"embeddable":true,"href":"https:\/\/www.webdo.tn\/fr\/wp-json\/wp\/v2\/media\/250893"}],"wp:attachment":[{"href":"https:\/\/www.webdo.tn\/fr\/wp-json\/wp\/v2\/media?parent=206513"}],"wp:term":[{"taxonomy":"category","embeddable":true,"href":"https:\/\/www.webdo.tn\/fr\/wp-json\/wp\/v2\/categories?post=206513"},{"taxonomy":"post_tag","embeddable":true,"href":"https:\/\/www.webdo.tn\/fr\/wp-json\/wp\/v2\/tags?post=206513"}],"curies":[{"name":"wp","href":"https:\/\/api.w.org\/{rel}","templated":true}]}}