{"id":206510,"date":"2023-06-11T13:24:00","date_gmt":"2023-06-11T13:24:00","guid":{"rendered":"https:\/\/www.webdo.tn\/fr\/blog\/kais-saied-recoit-ursula-von-der-leyen-mark-rutte-et-giorgia-meloni\/206510\/"},"modified":"2025-05-14T10:40:06","modified_gmt":"2025-05-14T10:40:06","slug":"kais-saied-recoit-ursula-von-der-leyen-mark-rutte-et-giorgia-meloni","status":"publish","type":"post","link":"https:\/\/www.webdo.tn\/fr\/actualite\/national\/kais-saied-recoit-ursula-von-der-leyen-mark-rutte-et-giorgia-meloni\/206510\/","title":{"rendered":"Kais Saied re\u00e7oit Ursula von der Leyen, Mark Rutte et Giorgia Meloni"},"content":{"rendered":"<p>Le chef de l&rsquo;Etat, Ka\u00efs Sa\u00efed, a re\u00e7u, ce dimanche 11 juin 2023, une d\u00e9l\u00e9gation europ\u00e9enne repr\u00e9sent\u00e9e par la pr\u00e9sidente du Conseil italien, Giorgia Meloni, la pr\u00e9sidente de la Commission europ\u00e9enne, Ursula von der Leyen, ainsi que le Premier ministre des Pays-Bas, Mark Rutte.<\/p>\n<p>\t\t\t\t\t\t\t\t\tCette rencontre devrait traiter\u00a0sur les relations bilat\u00e9rales entre l&rsquo;Union europ\u00e9enne et la Tunisie. L&rsquo;accord de collaboration en \u00e9conomie, l&rsquo;\u00e9nergie et l&rsquo;immigration sera au c\u0153ur des d\u00e9bats.<\/p>\n<p>Un accord de coop\u00e9ration dans les domaines de l&rsquo;\u00e9conomie, de l&rsquo;\u00e9nergie et de la migration sera m\u00eame au centre des discussions.<\/p>\n<p>Cette visite intervient alors que les pourparlers entre la Tunisie et le Fonds Mon\u00e9taire International (FMI) tra\u00eenent toujours en longueur pour la validation d\u2019un un nouveau pr\u00eat de 1,9 milliard de dollars.<\/p>\n<p>Des pourparlers difficiles dans la mesure o\u00f9 Kais Saied refuse les r\u00e9formes pr\u00e9conis\u00e9es pr\u00e9voyant la restructuration de plus d\u2019une centaine d\u2019entreprises publiques et la lev\u00e9e des subventions sur certains produits de base.<\/p>\n<p>Selon Paolo Gentiloni, commissaire europ\u00e9en \u00e0 l&rsquo;\u00e9conomie, la Commission europ\u00e9enne pr\u00e9voit un programme \u00e9conomique pour la Tunisie. Il a ainsi annonc\u00e9, aujourd\u2019hui, que la Commission europ\u00e9enne travaillait sur une assistance financi\u00e8re de 900 millions d\u2019euros en faveur de la Tunisie. Ce programme \u00e9conomique pour la Tunisie serait ajout\u00e9 \u00e0 celui du Fonds mon\u00e9taire international, en compl\u00e9ment de l\u2019accord que le pays est en train de n\u00e9gocier avec l\u2019instance financi\u00e8re.<\/p>\n","protected":false},"excerpt":{"rendered":"<p>Le chef de l&rsquo;Etat, Ka\u00efs Sa\u00efed, a re\u00e7u, ce dimanche 11 juin 2023, une d\u00e9l\u00e9gation europ\u00e9enne repr\u00e9sent\u00e9e par la pr\u00e9sidente du Conseil italien, Giorgia Meloni, la&#8230;<\/p>\n","protected":false},"author":3169,"featured_media":250892,"comment_status":"open","ping_status":"closed","sticky":false,"template":"","format":"standard","meta":{"footnotes":""},"categories":[44],"tags":[3154,2614,2608,2897],"class_list":["post-206510","post","type-post","status-publish","format-standard","has-post-thumbnail","hentry","category-national","tag-economie","tag-kais-saied","tag-tunisie","tag-ue"],"yoast_head":"<!-- This site is optimized with the Yoast SEO Premium plugin v27.4 (Yoast SEO v27.4) - https:\/\/yoast.com\/product\/yoast-seo-premium-wordpress\/ -->\n<title>Kais Saied re\u00e7oit Ursula von der Leyen, Mark Rutte et Giorgia Meloni<\/title>\n<meta name=\"description\" content=\"Le chef de l&#039;Etat, Ka\u00efs Sa\u00efed, a re\u00e7u, ce dimanche 11 juin 2023, une d\u00e9l\u00e9gation europ\u00e9enne repr\u00e9sent\u00e9e par la pr\u00e9sidente du Conseil italien, Giorgia Meloni, la...\" \/>\n<link rel=\"canonical\" href=\"https:\/\/www.webdo.tn\/fr\/actualite\/national\/kais-saied-recoit-ursula-von-der-leyen-mark-rutte-et-giorgia-meloni\/206510\/\" \/>\n<meta property=\"og:locale\" content=\"fr_FR\" \/>\n<meta property=\"og:type\" content=\"article\" \/>\n<meta property=\"og:title\" content=\"Kais Saied re\u00e7oit Ursula von der Leyen, Mark Rutte et Giorgia Meloni\" \/>\n<meta property=\"og:description\" content=\"Le chef de l&#039;Etat, Ka\u00efs Sa\u00efed, a re\u00e7u, ce dimanche 11 juin 2023, une d\u00e9l\u00e9gation europ\u00e9enne repr\u00e9sent\u00e9e par la pr\u00e9sidente du Conseil italien, Giorgia Meloni, la...\" \/>\n<meta property=\"og:url\" content=\"https:\/\/www.webdo.tn\/fr\/actualite\/national\/kais-saied-recoit-ursula-von-der-leyen-mark-rutte-et-giorgia-meloni\/206510\/\" \/>\n<meta property=\"og:site_name\" content=\"webdo\" \/>\n<meta property=\"article:publisher\" content=\"https:\/\/www.facebook.com\/webdotn\" \/>\n<meta property=\"article:published_time\" content=\"2023-06-11T13:24:00+00:00\" \/>\n<meta property=\"article:modified_time\" content=\"2025-05-14T10:40:06+00:00\" \/>\n<meta property=\"og:image\" content=\"https:\/\/www.webdo.tn\/fr\/wp-content\/uploads\/2023\/06\/8c183ba4b62a7f3304ae207a0163d871.jpg\" \/>\n\t<meta property=\"og:image:width\" content=\"700\" \/>\n\t<meta property=\"og:image:height\" content=\"373\" \/>\n\t<meta property=\"og:image:type\" content=\"image\/jpeg\" \/>\n<meta name=\"author\" content=\"Webdo\" \/>\n<meta name=\"twitter:card\" content=\"summary_large_image\" \/>\n<meta name=\"twitter:creator\" content=\"@webdo_tn\" \/>\n<meta name=\"twitter:site\" content=\"@webdo_tn\" \/>\n<meta name=\"twitter:label1\" content=\"\u00c9crit par\" \/>\n\t<meta name=\"twitter:data1\" content=\"Webdo\" \/>\n\t<meta name=\"twitter:label2\" content=\"Dur\u00e9e de lecture estim\u00e9e\" \/>\n\t<meta name=\"twitter:data2\" content=\"1 minute\" \/>\n<script type=\"application\/ld+json\" class=\"yoast-schema-graph\">{\"@context\":\"https:\\\/\\\/schema.org\",\"@graph\":[{\"@type\":\"NewsArticle\",\"@id\":\"https:\\\/\\\/www.webdo.tn\\\/fr\\\/actualite\\\/national\\\/kais-saied-recoit-ursula-von-der-leyen-mark-rutte-et-giorgia-meloni\\\/206510\\\/#article\",\"isPartOf\":{\"@id\":\"https:\\\/\\\/www.webdo.tn\\\/fr\\\/actualite\\\/national\\\/kais-saied-recoit-ursula-von-der-leyen-mark-rutte-et-giorgia-meloni\\\/206510\\\/\"},\"author\":{\"name\":\"Webdo\",\"@id\":\"https:\\\/\\\/www.webdo.tn\\\/fr\\\/#\\\/schema\\\/person\\\/1f4e491e0907b413d61089e8eb573acc\"},\"headline\":\"Kais Saied re\u00e7oit Ursula von der Leyen, Mark Rutte et Giorgia Meloni\",\"datePublished\":\"2023-06-11T13:24:00+00:00\",\"dateModified\":\"2025-05-14T10:40:06+00:00\",\"mainEntityOfPage\":{\"@id\":\"https:\\\/\\\/www.webdo.tn\\\/fr\\\/actualite\\\/national\\\/kais-saied-recoit-ursula-von-der-leyen-mark-rutte-et-giorgia-meloni\\\/206510\\\/\"},\"wordCount\":281,\"commentCount\":0,\"publisher\":{\"@id\":\"https:\\\/\\\/www.webdo.tn\\\/fr\\\/#organization\"},\"image\":{\"@id\":\"https:\\\/\\\/www.webdo.tn\\\/fr\\\/actualite\\\/national\\\/kais-saied-recoit-ursula-von-der-leyen-mark-rutte-et-giorgia-meloni\\\/206510\\\/#primaryimage\"},\"thumbnailUrl\":\"https:\\\/\\\/www.webdo.tn\\\/fr\\\/wp-content\\\/uploads\\\/2023\\\/06\\\/8c183ba4b62a7f3304ae207a0163d871.jpg\",\"keywords\":[\"\u00e9conomie\",\"Kais Saied\",\"Tunisie\",\"UE\"],\"articleSection\":[\"National\"],\"inLanguage\":\"fr-FR\"},{\"@type\":\"WebPage\",\"@id\":\"https:\\\/\\\/www.webdo.tn\\\/fr\\\/actualite\\\/national\\\/kais-saied-recoit-ursula-von-der-leyen-mark-rutte-et-giorgia-meloni\\\/206510\\\/\",\"url\":\"https:\\\/\\\/www.webdo.tn\\\/fr\\\/actualite\\\/national\\\/kais-saied-recoit-ursula-von-der-leyen-mark-rutte-et-giorgia-meloni\\\/206510\\\/\",\"name\":\"Kais Saied re\u00e7oit Ursula von der Leyen, Mark Rutte et Giorgia Meloni\",\"isPartOf\":{\"@id\":\"https:\\\/\\\/www.webdo.tn\\\/fr\\\/#website\"},\"primaryImageOfPage\":{\"@id\":\"https:\\\/\\\/www.webdo.tn\\\/fr\\\/actualite\\\/national\\\/kais-saied-recoit-ursula-von-der-leyen-mark-rutte-et-giorgia-meloni\\\/206510\\\/#primaryimage\"},\"image\":{\"@id\":\"https:\\\/\\\/www.webdo.tn\\\/fr\\\/actualite\\\/national\\\/kais-saied-recoit-ursula-von-der-leyen-mark-rutte-et-giorgia-meloni\\\/206510\\\/#primaryimage\"},\"thumbnailUrl\":\"https:\\\/\\\/www.webdo.tn\\\/fr\\\/wp-content\\\/uploads\\\/2023\\\/06\\\/8c183ba4b62a7f3304ae207a0163d871.jpg\",\"datePublished\":\"2023-06-11T13:24:00+00:00\",\"dateModified\":\"2025-05-14T10:40:06+00:00\",\"description\":\"Le chef de l'Etat, Ka\u00efs Sa\u00efed, a re\u00e7u, ce dimanche 11 juin 2023, une d\u00e9l\u00e9gation europ\u00e9enne repr\u00e9sent\u00e9e par la pr\u00e9sidente du Conseil italien, Giorgia Meloni, la...\",\"breadcrumb\":{\"@id\":\"https:\\\/\\\/www.webdo.tn\\\/fr\\\/actualite\\\/national\\\/kais-saied-recoit-ursula-von-der-leyen-mark-rutte-et-giorgia-meloni\\\/206510\\\/#breadcrumb\"},\"inLanguage\":\"fr-FR\",\"potentialAction\":[{\"@type\":\"ReadAction\",\"target\":[\"https:\\\/\\\/www.webdo.tn\\\/fr\\\/actualite\\\/national\\\/kais-saied-recoit-ursula-von-der-leyen-mark-rutte-et-giorgia-meloni\\\/206510\\\/\"]}]},{\"@type\":\"ImageObject\",\"inLanguage\":\"fr-FR\",\"@id\":\"https:\\\/\\\/www.webdo.tn\\\/fr\\\/actualite\\\/national\\\/kais-saied-recoit-ursula-von-der-leyen-mark-rutte-et-giorgia-meloni\\\/206510\\\/#primaryimage\",\"url\":\"https:\\\/\\\/www.webdo.tn\\\/fr\\\/wp-content\\\/uploads\\\/2023\\\/06\\\/8c183ba4b62a7f3304ae207a0163d871.jpg\",\"contentUrl\":\"https:\\\/\\\/www.webdo.tn\\\/fr\\\/wp-content\\\/uploads\\\/2023\\\/06\\\/8c183ba4b62a7f3304ae207a0163d871.jpg\",\"width\":700,\"height\":373,\"caption\":\"Kais Saied re\u00e7oit Ursula von der Leyen, Mark Rutte et Giorgia Meloni\"},{\"@type\":\"BreadcrumbList\",\"@id\":\"https:\\\/\\\/www.webdo.tn\\\/fr\\\/actualite\\\/national\\\/kais-saied-recoit-ursula-von-der-leyen-mark-rutte-et-giorgia-meloni\\\/206510\\\/#breadcrumb\",\"itemListElement\":[{\"@type\":\"ListItem\",\"position\":1,\"name\":\"Accueil\",\"item\":\"https:\\\/\\\/www.webdo.tn\\\/fr\\\/\"},{\"@type\":\"ListItem\",\"position\":2,\"name\":\"Kais Saied re\u00e7oit Ursula von der Leyen, Mark Rutte et Giorgia Meloni\"}]},{\"@type\":\"WebSite\",\"@id\":\"https:\\\/\\\/www.webdo.tn\\\/fr\\\/#website\",\"url\":\"https:\\\/\\\/www.webdo.tn\\\/fr\\\/\",\"name\":\"webdo\",\"description\":\"Tunisie - News en Tunisie et \u00e0 l&#039;international sur Webdo.tn\",\"publisher\":{\"@id\":\"https:\\\/\\\/www.webdo.tn\\\/fr\\\/#organization\"},\"potentialAction\":[{\"@type\":\"SearchAction\",\"target\":{\"@type\":\"EntryPoint\",\"urlTemplate\":\"https:\\\/\\\/www.webdo.tn\\\/fr\\\/?s={search_term_string}\"},\"query-input\":{\"@type\":\"PropertyValueSpecification\",\"valueRequired\":true,\"valueName\":\"search_term_string\"}}],\"inLanguage\":\"fr-FR\"},{\"@type\":\"Organization\",\"@id\":\"https:\\\/\\\/www.webdo.tn\\\/fr\\\/#organization\",\"name\":\"Webdo\",\"alternateName\":\"Webdo.tn\",\"url\":\"https:\\\/\\\/www.webdo.tn\\\/fr\\\/\",\"logo\":{\"@type\":\"ImageObject\",\"inLanguage\":\"fr-FR\",\"@id\":\"https:\\\/\\\/www.webdo.tn\\\/fr\\\/#\\\/schema\\\/logo\\\/image\\\/\",\"url\":\"https:\\\/\\\/www.webdo.tn\\\/fr\\\/wp-content\\\/uploads\\\/2025\\\/06\\\/Webdo-Tunisie_168377.jpg\",\"contentUrl\":\"https:\\\/\\\/www.webdo.tn\\\/fr\\\/wp-content\\\/uploads\\\/2025\\\/06\\\/Webdo-Tunisie_168377.jpg\",\"width\":301,\"height\":301,\"caption\":\"Webdo\"},\"image\":{\"@id\":\"https:\\\/\\\/www.webdo.tn\\\/fr\\\/#\\\/schema\\\/logo\\\/image\\\/\"},\"sameAs\":[\"https:\\\/\\\/www.facebook.com\\\/webdotn\",\"https:\\\/\\\/x.com\\\/webdo_tn\"],\"description\":\"Webdo est un m\u00e9dia num\u00e9rique tunisien fond\u00e9 en 2010, sp\u00e9cialis\u00e9 dans l\u2019actualit\u00e9 nationale et internationale, l\u2019\u00e9conomie, la soci\u00e9t\u00e9 et les analyses politiques. Le site s\u2019adresse \u00e0 un large public francophone et couvre l\u2019information tunisienne en temps r\u00e9el.\",\"email\":\"redac@webdo.tn\",\"legalName\":\"YNJ SARL\",\"foundingDate\":\"2010-09-06\",\"numberOfEmployees\":{\"@type\":\"QuantitativeValue\",\"minValue\":\"11\",\"maxValue\":\"50\"}},{\"@type\":\"Person\",\"@id\":\"https:\\\/\\\/www.webdo.tn\\\/fr\\\/#\\\/schema\\\/person\\\/1f4e491e0907b413d61089e8eb573acc\",\"name\":\"Webdo\",\"image\":{\"@type\":\"ImageObject\",\"inLanguage\":\"fr-FR\",\"@id\":\"https:\\\/\\\/secure.gravatar.com\\\/avatar\\\/de97aeec1bb80978a9dbb127e47dfc88aaacb2f3c29aac907d8d3222e3495d49?s=96&d=mm&r=g\",\"url\":\"https:\\\/\\\/secure.gravatar.com\\\/avatar\\\/de97aeec1bb80978a9dbb127e47dfc88aaacb2f3c29aac907d8d3222e3495d49?s=96&d=mm&r=g\",\"contentUrl\":\"https:\\\/\\\/secure.gravatar.com\\\/avatar\\\/de97aeec1bb80978a9dbb127e47dfc88aaacb2f3c29aac907d8d3222e3495d49?s=96&d=mm&r=g\",\"caption\":\"Webdo\"},\"url\":\"https:\\\/\\\/www.webdo.tn\\\/fr\\\/actualite\\\/author\\\/webdo\\\/\"}]}<\/script>\n<!-- \/ Yoast SEO Premium plugin. -->","yoast_head_json":{"title":"Kais Saied re\u00e7oit Ursula von der Leyen, Mark Rutte et Giorgia Meloni","description":"Le chef de l'Etat, Ka\u00efs Sa\u00efed, a re\u00e7u, ce dimanche 11 juin 2023, une d\u00e9l\u00e9gation europ\u00e9enne repr\u00e9sent\u00e9e par la pr\u00e9sidente du Conseil italien, Giorgia Meloni, la...","canonical":"https:\/\/www.webdo.tn\/fr\/actualite\/national\/kais-saied-recoit-ursula-von-der-leyen-mark-rutte-et-giorgia-meloni\/206510\/","og_locale":"fr_FR","og_type":"article","og_title":"Kais Saied re\u00e7oit Ursula von der Leyen, Mark Rutte et Giorgia Meloni","og_description":"Le chef de l'Etat, Ka\u00efs Sa\u00efed, a re\u00e7u, ce dimanche 11 juin 2023, une d\u00e9l\u00e9gation europ\u00e9enne repr\u00e9sent\u00e9e par la pr\u00e9sidente du Conseil italien, Giorgia Meloni, la...","og_url":"https:\/\/www.webdo.tn\/fr\/actualite\/national\/kais-saied-recoit-ursula-von-der-leyen-mark-rutte-et-giorgia-meloni\/206510\/","og_site_name":"webdo","article_publisher":"https:\/\/www.facebook.com\/webdotn","article_published_time":"2023-06-11T13:24:00+00:00","article_modified_time":"2025-05-14T10:40:06+00:00","og_image":[{"width":700,"height":373,"url":"https:\/\/www.webdo.tn\/fr\/wp-content\/uploads\/2023\/06\/8c183ba4b62a7f3304ae207a0163d871.jpg","type":"image\/jpeg"}],"author":"Webdo","twitter_card":"summary_large_image","twitter_creator":"@webdo_tn","twitter_site":"@webdo_tn","twitter_misc":{"\u00c9crit par":"Webdo","Dur\u00e9e de lecture estim\u00e9e":"1 minute"},"schema":{"@context":"https:\/\/schema.org","@graph":[{"@type":"NewsArticle","@id":"https:\/\/www.webdo.tn\/fr\/actualite\/national\/kais-saied-recoit-ursula-von-der-leyen-mark-rutte-et-giorgia-meloni\/206510\/#article","isPartOf":{"@id":"https:\/\/www.webdo.tn\/fr\/actualite\/national\/kais-saied-recoit-ursula-von-der-leyen-mark-rutte-et-giorgia-meloni\/206510\/"},"author":{"name":"Webdo","@id":"https:\/\/www.webdo.tn\/fr\/#\/schema\/person\/1f4e491e0907b413d61089e8eb573acc"},"headline":"Kais Saied re\u00e7oit Ursula von der Leyen, Mark Rutte et Giorgia Meloni","datePublished":"2023-06-11T13:24:00+00:00","dateModified":"2025-05-14T10:40:06+00:00","mainEntityOfPage":{"@id":"https:\/\/www.webdo.tn\/fr\/actualite\/national\/kais-saied-recoit-ursula-von-der-leyen-mark-rutte-et-giorgia-meloni\/206510\/"},"wordCount":281,"commentCount":0,"publisher":{"@id":"https:\/\/www.webdo.tn\/fr\/#organization"},"image":{"@id":"https:\/\/www.webdo.tn\/fr\/actualite\/national\/kais-saied-recoit-ursula-von-der-leyen-mark-rutte-et-giorgia-meloni\/206510\/#primaryimage"},"thumbnailUrl":"https:\/\/www.webdo.tn\/fr\/wp-content\/uploads\/2023\/06\/8c183ba4b62a7f3304ae207a0163d871.jpg","keywords":["\u00e9conomie","Kais Saied","Tunisie","UE"],"articleSection":["National"],"inLanguage":"fr-FR"},{"@type":"WebPage","@id":"https:\/\/www.webdo.tn\/fr\/actualite\/national\/kais-saied-recoit-ursula-von-der-leyen-mark-rutte-et-giorgia-meloni\/206510\/","url":"https:\/\/www.webdo.tn\/fr\/actualite\/national\/kais-saied-recoit-ursula-von-der-leyen-mark-rutte-et-giorgia-meloni\/206510\/","name":"Kais Saied re\u00e7oit Ursula von der Leyen, Mark Rutte et Giorgia Meloni","isPartOf":{"@id":"https:\/\/www.webdo.tn\/fr\/#website"},"primaryImageOfPage":{"@id":"https:\/\/www.webdo.tn\/fr\/actualite\/national\/kais-saied-recoit-ursula-von-der-leyen-mark-rutte-et-giorgia-meloni\/206510\/#primaryimage"},"image":{"@id":"https:\/\/www.webdo.tn\/fr\/actualite\/national\/kais-saied-recoit-ursula-von-der-leyen-mark-rutte-et-giorgia-meloni\/206510\/#primaryimage"},"thumbnailUrl":"https:\/\/www.webdo.tn\/fr\/wp-content\/uploads\/2023\/06\/8c183ba4b62a7f3304ae207a0163d871.jpg","datePublished":"2023-06-11T13:24:00+00:00","dateModified":"2025-05-14T10:40:06+00:00","description":"Le chef de l'Etat, Ka\u00efs Sa\u00efed, a re\u00e7u, ce dimanche 11 juin 2023, une d\u00e9l\u00e9gation europ\u00e9enne repr\u00e9sent\u00e9e par la pr\u00e9sidente du Conseil italien, Giorgia Meloni, la...","breadcrumb":{"@id":"https:\/\/www.webdo.tn\/fr\/actualite\/national\/kais-saied-recoit-ursula-von-der-leyen-mark-rutte-et-giorgia-meloni\/206510\/#breadcrumb"},"inLanguage":"fr-FR","potentialAction":[{"@type":"ReadAction","target":["https:\/\/www.webdo.tn\/fr\/actualite\/national\/kais-saied-recoit-ursula-von-der-leyen-mark-rutte-et-giorgia-meloni\/206510\/"]}]},{"@type":"ImageObject","inLanguage":"fr-FR","@id":"https:\/\/www.webdo.tn\/fr\/actualite\/national\/kais-saied-recoit-ursula-von-der-leyen-mark-rutte-et-giorgia-meloni\/206510\/#primaryimage","url":"https:\/\/www.webdo.tn\/fr\/wp-content\/uploads\/2023\/06\/8c183ba4b62a7f3304ae207a0163d871.jpg","contentUrl":"https:\/\/www.webdo.tn\/fr\/wp-content\/uploads\/2023\/06\/8c183ba4b62a7f3304ae207a0163d871.jpg","width":700,"height":373,"caption":"Kais Saied re\u00e7oit Ursula von der Leyen, Mark Rutte et Giorgia Meloni"},{"@type":"BreadcrumbList","@id":"https:\/\/www.webdo.tn\/fr\/actualite\/national\/kais-saied-recoit-ursula-von-der-leyen-mark-rutte-et-giorgia-meloni\/206510\/#breadcrumb","itemListElement":[{"@type":"ListItem","position":1,"name":"Accueil","item":"https:\/\/www.webdo.tn\/fr\/"},{"@type":"ListItem","position":2,"name":"Kais Saied re\u00e7oit Ursula von der Leyen, Mark Rutte et Giorgia Meloni"}]},{"@type":"WebSite","@id":"https:\/\/www.webdo.tn\/fr\/#website","url":"https:\/\/www.webdo.tn\/fr\/","name":"webdo","description":"Tunisie - News en Tunisie et \u00e0 l&#039;international sur Webdo.tn","publisher":{"@id":"https:\/\/www.webdo.tn\/fr\/#organization"},"potentialAction":[{"@type":"SearchAction","target":{"@type":"EntryPoint","urlTemplate":"https:\/\/www.webdo.tn\/fr\/?s={search_term_string}"},"query-input":{"@type":"PropertyValueSpecification","valueRequired":true,"valueName":"search_term_string"}}],"inLanguage":"fr-FR"},{"@type":"Organization","@id":"https:\/\/www.webdo.tn\/fr\/#organization","name":"Webdo","alternateName":"Webdo.tn","url":"https:\/\/www.webdo.tn\/fr\/","logo":{"@type":"ImageObject","inLanguage":"fr-FR","@id":"https:\/\/www.webdo.tn\/fr\/#\/schema\/logo\/image\/","url":"https:\/\/www.webdo.tn\/fr\/wp-content\/uploads\/2025\/06\/Webdo-Tunisie_168377.jpg","contentUrl":"https:\/\/www.webdo.tn\/fr\/wp-content\/uploads\/2025\/06\/Webdo-Tunisie_168377.jpg","width":301,"height":301,"caption":"Webdo"},"image":{"@id":"https:\/\/www.webdo.tn\/fr\/#\/schema\/logo\/image\/"},"sameAs":["https:\/\/www.facebook.com\/webdotn","https:\/\/x.com\/webdo_tn"],"description":"Webdo est un m\u00e9dia num\u00e9rique tunisien fond\u00e9 en 2010, sp\u00e9cialis\u00e9 dans l\u2019actualit\u00e9 nationale et internationale, l\u2019\u00e9conomie, la soci\u00e9t\u00e9 et les analyses politiques. Le site s\u2019adresse \u00e0 un large public francophone et couvre l\u2019information tunisienne en temps r\u00e9el.","email":"redac@webdo.tn","legalName":"YNJ SARL","foundingDate":"2010-09-06","numberOfEmployees":{"@type":"QuantitativeValue","minValue":"11","maxValue":"50"}},{"@type":"Person","@id":"https:\/\/www.webdo.tn\/fr\/#\/schema\/person\/1f4e491e0907b413d61089e8eb573acc","name":"Webdo","image":{"@type":"ImageObject","inLanguage":"fr-FR","@id":"https:\/\/secure.gravatar.com\/avatar\/de97aeec1bb80978a9dbb127e47dfc88aaacb2f3c29aac907d8d3222e3495d49?s=96&d=mm&r=g","url":"https:\/\/secure.gravatar.com\/avatar\/de97aeec1bb80978a9dbb127e47dfc88aaacb2f3c29aac907d8d3222e3495d49?s=96&d=mm&r=g","contentUrl":"https:\/\/secure.gravatar.com\/avatar\/de97aeec1bb80978a9dbb127e47dfc88aaacb2f3c29aac907d8d3222e3495d49?s=96&d=mm&r=g","caption":"Webdo"},"url":"https:\/\/www.webdo.tn\/fr\/actualite\/author\/webdo\/"}]}},"_links":{"self":[{"href":"https:\/\/www.webdo.tn\/fr\/wp-json\/wp\/v2\/posts\/206510","targetHints":{"allow":["GET"]}}],"collection":[{"href":"https:\/\/www.webdo.tn\/fr\/wp-json\/wp\/v2\/posts"}],"about":[{"href":"https:\/\/www.webdo.tn\/fr\/wp-json\/wp\/v2\/types\/post"}],"author":[{"embeddable":true,"href":"https:\/\/www.webdo.tn\/fr\/wp-json\/wp\/v2\/users\/3169"}],"replies":[{"embeddable":true,"href":"https:\/\/www.webdo.tn\/fr\/wp-json\/wp\/v2\/comments?post=206510"}],"version-history":[{"count":0,"href":"https:\/\/www.webdo.tn\/fr\/wp-json\/wp\/v2\/posts\/206510\/revisions"}],"wp:featuredmedia":[{"embeddable":true,"href":"https:\/\/www.webdo.tn\/fr\/wp-json\/wp\/v2\/media\/250892"}],"wp:attachment":[{"href":"https:\/\/www.webdo.tn\/fr\/wp-json\/wp\/v2\/media?parent=206510"}],"wp:term":[{"taxonomy":"category","embeddable":true,"href":"https:\/\/www.webdo.tn\/fr\/wp-json\/wp\/v2\/categories?post=206510"},{"taxonomy":"post_tag","embeddable":true,"href":"https:\/\/www.webdo.tn\/fr\/wp-json\/wp\/v2\/tags?post=206510"}],"curies":[{"name":"wp","href":"https:\/\/api.w.org\/{rel}","templated":true}]}}