{"id":206498,"date":"2023-06-10T10:38:00","date_gmt":"2023-06-10T10:38:00","guid":{"rendered":"https:\/\/www.webdo.tn\/fr\/blog\/quatre-enfants-perdus-dans-la-jungle-amazonienne-depuis-40-jours-retrouves-vivants\/206498\/"},"modified":"2025-05-20T22:09:15","modified_gmt":"2025-05-20T22:09:15","slug":"quatre-enfants-perdus-dans-la-jungle-amazonienne-depuis-40-jours-retrouves-vivants","status":"publish","type":"post","link":"https:\/\/www.webdo.tn\/fr\/actualite\/international\/quatre-enfants-perdus-dans-la-jungle-amazonienne-depuis-40-jours-retrouves-vivants\/206498\/","title":{"rendered":"Quatre enfants perdus dans la jungle amazonienne depuis 40 jours retrouv\u00e9s vivants"},"content":{"rendered":"<p>Quatre enfants, dont un b\u00e9b\u00e9, perdus dans la jungle amazonienne depuis le 1er mai dernier, apr\u00e8s le crash de leur avion dans les environs de San Jos\u00e9 del Guaviare, en Colombie, ont enfin \u00e9t\u00e9 retrouv\u00e9s par les secours.<\/p>\n<p>\t\t\t\t\t\t\t\t\tLes quatre enfants, \u00e2g\u00e9s de treize, neuf, quatre ans et un b\u00e9b\u00e9 de un an, perdus dans la jungle ont surv\u00e9cu pendant 40 jours dans la for\u00eat vierge apr\u00e8s le crash de l\u2019avion qui les transportait. Le pilote, leur m\u00e8re et un autre passager avaient \u00e9t\u00e9 retrouv\u00e9s morts d\u00e8s le d\u00e9but des op\u00e9rations de recherches.<\/p>\n<p>Plus de cent militaires aid\u00e9s de chiens renifleurs se sont mis sur \u00ab\u00a0la piste\u00a0\u00bb des enfants apr\u00e8s la d\u00e9couverte d&rsquo;indices, des effets personnels, ainsi que des fruits en partie mang\u00e9s et un biberon pr\u00e8s de l&rsquo;appareil.<\/p>\n<p>Lesly Bonbaire 13 ans, Soleiny Ranoque 9 ans, Tien Ranoque 4 ans, et le b\u00e9b\u00e9 Cristian Ranoque un an, ont surv\u00e9cu \u00e0 l&rsquo;accident et sont rest\u00e9s en vie pendant 40 jours. Ils ont \u00e9t\u00e9 retrouv\u00e9s vivants, plongeant le pays dans la \u00ab joie \u00bb.<\/p>\n<p>\u00ab Une joie pour tout le pays ! Les quatre enfants perdus il y a 40 jours dans la jungle colombienne ont \u00e9t\u00e9 retrouv\u00e9s vivants \u00bb, a annonc\u00e9 le pr\u00e9sident Gustavo Petro dans une publication sur Twitter accompagn\u00e9e d\u2019une photo de militaires et indig\u00e8nes participant \u00e0 l\u2019op\u00e9ration pour retrouver la fratrie.<\/p>\n<p>Les secouristes de l&rsquo;arm\u00e9e \u00ab\u00a0ont imm\u00e9diatement pris en charge et stabilis\u00e9\u00a0\u00bb les quatre fr\u00e8res et s\u0153urs apr\u00e8s les avoir extraits de la jungle le soir m\u00eame. Ils sont arriv\u00e9s \u00e0 Bogota, ce samedi 10 juin 2023 o\u00f9 ils doivent \u00eatre pris en charge dans un h\u00f4pital militaire.<\/p>\n","protected":false},"excerpt":{"rendered":"<p>Quatre enfants, dont un b\u00e9b\u00e9, perdus dans la jungle amazonienne depuis le 1er mai dernier, apr\u00e8s le crash de leur avion dans les environs de San Jos\u00e9 del Guavia&#8230;<\/p>\n","protected":false},"author":3162,"featured_media":278337,"comment_status":"open","ping_status":"closed","sticky":false,"template":"","format":"standard","meta":{"footnotes":""},"categories":[2598],"tags":[9488,6147,2956],"class_list":["post-206498","post","type-post","status-publish","format-standard","has-post-thumbnail","hentry","category-international","tag-amazonie","tag-colombie","tag-enfants"],"yoast_head":"<!-- This site is optimized with the Yoast SEO Premium plugin v27.4 (Yoast SEO v27.5) - https:\/\/yoast.com\/product\/yoast-seo-premium-wordpress\/ -->\n<title>Quatre enfants perdus dans la jungle amazonienne depuis 40 jours retrouv\u00e9s vivants<\/title>\n<meta name=\"description\" content=\"Quatre enfants, dont un b\u00e9b\u00e9, perdus dans la jungle amazonienne depuis le 1er mai dernier, apr\u00e8s le crash de leur avion dans les environs de San Jos\u00e9 del Guavia...\" \/>\n<link rel=\"canonical\" href=\"https:\/\/www.webdo.tn\/fr\/actualite\/international\/quatre-enfants-perdus-dans-la-jungle-amazonienne-depuis-40-jours-retrouves-vivants\/206498\/\" \/>\n<meta property=\"og:locale\" content=\"fr_FR\" \/>\n<meta property=\"og:type\" content=\"article\" \/>\n<meta property=\"og:title\" content=\"Quatre enfants perdus dans la jungle amazonienne depuis 40 jours retrouv\u00e9s vivants\" \/>\n<meta property=\"og:description\" content=\"Quatre enfants, dont un b\u00e9b\u00e9, perdus dans la jungle amazonienne depuis le 1er mai dernier, apr\u00e8s le crash de leur avion dans les environs de San Jos\u00e9 del Guavia...\" \/>\n<meta property=\"og:url\" content=\"https:\/\/www.webdo.tn\/fr\/actualite\/international\/quatre-enfants-perdus-dans-la-jungle-amazonienne-depuis-40-jours-retrouves-vivants\/206498\/\" \/>\n<meta property=\"og:site_name\" content=\"webdo\" \/>\n<meta property=\"article:publisher\" content=\"https:\/\/www.facebook.com\/webdotn\" \/>\n<meta property=\"article:published_time\" content=\"2023-06-10T10:38:00+00:00\" \/>\n<meta property=\"article:modified_time\" content=\"2025-05-20T22:09:15+00:00\" \/>\n<meta property=\"og:image\" content=\"https:\/\/www.webdo.tn\/fr\/wp-content\/uploads\/2023\/06\/6b50c2a772bf23fa27dda5868950d50f.jpeg\" \/>\n\t<meta property=\"og:image:width\" content=\"750\" \/>\n\t<meta property=\"og:image:height\" content=\"400\" \/>\n\t<meta property=\"og:image:type\" content=\"image\/jpeg\" \/>\n<meta name=\"author\" content=\"MC\" \/>\n<meta name=\"twitter:card\" content=\"summary_large_image\" \/>\n<meta name=\"twitter:creator\" content=\"@webdo_tn\" \/>\n<meta name=\"twitter:site\" content=\"@webdo_tn\" \/>\n<meta name=\"twitter:label1\" content=\"\u00c9crit par\" \/>\n\t<meta name=\"twitter:data1\" content=\"MC\" \/>\n\t<meta name=\"twitter:label2\" content=\"Dur\u00e9e de lecture estim\u00e9e\" \/>\n\t<meta name=\"twitter:data2\" content=\"1 minute\" \/>\n<script type=\"application\/ld+json\" class=\"yoast-schema-graph\">{\"@context\":\"https:\\\/\\\/schema.org\",\"@graph\":[{\"@type\":\"NewsArticle\",\"@id\":\"https:\\\/\\\/www.webdo.tn\\\/fr\\\/actualite\\\/international\\\/quatre-enfants-perdus-dans-la-jungle-amazonienne-depuis-40-jours-retrouves-vivants\\\/206498\\\/#article\",\"isPartOf\":{\"@id\":\"https:\\\/\\\/www.webdo.tn\\\/fr\\\/actualite\\\/international\\\/quatre-enfants-perdus-dans-la-jungle-amazonienne-depuis-40-jours-retrouves-vivants\\\/206498\\\/\"},\"author\":{\"name\":\"MC\",\"@id\":\"https:\\\/\\\/www.webdo.tn\\\/fr\\\/#\\\/schema\\\/person\\\/2c4929cbf5a809e3bd38617c6ce150f6\"},\"headline\":\"Quatre enfants perdus dans la jungle amazonienne depuis 40 jours retrouv\u00e9s vivants\",\"datePublished\":\"2023-06-10T10:38:00+00:00\",\"dateModified\":\"2025-05-20T22:09:15+00:00\",\"mainEntityOfPage\":{\"@id\":\"https:\\\/\\\/www.webdo.tn\\\/fr\\\/actualite\\\/international\\\/quatre-enfants-perdus-dans-la-jungle-amazonienne-depuis-40-jours-retrouves-vivants\\\/206498\\\/\"},\"wordCount\":309,\"commentCount\":0,\"publisher\":{\"@id\":\"https:\\\/\\\/www.webdo.tn\\\/fr\\\/#organization\"},\"image\":{\"@id\":\"https:\\\/\\\/www.webdo.tn\\\/fr\\\/actualite\\\/international\\\/quatre-enfants-perdus-dans-la-jungle-amazonienne-depuis-40-jours-retrouves-vivants\\\/206498\\\/#primaryimage\"},\"thumbnailUrl\":\"https:\\\/\\\/www.webdo.tn\\\/fr\\\/wp-content\\\/uploads\\\/2023\\\/06\\\/6b50c2a772bf23fa27dda5868950d50f.jpeg\",\"keywords\":[\"amazonie\",\"colombie\",\"enfants\"],\"articleSection\":[\"International\"],\"inLanguage\":\"fr-FR\"},{\"@type\":\"WebPage\",\"@id\":\"https:\\\/\\\/www.webdo.tn\\\/fr\\\/actualite\\\/international\\\/quatre-enfants-perdus-dans-la-jungle-amazonienne-depuis-40-jours-retrouves-vivants\\\/206498\\\/\",\"url\":\"https:\\\/\\\/www.webdo.tn\\\/fr\\\/actualite\\\/international\\\/quatre-enfants-perdus-dans-la-jungle-amazonienne-depuis-40-jours-retrouves-vivants\\\/206498\\\/\",\"name\":\"Quatre enfants perdus dans la jungle amazonienne depuis 40 jours retrouv\u00e9s vivants\",\"isPartOf\":{\"@id\":\"https:\\\/\\\/www.webdo.tn\\\/fr\\\/#website\"},\"primaryImageOfPage\":{\"@id\":\"https:\\\/\\\/www.webdo.tn\\\/fr\\\/actualite\\\/international\\\/quatre-enfants-perdus-dans-la-jungle-amazonienne-depuis-40-jours-retrouves-vivants\\\/206498\\\/#primaryimage\"},\"image\":{\"@id\":\"https:\\\/\\\/www.webdo.tn\\\/fr\\\/actualite\\\/international\\\/quatre-enfants-perdus-dans-la-jungle-amazonienne-depuis-40-jours-retrouves-vivants\\\/206498\\\/#primaryimage\"},\"thumbnailUrl\":\"https:\\\/\\\/www.webdo.tn\\\/fr\\\/wp-content\\\/uploads\\\/2023\\\/06\\\/6b50c2a772bf23fa27dda5868950d50f.jpeg\",\"datePublished\":\"2023-06-10T10:38:00+00:00\",\"dateModified\":\"2025-05-20T22:09:15+00:00\",\"description\":\"Quatre enfants, dont un b\u00e9b\u00e9, perdus dans la jungle amazonienne depuis le 1er mai dernier, apr\u00e8s le crash de leur avion dans les environs de San Jos\u00e9 del Guavia...\",\"breadcrumb\":{\"@id\":\"https:\\\/\\\/www.webdo.tn\\\/fr\\\/actualite\\\/international\\\/quatre-enfants-perdus-dans-la-jungle-amazonienne-depuis-40-jours-retrouves-vivants\\\/206498\\\/#breadcrumb\"},\"inLanguage\":\"fr-FR\",\"potentialAction\":[{\"@type\":\"ReadAction\",\"target\":[\"https:\\\/\\\/www.webdo.tn\\\/fr\\\/actualite\\\/international\\\/quatre-enfants-perdus-dans-la-jungle-amazonienne-depuis-40-jours-retrouves-vivants\\\/206498\\\/\"]}]},{\"@type\":\"ImageObject\",\"inLanguage\":\"fr-FR\",\"@id\":\"https:\\\/\\\/www.webdo.tn\\\/fr\\\/actualite\\\/international\\\/quatre-enfants-perdus-dans-la-jungle-amazonienne-depuis-40-jours-retrouves-vivants\\\/206498\\\/#primaryimage\",\"url\":\"https:\\\/\\\/www.webdo.tn\\\/fr\\\/wp-content\\\/uploads\\\/2023\\\/06\\\/6b50c2a772bf23fa27dda5868950d50f.jpeg\",\"contentUrl\":\"https:\\\/\\\/www.webdo.tn\\\/fr\\\/wp-content\\\/uploads\\\/2023\\\/06\\\/6b50c2a772bf23fa27dda5868950d50f.jpeg\",\"width\":750,\"height\":400,\"caption\":\"Quatre enfants perdus dans la jungle amazonienne depuis 40 jours retrouv\u00e9s vivants\"},{\"@type\":\"BreadcrumbList\",\"@id\":\"https:\\\/\\\/www.webdo.tn\\\/fr\\\/actualite\\\/international\\\/quatre-enfants-perdus-dans-la-jungle-amazonienne-depuis-40-jours-retrouves-vivants\\\/206498\\\/#breadcrumb\",\"itemListElement\":[{\"@type\":\"ListItem\",\"position\":1,\"name\":\"Accueil\",\"item\":\"https:\\\/\\\/www.webdo.tn\\\/fr\\\/\"},{\"@type\":\"ListItem\",\"position\":2,\"name\":\"Quatre enfants perdus dans la jungle amazonienne depuis 40 jours retrouv\u00e9s vivants\"}]},{\"@type\":\"WebSite\",\"@id\":\"https:\\\/\\\/www.webdo.tn\\\/fr\\\/#website\",\"url\":\"https:\\\/\\\/www.webdo.tn\\\/fr\\\/\",\"name\":\"webdo\",\"description\":\"Tunisie - News en Tunisie et \u00e0 l&#039;international sur Webdo.tn\",\"publisher\":{\"@id\":\"https:\\\/\\\/www.webdo.tn\\\/fr\\\/#organization\"},\"potentialAction\":[{\"@type\":\"SearchAction\",\"target\":{\"@type\":\"EntryPoint\",\"urlTemplate\":\"https:\\\/\\\/www.webdo.tn\\\/fr\\\/?s={search_term_string}\"},\"query-input\":{\"@type\":\"PropertyValueSpecification\",\"valueRequired\":true,\"valueName\":\"search_term_string\"}}],\"inLanguage\":\"fr-FR\"},{\"@type\":\"Organization\",\"@id\":\"https:\\\/\\\/www.webdo.tn\\\/fr\\\/#organization\",\"name\":\"Webdo\",\"alternateName\":\"Webdo.tn\",\"url\":\"https:\\\/\\\/www.webdo.tn\\\/fr\\\/\",\"logo\":{\"@type\":\"ImageObject\",\"inLanguage\":\"fr-FR\",\"@id\":\"https:\\\/\\\/www.webdo.tn\\\/fr\\\/#\\\/schema\\\/logo\\\/image\\\/\",\"url\":\"https:\\\/\\\/www.webdo.tn\\\/fr\\\/wp-content\\\/uploads\\\/2025\\\/06\\\/Webdo-Tunisie_168377.jpg\",\"contentUrl\":\"https:\\\/\\\/www.webdo.tn\\\/fr\\\/wp-content\\\/uploads\\\/2025\\\/06\\\/Webdo-Tunisie_168377.jpg\",\"width\":301,\"height\":301,\"caption\":\"Webdo\"},\"image\":{\"@id\":\"https:\\\/\\\/www.webdo.tn\\\/fr\\\/#\\\/schema\\\/logo\\\/image\\\/\"},\"sameAs\":[\"https:\\\/\\\/www.facebook.com\\\/webdotn\",\"https:\\\/\\\/x.com\\\/webdo_tn\"],\"description\":\"Webdo est un m\u00e9dia num\u00e9rique tunisien fond\u00e9 en 2010, sp\u00e9cialis\u00e9 dans l\u2019actualit\u00e9 nationale et internationale, l\u2019\u00e9conomie, la soci\u00e9t\u00e9 et les analyses politiques. Le site s\u2019adresse \u00e0 un large public francophone et couvre l\u2019information tunisienne en temps r\u00e9el.\",\"email\":\"redac@webdo.tn\",\"legalName\":\"YNJ SARL\",\"foundingDate\":\"2010-09-06\",\"numberOfEmployees\":{\"@type\":\"QuantitativeValue\",\"minValue\":\"11\",\"maxValue\":\"50\"}},{\"@type\":\"Person\",\"@id\":\"https:\\\/\\\/www.webdo.tn\\\/fr\\\/#\\\/schema\\\/person\\\/2c4929cbf5a809e3bd38617c6ce150f6\",\"name\":\"MC\",\"image\":{\"@type\":\"ImageObject\",\"inLanguage\":\"fr-FR\",\"@id\":\"https:\\\/\\\/secure.gravatar.com\\\/avatar\\\/a545bbb6f84efdd5553dbbc2895e3ca8f1d12c5215e00a041c9670b54aa9b18a?s=96&d=mm&r=g\",\"url\":\"https:\\\/\\\/secure.gravatar.com\\\/avatar\\\/a545bbb6f84efdd5553dbbc2895e3ca8f1d12c5215e00a041c9670b54aa9b18a?s=96&d=mm&r=g\",\"contentUrl\":\"https:\\\/\\\/secure.gravatar.com\\\/avatar\\\/a545bbb6f84efdd5553dbbc2895e3ca8f1d12c5215e00a041c9670b54aa9b18a?s=96&d=mm&r=g\",\"caption\":\"MC\"},\"url\":\"https:\\\/\\\/www.webdo.tn\\\/fr\\\/actualite\\\/author\\\/mc\\\/\"}]}<\/script>\n<!-- \/ Yoast SEO Premium plugin. -->","yoast_head_json":{"title":"Quatre enfants perdus dans la jungle amazonienne depuis 40 jours retrouv\u00e9s vivants","description":"Quatre enfants, dont un b\u00e9b\u00e9, perdus dans la jungle amazonienne depuis le 1er mai dernier, apr\u00e8s le crash de leur avion dans les environs de San Jos\u00e9 del Guavia...","canonical":"https:\/\/www.webdo.tn\/fr\/actualite\/international\/quatre-enfants-perdus-dans-la-jungle-amazonienne-depuis-40-jours-retrouves-vivants\/206498\/","og_locale":"fr_FR","og_type":"article","og_title":"Quatre enfants perdus dans la jungle amazonienne depuis 40 jours retrouv\u00e9s vivants","og_description":"Quatre enfants, dont un b\u00e9b\u00e9, perdus dans la jungle amazonienne depuis le 1er mai dernier, apr\u00e8s le crash de leur avion dans les environs de San Jos\u00e9 del Guavia...","og_url":"https:\/\/www.webdo.tn\/fr\/actualite\/international\/quatre-enfants-perdus-dans-la-jungle-amazonienne-depuis-40-jours-retrouves-vivants\/206498\/","og_site_name":"webdo","article_publisher":"https:\/\/www.facebook.com\/webdotn","article_published_time":"2023-06-10T10:38:00+00:00","article_modified_time":"2025-05-20T22:09:15+00:00","og_image":[{"width":750,"height":400,"url":"https:\/\/www.webdo.tn\/fr\/wp-content\/uploads\/2023\/06\/6b50c2a772bf23fa27dda5868950d50f.jpeg","type":"image\/jpeg"}],"author":"MC","twitter_card":"summary_large_image","twitter_creator":"@webdo_tn","twitter_site":"@webdo_tn","twitter_misc":{"\u00c9crit par":"MC","Dur\u00e9e de lecture estim\u00e9e":"1 minute"},"schema":{"@context":"https:\/\/schema.org","@graph":[{"@type":"NewsArticle","@id":"https:\/\/www.webdo.tn\/fr\/actualite\/international\/quatre-enfants-perdus-dans-la-jungle-amazonienne-depuis-40-jours-retrouves-vivants\/206498\/#article","isPartOf":{"@id":"https:\/\/www.webdo.tn\/fr\/actualite\/international\/quatre-enfants-perdus-dans-la-jungle-amazonienne-depuis-40-jours-retrouves-vivants\/206498\/"},"author":{"name":"MC","@id":"https:\/\/www.webdo.tn\/fr\/#\/schema\/person\/2c4929cbf5a809e3bd38617c6ce150f6"},"headline":"Quatre enfants perdus dans la jungle amazonienne depuis 40 jours retrouv\u00e9s vivants","datePublished":"2023-06-10T10:38:00+00:00","dateModified":"2025-05-20T22:09:15+00:00","mainEntityOfPage":{"@id":"https:\/\/www.webdo.tn\/fr\/actualite\/international\/quatre-enfants-perdus-dans-la-jungle-amazonienne-depuis-40-jours-retrouves-vivants\/206498\/"},"wordCount":309,"commentCount":0,"publisher":{"@id":"https:\/\/www.webdo.tn\/fr\/#organization"},"image":{"@id":"https:\/\/www.webdo.tn\/fr\/actualite\/international\/quatre-enfants-perdus-dans-la-jungle-amazonienne-depuis-40-jours-retrouves-vivants\/206498\/#primaryimage"},"thumbnailUrl":"https:\/\/www.webdo.tn\/fr\/wp-content\/uploads\/2023\/06\/6b50c2a772bf23fa27dda5868950d50f.jpeg","keywords":["amazonie","colombie","enfants"],"articleSection":["International"],"inLanguage":"fr-FR"},{"@type":"WebPage","@id":"https:\/\/www.webdo.tn\/fr\/actualite\/international\/quatre-enfants-perdus-dans-la-jungle-amazonienne-depuis-40-jours-retrouves-vivants\/206498\/","url":"https:\/\/www.webdo.tn\/fr\/actualite\/international\/quatre-enfants-perdus-dans-la-jungle-amazonienne-depuis-40-jours-retrouves-vivants\/206498\/","name":"Quatre enfants perdus dans la jungle amazonienne depuis 40 jours retrouv\u00e9s vivants","isPartOf":{"@id":"https:\/\/www.webdo.tn\/fr\/#website"},"primaryImageOfPage":{"@id":"https:\/\/www.webdo.tn\/fr\/actualite\/international\/quatre-enfants-perdus-dans-la-jungle-amazonienne-depuis-40-jours-retrouves-vivants\/206498\/#primaryimage"},"image":{"@id":"https:\/\/www.webdo.tn\/fr\/actualite\/international\/quatre-enfants-perdus-dans-la-jungle-amazonienne-depuis-40-jours-retrouves-vivants\/206498\/#primaryimage"},"thumbnailUrl":"https:\/\/www.webdo.tn\/fr\/wp-content\/uploads\/2023\/06\/6b50c2a772bf23fa27dda5868950d50f.jpeg","datePublished":"2023-06-10T10:38:00+00:00","dateModified":"2025-05-20T22:09:15+00:00","description":"Quatre enfants, dont un b\u00e9b\u00e9, perdus dans la jungle amazonienne depuis le 1er mai dernier, apr\u00e8s le crash de leur avion dans les environs de San Jos\u00e9 del Guavia...","breadcrumb":{"@id":"https:\/\/www.webdo.tn\/fr\/actualite\/international\/quatre-enfants-perdus-dans-la-jungle-amazonienne-depuis-40-jours-retrouves-vivants\/206498\/#breadcrumb"},"inLanguage":"fr-FR","potentialAction":[{"@type":"ReadAction","target":["https:\/\/www.webdo.tn\/fr\/actualite\/international\/quatre-enfants-perdus-dans-la-jungle-amazonienne-depuis-40-jours-retrouves-vivants\/206498\/"]}]},{"@type":"ImageObject","inLanguage":"fr-FR","@id":"https:\/\/www.webdo.tn\/fr\/actualite\/international\/quatre-enfants-perdus-dans-la-jungle-amazonienne-depuis-40-jours-retrouves-vivants\/206498\/#primaryimage","url":"https:\/\/www.webdo.tn\/fr\/wp-content\/uploads\/2023\/06\/6b50c2a772bf23fa27dda5868950d50f.jpeg","contentUrl":"https:\/\/www.webdo.tn\/fr\/wp-content\/uploads\/2023\/06\/6b50c2a772bf23fa27dda5868950d50f.jpeg","width":750,"height":400,"caption":"Quatre enfants perdus dans la jungle amazonienne depuis 40 jours retrouv\u00e9s vivants"},{"@type":"BreadcrumbList","@id":"https:\/\/www.webdo.tn\/fr\/actualite\/international\/quatre-enfants-perdus-dans-la-jungle-amazonienne-depuis-40-jours-retrouves-vivants\/206498\/#breadcrumb","itemListElement":[{"@type":"ListItem","position":1,"name":"Accueil","item":"https:\/\/www.webdo.tn\/fr\/"},{"@type":"ListItem","position":2,"name":"Quatre enfants perdus dans la jungle amazonienne depuis 40 jours retrouv\u00e9s vivants"}]},{"@type":"WebSite","@id":"https:\/\/www.webdo.tn\/fr\/#website","url":"https:\/\/www.webdo.tn\/fr\/","name":"webdo","description":"Tunisie - News en Tunisie et \u00e0 l&#039;international sur Webdo.tn","publisher":{"@id":"https:\/\/www.webdo.tn\/fr\/#organization"},"potentialAction":[{"@type":"SearchAction","target":{"@type":"EntryPoint","urlTemplate":"https:\/\/www.webdo.tn\/fr\/?s={search_term_string}"},"query-input":{"@type":"PropertyValueSpecification","valueRequired":true,"valueName":"search_term_string"}}],"inLanguage":"fr-FR"},{"@type":"Organization","@id":"https:\/\/www.webdo.tn\/fr\/#organization","name":"Webdo","alternateName":"Webdo.tn","url":"https:\/\/www.webdo.tn\/fr\/","logo":{"@type":"ImageObject","inLanguage":"fr-FR","@id":"https:\/\/www.webdo.tn\/fr\/#\/schema\/logo\/image\/","url":"https:\/\/www.webdo.tn\/fr\/wp-content\/uploads\/2025\/06\/Webdo-Tunisie_168377.jpg","contentUrl":"https:\/\/www.webdo.tn\/fr\/wp-content\/uploads\/2025\/06\/Webdo-Tunisie_168377.jpg","width":301,"height":301,"caption":"Webdo"},"image":{"@id":"https:\/\/www.webdo.tn\/fr\/#\/schema\/logo\/image\/"},"sameAs":["https:\/\/www.facebook.com\/webdotn","https:\/\/x.com\/webdo_tn"],"description":"Webdo est un m\u00e9dia num\u00e9rique tunisien fond\u00e9 en 2010, sp\u00e9cialis\u00e9 dans l\u2019actualit\u00e9 nationale et internationale, l\u2019\u00e9conomie, la soci\u00e9t\u00e9 et les analyses politiques. Le site s\u2019adresse \u00e0 un large public francophone et couvre l\u2019information tunisienne en temps r\u00e9el.","email":"redac@webdo.tn","legalName":"YNJ SARL","foundingDate":"2010-09-06","numberOfEmployees":{"@type":"QuantitativeValue","minValue":"11","maxValue":"50"}},{"@type":"Person","@id":"https:\/\/www.webdo.tn\/fr\/#\/schema\/person\/2c4929cbf5a809e3bd38617c6ce150f6","name":"MC","image":{"@type":"ImageObject","inLanguage":"fr-FR","@id":"https:\/\/secure.gravatar.com\/avatar\/a545bbb6f84efdd5553dbbc2895e3ca8f1d12c5215e00a041c9670b54aa9b18a?s=96&d=mm&r=g","url":"https:\/\/secure.gravatar.com\/avatar\/a545bbb6f84efdd5553dbbc2895e3ca8f1d12c5215e00a041c9670b54aa9b18a?s=96&d=mm&r=g","contentUrl":"https:\/\/secure.gravatar.com\/avatar\/a545bbb6f84efdd5553dbbc2895e3ca8f1d12c5215e00a041c9670b54aa9b18a?s=96&d=mm&r=g","caption":"MC"},"url":"https:\/\/www.webdo.tn\/fr\/actualite\/author\/mc\/"}]}},"_links":{"self":[{"href":"https:\/\/www.webdo.tn\/fr\/wp-json\/wp\/v2\/posts\/206498","targetHints":{"allow":["GET"]}}],"collection":[{"href":"https:\/\/www.webdo.tn\/fr\/wp-json\/wp\/v2\/posts"}],"about":[{"href":"https:\/\/www.webdo.tn\/fr\/wp-json\/wp\/v2\/types\/post"}],"author":[{"embeddable":true,"href":"https:\/\/www.webdo.tn\/fr\/wp-json\/wp\/v2\/users\/3162"}],"replies":[{"embeddable":true,"href":"https:\/\/www.webdo.tn\/fr\/wp-json\/wp\/v2\/comments?post=206498"}],"version-history":[{"count":0,"href":"https:\/\/www.webdo.tn\/fr\/wp-json\/wp\/v2\/posts\/206498\/revisions"}],"wp:featuredmedia":[{"embeddable":true,"href":"https:\/\/www.webdo.tn\/fr\/wp-json\/wp\/v2\/media\/278337"}],"wp:attachment":[{"href":"https:\/\/www.webdo.tn\/fr\/wp-json\/wp\/v2\/media?parent=206498"}],"wp:term":[{"taxonomy":"category","embeddable":true,"href":"https:\/\/www.webdo.tn\/fr\/wp-json\/wp\/v2\/categories?post=206498"},{"taxonomy":"post_tag","embeddable":true,"href":"https:\/\/www.webdo.tn\/fr\/wp-json\/wp\/v2\/tags?post=206498"}],"curies":[{"name":"wp","href":"https:\/\/api.w.org\/{rel}","templated":true}]}}