{"id":206476,"date":"2023-06-09T12:42:00","date_gmt":"2023-06-09T12:42:00","guid":{"rendered":"https:\/\/www.webdo.tn\/fr\/blog\/le-6-octobre-2021-un-helicoptere-s-etait-ecrase-dans-les-memes-circonstances-3-militaires-decedes\/206476\/"},"modified":"2025-05-20T22:58:12","modified_gmt":"2025-05-20T22:58:12","slug":"le-6-octobre-2021-un-helicoptere-s-etait-ecrase-dans-les-memes-circonstances-3-militaires-decedes","status":"publish","type":"post","link":"https:\/\/www.webdo.tn\/fr\/actualite\/national\/le-6-octobre-2021-un-helicoptere-s-etait-ecrase-dans-les-memes-circonstances-3-militaires-decedes\/206476\/","title":{"rendered":"En 2021, un h\u00e9licopt\u00e8re s&rsquo;\u00e9tait \u00e9cras\u00e9 dans les m\u00eames circonstances"},"content":{"rendered":"<p>Les faits s\u2019\u00e9taient d\u00e9roul\u00e9s en octobre 2021 lors d\u2019un entra\u00eenement nocturne dans la r\u00e9gion de Gab\u00e8s, dans le sud de la Tunisie.<\/p>\n<p>\t\t\t\t\t\t\t\t\tLes crashs d\u2019h\u00e9licopt\u00e8re en Tunisie se suivent et se ressemblent, malheureusement, ce qui nous renvoie \u00e0 la n\u00e9cessit\u00e9 de r\u00e9nover et de moderniser les \u00e9quipements dont dispose l&rsquo;arm\u00e9e nationale, comme l\u2019a recommand\u00e9, hier, le pr\u00e9sident de la R\u00e9publique lors de l\u2019entretien qu\u2019il a eu avec le ministre de la D\u00e9fense nationale, Imed Memmich.<\/p>\n<p>Le 6 octobre 2021, lors d\u2019un entra\u00eenement nocturne dans la r\u00e9gion de Gab\u00e8s, un h\u00e9licopt\u00e8re de l\u2019Arm\u00e9e de l\u2019air tunisienne s\u2019est \u00e9cras\u00e9 co\u00fbtant la vie \u00e0 trois militaires.<\/p>\n<p>Une enqu\u00eate \u00ab technique \u00bb avait \u00e9t\u00e9 ouverte \u00e0 l\u2019\u00e9poque pour d\u00e9terminer les raisons de ce crash, sans aucun autre d\u00e9tail.<\/p>\n<p>Dans un rapport publi\u00e9 par l&rsquo;aviation civile am\u00e9ricaine, \u00ab\u00a0les erreurs op\u00e9rationnelles dues aux conditions m\u00e9t\u00e9orologiques ou \u00e0 des environnements \u00e0 haut risque sont les causes les plus fr\u00e9quentes\u00a0\u00bb d&rsquo;accidents d&rsquo;h\u00e9licopt\u00e8re.<\/p>\n","protected":false},"excerpt":{"rendered":"<p>Les faits s\u2019\u00e9taient d\u00e9roul\u00e9s en octobre 2021 lors d\u2019un entra\u00eenement nocturne dans la r\u00e9gion de Gab\u00e8s, dans le sud de la Tunisie.<\/p>\n","protected":false},"author":3188,"featured_media":250935,"comment_status":"open","ping_status":"closed","sticky":false,"template":"","format":"standard","meta":{"footnotes":""},"categories":[44],"tags":[4479,4592,7965],"class_list":["post-206476","post","type-post","status-publish","format-standard","has-post-thumbnail","hentry","category-national","tag-armee","tag-crash","tag-helicoptere"],"yoast_head":"<!-- This site is optimized with the Yoast SEO Premium plugin v27.4 (Yoast SEO v27.5) - https:\/\/yoast.com\/product\/yoast-seo-premium-wordpress\/ -->\n<title>En 2021, un h\u00e9licopt\u00e8re s&#039;\u00e9tait \u00e9cras\u00e9 dans les m\u00eames circonstances<\/title>\n<meta name=\"description\" content=\"Les faits s\u2019\u00e9taient d\u00e9roul\u00e9s en octobre 2021 lors d\u2019un entra\u00eenement nocturne dans la r\u00e9gion de Gab\u00e8s, dans le sud de la Tunisie.\" \/>\n<link rel=\"canonical\" href=\"https:\/\/www.webdo.tn\/fr\/actualite\/national\/le-6-octobre-2021-un-helicoptere-s-etait-ecrase-dans-les-memes-circonstances-3-militaires-decedes\/206476\/\" \/>\n<meta property=\"og:locale\" content=\"fr_FR\" \/>\n<meta property=\"og:type\" content=\"article\" \/>\n<meta property=\"og:title\" content=\"En 2021, un h\u00e9licopt\u00e8re s&#039;\u00e9tait \u00e9cras\u00e9 dans les m\u00eames circonstances\" \/>\n<meta property=\"og:description\" content=\"Les faits s\u2019\u00e9taient d\u00e9roul\u00e9s en octobre 2021 lors d\u2019un entra\u00eenement nocturne dans la r\u00e9gion de Gab\u00e8s, dans le sud de la Tunisie.\" \/>\n<meta property=\"og:url\" content=\"https:\/\/www.webdo.tn\/fr\/actualite\/national\/le-6-octobre-2021-un-helicoptere-s-etait-ecrase-dans-les-memes-circonstances-3-militaires-decedes\/206476\/\" \/>\n<meta property=\"og:site_name\" content=\"webdo\" \/>\n<meta property=\"article:publisher\" content=\"https:\/\/www.facebook.com\/webdotn\" \/>\n<meta property=\"article:published_time\" content=\"2023-06-09T12:42:00+00:00\" \/>\n<meta property=\"article:modified_time\" content=\"2025-05-20T22:58:12+00:00\" \/>\n<meta property=\"og:image\" content=\"https:\/\/www.webdo.tn\/fr\/wp-content\/uploads\/2023\/06\/a7dc3c33431fa137fc19de31877b2b94.jpg\" \/>\n\t<meta property=\"og:image:width\" content=\"677\" \/>\n\t<meta property=\"og:image:height\" content=\"361\" \/>\n\t<meta property=\"og:image:type\" content=\"image\/jpeg\" \/>\n<meta name=\"author\" content=\"Ramzi\" \/>\n<meta name=\"twitter:card\" content=\"summary_large_image\" \/>\n<meta name=\"twitter:creator\" content=\"@webdo_tn\" \/>\n<meta name=\"twitter:site\" content=\"@webdo_tn\" \/>\n<meta name=\"twitter:label1\" content=\"\u00c9crit par\" \/>\n\t<meta name=\"twitter:data1\" content=\"Ramzi\" \/>\n\t<meta name=\"twitter:label2\" content=\"Dur\u00e9e de lecture estim\u00e9e\" \/>\n\t<meta name=\"twitter:data2\" content=\"1 minute\" \/>\n<script type=\"application\/ld+json\" class=\"yoast-schema-graph\">{\"@context\":\"https:\\\/\\\/schema.org\",\"@graph\":[{\"@type\":\"NewsArticle\",\"@id\":\"https:\\\/\\\/www.webdo.tn\\\/fr\\\/actualite\\\/national\\\/le-6-octobre-2021-un-helicoptere-s-etait-ecrase-dans-les-memes-circonstances-3-militaires-decedes\\\/206476\\\/#article\",\"isPartOf\":{\"@id\":\"https:\\\/\\\/www.webdo.tn\\\/fr\\\/actualite\\\/national\\\/le-6-octobre-2021-un-helicoptere-s-etait-ecrase-dans-les-memes-circonstances-3-militaires-decedes\\\/206476\\\/\"},\"author\":{\"name\":\"Ramzi\",\"@id\":\"https:\\\/\\\/www.webdo.tn\\\/fr\\\/#\\\/schema\\\/person\\\/590cb5f81adcfde6385530fdbdf468e2\"},\"headline\":\"En 2021, un h\u00e9licopt\u00e8re s&rsquo;\u00e9tait \u00e9cras\u00e9 dans les m\u00eames circonstances\",\"datePublished\":\"2023-06-09T12:42:00+00:00\",\"dateModified\":\"2025-05-20T22:58:12+00:00\",\"mainEntityOfPage\":{\"@id\":\"https:\\\/\\\/www.webdo.tn\\\/fr\\\/actualite\\\/national\\\/le-6-octobre-2021-un-helicoptere-s-etait-ecrase-dans-les-memes-circonstances-3-militaires-decedes\\\/206476\\\/\"},\"wordCount\":202,\"commentCount\":0,\"publisher\":{\"@id\":\"https:\\\/\\\/www.webdo.tn\\\/fr\\\/#organization\"},\"image\":{\"@id\":\"https:\\\/\\\/www.webdo.tn\\\/fr\\\/actualite\\\/national\\\/le-6-octobre-2021-un-helicoptere-s-etait-ecrase-dans-les-memes-circonstances-3-militaires-decedes\\\/206476\\\/#primaryimage\"},\"thumbnailUrl\":\"https:\\\/\\\/www.webdo.tn\\\/fr\\\/wp-content\\\/uploads\\\/2023\\\/06\\\/a7dc3c33431fa137fc19de31877b2b94.jpg\",\"keywords\":[\"arm\u00e9e\",\"crash\",\"h\u00e9licopt\u00e8re\"],\"articleSection\":[\"National\"],\"inLanguage\":\"fr-FR\"},{\"@type\":\"WebPage\",\"@id\":\"https:\\\/\\\/www.webdo.tn\\\/fr\\\/actualite\\\/national\\\/le-6-octobre-2021-un-helicoptere-s-etait-ecrase-dans-les-memes-circonstances-3-militaires-decedes\\\/206476\\\/\",\"url\":\"https:\\\/\\\/www.webdo.tn\\\/fr\\\/actualite\\\/national\\\/le-6-octobre-2021-un-helicoptere-s-etait-ecrase-dans-les-memes-circonstances-3-militaires-decedes\\\/206476\\\/\",\"name\":\"En 2021, un h\u00e9licopt\u00e8re s'\u00e9tait \u00e9cras\u00e9 dans les m\u00eames circonstances\",\"isPartOf\":{\"@id\":\"https:\\\/\\\/www.webdo.tn\\\/fr\\\/#website\"},\"primaryImageOfPage\":{\"@id\":\"https:\\\/\\\/www.webdo.tn\\\/fr\\\/actualite\\\/national\\\/le-6-octobre-2021-un-helicoptere-s-etait-ecrase-dans-les-memes-circonstances-3-militaires-decedes\\\/206476\\\/#primaryimage\"},\"image\":{\"@id\":\"https:\\\/\\\/www.webdo.tn\\\/fr\\\/actualite\\\/national\\\/le-6-octobre-2021-un-helicoptere-s-etait-ecrase-dans-les-memes-circonstances-3-militaires-decedes\\\/206476\\\/#primaryimage\"},\"thumbnailUrl\":\"https:\\\/\\\/www.webdo.tn\\\/fr\\\/wp-content\\\/uploads\\\/2023\\\/06\\\/a7dc3c33431fa137fc19de31877b2b94.jpg\",\"datePublished\":\"2023-06-09T12:42:00+00:00\",\"dateModified\":\"2025-05-20T22:58:12+00:00\",\"description\":\"Les faits s\u2019\u00e9taient d\u00e9roul\u00e9s en octobre 2021 lors d\u2019un entra\u00eenement nocturne dans la r\u00e9gion de Gab\u00e8s, dans le sud de la Tunisie.\",\"breadcrumb\":{\"@id\":\"https:\\\/\\\/www.webdo.tn\\\/fr\\\/actualite\\\/national\\\/le-6-octobre-2021-un-helicoptere-s-etait-ecrase-dans-les-memes-circonstances-3-militaires-decedes\\\/206476\\\/#breadcrumb\"},\"inLanguage\":\"fr-FR\",\"potentialAction\":[{\"@type\":\"ReadAction\",\"target\":[\"https:\\\/\\\/www.webdo.tn\\\/fr\\\/actualite\\\/national\\\/le-6-octobre-2021-un-helicoptere-s-etait-ecrase-dans-les-memes-circonstances-3-militaires-decedes\\\/206476\\\/\"]}]},{\"@type\":\"ImageObject\",\"inLanguage\":\"fr-FR\",\"@id\":\"https:\\\/\\\/www.webdo.tn\\\/fr\\\/actualite\\\/national\\\/le-6-octobre-2021-un-helicoptere-s-etait-ecrase-dans-les-memes-circonstances-3-militaires-decedes\\\/206476\\\/#primaryimage\",\"url\":\"https:\\\/\\\/www.webdo.tn\\\/fr\\\/wp-content\\\/uploads\\\/2023\\\/06\\\/a7dc3c33431fa137fc19de31877b2b94.jpg\",\"contentUrl\":\"https:\\\/\\\/www.webdo.tn\\\/fr\\\/wp-content\\\/uploads\\\/2023\\\/06\\\/a7dc3c33431fa137fc19de31877b2b94.jpg\",\"width\":677,\"height\":361,\"caption\":\"En 2021, un h\u00e9licopt\u00e8re s'\u00e9tait \u00e9cras\u00e9 dans les m\u00eames circonstances\"},{\"@type\":\"BreadcrumbList\",\"@id\":\"https:\\\/\\\/www.webdo.tn\\\/fr\\\/actualite\\\/national\\\/le-6-octobre-2021-un-helicoptere-s-etait-ecrase-dans-les-memes-circonstances-3-militaires-decedes\\\/206476\\\/#breadcrumb\",\"itemListElement\":[{\"@type\":\"ListItem\",\"position\":1,\"name\":\"Accueil\",\"item\":\"https:\\\/\\\/www.webdo.tn\\\/fr\\\/\"},{\"@type\":\"ListItem\",\"position\":2,\"name\":\"En 2021, un h\u00e9licopt\u00e8re s&#8217;\u00e9tait \u00e9cras\u00e9 dans les m\u00eames circonstances\"}]},{\"@type\":\"WebSite\",\"@id\":\"https:\\\/\\\/www.webdo.tn\\\/fr\\\/#website\",\"url\":\"https:\\\/\\\/www.webdo.tn\\\/fr\\\/\",\"name\":\"webdo\",\"description\":\"Tunisie - News en Tunisie et \u00e0 l&#039;international sur Webdo.tn\",\"publisher\":{\"@id\":\"https:\\\/\\\/www.webdo.tn\\\/fr\\\/#organization\"},\"potentialAction\":[{\"@type\":\"SearchAction\",\"target\":{\"@type\":\"EntryPoint\",\"urlTemplate\":\"https:\\\/\\\/www.webdo.tn\\\/fr\\\/?s={search_term_string}\"},\"query-input\":{\"@type\":\"PropertyValueSpecification\",\"valueRequired\":true,\"valueName\":\"search_term_string\"}}],\"inLanguage\":\"fr-FR\"},{\"@type\":\"Organization\",\"@id\":\"https:\\\/\\\/www.webdo.tn\\\/fr\\\/#organization\",\"name\":\"Webdo\",\"alternateName\":\"Webdo.tn\",\"url\":\"https:\\\/\\\/www.webdo.tn\\\/fr\\\/\",\"logo\":{\"@type\":\"ImageObject\",\"inLanguage\":\"fr-FR\",\"@id\":\"https:\\\/\\\/www.webdo.tn\\\/fr\\\/#\\\/schema\\\/logo\\\/image\\\/\",\"url\":\"https:\\\/\\\/www.webdo.tn\\\/fr\\\/wp-content\\\/uploads\\\/2025\\\/06\\\/Webdo-Tunisie_168377.jpg\",\"contentUrl\":\"https:\\\/\\\/www.webdo.tn\\\/fr\\\/wp-content\\\/uploads\\\/2025\\\/06\\\/Webdo-Tunisie_168377.jpg\",\"width\":301,\"height\":301,\"caption\":\"Webdo\"},\"image\":{\"@id\":\"https:\\\/\\\/www.webdo.tn\\\/fr\\\/#\\\/schema\\\/logo\\\/image\\\/\"},\"sameAs\":[\"https:\\\/\\\/www.facebook.com\\\/webdotn\",\"https:\\\/\\\/x.com\\\/webdo_tn\"],\"description\":\"Webdo est un m\u00e9dia num\u00e9rique tunisien fond\u00e9 en 2010, sp\u00e9cialis\u00e9 dans l\u2019actualit\u00e9 nationale et internationale, l\u2019\u00e9conomie, la soci\u00e9t\u00e9 et les analyses politiques. Le site s\u2019adresse \u00e0 un large public francophone et couvre l\u2019information tunisienne en temps r\u00e9el.\",\"email\":\"redac@webdo.tn\",\"legalName\":\"YNJ SARL\",\"foundingDate\":\"2010-09-06\",\"numberOfEmployees\":{\"@type\":\"QuantitativeValue\",\"minValue\":\"11\",\"maxValue\":\"50\"}},{\"@type\":\"Person\",\"@id\":\"https:\\\/\\\/www.webdo.tn\\\/fr\\\/#\\\/schema\\\/person\\\/590cb5f81adcfde6385530fdbdf468e2\",\"name\":\"Ramzi\",\"image\":{\"@type\":\"ImageObject\",\"inLanguage\":\"fr-FR\",\"@id\":\"https:\\\/\\\/secure.gravatar.com\\\/avatar\\\/48df7d18915e10cf866ba8e27604c81ff9243fd52704a1d210c3e387e1cb8d87?s=96&d=mm&r=g\",\"url\":\"https:\\\/\\\/secure.gravatar.com\\\/avatar\\\/48df7d18915e10cf866ba8e27604c81ff9243fd52704a1d210c3e387e1cb8d87?s=96&d=mm&r=g\",\"contentUrl\":\"https:\\\/\\\/secure.gravatar.com\\\/avatar\\\/48df7d18915e10cf866ba8e27604c81ff9243fd52704a1d210c3e387e1cb8d87?s=96&d=mm&r=g\",\"caption\":\"Ramzi\"},\"url\":\"https:\\\/\\\/www.webdo.tn\\\/fr\\\/actualite\\\/author\\\/ramzi\\\/\"}]}<\/script>\n<!-- \/ Yoast SEO Premium plugin. -->","yoast_head_json":{"title":"En 2021, un h\u00e9licopt\u00e8re s'\u00e9tait \u00e9cras\u00e9 dans les m\u00eames circonstances","description":"Les faits s\u2019\u00e9taient d\u00e9roul\u00e9s en octobre 2021 lors d\u2019un entra\u00eenement nocturne dans la r\u00e9gion de Gab\u00e8s, dans le sud de la Tunisie.","canonical":"https:\/\/www.webdo.tn\/fr\/actualite\/national\/le-6-octobre-2021-un-helicoptere-s-etait-ecrase-dans-les-memes-circonstances-3-militaires-decedes\/206476\/","og_locale":"fr_FR","og_type":"article","og_title":"En 2021, un h\u00e9licopt\u00e8re s'\u00e9tait \u00e9cras\u00e9 dans les m\u00eames circonstances","og_description":"Les faits s\u2019\u00e9taient d\u00e9roul\u00e9s en octobre 2021 lors d\u2019un entra\u00eenement nocturne dans la r\u00e9gion de Gab\u00e8s, dans le sud de la Tunisie.","og_url":"https:\/\/www.webdo.tn\/fr\/actualite\/national\/le-6-octobre-2021-un-helicoptere-s-etait-ecrase-dans-les-memes-circonstances-3-militaires-decedes\/206476\/","og_site_name":"webdo","article_publisher":"https:\/\/www.facebook.com\/webdotn","article_published_time":"2023-06-09T12:42:00+00:00","article_modified_time":"2025-05-20T22:58:12+00:00","og_image":[{"width":677,"height":361,"url":"https:\/\/www.webdo.tn\/fr\/wp-content\/uploads\/2023\/06\/a7dc3c33431fa137fc19de31877b2b94.jpg","type":"image\/jpeg"}],"author":"Ramzi","twitter_card":"summary_large_image","twitter_creator":"@webdo_tn","twitter_site":"@webdo_tn","twitter_misc":{"\u00c9crit par":"Ramzi","Dur\u00e9e de lecture estim\u00e9e":"1 minute"},"schema":{"@context":"https:\/\/schema.org","@graph":[{"@type":"NewsArticle","@id":"https:\/\/www.webdo.tn\/fr\/actualite\/national\/le-6-octobre-2021-un-helicoptere-s-etait-ecrase-dans-les-memes-circonstances-3-militaires-decedes\/206476\/#article","isPartOf":{"@id":"https:\/\/www.webdo.tn\/fr\/actualite\/national\/le-6-octobre-2021-un-helicoptere-s-etait-ecrase-dans-les-memes-circonstances-3-militaires-decedes\/206476\/"},"author":{"name":"Ramzi","@id":"https:\/\/www.webdo.tn\/fr\/#\/schema\/person\/590cb5f81adcfde6385530fdbdf468e2"},"headline":"En 2021, un h\u00e9licopt\u00e8re s&rsquo;\u00e9tait \u00e9cras\u00e9 dans les m\u00eames circonstances","datePublished":"2023-06-09T12:42:00+00:00","dateModified":"2025-05-20T22:58:12+00:00","mainEntityOfPage":{"@id":"https:\/\/www.webdo.tn\/fr\/actualite\/national\/le-6-octobre-2021-un-helicoptere-s-etait-ecrase-dans-les-memes-circonstances-3-militaires-decedes\/206476\/"},"wordCount":202,"commentCount":0,"publisher":{"@id":"https:\/\/www.webdo.tn\/fr\/#organization"},"image":{"@id":"https:\/\/www.webdo.tn\/fr\/actualite\/national\/le-6-octobre-2021-un-helicoptere-s-etait-ecrase-dans-les-memes-circonstances-3-militaires-decedes\/206476\/#primaryimage"},"thumbnailUrl":"https:\/\/www.webdo.tn\/fr\/wp-content\/uploads\/2023\/06\/a7dc3c33431fa137fc19de31877b2b94.jpg","keywords":["arm\u00e9e","crash","h\u00e9licopt\u00e8re"],"articleSection":["National"],"inLanguage":"fr-FR"},{"@type":"WebPage","@id":"https:\/\/www.webdo.tn\/fr\/actualite\/national\/le-6-octobre-2021-un-helicoptere-s-etait-ecrase-dans-les-memes-circonstances-3-militaires-decedes\/206476\/","url":"https:\/\/www.webdo.tn\/fr\/actualite\/national\/le-6-octobre-2021-un-helicoptere-s-etait-ecrase-dans-les-memes-circonstances-3-militaires-decedes\/206476\/","name":"En 2021, un h\u00e9licopt\u00e8re s'\u00e9tait \u00e9cras\u00e9 dans les m\u00eames circonstances","isPartOf":{"@id":"https:\/\/www.webdo.tn\/fr\/#website"},"primaryImageOfPage":{"@id":"https:\/\/www.webdo.tn\/fr\/actualite\/national\/le-6-octobre-2021-un-helicoptere-s-etait-ecrase-dans-les-memes-circonstances-3-militaires-decedes\/206476\/#primaryimage"},"image":{"@id":"https:\/\/www.webdo.tn\/fr\/actualite\/national\/le-6-octobre-2021-un-helicoptere-s-etait-ecrase-dans-les-memes-circonstances-3-militaires-decedes\/206476\/#primaryimage"},"thumbnailUrl":"https:\/\/www.webdo.tn\/fr\/wp-content\/uploads\/2023\/06\/a7dc3c33431fa137fc19de31877b2b94.jpg","datePublished":"2023-06-09T12:42:00+00:00","dateModified":"2025-05-20T22:58:12+00:00","description":"Les faits s\u2019\u00e9taient d\u00e9roul\u00e9s en octobre 2021 lors d\u2019un entra\u00eenement nocturne dans la r\u00e9gion de Gab\u00e8s, dans le sud de la Tunisie.","breadcrumb":{"@id":"https:\/\/www.webdo.tn\/fr\/actualite\/national\/le-6-octobre-2021-un-helicoptere-s-etait-ecrase-dans-les-memes-circonstances-3-militaires-decedes\/206476\/#breadcrumb"},"inLanguage":"fr-FR","potentialAction":[{"@type":"ReadAction","target":["https:\/\/www.webdo.tn\/fr\/actualite\/national\/le-6-octobre-2021-un-helicoptere-s-etait-ecrase-dans-les-memes-circonstances-3-militaires-decedes\/206476\/"]}]},{"@type":"ImageObject","inLanguage":"fr-FR","@id":"https:\/\/www.webdo.tn\/fr\/actualite\/national\/le-6-octobre-2021-un-helicoptere-s-etait-ecrase-dans-les-memes-circonstances-3-militaires-decedes\/206476\/#primaryimage","url":"https:\/\/www.webdo.tn\/fr\/wp-content\/uploads\/2023\/06\/a7dc3c33431fa137fc19de31877b2b94.jpg","contentUrl":"https:\/\/www.webdo.tn\/fr\/wp-content\/uploads\/2023\/06\/a7dc3c33431fa137fc19de31877b2b94.jpg","width":677,"height":361,"caption":"En 2021, un h\u00e9licopt\u00e8re s'\u00e9tait \u00e9cras\u00e9 dans les m\u00eames circonstances"},{"@type":"BreadcrumbList","@id":"https:\/\/www.webdo.tn\/fr\/actualite\/national\/le-6-octobre-2021-un-helicoptere-s-etait-ecrase-dans-les-memes-circonstances-3-militaires-decedes\/206476\/#breadcrumb","itemListElement":[{"@type":"ListItem","position":1,"name":"Accueil","item":"https:\/\/www.webdo.tn\/fr\/"},{"@type":"ListItem","position":2,"name":"En 2021, un h\u00e9licopt\u00e8re s&#8217;\u00e9tait \u00e9cras\u00e9 dans les m\u00eames circonstances"}]},{"@type":"WebSite","@id":"https:\/\/www.webdo.tn\/fr\/#website","url":"https:\/\/www.webdo.tn\/fr\/","name":"webdo","description":"Tunisie - News en Tunisie et \u00e0 l&#039;international sur Webdo.tn","publisher":{"@id":"https:\/\/www.webdo.tn\/fr\/#organization"},"potentialAction":[{"@type":"SearchAction","target":{"@type":"EntryPoint","urlTemplate":"https:\/\/www.webdo.tn\/fr\/?s={search_term_string}"},"query-input":{"@type":"PropertyValueSpecification","valueRequired":true,"valueName":"search_term_string"}}],"inLanguage":"fr-FR"},{"@type":"Organization","@id":"https:\/\/www.webdo.tn\/fr\/#organization","name":"Webdo","alternateName":"Webdo.tn","url":"https:\/\/www.webdo.tn\/fr\/","logo":{"@type":"ImageObject","inLanguage":"fr-FR","@id":"https:\/\/www.webdo.tn\/fr\/#\/schema\/logo\/image\/","url":"https:\/\/www.webdo.tn\/fr\/wp-content\/uploads\/2025\/06\/Webdo-Tunisie_168377.jpg","contentUrl":"https:\/\/www.webdo.tn\/fr\/wp-content\/uploads\/2025\/06\/Webdo-Tunisie_168377.jpg","width":301,"height":301,"caption":"Webdo"},"image":{"@id":"https:\/\/www.webdo.tn\/fr\/#\/schema\/logo\/image\/"},"sameAs":["https:\/\/www.facebook.com\/webdotn","https:\/\/x.com\/webdo_tn"],"description":"Webdo est un m\u00e9dia num\u00e9rique tunisien fond\u00e9 en 2010, sp\u00e9cialis\u00e9 dans l\u2019actualit\u00e9 nationale et internationale, l\u2019\u00e9conomie, la soci\u00e9t\u00e9 et les analyses politiques. Le site s\u2019adresse \u00e0 un large public francophone et couvre l\u2019information tunisienne en temps r\u00e9el.","email":"redac@webdo.tn","legalName":"YNJ SARL","foundingDate":"2010-09-06","numberOfEmployees":{"@type":"QuantitativeValue","minValue":"11","maxValue":"50"}},{"@type":"Person","@id":"https:\/\/www.webdo.tn\/fr\/#\/schema\/person\/590cb5f81adcfde6385530fdbdf468e2","name":"Ramzi","image":{"@type":"ImageObject","inLanguage":"fr-FR","@id":"https:\/\/secure.gravatar.com\/avatar\/48df7d18915e10cf866ba8e27604c81ff9243fd52704a1d210c3e387e1cb8d87?s=96&d=mm&r=g","url":"https:\/\/secure.gravatar.com\/avatar\/48df7d18915e10cf866ba8e27604c81ff9243fd52704a1d210c3e387e1cb8d87?s=96&d=mm&r=g","contentUrl":"https:\/\/secure.gravatar.com\/avatar\/48df7d18915e10cf866ba8e27604c81ff9243fd52704a1d210c3e387e1cb8d87?s=96&d=mm&r=g","caption":"Ramzi"},"url":"https:\/\/www.webdo.tn\/fr\/actualite\/author\/ramzi\/"}]}},"_links":{"self":[{"href":"https:\/\/www.webdo.tn\/fr\/wp-json\/wp\/v2\/posts\/206476","targetHints":{"allow":["GET"]}}],"collection":[{"href":"https:\/\/www.webdo.tn\/fr\/wp-json\/wp\/v2\/posts"}],"about":[{"href":"https:\/\/www.webdo.tn\/fr\/wp-json\/wp\/v2\/types\/post"}],"author":[{"embeddable":true,"href":"https:\/\/www.webdo.tn\/fr\/wp-json\/wp\/v2\/users\/3188"}],"replies":[{"embeddable":true,"href":"https:\/\/www.webdo.tn\/fr\/wp-json\/wp\/v2\/comments?post=206476"}],"version-history":[{"count":0,"href":"https:\/\/www.webdo.tn\/fr\/wp-json\/wp\/v2\/posts\/206476\/revisions"}],"wp:featuredmedia":[{"embeddable":true,"href":"https:\/\/www.webdo.tn\/fr\/wp-json\/wp\/v2\/media\/250935"}],"wp:attachment":[{"href":"https:\/\/www.webdo.tn\/fr\/wp-json\/wp\/v2\/media?parent=206476"}],"wp:term":[{"taxonomy":"category","embeddable":true,"href":"https:\/\/www.webdo.tn\/fr\/wp-json\/wp\/v2\/categories?post=206476"},{"taxonomy":"post_tag","embeddable":true,"href":"https:\/\/www.webdo.tn\/fr\/wp-json\/wp\/v2\/tags?post=206476"}],"curies":[{"name":"wp","href":"https:\/\/api.w.org\/{rel}","templated":true}]}}