{"id":206470,"date":"2023-06-09T11:13:00","date_gmt":"2023-06-09T11:13:00","guid":{"rendered":"https:\/\/www.webdo.tn\/fr\/blog\/crash-d-un-helicoptere-militaire-un-troisieme-corps-repeche\/206470\/"},"modified":"2025-05-20T21:59:07","modified_gmt":"2025-05-20T21:59:07","slug":"crash-d-un-helicoptere-militaire-un-troisieme-corps-repeche","status":"publish","type":"post","link":"https:\/\/www.webdo.tn\/fr\/actualite\/national\/crash-d-un-helicoptere-militaire-un-troisieme-corps-repeche\/206470\/","title":{"rendered":"Crash d&rsquo;un h\u00e9licopt\u00e8re militaire : Un troisi\u00e8me corps rep\u00each\u00e9"},"content":{"rendered":"<p>Un troisi\u00e8me corps a \u00e9t\u00e9 rep\u00each\u00e9, dans la matin\u00e9e de ce vendredi 9 juin. Les recherches se poursuivent pour retrouver un quatri\u00e8me corps.<\/p>\n<p>\t\t\t\t\t\t\t\t\tLe minist\u00e8re de la D\u00e9fense a publi\u00e9 un communiqu\u00e9, aujourd&rsquo;hui pour annoncer que dans le cadre du suivi des recherches effectu\u00e9es par les unit\u00e9s de l&rsquo;arm\u00e9 nationale, suite au crash d&rsquo;un h\u00e9licopt\u00e8re, mercredi 7 juin 2023, un troisi\u00e8me corps a \u00e9t\u00e9 rep\u00each\u00e9, dans la matin\u00e9e de ce vendredi 9 juin. Les recherches se poursuivent pour retrouver la d\u00e9pouille de la quatri\u00e8me victime.<\/p>\n<p>Les unit\u00e9s de plong\u00e9e de la Marine nationale ont rep\u00each\u00e9, hier, deux corps et retrouv\u00e9 des d\u00e9bris de l&rsquo;h\u00e9licopt\u00e8re, qui transportait quatre membres d&rsquo;\u00e9quipage.<\/p>\n<p>Le minist\u00e8re de la D\u00e9fense avait annonc\u00e9, hier avoir perdu le contact avec un h\u00e9licopt\u00e8re qui effectuait une mission nocturne, hier, mercredi 7 juin, \u00e0 Cap Serrat dans le gouvernorat de Bizerte.<\/p>\n","protected":false},"excerpt":{"rendered":"<p>Un troisi\u00e8me corps a \u00e9t\u00e9 rep\u00each\u00e9, dans la matin\u00e9e de ce vendredi 9 juin. Les recherches se poursuivent pour retrouver un quatri\u00e8me corps.<\/p>\n","protected":false},"author":3162,"featured_media":250904,"comment_status":"open","ping_status":"closed","sticky":false,"template":"","format":"standard","meta":{"footnotes":""},"categories":[44],"tags":[8147,4592,7965],"class_list":["post-206470","post","type-post","status-publish","format-standard","has-post-thumbnail","hentry","category-national","tag-cap-serrat","tag-crash","tag-helicoptere"],"yoast_head":"<!-- This site is optimized with the Yoast SEO Premium plugin v27.4 (Yoast SEO v27.5) - https:\/\/yoast.com\/product\/yoast-seo-premium-wordpress\/ -->\n<title>Crash d&#039;un h\u00e9licopt\u00e8re militaire : Un troisi\u00e8me corps rep\u00each\u00e9<\/title>\n<meta name=\"description\" content=\"Un troisi\u00e8me corps a \u00e9t\u00e9 rep\u00each\u00e9, dans la matin\u00e9e de ce vendredi 9 juin. Les recherches se poursuivent pour retrouver un quatri\u00e8me corps.\" \/>\n<link rel=\"canonical\" href=\"https:\/\/www.webdo.tn\/fr\/actualite\/national\/crash-d-un-helicoptere-militaire-un-troisieme-corps-repeche\/206470\/\" \/>\n<meta property=\"og:locale\" content=\"fr_FR\" \/>\n<meta property=\"og:type\" content=\"article\" \/>\n<meta property=\"og:title\" content=\"Crash d&#039;un h\u00e9licopt\u00e8re militaire : Un troisi\u00e8me corps rep\u00each\u00e9\" \/>\n<meta property=\"og:description\" content=\"Un troisi\u00e8me corps a \u00e9t\u00e9 rep\u00each\u00e9, dans la matin\u00e9e de ce vendredi 9 juin. Les recherches se poursuivent pour retrouver un quatri\u00e8me corps.\" \/>\n<meta property=\"og:url\" content=\"https:\/\/www.webdo.tn\/fr\/actualite\/national\/crash-d-un-helicoptere-militaire-un-troisieme-corps-repeche\/206470\/\" \/>\n<meta property=\"og:site_name\" content=\"webdo\" \/>\n<meta property=\"article:publisher\" content=\"https:\/\/www.facebook.com\/webdotn\" \/>\n<meta property=\"article:published_time\" content=\"2023-06-09T11:13:00+00:00\" \/>\n<meta property=\"article:modified_time\" content=\"2025-05-20T21:59:07+00:00\" \/>\n<meta property=\"og:image\" content=\"https:\/\/www.webdo.tn\/fr\/wp-content\/uploads\/2023\/06\/75a560071399986900df6b0eeabc38e3.jpg\" \/>\n\t<meta property=\"og:image:width\" content=\"750\" \/>\n\t<meta property=\"og:image:height\" content=\"400\" \/>\n\t<meta property=\"og:image:type\" content=\"image\/jpeg\" \/>\n<meta name=\"author\" content=\"MC\" \/>\n<meta name=\"twitter:card\" content=\"summary_large_image\" \/>\n<meta name=\"twitter:creator\" content=\"@webdo_tn\" \/>\n<meta name=\"twitter:site\" content=\"@webdo_tn\" \/>\n<meta name=\"twitter:label1\" content=\"\u00c9crit par\" \/>\n\t<meta name=\"twitter:data1\" content=\"MC\" \/>\n\t<meta name=\"twitter:label2\" content=\"Dur\u00e9e de lecture estim\u00e9e\" \/>\n\t<meta name=\"twitter:data2\" content=\"1 minute\" \/>\n<script type=\"application\/ld+json\" class=\"yoast-schema-graph\">{\"@context\":\"https:\\\/\\\/schema.org\",\"@graph\":[{\"@type\":\"NewsArticle\",\"@id\":\"https:\\\/\\\/www.webdo.tn\\\/fr\\\/actualite\\\/national\\\/crash-d-un-helicoptere-militaire-un-troisieme-corps-repeche\\\/206470\\\/#article\",\"isPartOf\":{\"@id\":\"https:\\\/\\\/www.webdo.tn\\\/fr\\\/actualite\\\/national\\\/crash-d-un-helicoptere-militaire-un-troisieme-corps-repeche\\\/206470\\\/\"},\"author\":{\"name\":\"MC\",\"@id\":\"https:\\\/\\\/www.webdo.tn\\\/fr\\\/#\\\/schema\\\/person\\\/2c4929cbf5a809e3bd38617c6ce150f6\"},\"headline\":\"Crash d&rsquo;un h\u00e9licopt\u00e8re militaire : Un troisi\u00e8me corps rep\u00each\u00e9\",\"datePublished\":\"2023-06-09T11:13:00+00:00\",\"dateModified\":\"2025-05-20T21:59:07+00:00\",\"mainEntityOfPage\":{\"@id\":\"https:\\\/\\\/www.webdo.tn\\\/fr\\\/actualite\\\/national\\\/crash-d-un-helicoptere-militaire-un-troisieme-corps-repeche\\\/206470\\\/\"},\"wordCount\":178,\"commentCount\":0,\"publisher\":{\"@id\":\"https:\\\/\\\/www.webdo.tn\\\/fr\\\/#organization\"},\"image\":{\"@id\":\"https:\\\/\\\/www.webdo.tn\\\/fr\\\/actualite\\\/national\\\/crash-d-un-helicoptere-militaire-un-troisieme-corps-repeche\\\/206470\\\/#primaryimage\"},\"thumbnailUrl\":\"https:\\\/\\\/www.webdo.tn\\\/fr\\\/wp-content\\\/uploads\\\/2023\\\/06\\\/75a560071399986900df6b0eeabc38e3.jpg\",\"keywords\":[\"cap serrat\",\"crash\",\"h\u00e9licopt\u00e8re\"],\"articleSection\":[\"National\"],\"inLanguage\":\"fr-FR\"},{\"@type\":\"WebPage\",\"@id\":\"https:\\\/\\\/www.webdo.tn\\\/fr\\\/actualite\\\/national\\\/crash-d-un-helicoptere-militaire-un-troisieme-corps-repeche\\\/206470\\\/\",\"url\":\"https:\\\/\\\/www.webdo.tn\\\/fr\\\/actualite\\\/national\\\/crash-d-un-helicoptere-militaire-un-troisieme-corps-repeche\\\/206470\\\/\",\"name\":\"Crash d'un h\u00e9licopt\u00e8re militaire : Un troisi\u00e8me corps rep\u00each\u00e9\",\"isPartOf\":{\"@id\":\"https:\\\/\\\/www.webdo.tn\\\/fr\\\/#website\"},\"primaryImageOfPage\":{\"@id\":\"https:\\\/\\\/www.webdo.tn\\\/fr\\\/actualite\\\/national\\\/crash-d-un-helicoptere-militaire-un-troisieme-corps-repeche\\\/206470\\\/#primaryimage\"},\"image\":{\"@id\":\"https:\\\/\\\/www.webdo.tn\\\/fr\\\/actualite\\\/national\\\/crash-d-un-helicoptere-militaire-un-troisieme-corps-repeche\\\/206470\\\/#primaryimage\"},\"thumbnailUrl\":\"https:\\\/\\\/www.webdo.tn\\\/fr\\\/wp-content\\\/uploads\\\/2023\\\/06\\\/75a560071399986900df6b0eeabc38e3.jpg\",\"datePublished\":\"2023-06-09T11:13:00+00:00\",\"dateModified\":\"2025-05-20T21:59:07+00:00\",\"description\":\"Un troisi\u00e8me corps a \u00e9t\u00e9 rep\u00each\u00e9, dans la matin\u00e9e de ce vendredi 9 juin. Les recherches se poursuivent pour retrouver un quatri\u00e8me corps.\",\"breadcrumb\":{\"@id\":\"https:\\\/\\\/www.webdo.tn\\\/fr\\\/actualite\\\/national\\\/crash-d-un-helicoptere-militaire-un-troisieme-corps-repeche\\\/206470\\\/#breadcrumb\"},\"inLanguage\":\"fr-FR\",\"potentialAction\":[{\"@type\":\"ReadAction\",\"target\":[\"https:\\\/\\\/www.webdo.tn\\\/fr\\\/actualite\\\/national\\\/crash-d-un-helicoptere-militaire-un-troisieme-corps-repeche\\\/206470\\\/\"]}]},{\"@type\":\"ImageObject\",\"inLanguage\":\"fr-FR\",\"@id\":\"https:\\\/\\\/www.webdo.tn\\\/fr\\\/actualite\\\/national\\\/crash-d-un-helicoptere-militaire-un-troisieme-corps-repeche\\\/206470\\\/#primaryimage\",\"url\":\"https:\\\/\\\/www.webdo.tn\\\/fr\\\/wp-content\\\/uploads\\\/2023\\\/06\\\/75a560071399986900df6b0eeabc38e3.jpg\",\"contentUrl\":\"https:\\\/\\\/www.webdo.tn\\\/fr\\\/wp-content\\\/uploads\\\/2023\\\/06\\\/75a560071399986900df6b0eeabc38e3.jpg\",\"width\":750,\"height\":400,\"caption\":\"Crash d'un h\u00e9licopt\u00e8re militaire : Un troisi\u00e8me corps rep\u00each\u00e9\"},{\"@type\":\"BreadcrumbList\",\"@id\":\"https:\\\/\\\/www.webdo.tn\\\/fr\\\/actualite\\\/national\\\/crash-d-un-helicoptere-militaire-un-troisieme-corps-repeche\\\/206470\\\/#breadcrumb\",\"itemListElement\":[{\"@type\":\"ListItem\",\"position\":1,\"name\":\"Accueil\",\"item\":\"https:\\\/\\\/www.webdo.tn\\\/fr\\\/\"},{\"@type\":\"ListItem\",\"position\":2,\"name\":\"Crash d&#8217;un h\u00e9licopt\u00e8re militaire : Un troisi\u00e8me corps rep\u00each\u00e9\"}]},{\"@type\":\"WebSite\",\"@id\":\"https:\\\/\\\/www.webdo.tn\\\/fr\\\/#website\",\"url\":\"https:\\\/\\\/www.webdo.tn\\\/fr\\\/\",\"name\":\"webdo\",\"description\":\"Tunisie - News en Tunisie et \u00e0 l&#039;international sur Webdo.tn\",\"publisher\":{\"@id\":\"https:\\\/\\\/www.webdo.tn\\\/fr\\\/#organization\"},\"potentialAction\":[{\"@type\":\"SearchAction\",\"target\":{\"@type\":\"EntryPoint\",\"urlTemplate\":\"https:\\\/\\\/www.webdo.tn\\\/fr\\\/?s={search_term_string}\"},\"query-input\":{\"@type\":\"PropertyValueSpecification\",\"valueRequired\":true,\"valueName\":\"search_term_string\"}}],\"inLanguage\":\"fr-FR\"},{\"@type\":\"Organization\",\"@id\":\"https:\\\/\\\/www.webdo.tn\\\/fr\\\/#organization\",\"name\":\"Webdo\",\"alternateName\":\"Webdo.tn\",\"url\":\"https:\\\/\\\/www.webdo.tn\\\/fr\\\/\",\"logo\":{\"@type\":\"ImageObject\",\"inLanguage\":\"fr-FR\",\"@id\":\"https:\\\/\\\/www.webdo.tn\\\/fr\\\/#\\\/schema\\\/logo\\\/image\\\/\",\"url\":\"https:\\\/\\\/www.webdo.tn\\\/fr\\\/wp-content\\\/uploads\\\/2025\\\/06\\\/Webdo-Tunisie_168377.jpg\",\"contentUrl\":\"https:\\\/\\\/www.webdo.tn\\\/fr\\\/wp-content\\\/uploads\\\/2025\\\/06\\\/Webdo-Tunisie_168377.jpg\",\"width\":301,\"height\":301,\"caption\":\"Webdo\"},\"image\":{\"@id\":\"https:\\\/\\\/www.webdo.tn\\\/fr\\\/#\\\/schema\\\/logo\\\/image\\\/\"},\"sameAs\":[\"https:\\\/\\\/www.facebook.com\\\/webdotn\",\"https:\\\/\\\/x.com\\\/webdo_tn\"],\"description\":\"Webdo est un m\u00e9dia num\u00e9rique tunisien fond\u00e9 en 2010, sp\u00e9cialis\u00e9 dans l\u2019actualit\u00e9 nationale et internationale, l\u2019\u00e9conomie, la soci\u00e9t\u00e9 et les analyses politiques. Le site s\u2019adresse \u00e0 un large public francophone et couvre l\u2019information tunisienne en temps r\u00e9el.\",\"email\":\"redac@webdo.tn\",\"legalName\":\"YNJ SARL\",\"foundingDate\":\"2010-09-06\",\"numberOfEmployees\":{\"@type\":\"QuantitativeValue\",\"minValue\":\"11\",\"maxValue\":\"50\"}},{\"@type\":\"Person\",\"@id\":\"https:\\\/\\\/www.webdo.tn\\\/fr\\\/#\\\/schema\\\/person\\\/2c4929cbf5a809e3bd38617c6ce150f6\",\"name\":\"MC\",\"image\":{\"@type\":\"ImageObject\",\"inLanguage\":\"fr-FR\",\"@id\":\"https:\\\/\\\/secure.gravatar.com\\\/avatar\\\/a545bbb6f84efdd5553dbbc2895e3ca8f1d12c5215e00a041c9670b54aa9b18a?s=96&d=mm&r=g\",\"url\":\"https:\\\/\\\/secure.gravatar.com\\\/avatar\\\/a545bbb6f84efdd5553dbbc2895e3ca8f1d12c5215e00a041c9670b54aa9b18a?s=96&d=mm&r=g\",\"contentUrl\":\"https:\\\/\\\/secure.gravatar.com\\\/avatar\\\/a545bbb6f84efdd5553dbbc2895e3ca8f1d12c5215e00a041c9670b54aa9b18a?s=96&d=mm&r=g\",\"caption\":\"MC\"},\"url\":\"https:\\\/\\\/www.webdo.tn\\\/fr\\\/actualite\\\/author\\\/mc\\\/\"}]}<\/script>\n<!-- \/ Yoast SEO Premium plugin. -->","yoast_head_json":{"title":"Crash d'un h\u00e9licopt\u00e8re militaire : Un troisi\u00e8me corps rep\u00each\u00e9","description":"Un troisi\u00e8me corps a \u00e9t\u00e9 rep\u00each\u00e9, dans la matin\u00e9e de ce vendredi 9 juin. Les recherches se poursuivent pour retrouver un quatri\u00e8me corps.","canonical":"https:\/\/www.webdo.tn\/fr\/actualite\/national\/crash-d-un-helicoptere-militaire-un-troisieme-corps-repeche\/206470\/","og_locale":"fr_FR","og_type":"article","og_title":"Crash d'un h\u00e9licopt\u00e8re militaire : Un troisi\u00e8me corps rep\u00each\u00e9","og_description":"Un troisi\u00e8me corps a \u00e9t\u00e9 rep\u00each\u00e9, dans la matin\u00e9e de ce vendredi 9 juin. Les recherches se poursuivent pour retrouver un quatri\u00e8me corps.","og_url":"https:\/\/www.webdo.tn\/fr\/actualite\/national\/crash-d-un-helicoptere-militaire-un-troisieme-corps-repeche\/206470\/","og_site_name":"webdo","article_publisher":"https:\/\/www.facebook.com\/webdotn","article_published_time":"2023-06-09T11:13:00+00:00","article_modified_time":"2025-05-20T21:59:07+00:00","og_image":[{"width":750,"height":400,"url":"https:\/\/www.webdo.tn\/fr\/wp-content\/uploads\/2023\/06\/75a560071399986900df6b0eeabc38e3.jpg","type":"image\/jpeg"}],"author":"MC","twitter_card":"summary_large_image","twitter_creator":"@webdo_tn","twitter_site":"@webdo_tn","twitter_misc":{"\u00c9crit par":"MC","Dur\u00e9e de lecture estim\u00e9e":"1 minute"},"schema":{"@context":"https:\/\/schema.org","@graph":[{"@type":"NewsArticle","@id":"https:\/\/www.webdo.tn\/fr\/actualite\/national\/crash-d-un-helicoptere-militaire-un-troisieme-corps-repeche\/206470\/#article","isPartOf":{"@id":"https:\/\/www.webdo.tn\/fr\/actualite\/national\/crash-d-un-helicoptere-militaire-un-troisieme-corps-repeche\/206470\/"},"author":{"name":"MC","@id":"https:\/\/www.webdo.tn\/fr\/#\/schema\/person\/2c4929cbf5a809e3bd38617c6ce150f6"},"headline":"Crash d&rsquo;un h\u00e9licopt\u00e8re militaire : Un troisi\u00e8me corps rep\u00each\u00e9","datePublished":"2023-06-09T11:13:00+00:00","dateModified":"2025-05-20T21:59:07+00:00","mainEntityOfPage":{"@id":"https:\/\/www.webdo.tn\/fr\/actualite\/national\/crash-d-un-helicoptere-militaire-un-troisieme-corps-repeche\/206470\/"},"wordCount":178,"commentCount":0,"publisher":{"@id":"https:\/\/www.webdo.tn\/fr\/#organization"},"image":{"@id":"https:\/\/www.webdo.tn\/fr\/actualite\/national\/crash-d-un-helicoptere-militaire-un-troisieme-corps-repeche\/206470\/#primaryimage"},"thumbnailUrl":"https:\/\/www.webdo.tn\/fr\/wp-content\/uploads\/2023\/06\/75a560071399986900df6b0eeabc38e3.jpg","keywords":["cap serrat","crash","h\u00e9licopt\u00e8re"],"articleSection":["National"],"inLanguage":"fr-FR"},{"@type":"WebPage","@id":"https:\/\/www.webdo.tn\/fr\/actualite\/national\/crash-d-un-helicoptere-militaire-un-troisieme-corps-repeche\/206470\/","url":"https:\/\/www.webdo.tn\/fr\/actualite\/national\/crash-d-un-helicoptere-militaire-un-troisieme-corps-repeche\/206470\/","name":"Crash d'un h\u00e9licopt\u00e8re militaire : Un troisi\u00e8me corps rep\u00each\u00e9","isPartOf":{"@id":"https:\/\/www.webdo.tn\/fr\/#website"},"primaryImageOfPage":{"@id":"https:\/\/www.webdo.tn\/fr\/actualite\/national\/crash-d-un-helicoptere-militaire-un-troisieme-corps-repeche\/206470\/#primaryimage"},"image":{"@id":"https:\/\/www.webdo.tn\/fr\/actualite\/national\/crash-d-un-helicoptere-militaire-un-troisieme-corps-repeche\/206470\/#primaryimage"},"thumbnailUrl":"https:\/\/www.webdo.tn\/fr\/wp-content\/uploads\/2023\/06\/75a560071399986900df6b0eeabc38e3.jpg","datePublished":"2023-06-09T11:13:00+00:00","dateModified":"2025-05-20T21:59:07+00:00","description":"Un troisi\u00e8me corps a \u00e9t\u00e9 rep\u00each\u00e9, dans la matin\u00e9e de ce vendredi 9 juin. Les recherches se poursuivent pour retrouver un quatri\u00e8me corps.","breadcrumb":{"@id":"https:\/\/www.webdo.tn\/fr\/actualite\/national\/crash-d-un-helicoptere-militaire-un-troisieme-corps-repeche\/206470\/#breadcrumb"},"inLanguage":"fr-FR","potentialAction":[{"@type":"ReadAction","target":["https:\/\/www.webdo.tn\/fr\/actualite\/national\/crash-d-un-helicoptere-militaire-un-troisieme-corps-repeche\/206470\/"]}]},{"@type":"ImageObject","inLanguage":"fr-FR","@id":"https:\/\/www.webdo.tn\/fr\/actualite\/national\/crash-d-un-helicoptere-militaire-un-troisieme-corps-repeche\/206470\/#primaryimage","url":"https:\/\/www.webdo.tn\/fr\/wp-content\/uploads\/2023\/06\/75a560071399986900df6b0eeabc38e3.jpg","contentUrl":"https:\/\/www.webdo.tn\/fr\/wp-content\/uploads\/2023\/06\/75a560071399986900df6b0eeabc38e3.jpg","width":750,"height":400,"caption":"Crash d'un h\u00e9licopt\u00e8re militaire : Un troisi\u00e8me corps rep\u00each\u00e9"},{"@type":"BreadcrumbList","@id":"https:\/\/www.webdo.tn\/fr\/actualite\/national\/crash-d-un-helicoptere-militaire-un-troisieme-corps-repeche\/206470\/#breadcrumb","itemListElement":[{"@type":"ListItem","position":1,"name":"Accueil","item":"https:\/\/www.webdo.tn\/fr\/"},{"@type":"ListItem","position":2,"name":"Crash d&#8217;un h\u00e9licopt\u00e8re militaire : Un troisi\u00e8me corps rep\u00each\u00e9"}]},{"@type":"WebSite","@id":"https:\/\/www.webdo.tn\/fr\/#website","url":"https:\/\/www.webdo.tn\/fr\/","name":"webdo","description":"Tunisie - News en Tunisie et \u00e0 l&#039;international sur Webdo.tn","publisher":{"@id":"https:\/\/www.webdo.tn\/fr\/#organization"},"potentialAction":[{"@type":"SearchAction","target":{"@type":"EntryPoint","urlTemplate":"https:\/\/www.webdo.tn\/fr\/?s={search_term_string}"},"query-input":{"@type":"PropertyValueSpecification","valueRequired":true,"valueName":"search_term_string"}}],"inLanguage":"fr-FR"},{"@type":"Organization","@id":"https:\/\/www.webdo.tn\/fr\/#organization","name":"Webdo","alternateName":"Webdo.tn","url":"https:\/\/www.webdo.tn\/fr\/","logo":{"@type":"ImageObject","inLanguage":"fr-FR","@id":"https:\/\/www.webdo.tn\/fr\/#\/schema\/logo\/image\/","url":"https:\/\/www.webdo.tn\/fr\/wp-content\/uploads\/2025\/06\/Webdo-Tunisie_168377.jpg","contentUrl":"https:\/\/www.webdo.tn\/fr\/wp-content\/uploads\/2025\/06\/Webdo-Tunisie_168377.jpg","width":301,"height":301,"caption":"Webdo"},"image":{"@id":"https:\/\/www.webdo.tn\/fr\/#\/schema\/logo\/image\/"},"sameAs":["https:\/\/www.facebook.com\/webdotn","https:\/\/x.com\/webdo_tn"],"description":"Webdo est un m\u00e9dia num\u00e9rique tunisien fond\u00e9 en 2010, sp\u00e9cialis\u00e9 dans l\u2019actualit\u00e9 nationale et internationale, l\u2019\u00e9conomie, la soci\u00e9t\u00e9 et les analyses politiques. Le site s\u2019adresse \u00e0 un large public francophone et couvre l\u2019information tunisienne en temps r\u00e9el.","email":"redac@webdo.tn","legalName":"YNJ SARL","foundingDate":"2010-09-06","numberOfEmployees":{"@type":"QuantitativeValue","minValue":"11","maxValue":"50"}},{"@type":"Person","@id":"https:\/\/www.webdo.tn\/fr\/#\/schema\/person\/2c4929cbf5a809e3bd38617c6ce150f6","name":"MC","image":{"@type":"ImageObject","inLanguage":"fr-FR","@id":"https:\/\/secure.gravatar.com\/avatar\/a545bbb6f84efdd5553dbbc2895e3ca8f1d12c5215e00a041c9670b54aa9b18a?s=96&d=mm&r=g","url":"https:\/\/secure.gravatar.com\/avatar\/a545bbb6f84efdd5553dbbc2895e3ca8f1d12c5215e00a041c9670b54aa9b18a?s=96&d=mm&r=g","contentUrl":"https:\/\/secure.gravatar.com\/avatar\/a545bbb6f84efdd5553dbbc2895e3ca8f1d12c5215e00a041c9670b54aa9b18a?s=96&d=mm&r=g","caption":"MC"},"url":"https:\/\/www.webdo.tn\/fr\/actualite\/author\/mc\/"}]}},"_links":{"self":[{"href":"https:\/\/www.webdo.tn\/fr\/wp-json\/wp\/v2\/posts\/206470","targetHints":{"allow":["GET"]}}],"collection":[{"href":"https:\/\/www.webdo.tn\/fr\/wp-json\/wp\/v2\/posts"}],"about":[{"href":"https:\/\/www.webdo.tn\/fr\/wp-json\/wp\/v2\/types\/post"}],"author":[{"embeddable":true,"href":"https:\/\/www.webdo.tn\/fr\/wp-json\/wp\/v2\/users\/3162"}],"replies":[{"embeddable":true,"href":"https:\/\/www.webdo.tn\/fr\/wp-json\/wp\/v2\/comments?post=206470"}],"version-history":[{"count":0,"href":"https:\/\/www.webdo.tn\/fr\/wp-json\/wp\/v2\/posts\/206470\/revisions"}],"wp:featuredmedia":[{"embeddable":true,"href":"https:\/\/www.webdo.tn\/fr\/wp-json\/wp\/v2\/media\/250904"}],"wp:attachment":[{"href":"https:\/\/www.webdo.tn\/fr\/wp-json\/wp\/v2\/media?parent=206470"}],"wp:term":[{"taxonomy":"category","embeddable":true,"href":"https:\/\/www.webdo.tn\/fr\/wp-json\/wp\/v2\/categories?post=206470"},{"taxonomy":"post_tag","embeddable":true,"href":"https:\/\/www.webdo.tn\/fr\/wp-json\/wp\/v2\/tags?post=206470"}],"curies":[{"name":"wp","href":"https:\/\/api.w.org\/{rel}","templated":true}]}}