{"id":206467,"date":"2023-06-09T09:59:00","date_gmt":"2023-06-09T09:59:00","guid":{"rendered":"https:\/\/www.webdo.tn\/fr\/blog\/un-dangereux-rapprochement-saied-meloni-selon-les-medias-francais\/206467\/"},"modified":"2025-05-20T22:42:50","modified_gmt":"2025-05-20T22:42:50","slug":"un-dangereux-rapprochement-saied-meloni-selon-les-medias-francais","status":"publish","type":"post","link":"https:\/\/www.webdo.tn\/fr\/actualite\/national\/un-dangereux-rapprochement-saied-meloni-selon-les-medias-francais\/206467\/","title":{"rendered":"\u00ab\u00a0Un dangereux rapprochement Saied \u2013 Meloni\u00a0\u00bb, selon la presse fran\u00e7aise !"},"content":{"rendered":"<p>La Tunisie est actuellement au centre de toutes les attentions diplomatiques et m\u00e9diatiques \u00e0 cause de la crise migratoire.<\/p>\n<p>\t\t\t\t\t\t\t\t\tAlors que l\u2019Italie d\u00e9ploie tous les efforts pour am\u00e9liorer la situation \u00e9conomique de la Tunisie, ce rapprochement entre les deux pays, observ\u00e9 ces derniers mois, inqui\u00e8te certains Etats europ\u00e9ens.\u00a0<\/p>\n<p>En France, les m\u00e9dias sont all\u00e9s jusqu\u2019\u00e0 \u00e9voquer \u00ab un dangereux rapprochement entre Kais Saied et Giorgia Meloni \u00bb. En effet, dans un article publi\u00e9 ce vendredi 9 juin 2023, L\u2019Obs \u00e9voque un rapprochement \u00ab inqui\u00e9tant \u00bb entre deux hauts responsables \u00ab ultraconservateurs \u00bb.\u00a0<\/p>\n<p>\u00ab Vous dites tout haut ce que les autres pensent tout bas. \u00bb La courte phrase prononc\u00e9e par le pr\u00e9sident tunisien Ka\u00efs Sa\u00efed sur le perron du palais de Carthage lors de l\u2019accueil de la Premi\u00e8re ministre italienne Giorgia Meloni, mardi 6 juin, a eu l\u2019effet d\u2019un coup de tonnerre chez les d\u00e9fenseurs des droits humains tunisiens. En cause, l\u2019inqui\u00e9tante complicit\u00e9 des deux dirigeants ultraconservateurs en mati\u00e8re de politique migratoire \u00bb, explique l\u2019Obs.\u00a0<\/p>\n<p>En tout cas, depuis plusieurs semaines, la tension \u00e9tait d\u00e9j\u00e0 palpable entre la France et l\u2019Italie au sujet de la Tunisie.\u00a0<\/p>\n<p>Le ministre italien des Affaires \u00e9trang\u00e8res Antonio Tajani avait annul\u00e9 le 4 mai 2023 sa visite \u00e0 Paris apr\u00e8s les propos de G\u00e9rald Darmanin, ministre Fran\u00e7ais de l\u2019Int\u00e9rieur, qualifi\u00e9s \u00ab\u00a0d&rsquo;inacceptables\u00a0\u00bb.\u00a0<\/p>\n<p>Le ministre fran\u00e7ais de l&rsquo;Int\u00e9rieur a accus\u00e9 la Premi\u00e8re ministre italienne d&rsquo;\u00eatre \u00ab\u00a0incapable de r\u00e9gler les probl\u00e8mes migratoires\u00a0\u00bb. En r\u00e9action, le chef de la diplomatie italienne a annul\u00e9 son d\u00e9placement \u00e0 Paris.<\/p>\n<p>\u00ab\u00a0La v\u00e9rit\u00e9, c&rsquo;est qu&rsquo;il y a en Tunisie (&#8230;) une situation politique qui fait que beaucoup d&rsquo;enfants notamment remontent par l&rsquo;Italie et que l&rsquo;Italie est incapable (&#8230;) de g\u00e9rer cette pression migratoire\u00a0\u00bb, soutient-il encore, accusant Giorgia Meloni de \u00ab\u00a0mentir\u00a0\u00bb \u00e0 ses \u00e9lecteurs.<\/p>\n<p>Rappelons dans ce contexte que la pr\u00e9sidente de la Commission europ\u00e9enne, Ursula von der Leyen, accompagn\u00e9e des dirigeants n\u00e9erlandais Mark Rutte et italien Giorgia Meloni, se rendront, ce dimanche 11 juin en Tunisie pour s\u2019y entretenir avec le pr\u00e9sident de la R\u00e9publique Kais Saied.<\/p>\n","protected":false},"excerpt":{"rendered":"<p>La Tunisie est actuellement au centre de toutes les attentions diplomatiques et m\u00e9diatiques \u00e0 cause de la crise migratoire.<\/p>\n","protected":false},"author":3175,"featured_media":250901,"comment_status":"open","ping_status":"closed","sticky":false,"template":"","format":"standard","meta":{"footnotes":""},"categories":[44],"tags":[2660,6672,3418,2608],"class_list":["post-206467","post","type-post","status-publish","format-standard","has-post-thumbnail","hentry","category-national","tag-italie","tag-meloni","tag-saied","tag-tunisie"],"yoast_head":"<!-- This site is optimized with the Yoast SEO Premium plugin v27.5 (Yoast SEO v27.5) - https:\/\/yoast.com\/product\/yoast-seo-premium-wordpress\/ -->\n<title>Un dangereux rapprochement Saied \u2013 Meloni , selon la presse fran\u00e7aise !<\/title>\n<meta name=\"description\" content=\"La Tunisie est actuellement au centre de toutes les attentions diplomatiques et m\u00e9diatiques \u00e0 cause de la crise migratoire.\" \/>\n<link rel=\"canonical\" href=\"https:\/\/www.webdo.tn\/fr\/actualite\/national\/un-dangereux-rapprochement-saied-meloni-selon-les-medias-francais\/206467\/\" \/>\n<meta property=\"og:locale\" content=\"fr_FR\" \/>\n<meta property=\"og:type\" content=\"article\" \/>\n<meta property=\"og:title\" content=\"&quot;Un dangereux rapprochement Saied \u2013 Meloni&quot;, selon la presse fran\u00e7aise !\" \/>\n<meta property=\"og:description\" content=\"La Tunisie est actuellement au centre de toutes les attentions diplomatiques et m\u00e9diatiques \u00e0 cause de la crise migratoire.\" \/>\n<meta property=\"og:url\" content=\"https:\/\/www.webdo.tn\/fr\/actualite\/national\/un-dangereux-rapprochement-saied-meloni-selon-les-medias-francais\/206467\/\" \/>\n<meta property=\"og:site_name\" content=\"webdo\" \/>\n<meta property=\"article:publisher\" content=\"https:\/\/www.facebook.com\/webdotn\" \/>\n<meta property=\"article:published_time\" content=\"2023-06-09T09:59:00+00:00\" \/>\n<meta property=\"article:modified_time\" content=\"2025-05-20T22:42:50+00:00\" \/>\n<meta property=\"og:image\" content=\"https:\/\/www.webdo.tn\/fr\/wp-content\/uploads\/2023\/06\/dcf7fcd3bd223d1258417d54ade03207.jpg\" \/>\n\t<meta property=\"og:image:width\" content=\"750\" \/>\n\t<meta property=\"og:image:height\" content=\"400\" \/>\n\t<meta property=\"og:image:type\" content=\"image\/jpeg\" \/>\n<meta name=\"author\" content=\"CL\" \/>\n<meta name=\"twitter:card\" content=\"summary_large_image\" \/>\n<meta name=\"twitter:creator\" content=\"@webdo_tn\" \/>\n<meta name=\"twitter:site\" content=\"@webdo_tn\" \/>\n<meta name=\"twitter:label1\" content=\"\u00c9crit par\" \/>\n\t<meta name=\"twitter:data1\" content=\"CL\" \/>\n\t<meta name=\"twitter:label2\" content=\"Dur\u00e9e de lecture estim\u00e9e\" \/>\n\t<meta name=\"twitter:data2\" content=\"2 minutes\" \/>\n<script type=\"application\/ld+json\" class=\"yoast-schema-graph\">{\"@context\":\"https:\\\/\\\/schema.org\",\"@graph\":[{\"@type\":\"NewsArticle\",\"@id\":\"https:\\\/\\\/www.webdo.tn\\\/fr\\\/actualite\\\/national\\\/un-dangereux-rapprochement-saied-meloni-selon-les-medias-francais\\\/206467\\\/#article\",\"isPartOf\":{\"@id\":\"https:\\\/\\\/www.webdo.tn\\\/fr\\\/actualite\\\/national\\\/un-dangereux-rapprochement-saied-meloni-selon-les-medias-francais\\\/206467\\\/\"},\"author\":{\"name\":\"CL\",\"@id\":\"https:\\\/\\\/www.webdo.tn\\\/fr\\\/#\\\/schema\\\/person\\\/f35b42a42c5e2511bbd282959d6385cc\"},\"headline\":\"\u00ab\u00a0Un dangereux rapprochement Saied \u2013 Meloni\u00a0\u00bb, selon la presse fran\u00e7aise !\",\"datePublished\":\"2023-06-09T09:59:00+00:00\",\"dateModified\":\"2025-05-20T22:42:50+00:00\",\"mainEntityOfPage\":{\"@id\":\"https:\\\/\\\/www.webdo.tn\\\/fr\\\/actualite\\\/national\\\/un-dangereux-rapprochement-saied-meloni-selon-les-medias-francais\\\/206467\\\/\"},\"wordCount\":379,\"commentCount\":0,\"publisher\":{\"@id\":\"https:\\\/\\\/www.webdo.tn\\\/fr\\\/#organization\"},\"image\":{\"@id\":\"https:\\\/\\\/www.webdo.tn\\\/fr\\\/actualite\\\/national\\\/un-dangereux-rapprochement-saied-meloni-selon-les-medias-francais\\\/206467\\\/#primaryimage\"},\"thumbnailUrl\":\"https:\\\/\\\/www.webdo.tn\\\/fr\\\/wp-content\\\/uploads\\\/2023\\\/06\\\/dcf7fcd3bd223d1258417d54ade03207.jpg\",\"keywords\":[\"Italie\",\"Meloni\",\"Saied\",\"Tunisie\"],\"articleSection\":[\"National\"],\"inLanguage\":\"fr-FR\"},{\"@type\":\"WebPage\",\"@id\":\"https:\\\/\\\/www.webdo.tn\\\/fr\\\/actualite\\\/national\\\/un-dangereux-rapprochement-saied-meloni-selon-les-medias-francais\\\/206467\\\/\",\"url\":\"https:\\\/\\\/www.webdo.tn\\\/fr\\\/actualite\\\/national\\\/un-dangereux-rapprochement-saied-meloni-selon-les-medias-francais\\\/206467\\\/\",\"name\":\"Un dangereux rapprochement Saied \u2013 Meloni , selon la presse fran\u00e7aise !\",\"isPartOf\":{\"@id\":\"https:\\\/\\\/www.webdo.tn\\\/fr\\\/#website\"},\"primaryImageOfPage\":{\"@id\":\"https:\\\/\\\/www.webdo.tn\\\/fr\\\/actualite\\\/national\\\/un-dangereux-rapprochement-saied-meloni-selon-les-medias-francais\\\/206467\\\/#primaryimage\"},\"image\":{\"@id\":\"https:\\\/\\\/www.webdo.tn\\\/fr\\\/actualite\\\/national\\\/un-dangereux-rapprochement-saied-meloni-selon-les-medias-francais\\\/206467\\\/#primaryimage\"},\"thumbnailUrl\":\"https:\\\/\\\/www.webdo.tn\\\/fr\\\/wp-content\\\/uploads\\\/2023\\\/06\\\/dcf7fcd3bd223d1258417d54ade03207.jpg\",\"datePublished\":\"2023-06-09T09:59:00+00:00\",\"dateModified\":\"2025-05-20T22:42:50+00:00\",\"description\":\"La Tunisie est actuellement au centre de toutes les attentions diplomatiques et m\u00e9diatiques \u00e0 cause de la crise migratoire.\",\"breadcrumb\":{\"@id\":\"https:\\\/\\\/www.webdo.tn\\\/fr\\\/actualite\\\/national\\\/un-dangereux-rapprochement-saied-meloni-selon-les-medias-francais\\\/206467\\\/#breadcrumb\"},\"inLanguage\":\"fr-FR\",\"potentialAction\":[{\"@type\":\"ReadAction\",\"target\":[\"https:\\\/\\\/www.webdo.tn\\\/fr\\\/actualite\\\/national\\\/un-dangereux-rapprochement-saied-meloni-selon-les-medias-francais\\\/206467\\\/\"]}]},{\"@type\":\"ImageObject\",\"inLanguage\":\"fr-FR\",\"@id\":\"https:\\\/\\\/www.webdo.tn\\\/fr\\\/actualite\\\/national\\\/un-dangereux-rapprochement-saied-meloni-selon-les-medias-francais\\\/206467\\\/#primaryimage\",\"url\":\"https:\\\/\\\/www.webdo.tn\\\/fr\\\/wp-content\\\/uploads\\\/2023\\\/06\\\/dcf7fcd3bd223d1258417d54ade03207.jpg\",\"contentUrl\":\"https:\\\/\\\/www.webdo.tn\\\/fr\\\/wp-content\\\/uploads\\\/2023\\\/06\\\/dcf7fcd3bd223d1258417d54ade03207.jpg\",\"width\":750,\"height\":400,\"caption\":\"\\\"Un dangereux rapprochement Saied \u2013 Meloni\\\", selon la presse fran\u00e7aise !\"},{\"@type\":\"BreadcrumbList\",\"@id\":\"https:\\\/\\\/www.webdo.tn\\\/fr\\\/actualite\\\/national\\\/un-dangereux-rapprochement-saied-meloni-selon-les-medias-francais\\\/206467\\\/#breadcrumb\",\"itemListElement\":[{\"@type\":\"ListItem\",\"position\":1,\"name\":\"Accueil\",\"item\":\"https:\\\/\\\/www.webdo.tn\\\/fr\\\/\"},{\"@type\":\"ListItem\",\"position\":2,\"name\":\"&#8220;Un dangereux rapprochement Saied \u2013 Meloni&#8221;, selon la presse fran\u00e7aise !\"}]},{\"@type\":\"WebSite\",\"@id\":\"https:\\\/\\\/www.webdo.tn\\\/fr\\\/#website\",\"url\":\"https:\\\/\\\/www.webdo.tn\\\/fr\\\/\",\"name\":\"webdo\",\"description\":\"Tunisie - News en Tunisie et \u00e0 l&#039;international sur Webdo.tn\",\"publisher\":{\"@id\":\"https:\\\/\\\/www.webdo.tn\\\/fr\\\/#organization\"},\"potentialAction\":[{\"@type\":\"SearchAction\",\"target\":{\"@type\":\"EntryPoint\",\"urlTemplate\":\"https:\\\/\\\/www.webdo.tn\\\/fr\\\/?s={search_term_string}\"},\"query-input\":{\"@type\":\"PropertyValueSpecification\",\"valueRequired\":true,\"valueName\":\"search_term_string\"}}],\"inLanguage\":\"fr-FR\"},{\"@type\":\"Organization\",\"@id\":\"https:\\\/\\\/www.webdo.tn\\\/fr\\\/#organization\",\"name\":\"Webdo\",\"alternateName\":\"Webdo.tn\",\"url\":\"https:\\\/\\\/www.webdo.tn\\\/fr\\\/\",\"logo\":{\"@type\":\"ImageObject\",\"inLanguage\":\"fr-FR\",\"@id\":\"https:\\\/\\\/www.webdo.tn\\\/fr\\\/#\\\/schema\\\/logo\\\/image\\\/\",\"url\":\"https:\\\/\\\/www.webdo.tn\\\/fr\\\/wp-content\\\/uploads\\\/2025\\\/06\\\/Webdo-Tunisie_168377.jpg\",\"contentUrl\":\"https:\\\/\\\/www.webdo.tn\\\/fr\\\/wp-content\\\/uploads\\\/2025\\\/06\\\/Webdo-Tunisie_168377.jpg\",\"width\":301,\"height\":301,\"caption\":\"Webdo\"},\"image\":{\"@id\":\"https:\\\/\\\/www.webdo.tn\\\/fr\\\/#\\\/schema\\\/logo\\\/image\\\/\"},\"sameAs\":[\"https:\\\/\\\/www.facebook.com\\\/webdotn\",\"https:\\\/\\\/x.com\\\/webdo_tn\"],\"description\":\"Webdo est un m\u00e9dia num\u00e9rique tunisien fond\u00e9 en 2010, sp\u00e9cialis\u00e9 dans l\u2019actualit\u00e9 nationale et internationale, l\u2019\u00e9conomie, la soci\u00e9t\u00e9 et les analyses politiques. Le site s\u2019adresse \u00e0 un large public francophone et couvre l\u2019information tunisienne en temps r\u00e9el.\",\"email\":\"redac@webdo.tn\",\"legalName\":\"YNJ SARL\",\"foundingDate\":\"2010-09-06\",\"numberOfEmployees\":{\"@type\":\"QuantitativeValue\",\"minValue\":\"11\",\"maxValue\":\"50\"}},{\"@type\":\"Person\",\"@id\":\"https:\\\/\\\/www.webdo.tn\\\/fr\\\/#\\\/schema\\\/person\\\/f35b42a42c5e2511bbd282959d6385cc\",\"name\":\"CL\",\"image\":{\"@type\":\"ImageObject\",\"inLanguage\":\"fr-FR\",\"@id\":\"https:\\\/\\\/secure.gravatar.com\\\/avatar\\\/1447a49909b67aa657c488aec6512e1dd6143a480c1ecfee9b5b5cd74eb3b59e?s=96&d=mm&r=g\",\"url\":\"https:\\\/\\\/secure.gravatar.com\\\/avatar\\\/1447a49909b67aa657c488aec6512e1dd6143a480c1ecfee9b5b5cd74eb3b59e?s=96&d=mm&r=g\",\"contentUrl\":\"https:\\\/\\\/secure.gravatar.com\\\/avatar\\\/1447a49909b67aa657c488aec6512e1dd6143a480c1ecfee9b5b5cd74eb3b59e?s=96&d=mm&r=g\",\"caption\":\"CL\"},\"url\":\"https:\\\/\\\/www.webdo.tn\\\/fr\\\/actualite\\\/author\\\/cl\\\/\"}]}<\/script>\n<!-- \/ Yoast SEO Premium plugin. -->","yoast_head_json":{"title":"Un dangereux rapprochement Saied \u2013 Meloni , selon la presse fran\u00e7aise !","description":"La Tunisie est actuellement au centre de toutes les attentions diplomatiques et m\u00e9diatiques \u00e0 cause de la crise migratoire.","canonical":"https:\/\/www.webdo.tn\/fr\/actualite\/national\/un-dangereux-rapprochement-saied-meloni-selon-les-medias-francais\/206467\/","og_locale":"fr_FR","og_type":"article","og_title":"\"Un dangereux rapprochement Saied \u2013 Meloni\", selon la presse fran\u00e7aise !","og_description":"La Tunisie est actuellement au centre de toutes les attentions diplomatiques et m\u00e9diatiques \u00e0 cause de la crise migratoire.","og_url":"https:\/\/www.webdo.tn\/fr\/actualite\/national\/un-dangereux-rapprochement-saied-meloni-selon-les-medias-francais\/206467\/","og_site_name":"webdo","article_publisher":"https:\/\/www.facebook.com\/webdotn","article_published_time":"2023-06-09T09:59:00+00:00","article_modified_time":"2025-05-20T22:42:50+00:00","og_image":[{"width":750,"height":400,"url":"https:\/\/www.webdo.tn\/fr\/wp-content\/uploads\/2023\/06\/dcf7fcd3bd223d1258417d54ade03207.jpg","type":"image\/jpeg"}],"author":"CL","twitter_card":"summary_large_image","twitter_creator":"@webdo_tn","twitter_site":"@webdo_tn","twitter_misc":{"\u00c9crit par":"CL","Dur\u00e9e de lecture estim\u00e9e":"2 minutes"},"schema":{"@context":"https:\/\/schema.org","@graph":[{"@type":"NewsArticle","@id":"https:\/\/www.webdo.tn\/fr\/actualite\/national\/un-dangereux-rapprochement-saied-meloni-selon-les-medias-francais\/206467\/#article","isPartOf":{"@id":"https:\/\/www.webdo.tn\/fr\/actualite\/national\/un-dangereux-rapprochement-saied-meloni-selon-les-medias-francais\/206467\/"},"author":{"name":"CL","@id":"https:\/\/www.webdo.tn\/fr\/#\/schema\/person\/f35b42a42c5e2511bbd282959d6385cc"},"headline":"\u00ab\u00a0Un dangereux rapprochement Saied \u2013 Meloni\u00a0\u00bb, selon la presse fran\u00e7aise !","datePublished":"2023-06-09T09:59:00+00:00","dateModified":"2025-05-20T22:42:50+00:00","mainEntityOfPage":{"@id":"https:\/\/www.webdo.tn\/fr\/actualite\/national\/un-dangereux-rapprochement-saied-meloni-selon-les-medias-francais\/206467\/"},"wordCount":379,"commentCount":0,"publisher":{"@id":"https:\/\/www.webdo.tn\/fr\/#organization"},"image":{"@id":"https:\/\/www.webdo.tn\/fr\/actualite\/national\/un-dangereux-rapprochement-saied-meloni-selon-les-medias-francais\/206467\/#primaryimage"},"thumbnailUrl":"https:\/\/www.webdo.tn\/fr\/wp-content\/uploads\/2023\/06\/dcf7fcd3bd223d1258417d54ade03207.jpg","keywords":["Italie","Meloni","Saied","Tunisie"],"articleSection":["National"],"inLanguage":"fr-FR"},{"@type":"WebPage","@id":"https:\/\/www.webdo.tn\/fr\/actualite\/national\/un-dangereux-rapprochement-saied-meloni-selon-les-medias-francais\/206467\/","url":"https:\/\/www.webdo.tn\/fr\/actualite\/national\/un-dangereux-rapprochement-saied-meloni-selon-les-medias-francais\/206467\/","name":"Un dangereux rapprochement Saied \u2013 Meloni , selon la presse fran\u00e7aise !","isPartOf":{"@id":"https:\/\/www.webdo.tn\/fr\/#website"},"primaryImageOfPage":{"@id":"https:\/\/www.webdo.tn\/fr\/actualite\/national\/un-dangereux-rapprochement-saied-meloni-selon-les-medias-francais\/206467\/#primaryimage"},"image":{"@id":"https:\/\/www.webdo.tn\/fr\/actualite\/national\/un-dangereux-rapprochement-saied-meloni-selon-les-medias-francais\/206467\/#primaryimage"},"thumbnailUrl":"https:\/\/www.webdo.tn\/fr\/wp-content\/uploads\/2023\/06\/dcf7fcd3bd223d1258417d54ade03207.jpg","datePublished":"2023-06-09T09:59:00+00:00","dateModified":"2025-05-20T22:42:50+00:00","description":"La Tunisie est actuellement au centre de toutes les attentions diplomatiques et m\u00e9diatiques \u00e0 cause de la crise migratoire.","breadcrumb":{"@id":"https:\/\/www.webdo.tn\/fr\/actualite\/national\/un-dangereux-rapprochement-saied-meloni-selon-les-medias-francais\/206467\/#breadcrumb"},"inLanguage":"fr-FR","potentialAction":[{"@type":"ReadAction","target":["https:\/\/www.webdo.tn\/fr\/actualite\/national\/un-dangereux-rapprochement-saied-meloni-selon-les-medias-francais\/206467\/"]}]},{"@type":"ImageObject","inLanguage":"fr-FR","@id":"https:\/\/www.webdo.tn\/fr\/actualite\/national\/un-dangereux-rapprochement-saied-meloni-selon-les-medias-francais\/206467\/#primaryimage","url":"https:\/\/www.webdo.tn\/fr\/wp-content\/uploads\/2023\/06\/dcf7fcd3bd223d1258417d54ade03207.jpg","contentUrl":"https:\/\/www.webdo.tn\/fr\/wp-content\/uploads\/2023\/06\/dcf7fcd3bd223d1258417d54ade03207.jpg","width":750,"height":400,"caption":"\"Un dangereux rapprochement Saied \u2013 Meloni\", selon la presse fran\u00e7aise !"},{"@type":"BreadcrumbList","@id":"https:\/\/www.webdo.tn\/fr\/actualite\/national\/un-dangereux-rapprochement-saied-meloni-selon-les-medias-francais\/206467\/#breadcrumb","itemListElement":[{"@type":"ListItem","position":1,"name":"Accueil","item":"https:\/\/www.webdo.tn\/fr\/"},{"@type":"ListItem","position":2,"name":"&#8220;Un dangereux rapprochement Saied \u2013 Meloni&#8221;, selon la presse fran\u00e7aise !"}]},{"@type":"WebSite","@id":"https:\/\/www.webdo.tn\/fr\/#website","url":"https:\/\/www.webdo.tn\/fr\/","name":"webdo","description":"Tunisie - News en Tunisie et \u00e0 l&#039;international sur Webdo.tn","publisher":{"@id":"https:\/\/www.webdo.tn\/fr\/#organization"},"potentialAction":[{"@type":"SearchAction","target":{"@type":"EntryPoint","urlTemplate":"https:\/\/www.webdo.tn\/fr\/?s={search_term_string}"},"query-input":{"@type":"PropertyValueSpecification","valueRequired":true,"valueName":"search_term_string"}}],"inLanguage":"fr-FR"},{"@type":"Organization","@id":"https:\/\/www.webdo.tn\/fr\/#organization","name":"Webdo","alternateName":"Webdo.tn","url":"https:\/\/www.webdo.tn\/fr\/","logo":{"@type":"ImageObject","inLanguage":"fr-FR","@id":"https:\/\/www.webdo.tn\/fr\/#\/schema\/logo\/image\/","url":"https:\/\/www.webdo.tn\/fr\/wp-content\/uploads\/2025\/06\/Webdo-Tunisie_168377.jpg","contentUrl":"https:\/\/www.webdo.tn\/fr\/wp-content\/uploads\/2025\/06\/Webdo-Tunisie_168377.jpg","width":301,"height":301,"caption":"Webdo"},"image":{"@id":"https:\/\/www.webdo.tn\/fr\/#\/schema\/logo\/image\/"},"sameAs":["https:\/\/www.facebook.com\/webdotn","https:\/\/x.com\/webdo_tn"],"description":"Webdo est un m\u00e9dia num\u00e9rique tunisien fond\u00e9 en 2010, sp\u00e9cialis\u00e9 dans l\u2019actualit\u00e9 nationale et internationale, l\u2019\u00e9conomie, la soci\u00e9t\u00e9 et les analyses politiques. Le site s\u2019adresse \u00e0 un large public francophone et couvre l\u2019information tunisienne en temps r\u00e9el.","email":"redac@webdo.tn","legalName":"YNJ SARL","foundingDate":"2010-09-06","numberOfEmployees":{"@type":"QuantitativeValue","minValue":"11","maxValue":"50"}},{"@type":"Person","@id":"https:\/\/www.webdo.tn\/fr\/#\/schema\/person\/f35b42a42c5e2511bbd282959d6385cc","name":"CL","image":{"@type":"ImageObject","inLanguage":"fr-FR","@id":"https:\/\/secure.gravatar.com\/avatar\/1447a49909b67aa657c488aec6512e1dd6143a480c1ecfee9b5b5cd74eb3b59e?s=96&d=mm&r=g","url":"https:\/\/secure.gravatar.com\/avatar\/1447a49909b67aa657c488aec6512e1dd6143a480c1ecfee9b5b5cd74eb3b59e?s=96&d=mm&r=g","contentUrl":"https:\/\/secure.gravatar.com\/avatar\/1447a49909b67aa657c488aec6512e1dd6143a480c1ecfee9b5b5cd74eb3b59e?s=96&d=mm&r=g","caption":"CL"},"url":"https:\/\/www.webdo.tn\/fr\/actualite\/author\/cl\/"}]}},"_links":{"self":[{"href":"https:\/\/www.webdo.tn\/fr\/wp-json\/wp\/v2\/posts\/206467","targetHints":{"allow":["GET"]}}],"collection":[{"href":"https:\/\/www.webdo.tn\/fr\/wp-json\/wp\/v2\/posts"}],"about":[{"href":"https:\/\/www.webdo.tn\/fr\/wp-json\/wp\/v2\/types\/post"}],"author":[{"embeddable":true,"href":"https:\/\/www.webdo.tn\/fr\/wp-json\/wp\/v2\/users\/3175"}],"replies":[{"embeddable":true,"href":"https:\/\/www.webdo.tn\/fr\/wp-json\/wp\/v2\/comments?post=206467"}],"version-history":[{"count":0,"href":"https:\/\/www.webdo.tn\/fr\/wp-json\/wp\/v2\/posts\/206467\/revisions"}],"wp:featuredmedia":[{"embeddable":true,"href":"https:\/\/www.webdo.tn\/fr\/wp-json\/wp\/v2\/media\/250901"}],"wp:attachment":[{"href":"https:\/\/www.webdo.tn\/fr\/wp-json\/wp\/v2\/media?parent=206467"}],"wp:term":[{"taxonomy":"category","embeddable":true,"href":"https:\/\/www.webdo.tn\/fr\/wp-json\/wp\/v2\/categories?post=206467"},{"taxonomy":"post_tag","embeddable":true,"href":"https:\/\/www.webdo.tn\/fr\/wp-json\/wp\/v2\/tags?post=206467"}],"curies":[{"name":"wp","href":"https:\/\/api.w.org\/{rel}","templated":true}]}}