{"id":206465,"date":"2023-06-09T09:02:00","date_gmt":"2023-06-09T09:02:00","guid":{"rendered":"https:\/\/www.webdo.tn\/fr\/blog\/cannes-2023-une-diversite-cinematographique-exceptionnelle-et-des-problemes-logistiques-persistants\/206465\/"},"modified":"2025-05-21T08:56:33","modified_gmt":"2025-05-21T08:56:33","slug":"cannes-2023-une-diversite-cinematographique-exceptionnelle-et-des-problemes-logistiques-persistants","status":"publish","type":"post","link":"https:\/\/www.webdo.tn\/fr\/actualite\/culture\/cannes-2023-une-diversite-cinematographique-exceptionnelle-et-des-problemes-logistiques-persistants\/206465\/","title":{"rendered":"Cannes 2023 &#8211; Une diversit\u00e9 cin\u00e9matographique exceptionnelle et des probl\u00e8mes logistiques persistants"},"content":{"rendered":"<div class=\"single-body entry-content typography-copy\" itemprop=\"articleBody\">\n<p style=\"font-weight: bold; text-align: justify\">\n\t\t\t\t\t\t\t\t\tIl s&rsquo;est \u00e9coul\u00e9 une douzaine de jours depuis la cl\u00f4ture du 76\u00e8me festival de Cannes, marquant ainsi le moment propice pour dresser un bilan de cette \u00e9dition.\n\t\t\t\t\t\t\t\t<\/p>\n<div class=\"coprs\" style=\"text-align: center\"><\/div>\n<div class=\"coprs\" style=\"text-align: justify\">\n<p><span><span>Dans l&rsquo;ensemble, <a href=\"Cannes%202023%20%E2%80%93%20La%20se%CC%81lection%20officielle%20de%CC%81voile%CC%81e\">le festival a propos\u00e9 une s\u00e9lection remarquable de films<\/a>, mettant en avant \u00e0 la fois des r\u00e9alisateurs confirm\u00e9s tels que le turc Nuri Bilge Ceylan et l&rsquo;italien Marco Bellocchio, que des jeunes talents tr\u00e8s prometteurs <a href=\"https:\/\/www.webdo.tn\/fr\/actualite\/culture\/cannes-2023-les-filles-d-olfa-de-kaouther-ben-hania-en-selection-officielle\/204822\">comme la tunisienne Kaouther Ben Hania<\/a> et la s\u00e9n\u00e9galaise Ramata-Toulaye Sy, dont le premier film a \u00e9t\u00e9 s\u00e9lectionn\u00e9 en comp\u00e9tition officielle longs m\u00e9trages. <\/span><\/span><\/p>\n<p><span><span>Cette ouverture vers de nouveaux r\u00e9alisateurs s&rsquo;est accompagn\u00e9e d&rsquo;une ouverture g\u00e9ographique vers de nouveaux pays, tels que le Soudan et la Moldavie, permettant\u00a0de d\u00e9couvrir de nouvelles cultures cin\u00e9matographiques et enrichissant ainsi la diversit\u00e9 de l&rsquo;\u00e9v\u00e9nement.<\/span><\/span><\/p>\n<p><span><span>Cet \u00e9largissement des horizons a particuli\u00e8rement profit\u00e9 au cin\u00e9ma africain et au cin\u00e9ma arabe, avec pas moins <a href=\"Cannes%202023%20%E2%80%93%20Quatorze%20films%20arabes%20se%CC%81lectionne%CC%81s%20dans%20les%20diverses%20sections%20du%20festival\">de 14 films arabes s\u00e9lectionn\u00e9s dans les diff\u00e9rentes sections<\/a>, dont 12 en comp\u00e9tition. <a href=\"https:\/\/www.webdo.tn\/fr\/actualite\/culture\/cannes-2023\/206160\">Sept de ces films ont d&rsquo;ailleurs remport\u00e9 des prix<\/a>, t\u00e9moignant de la qualit\u00e9 et de la pertinence de ces productions cin\u00e9matographiques.<\/span><\/span><\/p>\n<p><span><span>Cependant, il est regrettable de constater que certains films de la comp\u00e9tition officielle n&rsquo;ont pas \u00e9t\u00e9 s\u00e9lectionn\u00e9s pour leur qualit\u00e9 intrins\u00e8que, mais plut\u00f4t pour la renomm\u00e9e de leurs r\u00e9alisateurs. De grands noms du cin\u00e9ma ont ainsi propos\u00e9 des \u0153uvres en de\u00e7\u00e0 des attentes. On peut citer notamment Ken Loach avec son film <em>The Old Oak<\/em>, Todd Haynes et <em>May December<\/em>, Karim A\u00efnouz et <em>Firebrand,<\/em> ainsi que Nanni Moretti avec <em>Il Sol Dell&rsquo;avvenire<\/em>. <a href=\"https:\/\/www.webdo.tn\/fr\/actualite\/culture\/cannes-2023-membres-des-jurys\/205417\">Le jury<\/a> n\u2019a d\u2019ailleurs pas \u00e9t\u00e9 dupe et a choisi de les ignorer lors de la distribution des prix.<\/span><\/span><\/p>\n<p><span><span><a href=\"https:\/\/www.webdo.tn\/fr\/actualite\/culture\/cannes-2023-palmares-palme-d-or-anatomie-d-une-chute\/206119\">Concernant le palmar\u00e8s<\/a>, on a constat\u00e9 peu de surprises. Les films r\u00e9compens\u00e9s \u00e9taient g\u00e9n\u00e9ralement ceux qui avaient \u00e9t\u00e9 salu\u00e9s par les critiques et le public. Cependant, une question reste en suspens : pourquoi le choix de la Palme d&rsquo;Or s&rsquo;est-il port\u00e9 sur<em><a href=\"file:\/\/\/Cannes%202023%20%E2%80%93%20%C2%AB%20Anatomie%20d'une%20chute%20%C2%BB%20\/%20Une%20exploration%20complexe%20des%20relations%20humaines%20sous%20le%20prisme%20judiciaire\"> Anatomie d&rsquo;une chute<\/a> <\/em>plut\u00f4t que sur <em><a href=\"https:\/\/www.webdo.tn\/fr\/actualite\/culture\/cannes-2023-the-zone-of-interest-une-immersion-troublante-dans-l-univers-domestique-nazi-d-auschwitz\/206264\">Zone of Interest<\/a><\/em> ?<\/span><\/span><\/p>\n<p><span><span>Cette 76\u00e8me \u00e9dition a \u00e9galement \u00e9t\u00e9 marqu\u00e9e par une pr\u00e9sence f\u00e9minine plus importante, ce qui soul\u00e8ve la question de l&rsquo;influence de la nouvelle pr\u00e9sidente du festival. En effet, la part de r\u00e9alisatrices s\u00e9lectionn\u00e9es en comp\u00e9tition officielle a atteint un record de 33% cette ann\u00e9e (7\/21). Cependant, il est important de noter que malgr\u00e9 cette progression, on est encore loin d&rsquo;atteindre la parit\u00e9 entre femmes et hommes.<\/span><\/span><\/p>\n<p><span><span>Si l&rsquo;on se penche sur l&rsquo;historique, on constate une augmentation progressive de la pr\u00e9sence des r\u00e9alisatrices \u00e0 Cannes. Dans les ann\u00e9es 2000, elles repr\u00e9sentaient seulement 9% des films en comp\u00e9tition officielle, puis ce chiffre est pass\u00e9 \u00e0 12% dans les ann\u00e9es 2010, pour atteindre 24% depuis 2021. N\u00e9anmoins, le nombre de films s\u00e9lectionn\u00e9s r\u00e9alis\u00e9s par des femmes reste bien inf\u00e9rieur \u00e0 celui r\u00e9alis\u00e9 par des hommes, avec seulement 93 films sur les 76 \u00e9ditions du festival, contre 1697 r\u00e9alis\u00e9s par des hommes.<\/span><\/span><\/p>\n<p><span><span>En ce qui concerne les r\u00e9compenses, les chiffres demeurent faibles. Depuis la cr\u00e9ation du festival de Cannes, seulement 2,25% des Palmes d&rsquo;Or ont \u00e9t\u00e9 d\u00e9cern\u00e9es \u00e0 des r\u00e9alisatrices, tandis que Berlin et Venise affichent des chiffres plus \u00e9lev\u00e9s avec respectivement 8% d&rsquo;Ours d&rsquo;Or et 11% de Lions d&rsquo;Or remport\u00e9s par des femmes. Dans les trois festivals combin\u00e9s, les Grands Prix ont \u00e9t\u00e9 attribu\u00e9s entre 4% et 9% du temps \u00e0 des r\u00e9alisatrices.<\/span><\/span><\/p>\n<p><span><span>La r\u00e9alisatrice fran\u00e7aise Justine Triet a remport\u00e9 la Palme d&rsquo;Or du 76\u00e8me Festival de Cannes pour son film <em>Anatomie d&rsquo;une chute<\/em>. Elle devient ainsi la troisi\u00e8me r\u00e9alisatrice \u00e0 remporter ce prestigieux prix, aux c\u00f4t\u00e9s de Jane Campion pour <em>La Le\u00e7on de Piano<\/em> (Palme d&rsquo;Or ex-aequo en 1993) et de <a href=\"https:\/\/www.webdo.tn\/fr\/actualite\/culture\/cannes-2021-pourquoi-la-palme-dor-pour-titane\/199984\">Julia Ducournau pour <em>Titane<\/em><\/a> (Palme d&rsquo;Or en 2021).<\/span><\/span><\/p>\n<p><span><span>Au total, neuf r\u00e9alisatrices ont \u00e9t\u00e9 prim\u00e9es lors du Festival de Cannes de cette ann\u00e9e, que ce soit en comp\u00e9tition officielle ou dans les sections parall\u00e8les. Outre Justine Triet et sa Palme d\u2019or, il y Fl\u00f3ra Anna Buda, qui a remport\u00e9 la Palme d&rsquo;Or du court-m\u00e9trage pour <em>27<\/em>, <a href=\"https:\/\/www.webdo.tn\/fr\/actualite\/culture\/cannes-2023-les-films-africains-et-arabes-triomphent-a-un-certain-regard\/206095\">Molly Manning Walker, laur\u00e9ate du Prix Un Certain Regard pour <em>How to Have Sex<\/em>, Ren\u00e9e Nader Messorai, cor\u00e9alisatrice avec Jo\u00e3o Salaviza du film <em>Crowr\u00e3 (La Fleur de Buriti)<\/em> qui a remport\u00e9 le Prix d&rsquo;Ensemble Un Certain Regard et Asmae El Moudir qui a remport\u00e9 le Prix de la Mise en sc\u00e8ne Un Certain Regard pour <em>La M\u00e8re de tous les mensonges.<\/em><\/a> D&rsquo;autres r\u00e9alisatrices, telles qu&rsquo;Elena Mart\u00edn Gimeno, Amanda Nell Eu, Paloma Sermon-Da\u00ef et Iris Kaltenb\u00e4ck, ont \u00e9galement \u00e9t\u00e9 reconnues pour leurs \u0153uvres.<\/span><\/span><\/p>\n<p><span><span>Il est important de souligner les autres r\u00e9compenses attribu\u00e9es \u00e0 diff\u00e9rentes r\u00e9alisatrices lors du festival, <a href=\"https:\/\/www.webdo.tn\/fr\/actualite\/culture\/cannes-2023-quatre-prix-pour-les-filles-d-olfa-de-kaouther-ben-hania\/206114\">notamment \u00e0 Kaouther Ben Hania qui s&rsquo;est distingu\u00e9e en remportant quatre prix, dont l&rsquo;\u0152il d&rsquo;Or du meilleur documentaire ex-aequo avec Asma\u00e9 El Moudir. <\/a><\/span><\/span><\/p>\n<p><span><span>Toutes ces r\u00e9compenses t\u00e9moignent de la reconnaissance du talent des femmes cin\u00e9astes et de leur contribution significative \u00e0 l&rsquo;industrie cin\u00e9matographique.<\/span><\/span><\/p>\n<div>\n<figure class=\"image\"><img decoding=\"async\" alt=\"\" height=\"502\" src=\"\/assets\/uploads\/images\/\/Neila\/Sept%20re%CC%81alisatrices%20en%20compe%CC%81tition%20officielle%20longs%20me%CC%81trages.jpeg\" width=\"892\"><figcaption><em>Cannes 2023 &#8211; Sept r\u00e9alisatrices en comp\u00e9tition officlle longs m\u00e9trages<\/em><\/figcaption><\/figure>\n<\/div>\n<p>\u00a0<\/p>\n<p><span><span>La mise en place de la billetterie \u00e9lectronique lors du festival de Cannes a engendr\u00e9 d&rsquo;importants probl\u00e8mes logistiques. <a href=\"https:\/\/www.webdo.tn\/fr\/actualite\/culture\/cannes-2021-des-regles-sanitaires-strictes-pour-assurer-le-bon-deroulement-du-festival\/199970\">Initialement instaur\u00e9e en 2021 en r\u00e9ponse \u00e0 la pand\u00e9mie du Covid,<\/a> elle a \u00e9t\u00e9 reconduite en 2022 et 2023, mais son fonctionnement s&rsquo;est r\u00e9v\u00e9l\u00e9 d\u00e9sastreux, et pire encore, elle n&rsquo;a m\u00eame pas r\u00e9ussi \u00e0 r\u00e9soudre le probl\u00e8me des longues files d&rsquo;attente, ce qui \u00e9tait pourtant son objectif principal\u00a0!<\/span><\/span><\/p>\n<p><span><span>Ce syst\u00e8me de billetterie \u00e9lectronique a rendu l&rsquo;exp\u00e9rience moins attrayante, car les festivaliers sont contraints de choisir parmi les billets disponibles, plut\u00f4t que de s\u00e9lectionner les films qu&rsquo;ils souhaitent r\u00e9ellement voir, ce qui est peu agr\u00e9able. De plus, l&rsquo;algorithme utilis\u00e9 pour la billetterie \u00e9lectronique semble \u00e9chapper \u00e0 toute logique compr\u00e9hensible.<\/span><\/span><\/p>\n<p><span><span>En outre, les billets doivent \u00eatre r\u00e9serv\u00e9s quatre jours \u00e0 l&rsquo;avance, ce qui ne permet aucune flexibilit\u00e9 pour s&rsquo;adapter aux circonstances. Il n&rsquo;y a aucune possibilit\u00e9 de modifier les horaires en fonction des impr\u00e9vus. <\/span><\/span><\/p>\n<p><span><span>Devoir se r\u00e9veiller avant 7h00 du matin, heure d&rsquo;ouverture de la billetterie, est \u00e9galement une contrainte, car \u00e0 peine quelques minutes de retard peuvent signifier l&rsquo;\u00e9puisement des stocks de billets. Cette contrainte horaire ne permet pas de se reposer convenablement, en particulier si l&rsquo;on a assist\u00e9 \u00e0 une s\u00e9ance tardive la veille. \u00c0 la longue, ce rythme devient \u00e9puisant, et il est difficile de tenir pendant les douze jours du festival.<\/span><\/span><\/p>\n<p><span><span>La question se pose alors : pourquoi 7h00 ? Pourquoi ne pas ouvrir la billetterie \u00e0 8h00, par exemple ? Une telle modification pourrait permettre aux festivaliers de b\u00e9n\u00e9ficier d&rsquo;un peu plus de repos et de mieux g\u00e9rer leur \u00e9nergie sur la dur\u00e9e du festival.<\/span><\/span><\/p>\n<p><span><span>Un autre aspect regrettable est la priorit\u00e9 accord\u00e9e, lors de certaines projections, aux \u00e9g\u00e9ries de marques partenaires, aux \u00ab\u00a0influenceurs\u00a0\u00bb et aux divers officiels ou personnalit\u00e9s c\u00e9l\u00e8bres, au d\u00e9triment des personnes qui d\u00e9sirent r\u00e9ellement visionner les films. Des billets leur sont r\u00e9serv\u00e9s, mais ils n&rsquo;en tirent pas profit, se contentant parfois de faire une mont\u00e9e des marches et de s\u2019\u00e9clipser discr\u00e8tement par l&rsquo;entr\u00e9e des artistes. Ainsi, les s\u00e9ances sont annonc\u00e9es comme \u00e9tant \u00ab\u00a0compl\u00e8tes\u00a0\u00bb, alors que de nombreux si\u00e8ges restent vides. Il est vrai que parfois ces places sont occup\u00e9es par des personnes ayant fait la queue en derni\u00e8re minute, mais la question qui se pose est : pourquoi ?<\/span><\/span><\/p>\n<p><span><span>Il est \u00e9vident que la pr\u00e9sence de c\u00e9l\u00e9brit\u00e9s et d&rsquo;influenceurs, surtout lors des mont\u00e9es des marches, g\u00e9n\u00e8re une grande visibilit\u00e9 pour le festival et ses partenaires. Cependant, cette pratique soul\u00e8ve des interrogations sur l&rsquo;\u00e9quit\u00e9 dans l&rsquo;acc\u00e8s aux projections et met en \u00e9vidence une pr\u00e9f\u00e9rence accord\u00e9e \u00e0 certaines cat\u00e9gories de spectateurs au d\u00e9triment des v\u00e9ritables cin\u00e9philes ou professionnels du cin\u00e9ma. Cela cr\u00e9e une frustration pour ceux qui souhaitent vivre pleinement l&rsquo;exp\u00e9rience du festival et qui se retrouvent confront\u00e9s \u00e0 des salles comportant des fauteuils vides alors qu&rsquo;ils auraient pu occuper ces places.<\/span><\/span><\/p>\n<p><span><span>Pour l\u2019avenir, il est essentiel de repenser la politique de distribution des billets et de veiller \u00e0 ce que les places soient attribu\u00e9es de mani\u00e8re \u00e9quitable, et pourquoi pas en privil\u00e9giant les passionn\u00e9s de cin\u00e9ma et les personnes r\u00e9ellement int\u00e9ress\u00e9es par les projections. Cela permettrait de valoriser l&rsquo;exp\u00e9rience cin\u00e9matographique et de rendre le festival de Cannes accessible \u00e0 tous ceux qui en ont r\u00e9ellement l&rsquo;envie et la passion.<\/span><\/span><\/p>\n<p><span><span><strong>Ne\u00efla Driss<\/strong><\/span><\/span><\/p>\n<\/p><\/div>\n<div class=\"coprs\" style=\"text-align: center\"><\/div><\/div>\n","protected":false},"excerpt":{"rendered":"<p>Il s&rsquo;est \u00e9coul\u00e9 une douzaine de jours depuis la cl\u00f4ture du 76\u00e8me festival de Cannes, marquant ainsi le moment propice pour dresser un bilan de cette \u00e9dition.<\/p>\n","protected":false},"author":3164,"featured_media":250900,"comment_status":"open","ping_status":"closed","sticky":false,"template":"","format":"standard","meta":{"footnotes":""},"categories":[2594],"tags":[7127,2627,8260],"class_list":["post-206465","post","type-post","status-publish","format-standard","has-post-thumbnail","hentry","category-culture","tag-cannes-2023","tag-festival-de-cannes","tag-realisatrice"],"yoast_head":"<!-- This site is optimized with the Yoast SEO Premium plugin v27.4 (Yoast SEO v27.4) - https:\/\/yoast.com\/product\/yoast-seo-premium-wordpress\/ -->\n<title>Cannes 2023 - Une diversit\u00e9 cin\u00e9matographique exceptionnelle et des probl\u00e8mes logistiques persistants<\/title>\n<meta name=\"description\" content=\"Il s&#039;est \u00e9coul\u00e9 une douzaine de jours depuis la cl\u00f4ture du 76\u00e8me festival de Cannes, marquant ainsi le moment propice pour dresser un bilan de cette \u00e9dition.\" \/>\n<link rel=\"canonical\" href=\"https:\/\/www.webdo.tn\/fr\/actualite\/culture\/cannes-2023-une-diversite-cinematographique-exceptionnelle-et-des-problemes-logistiques-persistants\/206465\/\" \/>\n<meta property=\"og:locale\" content=\"fr_FR\" \/>\n<meta property=\"og:type\" content=\"article\" \/>\n<meta property=\"og:title\" content=\"Cannes 2023 - Une diversit\u00e9 cin\u00e9matographique exceptionnelle et des probl\u00e8mes logistiques persistants\" \/>\n<meta property=\"og:description\" content=\"Il s&#039;est \u00e9coul\u00e9 une douzaine de jours depuis la cl\u00f4ture du 76\u00e8me festival de Cannes, marquant ainsi le moment propice pour dresser un bilan de cette \u00e9dition.\" \/>\n<meta property=\"og:url\" content=\"https:\/\/www.webdo.tn\/fr\/actualite\/culture\/cannes-2023-une-diversite-cinematographique-exceptionnelle-et-des-problemes-logistiques-persistants\/206465\/\" \/>\n<meta property=\"og:site_name\" content=\"webdo\" \/>\n<meta property=\"article:publisher\" content=\"https:\/\/www.facebook.com\/webdotn\" \/>\n<meta property=\"article:author\" content=\"https:\/\/www.facebook.com\/massir.destiniii\/\" \/>\n<meta property=\"article:published_time\" content=\"2023-06-09T09:02:00+00:00\" \/>\n<meta property=\"article:modified_time\" content=\"2025-05-21T08:56:33+00:00\" \/>\n<meta property=\"og:image\" content=\"https:\/\/www.webdo.tn\/fr\/wp-content\/uploads\/2023\/06\/bd5b0328d7cb217abf0aca376a80f8dc.jpeg\" \/>\n\t<meta property=\"og:image:width\" content=\"750\" \/>\n\t<meta property=\"og:image:height\" content=\"400\" \/>\n\t<meta property=\"og:image:type\" content=\"image\/jpeg\" \/>\n<meta name=\"author\" content=\"Ne\u00efla DRISS\" \/>\n<meta name=\"twitter:card\" content=\"summary_large_image\" \/>\n<meta name=\"twitter:creator\" content=\"@https:\/\/x.com\/MassirDestin\" \/>\n<meta name=\"twitter:site\" content=\"@webdo_tn\" \/>\n<meta name=\"twitter:label1\" content=\"\u00c9crit par\" \/>\n\t<meta name=\"twitter:data1\" content=\"Ne\u00efla DRISS\" \/>\n\t<meta name=\"twitter:label2\" content=\"Dur\u00e9e de lecture estim\u00e9e\" \/>\n\t<meta name=\"twitter:data2\" content=\"7 minutes\" \/>\n<script type=\"application\/ld+json\" class=\"yoast-schema-graph\">{\"@context\":\"https:\\\/\\\/schema.org\",\"@graph\":[{\"@type\":\"NewsArticle\",\"@id\":\"https:\\\/\\\/www.webdo.tn\\\/fr\\\/actualite\\\/culture\\\/cannes-2023-une-diversite-cinematographique-exceptionnelle-et-des-problemes-logistiques-persistants\\\/206465\\\/#article\",\"isPartOf\":{\"@id\":\"https:\\\/\\\/www.webdo.tn\\\/fr\\\/actualite\\\/culture\\\/cannes-2023-une-diversite-cinematographique-exceptionnelle-et-des-problemes-logistiques-persistants\\\/206465\\\/\"},\"author\":{\"name\":\"Ne\u00efla DRISS\",\"@id\":\"https:\\\/\\\/www.webdo.tn\\\/fr\\\/#\\\/schema\\\/person\\\/60d5ba619ed3f58783b0dc82b7dada80\"},\"headline\":\"Cannes 2023 &#8211; Une diversit\u00e9 cin\u00e9matographique exceptionnelle et des probl\u00e8mes logistiques persistants\",\"datePublished\":\"2023-06-09T09:02:00+00:00\",\"dateModified\":\"2025-05-21T08:56:33+00:00\",\"mainEntityOfPage\":{\"@id\":\"https:\\\/\\\/www.webdo.tn\\\/fr\\\/actualite\\\/culture\\\/cannes-2023-une-diversite-cinematographique-exceptionnelle-et-des-problemes-logistiques-persistants\\\/206465\\\/\"},\"wordCount\":1535,\"commentCount\":0,\"publisher\":{\"@id\":\"https:\\\/\\\/www.webdo.tn\\\/fr\\\/#organization\"},\"image\":{\"@id\":\"https:\\\/\\\/www.webdo.tn\\\/fr\\\/actualite\\\/culture\\\/cannes-2023-une-diversite-cinematographique-exceptionnelle-et-des-problemes-logistiques-persistants\\\/206465\\\/#primaryimage\"},\"thumbnailUrl\":\"https:\\\/\\\/www.webdo.tn\\\/fr\\\/wp-content\\\/uploads\\\/2023\\\/06\\\/bd5b0328d7cb217abf0aca376a80f8dc.jpeg\",\"keywords\":[\"Cannes 2023\",\"Festival de Cannes\",\"R\u00e9alisatrice\"],\"articleSection\":[\"Culture\"],\"inLanguage\":\"fr-FR\"},{\"@type\":\"WebPage\",\"@id\":\"https:\\\/\\\/www.webdo.tn\\\/fr\\\/actualite\\\/culture\\\/cannes-2023-une-diversite-cinematographique-exceptionnelle-et-des-problemes-logistiques-persistants\\\/206465\\\/\",\"url\":\"https:\\\/\\\/www.webdo.tn\\\/fr\\\/actualite\\\/culture\\\/cannes-2023-une-diversite-cinematographique-exceptionnelle-et-des-problemes-logistiques-persistants\\\/206465\\\/\",\"name\":\"Cannes 2023 - Une diversit\u00e9 cin\u00e9matographique exceptionnelle et des probl\u00e8mes logistiques persistants\",\"isPartOf\":{\"@id\":\"https:\\\/\\\/www.webdo.tn\\\/fr\\\/#website\"},\"primaryImageOfPage\":{\"@id\":\"https:\\\/\\\/www.webdo.tn\\\/fr\\\/actualite\\\/culture\\\/cannes-2023-une-diversite-cinematographique-exceptionnelle-et-des-problemes-logistiques-persistants\\\/206465\\\/#primaryimage\"},\"image\":{\"@id\":\"https:\\\/\\\/www.webdo.tn\\\/fr\\\/actualite\\\/culture\\\/cannes-2023-une-diversite-cinematographique-exceptionnelle-et-des-problemes-logistiques-persistants\\\/206465\\\/#primaryimage\"},\"thumbnailUrl\":\"https:\\\/\\\/www.webdo.tn\\\/fr\\\/wp-content\\\/uploads\\\/2023\\\/06\\\/bd5b0328d7cb217abf0aca376a80f8dc.jpeg\",\"datePublished\":\"2023-06-09T09:02:00+00:00\",\"dateModified\":\"2025-05-21T08:56:33+00:00\",\"description\":\"Il s'est \u00e9coul\u00e9 une douzaine de jours depuis la cl\u00f4ture du 76\u00e8me festival de Cannes, marquant ainsi le moment propice pour dresser un bilan de cette \u00e9dition.\",\"breadcrumb\":{\"@id\":\"https:\\\/\\\/www.webdo.tn\\\/fr\\\/actualite\\\/culture\\\/cannes-2023-une-diversite-cinematographique-exceptionnelle-et-des-problemes-logistiques-persistants\\\/206465\\\/#breadcrumb\"},\"inLanguage\":\"fr-FR\",\"potentialAction\":[{\"@type\":\"ReadAction\",\"target\":[\"https:\\\/\\\/www.webdo.tn\\\/fr\\\/actualite\\\/culture\\\/cannes-2023-une-diversite-cinematographique-exceptionnelle-et-des-problemes-logistiques-persistants\\\/206465\\\/\"]}]},{\"@type\":\"ImageObject\",\"inLanguage\":\"fr-FR\",\"@id\":\"https:\\\/\\\/www.webdo.tn\\\/fr\\\/actualite\\\/culture\\\/cannes-2023-une-diversite-cinematographique-exceptionnelle-et-des-problemes-logistiques-persistants\\\/206465\\\/#primaryimage\",\"url\":\"https:\\\/\\\/www.webdo.tn\\\/fr\\\/wp-content\\\/uploads\\\/2023\\\/06\\\/bd5b0328d7cb217abf0aca376a80f8dc.jpeg\",\"contentUrl\":\"https:\\\/\\\/www.webdo.tn\\\/fr\\\/wp-content\\\/uploads\\\/2023\\\/06\\\/bd5b0328d7cb217abf0aca376a80f8dc.jpeg\",\"width\":750,\"height\":400,\"caption\":\"Cannes 2023 - Une diversit\u00e9 cin\u00e9matographique exceptionnelle et des probl\u00e8mes logistiques persistants\"},{\"@type\":\"BreadcrumbList\",\"@id\":\"https:\\\/\\\/www.webdo.tn\\\/fr\\\/actualite\\\/culture\\\/cannes-2023-une-diversite-cinematographique-exceptionnelle-et-des-problemes-logistiques-persistants\\\/206465\\\/#breadcrumb\",\"itemListElement\":[{\"@type\":\"ListItem\",\"position\":1,\"name\":\"Accueil\",\"item\":\"https:\\\/\\\/www.webdo.tn\\\/fr\\\/\"},{\"@type\":\"ListItem\",\"position\":2,\"name\":\"Cannes 2023 &#8211; Une diversit\u00e9 cin\u00e9matographique exceptionnelle et des probl\u00e8mes logistiques persistants\"}]},{\"@type\":\"WebSite\",\"@id\":\"https:\\\/\\\/www.webdo.tn\\\/fr\\\/#website\",\"url\":\"https:\\\/\\\/www.webdo.tn\\\/fr\\\/\",\"name\":\"webdo\",\"description\":\"Tunisie - News en Tunisie et \u00e0 l&#039;international sur Webdo.tn\",\"publisher\":{\"@id\":\"https:\\\/\\\/www.webdo.tn\\\/fr\\\/#organization\"},\"potentialAction\":[{\"@type\":\"SearchAction\",\"target\":{\"@type\":\"EntryPoint\",\"urlTemplate\":\"https:\\\/\\\/www.webdo.tn\\\/fr\\\/?s={search_term_string}\"},\"query-input\":{\"@type\":\"PropertyValueSpecification\",\"valueRequired\":true,\"valueName\":\"search_term_string\"}}],\"inLanguage\":\"fr-FR\"},{\"@type\":\"Organization\",\"@id\":\"https:\\\/\\\/www.webdo.tn\\\/fr\\\/#organization\",\"name\":\"Webdo\",\"alternateName\":\"Webdo.tn\",\"url\":\"https:\\\/\\\/www.webdo.tn\\\/fr\\\/\",\"logo\":{\"@type\":\"ImageObject\",\"inLanguage\":\"fr-FR\",\"@id\":\"https:\\\/\\\/www.webdo.tn\\\/fr\\\/#\\\/schema\\\/logo\\\/image\\\/\",\"url\":\"https:\\\/\\\/www.webdo.tn\\\/fr\\\/wp-content\\\/uploads\\\/2025\\\/06\\\/Webdo-Tunisie_168377.jpg\",\"contentUrl\":\"https:\\\/\\\/www.webdo.tn\\\/fr\\\/wp-content\\\/uploads\\\/2025\\\/06\\\/Webdo-Tunisie_168377.jpg\",\"width\":301,\"height\":301,\"caption\":\"Webdo\"},\"image\":{\"@id\":\"https:\\\/\\\/www.webdo.tn\\\/fr\\\/#\\\/schema\\\/logo\\\/image\\\/\"},\"sameAs\":[\"https:\\\/\\\/www.facebook.com\\\/webdotn\",\"https:\\\/\\\/x.com\\\/webdo_tn\"],\"description\":\"Webdo est un m\u00e9dia num\u00e9rique tunisien fond\u00e9 en 2010, sp\u00e9cialis\u00e9 dans l\u2019actualit\u00e9 nationale et internationale, l\u2019\u00e9conomie, la soci\u00e9t\u00e9 et les analyses politiques. Le site s\u2019adresse \u00e0 un large public francophone et couvre l\u2019information tunisienne en temps r\u00e9el.\",\"email\":\"redac@webdo.tn\",\"legalName\":\"YNJ SARL\",\"foundingDate\":\"2010-09-06\",\"numberOfEmployees\":{\"@type\":\"QuantitativeValue\",\"minValue\":\"11\",\"maxValue\":\"50\"}},{\"@type\":\"Person\",\"@id\":\"https:\\\/\\\/www.webdo.tn\\\/fr\\\/#\\\/schema\\\/person\\\/60d5ba619ed3f58783b0dc82b7dada80\",\"name\":\"Ne\u00efla DRISS\",\"image\":{\"@type\":\"ImageObject\",\"inLanguage\":\"fr-FR\",\"@id\":\"https:\\\/\\\/www.webdo.tn\\\/fr\\\/wp-content\\\/uploads\\\/2026\\\/04\\\/neila-driss_avatar-96x96.jpg\",\"url\":\"https:\\\/\\\/www.webdo.tn\\\/fr\\\/wp-content\\\/uploads\\\/2026\\\/04\\\/neila-driss_avatar-96x96.jpg\",\"contentUrl\":\"https:\\\/\\\/www.webdo.tn\\\/fr\\\/wp-content\\\/uploads\\\/2026\\\/04\\\/neila-driss_avatar-96x96.jpg\",\"caption\":\"Ne\u00efla DRISS\"},\"description\":\"Ne\u00efla Driss est juriste, journaliste culturelle et critique de cin\u00e9ma tunisienne. Titulaire d\u2019un DEA en droit priv\u00e9 de l\u2019Universit\u00e9 Paris II et d\u2019un DESS de l\u2019IHEC Carthage, elle d\u00e9bute sa carri\u00e8re comme juriste sp\u00e9cialis\u00e9e en gestion de patrimoine immobilier. Elle s\u2019oriente ensuite vers l\u2019\u00e9criture en ligne, o\u00f9 elle se distingue d\u00e8s 2006 aux Tunisia Blog Awards, avant de se consacrer au journalisme culturel, avec une sp\u00e9cialisation dans la critique cin\u00e9matographique. Elle couvre r\u00e9guli\u00e8rement les grands festivals internationaux, notamment le Festival de Cannes, les Journ\u00e9es Cin\u00e9matographiques de Carthage et le Festival du film du Caire. Membre de l\u2019ATPCC et de la FIPRESCI, elle participe \u00e0 des jurys et initiatives internationales de critique. Depuis 2024, elle est \u00e9lectrice internationale aux Golden Globes. Facebook : https:\\\/\\\/www.facebook.com\\\/massir.destiniii\\\/ X : https:\\\/\\\/x.com\\\/MassirDestin\",\"sameAs\":[\"https:\\\/\\\/www.facebook.com\\\/massir.destiniii\\\/\",\"https:\\\/\\\/www.instagram.com\\\/neila.driss\\\/?hl=fr\",\"https:\\\/\\\/www.linkedin.com\\\/in\\\/neila-driss-22606a80\\\/\",\"https:\\\/\\\/x.com\\\/https:\\\/\\\/x.com\\\/MassirDestin\"],\"knowsAbout\":[\"Cin\u00e9ma international\",\"critique cin\u00e9matographique\",\"festivals de cin\u00e9ma\",\"journalisme culturel\"],\"knowsLanguage\":[\"Fran\u00e7ais\",\"Arabe\",\"Anglais\"],\"jobTitle\":\"Journaliste culturelle et critique de cin\u00e9ma\",\"worksFor\":\"Webdo\",\"url\":\"https:\\\/\\\/www.webdo.tn\\\/fr\\\/actualite\\\/author\\\/neila-driss\\\/\"}]}<\/script>\n<!-- \/ Yoast SEO Premium plugin. -->","yoast_head_json":{"title":"Cannes 2023 - Une diversit\u00e9 cin\u00e9matographique exceptionnelle et des probl\u00e8mes logistiques persistants","description":"Il s'est \u00e9coul\u00e9 une douzaine de jours depuis la cl\u00f4ture du 76\u00e8me festival de Cannes, marquant ainsi le moment propice pour dresser un bilan de cette \u00e9dition.","canonical":"https:\/\/www.webdo.tn\/fr\/actualite\/culture\/cannes-2023-une-diversite-cinematographique-exceptionnelle-et-des-problemes-logistiques-persistants\/206465\/","og_locale":"fr_FR","og_type":"article","og_title":"Cannes 2023 - Une diversit\u00e9 cin\u00e9matographique exceptionnelle et des probl\u00e8mes logistiques persistants","og_description":"Il s'est \u00e9coul\u00e9 une douzaine de jours depuis la cl\u00f4ture du 76\u00e8me festival de Cannes, marquant ainsi le moment propice pour dresser un bilan de cette \u00e9dition.","og_url":"https:\/\/www.webdo.tn\/fr\/actualite\/culture\/cannes-2023-une-diversite-cinematographique-exceptionnelle-et-des-problemes-logistiques-persistants\/206465\/","og_site_name":"webdo","article_publisher":"https:\/\/www.facebook.com\/webdotn","article_author":"https:\/\/www.facebook.com\/massir.destiniii\/","article_published_time":"2023-06-09T09:02:00+00:00","article_modified_time":"2025-05-21T08:56:33+00:00","og_image":[{"width":750,"height":400,"url":"https:\/\/www.webdo.tn\/fr\/wp-content\/uploads\/2023\/06\/bd5b0328d7cb217abf0aca376a80f8dc.jpeg","type":"image\/jpeg"}],"author":"Ne\u00efla DRISS","twitter_card":"summary_large_image","twitter_creator":"@https:\/\/x.com\/MassirDestin","twitter_site":"@webdo_tn","twitter_misc":{"\u00c9crit par":"Ne\u00efla DRISS","Dur\u00e9e de lecture estim\u00e9e":"7 minutes"},"schema":{"@context":"https:\/\/schema.org","@graph":[{"@type":"NewsArticle","@id":"https:\/\/www.webdo.tn\/fr\/actualite\/culture\/cannes-2023-une-diversite-cinematographique-exceptionnelle-et-des-problemes-logistiques-persistants\/206465\/#article","isPartOf":{"@id":"https:\/\/www.webdo.tn\/fr\/actualite\/culture\/cannes-2023-une-diversite-cinematographique-exceptionnelle-et-des-problemes-logistiques-persistants\/206465\/"},"author":{"name":"Ne\u00efla DRISS","@id":"https:\/\/www.webdo.tn\/fr\/#\/schema\/person\/60d5ba619ed3f58783b0dc82b7dada80"},"headline":"Cannes 2023 &#8211; Une diversit\u00e9 cin\u00e9matographique exceptionnelle et des probl\u00e8mes logistiques persistants","datePublished":"2023-06-09T09:02:00+00:00","dateModified":"2025-05-21T08:56:33+00:00","mainEntityOfPage":{"@id":"https:\/\/www.webdo.tn\/fr\/actualite\/culture\/cannes-2023-une-diversite-cinematographique-exceptionnelle-et-des-problemes-logistiques-persistants\/206465\/"},"wordCount":1535,"commentCount":0,"publisher":{"@id":"https:\/\/www.webdo.tn\/fr\/#organization"},"image":{"@id":"https:\/\/www.webdo.tn\/fr\/actualite\/culture\/cannes-2023-une-diversite-cinematographique-exceptionnelle-et-des-problemes-logistiques-persistants\/206465\/#primaryimage"},"thumbnailUrl":"https:\/\/www.webdo.tn\/fr\/wp-content\/uploads\/2023\/06\/bd5b0328d7cb217abf0aca376a80f8dc.jpeg","keywords":["Cannes 2023","Festival de Cannes","R\u00e9alisatrice"],"articleSection":["Culture"],"inLanguage":"fr-FR"},{"@type":"WebPage","@id":"https:\/\/www.webdo.tn\/fr\/actualite\/culture\/cannes-2023-une-diversite-cinematographique-exceptionnelle-et-des-problemes-logistiques-persistants\/206465\/","url":"https:\/\/www.webdo.tn\/fr\/actualite\/culture\/cannes-2023-une-diversite-cinematographique-exceptionnelle-et-des-problemes-logistiques-persistants\/206465\/","name":"Cannes 2023 - Une diversit\u00e9 cin\u00e9matographique exceptionnelle et des probl\u00e8mes logistiques persistants","isPartOf":{"@id":"https:\/\/www.webdo.tn\/fr\/#website"},"primaryImageOfPage":{"@id":"https:\/\/www.webdo.tn\/fr\/actualite\/culture\/cannes-2023-une-diversite-cinematographique-exceptionnelle-et-des-problemes-logistiques-persistants\/206465\/#primaryimage"},"image":{"@id":"https:\/\/www.webdo.tn\/fr\/actualite\/culture\/cannes-2023-une-diversite-cinematographique-exceptionnelle-et-des-problemes-logistiques-persistants\/206465\/#primaryimage"},"thumbnailUrl":"https:\/\/www.webdo.tn\/fr\/wp-content\/uploads\/2023\/06\/bd5b0328d7cb217abf0aca376a80f8dc.jpeg","datePublished":"2023-06-09T09:02:00+00:00","dateModified":"2025-05-21T08:56:33+00:00","description":"Il s'est \u00e9coul\u00e9 une douzaine de jours depuis la cl\u00f4ture du 76\u00e8me festival de Cannes, marquant ainsi le moment propice pour dresser un bilan de cette \u00e9dition.","breadcrumb":{"@id":"https:\/\/www.webdo.tn\/fr\/actualite\/culture\/cannes-2023-une-diversite-cinematographique-exceptionnelle-et-des-problemes-logistiques-persistants\/206465\/#breadcrumb"},"inLanguage":"fr-FR","potentialAction":[{"@type":"ReadAction","target":["https:\/\/www.webdo.tn\/fr\/actualite\/culture\/cannes-2023-une-diversite-cinematographique-exceptionnelle-et-des-problemes-logistiques-persistants\/206465\/"]}]},{"@type":"ImageObject","inLanguage":"fr-FR","@id":"https:\/\/www.webdo.tn\/fr\/actualite\/culture\/cannes-2023-une-diversite-cinematographique-exceptionnelle-et-des-problemes-logistiques-persistants\/206465\/#primaryimage","url":"https:\/\/www.webdo.tn\/fr\/wp-content\/uploads\/2023\/06\/bd5b0328d7cb217abf0aca376a80f8dc.jpeg","contentUrl":"https:\/\/www.webdo.tn\/fr\/wp-content\/uploads\/2023\/06\/bd5b0328d7cb217abf0aca376a80f8dc.jpeg","width":750,"height":400,"caption":"Cannes 2023 - Une diversit\u00e9 cin\u00e9matographique exceptionnelle et des probl\u00e8mes logistiques persistants"},{"@type":"BreadcrumbList","@id":"https:\/\/www.webdo.tn\/fr\/actualite\/culture\/cannes-2023-une-diversite-cinematographique-exceptionnelle-et-des-problemes-logistiques-persistants\/206465\/#breadcrumb","itemListElement":[{"@type":"ListItem","position":1,"name":"Accueil","item":"https:\/\/www.webdo.tn\/fr\/"},{"@type":"ListItem","position":2,"name":"Cannes 2023 &#8211; Une diversit\u00e9 cin\u00e9matographique exceptionnelle et des probl\u00e8mes logistiques persistants"}]},{"@type":"WebSite","@id":"https:\/\/www.webdo.tn\/fr\/#website","url":"https:\/\/www.webdo.tn\/fr\/","name":"webdo","description":"Tunisie - News en Tunisie et \u00e0 l&#039;international sur Webdo.tn","publisher":{"@id":"https:\/\/www.webdo.tn\/fr\/#organization"},"potentialAction":[{"@type":"SearchAction","target":{"@type":"EntryPoint","urlTemplate":"https:\/\/www.webdo.tn\/fr\/?s={search_term_string}"},"query-input":{"@type":"PropertyValueSpecification","valueRequired":true,"valueName":"search_term_string"}}],"inLanguage":"fr-FR"},{"@type":"Organization","@id":"https:\/\/www.webdo.tn\/fr\/#organization","name":"Webdo","alternateName":"Webdo.tn","url":"https:\/\/www.webdo.tn\/fr\/","logo":{"@type":"ImageObject","inLanguage":"fr-FR","@id":"https:\/\/www.webdo.tn\/fr\/#\/schema\/logo\/image\/","url":"https:\/\/www.webdo.tn\/fr\/wp-content\/uploads\/2025\/06\/Webdo-Tunisie_168377.jpg","contentUrl":"https:\/\/www.webdo.tn\/fr\/wp-content\/uploads\/2025\/06\/Webdo-Tunisie_168377.jpg","width":301,"height":301,"caption":"Webdo"},"image":{"@id":"https:\/\/www.webdo.tn\/fr\/#\/schema\/logo\/image\/"},"sameAs":["https:\/\/www.facebook.com\/webdotn","https:\/\/x.com\/webdo_tn"],"description":"Webdo est un m\u00e9dia num\u00e9rique tunisien fond\u00e9 en 2010, sp\u00e9cialis\u00e9 dans l\u2019actualit\u00e9 nationale et internationale, l\u2019\u00e9conomie, la soci\u00e9t\u00e9 et les analyses politiques. Le site s\u2019adresse \u00e0 un large public francophone et couvre l\u2019information tunisienne en temps r\u00e9el.","email":"redac@webdo.tn","legalName":"YNJ SARL","foundingDate":"2010-09-06","numberOfEmployees":{"@type":"QuantitativeValue","minValue":"11","maxValue":"50"}},{"@type":"Person","@id":"https:\/\/www.webdo.tn\/fr\/#\/schema\/person\/60d5ba619ed3f58783b0dc82b7dada80","name":"Ne\u00efla DRISS","image":{"@type":"ImageObject","inLanguage":"fr-FR","@id":"https:\/\/www.webdo.tn\/fr\/wp-content\/uploads\/2026\/04\/neila-driss_avatar-96x96.jpg","url":"https:\/\/www.webdo.tn\/fr\/wp-content\/uploads\/2026\/04\/neila-driss_avatar-96x96.jpg","contentUrl":"https:\/\/www.webdo.tn\/fr\/wp-content\/uploads\/2026\/04\/neila-driss_avatar-96x96.jpg","caption":"Ne\u00efla DRISS"},"description":"Ne\u00efla Driss est juriste, journaliste culturelle et critique de cin\u00e9ma tunisienne. Titulaire d\u2019un DEA en droit priv\u00e9 de l\u2019Universit\u00e9 Paris II et d\u2019un DESS de l\u2019IHEC Carthage, elle d\u00e9bute sa carri\u00e8re comme juriste sp\u00e9cialis\u00e9e en gestion de patrimoine immobilier. Elle s\u2019oriente ensuite vers l\u2019\u00e9criture en ligne, o\u00f9 elle se distingue d\u00e8s 2006 aux Tunisia Blog Awards, avant de se consacrer au journalisme culturel, avec une sp\u00e9cialisation dans la critique cin\u00e9matographique. Elle couvre r\u00e9guli\u00e8rement les grands festivals internationaux, notamment le Festival de Cannes, les Journ\u00e9es Cin\u00e9matographiques de Carthage et le Festival du film du Caire. Membre de l\u2019ATPCC et de la FIPRESCI, elle participe \u00e0 des jurys et initiatives internationales de critique. Depuis 2024, elle est \u00e9lectrice internationale aux Golden Globes. Facebook : https:\/\/www.facebook.com\/massir.destiniii\/ X : https:\/\/x.com\/MassirDestin","sameAs":["https:\/\/www.facebook.com\/massir.destiniii\/","https:\/\/www.instagram.com\/neila.driss\/?hl=fr","https:\/\/www.linkedin.com\/in\/neila-driss-22606a80\/","https:\/\/x.com\/https:\/\/x.com\/MassirDestin"],"knowsAbout":["Cin\u00e9ma international","critique cin\u00e9matographique","festivals de cin\u00e9ma","journalisme culturel"],"knowsLanguage":["Fran\u00e7ais","Arabe","Anglais"],"jobTitle":"Journaliste culturelle et critique de cin\u00e9ma","worksFor":"Webdo","url":"https:\/\/www.webdo.tn\/fr\/actualite\/author\/neila-driss\/"}]}},"_links":{"self":[{"href":"https:\/\/www.webdo.tn\/fr\/wp-json\/wp\/v2\/posts\/206465","targetHints":{"allow":["GET"]}}],"collection":[{"href":"https:\/\/www.webdo.tn\/fr\/wp-json\/wp\/v2\/posts"}],"about":[{"href":"https:\/\/www.webdo.tn\/fr\/wp-json\/wp\/v2\/types\/post"}],"author":[{"embeddable":true,"href":"https:\/\/www.webdo.tn\/fr\/wp-json\/wp\/v2\/users\/3164"}],"replies":[{"embeddable":true,"href":"https:\/\/www.webdo.tn\/fr\/wp-json\/wp\/v2\/comments?post=206465"}],"version-history":[{"count":0,"href":"https:\/\/www.webdo.tn\/fr\/wp-json\/wp\/v2\/posts\/206465\/revisions"}],"wp:featuredmedia":[{"embeddable":true,"href":"https:\/\/www.webdo.tn\/fr\/wp-json\/wp\/v2\/media\/250900"}],"wp:attachment":[{"href":"https:\/\/www.webdo.tn\/fr\/wp-json\/wp\/v2\/media?parent=206465"}],"wp:term":[{"taxonomy":"category","embeddable":true,"href":"https:\/\/www.webdo.tn\/fr\/wp-json\/wp\/v2\/categories?post=206465"},{"taxonomy":"post_tag","embeddable":true,"href":"https:\/\/www.webdo.tn\/fr\/wp-json\/wp\/v2\/tags?post=206465"}],"curies":[{"name":"wp","href":"https:\/\/api.w.org\/{rel}","templated":true}]}}