{"id":206461,"date":"2023-06-09T08:18:00","date_gmt":"2023-06-09T08:18:00","guid":{"rendered":"https:\/\/www.webdo.tn\/fr\/blog\/crash-d-un-helicoptere-militaire-saied-appelle-a-moderniser-les-equipements-de-l-armee\/206461\/"},"modified":"2025-05-20T22:42:50","modified_gmt":"2025-05-20T22:42:50","slug":"crash-d-un-helicoptere-militaire-saied-appelle-a-moderniser-les-equipements-de-l-armee","status":"publish","type":"post","link":"https:\/\/www.webdo.tn\/fr\/actualite\/national\/crash-d-un-helicoptere-militaire-saied-appelle-a-moderniser-les-equipements-de-l-armee\/206461\/","title":{"rendered":"Crash d&rsquo;un h\u00e9licopt\u00e8re : Saied appelle \u00e0 moderniser les \u00e9quipements de l\u2019Arm\u00e9e"},"content":{"rendered":"<p>Le crash d&rsquo;un h\u00e9licopt\u00e8re militaire survenu, mercredi soir, qui a co\u00fbt\u00e9 la vie \u00e0 quatre soldats de l&rsquo;arm\u00e9e nationale a \u00e9t\u00e9 au centre d&rsquo;une r\u00e9union, jeudi, au Palais de Carthage, entre le pr\u00e9sident de la R\u00e9publique, Kais Sa\u00efed et le ministre de la D\u00e9fense nationale, Imed Memmich.<\/p>\n<p>\t\t\t\t\t\t\t\t\tLa r\u00e9union a \u00e9t\u00e9 l&rsquo;occasion de mettre l&rsquo;accent sur la n\u00e9cessit\u00e9 imp\u00e9rieuse de veiller autant que possible \u00e0 r\u00e9nover et \u00e0 moderniser les \u00e9quipements dont dispose l&rsquo;arm\u00e9e nationale, selon un communiqu\u00e9 de la pr\u00e9sidence publi\u00e9, jeudi.<\/p>\n<p>Tout en rappelant que le crash d&rsquo;un h\u00e9licopt\u00e8re militaire est un incident habituel pouvant survenir dans n&rsquo;importe quel pays au monde, le communiqu\u00e9 pr\u00e9cise que ce genre d&rsquo;incidents ne cesse de se produire malheureusement en Tunisie en raison de l&rsquo;usure et de la v\u00e9tust\u00e9 des appareils et des d&rsquo;\u00e9quipements de l&rsquo;arm\u00e9e nationale.<\/p>\n<p>Face \u00e0 ce drame, le pr\u00e9sident Sa\u00efed a recommand\u00e9 au ministre de la D\u00e9fense nationale de transmettre ses sinc\u00e8res et vives condol\u00e9ances aux familles des soldats martyrs, implorant Dieu le Mis\u00e9ricordieux d&rsquo;accorder aux victimes son infinie mis\u00e9ricorde et de les hisser au rang des martyrs.<\/p>\n<p>Le pr\u00e9sident de la R\u00e9publique a par ailleurs salu\u00e9 le r\u00f4le jou\u00e9 par les forces arm\u00e9es dans la pr\u00e9servation de la souverainet\u00e9 de la Tunisie, se f\u00e9licitant des efforts consentis par les comp\u00e9tences et les experts au sein de l&rsquo;arm\u00e9e nationale en vue de moderniser et de r\u00e9nover les dispositifs et les \u00e9quipements de l&rsquo;arm\u00e9e.<br \/>\nPlut\u00f4t dans la journ\u00e9e, le d\u00e9partement de la d\u00e9fense a apport\u00e9 plus de pr\u00e9cisions sur l&rsquo;incident, estimant que l&rsquo;h\u00e9licopt\u00e8re avec lequel le contact a \u00e9t\u00e9 perdu mercredi soir, \u00e0 Cap Serrat (Bizerte), s&rsquo;est ab\u00eem\u00e9 en mer.<\/p>\n","protected":false},"excerpt":{"rendered":"<p>Le crash d&rsquo;un h\u00e9licopt\u00e8re militaire survenu, mercredi soir, qui a co\u00fbt\u00e9 la vie \u00e0 quatre soldats de l&rsquo;arm\u00e9e nationale a \u00e9t\u00e9 au centre d&rsquo;une r\u00e9union, jeudi, au Pa&#8230;<\/p>\n","protected":false},"author":3175,"featured_media":250902,"comment_status":"open","ping_status":"closed","sticky":false,"template":"","format":"standard","meta":{"footnotes":""},"categories":[44],"tags":[4592,8326,2608],"class_list":["post-206461","post","type-post","status-publish","format-standard","has-post-thumbnail","hentry","category-national","tag-crash","tag-helicoptere-militaire","tag-tunisie"],"yoast_head":"<!-- This site is optimized with the Yoast SEO Premium plugin v27.4 (Yoast SEO v27.5) - https:\/\/yoast.com\/product\/yoast-seo-premium-wordpress\/ -->\n<title>Crash d&#039;un h\u00e9licopt\u00e8re : Saied appelle \u00e0 moderniser les \u00e9quipements de l\u2019Arm\u00e9e<\/title>\n<meta name=\"description\" content=\"Le crash d&#039;un h\u00e9licopt\u00e8re militaire survenu, mercredi soir, qui a co\u00fbt\u00e9 la vie \u00e0 quatre soldats de l&#039;arm\u00e9e nationale a \u00e9t\u00e9 au centre d&#039;une r\u00e9union, jeudi, au Pa...\" \/>\n<link rel=\"canonical\" href=\"https:\/\/www.webdo.tn\/fr\/actualite\/national\/crash-d-un-helicoptere-militaire-saied-appelle-a-moderniser-les-equipements-de-l-armee\/206461\/\" \/>\n<meta property=\"og:locale\" content=\"fr_FR\" \/>\n<meta property=\"og:type\" content=\"article\" \/>\n<meta property=\"og:title\" content=\"Crash d&#039;un h\u00e9licopt\u00e8re : Saied appelle \u00e0 moderniser les \u00e9quipements de l\u2019Arm\u00e9e\" \/>\n<meta property=\"og:description\" content=\"Le crash d&#039;un h\u00e9licopt\u00e8re militaire survenu, mercredi soir, qui a co\u00fbt\u00e9 la vie \u00e0 quatre soldats de l&#039;arm\u00e9e nationale a \u00e9t\u00e9 au centre d&#039;une r\u00e9union, jeudi, au Pa...\" \/>\n<meta property=\"og:url\" content=\"https:\/\/www.webdo.tn\/fr\/actualite\/national\/crash-d-un-helicoptere-militaire-saied-appelle-a-moderniser-les-equipements-de-l-armee\/206461\/\" \/>\n<meta property=\"og:site_name\" content=\"webdo\" \/>\n<meta property=\"article:publisher\" content=\"https:\/\/www.facebook.com\/webdotn\" \/>\n<meta property=\"article:published_time\" content=\"2023-06-09T08:18:00+00:00\" \/>\n<meta property=\"article:modified_time\" content=\"2025-05-20T22:42:50+00:00\" \/>\n<meta property=\"og:image\" content=\"https:\/\/www.webdo.tn\/fr\/wp-content\/uploads\/2023\/06\/4eff0d9e8c960986203d60d0a9eeb9b5.jpg\" \/>\n\t<meta property=\"og:image:width\" content=\"750\" \/>\n\t<meta property=\"og:image:height\" content=\"400\" \/>\n\t<meta property=\"og:image:type\" content=\"image\/jpeg\" \/>\n<meta name=\"author\" content=\"CL\" \/>\n<meta name=\"twitter:card\" content=\"summary_large_image\" \/>\n<meta name=\"twitter:creator\" content=\"@webdo_tn\" \/>\n<meta name=\"twitter:site\" content=\"@webdo_tn\" \/>\n<meta name=\"twitter:label1\" content=\"\u00c9crit par\" \/>\n\t<meta name=\"twitter:data1\" content=\"CL\" \/>\n\t<meta name=\"twitter:label2\" content=\"Dur\u00e9e de lecture estim\u00e9e\" \/>\n\t<meta name=\"twitter:data2\" content=\"2 minutes\" \/>\n<script type=\"application\/ld+json\" class=\"yoast-schema-graph\">{\"@context\":\"https:\\\/\\\/schema.org\",\"@graph\":[{\"@type\":\"NewsArticle\",\"@id\":\"https:\\\/\\\/www.webdo.tn\\\/fr\\\/actualite\\\/national\\\/crash-d-un-helicoptere-militaire-saied-appelle-a-moderniser-les-equipements-de-l-armee\\\/206461\\\/#article\",\"isPartOf\":{\"@id\":\"https:\\\/\\\/www.webdo.tn\\\/fr\\\/actualite\\\/national\\\/crash-d-un-helicoptere-militaire-saied-appelle-a-moderniser-les-equipements-de-l-armee\\\/206461\\\/\"},\"author\":{\"name\":\"CL\",\"@id\":\"https:\\\/\\\/www.webdo.tn\\\/fr\\\/#\\\/schema\\\/person\\\/f35b42a42c5e2511bbd282959d6385cc\"},\"headline\":\"Crash d&rsquo;un h\u00e9licopt\u00e8re : Saied appelle \u00e0 moderniser les \u00e9quipements de l\u2019Arm\u00e9e\",\"datePublished\":\"2023-06-09T08:18:00+00:00\",\"dateModified\":\"2025-05-20T22:42:50+00:00\",\"mainEntityOfPage\":{\"@id\":\"https:\\\/\\\/www.webdo.tn\\\/fr\\\/actualite\\\/national\\\/crash-d-un-helicoptere-militaire-saied-appelle-a-moderniser-les-equipements-de-l-armee\\\/206461\\\/\"},\"wordCount\":344,\"commentCount\":0,\"publisher\":{\"@id\":\"https:\\\/\\\/www.webdo.tn\\\/fr\\\/#organization\"},\"image\":{\"@id\":\"https:\\\/\\\/www.webdo.tn\\\/fr\\\/actualite\\\/national\\\/crash-d-un-helicoptere-militaire-saied-appelle-a-moderniser-les-equipements-de-l-armee\\\/206461\\\/#primaryimage\"},\"thumbnailUrl\":\"https:\\\/\\\/www.webdo.tn\\\/fr\\\/wp-content\\\/uploads\\\/2023\\\/06\\\/4eff0d9e8c960986203d60d0a9eeb9b5.jpg\",\"keywords\":[\"crash\",\"h\u00e9licopt\u00e8re militaire\",\"Tunisie\"],\"articleSection\":[\"National\"],\"inLanguage\":\"fr-FR\"},{\"@type\":\"WebPage\",\"@id\":\"https:\\\/\\\/www.webdo.tn\\\/fr\\\/actualite\\\/national\\\/crash-d-un-helicoptere-militaire-saied-appelle-a-moderniser-les-equipements-de-l-armee\\\/206461\\\/\",\"url\":\"https:\\\/\\\/www.webdo.tn\\\/fr\\\/actualite\\\/national\\\/crash-d-un-helicoptere-militaire-saied-appelle-a-moderniser-les-equipements-de-l-armee\\\/206461\\\/\",\"name\":\"Crash d'un h\u00e9licopt\u00e8re : Saied appelle \u00e0 moderniser les \u00e9quipements de l\u2019Arm\u00e9e\",\"isPartOf\":{\"@id\":\"https:\\\/\\\/www.webdo.tn\\\/fr\\\/#website\"},\"primaryImageOfPage\":{\"@id\":\"https:\\\/\\\/www.webdo.tn\\\/fr\\\/actualite\\\/national\\\/crash-d-un-helicoptere-militaire-saied-appelle-a-moderniser-les-equipements-de-l-armee\\\/206461\\\/#primaryimage\"},\"image\":{\"@id\":\"https:\\\/\\\/www.webdo.tn\\\/fr\\\/actualite\\\/national\\\/crash-d-un-helicoptere-militaire-saied-appelle-a-moderniser-les-equipements-de-l-armee\\\/206461\\\/#primaryimage\"},\"thumbnailUrl\":\"https:\\\/\\\/www.webdo.tn\\\/fr\\\/wp-content\\\/uploads\\\/2023\\\/06\\\/4eff0d9e8c960986203d60d0a9eeb9b5.jpg\",\"datePublished\":\"2023-06-09T08:18:00+00:00\",\"dateModified\":\"2025-05-20T22:42:50+00:00\",\"description\":\"Le crash d'un h\u00e9licopt\u00e8re militaire survenu, mercredi soir, qui a co\u00fbt\u00e9 la vie \u00e0 quatre soldats de l'arm\u00e9e nationale a \u00e9t\u00e9 au centre d'une r\u00e9union, jeudi, au Pa...\",\"breadcrumb\":{\"@id\":\"https:\\\/\\\/www.webdo.tn\\\/fr\\\/actualite\\\/national\\\/crash-d-un-helicoptere-militaire-saied-appelle-a-moderniser-les-equipements-de-l-armee\\\/206461\\\/#breadcrumb\"},\"inLanguage\":\"fr-FR\",\"potentialAction\":[{\"@type\":\"ReadAction\",\"target\":[\"https:\\\/\\\/www.webdo.tn\\\/fr\\\/actualite\\\/national\\\/crash-d-un-helicoptere-militaire-saied-appelle-a-moderniser-les-equipements-de-l-armee\\\/206461\\\/\"]}]},{\"@type\":\"ImageObject\",\"inLanguage\":\"fr-FR\",\"@id\":\"https:\\\/\\\/www.webdo.tn\\\/fr\\\/actualite\\\/national\\\/crash-d-un-helicoptere-militaire-saied-appelle-a-moderniser-les-equipements-de-l-armee\\\/206461\\\/#primaryimage\",\"url\":\"https:\\\/\\\/www.webdo.tn\\\/fr\\\/wp-content\\\/uploads\\\/2023\\\/06\\\/4eff0d9e8c960986203d60d0a9eeb9b5.jpg\",\"contentUrl\":\"https:\\\/\\\/www.webdo.tn\\\/fr\\\/wp-content\\\/uploads\\\/2023\\\/06\\\/4eff0d9e8c960986203d60d0a9eeb9b5.jpg\",\"width\":750,\"height\":400,\"caption\":\"Crash d'un h\u00e9licopt\u00e8re : Saied appelle \u00e0 moderniser les \u00e9quipements de l\u2019Arm\u00e9e\"},{\"@type\":\"BreadcrumbList\",\"@id\":\"https:\\\/\\\/www.webdo.tn\\\/fr\\\/actualite\\\/national\\\/crash-d-un-helicoptere-militaire-saied-appelle-a-moderniser-les-equipements-de-l-armee\\\/206461\\\/#breadcrumb\",\"itemListElement\":[{\"@type\":\"ListItem\",\"position\":1,\"name\":\"Accueil\",\"item\":\"https:\\\/\\\/www.webdo.tn\\\/fr\\\/\"},{\"@type\":\"ListItem\",\"position\":2,\"name\":\"Crash d&#8217;un h\u00e9licopt\u00e8re : Saied appelle \u00e0 moderniser les \u00e9quipements de l\u2019Arm\u00e9e\"}]},{\"@type\":\"WebSite\",\"@id\":\"https:\\\/\\\/www.webdo.tn\\\/fr\\\/#website\",\"url\":\"https:\\\/\\\/www.webdo.tn\\\/fr\\\/\",\"name\":\"webdo\",\"description\":\"Tunisie - News en Tunisie et \u00e0 l&#039;international sur Webdo.tn\",\"publisher\":{\"@id\":\"https:\\\/\\\/www.webdo.tn\\\/fr\\\/#organization\"},\"potentialAction\":[{\"@type\":\"SearchAction\",\"target\":{\"@type\":\"EntryPoint\",\"urlTemplate\":\"https:\\\/\\\/www.webdo.tn\\\/fr\\\/?s={search_term_string}\"},\"query-input\":{\"@type\":\"PropertyValueSpecification\",\"valueRequired\":true,\"valueName\":\"search_term_string\"}}],\"inLanguage\":\"fr-FR\"},{\"@type\":\"Organization\",\"@id\":\"https:\\\/\\\/www.webdo.tn\\\/fr\\\/#organization\",\"name\":\"Webdo\",\"alternateName\":\"Webdo.tn\",\"url\":\"https:\\\/\\\/www.webdo.tn\\\/fr\\\/\",\"logo\":{\"@type\":\"ImageObject\",\"inLanguage\":\"fr-FR\",\"@id\":\"https:\\\/\\\/www.webdo.tn\\\/fr\\\/#\\\/schema\\\/logo\\\/image\\\/\",\"url\":\"https:\\\/\\\/www.webdo.tn\\\/fr\\\/wp-content\\\/uploads\\\/2025\\\/06\\\/Webdo-Tunisie_168377.jpg\",\"contentUrl\":\"https:\\\/\\\/www.webdo.tn\\\/fr\\\/wp-content\\\/uploads\\\/2025\\\/06\\\/Webdo-Tunisie_168377.jpg\",\"width\":301,\"height\":301,\"caption\":\"Webdo\"},\"image\":{\"@id\":\"https:\\\/\\\/www.webdo.tn\\\/fr\\\/#\\\/schema\\\/logo\\\/image\\\/\"},\"sameAs\":[\"https:\\\/\\\/www.facebook.com\\\/webdotn\",\"https:\\\/\\\/x.com\\\/webdo_tn\"],\"description\":\"Webdo est un m\u00e9dia num\u00e9rique tunisien fond\u00e9 en 2010, sp\u00e9cialis\u00e9 dans l\u2019actualit\u00e9 nationale et internationale, l\u2019\u00e9conomie, la soci\u00e9t\u00e9 et les analyses politiques. Le site s\u2019adresse \u00e0 un large public francophone et couvre l\u2019information tunisienne en temps r\u00e9el.\",\"email\":\"redac@webdo.tn\",\"legalName\":\"YNJ SARL\",\"foundingDate\":\"2010-09-06\",\"numberOfEmployees\":{\"@type\":\"QuantitativeValue\",\"minValue\":\"11\",\"maxValue\":\"50\"}},{\"@type\":\"Person\",\"@id\":\"https:\\\/\\\/www.webdo.tn\\\/fr\\\/#\\\/schema\\\/person\\\/f35b42a42c5e2511bbd282959d6385cc\",\"name\":\"CL\",\"image\":{\"@type\":\"ImageObject\",\"inLanguage\":\"fr-FR\",\"@id\":\"https:\\\/\\\/secure.gravatar.com\\\/avatar\\\/1447a49909b67aa657c488aec6512e1dd6143a480c1ecfee9b5b5cd74eb3b59e?s=96&d=mm&r=g\",\"url\":\"https:\\\/\\\/secure.gravatar.com\\\/avatar\\\/1447a49909b67aa657c488aec6512e1dd6143a480c1ecfee9b5b5cd74eb3b59e?s=96&d=mm&r=g\",\"contentUrl\":\"https:\\\/\\\/secure.gravatar.com\\\/avatar\\\/1447a49909b67aa657c488aec6512e1dd6143a480c1ecfee9b5b5cd74eb3b59e?s=96&d=mm&r=g\",\"caption\":\"CL\"},\"url\":\"https:\\\/\\\/www.webdo.tn\\\/fr\\\/actualite\\\/author\\\/cl\\\/\"}]}<\/script>\n<!-- \/ Yoast SEO Premium plugin. -->","yoast_head_json":{"title":"Crash d'un h\u00e9licopt\u00e8re : Saied appelle \u00e0 moderniser les \u00e9quipements de l\u2019Arm\u00e9e","description":"Le crash d'un h\u00e9licopt\u00e8re militaire survenu, mercredi soir, qui a co\u00fbt\u00e9 la vie \u00e0 quatre soldats de l'arm\u00e9e nationale a \u00e9t\u00e9 au centre d'une r\u00e9union, jeudi, au Pa...","canonical":"https:\/\/www.webdo.tn\/fr\/actualite\/national\/crash-d-un-helicoptere-militaire-saied-appelle-a-moderniser-les-equipements-de-l-armee\/206461\/","og_locale":"fr_FR","og_type":"article","og_title":"Crash d'un h\u00e9licopt\u00e8re : Saied appelle \u00e0 moderniser les \u00e9quipements de l\u2019Arm\u00e9e","og_description":"Le crash d'un h\u00e9licopt\u00e8re militaire survenu, mercredi soir, qui a co\u00fbt\u00e9 la vie \u00e0 quatre soldats de l'arm\u00e9e nationale a \u00e9t\u00e9 au centre d'une r\u00e9union, jeudi, au Pa...","og_url":"https:\/\/www.webdo.tn\/fr\/actualite\/national\/crash-d-un-helicoptere-militaire-saied-appelle-a-moderniser-les-equipements-de-l-armee\/206461\/","og_site_name":"webdo","article_publisher":"https:\/\/www.facebook.com\/webdotn","article_published_time":"2023-06-09T08:18:00+00:00","article_modified_time":"2025-05-20T22:42:50+00:00","og_image":[{"width":750,"height":400,"url":"https:\/\/www.webdo.tn\/fr\/wp-content\/uploads\/2023\/06\/4eff0d9e8c960986203d60d0a9eeb9b5.jpg","type":"image\/jpeg"}],"author":"CL","twitter_card":"summary_large_image","twitter_creator":"@webdo_tn","twitter_site":"@webdo_tn","twitter_misc":{"\u00c9crit par":"CL","Dur\u00e9e de lecture estim\u00e9e":"2 minutes"},"schema":{"@context":"https:\/\/schema.org","@graph":[{"@type":"NewsArticle","@id":"https:\/\/www.webdo.tn\/fr\/actualite\/national\/crash-d-un-helicoptere-militaire-saied-appelle-a-moderniser-les-equipements-de-l-armee\/206461\/#article","isPartOf":{"@id":"https:\/\/www.webdo.tn\/fr\/actualite\/national\/crash-d-un-helicoptere-militaire-saied-appelle-a-moderniser-les-equipements-de-l-armee\/206461\/"},"author":{"name":"CL","@id":"https:\/\/www.webdo.tn\/fr\/#\/schema\/person\/f35b42a42c5e2511bbd282959d6385cc"},"headline":"Crash d&rsquo;un h\u00e9licopt\u00e8re : Saied appelle \u00e0 moderniser les \u00e9quipements de l\u2019Arm\u00e9e","datePublished":"2023-06-09T08:18:00+00:00","dateModified":"2025-05-20T22:42:50+00:00","mainEntityOfPage":{"@id":"https:\/\/www.webdo.tn\/fr\/actualite\/national\/crash-d-un-helicoptere-militaire-saied-appelle-a-moderniser-les-equipements-de-l-armee\/206461\/"},"wordCount":344,"commentCount":0,"publisher":{"@id":"https:\/\/www.webdo.tn\/fr\/#organization"},"image":{"@id":"https:\/\/www.webdo.tn\/fr\/actualite\/national\/crash-d-un-helicoptere-militaire-saied-appelle-a-moderniser-les-equipements-de-l-armee\/206461\/#primaryimage"},"thumbnailUrl":"https:\/\/www.webdo.tn\/fr\/wp-content\/uploads\/2023\/06\/4eff0d9e8c960986203d60d0a9eeb9b5.jpg","keywords":["crash","h\u00e9licopt\u00e8re militaire","Tunisie"],"articleSection":["National"],"inLanguage":"fr-FR"},{"@type":"WebPage","@id":"https:\/\/www.webdo.tn\/fr\/actualite\/national\/crash-d-un-helicoptere-militaire-saied-appelle-a-moderniser-les-equipements-de-l-armee\/206461\/","url":"https:\/\/www.webdo.tn\/fr\/actualite\/national\/crash-d-un-helicoptere-militaire-saied-appelle-a-moderniser-les-equipements-de-l-armee\/206461\/","name":"Crash d'un h\u00e9licopt\u00e8re : Saied appelle \u00e0 moderniser les \u00e9quipements de l\u2019Arm\u00e9e","isPartOf":{"@id":"https:\/\/www.webdo.tn\/fr\/#website"},"primaryImageOfPage":{"@id":"https:\/\/www.webdo.tn\/fr\/actualite\/national\/crash-d-un-helicoptere-militaire-saied-appelle-a-moderniser-les-equipements-de-l-armee\/206461\/#primaryimage"},"image":{"@id":"https:\/\/www.webdo.tn\/fr\/actualite\/national\/crash-d-un-helicoptere-militaire-saied-appelle-a-moderniser-les-equipements-de-l-armee\/206461\/#primaryimage"},"thumbnailUrl":"https:\/\/www.webdo.tn\/fr\/wp-content\/uploads\/2023\/06\/4eff0d9e8c960986203d60d0a9eeb9b5.jpg","datePublished":"2023-06-09T08:18:00+00:00","dateModified":"2025-05-20T22:42:50+00:00","description":"Le crash d'un h\u00e9licopt\u00e8re militaire survenu, mercredi soir, qui a co\u00fbt\u00e9 la vie \u00e0 quatre soldats de l'arm\u00e9e nationale a \u00e9t\u00e9 au centre d'une r\u00e9union, jeudi, au Pa...","breadcrumb":{"@id":"https:\/\/www.webdo.tn\/fr\/actualite\/national\/crash-d-un-helicoptere-militaire-saied-appelle-a-moderniser-les-equipements-de-l-armee\/206461\/#breadcrumb"},"inLanguage":"fr-FR","potentialAction":[{"@type":"ReadAction","target":["https:\/\/www.webdo.tn\/fr\/actualite\/national\/crash-d-un-helicoptere-militaire-saied-appelle-a-moderniser-les-equipements-de-l-armee\/206461\/"]}]},{"@type":"ImageObject","inLanguage":"fr-FR","@id":"https:\/\/www.webdo.tn\/fr\/actualite\/national\/crash-d-un-helicoptere-militaire-saied-appelle-a-moderniser-les-equipements-de-l-armee\/206461\/#primaryimage","url":"https:\/\/www.webdo.tn\/fr\/wp-content\/uploads\/2023\/06\/4eff0d9e8c960986203d60d0a9eeb9b5.jpg","contentUrl":"https:\/\/www.webdo.tn\/fr\/wp-content\/uploads\/2023\/06\/4eff0d9e8c960986203d60d0a9eeb9b5.jpg","width":750,"height":400,"caption":"Crash d'un h\u00e9licopt\u00e8re : Saied appelle \u00e0 moderniser les \u00e9quipements de l\u2019Arm\u00e9e"},{"@type":"BreadcrumbList","@id":"https:\/\/www.webdo.tn\/fr\/actualite\/national\/crash-d-un-helicoptere-militaire-saied-appelle-a-moderniser-les-equipements-de-l-armee\/206461\/#breadcrumb","itemListElement":[{"@type":"ListItem","position":1,"name":"Accueil","item":"https:\/\/www.webdo.tn\/fr\/"},{"@type":"ListItem","position":2,"name":"Crash d&#8217;un h\u00e9licopt\u00e8re : Saied appelle \u00e0 moderniser les \u00e9quipements de l\u2019Arm\u00e9e"}]},{"@type":"WebSite","@id":"https:\/\/www.webdo.tn\/fr\/#website","url":"https:\/\/www.webdo.tn\/fr\/","name":"webdo","description":"Tunisie - News en Tunisie et \u00e0 l&#039;international sur Webdo.tn","publisher":{"@id":"https:\/\/www.webdo.tn\/fr\/#organization"},"potentialAction":[{"@type":"SearchAction","target":{"@type":"EntryPoint","urlTemplate":"https:\/\/www.webdo.tn\/fr\/?s={search_term_string}"},"query-input":{"@type":"PropertyValueSpecification","valueRequired":true,"valueName":"search_term_string"}}],"inLanguage":"fr-FR"},{"@type":"Organization","@id":"https:\/\/www.webdo.tn\/fr\/#organization","name":"Webdo","alternateName":"Webdo.tn","url":"https:\/\/www.webdo.tn\/fr\/","logo":{"@type":"ImageObject","inLanguage":"fr-FR","@id":"https:\/\/www.webdo.tn\/fr\/#\/schema\/logo\/image\/","url":"https:\/\/www.webdo.tn\/fr\/wp-content\/uploads\/2025\/06\/Webdo-Tunisie_168377.jpg","contentUrl":"https:\/\/www.webdo.tn\/fr\/wp-content\/uploads\/2025\/06\/Webdo-Tunisie_168377.jpg","width":301,"height":301,"caption":"Webdo"},"image":{"@id":"https:\/\/www.webdo.tn\/fr\/#\/schema\/logo\/image\/"},"sameAs":["https:\/\/www.facebook.com\/webdotn","https:\/\/x.com\/webdo_tn"],"description":"Webdo est un m\u00e9dia num\u00e9rique tunisien fond\u00e9 en 2010, sp\u00e9cialis\u00e9 dans l\u2019actualit\u00e9 nationale et internationale, l\u2019\u00e9conomie, la soci\u00e9t\u00e9 et les analyses politiques. Le site s\u2019adresse \u00e0 un large public francophone et couvre l\u2019information tunisienne en temps r\u00e9el.","email":"redac@webdo.tn","legalName":"YNJ SARL","foundingDate":"2010-09-06","numberOfEmployees":{"@type":"QuantitativeValue","minValue":"11","maxValue":"50"}},{"@type":"Person","@id":"https:\/\/www.webdo.tn\/fr\/#\/schema\/person\/f35b42a42c5e2511bbd282959d6385cc","name":"CL","image":{"@type":"ImageObject","inLanguage":"fr-FR","@id":"https:\/\/secure.gravatar.com\/avatar\/1447a49909b67aa657c488aec6512e1dd6143a480c1ecfee9b5b5cd74eb3b59e?s=96&d=mm&r=g","url":"https:\/\/secure.gravatar.com\/avatar\/1447a49909b67aa657c488aec6512e1dd6143a480c1ecfee9b5b5cd74eb3b59e?s=96&d=mm&r=g","contentUrl":"https:\/\/secure.gravatar.com\/avatar\/1447a49909b67aa657c488aec6512e1dd6143a480c1ecfee9b5b5cd74eb3b59e?s=96&d=mm&r=g","caption":"CL"},"url":"https:\/\/www.webdo.tn\/fr\/actualite\/author\/cl\/"}]}},"_links":{"self":[{"href":"https:\/\/www.webdo.tn\/fr\/wp-json\/wp\/v2\/posts\/206461","targetHints":{"allow":["GET"]}}],"collection":[{"href":"https:\/\/www.webdo.tn\/fr\/wp-json\/wp\/v2\/posts"}],"about":[{"href":"https:\/\/www.webdo.tn\/fr\/wp-json\/wp\/v2\/types\/post"}],"author":[{"embeddable":true,"href":"https:\/\/www.webdo.tn\/fr\/wp-json\/wp\/v2\/users\/3175"}],"replies":[{"embeddable":true,"href":"https:\/\/www.webdo.tn\/fr\/wp-json\/wp\/v2\/comments?post=206461"}],"version-history":[{"count":0,"href":"https:\/\/www.webdo.tn\/fr\/wp-json\/wp\/v2\/posts\/206461\/revisions"}],"wp:featuredmedia":[{"embeddable":true,"href":"https:\/\/www.webdo.tn\/fr\/wp-json\/wp\/v2\/media\/250902"}],"wp:attachment":[{"href":"https:\/\/www.webdo.tn\/fr\/wp-json\/wp\/v2\/media?parent=206461"}],"wp:term":[{"taxonomy":"category","embeddable":true,"href":"https:\/\/www.webdo.tn\/fr\/wp-json\/wp\/v2\/categories?post=206461"},{"taxonomy":"post_tag","embeddable":true,"href":"https:\/\/www.webdo.tn\/fr\/wp-json\/wp\/v2\/tags?post=206461"}],"curies":[{"name":"wp","href":"https:\/\/api.w.org\/{rel}","templated":true}]}}