{"id":206452,"date":"2023-06-08T19:55:00","date_gmt":"2023-06-08T19:55:00","guid":{"rendered":"https:\/\/www.webdo.tn\/fr\/blog\/arp-adoption-du-projet-de-loi-relatif-a-la-creation-de-l-agence-nationale-des-medicaments\/206452\/"},"modified":"2025-05-20T22:50:35","modified_gmt":"2025-05-20T22:50:35","slug":"arp-adoption-du-projet-de-loi-relatif-a-la-creation-de-l-agence-nationale-des-medicaments","status":"publish","type":"post","link":"https:\/\/www.webdo.tn\/fr\/actualite\/national\/arp-adoption-du-projet-de-loi-relatif-a-la-creation-de-l-agence-nationale-des-medicaments\/206452\/","title":{"rendered":"ARP : Adoption du projet de loi relatif \u00e0 la cr\u00e9ation de l&rsquo;agence nationale des m\u00e9dicaments"},"content":{"rendered":"<p>La commission de la sant\u00e9, des affaires de la femme, de la famille, des affaires sociales et des handicap\u00e9s a adopt\u00e9 jeudi le projet de loi relatif \u00e0 la cr\u00e9ation de l&rsquo;agence nationale des m\u00e9dicaments et des produits de sant\u00e9, apr\u00e8s une s\u00e9ance d&rsquo;audition avec les repr\u00e9sentants du minist\u00e8re de la sant\u00e9.<\/p>\n<p>\t\t\t\t\t\t\t\t\tCe projet de loi a \u00e9t\u00e9 adopt\u00e9 apr\u00e8s modification de l&rsquo;article 15 qui, dans sa version actuelle, stipule l&rsquo;annulation progressivement de toutes les dispositions pr\u00e9c\u00e9dentes contraires \u00e0 cette loi, dans un d\u00e9lai ne d\u00e9passant pas 3 ans au lieu de 5 ans.<br \/>\nAu cours du d\u00e9bat, les membres de la commission ont affirm\u00e9 que ce projet de loi doit mentionner l&rsquo;obligation de l&rsquo;agence \u00e0 assurer la r\u00e9partition \u00e9quitable des m\u00e9dicaments dans les r\u00e9gions.<\/p>\n<p>Des membres de la commission ont \u00e9voqu\u00e9 la n\u00e9cessit\u00e9 de doter l&rsquo;agence des m\u00e9dicaments de l&rsquo;autonomie administrative et financi\u00e8re afin qu&rsquo;elle accomplisse sa mission dans les meilleures conditions.<\/p>\n<p>Ils ont appel\u00e9 au renforcement du r\u00f4le de contr\u00f4le de l&rsquo;agence en vue de r\u00e9duire les d\u00e9passements et abus li\u00e9s \u00e0 la distribution des m\u00e9dicaments et encourager le produit national dans le secteur des industries pharmaceutiques.<\/p>\n<p>De leur cot\u00e9, les repr\u00e9sentants du minist\u00e8re de la sant\u00e9 ont indiqu\u00e9 que ce projet de loi s&rsquo;inscrit dans le cadre de la r\u00e9forme du secteur des m\u00e9dicaments en g\u00e9n\u00e9ral et la promotion du cadre l\u00e9gislatif relatif \u00e0 la protection du consommateur et la s\u00e9curit\u00e9 des produits commercialis\u00e9s.<\/p>\n","protected":false},"excerpt":{"rendered":"<p>La commission de la sant\u00e9, des affaires de la femme, de la famille, des affaires sociales et des handicap\u00e9s a adopt\u00e9 jeudi le projet de loi relatif \u00e0 la cr\u00e9atio&#8230;<\/p>\n","protected":false},"author":3175,"featured_media":278325,"comment_status":"open","ping_status":"closed","sticky":false,"template":"","format":"standard","meta":{"footnotes":""},"categories":[44],"tags":[2813,3479,2608],"class_list":["post-206452","post","type-post","status-publish","format-standard","has-post-thumbnail","hentry","category-national","tag-arp","tag-medicaments","tag-tunisie"],"yoast_head":"<!-- This site is optimized with the Yoast SEO Premium plugin v27.4 (Yoast SEO v27.5) - https:\/\/yoast.com\/product\/yoast-seo-premium-wordpress\/ -->\n<title>ARP : Adoption du projet de loi relatif \u00e0 la cr\u00e9ation de l&#039;agence nationale des m\u00e9dicaments<\/title>\n<meta name=\"description\" content=\"La commission de la sant\u00e9, des affaires de la femme, de la famille, des affaires sociales et des handicap\u00e9s a adopt\u00e9 jeudi le projet de loi relatif \u00e0 la cr\u00e9atio...\" \/>\n<link rel=\"canonical\" href=\"https:\/\/www.webdo.tn\/fr\/actualite\/national\/arp-adoption-du-projet-de-loi-relatif-a-la-creation-de-l-agence-nationale-des-medicaments\/206452\/\" \/>\n<meta property=\"og:locale\" content=\"fr_FR\" \/>\n<meta property=\"og:type\" content=\"article\" \/>\n<meta property=\"og:title\" content=\"ARP : Adoption du projet de loi relatif \u00e0 la cr\u00e9ation de l&#039;agence nationale des m\u00e9dicaments\" \/>\n<meta property=\"og:description\" content=\"La commission de la sant\u00e9, des affaires de la femme, de la famille, des affaires sociales et des handicap\u00e9s a adopt\u00e9 jeudi le projet de loi relatif \u00e0 la cr\u00e9atio...\" \/>\n<meta property=\"og:url\" content=\"https:\/\/www.webdo.tn\/fr\/actualite\/national\/arp-adoption-du-projet-de-loi-relatif-a-la-creation-de-l-agence-nationale-des-medicaments\/206452\/\" \/>\n<meta property=\"og:site_name\" content=\"webdo\" \/>\n<meta property=\"article:publisher\" content=\"https:\/\/www.facebook.com\/webdotn\" \/>\n<meta property=\"article:published_time\" content=\"2023-06-08T19:55:00+00:00\" \/>\n<meta property=\"article:modified_time\" content=\"2025-05-20T22:50:35+00:00\" \/>\n<meta property=\"og:image\" content=\"https:\/\/www.webdo.tn\/fr\/wp-content\/uploads\/2023\/06\/0b8bfcd7f526d29684518b83352b55aa.jpg\" \/>\n\t<meta property=\"og:image:width\" content=\"750\" \/>\n\t<meta property=\"og:image:height\" content=\"400\" \/>\n\t<meta property=\"og:image:type\" content=\"image\/jpeg\" \/>\n<meta name=\"author\" content=\"CL\" \/>\n<meta name=\"twitter:card\" content=\"summary_large_image\" \/>\n<meta name=\"twitter:creator\" content=\"@webdo_tn\" \/>\n<meta name=\"twitter:site\" content=\"@webdo_tn\" \/>\n<meta name=\"twitter:label1\" content=\"\u00c9crit par\" \/>\n\t<meta name=\"twitter:data1\" content=\"CL\" \/>\n\t<meta name=\"twitter:label2\" content=\"Dur\u00e9e de lecture estim\u00e9e\" \/>\n\t<meta name=\"twitter:data2\" content=\"1 minute\" \/>\n<script type=\"application\/ld+json\" class=\"yoast-schema-graph\">{\"@context\":\"https:\\\/\\\/schema.org\",\"@graph\":[{\"@type\":\"NewsArticle\",\"@id\":\"https:\\\/\\\/www.webdo.tn\\\/fr\\\/actualite\\\/national\\\/arp-adoption-du-projet-de-loi-relatif-a-la-creation-de-l-agence-nationale-des-medicaments\\\/206452\\\/#article\",\"isPartOf\":{\"@id\":\"https:\\\/\\\/www.webdo.tn\\\/fr\\\/actualite\\\/national\\\/arp-adoption-du-projet-de-loi-relatif-a-la-creation-de-l-agence-nationale-des-medicaments\\\/206452\\\/\"},\"author\":{\"name\":\"CL\",\"@id\":\"https:\\\/\\\/www.webdo.tn\\\/fr\\\/#\\\/schema\\\/person\\\/f35b42a42c5e2511bbd282959d6385cc\"},\"headline\":\"ARP : Adoption du projet de loi relatif \u00e0 la cr\u00e9ation de l&rsquo;agence nationale des m\u00e9dicaments\",\"datePublished\":\"2023-06-08T19:55:00+00:00\",\"dateModified\":\"2025-05-20T22:50:35+00:00\",\"mainEntityOfPage\":{\"@id\":\"https:\\\/\\\/www.webdo.tn\\\/fr\\\/actualite\\\/national\\\/arp-adoption-du-projet-de-loi-relatif-a-la-creation-de-l-agence-nationale-des-medicaments\\\/206452\\\/\"},\"wordCount\":291,\"commentCount\":0,\"publisher\":{\"@id\":\"https:\\\/\\\/www.webdo.tn\\\/fr\\\/#organization\"},\"image\":{\"@id\":\"https:\\\/\\\/www.webdo.tn\\\/fr\\\/actualite\\\/national\\\/arp-adoption-du-projet-de-loi-relatif-a-la-creation-de-l-agence-nationale-des-medicaments\\\/206452\\\/#primaryimage\"},\"thumbnailUrl\":\"https:\\\/\\\/www.webdo.tn\\\/fr\\\/wp-content\\\/uploads\\\/2023\\\/06\\\/0b8bfcd7f526d29684518b83352b55aa.jpg\",\"keywords\":[\"ARP\",\"m\u00e9dicaments\",\"Tunisie\"],\"articleSection\":[\"National\"],\"inLanguage\":\"fr-FR\"},{\"@type\":\"WebPage\",\"@id\":\"https:\\\/\\\/www.webdo.tn\\\/fr\\\/actualite\\\/national\\\/arp-adoption-du-projet-de-loi-relatif-a-la-creation-de-l-agence-nationale-des-medicaments\\\/206452\\\/\",\"url\":\"https:\\\/\\\/www.webdo.tn\\\/fr\\\/actualite\\\/national\\\/arp-adoption-du-projet-de-loi-relatif-a-la-creation-de-l-agence-nationale-des-medicaments\\\/206452\\\/\",\"name\":\"ARP : Adoption du projet de loi relatif \u00e0 la cr\u00e9ation de l'agence nationale des m\u00e9dicaments\",\"isPartOf\":{\"@id\":\"https:\\\/\\\/www.webdo.tn\\\/fr\\\/#website\"},\"primaryImageOfPage\":{\"@id\":\"https:\\\/\\\/www.webdo.tn\\\/fr\\\/actualite\\\/national\\\/arp-adoption-du-projet-de-loi-relatif-a-la-creation-de-l-agence-nationale-des-medicaments\\\/206452\\\/#primaryimage\"},\"image\":{\"@id\":\"https:\\\/\\\/www.webdo.tn\\\/fr\\\/actualite\\\/national\\\/arp-adoption-du-projet-de-loi-relatif-a-la-creation-de-l-agence-nationale-des-medicaments\\\/206452\\\/#primaryimage\"},\"thumbnailUrl\":\"https:\\\/\\\/www.webdo.tn\\\/fr\\\/wp-content\\\/uploads\\\/2023\\\/06\\\/0b8bfcd7f526d29684518b83352b55aa.jpg\",\"datePublished\":\"2023-06-08T19:55:00+00:00\",\"dateModified\":\"2025-05-20T22:50:35+00:00\",\"description\":\"La commission de la sant\u00e9, des affaires de la femme, de la famille, des affaires sociales et des handicap\u00e9s a adopt\u00e9 jeudi le projet de loi relatif \u00e0 la cr\u00e9atio...\",\"breadcrumb\":{\"@id\":\"https:\\\/\\\/www.webdo.tn\\\/fr\\\/actualite\\\/national\\\/arp-adoption-du-projet-de-loi-relatif-a-la-creation-de-l-agence-nationale-des-medicaments\\\/206452\\\/#breadcrumb\"},\"inLanguage\":\"fr-FR\",\"potentialAction\":[{\"@type\":\"ReadAction\",\"target\":[\"https:\\\/\\\/www.webdo.tn\\\/fr\\\/actualite\\\/national\\\/arp-adoption-du-projet-de-loi-relatif-a-la-creation-de-l-agence-nationale-des-medicaments\\\/206452\\\/\"]}]},{\"@type\":\"ImageObject\",\"inLanguage\":\"fr-FR\",\"@id\":\"https:\\\/\\\/www.webdo.tn\\\/fr\\\/actualite\\\/national\\\/arp-adoption-du-projet-de-loi-relatif-a-la-creation-de-l-agence-nationale-des-medicaments\\\/206452\\\/#primaryimage\",\"url\":\"https:\\\/\\\/www.webdo.tn\\\/fr\\\/wp-content\\\/uploads\\\/2023\\\/06\\\/0b8bfcd7f526d29684518b83352b55aa.jpg\",\"contentUrl\":\"https:\\\/\\\/www.webdo.tn\\\/fr\\\/wp-content\\\/uploads\\\/2023\\\/06\\\/0b8bfcd7f526d29684518b83352b55aa.jpg\",\"width\":750,\"height\":400,\"caption\":\"ARP : Adoption du projet de loi relatif \u00e0 la cr\u00e9ation de l'agence nationale des m\u00e9dicaments\"},{\"@type\":\"BreadcrumbList\",\"@id\":\"https:\\\/\\\/www.webdo.tn\\\/fr\\\/actualite\\\/national\\\/arp-adoption-du-projet-de-loi-relatif-a-la-creation-de-l-agence-nationale-des-medicaments\\\/206452\\\/#breadcrumb\",\"itemListElement\":[{\"@type\":\"ListItem\",\"position\":1,\"name\":\"Accueil\",\"item\":\"https:\\\/\\\/www.webdo.tn\\\/fr\\\/\"},{\"@type\":\"ListItem\",\"position\":2,\"name\":\"ARP : Adoption du projet de loi relatif \u00e0 la cr\u00e9ation de l&rsquo;agence nationale des m\u00e9dicaments\"}]},{\"@type\":\"WebSite\",\"@id\":\"https:\\\/\\\/www.webdo.tn\\\/fr\\\/#website\",\"url\":\"https:\\\/\\\/www.webdo.tn\\\/fr\\\/\",\"name\":\"webdo\",\"description\":\"Tunisie - News en Tunisie et \u00e0 l&#039;international sur Webdo.tn\",\"publisher\":{\"@id\":\"https:\\\/\\\/www.webdo.tn\\\/fr\\\/#organization\"},\"potentialAction\":[{\"@type\":\"SearchAction\",\"target\":{\"@type\":\"EntryPoint\",\"urlTemplate\":\"https:\\\/\\\/www.webdo.tn\\\/fr\\\/?s={search_term_string}\"},\"query-input\":{\"@type\":\"PropertyValueSpecification\",\"valueRequired\":true,\"valueName\":\"search_term_string\"}}],\"inLanguage\":\"fr-FR\"},{\"@type\":\"Organization\",\"@id\":\"https:\\\/\\\/www.webdo.tn\\\/fr\\\/#organization\",\"name\":\"Webdo\",\"alternateName\":\"Webdo.tn\",\"url\":\"https:\\\/\\\/www.webdo.tn\\\/fr\\\/\",\"logo\":{\"@type\":\"ImageObject\",\"inLanguage\":\"fr-FR\",\"@id\":\"https:\\\/\\\/www.webdo.tn\\\/fr\\\/#\\\/schema\\\/logo\\\/image\\\/\",\"url\":\"https:\\\/\\\/www.webdo.tn\\\/fr\\\/wp-content\\\/uploads\\\/2025\\\/06\\\/Webdo-Tunisie_168377.jpg\",\"contentUrl\":\"https:\\\/\\\/www.webdo.tn\\\/fr\\\/wp-content\\\/uploads\\\/2025\\\/06\\\/Webdo-Tunisie_168377.jpg\",\"width\":301,\"height\":301,\"caption\":\"Webdo\"},\"image\":{\"@id\":\"https:\\\/\\\/www.webdo.tn\\\/fr\\\/#\\\/schema\\\/logo\\\/image\\\/\"},\"sameAs\":[\"https:\\\/\\\/www.facebook.com\\\/webdotn\",\"https:\\\/\\\/x.com\\\/webdo_tn\"],\"description\":\"Webdo est un m\u00e9dia num\u00e9rique tunisien fond\u00e9 en 2010, sp\u00e9cialis\u00e9 dans l\u2019actualit\u00e9 nationale et internationale, l\u2019\u00e9conomie, la soci\u00e9t\u00e9 et les analyses politiques. Le site s\u2019adresse \u00e0 un large public francophone et couvre l\u2019information tunisienne en temps r\u00e9el.\",\"email\":\"redac@webdo.tn\",\"legalName\":\"YNJ SARL\",\"foundingDate\":\"2010-09-06\",\"numberOfEmployees\":{\"@type\":\"QuantitativeValue\",\"minValue\":\"11\",\"maxValue\":\"50\"}},{\"@type\":\"Person\",\"@id\":\"https:\\\/\\\/www.webdo.tn\\\/fr\\\/#\\\/schema\\\/person\\\/f35b42a42c5e2511bbd282959d6385cc\",\"name\":\"CL\",\"image\":{\"@type\":\"ImageObject\",\"inLanguage\":\"fr-FR\",\"@id\":\"https:\\\/\\\/secure.gravatar.com\\\/avatar\\\/1447a49909b67aa657c488aec6512e1dd6143a480c1ecfee9b5b5cd74eb3b59e?s=96&d=mm&r=g\",\"url\":\"https:\\\/\\\/secure.gravatar.com\\\/avatar\\\/1447a49909b67aa657c488aec6512e1dd6143a480c1ecfee9b5b5cd74eb3b59e?s=96&d=mm&r=g\",\"contentUrl\":\"https:\\\/\\\/secure.gravatar.com\\\/avatar\\\/1447a49909b67aa657c488aec6512e1dd6143a480c1ecfee9b5b5cd74eb3b59e?s=96&d=mm&r=g\",\"caption\":\"CL\"},\"url\":\"https:\\\/\\\/www.webdo.tn\\\/fr\\\/actualite\\\/author\\\/cl\\\/\"}]}<\/script>\n<!-- \/ Yoast SEO Premium plugin. -->","yoast_head_json":{"title":"ARP : Adoption du projet de loi relatif \u00e0 la cr\u00e9ation de l'agence nationale des m\u00e9dicaments","description":"La commission de la sant\u00e9, des affaires de la femme, de la famille, des affaires sociales et des handicap\u00e9s a adopt\u00e9 jeudi le projet de loi relatif \u00e0 la cr\u00e9atio...","canonical":"https:\/\/www.webdo.tn\/fr\/actualite\/national\/arp-adoption-du-projet-de-loi-relatif-a-la-creation-de-l-agence-nationale-des-medicaments\/206452\/","og_locale":"fr_FR","og_type":"article","og_title":"ARP : Adoption du projet de loi relatif \u00e0 la cr\u00e9ation de l'agence nationale des m\u00e9dicaments","og_description":"La commission de la sant\u00e9, des affaires de la femme, de la famille, des affaires sociales et des handicap\u00e9s a adopt\u00e9 jeudi le projet de loi relatif \u00e0 la cr\u00e9atio...","og_url":"https:\/\/www.webdo.tn\/fr\/actualite\/national\/arp-adoption-du-projet-de-loi-relatif-a-la-creation-de-l-agence-nationale-des-medicaments\/206452\/","og_site_name":"webdo","article_publisher":"https:\/\/www.facebook.com\/webdotn","article_published_time":"2023-06-08T19:55:00+00:00","article_modified_time":"2025-05-20T22:50:35+00:00","og_image":[{"width":750,"height":400,"url":"https:\/\/www.webdo.tn\/fr\/wp-content\/uploads\/2023\/06\/0b8bfcd7f526d29684518b83352b55aa.jpg","type":"image\/jpeg"}],"author":"CL","twitter_card":"summary_large_image","twitter_creator":"@webdo_tn","twitter_site":"@webdo_tn","twitter_misc":{"\u00c9crit par":"CL","Dur\u00e9e de lecture estim\u00e9e":"1 minute"},"schema":{"@context":"https:\/\/schema.org","@graph":[{"@type":"NewsArticle","@id":"https:\/\/www.webdo.tn\/fr\/actualite\/national\/arp-adoption-du-projet-de-loi-relatif-a-la-creation-de-l-agence-nationale-des-medicaments\/206452\/#article","isPartOf":{"@id":"https:\/\/www.webdo.tn\/fr\/actualite\/national\/arp-adoption-du-projet-de-loi-relatif-a-la-creation-de-l-agence-nationale-des-medicaments\/206452\/"},"author":{"name":"CL","@id":"https:\/\/www.webdo.tn\/fr\/#\/schema\/person\/f35b42a42c5e2511bbd282959d6385cc"},"headline":"ARP : Adoption du projet de loi relatif \u00e0 la cr\u00e9ation de l&rsquo;agence nationale des m\u00e9dicaments","datePublished":"2023-06-08T19:55:00+00:00","dateModified":"2025-05-20T22:50:35+00:00","mainEntityOfPage":{"@id":"https:\/\/www.webdo.tn\/fr\/actualite\/national\/arp-adoption-du-projet-de-loi-relatif-a-la-creation-de-l-agence-nationale-des-medicaments\/206452\/"},"wordCount":291,"commentCount":0,"publisher":{"@id":"https:\/\/www.webdo.tn\/fr\/#organization"},"image":{"@id":"https:\/\/www.webdo.tn\/fr\/actualite\/national\/arp-adoption-du-projet-de-loi-relatif-a-la-creation-de-l-agence-nationale-des-medicaments\/206452\/#primaryimage"},"thumbnailUrl":"https:\/\/www.webdo.tn\/fr\/wp-content\/uploads\/2023\/06\/0b8bfcd7f526d29684518b83352b55aa.jpg","keywords":["ARP","m\u00e9dicaments","Tunisie"],"articleSection":["National"],"inLanguage":"fr-FR"},{"@type":"WebPage","@id":"https:\/\/www.webdo.tn\/fr\/actualite\/national\/arp-adoption-du-projet-de-loi-relatif-a-la-creation-de-l-agence-nationale-des-medicaments\/206452\/","url":"https:\/\/www.webdo.tn\/fr\/actualite\/national\/arp-adoption-du-projet-de-loi-relatif-a-la-creation-de-l-agence-nationale-des-medicaments\/206452\/","name":"ARP : Adoption du projet de loi relatif \u00e0 la cr\u00e9ation de l'agence nationale des m\u00e9dicaments","isPartOf":{"@id":"https:\/\/www.webdo.tn\/fr\/#website"},"primaryImageOfPage":{"@id":"https:\/\/www.webdo.tn\/fr\/actualite\/national\/arp-adoption-du-projet-de-loi-relatif-a-la-creation-de-l-agence-nationale-des-medicaments\/206452\/#primaryimage"},"image":{"@id":"https:\/\/www.webdo.tn\/fr\/actualite\/national\/arp-adoption-du-projet-de-loi-relatif-a-la-creation-de-l-agence-nationale-des-medicaments\/206452\/#primaryimage"},"thumbnailUrl":"https:\/\/www.webdo.tn\/fr\/wp-content\/uploads\/2023\/06\/0b8bfcd7f526d29684518b83352b55aa.jpg","datePublished":"2023-06-08T19:55:00+00:00","dateModified":"2025-05-20T22:50:35+00:00","description":"La commission de la sant\u00e9, des affaires de la femme, de la famille, des affaires sociales et des handicap\u00e9s a adopt\u00e9 jeudi le projet de loi relatif \u00e0 la cr\u00e9atio...","breadcrumb":{"@id":"https:\/\/www.webdo.tn\/fr\/actualite\/national\/arp-adoption-du-projet-de-loi-relatif-a-la-creation-de-l-agence-nationale-des-medicaments\/206452\/#breadcrumb"},"inLanguage":"fr-FR","potentialAction":[{"@type":"ReadAction","target":["https:\/\/www.webdo.tn\/fr\/actualite\/national\/arp-adoption-du-projet-de-loi-relatif-a-la-creation-de-l-agence-nationale-des-medicaments\/206452\/"]}]},{"@type":"ImageObject","inLanguage":"fr-FR","@id":"https:\/\/www.webdo.tn\/fr\/actualite\/national\/arp-adoption-du-projet-de-loi-relatif-a-la-creation-de-l-agence-nationale-des-medicaments\/206452\/#primaryimage","url":"https:\/\/www.webdo.tn\/fr\/wp-content\/uploads\/2023\/06\/0b8bfcd7f526d29684518b83352b55aa.jpg","contentUrl":"https:\/\/www.webdo.tn\/fr\/wp-content\/uploads\/2023\/06\/0b8bfcd7f526d29684518b83352b55aa.jpg","width":750,"height":400,"caption":"ARP : Adoption du projet de loi relatif \u00e0 la cr\u00e9ation de l'agence nationale des m\u00e9dicaments"},{"@type":"BreadcrumbList","@id":"https:\/\/www.webdo.tn\/fr\/actualite\/national\/arp-adoption-du-projet-de-loi-relatif-a-la-creation-de-l-agence-nationale-des-medicaments\/206452\/#breadcrumb","itemListElement":[{"@type":"ListItem","position":1,"name":"Accueil","item":"https:\/\/www.webdo.tn\/fr\/"},{"@type":"ListItem","position":2,"name":"ARP : Adoption du projet de loi relatif \u00e0 la cr\u00e9ation de l&rsquo;agence nationale des m\u00e9dicaments"}]},{"@type":"WebSite","@id":"https:\/\/www.webdo.tn\/fr\/#website","url":"https:\/\/www.webdo.tn\/fr\/","name":"webdo","description":"Tunisie - News en Tunisie et \u00e0 l&#039;international sur Webdo.tn","publisher":{"@id":"https:\/\/www.webdo.tn\/fr\/#organization"},"potentialAction":[{"@type":"SearchAction","target":{"@type":"EntryPoint","urlTemplate":"https:\/\/www.webdo.tn\/fr\/?s={search_term_string}"},"query-input":{"@type":"PropertyValueSpecification","valueRequired":true,"valueName":"search_term_string"}}],"inLanguage":"fr-FR"},{"@type":"Organization","@id":"https:\/\/www.webdo.tn\/fr\/#organization","name":"Webdo","alternateName":"Webdo.tn","url":"https:\/\/www.webdo.tn\/fr\/","logo":{"@type":"ImageObject","inLanguage":"fr-FR","@id":"https:\/\/www.webdo.tn\/fr\/#\/schema\/logo\/image\/","url":"https:\/\/www.webdo.tn\/fr\/wp-content\/uploads\/2025\/06\/Webdo-Tunisie_168377.jpg","contentUrl":"https:\/\/www.webdo.tn\/fr\/wp-content\/uploads\/2025\/06\/Webdo-Tunisie_168377.jpg","width":301,"height":301,"caption":"Webdo"},"image":{"@id":"https:\/\/www.webdo.tn\/fr\/#\/schema\/logo\/image\/"},"sameAs":["https:\/\/www.facebook.com\/webdotn","https:\/\/x.com\/webdo_tn"],"description":"Webdo est un m\u00e9dia num\u00e9rique tunisien fond\u00e9 en 2010, sp\u00e9cialis\u00e9 dans l\u2019actualit\u00e9 nationale et internationale, l\u2019\u00e9conomie, la soci\u00e9t\u00e9 et les analyses politiques. Le site s\u2019adresse \u00e0 un large public francophone et couvre l\u2019information tunisienne en temps r\u00e9el.","email":"redac@webdo.tn","legalName":"YNJ SARL","foundingDate":"2010-09-06","numberOfEmployees":{"@type":"QuantitativeValue","minValue":"11","maxValue":"50"}},{"@type":"Person","@id":"https:\/\/www.webdo.tn\/fr\/#\/schema\/person\/f35b42a42c5e2511bbd282959d6385cc","name":"CL","image":{"@type":"ImageObject","inLanguage":"fr-FR","@id":"https:\/\/secure.gravatar.com\/avatar\/1447a49909b67aa657c488aec6512e1dd6143a480c1ecfee9b5b5cd74eb3b59e?s=96&d=mm&r=g","url":"https:\/\/secure.gravatar.com\/avatar\/1447a49909b67aa657c488aec6512e1dd6143a480c1ecfee9b5b5cd74eb3b59e?s=96&d=mm&r=g","contentUrl":"https:\/\/secure.gravatar.com\/avatar\/1447a49909b67aa657c488aec6512e1dd6143a480c1ecfee9b5b5cd74eb3b59e?s=96&d=mm&r=g","caption":"CL"},"url":"https:\/\/www.webdo.tn\/fr\/actualite\/author\/cl\/"}]}},"_links":{"self":[{"href":"https:\/\/www.webdo.tn\/fr\/wp-json\/wp\/v2\/posts\/206452","targetHints":{"allow":["GET"]}}],"collection":[{"href":"https:\/\/www.webdo.tn\/fr\/wp-json\/wp\/v2\/posts"}],"about":[{"href":"https:\/\/www.webdo.tn\/fr\/wp-json\/wp\/v2\/types\/post"}],"author":[{"embeddable":true,"href":"https:\/\/www.webdo.tn\/fr\/wp-json\/wp\/v2\/users\/3175"}],"replies":[{"embeddable":true,"href":"https:\/\/www.webdo.tn\/fr\/wp-json\/wp\/v2\/comments?post=206452"}],"version-history":[{"count":0,"href":"https:\/\/www.webdo.tn\/fr\/wp-json\/wp\/v2\/posts\/206452\/revisions"}],"wp:featuredmedia":[{"embeddable":true,"href":"https:\/\/www.webdo.tn\/fr\/wp-json\/wp\/v2\/media\/278325"}],"wp:attachment":[{"href":"https:\/\/www.webdo.tn\/fr\/wp-json\/wp\/v2\/media?parent=206452"}],"wp:term":[{"taxonomy":"category","embeddable":true,"href":"https:\/\/www.webdo.tn\/fr\/wp-json\/wp\/v2\/categories?post=206452"},{"taxonomy":"post_tag","embeddable":true,"href":"https:\/\/www.webdo.tn\/fr\/wp-json\/wp\/v2\/tags?post=206452"}],"curies":[{"name":"wp","href":"https:\/\/api.w.org\/{rel}","templated":true}]}}