{"id":206410,"date":"2023-06-07T12:42:00","date_gmt":"2023-06-07T10:42:00","guid":{"rendered":"https:\/\/www.webdo.tn\/fr\/actualite\/sport\/roland-garros-ons-jabeur-eliminee-aux-portes-des-demi-finales\/206410"},"modified":"2023-06-07T12:42:00","modified_gmt":"2023-06-07T10:42:00","slug":"roland-garros-ons-jabeur-eliminee-aux-portes-des-demi-finales","status":"publish","type":"post","link":"https:\/\/www.webdo.tn\/fr\/actualite\/sport\/roland-garros-ons-jabeur-eliminee-aux-portes-des-demi-finales\/206410\/","title":{"rendered":"Roland Garros : Ons Jabeur \u00e9limin\u00e9e aux portes des demi-finales"},"content":{"rendered":"<p>Ons Jabeur a \u00e9t\u00e9 \u00e9limin\u00e9e du tournoi de Roland Garros apr\u00e8s sa d\u00e9faite, aujourd&rsquo;hui, face la Br\u00e9silienne Beatriz Haddad Maia.<\/p>\n<p>\t\t\t\t\t\t\t\t\tLe duel entre Ons Jabeur, 7\u00e8me joueuse mondiale et la Br\u00e9silienne Beatriz Haddad Maia, 14\u00e8me au classement WTA, a \u00e9t\u00e9 intense et jou\u00e9 de bout en bout, ce mercredi 7 juin sur le court Phillipe-Chatrier, dans le cadre des quarts de finale.<\/p>\n<p>C\u2019est finalement Beatriz Haddad Maia qui s\u2019est impos\u00e9e en trois sets (3-6-, 7-6, 6-1).<\/p>\n<p>Le premier set, qui a dur\u00e9 46 minutes, a bien d\u00e9but\u00e9 pour Ons Jabeur. Celle-ci a men\u00e9 jusqu\u2019\u00e0 4-1 pour ensuite l\u00e2cher du lest et laisser les commandes du match \u00e0 son adversaire. La Br\u00e9silienne ne se fait pas prier pour revenir \u00e0 3-5. Dans un sursaut d\u2019orgueil, la Tunisienne reprend les choses en main pour finalement remporter ce premier set 6-3.<\/p>\n<p>Le deuxi\u00e8me set est beaucoup plus \u00e9quilibr\u00e9. Le score reste serr\u00e9 et aucune des deux joueuses ne prend l\u2019avantage jusqu\u2019\u00e0 6-6. Elles vont jusqu\u2019au tie-break que remporte finalement Haddad Maia (7-5) et s\u2019adjuger le deuxi\u00e8me set 7-6 apr\u00e8s 63 minutes de jeu.<\/p>\n<p>Le troisi\u00e8me set a \u00e9t\u00e9 \u00e0 sens unique en faveur de la Br\u00e9silienne qui s\u2019impose 6-1 et remporte ainsi le match.<\/p>\n<p>En demi-finale, Beatriz Haddad Maia affrontera la vainqueur du duel qui doit opposer aujourd\u2019hui, la num\u00e9ro 1 mondiale, la Polonaise Iga Swiatek et l\u2019Am\u00e9ricaine Cori Gauff (6\u00e8me WTA).<\/p>\n","protected":false},"excerpt":{"rendered":"<p>Ons Jabeur a \u00e9t\u00e9 \u00e9limin\u00e9e du tournoi de Roland Garros apr\u00e8s sa d\u00e9faite, aujourd&rsquo;hui, face la Br\u00e9silienne Beatriz Haddad Maia.<\/p>\n","protected":false},"author":3162,"featured_media":370352,"comment_status":"open","ping_status":"open","sticky":false,"template":"","format":"standard","meta":{"footnotes":""},"categories":[2593],"tags":[2604,6366],"class_list":["post-206410","post","type-post","status-publish","format-standard","has-post-thumbnail","hentry","category-sport","tag-ons-jabeur","tag-roland-garros"],"yoast_head":"<!-- This site is optimized with the Yoast SEO Premium plugin v27.4 (Yoast SEO v27.5) - https:\/\/yoast.com\/product\/yoast-seo-premium-wordpress\/ -->\n<title>Roland Garros : Ons Jabeur \u00e9limin\u00e9e aux portes des demi-finales<\/title>\n<meta name=\"description\" content=\"Ons Jabeur a \u00e9t\u00e9 \u00e9limin\u00e9e du tournoi de Roland Garros apr\u00e8s sa d\u00e9faite, aujourd&#039;hui, face la Br\u00e9silienne Beatriz Haddad Maia.\" \/>\n<link rel=\"canonical\" href=\"https:\/\/www.webdo.tn\/fr\/actualite\/sport\/roland-garros-ons-jabeur-eliminee-aux-portes-des-demi-finales\/206410\/\" \/>\n<meta property=\"og:locale\" content=\"fr_FR\" \/>\n<meta property=\"og:type\" content=\"article\" \/>\n<meta property=\"og:title\" content=\"Roland Garros : Ons Jabeur \u00e9limin\u00e9e aux portes des demi-finales\" \/>\n<meta property=\"og:description\" content=\"Ons Jabeur a \u00e9t\u00e9 \u00e9limin\u00e9e du tournoi de Roland Garros apr\u00e8s sa d\u00e9faite, aujourd&#039;hui, face la Br\u00e9silienne Beatriz Haddad Maia.\" \/>\n<meta property=\"og:url\" content=\"https:\/\/www.webdo.tn\/fr\/actualite\/sport\/roland-garros-ons-jabeur-eliminee-aux-portes-des-demi-finales\/206410\/\" \/>\n<meta property=\"og:site_name\" content=\"webdo\" \/>\n<meta property=\"article:publisher\" content=\"https:\/\/www.facebook.com\/webdotn\" \/>\n<meta property=\"article:published_time\" content=\"2023-06-07T10:42:00+00:00\" \/>\n<meta name=\"author\" content=\"MC\" \/>\n<meta name=\"twitter:card\" content=\"summary_large_image\" \/>\n<meta name=\"twitter:creator\" content=\"@webdo_tn\" \/>\n<meta name=\"twitter:site\" content=\"@webdo_tn\" \/>\n<meta name=\"twitter:label1\" content=\"\u00c9crit par\" \/>\n\t<meta name=\"twitter:data1\" content=\"MC\" \/>\n\t<meta name=\"twitter:label2\" content=\"Dur\u00e9e de lecture estim\u00e9e\" \/>\n\t<meta name=\"twitter:data2\" content=\"1 minute\" \/>\n<script type=\"application\/ld+json\" class=\"yoast-schema-graph\">{\"@context\":\"https:\\\/\\\/schema.org\",\"@graph\":[{\"@type\":\"NewsArticle\",\"@id\":\"https:\\\/\\\/www.webdo.tn\\\/fr\\\/actualite\\\/sport\\\/roland-garros-ons-jabeur-eliminee-aux-portes-des-demi-finales\\\/206410\\\/#article\",\"isPartOf\":{\"@id\":\"https:\\\/\\\/www.webdo.tn\\\/fr\\\/actualite\\\/sport\\\/roland-garros-ons-jabeur-eliminee-aux-portes-des-demi-finales\\\/206410\\\/\"},\"author\":{\"name\":\"MC\",\"@id\":\"https:\\\/\\\/www.webdo.tn\\\/fr\\\/#\\\/schema\\\/person\\\/2c4929cbf5a809e3bd38617c6ce150f6\"},\"headline\":\"Roland Garros : Ons Jabeur \u00e9limin\u00e9e aux portes des demi-finales\",\"datePublished\":\"2023-06-07T10:42:00+00:00\",\"mainEntityOfPage\":{\"@id\":\"https:\\\/\\\/www.webdo.tn\\\/fr\\\/actualite\\\/sport\\\/roland-garros-ons-jabeur-eliminee-aux-portes-des-demi-finales\\\/206410\\\/\"},\"wordCount\":259,\"commentCount\":0,\"publisher\":{\"@id\":\"https:\\\/\\\/www.webdo.tn\\\/fr\\\/#organization\"},\"image\":{\"@id\":\"https:\\\/\\\/www.webdo.tn\\\/fr\\\/actualite\\\/sport\\\/roland-garros-ons-jabeur-eliminee-aux-portes-des-demi-finales\\\/206410\\\/#primaryimage\"},\"thumbnailUrl\":\"https:\\\/\\\/www.webdo.tn\\\/fr\\\/wp-content\\\/uploads\\\/2025\\\/06\\\/2b29510ccb963d40852d9812d4574087_206410.jpg\",\"keywords\":[\"Ons Jabeur\",\"roland garros\"],\"articleSection\":[\"Sport\"],\"inLanguage\":\"fr-FR\"},{\"@type\":\"WebPage\",\"@id\":\"https:\\\/\\\/www.webdo.tn\\\/fr\\\/actualite\\\/sport\\\/roland-garros-ons-jabeur-eliminee-aux-portes-des-demi-finales\\\/206410\\\/\",\"url\":\"https:\\\/\\\/www.webdo.tn\\\/fr\\\/actualite\\\/sport\\\/roland-garros-ons-jabeur-eliminee-aux-portes-des-demi-finales\\\/206410\\\/\",\"name\":\"Roland Garros : Ons Jabeur \u00e9limin\u00e9e aux portes des demi-finales\",\"isPartOf\":{\"@id\":\"https:\\\/\\\/www.webdo.tn\\\/fr\\\/#website\"},\"primaryImageOfPage\":{\"@id\":\"https:\\\/\\\/www.webdo.tn\\\/fr\\\/actualite\\\/sport\\\/roland-garros-ons-jabeur-eliminee-aux-portes-des-demi-finales\\\/206410\\\/#primaryimage\"},\"image\":{\"@id\":\"https:\\\/\\\/www.webdo.tn\\\/fr\\\/actualite\\\/sport\\\/roland-garros-ons-jabeur-eliminee-aux-portes-des-demi-finales\\\/206410\\\/#primaryimage\"},\"thumbnailUrl\":\"https:\\\/\\\/www.webdo.tn\\\/fr\\\/wp-content\\\/uploads\\\/2025\\\/06\\\/2b29510ccb963d40852d9812d4574087_206410.jpg\",\"datePublished\":\"2023-06-07T10:42:00+00:00\",\"description\":\"Ons Jabeur a \u00e9t\u00e9 \u00e9limin\u00e9e du tournoi de Roland Garros apr\u00e8s sa d\u00e9faite, aujourd'hui, face la Br\u00e9silienne Beatriz Haddad Maia.\",\"breadcrumb\":{\"@id\":\"https:\\\/\\\/www.webdo.tn\\\/fr\\\/actualite\\\/sport\\\/roland-garros-ons-jabeur-eliminee-aux-portes-des-demi-finales\\\/206410\\\/#breadcrumb\"},\"inLanguage\":\"fr-FR\",\"potentialAction\":[{\"@type\":\"ReadAction\",\"target\":[\"https:\\\/\\\/www.webdo.tn\\\/fr\\\/actualite\\\/sport\\\/roland-garros-ons-jabeur-eliminee-aux-portes-des-demi-finales\\\/206410\\\/\"]}]},{\"@type\":\"ImageObject\",\"inLanguage\":\"fr-FR\",\"@id\":\"https:\\\/\\\/www.webdo.tn\\\/fr\\\/actualite\\\/sport\\\/roland-garros-ons-jabeur-eliminee-aux-portes-des-demi-finales\\\/206410\\\/#primaryimage\",\"url\":\"https:\\\/\\\/www.webdo.tn\\\/fr\\\/wp-content\\\/uploads\\\/2025\\\/06\\\/2b29510ccb963d40852d9812d4574087_206410.jpg\",\"contentUrl\":\"https:\\\/\\\/www.webdo.tn\\\/fr\\\/wp-content\\\/uploads\\\/2025\\\/06\\\/2b29510ccb963d40852d9812d4574087_206410.jpg\",\"width\":750,\"height\":400,\"caption\":\"Roland Garros : Ons Jabeur \u00e9limin\u00e9e aux portes des demi-finales\"},{\"@type\":\"BreadcrumbList\",\"@id\":\"https:\\\/\\\/www.webdo.tn\\\/fr\\\/actualite\\\/sport\\\/roland-garros-ons-jabeur-eliminee-aux-portes-des-demi-finales\\\/206410\\\/#breadcrumb\",\"itemListElement\":[{\"@type\":\"ListItem\",\"position\":1,\"name\":\"Accueil\",\"item\":\"https:\\\/\\\/www.webdo.tn\\\/fr\\\/\"},{\"@type\":\"ListItem\",\"position\":2,\"name\":\"Roland Garros : Ons Jabeur \u00e9limin\u00e9e aux portes des demi-finales\"}]},{\"@type\":\"WebSite\",\"@id\":\"https:\\\/\\\/www.webdo.tn\\\/fr\\\/#website\",\"url\":\"https:\\\/\\\/www.webdo.tn\\\/fr\\\/\",\"name\":\"webdo\",\"description\":\"Tunisie - News en Tunisie et \u00e0 l&#039;international sur Webdo.tn\",\"publisher\":{\"@id\":\"https:\\\/\\\/www.webdo.tn\\\/fr\\\/#organization\"},\"potentialAction\":[{\"@type\":\"SearchAction\",\"target\":{\"@type\":\"EntryPoint\",\"urlTemplate\":\"https:\\\/\\\/www.webdo.tn\\\/fr\\\/?s={search_term_string}\"},\"query-input\":{\"@type\":\"PropertyValueSpecification\",\"valueRequired\":true,\"valueName\":\"search_term_string\"}}],\"inLanguage\":\"fr-FR\"},{\"@type\":\"Organization\",\"@id\":\"https:\\\/\\\/www.webdo.tn\\\/fr\\\/#organization\",\"name\":\"Webdo\",\"alternateName\":\"Webdo.tn\",\"url\":\"https:\\\/\\\/www.webdo.tn\\\/fr\\\/\",\"logo\":{\"@type\":\"ImageObject\",\"inLanguage\":\"fr-FR\",\"@id\":\"https:\\\/\\\/www.webdo.tn\\\/fr\\\/#\\\/schema\\\/logo\\\/image\\\/\",\"url\":\"https:\\\/\\\/www.webdo.tn\\\/fr\\\/wp-content\\\/uploads\\\/2025\\\/06\\\/Webdo-Tunisie_168377.jpg\",\"contentUrl\":\"https:\\\/\\\/www.webdo.tn\\\/fr\\\/wp-content\\\/uploads\\\/2025\\\/06\\\/Webdo-Tunisie_168377.jpg\",\"width\":301,\"height\":301,\"caption\":\"Webdo\"},\"image\":{\"@id\":\"https:\\\/\\\/www.webdo.tn\\\/fr\\\/#\\\/schema\\\/logo\\\/image\\\/\"},\"sameAs\":[\"https:\\\/\\\/www.facebook.com\\\/webdotn\",\"https:\\\/\\\/x.com\\\/webdo_tn\"],\"description\":\"Webdo est un m\u00e9dia num\u00e9rique tunisien fond\u00e9 en 2010, sp\u00e9cialis\u00e9 dans l\u2019actualit\u00e9 nationale et internationale, l\u2019\u00e9conomie, la soci\u00e9t\u00e9 et les analyses politiques. Le site s\u2019adresse \u00e0 un large public francophone et couvre l\u2019information tunisienne en temps r\u00e9el.\",\"email\":\"redac@webdo.tn\",\"legalName\":\"YNJ SARL\",\"foundingDate\":\"2010-09-06\",\"numberOfEmployees\":{\"@type\":\"QuantitativeValue\",\"minValue\":\"11\",\"maxValue\":\"50\"}},{\"@type\":\"Person\",\"@id\":\"https:\\\/\\\/www.webdo.tn\\\/fr\\\/#\\\/schema\\\/person\\\/2c4929cbf5a809e3bd38617c6ce150f6\",\"name\":\"MC\",\"image\":{\"@type\":\"ImageObject\",\"inLanguage\":\"fr-FR\",\"@id\":\"https:\\\/\\\/secure.gravatar.com\\\/avatar\\\/a545bbb6f84efdd5553dbbc2895e3ca8f1d12c5215e00a041c9670b54aa9b18a?s=96&d=mm&r=g\",\"url\":\"https:\\\/\\\/secure.gravatar.com\\\/avatar\\\/a545bbb6f84efdd5553dbbc2895e3ca8f1d12c5215e00a041c9670b54aa9b18a?s=96&d=mm&r=g\",\"contentUrl\":\"https:\\\/\\\/secure.gravatar.com\\\/avatar\\\/a545bbb6f84efdd5553dbbc2895e3ca8f1d12c5215e00a041c9670b54aa9b18a?s=96&d=mm&r=g\",\"caption\":\"MC\"},\"url\":\"https:\\\/\\\/www.webdo.tn\\\/fr\\\/actualite\\\/author\\\/mc\\\/\"}]}<\/script>\n<!-- \/ Yoast SEO Premium plugin. -->","yoast_head_json":{"title":"Roland Garros : Ons Jabeur \u00e9limin\u00e9e aux portes des demi-finales","description":"Ons Jabeur a \u00e9t\u00e9 \u00e9limin\u00e9e du tournoi de Roland Garros apr\u00e8s sa d\u00e9faite, aujourd'hui, face la Br\u00e9silienne Beatriz Haddad Maia.","canonical":"https:\/\/www.webdo.tn\/fr\/actualite\/sport\/roland-garros-ons-jabeur-eliminee-aux-portes-des-demi-finales\/206410\/","og_locale":"fr_FR","og_type":"article","og_title":"Roland Garros : Ons Jabeur \u00e9limin\u00e9e aux portes des demi-finales","og_description":"Ons Jabeur a \u00e9t\u00e9 \u00e9limin\u00e9e du tournoi de Roland Garros apr\u00e8s sa d\u00e9faite, aujourd'hui, face la Br\u00e9silienne Beatriz Haddad Maia.","og_url":"https:\/\/www.webdo.tn\/fr\/actualite\/sport\/roland-garros-ons-jabeur-eliminee-aux-portes-des-demi-finales\/206410\/","og_site_name":"webdo","article_publisher":"https:\/\/www.facebook.com\/webdotn","article_published_time":"2023-06-07T10:42:00+00:00","author":"MC","twitter_card":"summary_large_image","twitter_creator":"@webdo_tn","twitter_site":"@webdo_tn","twitter_misc":{"\u00c9crit par":"MC","Dur\u00e9e de lecture estim\u00e9e":"1 minute"},"schema":{"@context":"https:\/\/schema.org","@graph":[{"@type":"NewsArticle","@id":"https:\/\/www.webdo.tn\/fr\/actualite\/sport\/roland-garros-ons-jabeur-eliminee-aux-portes-des-demi-finales\/206410\/#article","isPartOf":{"@id":"https:\/\/www.webdo.tn\/fr\/actualite\/sport\/roland-garros-ons-jabeur-eliminee-aux-portes-des-demi-finales\/206410\/"},"author":{"name":"MC","@id":"https:\/\/www.webdo.tn\/fr\/#\/schema\/person\/2c4929cbf5a809e3bd38617c6ce150f6"},"headline":"Roland Garros : Ons Jabeur \u00e9limin\u00e9e aux portes des demi-finales","datePublished":"2023-06-07T10:42:00+00:00","mainEntityOfPage":{"@id":"https:\/\/www.webdo.tn\/fr\/actualite\/sport\/roland-garros-ons-jabeur-eliminee-aux-portes-des-demi-finales\/206410\/"},"wordCount":259,"commentCount":0,"publisher":{"@id":"https:\/\/www.webdo.tn\/fr\/#organization"},"image":{"@id":"https:\/\/www.webdo.tn\/fr\/actualite\/sport\/roland-garros-ons-jabeur-eliminee-aux-portes-des-demi-finales\/206410\/#primaryimage"},"thumbnailUrl":"https:\/\/www.webdo.tn\/fr\/wp-content\/uploads\/2025\/06\/2b29510ccb963d40852d9812d4574087_206410.jpg","keywords":["Ons Jabeur","roland garros"],"articleSection":["Sport"],"inLanguage":"fr-FR"},{"@type":"WebPage","@id":"https:\/\/www.webdo.tn\/fr\/actualite\/sport\/roland-garros-ons-jabeur-eliminee-aux-portes-des-demi-finales\/206410\/","url":"https:\/\/www.webdo.tn\/fr\/actualite\/sport\/roland-garros-ons-jabeur-eliminee-aux-portes-des-demi-finales\/206410\/","name":"Roland Garros : Ons Jabeur \u00e9limin\u00e9e aux portes des demi-finales","isPartOf":{"@id":"https:\/\/www.webdo.tn\/fr\/#website"},"primaryImageOfPage":{"@id":"https:\/\/www.webdo.tn\/fr\/actualite\/sport\/roland-garros-ons-jabeur-eliminee-aux-portes-des-demi-finales\/206410\/#primaryimage"},"image":{"@id":"https:\/\/www.webdo.tn\/fr\/actualite\/sport\/roland-garros-ons-jabeur-eliminee-aux-portes-des-demi-finales\/206410\/#primaryimage"},"thumbnailUrl":"https:\/\/www.webdo.tn\/fr\/wp-content\/uploads\/2025\/06\/2b29510ccb963d40852d9812d4574087_206410.jpg","datePublished":"2023-06-07T10:42:00+00:00","description":"Ons Jabeur a \u00e9t\u00e9 \u00e9limin\u00e9e du tournoi de Roland Garros apr\u00e8s sa d\u00e9faite, aujourd'hui, face la Br\u00e9silienne Beatriz Haddad Maia.","breadcrumb":{"@id":"https:\/\/www.webdo.tn\/fr\/actualite\/sport\/roland-garros-ons-jabeur-eliminee-aux-portes-des-demi-finales\/206410\/#breadcrumb"},"inLanguage":"fr-FR","potentialAction":[{"@type":"ReadAction","target":["https:\/\/www.webdo.tn\/fr\/actualite\/sport\/roland-garros-ons-jabeur-eliminee-aux-portes-des-demi-finales\/206410\/"]}]},{"@type":"ImageObject","inLanguage":"fr-FR","@id":"https:\/\/www.webdo.tn\/fr\/actualite\/sport\/roland-garros-ons-jabeur-eliminee-aux-portes-des-demi-finales\/206410\/#primaryimage","url":"https:\/\/www.webdo.tn\/fr\/wp-content\/uploads\/2025\/06\/2b29510ccb963d40852d9812d4574087_206410.jpg","contentUrl":"https:\/\/www.webdo.tn\/fr\/wp-content\/uploads\/2025\/06\/2b29510ccb963d40852d9812d4574087_206410.jpg","width":750,"height":400,"caption":"Roland Garros : Ons Jabeur \u00e9limin\u00e9e aux portes des demi-finales"},{"@type":"BreadcrumbList","@id":"https:\/\/www.webdo.tn\/fr\/actualite\/sport\/roland-garros-ons-jabeur-eliminee-aux-portes-des-demi-finales\/206410\/#breadcrumb","itemListElement":[{"@type":"ListItem","position":1,"name":"Accueil","item":"https:\/\/www.webdo.tn\/fr\/"},{"@type":"ListItem","position":2,"name":"Roland Garros : Ons Jabeur \u00e9limin\u00e9e aux portes des demi-finales"}]},{"@type":"WebSite","@id":"https:\/\/www.webdo.tn\/fr\/#website","url":"https:\/\/www.webdo.tn\/fr\/","name":"webdo","description":"Tunisie - News en Tunisie et \u00e0 l&#039;international sur Webdo.tn","publisher":{"@id":"https:\/\/www.webdo.tn\/fr\/#organization"},"potentialAction":[{"@type":"SearchAction","target":{"@type":"EntryPoint","urlTemplate":"https:\/\/www.webdo.tn\/fr\/?s={search_term_string}"},"query-input":{"@type":"PropertyValueSpecification","valueRequired":true,"valueName":"search_term_string"}}],"inLanguage":"fr-FR"},{"@type":"Organization","@id":"https:\/\/www.webdo.tn\/fr\/#organization","name":"Webdo","alternateName":"Webdo.tn","url":"https:\/\/www.webdo.tn\/fr\/","logo":{"@type":"ImageObject","inLanguage":"fr-FR","@id":"https:\/\/www.webdo.tn\/fr\/#\/schema\/logo\/image\/","url":"https:\/\/www.webdo.tn\/fr\/wp-content\/uploads\/2025\/06\/Webdo-Tunisie_168377.jpg","contentUrl":"https:\/\/www.webdo.tn\/fr\/wp-content\/uploads\/2025\/06\/Webdo-Tunisie_168377.jpg","width":301,"height":301,"caption":"Webdo"},"image":{"@id":"https:\/\/www.webdo.tn\/fr\/#\/schema\/logo\/image\/"},"sameAs":["https:\/\/www.facebook.com\/webdotn","https:\/\/x.com\/webdo_tn"],"description":"Webdo est un m\u00e9dia num\u00e9rique tunisien fond\u00e9 en 2010, sp\u00e9cialis\u00e9 dans l\u2019actualit\u00e9 nationale et internationale, l\u2019\u00e9conomie, la soci\u00e9t\u00e9 et les analyses politiques. Le site s\u2019adresse \u00e0 un large public francophone et couvre l\u2019information tunisienne en temps r\u00e9el.","email":"redac@webdo.tn","legalName":"YNJ SARL","foundingDate":"2010-09-06","numberOfEmployees":{"@type":"QuantitativeValue","minValue":"11","maxValue":"50"}},{"@type":"Person","@id":"https:\/\/www.webdo.tn\/fr\/#\/schema\/person\/2c4929cbf5a809e3bd38617c6ce150f6","name":"MC","image":{"@type":"ImageObject","inLanguage":"fr-FR","@id":"https:\/\/secure.gravatar.com\/avatar\/a545bbb6f84efdd5553dbbc2895e3ca8f1d12c5215e00a041c9670b54aa9b18a?s=96&d=mm&r=g","url":"https:\/\/secure.gravatar.com\/avatar\/a545bbb6f84efdd5553dbbc2895e3ca8f1d12c5215e00a041c9670b54aa9b18a?s=96&d=mm&r=g","contentUrl":"https:\/\/secure.gravatar.com\/avatar\/a545bbb6f84efdd5553dbbc2895e3ca8f1d12c5215e00a041c9670b54aa9b18a?s=96&d=mm&r=g","caption":"MC"},"url":"https:\/\/www.webdo.tn\/fr\/actualite\/author\/mc\/"}]}},"_links":{"self":[{"href":"https:\/\/www.webdo.tn\/fr\/wp-json\/wp\/v2\/posts\/206410","targetHints":{"allow":["GET"]}}],"collection":[{"href":"https:\/\/www.webdo.tn\/fr\/wp-json\/wp\/v2\/posts"}],"about":[{"href":"https:\/\/www.webdo.tn\/fr\/wp-json\/wp\/v2\/types\/post"}],"author":[{"embeddable":true,"href":"https:\/\/www.webdo.tn\/fr\/wp-json\/wp\/v2\/users\/3162"}],"replies":[{"embeddable":true,"href":"https:\/\/www.webdo.tn\/fr\/wp-json\/wp\/v2\/comments?post=206410"}],"version-history":[{"count":0,"href":"https:\/\/www.webdo.tn\/fr\/wp-json\/wp\/v2\/posts\/206410\/revisions"}],"wp:featuredmedia":[{"embeddable":true,"href":"https:\/\/www.webdo.tn\/fr\/wp-json\/wp\/v2\/media\/370352"}],"wp:attachment":[{"href":"https:\/\/www.webdo.tn\/fr\/wp-json\/wp\/v2\/media?parent=206410"}],"wp:term":[{"taxonomy":"category","embeddable":true,"href":"https:\/\/www.webdo.tn\/fr\/wp-json\/wp\/v2\/categories?post=206410"},{"taxonomy":"post_tag","embeddable":true,"href":"https:\/\/www.webdo.tn\/fr\/wp-json\/wp\/v2\/tags?post=206410"}],"curies":[{"name":"wp","href":"https:\/\/api.w.org\/{rel}","templated":true}]}}