{"id":206405,"date":"2023-06-07T11:26:00","date_gmt":"2023-06-07T11:26:00","guid":{"rendered":"https:\/\/www.webdo.tn\/fr\/blog\/bac-2023-fuite-du-sujet-de-philo-le-ministere-de-l-education-precise\/206405\/"},"modified":"2025-05-20T22:09:10","modified_gmt":"2025-05-20T22:09:10","slug":"bac-2023-fuite-du-sujet-de-philo-le-ministere-de-l-education-precise","status":"publish","type":"post","link":"https:\/\/www.webdo.tn\/fr\/actualite\/national\/bac-2023-fuite-du-sujet-de-philo-le-ministere-de-l-education-precise\/206405\/","title":{"rendered":"Bac 2023 : Fuite du sujet de philo, le minist\u00e8re de l\u2019Education pr\u00e9cise\u2026"},"content":{"rendered":"<p>Au premier jour des examens du baccalaur\u00e9at, une pol\u00e9mique a \u00e9clat\u00e9 comme c\u2019est le cas tous les ans, \u00e0 propos d\u2019une fuite du sujet de philosophie.<\/p>\n<p>\t\t\t\t\t\t\t\t\tUne source au sein du minist\u00e8re de l\u2019\u00c9ducation a r\u00e9agi, ce mercredi 7 juin 2023, \u00e0 cette pol\u00e9mique, pr\u00e9cisant que les informations qui circulent selon lesquelles il y a eu une fuite du sujet de philosophie, sont fausses.<\/p>\n<p>Cette source a expliqu\u00e9 dans une d\u00e9claration sur les ondes de Mosaique fm, que ce qui circule sur les r\u00e9seaux sociaux concernant la fuite sujet\u00a0 ne peut \u00eatre consid\u00e9r\u00e9e comme telle, \u00e9tant donn\u00e9 que le syst\u00e8me informatique des examens n&rsquo;a pas \u00e9t\u00e9 pirat\u00e9.<\/p>\n<p>Elle a ajout\u00e9 que ce qui a \u00e9t\u00e9 diffus\u00e9 \u00e0 cet \u00e9gard pourrait initialement s&rsquo;inscrire dans le cadre d&rsquo;un processus de tricherie non confirm\u00e9 jusqu&rsquo;\u00e0 cette heure par l&rsquo;Administration g\u00e9n\u00e9rale des examens du minist\u00e8re de l&rsquo;\u00c9ducation.<\/p>\n","protected":false},"excerpt":{"rendered":"<p>Au premier jour des examens du baccalaur\u00e9at, une pol\u00e9mique a \u00e9clat\u00e9 comme c\u2019est le cas tous les ans, \u00e0 propos d\u2019une fuite du sujet de philosophie.<\/p>\n","protected":false},"author":3162,"featured_media":278303,"comment_status":"open","ping_status":"closed","sticky":false,"template":"","format":"standard","meta":{"footnotes":""},"categories":[44],"tags":[6371,2785,2784,3376,9532],"class_list":["post-206405","post","type-post","status-publish","format-standard","has-post-thumbnail","hentry","category-national","tag-bac","tag-baccalaureat","tag-examen","tag-fuite","tag-philosophie"],"yoast_head":"<!-- This site is optimized with the Yoast SEO Premium plugin v27.5 (Yoast SEO v27.5) - https:\/\/yoast.com\/product\/yoast-seo-premium-wordpress\/ -->\n<title>Bac 2023 : Fuite du sujet de philo, le minist\u00e8re de l\u2019Education pr\u00e9cise\u2026<\/title>\n<meta name=\"description\" content=\"Au premier jour des examens du baccalaur\u00e9at, une pol\u00e9mique a \u00e9clat\u00e9 comme c\u2019est le cas tous les ans, \u00e0 propos d\u2019une fuite du sujet de philosophie.\" \/>\n<link rel=\"canonical\" href=\"https:\/\/www.webdo.tn\/fr\/actualite\/national\/bac-2023-fuite-du-sujet-de-philo-le-ministere-de-l-education-precise\/206405\/\" \/>\n<meta property=\"og:locale\" content=\"fr_FR\" \/>\n<meta property=\"og:type\" content=\"article\" \/>\n<meta property=\"og:title\" content=\"Bac 2023 : Fuite du sujet de philo, le minist\u00e8re de l\u2019Education pr\u00e9cise\u2026\" \/>\n<meta property=\"og:description\" content=\"Au premier jour des examens du baccalaur\u00e9at, une pol\u00e9mique a \u00e9clat\u00e9 comme c\u2019est le cas tous les ans, \u00e0 propos d\u2019une fuite du sujet de philosophie.\" \/>\n<meta property=\"og:url\" content=\"https:\/\/www.webdo.tn\/fr\/actualite\/national\/bac-2023-fuite-du-sujet-de-philo-le-ministere-de-l-education-precise\/206405\/\" \/>\n<meta property=\"og:site_name\" content=\"webdo\" \/>\n<meta property=\"article:publisher\" content=\"https:\/\/www.facebook.com\/webdotn\" \/>\n<meta property=\"article:published_time\" content=\"2023-06-07T11:26:00+00:00\" \/>\n<meta property=\"article:modified_time\" content=\"2025-05-20T22:09:10+00:00\" \/>\n<meta property=\"og:image\" content=\"https:\/\/www.webdo.tn\/fr\/wp-content\/uploads\/2023\/06\/7c4e1c31ba138e5c1d16ece7f0fe1854.jpg\" \/>\n\t<meta property=\"og:image:width\" content=\"696\" \/>\n\t<meta property=\"og:image:height\" content=\"371\" \/>\n\t<meta property=\"og:image:type\" content=\"image\/jpeg\" \/>\n<meta name=\"author\" content=\"MC\" \/>\n<meta name=\"twitter:card\" content=\"summary_large_image\" \/>\n<meta name=\"twitter:creator\" content=\"@webdo_tn\" \/>\n<meta name=\"twitter:site\" content=\"@webdo_tn\" \/>\n<meta name=\"twitter:label1\" content=\"\u00c9crit par\" \/>\n\t<meta name=\"twitter:data1\" content=\"MC\" \/>\n\t<meta name=\"twitter:label2\" content=\"Dur\u00e9e de lecture estim\u00e9e\" \/>\n\t<meta name=\"twitter:data2\" content=\"1 minute\" \/>\n<script type=\"application\/ld+json\" class=\"yoast-schema-graph\">{\"@context\":\"https:\\\/\\\/schema.org\",\"@graph\":[{\"@type\":\"NewsArticle\",\"@id\":\"https:\\\/\\\/www.webdo.tn\\\/fr\\\/actualite\\\/national\\\/bac-2023-fuite-du-sujet-de-philo-le-ministere-de-l-education-precise\\\/206405\\\/#article\",\"isPartOf\":{\"@id\":\"https:\\\/\\\/www.webdo.tn\\\/fr\\\/actualite\\\/national\\\/bac-2023-fuite-du-sujet-de-philo-le-ministere-de-l-education-precise\\\/206405\\\/\"},\"author\":{\"name\":\"MC\",\"@id\":\"https:\\\/\\\/www.webdo.tn\\\/fr\\\/#\\\/schema\\\/person\\\/2c4929cbf5a809e3bd38617c6ce150f6\"},\"headline\":\"Bac 2023 : Fuite du sujet de philo, le minist\u00e8re de l\u2019Education pr\u00e9cise\u2026\",\"datePublished\":\"2023-06-07T11:26:00+00:00\",\"dateModified\":\"2025-05-20T22:09:10+00:00\",\"mainEntityOfPage\":{\"@id\":\"https:\\\/\\\/www.webdo.tn\\\/fr\\\/actualite\\\/national\\\/bac-2023-fuite-du-sujet-de-philo-le-ministere-de-l-education-precise\\\/206405\\\/\"},\"wordCount\":174,\"commentCount\":0,\"publisher\":{\"@id\":\"https:\\\/\\\/www.webdo.tn\\\/fr\\\/#organization\"},\"image\":{\"@id\":\"https:\\\/\\\/www.webdo.tn\\\/fr\\\/actualite\\\/national\\\/bac-2023-fuite-du-sujet-de-philo-le-ministere-de-l-education-precise\\\/206405\\\/#primaryimage\"},\"thumbnailUrl\":\"https:\\\/\\\/www.webdo.tn\\\/fr\\\/wp-content\\\/uploads\\\/2023\\\/06\\\/7c4e1c31ba138e5c1d16ece7f0fe1854.jpg\",\"keywords\":[\"bac\",\"baccalaur\u00e9at\",\"Examen\",\"fuite\",\"philosophie\"],\"articleSection\":[\"National\"],\"inLanguage\":\"fr-FR\"},{\"@type\":\"WebPage\",\"@id\":\"https:\\\/\\\/www.webdo.tn\\\/fr\\\/actualite\\\/national\\\/bac-2023-fuite-du-sujet-de-philo-le-ministere-de-l-education-precise\\\/206405\\\/\",\"url\":\"https:\\\/\\\/www.webdo.tn\\\/fr\\\/actualite\\\/national\\\/bac-2023-fuite-du-sujet-de-philo-le-ministere-de-l-education-precise\\\/206405\\\/\",\"name\":\"Bac 2023 : Fuite du sujet de philo, le minist\u00e8re de l\u2019Education pr\u00e9cise\u2026\",\"isPartOf\":{\"@id\":\"https:\\\/\\\/www.webdo.tn\\\/fr\\\/#website\"},\"primaryImageOfPage\":{\"@id\":\"https:\\\/\\\/www.webdo.tn\\\/fr\\\/actualite\\\/national\\\/bac-2023-fuite-du-sujet-de-philo-le-ministere-de-l-education-precise\\\/206405\\\/#primaryimage\"},\"image\":{\"@id\":\"https:\\\/\\\/www.webdo.tn\\\/fr\\\/actualite\\\/national\\\/bac-2023-fuite-du-sujet-de-philo-le-ministere-de-l-education-precise\\\/206405\\\/#primaryimage\"},\"thumbnailUrl\":\"https:\\\/\\\/www.webdo.tn\\\/fr\\\/wp-content\\\/uploads\\\/2023\\\/06\\\/7c4e1c31ba138e5c1d16ece7f0fe1854.jpg\",\"datePublished\":\"2023-06-07T11:26:00+00:00\",\"dateModified\":\"2025-05-20T22:09:10+00:00\",\"description\":\"Au premier jour des examens du baccalaur\u00e9at, une pol\u00e9mique a \u00e9clat\u00e9 comme c\u2019est le cas tous les ans, \u00e0 propos d\u2019une fuite du sujet de philosophie.\",\"breadcrumb\":{\"@id\":\"https:\\\/\\\/www.webdo.tn\\\/fr\\\/actualite\\\/national\\\/bac-2023-fuite-du-sujet-de-philo-le-ministere-de-l-education-precise\\\/206405\\\/#breadcrumb\"},\"inLanguage\":\"fr-FR\",\"potentialAction\":[{\"@type\":\"ReadAction\",\"target\":[\"https:\\\/\\\/www.webdo.tn\\\/fr\\\/actualite\\\/national\\\/bac-2023-fuite-du-sujet-de-philo-le-ministere-de-l-education-precise\\\/206405\\\/\"]}]},{\"@type\":\"ImageObject\",\"inLanguage\":\"fr-FR\",\"@id\":\"https:\\\/\\\/www.webdo.tn\\\/fr\\\/actualite\\\/national\\\/bac-2023-fuite-du-sujet-de-philo-le-ministere-de-l-education-precise\\\/206405\\\/#primaryimage\",\"url\":\"https:\\\/\\\/www.webdo.tn\\\/fr\\\/wp-content\\\/uploads\\\/2023\\\/06\\\/7c4e1c31ba138e5c1d16ece7f0fe1854.jpg\",\"contentUrl\":\"https:\\\/\\\/www.webdo.tn\\\/fr\\\/wp-content\\\/uploads\\\/2023\\\/06\\\/7c4e1c31ba138e5c1d16ece7f0fe1854.jpg\",\"width\":696,\"height\":371,\"caption\":\"Bac 2023 : Fuite du sujet de philo, le minist\u00e8re de l\u2019Education pr\u00e9cise\u2026\"},{\"@type\":\"BreadcrumbList\",\"@id\":\"https:\\\/\\\/www.webdo.tn\\\/fr\\\/actualite\\\/national\\\/bac-2023-fuite-du-sujet-de-philo-le-ministere-de-l-education-precise\\\/206405\\\/#breadcrumb\",\"itemListElement\":[{\"@type\":\"ListItem\",\"position\":1,\"name\":\"Accueil\",\"item\":\"https:\\\/\\\/www.webdo.tn\\\/fr\\\/\"},{\"@type\":\"ListItem\",\"position\":2,\"name\":\"Bac 2023 : Fuite du sujet de philo, le minist\u00e8re de l\u2019Education pr\u00e9cise\u2026\"}]},{\"@type\":\"WebSite\",\"@id\":\"https:\\\/\\\/www.webdo.tn\\\/fr\\\/#website\",\"url\":\"https:\\\/\\\/www.webdo.tn\\\/fr\\\/\",\"name\":\"webdo\",\"description\":\"Tunisie - News en Tunisie et \u00e0 l&#039;international sur Webdo.tn\",\"publisher\":{\"@id\":\"https:\\\/\\\/www.webdo.tn\\\/fr\\\/#organization\"},\"potentialAction\":[{\"@type\":\"SearchAction\",\"target\":{\"@type\":\"EntryPoint\",\"urlTemplate\":\"https:\\\/\\\/www.webdo.tn\\\/fr\\\/?s={search_term_string}\"},\"query-input\":{\"@type\":\"PropertyValueSpecification\",\"valueRequired\":true,\"valueName\":\"search_term_string\"}}],\"inLanguage\":\"fr-FR\"},{\"@type\":\"Organization\",\"@id\":\"https:\\\/\\\/www.webdo.tn\\\/fr\\\/#organization\",\"name\":\"Webdo\",\"alternateName\":\"Webdo.tn\",\"url\":\"https:\\\/\\\/www.webdo.tn\\\/fr\\\/\",\"logo\":{\"@type\":\"ImageObject\",\"inLanguage\":\"fr-FR\",\"@id\":\"https:\\\/\\\/www.webdo.tn\\\/fr\\\/#\\\/schema\\\/logo\\\/image\\\/\",\"url\":\"https:\\\/\\\/www.webdo.tn\\\/fr\\\/wp-content\\\/uploads\\\/2025\\\/06\\\/Webdo-Tunisie_168377.jpg\",\"contentUrl\":\"https:\\\/\\\/www.webdo.tn\\\/fr\\\/wp-content\\\/uploads\\\/2025\\\/06\\\/Webdo-Tunisie_168377.jpg\",\"width\":301,\"height\":301,\"caption\":\"Webdo\"},\"image\":{\"@id\":\"https:\\\/\\\/www.webdo.tn\\\/fr\\\/#\\\/schema\\\/logo\\\/image\\\/\"},\"sameAs\":[\"https:\\\/\\\/www.facebook.com\\\/webdotn\",\"https:\\\/\\\/x.com\\\/webdo_tn\"],\"description\":\"Webdo est un m\u00e9dia num\u00e9rique tunisien fond\u00e9 en 2010, sp\u00e9cialis\u00e9 dans l\u2019actualit\u00e9 nationale et internationale, l\u2019\u00e9conomie, la soci\u00e9t\u00e9 et les analyses politiques. Le site s\u2019adresse \u00e0 un large public francophone et couvre l\u2019information tunisienne en temps r\u00e9el.\",\"email\":\"redac@webdo.tn\",\"legalName\":\"YNJ SARL\",\"foundingDate\":\"2010-09-06\",\"numberOfEmployees\":{\"@type\":\"QuantitativeValue\",\"minValue\":\"11\",\"maxValue\":\"50\"}},{\"@type\":\"Person\",\"@id\":\"https:\\\/\\\/www.webdo.tn\\\/fr\\\/#\\\/schema\\\/person\\\/2c4929cbf5a809e3bd38617c6ce150f6\",\"name\":\"MC\",\"image\":{\"@type\":\"ImageObject\",\"inLanguage\":\"fr-FR\",\"@id\":\"https:\\\/\\\/secure.gravatar.com\\\/avatar\\\/a545bbb6f84efdd5553dbbc2895e3ca8f1d12c5215e00a041c9670b54aa9b18a?s=96&d=mm&r=g\",\"url\":\"https:\\\/\\\/secure.gravatar.com\\\/avatar\\\/a545bbb6f84efdd5553dbbc2895e3ca8f1d12c5215e00a041c9670b54aa9b18a?s=96&d=mm&r=g\",\"contentUrl\":\"https:\\\/\\\/secure.gravatar.com\\\/avatar\\\/a545bbb6f84efdd5553dbbc2895e3ca8f1d12c5215e00a041c9670b54aa9b18a?s=96&d=mm&r=g\",\"caption\":\"MC\"},\"url\":\"https:\\\/\\\/www.webdo.tn\\\/fr\\\/actualite\\\/author\\\/mc\\\/\"}]}<\/script>\n<!-- \/ Yoast SEO Premium plugin. -->","yoast_head_json":{"title":"Bac 2023 : Fuite du sujet de philo, le minist\u00e8re de l\u2019Education pr\u00e9cise\u2026","description":"Au premier jour des examens du baccalaur\u00e9at, une pol\u00e9mique a \u00e9clat\u00e9 comme c\u2019est le cas tous les ans, \u00e0 propos d\u2019une fuite du sujet de philosophie.","canonical":"https:\/\/www.webdo.tn\/fr\/actualite\/national\/bac-2023-fuite-du-sujet-de-philo-le-ministere-de-l-education-precise\/206405\/","og_locale":"fr_FR","og_type":"article","og_title":"Bac 2023 : Fuite du sujet de philo, le minist\u00e8re de l\u2019Education pr\u00e9cise\u2026","og_description":"Au premier jour des examens du baccalaur\u00e9at, une pol\u00e9mique a \u00e9clat\u00e9 comme c\u2019est le cas tous les ans, \u00e0 propos d\u2019une fuite du sujet de philosophie.","og_url":"https:\/\/www.webdo.tn\/fr\/actualite\/national\/bac-2023-fuite-du-sujet-de-philo-le-ministere-de-l-education-precise\/206405\/","og_site_name":"webdo","article_publisher":"https:\/\/www.facebook.com\/webdotn","article_published_time":"2023-06-07T11:26:00+00:00","article_modified_time":"2025-05-20T22:09:10+00:00","og_image":[{"width":696,"height":371,"url":"https:\/\/www.webdo.tn\/fr\/wp-content\/uploads\/2023\/06\/7c4e1c31ba138e5c1d16ece7f0fe1854.jpg","type":"image\/jpeg"}],"author":"MC","twitter_card":"summary_large_image","twitter_creator":"@webdo_tn","twitter_site":"@webdo_tn","twitter_misc":{"\u00c9crit par":"MC","Dur\u00e9e de lecture estim\u00e9e":"1 minute"},"schema":{"@context":"https:\/\/schema.org","@graph":[{"@type":"NewsArticle","@id":"https:\/\/www.webdo.tn\/fr\/actualite\/national\/bac-2023-fuite-du-sujet-de-philo-le-ministere-de-l-education-precise\/206405\/#article","isPartOf":{"@id":"https:\/\/www.webdo.tn\/fr\/actualite\/national\/bac-2023-fuite-du-sujet-de-philo-le-ministere-de-l-education-precise\/206405\/"},"author":{"name":"MC","@id":"https:\/\/www.webdo.tn\/fr\/#\/schema\/person\/2c4929cbf5a809e3bd38617c6ce150f6"},"headline":"Bac 2023 : Fuite du sujet de philo, le minist\u00e8re de l\u2019Education pr\u00e9cise\u2026","datePublished":"2023-06-07T11:26:00+00:00","dateModified":"2025-05-20T22:09:10+00:00","mainEntityOfPage":{"@id":"https:\/\/www.webdo.tn\/fr\/actualite\/national\/bac-2023-fuite-du-sujet-de-philo-le-ministere-de-l-education-precise\/206405\/"},"wordCount":174,"commentCount":0,"publisher":{"@id":"https:\/\/www.webdo.tn\/fr\/#organization"},"image":{"@id":"https:\/\/www.webdo.tn\/fr\/actualite\/national\/bac-2023-fuite-du-sujet-de-philo-le-ministere-de-l-education-precise\/206405\/#primaryimage"},"thumbnailUrl":"https:\/\/www.webdo.tn\/fr\/wp-content\/uploads\/2023\/06\/7c4e1c31ba138e5c1d16ece7f0fe1854.jpg","keywords":["bac","baccalaur\u00e9at","Examen","fuite","philosophie"],"articleSection":["National"],"inLanguage":"fr-FR"},{"@type":"WebPage","@id":"https:\/\/www.webdo.tn\/fr\/actualite\/national\/bac-2023-fuite-du-sujet-de-philo-le-ministere-de-l-education-precise\/206405\/","url":"https:\/\/www.webdo.tn\/fr\/actualite\/national\/bac-2023-fuite-du-sujet-de-philo-le-ministere-de-l-education-precise\/206405\/","name":"Bac 2023 : Fuite du sujet de philo, le minist\u00e8re de l\u2019Education pr\u00e9cise\u2026","isPartOf":{"@id":"https:\/\/www.webdo.tn\/fr\/#website"},"primaryImageOfPage":{"@id":"https:\/\/www.webdo.tn\/fr\/actualite\/national\/bac-2023-fuite-du-sujet-de-philo-le-ministere-de-l-education-precise\/206405\/#primaryimage"},"image":{"@id":"https:\/\/www.webdo.tn\/fr\/actualite\/national\/bac-2023-fuite-du-sujet-de-philo-le-ministere-de-l-education-precise\/206405\/#primaryimage"},"thumbnailUrl":"https:\/\/www.webdo.tn\/fr\/wp-content\/uploads\/2023\/06\/7c4e1c31ba138e5c1d16ece7f0fe1854.jpg","datePublished":"2023-06-07T11:26:00+00:00","dateModified":"2025-05-20T22:09:10+00:00","description":"Au premier jour des examens du baccalaur\u00e9at, une pol\u00e9mique a \u00e9clat\u00e9 comme c\u2019est le cas tous les ans, \u00e0 propos d\u2019une fuite du sujet de philosophie.","breadcrumb":{"@id":"https:\/\/www.webdo.tn\/fr\/actualite\/national\/bac-2023-fuite-du-sujet-de-philo-le-ministere-de-l-education-precise\/206405\/#breadcrumb"},"inLanguage":"fr-FR","potentialAction":[{"@type":"ReadAction","target":["https:\/\/www.webdo.tn\/fr\/actualite\/national\/bac-2023-fuite-du-sujet-de-philo-le-ministere-de-l-education-precise\/206405\/"]}]},{"@type":"ImageObject","inLanguage":"fr-FR","@id":"https:\/\/www.webdo.tn\/fr\/actualite\/national\/bac-2023-fuite-du-sujet-de-philo-le-ministere-de-l-education-precise\/206405\/#primaryimage","url":"https:\/\/www.webdo.tn\/fr\/wp-content\/uploads\/2023\/06\/7c4e1c31ba138e5c1d16ece7f0fe1854.jpg","contentUrl":"https:\/\/www.webdo.tn\/fr\/wp-content\/uploads\/2023\/06\/7c4e1c31ba138e5c1d16ece7f0fe1854.jpg","width":696,"height":371,"caption":"Bac 2023 : Fuite du sujet de philo, le minist\u00e8re de l\u2019Education pr\u00e9cise\u2026"},{"@type":"BreadcrumbList","@id":"https:\/\/www.webdo.tn\/fr\/actualite\/national\/bac-2023-fuite-du-sujet-de-philo-le-ministere-de-l-education-precise\/206405\/#breadcrumb","itemListElement":[{"@type":"ListItem","position":1,"name":"Accueil","item":"https:\/\/www.webdo.tn\/fr\/"},{"@type":"ListItem","position":2,"name":"Bac 2023 : Fuite du sujet de philo, le minist\u00e8re de l\u2019Education pr\u00e9cise\u2026"}]},{"@type":"WebSite","@id":"https:\/\/www.webdo.tn\/fr\/#website","url":"https:\/\/www.webdo.tn\/fr\/","name":"webdo","description":"Tunisie - News en Tunisie et \u00e0 l&#039;international sur Webdo.tn","publisher":{"@id":"https:\/\/www.webdo.tn\/fr\/#organization"},"potentialAction":[{"@type":"SearchAction","target":{"@type":"EntryPoint","urlTemplate":"https:\/\/www.webdo.tn\/fr\/?s={search_term_string}"},"query-input":{"@type":"PropertyValueSpecification","valueRequired":true,"valueName":"search_term_string"}}],"inLanguage":"fr-FR"},{"@type":"Organization","@id":"https:\/\/www.webdo.tn\/fr\/#organization","name":"Webdo","alternateName":"Webdo.tn","url":"https:\/\/www.webdo.tn\/fr\/","logo":{"@type":"ImageObject","inLanguage":"fr-FR","@id":"https:\/\/www.webdo.tn\/fr\/#\/schema\/logo\/image\/","url":"https:\/\/www.webdo.tn\/fr\/wp-content\/uploads\/2025\/06\/Webdo-Tunisie_168377.jpg","contentUrl":"https:\/\/www.webdo.tn\/fr\/wp-content\/uploads\/2025\/06\/Webdo-Tunisie_168377.jpg","width":301,"height":301,"caption":"Webdo"},"image":{"@id":"https:\/\/www.webdo.tn\/fr\/#\/schema\/logo\/image\/"},"sameAs":["https:\/\/www.facebook.com\/webdotn","https:\/\/x.com\/webdo_tn"],"description":"Webdo est un m\u00e9dia num\u00e9rique tunisien fond\u00e9 en 2010, sp\u00e9cialis\u00e9 dans l\u2019actualit\u00e9 nationale et internationale, l\u2019\u00e9conomie, la soci\u00e9t\u00e9 et les analyses politiques. Le site s\u2019adresse \u00e0 un large public francophone et couvre l\u2019information tunisienne en temps r\u00e9el.","email":"redac@webdo.tn","legalName":"YNJ SARL","foundingDate":"2010-09-06","numberOfEmployees":{"@type":"QuantitativeValue","minValue":"11","maxValue":"50"}},{"@type":"Person","@id":"https:\/\/www.webdo.tn\/fr\/#\/schema\/person\/2c4929cbf5a809e3bd38617c6ce150f6","name":"MC","image":{"@type":"ImageObject","inLanguage":"fr-FR","@id":"https:\/\/secure.gravatar.com\/avatar\/a545bbb6f84efdd5553dbbc2895e3ca8f1d12c5215e00a041c9670b54aa9b18a?s=96&d=mm&r=g","url":"https:\/\/secure.gravatar.com\/avatar\/a545bbb6f84efdd5553dbbc2895e3ca8f1d12c5215e00a041c9670b54aa9b18a?s=96&d=mm&r=g","contentUrl":"https:\/\/secure.gravatar.com\/avatar\/a545bbb6f84efdd5553dbbc2895e3ca8f1d12c5215e00a041c9670b54aa9b18a?s=96&d=mm&r=g","caption":"MC"},"url":"https:\/\/www.webdo.tn\/fr\/actualite\/author\/mc\/"}]}},"_links":{"self":[{"href":"https:\/\/www.webdo.tn\/fr\/wp-json\/wp\/v2\/posts\/206405","targetHints":{"allow":["GET"]}}],"collection":[{"href":"https:\/\/www.webdo.tn\/fr\/wp-json\/wp\/v2\/posts"}],"about":[{"href":"https:\/\/www.webdo.tn\/fr\/wp-json\/wp\/v2\/types\/post"}],"author":[{"embeddable":true,"href":"https:\/\/www.webdo.tn\/fr\/wp-json\/wp\/v2\/users\/3162"}],"replies":[{"embeddable":true,"href":"https:\/\/www.webdo.tn\/fr\/wp-json\/wp\/v2\/comments?post=206405"}],"version-history":[{"count":0,"href":"https:\/\/www.webdo.tn\/fr\/wp-json\/wp\/v2\/posts\/206405\/revisions"}],"wp:featuredmedia":[{"embeddable":true,"href":"https:\/\/www.webdo.tn\/fr\/wp-json\/wp\/v2\/media\/278303"}],"wp:attachment":[{"href":"https:\/\/www.webdo.tn\/fr\/wp-json\/wp\/v2\/media?parent=206405"}],"wp:term":[{"taxonomy":"category","embeddable":true,"href":"https:\/\/www.webdo.tn\/fr\/wp-json\/wp\/v2\/categories?post=206405"},{"taxonomy":"post_tag","embeddable":true,"href":"https:\/\/www.webdo.tn\/fr\/wp-json\/wp\/v2\/tags?post=206405"}],"curies":[{"name":"wp","href":"https:\/\/api.w.org\/{rel}","templated":true}]}}