{"id":206401,"date":"2023-06-07T08:20:00","date_gmt":"2023-06-07T08:20:00","guid":{"rendered":"https:\/\/www.webdo.tn\/fr\/blog\/affaire-adam-boulifa-l-accuse-principal-condamne-a-20-ans-de-prison\/206401\/"},"modified":"2025-05-20T22:50:34","modified_gmt":"2025-05-20T22:50:34","slug":"affaire-adam-boulifa-l-accuse-principal-condamne-a-20-ans-de-prison","status":"publish","type":"post","link":"https:\/\/www.webdo.tn\/fr\/actualite\/divers\/affaire-adam-boulifa-l-accuse-principal-condamne-a-20-ans-de-prison\/206401\/","title":{"rendered":"Affaire Adam Boulifa : L\u2019accus\u00e9 principal condamn\u00e9 \u00e0 20 ans de prison"},"content":{"rendered":"<p>La mort du jeune Adam Boulifa au Madison avait choqu\u00e9 tous les Tunisiens. Selon son p\u00e8re et ses amis, pr\u00e9sents sur les lieux du drame, Adam a \u00e9t\u00e9 frapp\u00e9 \u00e0 mort dans cette boite de nuit en plein capitale, en novembre 2019.<\/p>\n<p>\t\t\t\t\t\t\t\t\tSelon les derniers rebondissements de l\u2019affaire, six personnes ont \u00e9t\u00e9 condamn\u00e9s pour homicide ou participation \u00e0 des faits ayant conduit \u00e0 un homicide. Selon Mosa\u00efque FM, l\u2019accus\u00e9 principal dans cette affaire a \u00e9cop\u00e9 d\u2019une peine d\u2019emprisonnement de 20 ans, alors que les cinq autres ont \u00e9t\u00e9 condamn\u00e9s chacun \u00e0 cinq ans de prison par le tribunal de premi\u00e8re instance de Tunis.\u00a0<\/p>\n<p>Il faut rappeler qu\u2019en 2020, le tribunal de premi\u00e8re instance de Tunis a rendu son verdict dans la plainte d\u00e9pos\u00e9e par Wissem Boulifa, p\u00e8re d&rsquo;Adam Boulifa, contre les portiers du bar-restaurant pour agression. Le tribunal a d\u00e9cid\u00e9 de prononcer un non-lieu en faveur de deux personnes parmi les cinq accus\u00e9s alors que les trois autres ont \u00e9cop\u00e9 de peines allant de six \u00e0 douze mois de prison.<\/p>\n<p>La mort, toujours suspecte d&rsquo;Adam Boulifa, tu\u00e9 par les agents de s\u00e9curit\u00e9, est quant \u00e0 elle, toujours l&rsquo;objet d&rsquo;une enqu\u00eate. Cette enqu\u00eate concerne les circonstances de la mort d&rsquo;Adam Boulifa et les personnes susceptibles d&rsquo;avoir particip\u00e9 \u00e0 ce crime.\u00a0<\/p>\n<p>Rappelons qu&rsquo;Adam Boulifa est d\u00e9c\u00e9d\u00e9, ce soir-l\u00e0 \u00e0 cause d\u2019une pression \u00e9norme qui a endommag\u00e9 sa cage thoracique et son c\u0153ur.<\/p>\n","protected":false},"excerpt":{"rendered":"<p>La mort du jeune Adam Boulifa au Madison avait choqu\u00e9 tous les Tunisiens. Selon son p\u00e8re et ses amis, pr\u00e9sents sur les lieux du drame, Adam a \u00e9t\u00e9 frapp\u00e9 \u00e0 mort&#8230;<\/p>\n","protected":false},"author":3175,"featured_media":278299,"comment_status":"open","ping_status":"closed","sticky":false,"template":"","format":"standard","meta":{"footnotes":""},"categories":[2839],"tags":[9527,2708,2608],"class_list":["post-206401","post","type-post","status-publish","format-standard","has-post-thumbnail","hentry","category-divers","tag-adam-boulifa","tag-prison","tag-tunisie"],"yoast_head":"<!-- This site is optimized with the Yoast SEO Premium plugin v27.4 (Yoast SEO v27.5) - https:\/\/yoast.com\/product\/yoast-seo-premium-wordpress\/ -->\n<title>Affaire Adam Boulifa : L\u2019accus\u00e9 principal condamn\u00e9 \u00e0 20 ans de prison<\/title>\n<meta name=\"description\" content=\"La mort du jeune Adam Boulifa au Madison avait choqu\u00e9 tous les Tunisiens. Selon son p\u00e8re et ses amis, pr\u00e9sents sur les lieux du drame, Adam a \u00e9t\u00e9 frapp\u00e9 \u00e0 mort...\" \/>\n<link rel=\"canonical\" href=\"https:\/\/www.webdo.tn\/fr\/actualite\/divers\/affaire-adam-boulifa-l-accuse-principal-condamne-a-20-ans-de-prison\/206401\/\" \/>\n<meta property=\"og:locale\" content=\"fr_FR\" \/>\n<meta property=\"og:type\" content=\"article\" \/>\n<meta property=\"og:title\" content=\"Affaire Adam Boulifa : L\u2019accus\u00e9 principal condamn\u00e9 \u00e0 20 ans de prison\" \/>\n<meta property=\"og:description\" content=\"La mort du jeune Adam Boulifa au Madison avait choqu\u00e9 tous les Tunisiens. Selon son p\u00e8re et ses amis, pr\u00e9sents sur les lieux du drame, Adam a \u00e9t\u00e9 frapp\u00e9 \u00e0 mort...\" \/>\n<meta property=\"og:url\" content=\"https:\/\/www.webdo.tn\/fr\/actualite\/divers\/affaire-adam-boulifa-l-accuse-principal-condamne-a-20-ans-de-prison\/206401\/\" \/>\n<meta property=\"og:site_name\" content=\"webdo\" \/>\n<meta property=\"article:publisher\" content=\"https:\/\/www.facebook.com\/webdotn\" \/>\n<meta property=\"article:published_time\" content=\"2023-06-07T08:20:00+00:00\" \/>\n<meta property=\"article:modified_time\" content=\"2025-05-20T22:50:34+00:00\" \/>\n<meta property=\"og:image\" content=\"https:\/\/www.webdo.tn\/fr\/wp-content\/uploads\/2023\/06\/74f454e4dfe64fe046981b2daa56e5a6.jpg\" \/>\n\t<meta property=\"og:image:width\" content=\"626\" \/>\n\t<meta property=\"og:image:height\" content=\"334\" \/>\n\t<meta property=\"og:image:type\" content=\"image\/jpeg\" \/>\n<meta name=\"author\" content=\"CL\" \/>\n<meta name=\"twitter:card\" content=\"summary_large_image\" \/>\n<meta name=\"twitter:creator\" content=\"@webdo_tn\" \/>\n<meta name=\"twitter:site\" content=\"@webdo_tn\" \/>\n<meta name=\"twitter:label1\" content=\"\u00c9crit par\" \/>\n\t<meta name=\"twitter:data1\" content=\"CL\" \/>\n\t<meta name=\"twitter:label2\" content=\"Dur\u00e9e de lecture estim\u00e9e\" \/>\n\t<meta name=\"twitter:data2\" content=\"1 minute\" \/>\n<script type=\"application\/ld+json\" class=\"yoast-schema-graph\">{\"@context\":\"https:\\\/\\\/schema.org\",\"@graph\":[{\"@type\":\"NewsArticle\",\"@id\":\"https:\\\/\\\/www.webdo.tn\\\/fr\\\/actualite\\\/divers\\\/affaire-adam-boulifa-l-accuse-principal-condamne-a-20-ans-de-prison\\\/206401\\\/#article\",\"isPartOf\":{\"@id\":\"https:\\\/\\\/www.webdo.tn\\\/fr\\\/actualite\\\/divers\\\/affaire-adam-boulifa-l-accuse-principal-condamne-a-20-ans-de-prison\\\/206401\\\/\"},\"author\":{\"name\":\"CL\",\"@id\":\"https:\\\/\\\/www.webdo.tn\\\/fr\\\/#\\\/schema\\\/person\\\/f35b42a42c5e2511bbd282959d6385cc\"},\"headline\":\"Affaire Adam Boulifa : L\u2019accus\u00e9 principal condamn\u00e9 \u00e0 20 ans de prison\",\"datePublished\":\"2023-06-07T08:20:00+00:00\",\"dateModified\":\"2025-05-20T22:50:34+00:00\",\"mainEntityOfPage\":{\"@id\":\"https:\\\/\\\/www.webdo.tn\\\/fr\\\/actualite\\\/divers\\\/affaire-adam-boulifa-l-accuse-principal-condamne-a-20-ans-de-prison\\\/206401\\\/\"},\"wordCount\":260,\"commentCount\":0,\"publisher\":{\"@id\":\"https:\\\/\\\/www.webdo.tn\\\/fr\\\/#organization\"},\"image\":{\"@id\":\"https:\\\/\\\/www.webdo.tn\\\/fr\\\/actualite\\\/divers\\\/affaire-adam-boulifa-l-accuse-principal-condamne-a-20-ans-de-prison\\\/206401\\\/#primaryimage\"},\"thumbnailUrl\":\"https:\\\/\\\/www.webdo.tn\\\/fr\\\/wp-content\\\/uploads\\\/2023\\\/06\\\/74f454e4dfe64fe046981b2daa56e5a6.jpg\",\"keywords\":[\"Adam Boulifa\",\"Prison\",\"Tunisie\"],\"articleSection\":[\"Divers\"],\"inLanguage\":\"fr-FR\"},{\"@type\":\"WebPage\",\"@id\":\"https:\\\/\\\/www.webdo.tn\\\/fr\\\/actualite\\\/divers\\\/affaire-adam-boulifa-l-accuse-principal-condamne-a-20-ans-de-prison\\\/206401\\\/\",\"url\":\"https:\\\/\\\/www.webdo.tn\\\/fr\\\/actualite\\\/divers\\\/affaire-adam-boulifa-l-accuse-principal-condamne-a-20-ans-de-prison\\\/206401\\\/\",\"name\":\"Affaire Adam Boulifa : L\u2019accus\u00e9 principal condamn\u00e9 \u00e0 20 ans de prison\",\"isPartOf\":{\"@id\":\"https:\\\/\\\/www.webdo.tn\\\/fr\\\/#website\"},\"primaryImageOfPage\":{\"@id\":\"https:\\\/\\\/www.webdo.tn\\\/fr\\\/actualite\\\/divers\\\/affaire-adam-boulifa-l-accuse-principal-condamne-a-20-ans-de-prison\\\/206401\\\/#primaryimage\"},\"image\":{\"@id\":\"https:\\\/\\\/www.webdo.tn\\\/fr\\\/actualite\\\/divers\\\/affaire-adam-boulifa-l-accuse-principal-condamne-a-20-ans-de-prison\\\/206401\\\/#primaryimage\"},\"thumbnailUrl\":\"https:\\\/\\\/www.webdo.tn\\\/fr\\\/wp-content\\\/uploads\\\/2023\\\/06\\\/74f454e4dfe64fe046981b2daa56e5a6.jpg\",\"datePublished\":\"2023-06-07T08:20:00+00:00\",\"dateModified\":\"2025-05-20T22:50:34+00:00\",\"description\":\"La mort du jeune Adam Boulifa au Madison avait choqu\u00e9 tous les Tunisiens. Selon son p\u00e8re et ses amis, pr\u00e9sents sur les lieux du drame, Adam a \u00e9t\u00e9 frapp\u00e9 \u00e0 mort...\",\"breadcrumb\":{\"@id\":\"https:\\\/\\\/www.webdo.tn\\\/fr\\\/actualite\\\/divers\\\/affaire-adam-boulifa-l-accuse-principal-condamne-a-20-ans-de-prison\\\/206401\\\/#breadcrumb\"},\"inLanguage\":\"fr-FR\",\"potentialAction\":[{\"@type\":\"ReadAction\",\"target\":[\"https:\\\/\\\/www.webdo.tn\\\/fr\\\/actualite\\\/divers\\\/affaire-adam-boulifa-l-accuse-principal-condamne-a-20-ans-de-prison\\\/206401\\\/\"]}]},{\"@type\":\"ImageObject\",\"inLanguage\":\"fr-FR\",\"@id\":\"https:\\\/\\\/www.webdo.tn\\\/fr\\\/actualite\\\/divers\\\/affaire-adam-boulifa-l-accuse-principal-condamne-a-20-ans-de-prison\\\/206401\\\/#primaryimage\",\"url\":\"https:\\\/\\\/www.webdo.tn\\\/fr\\\/wp-content\\\/uploads\\\/2023\\\/06\\\/74f454e4dfe64fe046981b2daa56e5a6.jpg\",\"contentUrl\":\"https:\\\/\\\/www.webdo.tn\\\/fr\\\/wp-content\\\/uploads\\\/2023\\\/06\\\/74f454e4dfe64fe046981b2daa56e5a6.jpg\",\"width\":626,\"height\":334,\"caption\":\"Affaire Adam Boulifa : L\u2019accus\u00e9 principal condamn\u00e9 \u00e0 20 ans de prison\"},{\"@type\":\"BreadcrumbList\",\"@id\":\"https:\\\/\\\/www.webdo.tn\\\/fr\\\/actualite\\\/divers\\\/affaire-adam-boulifa-l-accuse-principal-condamne-a-20-ans-de-prison\\\/206401\\\/#breadcrumb\",\"itemListElement\":[{\"@type\":\"ListItem\",\"position\":1,\"name\":\"Accueil\",\"item\":\"https:\\\/\\\/www.webdo.tn\\\/fr\\\/\"},{\"@type\":\"ListItem\",\"position\":2,\"name\":\"Affaire Adam Boulifa : L\u2019accus\u00e9 principal condamn\u00e9 \u00e0 20 ans de prison\"}]},{\"@type\":\"WebSite\",\"@id\":\"https:\\\/\\\/www.webdo.tn\\\/fr\\\/#website\",\"url\":\"https:\\\/\\\/www.webdo.tn\\\/fr\\\/\",\"name\":\"webdo\",\"description\":\"Tunisie - News en Tunisie et \u00e0 l&#039;international sur Webdo.tn\",\"publisher\":{\"@id\":\"https:\\\/\\\/www.webdo.tn\\\/fr\\\/#organization\"},\"potentialAction\":[{\"@type\":\"SearchAction\",\"target\":{\"@type\":\"EntryPoint\",\"urlTemplate\":\"https:\\\/\\\/www.webdo.tn\\\/fr\\\/?s={search_term_string}\"},\"query-input\":{\"@type\":\"PropertyValueSpecification\",\"valueRequired\":true,\"valueName\":\"search_term_string\"}}],\"inLanguage\":\"fr-FR\"},{\"@type\":\"Organization\",\"@id\":\"https:\\\/\\\/www.webdo.tn\\\/fr\\\/#organization\",\"name\":\"Webdo\",\"alternateName\":\"Webdo.tn\",\"url\":\"https:\\\/\\\/www.webdo.tn\\\/fr\\\/\",\"logo\":{\"@type\":\"ImageObject\",\"inLanguage\":\"fr-FR\",\"@id\":\"https:\\\/\\\/www.webdo.tn\\\/fr\\\/#\\\/schema\\\/logo\\\/image\\\/\",\"url\":\"https:\\\/\\\/www.webdo.tn\\\/fr\\\/wp-content\\\/uploads\\\/2025\\\/06\\\/Webdo-Tunisie_168377.jpg\",\"contentUrl\":\"https:\\\/\\\/www.webdo.tn\\\/fr\\\/wp-content\\\/uploads\\\/2025\\\/06\\\/Webdo-Tunisie_168377.jpg\",\"width\":301,\"height\":301,\"caption\":\"Webdo\"},\"image\":{\"@id\":\"https:\\\/\\\/www.webdo.tn\\\/fr\\\/#\\\/schema\\\/logo\\\/image\\\/\"},\"sameAs\":[\"https:\\\/\\\/www.facebook.com\\\/webdotn\",\"https:\\\/\\\/x.com\\\/webdo_tn\"],\"description\":\"Webdo est un m\u00e9dia num\u00e9rique tunisien fond\u00e9 en 2010, sp\u00e9cialis\u00e9 dans l\u2019actualit\u00e9 nationale et internationale, l\u2019\u00e9conomie, la soci\u00e9t\u00e9 et les analyses politiques. Le site s\u2019adresse \u00e0 un large public francophone et couvre l\u2019information tunisienne en temps r\u00e9el.\",\"email\":\"redac@webdo.tn\",\"legalName\":\"YNJ SARL\",\"foundingDate\":\"2010-09-06\",\"numberOfEmployees\":{\"@type\":\"QuantitativeValue\",\"minValue\":\"11\",\"maxValue\":\"50\"}},{\"@type\":\"Person\",\"@id\":\"https:\\\/\\\/www.webdo.tn\\\/fr\\\/#\\\/schema\\\/person\\\/f35b42a42c5e2511bbd282959d6385cc\",\"name\":\"CL\",\"image\":{\"@type\":\"ImageObject\",\"inLanguage\":\"fr-FR\",\"@id\":\"https:\\\/\\\/secure.gravatar.com\\\/avatar\\\/1447a49909b67aa657c488aec6512e1dd6143a480c1ecfee9b5b5cd74eb3b59e?s=96&d=mm&r=g\",\"url\":\"https:\\\/\\\/secure.gravatar.com\\\/avatar\\\/1447a49909b67aa657c488aec6512e1dd6143a480c1ecfee9b5b5cd74eb3b59e?s=96&d=mm&r=g\",\"contentUrl\":\"https:\\\/\\\/secure.gravatar.com\\\/avatar\\\/1447a49909b67aa657c488aec6512e1dd6143a480c1ecfee9b5b5cd74eb3b59e?s=96&d=mm&r=g\",\"caption\":\"CL\"},\"url\":\"https:\\\/\\\/www.webdo.tn\\\/fr\\\/actualite\\\/author\\\/cl\\\/\"}]}<\/script>\n<!-- \/ Yoast SEO Premium plugin. -->","yoast_head_json":{"title":"Affaire Adam Boulifa : L\u2019accus\u00e9 principal condamn\u00e9 \u00e0 20 ans de prison","description":"La mort du jeune Adam Boulifa au Madison avait choqu\u00e9 tous les Tunisiens. Selon son p\u00e8re et ses amis, pr\u00e9sents sur les lieux du drame, Adam a \u00e9t\u00e9 frapp\u00e9 \u00e0 mort...","canonical":"https:\/\/www.webdo.tn\/fr\/actualite\/divers\/affaire-adam-boulifa-l-accuse-principal-condamne-a-20-ans-de-prison\/206401\/","og_locale":"fr_FR","og_type":"article","og_title":"Affaire Adam Boulifa : L\u2019accus\u00e9 principal condamn\u00e9 \u00e0 20 ans de prison","og_description":"La mort du jeune Adam Boulifa au Madison avait choqu\u00e9 tous les Tunisiens. Selon son p\u00e8re et ses amis, pr\u00e9sents sur les lieux du drame, Adam a \u00e9t\u00e9 frapp\u00e9 \u00e0 mort...","og_url":"https:\/\/www.webdo.tn\/fr\/actualite\/divers\/affaire-adam-boulifa-l-accuse-principal-condamne-a-20-ans-de-prison\/206401\/","og_site_name":"webdo","article_publisher":"https:\/\/www.facebook.com\/webdotn","article_published_time":"2023-06-07T08:20:00+00:00","article_modified_time":"2025-05-20T22:50:34+00:00","og_image":[{"width":626,"height":334,"url":"https:\/\/www.webdo.tn\/fr\/wp-content\/uploads\/2023\/06\/74f454e4dfe64fe046981b2daa56e5a6.jpg","type":"image\/jpeg"}],"author":"CL","twitter_card":"summary_large_image","twitter_creator":"@webdo_tn","twitter_site":"@webdo_tn","twitter_misc":{"\u00c9crit par":"CL","Dur\u00e9e de lecture estim\u00e9e":"1 minute"},"schema":{"@context":"https:\/\/schema.org","@graph":[{"@type":"NewsArticle","@id":"https:\/\/www.webdo.tn\/fr\/actualite\/divers\/affaire-adam-boulifa-l-accuse-principal-condamne-a-20-ans-de-prison\/206401\/#article","isPartOf":{"@id":"https:\/\/www.webdo.tn\/fr\/actualite\/divers\/affaire-adam-boulifa-l-accuse-principal-condamne-a-20-ans-de-prison\/206401\/"},"author":{"name":"CL","@id":"https:\/\/www.webdo.tn\/fr\/#\/schema\/person\/f35b42a42c5e2511bbd282959d6385cc"},"headline":"Affaire Adam Boulifa : L\u2019accus\u00e9 principal condamn\u00e9 \u00e0 20 ans de prison","datePublished":"2023-06-07T08:20:00+00:00","dateModified":"2025-05-20T22:50:34+00:00","mainEntityOfPage":{"@id":"https:\/\/www.webdo.tn\/fr\/actualite\/divers\/affaire-adam-boulifa-l-accuse-principal-condamne-a-20-ans-de-prison\/206401\/"},"wordCount":260,"commentCount":0,"publisher":{"@id":"https:\/\/www.webdo.tn\/fr\/#organization"},"image":{"@id":"https:\/\/www.webdo.tn\/fr\/actualite\/divers\/affaire-adam-boulifa-l-accuse-principal-condamne-a-20-ans-de-prison\/206401\/#primaryimage"},"thumbnailUrl":"https:\/\/www.webdo.tn\/fr\/wp-content\/uploads\/2023\/06\/74f454e4dfe64fe046981b2daa56e5a6.jpg","keywords":["Adam Boulifa","Prison","Tunisie"],"articleSection":["Divers"],"inLanguage":"fr-FR"},{"@type":"WebPage","@id":"https:\/\/www.webdo.tn\/fr\/actualite\/divers\/affaire-adam-boulifa-l-accuse-principal-condamne-a-20-ans-de-prison\/206401\/","url":"https:\/\/www.webdo.tn\/fr\/actualite\/divers\/affaire-adam-boulifa-l-accuse-principal-condamne-a-20-ans-de-prison\/206401\/","name":"Affaire Adam Boulifa : L\u2019accus\u00e9 principal condamn\u00e9 \u00e0 20 ans de prison","isPartOf":{"@id":"https:\/\/www.webdo.tn\/fr\/#website"},"primaryImageOfPage":{"@id":"https:\/\/www.webdo.tn\/fr\/actualite\/divers\/affaire-adam-boulifa-l-accuse-principal-condamne-a-20-ans-de-prison\/206401\/#primaryimage"},"image":{"@id":"https:\/\/www.webdo.tn\/fr\/actualite\/divers\/affaire-adam-boulifa-l-accuse-principal-condamne-a-20-ans-de-prison\/206401\/#primaryimage"},"thumbnailUrl":"https:\/\/www.webdo.tn\/fr\/wp-content\/uploads\/2023\/06\/74f454e4dfe64fe046981b2daa56e5a6.jpg","datePublished":"2023-06-07T08:20:00+00:00","dateModified":"2025-05-20T22:50:34+00:00","description":"La mort du jeune Adam Boulifa au Madison avait choqu\u00e9 tous les Tunisiens. Selon son p\u00e8re et ses amis, pr\u00e9sents sur les lieux du drame, Adam a \u00e9t\u00e9 frapp\u00e9 \u00e0 mort...","breadcrumb":{"@id":"https:\/\/www.webdo.tn\/fr\/actualite\/divers\/affaire-adam-boulifa-l-accuse-principal-condamne-a-20-ans-de-prison\/206401\/#breadcrumb"},"inLanguage":"fr-FR","potentialAction":[{"@type":"ReadAction","target":["https:\/\/www.webdo.tn\/fr\/actualite\/divers\/affaire-adam-boulifa-l-accuse-principal-condamne-a-20-ans-de-prison\/206401\/"]}]},{"@type":"ImageObject","inLanguage":"fr-FR","@id":"https:\/\/www.webdo.tn\/fr\/actualite\/divers\/affaire-adam-boulifa-l-accuse-principal-condamne-a-20-ans-de-prison\/206401\/#primaryimage","url":"https:\/\/www.webdo.tn\/fr\/wp-content\/uploads\/2023\/06\/74f454e4dfe64fe046981b2daa56e5a6.jpg","contentUrl":"https:\/\/www.webdo.tn\/fr\/wp-content\/uploads\/2023\/06\/74f454e4dfe64fe046981b2daa56e5a6.jpg","width":626,"height":334,"caption":"Affaire Adam Boulifa : L\u2019accus\u00e9 principal condamn\u00e9 \u00e0 20 ans de prison"},{"@type":"BreadcrumbList","@id":"https:\/\/www.webdo.tn\/fr\/actualite\/divers\/affaire-adam-boulifa-l-accuse-principal-condamne-a-20-ans-de-prison\/206401\/#breadcrumb","itemListElement":[{"@type":"ListItem","position":1,"name":"Accueil","item":"https:\/\/www.webdo.tn\/fr\/"},{"@type":"ListItem","position":2,"name":"Affaire Adam Boulifa : L\u2019accus\u00e9 principal condamn\u00e9 \u00e0 20 ans de prison"}]},{"@type":"WebSite","@id":"https:\/\/www.webdo.tn\/fr\/#website","url":"https:\/\/www.webdo.tn\/fr\/","name":"webdo","description":"Tunisie - News en Tunisie et \u00e0 l&#039;international sur Webdo.tn","publisher":{"@id":"https:\/\/www.webdo.tn\/fr\/#organization"},"potentialAction":[{"@type":"SearchAction","target":{"@type":"EntryPoint","urlTemplate":"https:\/\/www.webdo.tn\/fr\/?s={search_term_string}"},"query-input":{"@type":"PropertyValueSpecification","valueRequired":true,"valueName":"search_term_string"}}],"inLanguage":"fr-FR"},{"@type":"Organization","@id":"https:\/\/www.webdo.tn\/fr\/#organization","name":"Webdo","alternateName":"Webdo.tn","url":"https:\/\/www.webdo.tn\/fr\/","logo":{"@type":"ImageObject","inLanguage":"fr-FR","@id":"https:\/\/www.webdo.tn\/fr\/#\/schema\/logo\/image\/","url":"https:\/\/www.webdo.tn\/fr\/wp-content\/uploads\/2025\/06\/Webdo-Tunisie_168377.jpg","contentUrl":"https:\/\/www.webdo.tn\/fr\/wp-content\/uploads\/2025\/06\/Webdo-Tunisie_168377.jpg","width":301,"height":301,"caption":"Webdo"},"image":{"@id":"https:\/\/www.webdo.tn\/fr\/#\/schema\/logo\/image\/"},"sameAs":["https:\/\/www.facebook.com\/webdotn","https:\/\/x.com\/webdo_tn"],"description":"Webdo est un m\u00e9dia num\u00e9rique tunisien fond\u00e9 en 2010, sp\u00e9cialis\u00e9 dans l\u2019actualit\u00e9 nationale et internationale, l\u2019\u00e9conomie, la soci\u00e9t\u00e9 et les analyses politiques. Le site s\u2019adresse \u00e0 un large public francophone et couvre l\u2019information tunisienne en temps r\u00e9el.","email":"redac@webdo.tn","legalName":"YNJ SARL","foundingDate":"2010-09-06","numberOfEmployees":{"@type":"QuantitativeValue","minValue":"11","maxValue":"50"}},{"@type":"Person","@id":"https:\/\/www.webdo.tn\/fr\/#\/schema\/person\/f35b42a42c5e2511bbd282959d6385cc","name":"CL","image":{"@type":"ImageObject","inLanguage":"fr-FR","@id":"https:\/\/secure.gravatar.com\/avatar\/1447a49909b67aa657c488aec6512e1dd6143a480c1ecfee9b5b5cd74eb3b59e?s=96&d=mm&r=g","url":"https:\/\/secure.gravatar.com\/avatar\/1447a49909b67aa657c488aec6512e1dd6143a480c1ecfee9b5b5cd74eb3b59e?s=96&d=mm&r=g","contentUrl":"https:\/\/secure.gravatar.com\/avatar\/1447a49909b67aa657c488aec6512e1dd6143a480c1ecfee9b5b5cd74eb3b59e?s=96&d=mm&r=g","caption":"CL"},"url":"https:\/\/www.webdo.tn\/fr\/actualite\/author\/cl\/"}]}},"_links":{"self":[{"href":"https:\/\/www.webdo.tn\/fr\/wp-json\/wp\/v2\/posts\/206401","targetHints":{"allow":["GET"]}}],"collection":[{"href":"https:\/\/www.webdo.tn\/fr\/wp-json\/wp\/v2\/posts"}],"about":[{"href":"https:\/\/www.webdo.tn\/fr\/wp-json\/wp\/v2\/types\/post"}],"author":[{"embeddable":true,"href":"https:\/\/www.webdo.tn\/fr\/wp-json\/wp\/v2\/users\/3175"}],"replies":[{"embeddable":true,"href":"https:\/\/www.webdo.tn\/fr\/wp-json\/wp\/v2\/comments?post=206401"}],"version-history":[{"count":0,"href":"https:\/\/www.webdo.tn\/fr\/wp-json\/wp\/v2\/posts\/206401\/revisions"}],"wp:featuredmedia":[{"embeddable":true,"href":"https:\/\/www.webdo.tn\/fr\/wp-json\/wp\/v2\/media\/278299"}],"wp:attachment":[{"href":"https:\/\/www.webdo.tn\/fr\/wp-json\/wp\/v2\/media?parent=206401"}],"wp:term":[{"taxonomy":"category","embeddable":true,"href":"https:\/\/www.webdo.tn\/fr\/wp-json\/wp\/v2\/categories?post=206401"},{"taxonomy":"post_tag","embeddable":true,"href":"https:\/\/www.webdo.tn\/fr\/wp-json\/wp\/v2\/tags?post=206401"}],"curies":[{"name":"wp","href":"https:\/\/api.w.org\/{rel}","templated":true}]}}