{"id":206399,"date":"2023-06-07T07:50:00","date_gmt":"2023-06-07T07:50:00","guid":{"rendered":"https:\/\/www.webdo.tn\/fr\/blog\/le-festival-de-cannes-devoile-les-dates-de-sa-77e-edition-en-2024\/206399\/"},"modified":"2025-05-21T08:57:06","modified_gmt":"2025-05-21T08:57:06","slug":"le-festival-de-cannes-devoile-les-dates-de-sa-77e-edition-en-2024","status":"publish","type":"post","link":"https:\/\/www.webdo.tn\/fr\/actualite\/culture\/le-festival-de-cannes-devoile-les-dates-de-sa-77e-edition-en-2024\/206399\/","title":{"rendered":"Le Festival de Cannes d\u00e9voile les dates de sa 77e \u00e9dition en 2024"},"content":{"rendered":"<div class=\"single-body entry-content typography-copy\" itemprop=\"articleBody\">\n<p style=\"font-weight: bold; text-align: justify\">\n\t\t\t\t\t\t\t\t\tLe Festival de Cannes a r\u00e9cemment d\u00e9voil\u00e9 les dates de sa 77e \u00e9dition, qui se tiendra du mardi 14 mai au samedi 25 mai 2024. Cette annonce a \u00e9t\u00e9 relay\u00e9e via les r\u00e9seaux sociaux, accompagn\u00e9e d&rsquo;un message prometteur : \u00ab\u00a0Rendez-vous l&rsquo;ann\u00e9e prochaine pour une nouvelle c\u00e9l\u00e9bration du cin\u00e9ma international \u00ab\u00a0.\n\t\t\t\t\t\t\t\t<\/p>\n<div class=\"coprs\" style=\"text-align: center\"><\/div>\n<div class=\"coprs\" style=\"text-align: justify\">\n<p><span><span>La pr\u00e9c\u00e9dente \u00e9dition du festival, qui s&rsquo;est d\u00e9roul\u00e9e du 16 au 27 mai 2023, a \u00e9t\u00e9 marqu\u00e9e par la victoire du film <em><a href=\"https:\/\/www.webdo.tn\/fr\/actualite\/culture\/cannes-2023-anatomie-d-une-chute-une-exploration-complexe-des-relations-humaines-sous-le-prisme-judiciaire\/206187\">L&rsquo;Anatomie d\u2019une chute r\u00e9alis\u00e9 par Justine Triet<\/a><\/em>, qui a remport\u00e9 la prestigieuse Palme d&rsquo;or. <\/span><\/span><\/p>\n<p><span><span><a href=\"https:\/\/www.webdo.tn\/fr\/actualite\/culture\/cannes-2023-palmares-palme-d-or-anatomie-d-une-chute\/206119\">Parmi les autres laur\u00e9ats<\/a>, on retrouve <a href=\"https:\/\/www.webdo.tn\/fr\/actualite\/culture\/cannes-2023-the-zone-of-interest-une-immersion-troublante-dans-l-univers-domestique-nazi-d-auschwitz\/206264\">le tr\u00e8s beau film <em>The Zone Of Interest<\/em> de Jonathan Glazer<\/a>, qui a remport\u00e9 le Grand Prix, ainsi que <em>Les Feuilles Mortes<\/em>\u00a0de Aki Kaurism\u00e4ki, r\u00e9compens\u00e9 par le Prix du Jury.<\/span><\/span><\/p>\n<p>\u00a0<\/p>\n<p><img decoding=\"async\" alt=\"\" height=\"880\" src=\"\/assets\/uploads\/images\/\/Neila\/CANNES%202024.jpeg\" width=\"880\"><\/p>\n<p>\u00a0<\/p>\n<p><span><span>Par ailleurs, la 76e \u00e9dition du Festival de Cannes a \u00e9t\u00e9 particuli\u00e8rement exceptionnelle pour les Tunisiens. En effet, <a href=\"https:\/\/www.webdo.tn\/fr\/actualite\/culture\/cannes-2023-les-filles-d-olfa-de-kaouther-ben-hania-en-selection-officielle\/204822\">le film <em>Les Filles d&rsquo;Olfa<\/em>, r\u00e9alis\u00e9 par Kaouther en Hania, a \u00e9t\u00e9 s\u00e9lectionn\u00e9 en comp\u00e9tition officielle<\/a>, ce qui ne s&rsquo;\u00e9tait plus produit <a href=\"https:\/\/www.webdo.tn\/fr\/actualite\/culture\/le-cinema-tunisien-au-festival-de-cannes-de-1955-a-2023\/205546\">depuis 1970 avec le film <em>Une si simple histoire <\/em>d&rsquo;Abdellatif Ben Ammar<\/a>. Cette pr\u00e9sence tunisienne a \u00e9t\u00e9 marqu\u00e9e par une cons\u00e9cration remarquable, puisque <em><a href=\"https:\/\/www.webdo.tn\/fr\/actualite\/culture\/cannes-2023-quatre-prix-pour-les-filles-d-olfa-de-kaouther-ben-hania\/206114\">Les filles d\u2019Olfa a remport\u00e9 quatre prix lors du festival.<\/a><\/em><\/span><\/span><\/p>\n<p><span><span>De plus, la 76e \u00e9dition a \u00e9galement connu une forte repr\u00e9sentation des films arabes, <a href=\"https:\/\/www.webdo.tn\/fr\/actualite\/culture\/cannes-2023-films-arabes\/205735\">avec la participation de 14 films arabes dans diff\u00e9rentes sections du festival.<\/a> Parmi les 12 films en comp\u00e9tition, <a href=\"https:\/\/www.webdo.tn\/fr\/actualite\/culture\/cannes-2023\/206160\">pas moins de 7 ont \u00e9t\u00e9 r\u00e9compens\u00e9s<\/a>, t\u00e9moignant ainsi de la reconnaissance du talent des cin\u00e9astes arabes et de la qualit\u00e9 de leurs \u0153uvres.<\/span><\/span><\/p>\n<p><span><span>Ces succ\u00e8s t\u00e9moignent de la vitalit\u00e9 et de la diversit\u00e9 du cin\u00e9ma tunisien et arabe, ainsi que de leur pr\u00e9sence grandissante sur la sc\u00e8ne internationale. <\/span><\/span><\/p>\n<p><span><span>Le Festival de Cannes joue un r\u00f4le majeur dans la promotion et la valorisation de ces cin\u00e9matographies, offrant une visibilit\u00e9 exceptionnelle aux talents \u00e9mergents et consacrant les r\u00e9alisations artistiques les plus marquantes.<\/span><\/span><\/p>\n<p><span><span>La 77e \u00e9dition du Festival de Cannes promet donc de nouvelles d\u00e9couvertes cin\u00e9matographiques, avec une s\u00e9lection vari\u00e9e de films du monde entier. Ce rendez-vous annuel tant attendu par les passionn\u00e9s et les professionels du septi\u00e8me art constitue une occasion unique de c\u00e9l\u00e9brer la cr\u00e9ativit\u00e9 et le talent des cin\u00e9astes internationaux, tout en renfor\u00e7ant les liens entre les cultures cin\u00e9matographiques.<\/span><\/span><\/p>\n<p><span><span><strong>Ne\u00efla Driss<\/strong><\/span><\/span><\/p>\n<p>\u00a0<\/p>\n<\/p><\/div>\n<div class=\"coprs\" style=\"text-align: center\"><\/div><\/div>\n","protected":false},"excerpt":{"rendered":"<p>Le Festival de Cannes a r\u00e9cemment d\u00e9voil\u00e9 les dates de sa 77e \u00e9dition, qui se tiendra du mardi 14 mai au samedi 25 mai 2024. Cette annonce a \u00e9t\u00e9 relay\u00e9e via les&#8230;<\/p>\n","protected":false},"author":3164,"featured_media":278295,"comment_status":"open","ping_status":"closed","sticky":false,"template":"","format":"standard","meta":{"footnotes":""},"categories":[2594],"tags":[4180,2627],"class_list":["post-206399","post","type-post","status-publish","format-standard","has-post-thumbnail","hentry","category-culture","tag-cannes-2024","tag-festival-de-cannes"],"yoast_head":"<!-- This site is optimized with the Yoast SEO Premium plugin v27.5 (Yoast SEO v27.5) - https:\/\/yoast.com\/product\/yoast-seo-premium-wordpress\/ -->\n<title>Le Festival de Cannes d\u00e9voile les dates de sa 77e \u00e9dition en 2024<\/title>\n<meta name=\"description\" content=\"Le Festival de Cannes a r\u00e9cemment d\u00e9voil\u00e9 les dates de sa 77e \u00e9dition, qui se tiendra du mardi 14 mai au samedi 25 mai 2024. Cette annonce a \u00e9t\u00e9 relay\u00e9e via les...\" \/>\n<link rel=\"canonical\" href=\"https:\/\/www.webdo.tn\/fr\/actualite\/culture\/le-festival-de-cannes-devoile-les-dates-de-sa-77e-edition-en-2024\/206399\/\" \/>\n<meta property=\"og:locale\" content=\"fr_FR\" \/>\n<meta property=\"og:type\" content=\"article\" \/>\n<meta property=\"og:title\" content=\"Le Festival de Cannes d\u00e9voile les dates de sa 77e \u00e9dition en 2024\" \/>\n<meta property=\"og:description\" content=\"Le Festival de Cannes a r\u00e9cemment d\u00e9voil\u00e9 les dates de sa 77e \u00e9dition, qui se tiendra du mardi 14 mai au samedi 25 mai 2024. Cette annonce a \u00e9t\u00e9 relay\u00e9e via les...\" \/>\n<meta property=\"og:url\" content=\"https:\/\/www.webdo.tn\/fr\/actualite\/culture\/le-festival-de-cannes-devoile-les-dates-de-sa-77e-edition-en-2024\/206399\/\" \/>\n<meta property=\"og:site_name\" content=\"webdo\" \/>\n<meta property=\"article:publisher\" content=\"https:\/\/www.facebook.com\/webdotn\" \/>\n<meta property=\"article:author\" content=\"https:\/\/www.facebook.com\/massir.destiniii\/\" \/>\n<meta property=\"article:published_time\" content=\"2023-06-07T07:50:00+00:00\" \/>\n<meta property=\"article:modified_time\" content=\"2025-05-21T08:57:06+00:00\" \/>\n<meta property=\"og:image\" content=\"https:\/\/www.webdo.tn\/fr\/wp-content\/uploads\/2023\/06\/aa3ed6ad124bda273f27b439d29a5495.jpeg\" \/>\n\t<meta property=\"og:image:width\" content=\"750\" \/>\n\t<meta property=\"og:image:height\" content=\"400\" \/>\n\t<meta property=\"og:image:type\" content=\"image\/jpeg\" \/>\n<meta name=\"author\" content=\"Ne\u00efla DRISS\" \/>\n<meta name=\"twitter:card\" content=\"summary_large_image\" \/>\n<meta name=\"twitter:creator\" content=\"@https:\/\/x.com\/MassirDestin\" \/>\n<meta name=\"twitter:site\" content=\"@webdo_tn\" \/>\n<meta name=\"twitter:label1\" content=\"\u00c9crit par\" \/>\n\t<meta name=\"twitter:data1\" content=\"Ne\u00efla DRISS\" \/>\n\t<meta name=\"twitter:label2\" content=\"Dur\u00e9e de lecture estim\u00e9e\" \/>\n\t<meta name=\"twitter:data2\" content=\"2 minutes\" \/>\n<script type=\"application\/ld+json\" class=\"yoast-schema-graph\">{\"@context\":\"https:\\\/\\\/schema.org\",\"@graph\":[{\"@type\":\"NewsArticle\",\"@id\":\"https:\\\/\\\/www.webdo.tn\\\/fr\\\/actualite\\\/culture\\\/le-festival-de-cannes-devoile-les-dates-de-sa-77e-edition-en-2024\\\/206399\\\/#article\",\"isPartOf\":{\"@id\":\"https:\\\/\\\/www.webdo.tn\\\/fr\\\/actualite\\\/culture\\\/le-festival-de-cannes-devoile-les-dates-de-sa-77e-edition-en-2024\\\/206399\\\/\"},\"author\":{\"name\":\"Ne\u00efla DRISS\",\"@id\":\"https:\\\/\\\/www.webdo.tn\\\/fr\\\/#\\\/schema\\\/person\\\/60d5ba619ed3f58783b0dc82b7dada80\"},\"headline\":\"Le Festival de Cannes d\u00e9voile les dates de sa 77e \u00e9dition en 2024\",\"datePublished\":\"2023-06-07T07:50:00+00:00\",\"dateModified\":\"2025-05-21T08:57:06+00:00\",\"mainEntityOfPage\":{\"@id\":\"https:\\\/\\\/www.webdo.tn\\\/fr\\\/actualite\\\/culture\\\/le-festival-de-cannes-devoile-les-dates-de-sa-77e-edition-en-2024\\\/206399\\\/\"},\"wordCount\":435,\"commentCount\":0,\"publisher\":{\"@id\":\"https:\\\/\\\/www.webdo.tn\\\/fr\\\/#organization\"},\"image\":{\"@id\":\"https:\\\/\\\/www.webdo.tn\\\/fr\\\/actualite\\\/culture\\\/le-festival-de-cannes-devoile-les-dates-de-sa-77e-edition-en-2024\\\/206399\\\/#primaryimage\"},\"thumbnailUrl\":\"https:\\\/\\\/www.webdo.tn\\\/fr\\\/wp-content\\\/uploads\\\/2023\\\/06\\\/aa3ed6ad124bda273f27b439d29a5495.jpeg\",\"keywords\":[\"Cannes 2024\",\"Festival de Cannes\"],\"articleSection\":[\"Culture\"],\"inLanguage\":\"fr-FR\"},{\"@type\":\"WebPage\",\"@id\":\"https:\\\/\\\/www.webdo.tn\\\/fr\\\/actualite\\\/culture\\\/le-festival-de-cannes-devoile-les-dates-de-sa-77e-edition-en-2024\\\/206399\\\/\",\"url\":\"https:\\\/\\\/www.webdo.tn\\\/fr\\\/actualite\\\/culture\\\/le-festival-de-cannes-devoile-les-dates-de-sa-77e-edition-en-2024\\\/206399\\\/\",\"name\":\"Le Festival de Cannes d\u00e9voile les dates de sa 77e \u00e9dition en 2024\",\"isPartOf\":{\"@id\":\"https:\\\/\\\/www.webdo.tn\\\/fr\\\/#website\"},\"primaryImageOfPage\":{\"@id\":\"https:\\\/\\\/www.webdo.tn\\\/fr\\\/actualite\\\/culture\\\/le-festival-de-cannes-devoile-les-dates-de-sa-77e-edition-en-2024\\\/206399\\\/#primaryimage\"},\"image\":{\"@id\":\"https:\\\/\\\/www.webdo.tn\\\/fr\\\/actualite\\\/culture\\\/le-festival-de-cannes-devoile-les-dates-de-sa-77e-edition-en-2024\\\/206399\\\/#primaryimage\"},\"thumbnailUrl\":\"https:\\\/\\\/www.webdo.tn\\\/fr\\\/wp-content\\\/uploads\\\/2023\\\/06\\\/aa3ed6ad124bda273f27b439d29a5495.jpeg\",\"datePublished\":\"2023-06-07T07:50:00+00:00\",\"dateModified\":\"2025-05-21T08:57:06+00:00\",\"description\":\"Le Festival de Cannes a r\u00e9cemment d\u00e9voil\u00e9 les dates de sa 77e \u00e9dition, qui se tiendra du mardi 14 mai au samedi 25 mai 2024. Cette annonce a \u00e9t\u00e9 relay\u00e9e via les...\",\"breadcrumb\":{\"@id\":\"https:\\\/\\\/www.webdo.tn\\\/fr\\\/actualite\\\/culture\\\/le-festival-de-cannes-devoile-les-dates-de-sa-77e-edition-en-2024\\\/206399\\\/#breadcrumb\"},\"inLanguage\":\"fr-FR\",\"potentialAction\":[{\"@type\":\"ReadAction\",\"target\":[\"https:\\\/\\\/www.webdo.tn\\\/fr\\\/actualite\\\/culture\\\/le-festival-de-cannes-devoile-les-dates-de-sa-77e-edition-en-2024\\\/206399\\\/\"]}]},{\"@type\":\"ImageObject\",\"inLanguage\":\"fr-FR\",\"@id\":\"https:\\\/\\\/www.webdo.tn\\\/fr\\\/actualite\\\/culture\\\/le-festival-de-cannes-devoile-les-dates-de-sa-77e-edition-en-2024\\\/206399\\\/#primaryimage\",\"url\":\"https:\\\/\\\/www.webdo.tn\\\/fr\\\/wp-content\\\/uploads\\\/2023\\\/06\\\/aa3ed6ad124bda273f27b439d29a5495.jpeg\",\"contentUrl\":\"https:\\\/\\\/www.webdo.tn\\\/fr\\\/wp-content\\\/uploads\\\/2023\\\/06\\\/aa3ed6ad124bda273f27b439d29a5495.jpeg\",\"width\":750,\"height\":400,\"caption\":\"Le Festival de Cannes d\u00e9voile les dates de sa 77e \u00e9dition en 2024\"},{\"@type\":\"BreadcrumbList\",\"@id\":\"https:\\\/\\\/www.webdo.tn\\\/fr\\\/actualite\\\/culture\\\/le-festival-de-cannes-devoile-les-dates-de-sa-77e-edition-en-2024\\\/206399\\\/#breadcrumb\",\"itemListElement\":[{\"@type\":\"ListItem\",\"position\":1,\"name\":\"Accueil\",\"item\":\"https:\\\/\\\/www.webdo.tn\\\/fr\\\/\"},{\"@type\":\"ListItem\",\"position\":2,\"name\":\"Le Festival de Cannes d\u00e9voile les dates de sa 77e \u00e9dition en 2024\"}]},{\"@type\":\"WebSite\",\"@id\":\"https:\\\/\\\/www.webdo.tn\\\/fr\\\/#website\",\"url\":\"https:\\\/\\\/www.webdo.tn\\\/fr\\\/\",\"name\":\"webdo\",\"description\":\"Tunisie - News en Tunisie et \u00e0 l&#039;international sur Webdo.tn\",\"publisher\":{\"@id\":\"https:\\\/\\\/www.webdo.tn\\\/fr\\\/#organization\"},\"potentialAction\":[{\"@type\":\"SearchAction\",\"target\":{\"@type\":\"EntryPoint\",\"urlTemplate\":\"https:\\\/\\\/www.webdo.tn\\\/fr\\\/?s={search_term_string}\"},\"query-input\":{\"@type\":\"PropertyValueSpecification\",\"valueRequired\":true,\"valueName\":\"search_term_string\"}}],\"inLanguage\":\"fr-FR\"},{\"@type\":\"Organization\",\"@id\":\"https:\\\/\\\/www.webdo.tn\\\/fr\\\/#organization\",\"name\":\"Webdo\",\"alternateName\":\"Webdo.tn\",\"url\":\"https:\\\/\\\/www.webdo.tn\\\/fr\\\/\",\"logo\":{\"@type\":\"ImageObject\",\"inLanguage\":\"fr-FR\",\"@id\":\"https:\\\/\\\/www.webdo.tn\\\/fr\\\/#\\\/schema\\\/logo\\\/image\\\/\",\"url\":\"https:\\\/\\\/www.webdo.tn\\\/fr\\\/wp-content\\\/uploads\\\/2025\\\/06\\\/Webdo-Tunisie_168377.jpg\",\"contentUrl\":\"https:\\\/\\\/www.webdo.tn\\\/fr\\\/wp-content\\\/uploads\\\/2025\\\/06\\\/Webdo-Tunisie_168377.jpg\",\"width\":301,\"height\":301,\"caption\":\"Webdo\"},\"image\":{\"@id\":\"https:\\\/\\\/www.webdo.tn\\\/fr\\\/#\\\/schema\\\/logo\\\/image\\\/\"},\"sameAs\":[\"https:\\\/\\\/www.facebook.com\\\/webdotn\",\"https:\\\/\\\/x.com\\\/webdo_tn\"],\"description\":\"Webdo est un m\u00e9dia num\u00e9rique tunisien fond\u00e9 en 2010, sp\u00e9cialis\u00e9 dans l\u2019actualit\u00e9 nationale et internationale, l\u2019\u00e9conomie, la soci\u00e9t\u00e9 et les analyses politiques. Le site s\u2019adresse \u00e0 un large public francophone et couvre l\u2019information tunisienne en temps r\u00e9el.\",\"email\":\"redac@webdo.tn\",\"legalName\":\"YNJ SARL\",\"foundingDate\":\"2010-09-06\",\"numberOfEmployees\":{\"@type\":\"QuantitativeValue\",\"minValue\":\"11\",\"maxValue\":\"50\"}},{\"@type\":\"Person\",\"@id\":\"https:\\\/\\\/www.webdo.tn\\\/fr\\\/#\\\/schema\\\/person\\\/60d5ba619ed3f58783b0dc82b7dada80\",\"name\":\"Ne\u00efla DRISS\",\"image\":{\"@type\":\"ImageObject\",\"inLanguage\":\"fr-FR\",\"@id\":\"https:\\\/\\\/www.webdo.tn\\\/fr\\\/wp-content\\\/uploads\\\/2026\\\/04\\\/neila-driss_avatar-96x96.jpg\",\"url\":\"https:\\\/\\\/www.webdo.tn\\\/fr\\\/wp-content\\\/uploads\\\/2026\\\/04\\\/neila-driss_avatar-96x96.jpg\",\"contentUrl\":\"https:\\\/\\\/www.webdo.tn\\\/fr\\\/wp-content\\\/uploads\\\/2026\\\/04\\\/neila-driss_avatar-96x96.jpg\",\"caption\":\"Ne\u00efla DRISS\"},\"description\":\"Ne\u00efla Driss est juriste, journaliste culturelle et critique de cin\u00e9ma tunisienne. Titulaire d\u2019un DEA en droit priv\u00e9 de l\u2019Universit\u00e9 Paris II et d\u2019un DESS de l\u2019IHEC Carthage, elle d\u00e9bute sa carri\u00e8re comme juriste sp\u00e9cialis\u00e9e en gestion de patrimoine immobilier. Elle s\u2019oriente ensuite vers l\u2019\u00e9criture en ligne, o\u00f9 elle se distingue d\u00e8s 2006 aux Tunisia Blog Awards, avant de se consacrer au journalisme culturel, avec une sp\u00e9cialisation dans la critique cin\u00e9matographique. Elle couvre r\u00e9guli\u00e8rement les grands festivals internationaux, notamment le Festival de Cannes, les Journ\u00e9es Cin\u00e9matographiques de Carthage et le Festival du film du Caire. Membre de l\u2019ATPCC et de la FIPRESCI, elle participe \u00e0 des jurys et initiatives internationales de critique. Depuis 2024, elle est \u00e9lectrice internationale aux Golden Globes. Facebook : https:\\\/\\\/www.facebook.com\\\/massir.destiniii\\\/ X : https:\\\/\\\/x.com\\\/MassirDestin\",\"sameAs\":[\"https:\\\/\\\/www.facebook.com\\\/massir.destiniii\\\/\",\"https:\\\/\\\/www.instagram.com\\\/neila.driss\\\/?hl=fr\",\"https:\\\/\\\/www.linkedin.com\\\/in\\\/neila-driss-22606a80\\\/\",\"https:\\\/\\\/x.com\\\/https:\\\/\\\/x.com\\\/MassirDestin\"],\"knowsAbout\":[\"Cin\u00e9ma international\",\"critique cin\u00e9matographique\",\"festivals de cin\u00e9ma\",\"journalisme culturel\"],\"knowsLanguage\":[\"Fran\u00e7ais\",\"Arabe\",\"Anglais\"],\"jobTitle\":\"Journaliste culturelle et critique de cin\u00e9ma\",\"worksFor\":\"Webdo\",\"url\":\"https:\\\/\\\/www.webdo.tn\\\/fr\\\/actualite\\\/author\\\/neila-driss\\\/\"}]}<\/script>\n<!-- \/ Yoast SEO Premium plugin. -->","yoast_head_json":{"title":"Le Festival de Cannes d\u00e9voile les dates de sa 77e \u00e9dition en 2024","description":"Le Festival de Cannes a r\u00e9cemment d\u00e9voil\u00e9 les dates de sa 77e \u00e9dition, qui se tiendra du mardi 14 mai au samedi 25 mai 2024. Cette annonce a \u00e9t\u00e9 relay\u00e9e via les...","canonical":"https:\/\/www.webdo.tn\/fr\/actualite\/culture\/le-festival-de-cannes-devoile-les-dates-de-sa-77e-edition-en-2024\/206399\/","og_locale":"fr_FR","og_type":"article","og_title":"Le Festival de Cannes d\u00e9voile les dates de sa 77e \u00e9dition en 2024","og_description":"Le Festival de Cannes a r\u00e9cemment d\u00e9voil\u00e9 les dates de sa 77e \u00e9dition, qui se tiendra du mardi 14 mai au samedi 25 mai 2024. Cette annonce a \u00e9t\u00e9 relay\u00e9e via les...","og_url":"https:\/\/www.webdo.tn\/fr\/actualite\/culture\/le-festival-de-cannes-devoile-les-dates-de-sa-77e-edition-en-2024\/206399\/","og_site_name":"webdo","article_publisher":"https:\/\/www.facebook.com\/webdotn","article_author":"https:\/\/www.facebook.com\/massir.destiniii\/","article_published_time":"2023-06-07T07:50:00+00:00","article_modified_time":"2025-05-21T08:57:06+00:00","og_image":[{"width":750,"height":400,"url":"https:\/\/www.webdo.tn\/fr\/wp-content\/uploads\/2023\/06\/aa3ed6ad124bda273f27b439d29a5495.jpeg","type":"image\/jpeg"}],"author":"Ne\u00efla DRISS","twitter_card":"summary_large_image","twitter_creator":"@https:\/\/x.com\/MassirDestin","twitter_site":"@webdo_tn","twitter_misc":{"\u00c9crit par":"Ne\u00efla DRISS","Dur\u00e9e de lecture estim\u00e9e":"2 minutes"},"schema":{"@context":"https:\/\/schema.org","@graph":[{"@type":"NewsArticle","@id":"https:\/\/www.webdo.tn\/fr\/actualite\/culture\/le-festival-de-cannes-devoile-les-dates-de-sa-77e-edition-en-2024\/206399\/#article","isPartOf":{"@id":"https:\/\/www.webdo.tn\/fr\/actualite\/culture\/le-festival-de-cannes-devoile-les-dates-de-sa-77e-edition-en-2024\/206399\/"},"author":{"name":"Ne\u00efla DRISS","@id":"https:\/\/www.webdo.tn\/fr\/#\/schema\/person\/60d5ba619ed3f58783b0dc82b7dada80"},"headline":"Le Festival de Cannes d\u00e9voile les dates de sa 77e \u00e9dition en 2024","datePublished":"2023-06-07T07:50:00+00:00","dateModified":"2025-05-21T08:57:06+00:00","mainEntityOfPage":{"@id":"https:\/\/www.webdo.tn\/fr\/actualite\/culture\/le-festival-de-cannes-devoile-les-dates-de-sa-77e-edition-en-2024\/206399\/"},"wordCount":435,"commentCount":0,"publisher":{"@id":"https:\/\/www.webdo.tn\/fr\/#organization"},"image":{"@id":"https:\/\/www.webdo.tn\/fr\/actualite\/culture\/le-festival-de-cannes-devoile-les-dates-de-sa-77e-edition-en-2024\/206399\/#primaryimage"},"thumbnailUrl":"https:\/\/www.webdo.tn\/fr\/wp-content\/uploads\/2023\/06\/aa3ed6ad124bda273f27b439d29a5495.jpeg","keywords":["Cannes 2024","Festival de Cannes"],"articleSection":["Culture"],"inLanguage":"fr-FR"},{"@type":"WebPage","@id":"https:\/\/www.webdo.tn\/fr\/actualite\/culture\/le-festival-de-cannes-devoile-les-dates-de-sa-77e-edition-en-2024\/206399\/","url":"https:\/\/www.webdo.tn\/fr\/actualite\/culture\/le-festival-de-cannes-devoile-les-dates-de-sa-77e-edition-en-2024\/206399\/","name":"Le Festival de Cannes d\u00e9voile les dates de sa 77e \u00e9dition en 2024","isPartOf":{"@id":"https:\/\/www.webdo.tn\/fr\/#website"},"primaryImageOfPage":{"@id":"https:\/\/www.webdo.tn\/fr\/actualite\/culture\/le-festival-de-cannes-devoile-les-dates-de-sa-77e-edition-en-2024\/206399\/#primaryimage"},"image":{"@id":"https:\/\/www.webdo.tn\/fr\/actualite\/culture\/le-festival-de-cannes-devoile-les-dates-de-sa-77e-edition-en-2024\/206399\/#primaryimage"},"thumbnailUrl":"https:\/\/www.webdo.tn\/fr\/wp-content\/uploads\/2023\/06\/aa3ed6ad124bda273f27b439d29a5495.jpeg","datePublished":"2023-06-07T07:50:00+00:00","dateModified":"2025-05-21T08:57:06+00:00","description":"Le Festival de Cannes a r\u00e9cemment d\u00e9voil\u00e9 les dates de sa 77e \u00e9dition, qui se tiendra du mardi 14 mai au samedi 25 mai 2024. Cette annonce a \u00e9t\u00e9 relay\u00e9e via les...","breadcrumb":{"@id":"https:\/\/www.webdo.tn\/fr\/actualite\/culture\/le-festival-de-cannes-devoile-les-dates-de-sa-77e-edition-en-2024\/206399\/#breadcrumb"},"inLanguage":"fr-FR","potentialAction":[{"@type":"ReadAction","target":["https:\/\/www.webdo.tn\/fr\/actualite\/culture\/le-festival-de-cannes-devoile-les-dates-de-sa-77e-edition-en-2024\/206399\/"]}]},{"@type":"ImageObject","inLanguage":"fr-FR","@id":"https:\/\/www.webdo.tn\/fr\/actualite\/culture\/le-festival-de-cannes-devoile-les-dates-de-sa-77e-edition-en-2024\/206399\/#primaryimage","url":"https:\/\/www.webdo.tn\/fr\/wp-content\/uploads\/2023\/06\/aa3ed6ad124bda273f27b439d29a5495.jpeg","contentUrl":"https:\/\/www.webdo.tn\/fr\/wp-content\/uploads\/2023\/06\/aa3ed6ad124bda273f27b439d29a5495.jpeg","width":750,"height":400,"caption":"Le Festival de Cannes d\u00e9voile les dates de sa 77e \u00e9dition en 2024"},{"@type":"BreadcrumbList","@id":"https:\/\/www.webdo.tn\/fr\/actualite\/culture\/le-festival-de-cannes-devoile-les-dates-de-sa-77e-edition-en-2024\/206399\/#breadcrumb","itemListElement":[{"@type":"ListItem","position":1,"name":"Accueil","item":"https:\/\/www.webdo.tn\/fr\/"},{"@type":"ListItem","position":2,"name":"Le Festival de Cannes d\u00e9voile les dates de sa 77e \u00e9dition en 2024"}]},{"@type":"WebSite","@id":"https:\/\/www.webdo.tn\/fr\/#website","url":"https:\/\/www.webdo.tn\/fr\/","name":"webdo","description":"Tunisie - News en Tunisie et \u00e0 l&#039;international sur Webdo.tn","publisher":{"@id":"https:\/\/www.webdo.tn\/fr\/#organization"},"potentialAction":[{"@type":"SearchAction","target":{"@type":"EntryPoint","urlTemplate":"https:\/\/www.webdo.tn\/fr\/?s={search_term_string}"},"query-input":{"@type":"PropertyValueSpecification","valueRequired":true,"valueName":"search_term_string"}}],"inLanguage":"fr-FR"},{"@type":"Organization","@id":"https:\/\/www.webdo.tn\/fr\/#organization","name":"Webdo","alternateName":"Webdo.tn","url":"https:\/\/www.webdo.tn\/fr\/","logo":{"@type":"ImageObject","inLanguage":"fr-FR","@id":"https:\/\/www.webdo.tn\/fr\/#\/schema\/logo\/image\/","url":"https:\/\/www.webdo.tn\/fr\/wp-content\/uploads\/2025\/06\/Webdo-Tunisie_168377.jpg","contentUrl":"https:\/\/www.webdo.tn\/fr\/wp-content\/uploads\/2025\/06\/Webdo-Tunisie_168377.jpg","width":301,"height":301,"caption":"Webdo"},"image":{"@id":"https:\/\/www.webdo.tn\/fr\/#\/schema\/logo\/image\/"},"sameAs":["https:\/\/www.facebook.com\/webdotn","https:\/\/x.com\/webdo_tn"],"description":"Webdo est un m\u00e9dia num\u00e9rique tunisien fond\u00e9 en 2010, sp\u00e9cialis\u00e9 dans l\u2019actualit\u00e9 nationale et internationale, l\u2019\u00e9conomie, la soci\u00e9t\u00e9 et les analyses politiques. Le site s\u2019adresse \u00e0 un large public francophone et couvre l\u2019information tunisienne en temps r\u00e9el.","email":"redac@webdo.tn","legalName":"YNJ SARL","foundingDate":"2010-09-06","numberOfEmployees":{"@type":"QuantitativeValue","minValue":"11","maxValue":"50"}},{"@type":"Person","@id":"https:\/\/www.webdo.tn\/fr\/#\/schema\/person\/60d5ba619ed3f58783b0dc82b7dada80","name":"Ne\u00efla DRISS","image":{"@type":"ImageObject","inLanguage":"fr-FR","@id":"https:\/\/www.webdo.tn\/fr\/wp-content\/uploads\/2026\/04\/neila-driss_avatar-96x96.jpg","url":"https:\/\/www.webdo.tn\/fr\/wp-content\/uploads\/2026\/04\/neila-driss_avatar-96x96.jpg","contentUrl":"https:\/\/www.webdo.tn\/fr\/wp-content\/uploads\/2026\/04\/neila-driss_avatar-96x96.jpg","caption":"Ne\u00efla DRISS"},"description":"Ne\u00efla Driss est juriste, journaliste culturelle et critique de cin\u00e9ma tunisienne. Titulaire d\u2019un DEA en droit priv\u00e9 de l\u2019Universit\u00e9 Paris II et d\u2019un DESS de l\u2019IHEC Carthage, elle d\u00e9bute sa carri\u00e8re comme juriste sp\u00e9cialis\u00e9e en gestion de patrimoine immobilier. Elle s\u2019oriente ensuite vers l\u2019\u00e9criture en ligne, o\u00f9 elle se distingue d\u00e8s 2006 aux Tunisia Blog Awards, avant de se consacrer au journalisme culturel, avec une sp\u00e9cialisation dans la critique cin\u00e9matographique. Elle couvre r\u00e9guli\u00e8rement les grands festivals internationaux, notamment le Festival de Cannes, les Journ\u00e9es Cin\u00e9matographiques de Carthage et le Festival du film du Caire. Membre de l\u2019ATPCC et de la FIPRESCI, elle participe \u00e0 des jurys et initiatives internationales de critique. Depuis 2024, elle est \u00e9lectrice internationale aux Golden Globes. Facebook : https:\/\/www.facebook.com\/massir.destiniii\/ X : https:\/\/x.com\/MassirDestin","sameAs":["https:\/\/www.facebook.com\/massir.destiniii\/","https:\/\/www.instagram.com\/neila.driss\/?hl=fr","https:\/\/www.linkedin.com\/in\/neila-driss-22606a80\/","https:\/\/x.com\/https:\/\/x.com\/MassirDestin"],"knowsAbout":["Cin\u00e9ma international","critique cin\u00e9matographique","festivals de cin\u00e9ma","journalisme culturel"],"knowsLanguage":["Fran\u00e7ais","Arabe","Anglais"],"jobTitle":"Journaliste culturelle et critique de cin\u00e9ma","worksFor":"Webdo","url":"https:\/\/www.webdo.tn\/fr\/actualite\/author\/neila-driss\/"}]}},"_links":{"self":[{"href":"https:\/\/www.webdo.tn\/fr\/wp-json\/wp\/v2\/posts\/206399","targetHints":{"allow":["GET"]}}],"collection":[{"href":"https:\/\/www.webdo.tn\/fr\/wp-json\/wp\/v2\/posts"}],"about":[{"href":"https:\/\/www.webdo.tn\/fr\/wp-json\/wp\/v2\/types\/post"}],"author":[{"embeddable":true,"href":"https:\/\/www.webdo.tn\/fr\/wp-json\/wp\/v2\/users\/3164"}],"replies":[{"embeddable":true,"href":"https:\/\/www.webdo.tn\/fr\/wp-json\/wp\/v2\/comments?post=206399"}],"version-history":[{"count":0,"href":"https:\/\/www.webdo.tn\/fr\/wp-json\/wp\/v2\/posts\/206399\/revisions"}],"wp:featuredmedia":[{"embeddable":true,"href":"https:\/\/www.webdo.tn\/fr\/wp-json\/wp\/v2\/media\/278295"}],"wp:attachment":[{"href":"https:\/\/www.webdo.tn\/fr\/wp-json\/wp\/v2\/media?parent=206399"}],"wp:term":[{"taxonomy":"category","embeddable":true,"href":"https:\/\/www.webdo.tn\/fr\/wp-json\/wp\/v2\/categories?post=206399"},{"taxonomy":"post_tag","embeddable":true,"href":"https:\/\/www.webdo.tn\/fr\/wp-json\/wp\/v2\/tags?post=206399"}],"curies":[{"name":"wp","href":"https:\/\/api.w.org\/{rel}","templated":true}]}}