{"id":206398,"date":"2023-06-07T07:42:00","date_gmt":"2023-06-07T07:42:00","guid":{"rendered":"https:\/\/www.webdo.tn\/fr\/blog\/meloni-se-felicite-du-palier-superieur-de-coordination-avec-la-tunisie\/206398\/"},"modified":"2025-05-20T22:50:33","modified_gmt":"2025-05-20T22:50:33","slug":"meloni-se-felicite-du-palier-superieur-de-coordination-avec-la-tunisie","status":"publish","type":"post","link":"https:\/\/www.webdo.tn\/fr\/actualite\/national\/meloni-se-felicite-du-palier-superieur-de-coordination-avec-la-tunisie\/206398\/","title":{"rendered":"Meloni se f\u00e9licite du \u00ab\u00a0palier sup\u00e9rieur\u00a0\u00bb de coordination avec la Tunisie"},"content":{"rendered":"<p>En visite d&rsquo;amiti\u00e9 et de travail en Tunisie, sur invitation du chef de l&rsquo;Etat, Ka\u00efs Sa\u00efed, la pr\u00e9sidente du conseil italien, Giorgia Meloni a \u00e9t\u00e9 re\u00e7ue, hier mardi 6 juin, au palais du gouvernement \u00e0 la Kasbah, par la cheffe du gouvernement, Najla Bouden.<\/p>\n<p>Les deux parties ont soulign\u00e9 l&rsquo;imp\u00e9ratif qu&rsquo;il y a \u00e0 garantir une \u00ab\u00a0coordination conjointe\u00a0\u00bb en mati\u00e8re de gestion de la question migratoire et \u00e0 pr\u00e9parer au mieux des perceptions, visions et propositions \u00ab\u00a0pratiques et concr\u00e8tes\u00a0\u00bb dans le cadre d&rsquo;une \u00ab\u00a0approche globale\u00a0\u00bb, indique la pr\u00e9sidence du gouvernement.<br \/>\nL&rsquo;approche en vue aura le m\u00e9rite de permettre de d\u00e9nicher des solutions efficaces \u00e0 ce ph\u00e9nom\u00e8ne, de freiner sa mont\u00e9e en puissance, d&rsquo;en appr\u00e9hender les facettes multiples et au final d&rsquo;en d\u00e9crypter les causes et les incidences de mani\u00e8re r\u00e9fl\u00e9chie dans le respect des int\u00e9r\u00eats des diff\u00e9rentes parties concern\u00e9es, selon la m\u00eame source.<\/p>\n<p>Lors de la rencontre, la cheffe du gouvernement a formul\u00e9 le souhait de voir cette visite donner un nouvel \u00e9lan, un nouveau souffle aux relations de coop\u00e9ration bilat\u00e9rale et dans le cadre de l&rsquo;Union europ\u00e9enne dans les domaines \u00e9conomique et d&rsquo;investissement.<br \/>\nV\u0153u aussi de voir cette visite aboutir \u00e0 une strat\u00e9gie commune permettant de confronter les d\u00e9fis entre les deux rives de la M\u00e9diterran\u00e9e, notamment dans le domaine de la lutte contre les r\u00e9percussions n\u00e9gatives du ph\u00e9nom\u00e8ne migratoire.<\/p>\n<p>Najla Bouden a saisi l&rsquo;opportunit\u00e9 pour mettre l&rsquo;accent sur l&rsquo;importance du soutien apport\u00e9 par l&rsquo;Italie \u00e0 la Tunisie dans un bon nombre de domaines, tels que l&rsquo;investissement, la coop\u00e9ration \u00e9conomique, notamment dans les secteurs de l&rsquo;\u00e9nergie, des \u00e9nergies renouvelables, des programmes de transition \u00e9nerg\u00e9tique et de l&rsquo;interconnexion \u00e9lectrique entre les deux pays et son r\u00f4le dans la cr\u00e9ation d&rsquo;une dynamique de coop\u00e9ration y compris avec le partenaire europ\u00e9en en g\u00e9n\u00e9ral. Elle a fait part de l&rsquo;aspiration de la Tunisie \u00e0 renforcer davantage ces relations pour couvrir de nouveaux domaines de coop\u00e9ration avec l&rsquo;Italie.<\/p>\n<p>Ella a, par ailleurs, mis l&rsquo;accent sur l&rsquo;importance que les entreprises italiennes implant\u00e9es en Tunisie s&rsquo;orientent davantage vers des activit\u00e9s et investissements ciblant des secteurs porteurs \u00e0 forte employabilit\u00e9 et \u00e0 haute valeur ajout\u00e9e. Elle a cit\u00e9 en exemple les secteurs des hydrocarbures, du gaz et des \u00e9nergies propres, en plus de la poursuite de l&rsquo;Italie de sa coop\u00e9ration dans le cadre du programme des \u00ab\u00a0cha\u00eenes de valeur\u00a0\u00bb.<\/p>\n<p>De son c\u00f4t\u00e9, Meloni s&rsquo;est f\u00e9licit\u00e9e de l&rsquo;initiative lanc\u00e9e par le pr\u00e9sident Ka\u00efs Sa\u00efed en vue de tenir une conf\u00e9rence de haut niveau impliquant tous pays concern\u00e9s par la question migratoire. L&rsquo;objectif ultime \u00e9tant de s&rsquo;attaquer aux origines et aux causes de ce fl\u00e9au.<\/p>\n<p>Meloni a fait, \u00e9galement, part de sa satisfaction du \u00ab\u00a0palier sup\u00e9rieur\u00a0\u00bb de coordination et de coop\u00e9ration avec la Tunisie sur les d\u00e9fis et les enjeux pos\u00e9s, r\u00e9affirmant la volont\u00e9 de son pays de se tenir aux c\u00f4t\u00e9s de la Tunisie, d&rsquo;appuyer ses capacit\u00e9s et programmes de r\u00e9formes, et de promouvoir les cadres de cette coop\u00e9ration \u00e0 travers la recherche de nouvelles lignes de financement pour la Tunisie, que ce soit avec l&rsquo;Italie, l&rsquo;Union europ\u00e9enne ou le G-7.<\/p>\n","protected":false},"excerpt":{"rendered":"<p>En visite d&rsquo;amiti\u00e9 et de travail en Tunisie, sur invitation du chef de l&rsquo;Etat, Ka\u00efs Sa\u00efed, la pr\u00e9sidente du conseil italien, Giorgia Meloni a \u00e9t\u00e9 re\u00e7ue, hier ma&#8230;<\/p>\n","protected":false},"author":3175,"featured_media":278297,"comment_status":"open","ping_status":"closed","sticky":false,"template":"","format":"standard","meta":{"footnotes":""},"categories":[44],"tags":[8792,2660,6672,2608],"class_list":["post-206398","post","type-post","status-publish","format-standard","has-post-thumbnail","hentry","category-national","tag-bouden","tag-italie","tag-meloni","tag-tunisie"],"yoast_head":"<!-- This site is optimized with the Yoast SEO Premium plugin v27.5 (Yoast SEO v27.5) - https:\/\/yoast.com\/product\/yoast-seo-premium-wordpress\/ -->\n<title>Meloni se f\u00e9licite du palier sup\u00e9rieur de coordination avec la Tunisie<\/title>\n<meta name=\"description\" content=\"En visite d&#039;amiti\u00e9 et de travail en Tunisie, sur invitation du chef de l&#039;Etat, Ka\u00efs Sa\u00efed, la pr\u00e9sidente du conseil italien, Giorgia Meloni a \u00e9t\u00e9 re\u00e7ue, hier ma...\" \/>\n<link rel=\"canonical\" href=\"https:\/\/www.webdo.tn\/fr\/actualite\/national\/meloni-se-felicite-du-palier-superieur-de-coordination-avec-la-tunisie\/206398\/\" \/>\n<meta property=\"og:locale\" content=\"fr_FR\" \/>\n<meta property=\"og:type\" content=\"article\" \/>\n<meta property=\"og:title\" content=\"Meloni se f\u00e9licite du &quot;palier sup\u00e9rieur&quot; de coordination avec la Tunisie\" \/>\n<meta property=\"og:description\" content=\"En visite d&#039;amiti\u00e9 et de travail en Tunisie, sur invitation du chef de l&#039;Etat, Ka\u00efs Sa\u00efed, la pr\u00e9sidente du conseil italien, Giorgia Meloni a \u00e9t\u00e9 re\u00e7ue, hier ma...\" \/>\n<meta property=\"og:url\" content=\"https:\/\/www.webdo.tn\/fr\/actualite\/national\/meloni-se-felicite-du-palier-superieur-de-coordination-avec-la-tunisie\/206398\/\" \/>\n<meta property=\"og:site_name\" content=\"webdo\" \/>\n<meta property=\"article:publisher\" content=\"https:\/\/www.facebook.com\/webdotn\" \/>\n<meta property=\"article:published_time\" content=\"2023-06-07T07:42:00+00:00\" \/>\n<meta property=\"article:modified_time\" content=\"2025-05-20T22:50:33+00:00\" \/>\n<meta property=\"og:image\" content=\"https:\/\/www.webdo.tn\/fr\/wp-content\/uploads\/2023\/06\/59b851dcb7afa65aed835b3d74a0d210.jpg\" \/>\n\t<meta property=\"og:image:width\" content=\"750\" \/>\n\t<meta property=\"og:image:height\" content=\"400\" \/>\n\t<meta property=\"og:image:type\" content=\"image\/jpeg\" \/>\n<meta name=\"author\" content=\"CL\" \/>\n<meta name=\"twitter:card\" content=\"summary_large_image\" \/>\n<meta name=\"twitter:creator\" content=\"@webdo_tn\" \/>\n<meta name=\"twitter:site\" content=\"@webdo_tn\" \/>\n<meta name=\"twitter:label1\" content=\"\u00c9crit par\" \/>\n\t<meta name=\"twitter:data1\" content=\"CL\" \/>\n\t<meta name=\"twitter:label2\" content=\"Dur\u00e9e de lecture estim\u00e9e\" \/>\n\t<meta name=\"twitter:data2\" content=\"3 minutes\" \/>\n<script type=\"application\/ld+json\" class=\"yoast-schema-graph\">{\"@context\":\"https:\\\/\\\/schema.org\",\"@graph\":[{\"@type\":\"NewsArticle\",\"@id\":\"https:\\\/\\\/www.webdo.tn\\\/fr\\\/actualite\\\/national\\\/meloni-se-felicite-du-palier-superieur-de-coordination-avec-la-tunisie\\\/206398\\\/#article\",\"isPartOf\":{\"@id\":\"https:\\\/\\\/www.webdo.tn\\\/fr\\\/actualite\\\/national\\\/meloni-se-felicite-du-palier-superieur-de-coordination-avec-la-tunisie\\\/206398\\\/\"},\"author\":{\"name\":\"CL\",\"@id\":\"https:\\\/\\\/www.webdo.tn\\\/fr\\\/#\\\/schema\\\/person\\\/f35b42a42c5e2511bbd282959d6385cc\"},\"headline\":\"Meloni se f\u00e9licite du \u00ab\u00a0palier sup\u00e9rieur\u00a0\u00bb de coordination avec la Tunisie\",\"datePublished\":\"2023-06-07T07:42:00+00:00\",\"dateModified\":\"2025-05-20T22:50:33+00:00\",\"mainEntityOfPage\":{\"@id\":\"https:\\\/\\\/www.webdo.tn\\\/fr\\\/actualite\\\/national\\\/meloni-se-felicite-du-palier-superieur-de-coordination-avec-la-tunisie\\\/206398\\\/\"},\"wordCount\":607,\"commentCount\":0,\"publisher\":{\"@id\":\"https:\\\/\\\/www.webdo.tn\\\/fr\\\/#organization\"},\"image\":{\"@id\":\"https:\\\/\\\/www.webdo.tn\\\/fr\\\/actualite\\\/national\\\/meloni-se-felicite-du-palier-superieur-de-coordination-avec-la-tunisie\\\/206398\\\/#primaryimage\"},\"thumbnailUrl\":\"https:\\\/\\\/www.webdo.tn\\\/fr\\\/wp-content\\\/uploads\\\/2023\\\/06\\\/59b851dcb7afa65aed835b3d74a0d210.jpg\",\"keywords\":[\"Bouden\",\"Italie\",\"Meloni\",\"Tunisie\"],\"articleSection\":[\"National\"],\"inLanguage\":\"fr-FR\"},{\"@type\":\"WebPage\",\"@id\":\"https:\\\/\\\/www.webdo.tn\\\/fr\\\/actualite\\\/national\\\/meloni-se-felicite-du-palier-superieur-de-coordination-avec-la-tunisie\\\/206398\\\/\",\"url\":\"https:\\\/\\\/www.webdo.tn\\\/fr\\\/actualite\\\/national\\\/meloni-se-felicite-du-palier-superieur-de-coordination-avec-la-tunisie\\\/206398\\\/\",\"name\":\"Meloni se f\u00e9licite du palier sup\u00e9rieur de coordination avec la Tunisie\",\"isPartOf\":{\"@id\":\"https:\\\/\\\/www.webdo.tn\\\/fr\\\/#website\"},\"primaryImageOfPage\":{\"@id\":\"https:\\\/\\\/www.webdo.tn\\\/fr\\\/actualite\\\/national\\\/meloni-se-felicite-du-palier-superieur-de-coordination-avec-la-tunisie\\\/206398\\\/#primaryimage\"},\"image\":{\"@id\":\"https:\\\/\\\/www.webdo.tn\\\/fr\\\/actualite\\\/national\\\/meloni-se-felicite-du-palier-superieur-de-coordination-avec-la-tunisie\\\/206398\\\/#primaryimage\"},\"thumbnailUrl\":\"https:\\\/\\\/www.webdo.tn\\\/fr\\\/wp-content\\\/uploads\\\/2023\\\/06\\\/59b851dcb7afa65aed835b3d74a0d210.jpg\",\"datePublished\":\"2023-06-07T07:42:00+00:00\",\"dateModified\":\"2025-05-20T22:50:33+00:00\",\"description\":\"En visite d'amiti\u00e9 et de travail en Tunisie, sur invitation du chef de l'Etat, Ka\u00efs Sa\u00efed, la pr\u00e9sidente du conseil italien, Giorgia Meloni a \u00e9t\u00e9 re\u00e7ue, hier ma...\",\"breadcrumb\":{\"@id\":\"https:\\\/\\\/www.webdo.tn\\\/fr\\\/actualite\\\/national\\\/meloni-se-felicite-du-palier-superieur-de-coordination-avec-la-tunisie\\\/206398\\\/#breadcrumb\"},\"inLanguage\":\"fr-FR\",\"potentialAction\":[{\"@type\":\"ReadAction\",\"target\":[\"https:\\\/\\\/www.webdo.tn\\\/fr\\\/actualite\\\/national\\\/meloni-se-felicite-du-palier-superieur-de-coordination-avec-la-tunisie\\\/206398\\\/\"]}]},{\"@type\":\"ImageObject\",\"inLanguage\":\"fr-FR\",\"@id\":\"https:\\\/\\\/www.webdo.tn\\\/fr\\\/actualite\\\/national\\\/meloni-se-felicite-du-palier-superieur-de-coordination-avec-la-tunisie\\\/206398\\\/#primaryimage\",\"url\":\"https:\\\/\\\/www.webdo.tn\\\/fr\\\/wp-content\\\/uploads\\\/2023\\\/06\\\/59b851dcb7afa65aed835b3d74a0d210.jpg\",\"contentUrl\":\"https:\\\/\\\/www.webdo.tn\\\/fr\\\/wp-content\\\/uploads\\\/2023\\\/06\\\/59b851dcb7afa65aed835b3d74a0d210.jpg\",\"width\":750,\"height\":400,\"caption\":\"Meloni se f\u00e9licite du \\\"palier sup\u00e9rieur\\\" de coordination avec la Tunisie\"},{\"@type\":\"BreadcrumbList\",\"@id\":\"https:\\\/\\\/www.webdo.tn\\\/fr\\\/actualite\\\/national\\\/meloni-se-felicite-du-palier-superieur-de-coordination-avec-la-tunisie\\\/206398\\\/#breadcrumb\",\"itemListElement\":[{\"@type\":\"ListItem\",\"position\":1,\"name\":\"Accueil\",\"item\":\"https:\\\/\\\/www.webdo.tn\\\/fr\\\/\"},{\"@type\":\"ListItem\",\"position\":2,\"name\":\"Meloni se f\u00e9licite du \u00ab\u00a0palier sup\u00e9rieur\u00a0\u00bb de coordination avec la Tunisie\"}]},{\"@type\":\"WebSite\",\"@id\":\"https:\\\/\\\/www.webdo.tn\\\/fr\\\/#website\",\"url\":\"https:\\\/\\\/www.webdo.tn\\\/fr\\\/\",\"name\":\"webdo\",\"description\":\"Tunisie - News en Tunisie et \u00e0 l&#039;international sur Webdo.tn\",\"publisher\":{\"@id\":\"https:\\\/\\\/www.webdo.tn\\\/fr\\\/#organization\"},\"potentialAction\":[{\"@type\":\"SearchAction\",\"target\":{\"@type\":\"EntryPoint\",\"urlTemplate\":\"https:\\\/\\\/www.webdo.tn\\\/fr\\\/?s={search_term_string}\"},\"query-input\":{\"@type\":\"PropertyValueSpecification\",\"valueRequired\":true,\"valueName\":\"search_term_string\"}}],\"inLanguage\":\"fr-FR\"},{\"@type\":\"Organization\",\"@id\":\"https:\\\/\\\/www.webdo.tn\\\/fr\\\/#organization\",\"name\":\"Webdo\",\"alternateName\":\"Webdo.tn\",\"url\":\"https:\\\/\\\/www.webdo.tn\\\/fr\\\/\",\"logo\":{\"@type\":\"ImageObject\",\"inLanguage\":\"fr-FR\",\"@id\":\"https:\\\/\\\/www.webdo.tn\\\/fr\\\/#\\\/schema\\\/logo\\\/image\\\/\",\"url\":\"https:\\\/\\\/www.webdo.tn\\\/fr\\\/wp-content\\\/uploads\\\/2025\\\/06\\\/Webdo-Tunisie_168377.jpg\",\"contentUrl\":\"https:\\\/\\\/www.webdo.tn\\\/fr\\\/wp-content\\\/uploads\\\/2025\\\/06\\\/Webdo-Tunisie_168377.jpg\",\"width\":301,\"height\":301,\"caption\":\"Webdo\"},\"image\":{\"@id\":\"https:\\\/\\\/www.webdo.tn\\\/fr\\\/#\\\/schema\\\/logo\\\/image\\\/\"},\"sameAs\":[\"https:\\\/\\\/www.facebook.com\\\/webdotn\",\"https:\\\/\\\/x.com\\\/webdo_tn\"],\"description\":\"Webdo est un m\u00e9dia num\u00e9rique tunisien fond\u00e9 en 2010, sp\u00e9cialis\u00e9 dans l\u2019actualit\u00e9 nationale et internationale, l\u2019\u00e9conomie, la soci\u00e9t\u00e9 et les analyses politiques. Le site s\u2019adresse \u00e0 un large public francophone et couvre l\u2019information tunisienne en temps r\u00e9el.\",\"email\":\"redac@webdo.tn\",\"legalName\":\"YNJ SARL\",\"foundingDate\":\"2010-09-06\",\"numberOfEmployees\":{\"@type\":\"QuantitativeValue\",\"minValue\":\"11\",\"maxValue\":\"50\"}},{\"@type\":\"Person\",\"@id\":\"https:\\\/\\\/www.webdo.tn\\\/fr\\\/#\\\/schema\\\/person\\\/f35b42a42c5e2511bbd282959d6385cc\",\"name\":\"CL\",\"image\":{\"@type\":\"ImageObject\",\"inLanguage\":\"fr-FR\",\"@id\":\"https:\\\/\\\/secure.gravatar.com\\\/avatar\\\/1447a49909b67aa657c488aec6512e1dd6143a480c1ecfee9b5b5cd74eb3b59e?s=96&d=mm&r=g\",\"url\":\"https:\\\/\\\/secure.gravatar.com\\\/avatar\\\/1447a49909b67aa657c488aec6512e1dd6143a480c1ecfee9b5b5cd74eb3b59e?s=96&d=mm&r=g\",\"contentUrl\":\"https:\\\/\\\/secure.gravatar.com\\\/avatar\\\/1447a49909b67aa657c488aec6512e1dd6143a480c1ecfee9b5b5cd74eb3b59e?s=96&d=mm&r=g\",\"caption\":\"CL\"},\"url\":\"https:\\\/\\\/www.webdo.tn\\\/fr\\\/actualite\\\/author\\\/cl\\\/\"}]}<\/script>\n<!-- \/ Yoast SEO Premium plugin. -->","yoast_head_json":{"title":"Meloni se f\u00e9licite du palier sup\u00e9rieur de coordination avec la Tunisie","description":"En visite d'amiti\u00e9 et de travail en Tunisie, sur invitation du chef de l'Etat, Ka\u00efs Sa\u00efed, la pr\u00e9sidente du conseil italien, Giorgia Meloni a \u00e9t\u00e9 re\u00e7ue, hier ma...","canonical":"https:\/\/www.webdo.tn\/fr\/actualite\/national\/meloni-se-felicite-du-palier-superieur-de-coordination-avec-la-tunisie\/206398\/","og_locale":"fr_FR","og_type":"article","og_title":"Meloni se f\u00e9licite du \"palier sup\u00e9rieur\" de coordination avec la Tunisie","og_description":"En visite d'amiti\u00e9 et de travail en Tunisie, sur invitation du chef de l'Etat, Ka\u00efs Sa\u00efed, la pr\u00e9sidente du conseil italien, Giorgia Meloni a \u00e9t\u00e9 re\u00e7ue, hier ma...","og_url":"https:\/\/www.webdo.tn\/fr\/actualite\/national\/meloni-se-felicite-du-palier-superieur-de-coordination-avec-la-tunisie\/206398\/","og_site_name":"webdo","article_publisher":"https:\/\/www.facebook.com\/webdotn","article_published_time":"2023-06-07T07:42:00+00:00","article_modified_time":"2025-05-20T22:50:33+00:00","og_image":[{"width":750,"height":400,"url":"https:\/\/www.webdo.tn\/fr\/wp-content\/uploads\/2023\/06\/59b851dcb7afa65aed835b3d74a0d210.jpg","type":"image\/jpeg"}],"author":"CL","twitter_card":"summary_large_image","twitter_creator":"@webdo_tn","twitter_site":"@webdo_tn","twitter_misc":{"\u00c9crit par":"CL","Dur\u00e9e de lecture estim\u00e9e":"3 minutes"},"schema":{"@context":"https:\/\/schema.org","@graph":[{"@type":"NewsArticle","@id":"https:\/\/www.webdo.tn\/fr\/actualite\/national\/meloni-se-felicite-du-palier-superieur-de-coordination-avec-la-tunisie\/206398\/#article","isPartOf":{"@id":"https:\/\/www.webdo.tn\/fr\/actualite\/national\/meloni-se-felicite-du-palier-superieur-de-coordination-avec-la-tunisie\/206398\/"},"author":{"name":"CL","@id":"https:\/\/www.webdo.tn\/fr\/#\/schema\/person\/f35b42a42c5e2511bbd282959d6385cc"},"headline":"Meloni se f\u00e9licite du \u00ab\u00a0palier sup\u00e9rieur\u00a0\u00bb de coordination avec la Tunisie","datePublished":"2023-06-07T07:42:00+00:00","dateModified":"2025-05-20T22:50:33+00:00","mainEntityOfPage":{"@id":"https:\/\/www.webdo.tn\/fr\/actualite\/national\/meloni-se-felicite-du-palier-superieur-de-coordination-avec-la-tunisie\/206398\/"},"wordCount":607,"commentCount":0,"publisher":{"@id":"https:\/\/www.webdo.tn\/fr\/#organization"},"image":{"@id":"https:\/\/www.webdo.tn\/fr\/actualite\/national\/meloni-se-felicite-du-palier-superieur-de-coordination-avec-la-tunisie\/206398\/#primaryimage"},"thumbnailUrl":"https:\/\/www.webdo.tn\/fr\/wp-content\/uploads\/2023\/06\/59b851dcb7afa65aed835b3d74a0d210.jpg","keywords":["Bouden","Italie","Meloni","Tunisie"],"articleSection":["National"],"inLanguage":"fr-FR"},{"@type":"WebPage","@id":"https:\/\/www.webdo.tn\/fr\/actualite\/national\/meloni-se-felicite-du-palier-superieur-de-coordination-avec-la-tunisie\/206398\/","url":"https:\/\/www.webdo.tn\/fr\/actualite\/national\/meloni-se-felicite-du-palier-superieur-de-coordination-avec-la-tunisie\/206398\/","name":"Meloni se f\u00e9licite du palier sup\u00e9rieur de coordination avec la Tunisie","isPartOf":{"@id":"https:\/\/www.webdo.tn\/fr\/#website"},"primaryImageOfPage":{"@id":"https:\/\/www.webdo.tn\/fr\/actualite\/national\/meloni-se-felicite-du-palier-superieur-de-coordination-avec-la-tunisie\/206398\/#primaryimage"},"image":{"@id":"https:\/\/www.webdo.tn\/fr\/actualite\/national\/meloni-se-felicite-du-palier-superieur-de-coordination-avec-la-tunisie\/206398\/#primaryimage"},"thumbnailUrl":"https:\/\/www.webdo.tn\/fr\/wp-content\/uploads\/2023\/06\/59b851dcb7afa65aed835b3d74a0d210.jpg","datePublished":"2023-06-07T07:42:00+00:00","dateModified":"2025-05-20T22:50:33+00:00","description":"En visite d'amiti\u00e9 et de travail en Tunisie, sur invitation du chef de l'Etat, Ka\u00efs Sa\u00efed, la pr\u00e9sidente du conseil italien, Giorgia Meloni a \u00e9t\u00e9 re\u00e7ue, hier ma...","breadcrumb":{"@id":"https:\/\/www.webdo.tn\/fr\/actualite\/national\/meloni-se-felicite-du-palier-superieur-de-coordination-avec-la-tunisie\/206398\/#breadcrumb"},"inLanguage":"fr-FR","potentialAction":[{"@type":"ReadAction","target":["https:\/\/www.webdo.tn\/fr\/actualite\/national\/meloni-se-felicite-du-palier-superieur-de-coordination-avec-la-tunisie\/206398\/"]}]},{"@type":"ImageObject","inLanguage":"fr-FR","@id":"https:\/\/www.webdo.tn\/fr\/actualite\/national\/meloni-se-felicite-du-palier-superieur-de-coordination-avec-la-tunisie\/206398\/#primaryimage","url":"https:\/\/www.webdo.tn\/fr\/wp-content\/uploads\/2023\/06\/59b851dcb7afa65aed835b3d74a0d210.jpg","contentUrl":"https:\/\/www.webdo.tn\/fr\/wp-content\/uploads\/2023\/06\/59b851dcb7afa65aed835b3d74a0d210.jpg","width":750,"height":400,"caption":"Meloni se f\u00e9licite du \"palier sup\u00e9rieur\" de coordination avec la Tunisie"},{"@type":"BreadcrumbList","@id":"https:\/\/www.webdo.tn\/fr\/actualite\/national\/meloni-se-felicite-du-palier-superieur-de-coordination-avec-la-tunisie\/206398\/#breadcrumb","itemListElement":[{"@type":"ListItem","position":1,"name":"Accueil","item":"https:\/\/www.webdo.tn\/fr\/"},{"@type":"ListItem","position":2,"name":"Meloni se f\u00e9licite du \u00ab\u00a0palier sup\u00e9rieur\u00a0\u00bb de coordination avec la Tunisie"}]},{"@type":"WebSite","@id":"https:\/\/www.webdo.tn\/fr\/#website","url":"https:\/\/www.webdo.tn\/fr\/","name":"webdo","description":"Tunisie - News en Tunisie et \u00e0 l&#039;international sur Webdo.tn","publisher":{"@id":"https:\/\/www.webdo.tn\/fr\/#organization"},"potentialAction":[{"@type":"SearchAction","target":{"@type":"EntryPoint","urlTemplate":"https:\/\/www.webdo.tn\/fr\/?s={search_term_string}"},"query-input":{"@type":"PropertyValueSpecification","valueRequired":true,"valueName":"search_term_string"}}],"inLanguage":"fr-FR"},{"@type":"Organization","@id":"https:\/\/www.webdo.tn\/fr\/#organization","name":"Webdo","alternateName":"Webdo.tn","url":"https:\/\/www.webdo.tn\/fr\/","logo":{"@type":"ImageObject","inLanguage":"fr-FR","@id":"https:\/\/www.webdo.tn\/fr\/#\/schema\/logo\/image\/","url":"https:\/\/www.webdo.tn\/fr\/wp-content\/uploads\/2025\/06\/Webdo-Tunisie_168377.jpg","contentUrl":"https:\/\/www.webdo.tn\/fr\/wp-content\/uploads\/2025\/06\/Webdo-Tunisie_168377.jpg","width":301,"height":301,"caption":"Webdo"},"image":{"@id":"https:\/\/www.webdo.tn\/fr\/#\/schema\/logo\/image\/"},"sameAs":["https:\/\/www.facebook.com\/webdotn","https:\/\/x.com\/webdo_tn"],"description":"Webdo est un m\u00e9dia num\u00e9rique tunisien fond\u00e9 en 2010, sp\u00e9cialis\u00e9 dans l\u2019actualit\u00e9 nationale et internationale, l\u2019\u00e9conomie, la soci\u00e9t\u00e9 et les analyses politiques. Le site s\u2019adresse \u00e0 un large public francophone et couvre l\u2019information tunisienne en temps r\u00e9el.","email":"redac@webdo.tn","legalName":"YNJ SARL","foundingDate":"2010-09-06","numberOfEmployees":{"@type":"QuantitativeValue","minValue":"11","maxValue":"50"}},{"@type":"Person","@id":"https:\/\/www.webdo.tn\/fr\/#\/schema\/person\/f35b42a42c5e2511bbd282959d6385cc","name":"CL","image":{"@type":"ImageObject","inLanguage":"fr-FR","@id":"https:\/\/secure.gravatar.com\/avatar\/1447a49909b67aa657c488aec6512e1dd6143a480c1ecfee9b5b5cd74eb3b59e?s=96&d=mm&r=g","url":"https:\/\/secure.gravatar.com\/avatar\/1447a49909b67aa657c488aec6512e1dd6143a480c1ecfee9b5b5cd74eb3b59e?s=96&d=mm&r=g","contentUrl":"https:\/\/secure.gravatar.com\/avatar\/1447a49909b67aa657c488aec6512e1dd6143a480c1ecfee9b5b5cd74eb3b59e?s=96&d=mm&r=g","caption":"CL"},"url":"https:\/\/www.webdo.tn\/fr\/actualite\/author\/cl\/"}]}},"_links":{"self":[{"href":"https:\/\/www.webdo.tn\/fr\/wp-json\/wp\/v2\/posts\/206398","targetHints":{"allow":["GET"]}}],"collection":[{"href":"https:\/\/www.webdo.tn\/fr\/wp-json\/wp\/v2\/posts"}],"about":[{"href":"https:\/\/www.webdo.tn\/fr\/wp-json\/wp\/v2\/types\/post"}],"author":[{"embeddable":true,"href":"https:\/\/www.webdo.tn\/fr\/wp-json\/wp\/v2\/users\/3175"}],"replies":[{"embeddable":true,"href":"https:\/\/www.webdo.tn\/fr\/wp-json\/wp\/v2\/comments?post=206398"}],"version-history":[{"count":0,"href":"https:\/\/www.webdo.tn\/fr\/wp-json\/wp\/v2\/posts\/206398\/revisions"}],"wp:featuredmedia":[{"embeddable":true,"href":"https:\/\/www.webdo.tn\/fr\/wp-json\/wp\/v2\/media\/278297"}],"wp:attachment":[{"href":"https:\/\/www.webdo.tn\/fr\/wp-json\/wp\/v2\/media?parent=206398"}],"wp:term":[{"taxonomy":"category","embeddable":true,"href":"https:\/\/www.webdo.tn\/fr\/wp-json\/wp\/v2\/categories?post=206398"},{"taxonomy":"post_tag","embeddable":true,"href":"https:\/\/www.webdo.tn\/fr\/wp-json\/wp\/v2\/tags?post=206398"}],"curies":[{"name":"wp","href":"https:\/\/api.w.org\/{rel}","templated":true}]}}